{"id":44491,"date":"2012-12-09T05:26:05","date_gmt":"2012-12-09T04:26:05","guid":{"rendered":"http:\/\/www.bellunopress.it\/?p=44491"},"modified":"2012-12-05T13:29:35","modified_gmt":"2012-12-05T12:29:35","slug":"dal-10-al-21-dicembre-la-mostra-trame-al-telaio-allistituto-tecnico-segato","status":"publish","type":"post","link":"https:\/\/www.bellunopress.it\/fr\/2012\/12\/09\/dal-10-al-21-dicembre-la-mostra-trame-al-telaio-allistituto-tecnico-segato\/","title":{"rendered":"Dal 10 al 21 dicembre la mostra \u201cTrame al telaio\u201d all&#8217;Istituto tecnico \u201cSegato\u201d"},"content":{"rendered":"<p>\u201cTrame al telaio La tessitura bellunese in mostra\u201d: si intitola cos\u00ec un&#8217;esposizione legata alle datate arti della filatura e della tessitura della canapa che, in un passato non troppo lontano, hanno coinvolto il mondo contadino bellunese, capace di realizzare in casa i tessuti che utilizzava per vestire, per la casa e per i lavori nei campi. Ad organizzarla \u00e8 l&#8217;Associazione Antenna Anziani-Onlus, che svolge attivit\u00e0 di volontariato in favore della terza et\u00e0 e ha dato corpo al progetto \u201cFormare il futuro guardando al passato\u201d al fine di recuperare e far conoscere il patrimonio culturale di ieri per offrirlo ai giovani, favorendo in tal modo proficui contatti intergenerazionali.<\/p>\n<p><a href=\"http:\/\/www.bellunopress.it\/wp-content\/uploads\/2010\/05\/istituto-tecnico-industriale.jpg\"><img loading=\"lazy\" decoding=\"async\" class=\"alignleft size-full wp-image-15754\" title=\"istituto-tecnico-industriale\" src=\"http:\/\/www.bellunopress.it\/wp-content\/uploads\/2010\/05\/istituto-tecnico-industriale.jpg\" alt=\"\" width=\"280\" height=\"280\" srcset=\"https:\/\/www.bellunopress.it\/wp-content\/uploads\/2010\/05\/istituto-tecnico-industriale.jpg 280w, https:\/\/www.bellunopress.it\/wp-content\/uploads\/2010\/05\/istituto-tecnico-industriale-150x150.jpg 150w\" sizes=\"auto, (max-width: 280px) 100vw, 280px\" \/><\/a>La mostra \u2013 figlia del volume \u201cVarot una stoffa fatta di stoffe\u201d curato da Donatella Bartolini e Giovanni Larese e pubblicato quest&#8217;anno da Antenna Anziani \u2013 si avvale del patrocinio del comune capoluogo e sar\u00e0 ospitata dal 10 al 21 dicembre negli spazi espositivi dell&#8217;ITIS \u201cSegato\u201d (ingresso in via Psaro 18) con apertura dal luned\u00ec al sabato nei seguenti orari: mattina 10.00-12.30; pomeriggio 15.30-18.00.<\/p>\n<p>L&#8217;allestimento si deve all&#8217;architetto Marta Mosena Zampieri. Il percorso espositivo si divide in sei settori, presentando nel primo il complesso iter che va dalla coltivazione alla lavorazione della canapa, soffermandosi in particolare sugli strumenti di lavoro utilizzati, illustrati anche dagli efficaci disegni di Giovanni D&#8217;Alberto. La sezione successiva si occupa invece della canapa nella casa contadina, mostrando diversi manufatti otto e novecenteschi rintracciati presso alcune famiglie e raccolte museali della provincia. Largo spazio \u00e8 altres\u00ec dedicato alla Tessoria, fondata all&#8217;inizio degli Anni Trenta da Pierina Boranga al fine di rilanciare l&#8217;attivit\u00e0 tradizionale della tessitura e applicarla a diversi prodotti come culle, album fotografici, oggetti d&#8217;arredamento, ecc. Viene altres\u00ec valorizzata l&#8217;opera di Virginio Andrea Doglioni (1896-1979), un intellettuale bellunese molto legato alle tradizioni locali che riesum\u00f2 l&#8217;avito sistema di adornare le stoffe con stampi xilografici indelebili, utilizzando il procedimento detto a ruggine. Per la prima volta vengono esposti alcune di queste matrici lignee, donate dalla famiglia Doglioni al Seminario di Belluno, e delle tovaglie decorate dall&#8217;artista.<\/p>\n<p>Grazie alla collaborazione con la biblioteca civica di Belluno, non manca uno spazio dedicato ai libri e agli studi che dall&#8217;Ottocento ad oggi si sono succeduti sull&#8217;argomento. La sezione conclusiva della rassegna \u00e8 dedicata invece alla tessitura a mano di oggi e presenta i lavori di alcuni maestri che ancora usano telai vecchi e nuovi, reinterpretando la tessitura tradizionale dei varot. \u00c8 il caso dell&#8217;Union dei i Ladin de Agort che svolge dal 2009 un&#8217;efficace attivit\u00e0 di formazione, della maestra d&#8217;arte ampezzana Lidia Recafina e di Luigina De Min di Visome, ma anche di Claudia Alpago Novello che ha realizzato vere e proprie opere d&#8217;arte utilizzando la plastica e altro materiale di riciclo. Sono altres\u00ec esposti tappeti provenienti dalla Calabria e una scelta di pezzotti della Valtellina.<\/p>\n<p>L&#8217;inaugurazione di questa importante iniziativa culturale \u00e8 prevista per le 16.30 di luned\u00ec 10 dicembre nell&#8217;aula magna dell&#8217;ITIS \u201cSegato\u201d con interventi dell&#8217;assessore municipale alla cultura Claudia Alpago Novello e di Lois Bernard, collaboratore del Museo Etnografico provinciale di Seravella, che illustrer\u00e0 l&#8217;arte della lavorazione della canapa. Il Comitato per Pullir offrir\u00e0 invece una dimostrazione di filatura tradizionale.<\/p>\n<p>Alla mostra sono collegati alcuni appuntamenti culturali di notevole spessore. Mercoled\u00ec 12 e venerd\u00ec 14 dicembre dalle 10 alle 12.30 si svolgeranno, presso la sede espositiva, i saggi di tessitura di Lidia Recafina e dell&#8217;Union dei i Ladin de Agort. Sabato 15 dicembre (ore 16.30 sala Muccin Centro Giovanni XXIII di Belluno) il Gruppo musicale Cantalaora presenter\u00e0 \u201cSor&#8217;egua, sorella acqua\u201d, uno spettacolo sui miti e le leggende legate alle acque con riferimenti all&#8217;attualit\u00e0. Gioved\u00ec 20 dicembre l&#8217;arch. Andrea Bona parler\u00e0 dell&#8217;architettura del Novecento a Belluno, tra la sede della GIL, il Palazzo delle Poste e le scuole Gabelli. La conferenza avr\u00e0 luogo nell&#8217;aula magna dell&#8217;ITIS \u201cSegato\u201d con inizio alle 17.30.<\/p>\n<p>Nei pomeriggi di marted\u00ec 11 e 18 dicembre, infine, sono previste visite guidate alla mostra.<\/p>","protected":false},"excerpt":{"rendered":"<p>\u201cTrame al telaio La tessitura bellunese in mostra\u201d: si intitola cos\u00ec un&#8217;esposizione legata alle datate arti della filatura e della tessitura della canapa che, in un passato non troppo lontano, hanno coinvolto il mondo contadino bellunese, capace di realizzare in casa i tessuti che utilizzava per vestire, per la casa e per i lavori nei [&hellip;]<\/p>\n","protected":false},"author":2,"featured_media":0,"comment_status":"closed","ping_status":"open","sticky":false,"template":"","format":"standard","meta":{"footnotes":""},"categories":[27,3,25],"tags":[],"class_list":["post-44491","post","type-post","status-publish","format-standard","category-appuntamenti","category-arte-cultura-spettacoli-scienza-archivi","category-pausa-caffe"],"yoast_head":"<!-- This site is optimized with the Yoast SEO plugin v28.4 - https:\/\/yoast.com\/product\/yoast-seo-wordpress\/ -->\n<title>Dal 10 al 21 dicembre la mostra \u201cTrame al telaio\u201d all&#039;Istituto tecnico \u201cSegato\u201d - Bellunopress - Dolomiti<\/title>\n<meta name=\"robots\" content=\"index, follow, max-snippet:-1, max-image-preview:large, max-video-preview:-1\" \/>\n<link rel=\"canonical\" href=\"https:\/\/www.bellunopress.it\/fr\/2012\/12\/09\/dal-10-al-21-dicembre-la-mostra-trame-al-telaio-allistituto-tecnico-segato\/\" \/>\n<meta property=\"og:locale\" content=\"fr_FR\" \/>\n<meta property=\"og:type\" content=\"article\" \/>\n<meta property=\"og:title\" content=\"Dal 10 al 21 dicembre la mostra \u201cTrame al telaio\u201d all&#039;Istituto tecnico \u201cSegato\u201d - Bellunopress - Dolomiti\" \/>\n<meta property=\"og:description\" content=\"\u201cTrame al telaio La tessitura bellunese in mostra\u201d: si intitola cos\u00ec un&#8217;esposizione legata alle datate arti della filatura e della tessitura della canapa che, in un passato non troppo lontano, hanno coinvolto il mondo contadino bellunese, capace di realizzare in casa i tessuti che utilizzava per vestire, per la casa e per i lavori nei [&hellip;]\" \/>\n<meta property=\"og:url\" content=\"https:\/\/www.bellunopress.it\/fr\/2012\/12\/09\/dal-10-al-21-dicembre-la-mostra-trame-al-telaio-allistituto-tecnico-segato\/\" \/>\n<meta property=\"og:site_name\" content=\"Bellunopress - Dolomiti\" \/>\n<meta property=\"article:publisher\" content=\"https:\/\/www.facebook.com\/profile.php?id=100008943462799\" \/>\n<meta property=\"article:published_time\" content=\"2012-12-09T04:26:05+00:00\" \/>\n<meta property=\"og:image\" content=\"http:\/\/www.bellunopress.it\/wp-content\/uploads\/2010\/05\/istituto-tecnico-industriale.jpg\" \/>\n<meta name=\"author\" content=\"redazione\" \/>\n<meta name=\"twitter:card\" content=\"summary_large_image\" \/>\n<meta name=\"twitter:creator\" content=\"@bellunopress\" \/>\n<meta name=\"twitter:site\" content=\"@bellunopress\" \/>\n<meta name=\"twitter:label1\" content=\"Written by\" \/>\n\t<meta name=\"twitter:data1\" content=\"redazione\" \/>\n\t<meta name=\"twitter:label2\" content=\"Est. reading time\" \/>\n\t<meta name=\"twitter:data2\" content=\"3 minutes\" \/>\n<script type=\"application\/ld+json\" class=\"yoast-schema-graph\">{\"@context\":\"https:\\\/\\\/schema.org\",\"@graph\":[{\"@type\":\"Article\",\"@id\":\"https:\\\/\\\/www.bellunopress.it\\\/2012\\\/12\\\/09\\\/dal-10-al-21-dicembre-la-mostra-trame-al-telaio-allistituto-tecnico-segato\\\/#article\",\"isPartOf\":{\"@id\":\"https:\\\/\\\/www.bellunopress.it\\\/2012\\\/12\\\/09\\\/dal-10-al-21-dicembre-la-mostra-trame-al-telaio-allistituto-tecnico-segato\\\/\"},\"author\":{\"name\":\"redazione\",\"@id\":\"https:\\\/\\\/www.bellunopress.it\\\/#\\\/schema\\\/person\\\/79bb06722b37ece1c03d3e94beb30d73\"},\"headline\":\"Dal 10 al 21 dicembre la mostra \u201cTrame al telaio\u201d all&#8217;Istituto tecnico \u201cSegato\u201d\",\"datePublished\":\"2012-12-09T04:26:05+00:00\",\"mainEntityOfPage\":{\"@id\":\"https:\\\/\\\/www.bellunopress.it\\\/2012\\\/12\\\/09\\\/dal-10-al-21-dicembre-la-mostra-trame-al-telaio-allistituto-tecnico-segato\\\/\"},\"wordCount\":665,\"publisher\":{\"@id\":\"https:\\\/\\\/www.bellunopress.it\\\/#organization\"},\"image\":{\"@id\":\"https:\\\/\\\/www.bellunopress.it\\\/2012\\\/12\\\/09\\\/dal-10-al-21-dicembre-la-mostra-trame-al-telaio-allistituto-tecnico-segato\\\/#primaryimage\"},\"thumbnailUrl\":\"http:\\\/\\\/www.bellunopress.it\\\/wp-content\\\/uploads\\\/2010\\\/05\\\/istituto-tecnico-industriale.jpg\",\"articleSection\":[\"Appuntamenti, Eventi\",\"Arte, Cultura, Spettacoli, Scienza\",\"Pausa Caff\u00e8\"],\"inLanguage\":\"fr-FR\"},{\"@type\":\"WebPage\",\"@id\":\"https:\\\/\\\/www.bellunopress.it\\\/2012\\\/12\\\/09\\\/dal-10-al-21-dicembre-la-mostra-trame-al-telaio-allistituto-tecnico-segato\\\/\",\"url\":\"https:\\\/\\\/www.bellunopress.it\\\/2012\\\/12\\\/09\\\/dal-10-al-21-dicembre-la-mostra-trame-al-telaio-allistituto-tecnico-segato\\\/\",\"name\":\"Dal 10 al 21 dicembre la mostra \u201cTrame al telaio\u201d all'Istituto tecnico \u201cSegato\u201d - Bellunopress - Dolomiti\",\"isPartOf\":{\"@id\":\"https:\\\/\\\/www.bellunopress.it\\\/#website\"},\"primaryImageOfPage\":{\"@id\":\"https:\\\/\\\/www.bellunopress.it\\\/2012\\\/12\\\/09\\\/dal-10-al-21-dicembre-la-mostra-trame-al-telaio-allistituto-tecnico-segato\\\/#primaryimage\"},\"image\":{\"@id\":\"https:\\\/\\\/www.bellunopress.it\\\/2012\\\/12\\\/09\\\/dal-10-al-21-dicembre-la-mostra-trame-al-telaio-allistituto-tecnico-segato\\\/#primaryimage\"},\"thumbnailUrl\":\"http:\\\/\\\/www.bellunopress.it\\\/wp-content\\\/uploads\\\/2010\\\/05\\\/istituto-tecnico-industriale.jpg\",\"datePublished\":\"2012-12-09T04:26:05+00:00\",\"breadcrumb\":{\"@id\":\"https:\\\/\\\/www.bellunopress.it\\\/2012\\\/12\\\/09\\\/dal-10-al-21-dicembre-la-mostra-trame-al-telaio-allistituto-tecnico-segato\\\/#breadcrumb\"},\"inLanguage\":\"fr-FR\",\"potentialAction\":[{\"@type\":\"ReadAction\",\"target\":[\"https:\\\/\\\/www.bellunopress.it\\\/2012\\\/12\\\/09\\\/dal-10-al-21-dicembre-la-mostra-trame-al-telaio-allistituto-tecnico-segato\\\/\"]}]},{\"@type\":\"ImageObject\",\"inLanguage\":\"fr-FR\",\"@id\":\"https:\\\/\\\/www.bellunopress.it\\\/2012\\\/12\\\/09\\\/dal-10-al-21-dicembre-la-mostra-trame-al-telaio-allistituto-tecnico-segato\\\/#primaryimage\",\"url\":\"http:\\\/\\\/www.bellunopress.it\\\/wp-content\\\/uploads\\\/2010\\\/05\\\/istituto-tecnico-industriale.jpg\",\"contentUrl\":\"http:\\\/\\\/www.bellunopress.it\\\/wp-content\\\/uploads\\\/2010\\\/05\\\/istituto-tecnico-industriale.jpg\"},{\"@type\":\"BreadcrumbList\",\"@id\":\"https:\\\/\\\/www.bellunopress.it\\\/2012\\\/12\\\/09\\\/dal-10-al-21-dicembre-la-mostra-trame-al-telaio-allistituto-tecnico-segato\\\/#breadcrumb\",\"itemListElement\":[{\"@type\":\"ListItem\",\"position\":1,\"name\":\"Home\",\"item\":\"https:\\\/\\\/www.bellunopress.it\\\/\"},{\"@type\":\"ListItem\",\"position\":2,\"name\":\"Dal 10 al 21 dicembre la mostra \u201cTrame al telaio\u201d all&#8217;Istituto tecnico \u201cSegato\u201d\"}]},{\"@type\":\"WebSite\",\"@id\":\"https:\\\/\\\/www.bellunopress.it\\\/#website\",\"url\":\"https:\\\/\\\/www.bellunopress.it\\\/\",\"name\":\"Bellunopress - Dolomiti\",\"description\":\"e-mail: redazione@bellunopress.it\",\"publisher\":{\"@id\":\"https:\\\/\\\/www.bellunopress.it\\\/#organization\"},\"potentialAction\":[{\"@type\":\"SearchAction\",\"target\":{\"@type\":\"EntryPoint\",\"urlTemplate\":\"https:\\\/\\\/www.bellunopress.it\\\/?s={search_term_string}\"},\"query-input\":{\"@type\":\"PropertyValueSpecification\",\"valueRequired\":true,\"valueName\":\"search_term_string\"}}],\"inLanguage\":\"fr-FR\"},{\"@type\":\"Organization\",\"@id\":\"https:\\\/\\\/www.bellunopress.it\\\/#organization\",\"name\":\"Bellunopress\",\"url\":\"https:\\\/\\\/www.bellunopress.it\\\/\",\"logo\":{\"@type\":\"ImageObject\",\"inLanguage\":\"fr-FR\",\"@id\":\"https:\\\/\\\/www.bellunopress.it\\\/#\\\/schema\\\/logo\\\/image\\\/\",\"url\":\"https:\\\/\\\/www.bellunopress.it\\\/wp-content\\\/uploads\\\/2011\\\/05\\\/cropped-logo-bellunopress-.jpg\",\"contentUrl\":\"https:\\\/\\\/www.bellunopress.it\\\/wp-content\\\/uploads\\\/2011\\\/05\\\/cropped-logo-bellunopress-.jpg\",\"width\":512,\"height\":512,\"caption\":\"Bellunopress\"},\"image\":{\"@id\":\"https:\\\/\\\/www.bellunopress.it\\\/#\\\/schema\\\/logo\\\/image\\\/\"},\"sameAs\":[\"https:\\\/\\\/www.facebook.com\\\/profile.php?id=100008943462799\",\"https:\\\/\\\/x.com\\\/bellunopress\",\"https:\\\/\\\/www.linkedin.com\\\/hp\\\/?dnr=JBzUWaJfMUw8vbXJJ2tVW5-I3jZKvC4wsoxE&amp;amp;amp;amp;amp;amp;trk=nav_responsive_tab_home\",\"https:\\\/\\\/www.youtube.com\\\/channel\\\/UCxL0wu1uN0_3_7hGG0306cw\"]},{\"@type\":\"Person\",\"@id\":\"https:\\\/\\\/www.bellunopress.it\\\/#\\\/schema\\\/person\\\/79bb06722b37ece1c03d3e94beb30d73\",\"name\":\"redazione\",\"image\":{\"@type\":\"ImageObject\",\"inLanguage\":\"fr-FR\",\"@id\":\"https:\\\/\\\/secure.gravatar.com\\\/avatar\\\/37d968a2e67a6fd04c169c4bdef102d0bc5d31b2546345219e348575eb80e9a0?s=96&d=mm&r=g\",\"url\":\"https:\\\/\\\/secure.gravatar.com\\\/avatar\\\/37d968a2e67a6fd04c169c4bdef102d0bc5d31b2546345219e348575eb80e9a0?s=96&d=mm&r=g\",\"contentUrl\":\"https:\\\/\\\/secure.gravatar.com\\\/avatar\\\/37d968a2e67a6fd04c169c4bdef102d0bc5d31b2546345219e348575eb80e9a0?s=96&d=mm&r=g\",\"caption\":\"redazione\"},\"sameAs\":[\"http:\\\/\\\/www.bellunopress.it\",\"https:\\\/\\\/x.com\\\/bellunopress\"],\"url\":\"https:\\\/\\\/www.bellunopress.it\\\/fr\\\/author\\\/redazione\\\/\"}]}<\/script>\n<!-- \/ Yoast SEO plugin. -->","yoast_head_json":{"title":"Dal 10 al 21 dicembre la mostra \u201cTrame al telaio\u201d all'Istituto tecnico \u201cSegato\u201d - Bellunopress - Dolomiti","robots":{"index":"index","follow":"follow","max-snippet":"max-snippet:-1","max-image-preview":"max-image-preview:large","max-video-preview":"max-video-preview:-1"},"canonical":"https:\/\/www.bellunopress.it\/fr\/2012\/12\/09\/dal-10-al-21-dicembre-la-mostra-trame-al-telaio-allistituto-tecnico-segato\/","og_locale":"fr_FR","og_type":"article","og_title":"Dal 10 al 21 dicembre la mostra \u201cTrame al telaio\u201d all'Istituto tecnico \u201cSegato\u201d - Bellunopress - Dolomiti","og_description":"\u201cTrame al telaio La tessitura bellunese in mostra\u201d: si intitola cos\u00ec un&#8217;esposizione legata alle datate arti della filatura e della tessitura della canapa che, in un passato non troppo lontano, hanno coinvolto il mondo contadino bellunese, capace di realizzare in casa i tessuti che utilizzava per vestire, per la casa e per i lavori nei [&hellip;]","og_url":"https:\/\/www.bellunopress.it\/fr\/2012\/12\/09\/dal-10-al-21-dicembre-la-mostra-trame-al-telaio-allistituto-tecnico-segato\/","og_site_name":"Bellunopress - Dolomiti","article_publisher":"https:\/\/www.facebook.com\/profile.php?id=100008943462799","article_published_time":"2012-12-09T04:26:05+00:00","og_image":[{"url":"http:\/\/www.bellunopress.it\/wp-content\/uploads\/2010\/05\/istituto-tecnico-industriale.jpg","type":"","width":"","height":""}],"author":"redazione","twitter_card":"summary_large_image","twitter_creator":"@bellunopress","twitter_site":"@bellunopress","twitter_misc":{"Written by":"redazione","Est. reading time":"3 minutes"},"schema":{"@context":"https:\/\/schema.org","@graph":[{"@type":"Article","@id":"https:\/\/www.bellunopress.it\/2012\/12\/09\/dal-10-al-21-dicembre-la-mostra-trame-al-telaio-allistituto-tecnico-segato\/#article","isPartOf":{"@id":"https:\/\/www.bellunopress.it\/2012\/12\/09\/dal-10-al-21-dicembre-la-mostra-trame-al-telaio-allistituto-tecnico-segato\/"},"author":{"name":"redazione","@id":"https:\/\/www.bellunopress.it\/#\/schema\/person\/79bb06722b37ece1c03d3e94beb30d73"},"headline":"Dal 10 al 21 dicembre la mostra \u201cTrame al telaio\u201d all&#8217;Istituto tecnico \u201cSegato\u201d","datePublished":"2012-12-09T04:26:05+00:00","mainEntityOfPage":{"@id":"https:\/\/www.bellunopress.it\/2012\/12\/09\/dal-10-al-21-dicembre-la-mostra-trame-al-telaio-allistituto-tecnico-segato\/"},"wordCount":665,"publisher":{"@id":"https:\/\/www.bellunopress.it\/#organization"},"image":{"@id":"https:\/\/www.bellunopress.it\/2012\/12\/09\/dal-10-al-21-dicembre-la-mostra-trame-al-telaio-allistituto-tecnico-segato\/#primaryimage"},"thumbnailUrl":"http:\/\/www.bellunopress.it\/wp-content\/uploads\/2010\/05\/istituto-tecnico-industriale.jpg","articleSection":["Appuntamenti, Eventi","Arte, Cultura, Spettacoli, Scienza","Pausa Caff\u00e8"],"inLanguage":"fr-FR"},{"@type":"WebPage","@id":"https:\/\/www.bellunopress.it\/2012\/12\/09\/dal-10-al-21-dicembre-la-mostra-trame-al-telaio-allistituto-tecnico-segato\/","url":"https:\/\/www.bellunopress.it\/2012\/12\/09\/dal-10-al-21-dicembre-la-mostra-trame-al-telaio-allistituto-tecnico-segato\/","name":"Dal 10 al 21 dicembre la mostra \u201cTrame al telaio\u201d all'Istituto tecnico \u201cSegato\u201d - Bellunopress - Dolomiti","isPartOf":{"@id":"https:\/\/www.bellunopress.it\/#website"},"primaryImageOfPage":{"@id":"https:\/\/www.bellunopress.it\/2012\/12\/09\/dal-10-al-21-dicembre-la-mostra-trame-al-telaio-allistituto-tecnico-segato\/#primaryimage"},"image":{"@id":"https:\/\/www.bellunopress.it\/2012\/12\/09\/dal-10-al-21-dicembre-la-mostra-trame-al-telaio-allistituto-tecnico-segato\/#primaryimage"},"thumbnailUrl":"http:\/\/www.bellunopress.it\/wp-content\/uploads\/2010\/05\/istituto-tecnico-industriale.jpg","datePublished":"2012-12-09T04:26:05+00:00","breadcrumb":{"@id":"https:\/\/www.bellunopress.it\/2012\/12\/09\/dal-10-al-21-dicembre-la-mostra-trame-al-telaio-allistituto-tecnico-segato\/#breadcrumb"},"inLanguage":"fr-FR","potentialAction":[{"@type":"ReadAction","target":["https:\/\/www.bellunopress.it\/2012\/12\/09\/dal-10-al-21-dicembre-la-mostra-trame-al-telaio-allistituto-tecnico-segato\/"]}]},{"@type":"ImageObject","inLanguage":"fr-FR","@id":"https:\/\/www.bellunopress.it\/2012\/12\/09\/dal-10-al-21-dicembre-la-mostra-trame-al-telaio-allistituto-tecnico-segato\/#primaryimage","url":"http:\/\/www.bellunopress.it\/wp-content\/uploads\/2010\/05\/istituto-tecnico-industriale.jpg","contentUrl":"http:\/\/www.bellunopress.it\/wp-content\/uploads\/2010\/05\/istituto-tecnico-industriale.jpg"},{"@type":"BreadcrumbList","@id":"https:\/\/www.bellunopress.it\/2012\/12\/09\/dal-10-al-21-dicembre-la-mostra-trame-al-telaio-allistituto-tecnico-segato\/#breadcrumb","itemListElement":[{"@type":"ListItem","position":1,"name":"Home","item":"https:\/\/www.bellunopress.it\/"},{"@type":"ListItem","position":2,"name":"Dal 10 al 21 dicembre la mostra \u201cTrame al telaio\u201d all&#8217;Istituto tecnico \u201cSegato\u201d"}]},{"@type":"WebSite","@id":"https:\/\/www.bellunopress.it\/#website","url":"https:\/\/www.bellunopress.it\/","name":"Bellunopress - Dolomiti","description":"e-mail: redazione@bellunopress.it","publisher":{"@id":"https:\/\/www.bellunopress.it\/#organization"},"potentialAction":[{"@type":"SearchAction","target":{"@type":"EntryPoint","urlTemplate":"https:\/\/www.bellunopress.it\/?s={search_term_string}"},"query-input":{"@type":"PropertyValueSpecification","valueRequired":true,"valueName":"search_term_string"}}],"inLanguage":"fr-FR"},{"@type":"Organization","@id":"https:\/\/www.bellunopress.it\/#organization","name":"Bellunopress","url":"https:\/\/www.bellunopress.it\/","logo":{"@type":"ImageObject","inLanguage":"fr-FR","@id":"https:\/\/www.bellunopress.it\/#\/schema\/logo\/image\/","url":"https:\/\/www.bellunopress.it\/wp-content\/uploads\/2011\/05\/cropped-logo-bellunopress-.jpg","contentUrl":"https:\/\/www.bellunopress.it\/wp-content\/uploads\/2011\/05\/cropped-logo-bellunopress-.jpg","width":512,"height":512,"caption":"Bellunopress"},"image":{"@id":"https:\/\/www.bellunopress.it\/#\/schema\/logo\/image\/"},"sameAs":["https:\/\/www.facebook.com\/profile.php?id=100008943462799","https:\/\/x.com\/bellunopress","https:\/\/www.linkedin.com\/hp\/?dnr=JBzUWaJfMUw8vbXJJ2tVW5-I3jZKvC4wsoxE&amp;amp;amp;amp;amp;amp;trk=nav_responsive_tab_home","https:\/\/www.youtube.com\/channel\/UCxL0wu1uN0_3_7hGG0306cw"]},{"@type":"Person","@id":"https:\/\/www.bellunopress.it\/#\/schema\/person\/79bb06722b37ece1c03d3e94beb30d73","name":"r\u00e9daction","image":{"@type":"ImageObject","inLanguage":"fr-FR","@id":"https:\/\/secure.gravatar.com\/avatar\/37d968a2e67a6fd04c169c4bdef102d0bc5d31b2546345219e348575eb80e9a0?s=96&d=mm&r=g","url":"https:\/\/secure.gravatar.com\/avatar\/37d968a2e67a6fd04c169c4bdef102d0bc5d31b2546345219e348575eb80e9a0?s=96&d=mm&r=g","contentUrl":"https:\/\/secure.gravatar.com\/avatar\/37d968a2e67a6fd04c169c4bdef102d0bc5d31b2546345219e348575eb80e9a0?s=96&d=mm&r=g","caption":"redazione"},"sameAs":["http:\/\/www.bellunopress.it","https:\/\/x.com\/bellunopress"],"url":"https:\/\/www.bellunopress.it\/fr\/author\/redazione\/"}]}},"_links":{"self":[{"href":"https:\/\/www.bellunopress.it\/fr\/wp-json\/wp\/v2\/posts\/44491","targetHints":{"allow":["GET"]}}],"collection":[{"href":"https:\/\/www.bellunopress.it\/fr\/wp-json\/wp\/v2\/posts"}],"about":[{"href":"https:\/\/www.bellunopress.it\/fr\/wp-json\/wp\/v2\/types\/post"}],"author":[{"embeddable":true,"href":"https:\/\/www.bellunopress.it\/fr\/wp-json\/wp\/v2\/users\/2"}],"replies":[{"embeddable":true,"href":"https:\/\/www.bellunopress.it\/fr\/wp-json\/wp\/v2\/comments?post=44491"}],"version-history":[{"count":1,"href":"https:\/\/www.bellunopress.it\/fr\/wp-json\/wp\/v2\/posts\/44491\/revisions"}],"predecessor-version":[{"id":44492,"href":"https:\/\/www.bellunopress.it\/fr\/wp-json\/wp\/v2\/posts\/44491\/revisions\/44492"}],"wp:attachment":[{"href":"https:\/\/www.bellunopress.it\/fr\/wp-json\/wp\/v2\/media?parent=44491"}],"wp:term":[{"taxonomy":"category","embeddable":true,"href":"https:\/\/www.bellunopress.it\/fr\/wp-json\/wp\/v2\/categories?post=44491"},{"taxonomy":"post_tag","embeddable":true,"href":"https:\/\/www.bellunopress.it\/fr\/wp-json\/wp\/v2\/tags?post=44491"}],"curies":[{"name":"wp","href":"https:\/\/api.w.org\/{rel}","templated":true}]}}