{"id":44475,"date":"2012-12-04T20:59:42","date_gmt":"2012-12-04T19:59:42","guid":{"rendered":"http:\/\/www.bellunopress.it\/?p=44475"},"modified":"2012-12-04T20:59:42","modified_gmt":"2012-12-04T19:59:42","slug":"bollo-auto-un-gettito-di-677-milioni-le-precisazioni-dellassessore-ciambetti-linchiesta-riguarda-solo-la-gara-che-noi-stessi-abbiamo-sospeso","status":"publish","type":"post","link":"https:\/\/www.bellunopress.it\/fr\/2012\/12\/04\/bollo-auto-un-gettito-di-677-milioni-le-precisazioni-dellassessore-ciambetti-linchiesta-riguarda-solo-la-gara-che-noi-stessi-abbiamo-sospeso\/","title":{"rendered":"Bollo auto, un gettito di 677 milioni. Le precisazioni dell&#8217;assessore Ciambetti: &#8220;L&#8217;inchiesta riguarda solo la gara, che noi stessi abbiamo sospeso&#8221;"},"content":{"rendered":"<figure id=\"attachment_15094\" aria-describedby=\"caption-attachment-15094\" style=\"width: 109px\" class=\"wp-caption alignleft\"><a href=\"http:\/\/www.bellunopress.it\/wp-content\/uploads\/2010\/05\/roberto-ciambetti.jpg\"><img loading=\"lazy\" decoding=\"async\" class=\"size-full wp-image-15094\" title=\"roberto-ciambetti\" src=\"http:\/\/www.bellunopress.it\/wp-content\/uploads\/2010\/05\/roberto-ciambetti.jpg\" alt=\"\" width=\"109\" height=\"160\" \/><\/a><figcaption id=\"caption-attachment-15094\" class=\"wp-caption-text\">Roberto Ciambetti<\/figcaption><\/figure>\n<p>L\u2019assessore al bilancio della Regione del Veneto, Roberto Ciambetti, intervenendo stamane, nel corso del consueto \u2018punto stampa\u2019 del marted\u00ec a Palazzo Balbi, sulla vicenda relativa alla riscossione delle tasse automobilistiche che ha portato all\u2019arresto di un dirigente regionale, ha ribadito che l\u2019inchiesta della Magistratura fa riferimento al bando della gara per la futura gestione del servizio \u2013 gara che la stessa Regione ha sospeso nel marzo dello scorso anno a seguito di una sentenza del TAR Veneto e del ricevimento di un esposto anonimo che il presidente Zaia segnal\u00f2 immediatamente alla Procura della Repubblica \u2013, ma non alla gestione sin qui svolta per la riscossione del cosiddetto \u2018bollo auto\u2019.<\/p>\n<p>\u201cStiamo parlando \u2013 ha sottolineato Ciambetti \u2013 di un gettito essenziale per le nostre casse, una risorsa irrinunciabile per i bilanci di tutte le Regioni, la nostra compresa, sempre pi\u00f9 pesantemente compromessi dai tagli dello Stato\u201d.<\/p>\n<p>Questi alcuni dati significativi che riguardano questa partita nel Veneto:<\/p>\n<p>&#8211; gettito anno 2011: entrata ordinaria della tassa automobilistica 628 milioni e 113 mila euro, a cui vanno aggiunti 48 milioni e 973 mila euro di introiti derivanti dalla lotta all\u2019evasione, per un totale di 677 milioni e 086 mila euro;<\/p>\n<p>&#8211; gettito anno 2012 (i dati sono aggiornati al 29 novembre scorso): entrata ordinaria della tassa automobilistica 595 milioni e 276 mila euro, a cui vanno aggiunti 78 milioni e 889 mila euro di introiti derivanti dalla lotta all\u2019evasione, per un totale di 674 milioni e 166 mila euro;<\/p>\n<p>&#8211; in cinque anni, dal 2006 al 2011, l\u2019entrata ordinaria derivante dalla tassa automobilistica, \u00e8 aumentata di oltre 94 milioni di euro, passando da 533 milioni e 634 mila euro a 628 milioni 113 mila euro;<\/p>\n<p>&#8211; spese anno 2011: totale 6 milioni 628 mila euro, di cui 5 milioni e 800 mila euro alla societ\u00e0 piemontese GEC (gestione ed elaborazione dati, spedizione degli avvisi di scadenza, ecc.);<\/p>\n<p>&#8211; nel 2011 sono stati inviati 2 milioni e 400 mila avvisi di scadenza agli utenti, su un totale di veicoli in circolazione nel Veneto pari a 3 milioni e 700 mila (il dato comprende automobili, autocarri, camper, roulotte, rimorchi, carrelli, ecc.).<\/p>\n<p>&nbsp;<\/p>","protected":false},"excerpt":{"rendered":"<p>L\u2019assessore al bilancio della Regione del Veneto, Roberto Ciambetti, intervenendo stamane, nel corso del consueto \u2018punto stampa\u2019 del marted\u00ec a Palazzo Balbi, sulla vicenda relativa alla riscossione delle tasse automobilistiche che ha portato all\u2019arresto di un dirigente regionale, ha ribadito che l\u2019inchiesta della Magistratura fa riferimento al bando della gara per la futura gestione del [&hellip;]<\/p>\n","protected":false},"author":2,"featured_media":0,"comment_status":"closed","ping_status":"open","sticky":false,"template":"","format":"standard","meta":{"footnotes":""},"categories":[5,26],"tags":[],"class_list":["post-44475","post","type-post","status-publish","format-standard","category-cronaca","category-prima-pagina"],"yoast_head":"<!-- This site is optimized with the Yoast SEO plugin v28.4 - https:\/\/yoast.com\/product\/yoast-seo-wordpress\/ -->\n<title>Bollo auto, un gettito di 677 milioni. Le precisazioni dell&#039;assessore Ciambetti: &quot;L&#039;inchiesta riguarda solo la gara, che noi stessi abbiamo sospeso&quot; - Bellunopress - Dolomiti<\/title>\n<meta name=\"robots\" content=\"index, follow, max-snippet:-1, max-image-preview:large, max-video-preview:-1\" \/>\n<link rel=\"canonical\" href=\"https:\/\/www.bellunopress.it\/fr\/2012\/12\/04\/bollo-auto-un-gettito-di-677-milioni-le-precisazioni-dellassessore-ciambetti-linchiesta-riguarda-solo-la-gara-che-noi-stessi-abbiamo-sospeso\/\" \/>\n<meta property=\"og:locale\" content=\"fr_FR\" \/>\n<meta property=\"og:type\" content=\"article\" \/>\n<meta property=\"og:title\" content=\"Bollo auto, un gettito di 677 milioni. Le precisazioni dell&#039;assessore Ciambetti: &quot;L&#039;inchiesta riguarda solo la gara, che noi stessi abbiamo sospeso&quot; - Bellunopress - Dolomiti\" \/>\n<meta property=\"og:description\" content=\"L\u2019assessore al bilancio della Regione del Veneto, Roberto Ciambetti, intervenendo stamane, nel corso del consueto \u2018punto stampa\u2019 del marted\u00ec a Palazzo Balbi, sulla vicenda relativa alla riscossione delle tasse automobilistiche che ha portato all\u2019arresto di un dirigente regionale, ha ribadito che l\u2019inchiesta della Magistratura fa riferimento al bando della gara per la futura gestione del [&hellip;]\" \/>\n<meta property=\"og:url\" content=\"https:\/\/www.bellunopress.it\/fr\/2012\/12\/04\/bollo-auto-un-gettito-di-677-milioni-le-precisazioni-dellassessore-ciambetti-linchiesta-riguarda-solo-la-gara-che-noi-stessi-abbiamo-sospeso\/\" \/>\n<meta property=\"og:site_name\" content=\"Bellunopress - Dolomiti\" \/>\n<meta property=\"article:publisher\" content=\"https:\/\/www.facebook.com\/profile.php?id=100008943462799\" \/>\n<meta property=\"article:published_time\" content=\"2012-12-04T19:59:42+00:00\" \/>\n<meta property=\"og:image\" content=\"http:\/\/www.bellunopress.it\/wp-content\/uploads\/2010\/05\/roberto-ciambetti.jpg\" \/>\n<meta name=\"author\" content=\"redazione\" \/>\n<meta name=\"twitter:card\" content=\"summary_large_image\" \/>\n<meta name=\"twitter:creator\" content=\"@bellunopress\" \/>\n<meta name=\"twitter:site\" content=\"@bellunopress\" \/>\n<meta name=\"twitter:label1\" content=\"\u00c9crit par\" \/>\n\t<meta name=\"twitter:data1\" content=\"redazione\" \/>\n\t<meta name=\"twitter:label2\" content=\"Dur\u00e9e de lecture estim\u00e9e\" \/>\n\t<meta name=\"twitter:data2\" content=\"2 minutes\" \/>\n<script type=\"application\/ld+json\" class=\"yoast-schema-graph\">{\"@context\":\"https:\\\/\\\/schema.org\",\"@graph\":[{\"@type\":\"Article\",\"@id\":\"https:\\\/\\\/www.bellunopress.it\\\/2012\\\/12\\\/04\\\/bollo-auto-un-gettito-di-677-milioni-le-precisazioni-dellassessore-ciambetti-linchiesta-riguarda-solo-la-gara-che-noi-stessi-abbiamo-sospeso\\\/#article\",\"isPartOf\":{\"@id\":\"https:\\\/\\\/www.bellunopress.it\\\/2012\\\/12\\\/04\\\/bollo-auto-un-gettito-di-677-milioni-le-precisazioni-dellassessore-ciambetti-linchiesta-riguarda-solo-la-gara-che-noi-stessi-abbiamo-sospeso\\\/\"},\"author\":{\"name\":\"redazione\",\"@id\":\"https:\\\/\\\/www.bellunopress.it\\\/#\\\/schema\\\/person\\\/79bb06722b37ece1c03d3e94beb30d73\"},\"headline\":\"Bollo auto, un gettito di 677 milioni. Le precisazioni dell&#8217;assessore Ciambetti: &#8220;L&#8217;inchiesta riguarda solo la gara, che noi stessi abbiamo sospeso&#8221;\",\"datePublished\":\"2012-12-04T19:59:42+00:00\",\"mainEntityOfPage\":{\"@id\":\"https:\\\/\\\/www.bellunopress.it\\\/2012\\\/12\\\/04\\\/bollo-auto-un-gettito-di-677-milioni-le-precisazioni-dellassessore-ciambetti-linchiesta-riguarda-solo-la-gara-che-noi-stessi-abbiamo-sospeso\\\/\"},\"wordCount\":356,\"publisher\":{\"@id\":\"https:\\\/\\\/www.bellunopress.it\\\/#organization\"},\"image\":{\"@id\":\"https:\\\/\\\/www.bellunopress.it\\\/2012\\\/12\\\/04\\\/bollo-auto-un-gettito-di-677-milioni-le-precisazioni-dellassessore-ciambetti-linchiesta-riguarda-solo-la-gara-che-noi-stessi-abbiamo-sospeso\\\/#primaryimage\"},\"thumbnailUrl\":\"http:\\\/\\\/www.bellunopress.it\\\/wp-content\\\/uploads\\\/2010\\\/05\\\/roberto-ciambetti.jpg\",\"articleSection\":[\"Cronaca\\\/Politica\",\"Prima Pagina\"],\"inLanguage\":\"fr-FR\"},{\"@type\":\"WebPage\",\"@id\":\"https:\\\/\\\/www.bellunopress.it\\\/2012\\\/12\\\/04\\\/bollo-auto-un-gettito-di-677-milioni-le-precisazioni-dellassessore-ciambetti-linchiesta-riguarda-solo-la-gara-che-noi-stessi-abbiamo-sospeso\\\/\",\"url\":\"https:\\\/\\\/www.bellunopress.it\\\/2012\\\/12\\\/04\\\/bollo-auto-un-gettito-di-677-milioni-le-precisazioni-dellassessore-ciambetti-linchiesta-riguarda-solo-la-gara-che-noi-stessi-abbiamo-sospeso\\\/\",\"name\":\"Bollo auto, un gettito di 677 milioni. Le precisazioni dell'assessore Ciambetti: \\\"L'inchiesta riguarda solo la gara, che noi stessi abbiamo sospeso\\\" - Bellunopress - Dolomiti\",\"isPartOf\":{\"@id\":\"https:\\\/\\\/www.bellunopress.it\\\/#website\"},\"primaryImageOfPage\":{\"@id\":\"https:\\\/\\\/www.bellunopress.it\\\/2012\\\/12\\\/04\\\/bollo-auto-un-gettito-di-677-milioni-le-precisazioni-dellassessore-ciambetti-linchiesta-riguarda-solo-la-gara-che-noi-stessi-abbiamo-sospeso\\\/#primaryimage\"},\"image\":{\"@id\":\"https:\\\/\\\/www.bellunopress.it\\\/2012\\\/12\\\/04\\\/bollo-auto-un-gettito-di-677-milioni-le-precisazioni-dellassessore-ciambetti-linchiesta-riguarda-solo-la-gara-che-noi-stessi-abbiamo-sospeso\\\/#primaryimage\"},\"thumbnailUrl\":\"http:\\\/\\\/www.bellunopress.it\\\/wp-content\\\/uploads\\\/2010\\\/05\\\/roberto-ciambetti.jpg\",\"datePublished\":\"2012-12-04T19:59:42+00:00\",\"breadcrumb\":{\"@id\":\"https:\\\/\\\/www.bellunopress.it\\\/2012\\\/12\\\/04\\\/bollo-auto-un-gettito-di-677-milioni-le-precisazioni-dellassessore-ciambetti-linchiesta-riguarda-solo-la-gara-che-noi-stessi-abbiamo-sospeso\\\/#breadcrumb\"},\"inLanguage\":\"fr-FR\",\"potentialAction\":[{\"@type\":\"ReadAction\",\"target\":[\"https:\\\/\\\/www.bellunopress.it\\\/2012\\\/12\\\/04\\\/bollo-auto-un-gettito-di-677-milioni-le-precisazioni-dellassessore-ciambetti-linchiesta-riguarda-solo-la-gara-che-noi-stessi-abbiamo-sospeso\\\/\"]}]},{\"@type\":\"ImageObject\",\"inLanguage\":\"fr-FR\",\"@id\":\"https:\\\/\\\/www.bellunopress.it\\\/2012\\\/12\\\/04\\\/bollo-auto-un-gettito-di-677-milioni-le-precisazioni-dellassessore-ciambetti-linchiesta-riguarda-solo-la-gara-che-noi-stessi-abbiamo-sospeso\\\/#primaryimage\",\"url\":\"http:\\\/\\\/www.bellunopress.it\\\/wp-content\\\/uploads\\\/2010\\\/05\\\/roberto-ciambetti.jpg\",\"contentUrl\":\"http:\\\/\\\/www.bellunopress.it\\\/wp-content\\\/uploads\\\/2010\\\/05\\\/roberto-ciambetti.jpg\"},{\"@type\":\"BreadcrumbList\",\"@id\":\"https:\\\/\\\/www.bellunopress.it\\\/2012\\\/12\\\/04\\\/bollo-auto-un-gettito-di-677-milioni-le-precisazioni-dellassessore-ciambetti-linchiesta-riguarda-solo-la-gara-che-noi-stessi-abbiamo-sospeso\\\/#breadcrumb\",\"itemListElement\":[{\"@type\":\"ListItem\",\"position\":1,\"name\":\"Home\",\"item\":\"https:\\\/\\\/www.bellunopress.it\\\/\"},{\"@type\":\"ListItem\",\"position\":2,\"name\":\"Bollo auto, un gettito di 677 milioni. Le precisazioni dell&#8217;assessore Ciambetti: &#8220;L&#8217;inchiesta riguarda solo la gara, che noi stessi abbiamo sospeso&#8221;\"}]},{\"@type\":\"WebSite\",\"@id\":\"https:\\\/\\\/www.bellunopress.it\\\/#website\",\"url\":\"https:\\\/\\\/www.bellunopress.it\\\/\",\"name\":\"Bellunopress - Dolomiti\",\"description\":\"e-mail: redazione@bellunopress.it\",\"publisher\":{\"@id\":\"https:\\\/\\\/www.bellunopress.it\\\/#organization\"},\"potentialAction\":[{\"@type\":\"SearchAction\",\"target\":{\"@type\":\"EntryPoint\",\"urlTemplate\":\"https:\\\/\\\/www.bellunopress.it\\\/?s={search_term_string}\"},\"query-input\":{\"@type\":\"PropertyValueSpecification\",\"valueRequired\":true,\"valueName\":\"search_term_string\"}}],\"inLanguage\":\"fr-FR\"},{\"@type\":\"Organization\",\"@id\":\"https:\\\/\\\/www.bellunopress.it\\\/#organization\",\"name\":\"Bellunopress\",\"url\":\"https:\\\/\\\/www.bellunopress.it\\\/\",\"logo\":{\"@type\":\"ImageObject\",\"inLanguage\":\"fr-FR\",\"@id\":\"https:\\\/\\\/www.bellunopress.it\\\/#\\\/schema\\\/logo\\\/image\\\/\",\"url\":\"https:\\\/\\\/www.bellunopress.it\\\/wp-content\\\/uploads\\\/2011\\\/05\\\/cropped-logo-bellunopress-.jpg\",\"contentUrl\":\"https:\\\/\\\/www.bellunopress.it\\\/wp-content\\\/uploads\\\/2011\\\/05\\\/cropped-logo-bellunopress-.jpg\",\"width\":512,\"height\":512,\"caption\":\"Bellunopress\"},\"image\":{\"@id\":\"https:\\\/\\\/www.bellunopress.it\\\/#\\\/schema\\\/logo\\\/image\\\/\"},\"sameAs\":[\"https:\\\/\\\/www.facebook.com\\\/profile.php?id=100008943462799\",\"https:\\\/\\\/x.com\\\/bellunopress\",\"https:\\\/\\\/www.linkedin.com\\\/hp\\\/?dnr=JBzUWaJfMUw8vbXJJ2tVW5-I3jZKvC4wsoxE&amp;amp;amp;amp;amp;amp;trk=nav_responsive_tab_home\",\"https:\\\/\\\/www.youtube.com\\\/channel\\\/UCxL0wu1uN0_3_7hGG0306cw\"]},{\"@type\":\"Person\",\"@id\":\"https:\\\/\\\/www.bellunopress.it\\\/#\\\/schema\\\/person\\\/79bb06722b37ece1c03d3e94beb30d73\",\"name\":\"redazione\",\"image\":{\"@type\":\"ImageObject\",\"inLanguage\":\"fr-FR\",\"@id\":\"https:\\\/\\\/secure.gravatar.com\\\/avatar\\\/37d968a2e67a6fd04c169c4bdef102d0bc5d31b2546345219e348575eb80e9a0?s=96&d=mm&r=g\",\"url\":\"https:\\\/\\\/secure.gravatar.com\\\/avatar\\\/37d968a2e67a6fd04c169c4bdef102d0bc5d31b2546345219e348575eb80e9a0?s=96&d=mm&r=g\",\"contentUrl\":\"https:\\\/\\\/secure.gravatar.com\\\/avatar\\\/37d968a2e67a6fd04c169c4bdef102d0bc5d31b2546345219e348575eb80e9a0?s=96&d=mm&r=g\",\"caption\":\"redazione\"},\"sameAs\":[\"http:\\\/\\\/www.bellunopress.it\",\"https:\\\/\\\/x.com\\\/bellunopress\"],\"url\":\"https:\\\/\\\/www.bellunopress.it\\\/fr\\\/author\\\/redazione\\\/\"}]}<\/script>\n<!-- \/ Yoast SEO plugin. -->","yoast_head_json":{"title":"Bollo auto, un gettito di 677 milioni. Le precisazioni dell'assessore Ciambetti: \"L'inchiesta riguarda solo la gara, che noi stessi abbiamo sospeso\" - Bellunopress - Dolomiti","robots":{"index":"index","follow":"follow","max-snippet":"max-snippet:-1","max-image-preview":"max-image-preview:large","max-video-preview":"max-video-preview:-1"},"canonical":"https:\/\/www.bellunopress.it\/fr\/2012\/12\/04\/bollo-auto-un-gettito-di-677-milioni-le-precisazioni-dellassessore-ciambetti-linchiesta-riguarda-solo-la-gara-che-noi-stessi-abbiamo-sospeso\/","og_locale":"fr_FR","og_type":"article","og_title":"Bollo auto, un gettito di 677 milioni. Le precisazioni dell'assessore Ciambetti: \"L'inchiesta riguarda solo la gara, che noi stessi abbiamo sospeso\" - Bellunopress - Dolomiti","og_description":"L\u2019assessore al bilancio della Regione del Veneto, Roberto Ciambetti, intervenendo stamane, nel corso del consueto \u2018punto stampa\u2019 del marted\u00ec a Palazzo Balbi, sulla vicenda relativa alla riscossione delle tasse automobilistiche che ha portato all\u2019arresto di un dirigente regionale, ha ribadito che l\u2019inchiesta della Magistratura fa riferimento al bando della gara per la futura gestione del [&hellip;]","og_url":"https:\/\/www.bellunopress.it\/fr\/2012\/12\/04\/bollo-auto-un-gettito-di-677-milioni-le-precisazioni-dellassessore-ciambetti-linchiesta-riguarda-solo-la-gara-che-noi-stessi-abbiamo-sospeso\/","og_site_name":"Bellunopress - Dolomiti","article_publisher":"https:\/\/www.facebook.com\/profile.php?id=100008943462799","article_published_time":"2012-12-04T19:59:42+00:00","og_image":[{"url":"http:\/\/www.bellunopress.it\/wp-content\/uploads\/2010\/05\/roberto-ciambetti.jpg","type":"","width":"","height":""}],"author":"redazione","twitter_card":"summary_large_image","twitter_creator":"@bellunopress","twitter_site":"@bellunopress","twitter_misc":{"\u00c9crit par":"redazione","Dur\u00e9e de lecture estim\u00e9e":"2 minutes"},"schema":{"@context":"https:\/\/schema.org","@graph":[{"@type":"Article","@id":"https:\/\/www.bellunopress.it\/2012\/12\/04\/bollo-auto-un-gettito-di-677-milioni-le-precisazioni-dellassessore-ciambetti-linchiesta-riguarda-solo-la-gara-che-noi-stessi-abbiamo-sospeso\/#article","isPartOf":{"@id":"https:\/\/www.bellunopress.it\/2012\/12\/04\/bollo-auto-un-gettito-di-677-milioni-le-precisazioni-dellassessore-ciambetti-linchiesta-riguarda-solo-la-gara-che-noi-stessi-abbiamo-sospeso\/"},"author":{"name":"redazione","@id":"https:\/\/www.bellunopress.it\/#\/schema\/person\/79bb06722b37ece1c03d3e94beb30d73"},"headline":"Bollo auto, un gettito di 677 milioni. Le precisazioni dell&#8217;assessore Ciambetti: &#8220;L&#8217;inchiesta riguarda solo la gara, che noi stessi abbiamo sospeso&#8221;","datePublished":"2012-12-04T19:59:42+00:00","mainEntityOfPage":{"@id":"https:\/\/www.bellunopress.it\/2012\/12\/04\/bollo-auto-un-gettito-di-677-milioni-le-precisazioni-dellassessore-ciambetti-linchiesta-riguarda-solo-la-gara-che-noi-stessi-abbiamo-sospeso\/"},"wordCount":356,"publisher":{"@id":"https:\/\/www.bellunopress.it\/#organization"},"image":{"@id":"https:\/\/www.bellunopress.it\/2012\/12\/04\/bollo-auto-un-gettito-di-677-milioni-le-precisazioni-dellassessore-ciambetti-linchiesta-riguarda-solo-la-gara-che-noi-stessi-abbiamo-sospeso\/#primaryimage"},"thumbnailUrl":"http:\/\/www.bellunopress.it\/wp-content\/uploads\/2010\/05\/roberto-ciambetti.jpg","articleSection":["Cronaca\/Politica","Prima Pagina"],"inLanguage":"fr-FR"},{"@type":"WebPage","@id":"https:\/\/www.bellunopress.it\/2012\/12\/04\/bollo-auto-un-gettito-di-677-milioni-le-precisazioni-dellassessore-ciambetti-linchiesta-riguarda-solo-la-gara-che-noi-stessi-abbiamo-sospeso\/","url":"https:\/\/www.bellunopress.it\/2012\/12\/04\/bollo-auto-un-gettito-di-677-milioni-le-precisazioni-dellassessore-ciambetti-linchiesta-riguarda-solo-la-gara-che-noi-stessi-abbiamo-sospeso\/","name":"Bollo auto, un gettito di 677 milioni. Le precisazioni dell'assessore Ciambetti: \"L'inchiesta riguarda solo la gara, che noi stessi abbiamo sospeso\" - Bellunopress - Dolomiti","isPartOf":{"@id":"https:\/\/www.bellunopress.it\/#website"},"primaryImageOfPage":{"@id":"https:\/\/www.bellunopress.it\/2012\/12\/04\/bollo-auto-un-gettito-di-677-milioni-le-precisazioni-dellassessore-ciambetti-linchiesta-riguarda-solo-la-gara-che-noi-stessi-abbiamo-sospeso\/#primaryimage"},"image":{"@id":"https:\/\/www.bellunopress.it\/2012\/12\/04\/bollo-auto-un-gettito-di-677-milioni-le-precisazioni-dellassessore-ciambetti-linchiesta-riguarda-solo-la-gara-che-noi-stessi-abbiamo-sospeso\/#primaryimage"},"thumbnailUrl":"http:\/\/www.bellunopress.it\/wp-content\/uploads\/2010\/05\/roberto-ciambetti.jpg","datePublished":"2012-12-04T19:59:42+00:00","breadcrumb":{"@id":"https:\/\/www.bellunopress.it\/2012\/12\/04\/bollo-auto-un-gettito-di-677-milioni-le-precisazioni-dellassessore-ciambetti-linchiesta-riguarda-solo-la-gara-che-noi-stessi-abbiamo-sospeso\/#breadcrumb"},"inLanguage":"fr-FR","potentialAction":[{"@type":"ReadAction","target":["https:\/\/www.bellunopress.it\/2012\/12\/04\/bollo-auto-un-gettito-di-677-milioni-le-precisazioni-dellassessore-ciambetti-linchiesta-riguarda-solo-la-gara-che-noi-stessi-abbiamo-sospeso\/"]}]},{"@type":"ImageObject","inLanguage":"fr-FR","@id":"https:\/\/www.bellunopress.it\/2012\/12\/04\/bollo-auto-un-gettito-di-677-milioni-le-precisazioni-dellassessore-ciambetti-linchiesta-riguarda-solo-la-gara-che-noi-stessi-abbiamo-sospeso\/#primaryimage","url":"http:\/\/www.bellunopress.it\/wp-content\/uploads\/2010\/05\/roberto-ciambetti.jpg","contentUrl":"http:\/\/www.bellunopress.it\/wp-content\/uploads\/2010\/05\/roberto-ciambetti.jpg"},{"@type":"BreadcrumbList","@id":"https:\/\/www.bellunopress.it\/2012\/12\/04\/bollo-auto-un-gettito-di-677-milioni-le-precisazioni-dellassessore-ciambetti-linchiesta-riguarda-solo-la-gara-che-noi-stessi-abbiamo-sospeso\/#breadcrumb","itemListElement":[{"@type":"ListItem","position":1,"name":"Home","item":"https:\/\/www.bellunopress.it\/"},{"@type":"ListItem","position":2,"name":"Bollo auto, un gettito di 677 milioni. Le precisazioni dell&#8217;assessore Ciambetti: &#8220;L&#8217;inchiesta riguarda solo la gara, che noi stessi abbiamo sospeso&#8221;"}]},{"@type":"WebSite","@id":"https:\/\/www.bellunopress.it\/#website","url":"https:\/\/www.bellunopress.it\/","name":"Bellunopress - Dolomiti","description":"e-mail: redazione@bellunopress.it","publisher":{"@id":"https:\/\/www.bellunopress.it\/#organization"},"potentialAction":[{"@type":"SearchAction","target":{"@type":"EntryPoint","urlTemplate":"https:\/\/www.bellunopress.it\/?s={search_term_string}"},"query-input":{"@type":"PropertyValueSpecification","valueRequired":true,"valueName":"search_term_string"}}],"inLanguage":"fr-FR"},{"@type":"Organization","@id":"https:\/\/www.bellunopress.it\/#organization","name":"Bellunopress","url":"https:\/\/www.bellunopress.it\/","logo":{"@type":"ImageObject","inLanguage":"fr-FR","@id":"https:\/\/www.bellunopress.it\/#\/schema\/logo\/image\/","url":"https:\/\/www.bellunopress.it\/wp-content\/uploads\/2011\/05\/cropped-logo-bellunopress-.jpg","contentUrl":"https:\/\/www.bellunopress.it\/wp-content\/uploads\/2011\/05\/cropped-logo-bellunopress-.jpg","width":512,"height":512,"caption":"Bellunopress"},"image":{"@id":"https:\/\/www.bellunopress.it\/#\/schema\/logo\/image\/"},"sameAs":["https:\/\/www.facebook.com\/profile.php?id=100008943462799","https:\/\/x.com\/bellunopress","https:\/\/www.linkedin.com\/hp\/?dnr=JBzUWaJfMUw8vbXJJ2tVW5-I3jZKvC4wsoxE&amp;amp;amp;amp;amp;amp;trk=nav_responsive_tab_home","https:\/\/www.youtube.com\/channel\/UCxL0wu1uN0_3_7hGG0306cw"]},{"@type":"Person","@id":"https:\/\/www.bellunopress.it\/#\/schema\/person\/79bb06722b37ece1c03d3e94beb30d73","name":"r\u00e9daction","image":{"@type":"ImageObject","inLanguage":"fr-FR","@id":"https:\/\/secure.gravatar.com\/avatar\/37d968a2e67a6fd04c169c4bdef102d0bc5d31b2546345219e348575eb80e9a0?s=96&d=mm&r=g","url":"https:\/\/secure.gravatar.com\/avatar\/37d968a2e67a6fd04c169c4bdef102d0bc5d31b2546345219e348575eb80e9a0?s=96&d=mm&r=g","contentUrl":"https:\/\/secure.gravatar.com\/avatar\/37d968a2e67a6fd04c169c4bdef102d0bc5d31b2546345219e348575eb80e9a0?s=96&d=mm&r=g","caption":"redazione"},"sameAs":["http:\/\/www.bellunopress.it","https:\/\/x.com\/bellunopress"],"url":"https:\/\/www.bellunopress.it\/fr\/author\/redazione\/"}]}},"_links":{"self":[{"href":"https:\/\/www.bellunopress.it\/fr\/wp-json\/wp\/v2\/posts\/44475","targetHints":{"allow":["GET"]}}],"collection":[{"href":"https:\/\/www.bellunopress.it\/fr\/wp-json\/wp\/v2\/posts"}],"about":[{"href":"https:\/\/www.bellunopress.it\/fr\/wp-json\/wp\/v2\/types\/post"}],"author":[{"embeddable":true,"href":"https:\/\/www.bellunopress.it\/fr\/wp-json\/wp\/v2\/users\/2"}],"replies":[{"embeddable":true,"href":"https:\/\/www.bellunopress.it\/fr\/wp-json\/wp\/v2\/comments?post=44475"}],"version-history":[{"count":1,"href":"https:\/\/www.bellunopress.it\/fr\/wp-json\/wp\/v2\/posts\/44475\/revisions"}],"predecessor-version":[{"id":44476,"href":"https:\/\/www.bellunopress.it\/fr\/wp-json\/wp\/v2\/posts\/44475\/revisions\/44476"}],"wp:attachment":[{"href":"https:\/\/www.bellunopress.it\/fr\/wp-json\/wp\/v2\/media?parent=44475"}],"wp:term":[{"taxonomy":"category","embeddable":true,"href":"https:\/\/www.bellunopress.it\/fr\/wp-json\/wp\/v2\/categories?post=44475"},{"taxonomy":"post_tag","embeddable":true,"href":"https:\/\/www.bellunopress.it\/fr\/wp-json\/wp\/v2\/tags?post=44475"}],"curies":[{"name":"wp","href":"https:\/\/api.w.org\/{rel}","templated":true}]}}