{"id":44465,"date":"2012-12-04T16:46:35","date_gmt":"2012-12-04T15:46:35","guid":{"rendered":"http:\/\/www.bellunopress.it\/?p=44465"},"modified":"2012-12-04T16:46:35","modified_gmt":"2012-12-04T15:46:35","slug":"chi-si-occupa-della-sanita-bellunese-di-silvano-martini","status":"publish","type":"post","link":"https:\/\/www.bellunopress.it\/fr\/2012\/12\/04\/chi-si-occupa-della-sanita-bellunese-di-silvano-martini\/","title":{"rendered":"Chi si occupa della sanit\u00e0 bellunese?  * di Silvano Martini"},"content":{"rendered":"<figure id=\"attachment_37804\" aria-describedby=\"caption-attachment-37804\" style=\"width: 140px\" class=\"wp-caption alignright\"><a href=\"http:\/\/www.bellunopress.it\/wp-content\/uploads\/2012\/05\/Silvano-Martini.jpg\"><img loading=\"lazy\" decoding=\"async\" class=\"size-full wp-image-37804\" title=\"Silvano Martini\" src=\"http:\/\/www.bellunopress.it\/wp-content\/uploads\/2012\/05\/Silvano-Martini.jpg\" alt=\"\" width=\"140\" height=\"190\" \/><\/a><figcaption id=\"caption-attachment-37804\" class=\"wp-caption-text\">Silvano Martini<\/figcaption><\/figure>\n<p>Riguardo alla complessa riorganizzazione della Sanit\u00e0 veneta, per la parte che ci riguarda vedo che il progetto di area vasta con Treviso sta prendendo corpo. Sappiamo bene che il sistema sanitario rischia il collasso e necessita di economie urgenti ma non possiamo tollerare il fatto che queste avvengano sempre a discapito delle terre alte. Manca del tutto la capacit\u00e0 di pensare alla provincia di Belluno come un territorio che deve trovare soluzioni adeguate e perci\u00f2 originali alla complessa questione della gestione del welfare che in montagna, lo sappiamo da un pezzo, costa pi\u00f9 che nelle aree urbane. Vediamo invece tornare in auge parametri numerici che non tengono in alcun conto la particolare e specifica situazione delle aree interamente montane. Non serve dire che le problematiche delle terre alte non troveranno mai risposte all\u2019interno di una regione dove noi bellunesi contiamo per un misero 4 % della popolazione. Se non otterremo quanto prima forme avanzate di autonomia che ci consentano di interagire con le aree montane contermini siamo destinati a diventare presto, soprattutto le terra alte e la aree rurali e periferiche della provincia, lande desolate ripopolate solo per qualche settimana all\u2019anno da persone ignare della nostra storia che verranno a trascorrere, per qualche giorno, liete vacanze nei luoghi un tempo abitati stabilmente dalla gente bellunese. Non c\u2019\u00e9 pi\u00f9 tempo per la tattica e per la melina dei nostri consiglieri regionali o deputati al parlamento preoccupati pi\u00f9 che altro di mantenere cariche e lauti stipendi. Occorre mandare a casa questa gente gi\u00e0 dalle prossime elezioni politiche selezionando all\u2019interno del nostro territorio personale politico indipendente che risponda solo al territorio stesso. Non \u00e9 pi\u00f9 tempo, e a dire il vero \u00e9 finito da un pezzo, dei partiti politici nazionali che non possono occuparsi delle nostre questioni e sui quali non possiamo contare. Lo si vede ogni giorno.<\/p>\n<p>Non resta che organizzarsi su base locale e fare fronte comune con le forze politiche provenienti da aree simili alla nostra. Le Alpi sono il contesto dove possiamo trovare le risposte. Una forza politica che metta assieme tutte le regioni alpine, non ideologica ma solo territoriale pu\u00f2 forse essere in grado di porre ai primi punti dell\u2019agenda del prossimo governo la questione montagna come questione esiziale per la sopravvivenza dell\u2019intero sistema delle Alpi. Senza politiche adeguate le nostre comunit\u00e0 sono destinate a scomparire e questo non \u00e9 di certo un bene nemmeno per la parte rimanente del Paese.<\/p>\n<p>Silvano Martini<\/p>","protected":false},"excerpt":{"rendered":"<p>Riguardo alla complessa riorganizzazione della Sanit\u00e0 veneta, per la parte che ci riguarda vedo che il progetto di area vasta con Treviso sta prendendo corpo. Sappiamo bene che il sistema sanitario rischia il collasso e necessita di economie urgenti ma non possiamo tollerare il fatto che queste avvengano sempre a discapito delle terre alte. Manca [&hellip;]<\/p>\n","protected":false},"author":2,"featured_media":0,"comment_status":"closed","ping_status":"open","sticky":false,"template":"","format":"standard","meta":{"footnotes":""},"categories":[26,17],"tags":[],"class_list":["post-44465","post","type-post","status-publish","format-standard","category-prima-pagina","category-sanita"],"yoast_head":"<!-- This site is optimized with the Yoast SEO plugin v28.4 - https:\/\/yoast.com\/product\/yoast-seo-wordpress\/ -->\n<title>Chi si occupa della sanit\u00e0 bellunese? * di Silvano Martini - Bellunopress - Dolomiti<\/title>\n<meta name=\"robots\" content=\"index, follow, max-snippet:-1, max-image-preview:large, max-video-preview:-1\" \/>\n<link rel=\"canonical\" href=\"https:\/\/www.bellunopress.it\/fr\/2012\/12\/04\/chi-si-occupa-della-sanita-bellunese-di-silvano-martini\/\" \/>\n<meta property=\"og:locale\" content=\"fr_FR\" \/>\n<meta property=\"og:type\" content=\"article\" \/>\n<meta property=\"og:title\" content=\"Chi si occupa della sanit\u00e0 bellunese? * di Silvano Martini - Bellunopress - Dolomiti\" \/>\n<meta property=\"og:description\" content=\"Riguardo alla complessa riorganizzazione della Sanit\u00e0 veneta, per la parte che ci riguarda vedo che il progetto di area vasta con Treviso sta prendendo corpo. Sappiamo bene che il sistema sanitario rischia il collasso e necessita di economie urgenti ma non possiamo tollerare il fatto che queste avvengano sempre a discapito delle terre alte. Manca [&hellip;]\" \/>\n<meta property=\"og:url\" content=\"https:\/\/www.bellunopress.it\/fr\/2012\/12\/04\/chi-si-occupa-della-sanita-bellunese-di-silvano-martini\/\" \/>\n<meta property=\"og:site_name\" content=\"Bellunopress - Dolomiti\" \/>\n<meta property=\"article:publisher\" content=\"https:\/\/www.facebook.com\/profile.php?id=100008943462799\" \/>\n<meta property=\"article:published_time\" content=\"2012-12-04T15:46:35+00:00\" \/>\n<meta property=\"og:image\" content=\"http:\/\/www.bellunopress.it\/wp-content\/uploads\/2012\/05\/Silvano-Martini.jpg\" \/>\n<meta name=\"author\" content=\"redazione\" \/>\n<meta name=\"twitter:card\" content=\"summary_large_image\" \/>\n<meta name=\"twitter:creator\" content=\"@bellunopress\" \/>\n<meta name=\"twitter:site\" content=\"@bellunopress\" \/>\n<meta name=\"twitter:label1\" content=\"\u00c9crit par\" \/>\n\t<meta name=\"twitter:data1\" content=\"redazione\" \/>\n\t<meta name=\"twitter:label2\" content=\"Dur\u00e9e de lecture estim\u00e9e\" \/>\n\t<meta name=\"twitter:data2\" content=\"2 minutes\" \/>\n<script type=\"application\/ld+json\" class=\"yoast-schema-graph\">{\"@context\":\"https:\\\/\\\/schema.org\",\"@graph\":[{\"@type\":\"Article\",\"@id\":\"https:\\\/\\\/www.bellunopress.it\\\/2012\\\/12\\\/04\\\/chi-si-occupa-della-sanita-bellunese-di-silvano-martini\\\/#article\",\"isPartOf\":{\"@id\":\"https:\\\/\\\/www.bellunopress.it\\\/2012\\\/12\\\/04\\\/chi-si-occupa-della-sanita-bellunese-di-silvano-martini\\\/\"},\"author\":{\"name\":\"redazione\",\"@id\":\"https:\\\/\\\/www.bellunopress.it\\\/#\\\/schema\\\/person\\\/79bb06722b37ece1c03d3e94beb30d73\"},\"headline\":\"Chi si occupa della sanit\u00e0 bellunese? * di Silvano Martini\",\"datePublished\":\"2012-12-04T15:46:35+00:00\",\"mainEntityOfPage\":{\"@id\":\"https:\\\/\\\/www.bellunopress.it\\\/2012\\\/12\\\/04\\\/chi-si-occupa-della-sanita-bellunese-di-silvano-martini\\\/\"},\"wordCount\":423,\"publisher\":{\"@id\":\"https:\\\/\\\/www.bellunopress.it\\\/#organization\"},\"image\":{\"@id\":\"https:\\\/\\\/www.bellunopress.it\\\/2012\\\/12\\\/04\\\/chi-si-occupa-della-sanita-bellunese-di-silvano-martini\\\/#primaryimage\"},\"thumbnailUrl\":\"http:\\\/\\\/www.bellunopress.it\\\/wp-content\\\/uploads\\\/2012\\\/05\\\/Silvano-Martini.jpg\",\"articleSection\":[\"Prima Pagina\",\"Sanit\u00e0 Medicina\"],\"inLanguage\":\"fr-FR\"},{\"@type\":\"WebPage\",\"@id\":\"https:\\\/\\\/www.bellunopress.it\\\/2012\\\/12\\\/04\\\/chi-si-occupa-della-sanita-bellunese-di-silvano-martini\\\/\",\"url\":\"https:\\\/\\\/www.bellunopress.it\\\/2012\\\/12\\\/04\\\/chi-si-occupa-della-sanita-bellunese-di-silvano-martini\\\/\",\"name\":\"Chi si occupa della sanit\u00e0 bellunese? * di Silvano Martini - Bellunopress - Dolomiti\",\"isPartOf\":{\"@id\":\"https:\\\/\\\/www.bellunopress.it\\\/#website\"},\"primaryImageOfPage\":{\"@id\":\"https:\\\/\\\/www.bellunopress.it\\\/2012\\\/12\\\/04\\\/chi-si-occupa-della-sanita-bellunese-di-silvano-martini\\\/#primaryimage\"},\"image\":{\"@id\":\"https:\\\/\\\/www.bellunopress.it\\\/2012\\\/12\\\/04\\\/chi-si-occupa-della-sanita-bellunese-di-silvano-martini\\\/#primaryimage\"},\"thumbnailUrl\":\"http:\\\/\\\/www.bellunopress.it\\\/wp-content\\\/uploads\\\/2012\\\/05\\\/Silvano-Martini.jpg\",\"datePublished\":\"2012-12-04T15:46:35+00:00\",\"breadcrumb\":{\"@id\":\"https:\\\/\\\/www.bellunopress.it\\\/2012\\\/12\\\/04\\\/chi-si-occupa-della-sanita-bellunese-di-silvano-martini\\\/#breadcrumb\"},\"inLanguage\":\"fr-FR\",\"potentialAction\":[{\"@type\":\"ReadAction\",\"target\":[\"https:\\\/\\\/www.bellunopress.it\\\/2012\\\/12\\\/04\\\/chi-si-occupa-della-sanita-bellunese-di-silvano-martini\\\/\"]}]},{\"@type\":\"ImageObject\",\"inLanguage\":\"fr-FR\",\"@id\":\"https:\\\/\\\/www.bellunopress.it\\\/2012\\\/12\\\/04\\\/chi-si-occupa-della-sanita-bellunese-di-silvano-martini\\\/#primaryimage\",\"url\":\"http:\\\/\\\/www.bellunopress.it\\\/wp-content\\\/uploads\\\/2012\\\/05\\\/Silvano-Martini.jpg\",\"contentUrl\":\"http:\\\/\\\/www.bellunopress.it\\\/wp-content\\\/uploads\\\/2012\\\/05\\\/Silvano-Martini.jpg\"},{\"@type\":\"BreadcrumbList\",\"@id\":\"https:\\\/\\\/www.bellunopress.it\\\/2012\\\/12\\\/04\\\/chi-si-occupa-della-sanita-bellunese-di-silvano-martini\\\/#breadcrumb\",\"itemListElement\":[{\"@type\":\"ListItem\",\"position\":1,\"name\":\"Home\",\"item\":\"https:\\\/\\\/www.bellunopress.it\\\/\"},{\"@type\":\"ListItem\",\"position\":2,\"name\":\"Chi si occupa della sanit\u00e0 bellunese? * di Silvano Martini\"}]},{\"@type\":\"WebSite\",\"@id\":\"https:\\\/\\\/www.bellunopress.it\\\/#website\",\"url\":\"https:\\\/\\\/www.bellunopress.it\\\/\",\"name\":\"Bellunopress - Dolomiti\",\"description\":\"e-mail: redazione@bellunopress.it\",\"publisher\":{\"@id\":\"https:\\\/\\\/www.bellunopress.it\\\/#organization\"},\"potentialAction\":[{\"@type\":\"SearchAction\",\"target\":{\"@type\":\"EntryPoint\",\"urlTemplate\":\"https:\\\/\\\/www.bellunopress.it\\\/?s={search_term_string}\"},\"query-input\":{\"@type\":\"PropertyValueSpecification\",\"valueRequired\":true,\"valueName\":\"search_term_string\"}}],\"inLanguage\":\"fr-FR\"},{\"@type\":\"Organization\",\"@id\":\"https:\\\/\\\/www.bellunopress.it\\\/#organization\",\"name\":\"Bellunopress\",\"url\":\"https:\\\/\\\/www.bellunopress.it\\\/\",\"logo\":{\"@type\":\"ImageObject\",\"inLanguage\":\"fr-FR\",\"@id\":\"https:\\\/\\\/www.bellunopress.it\\\/#\\\/schema\\\/logo\\\/image\\\/\",\"url\":\"https:\\\/\\\/www.bellunopress.it\\\/wp-content\\\/uploads\\\/2011\\\/05\\\/cropped-logo-bellunopress-.jpg\",\"contentUrl\":\"https:\\\/\\\/www.bellunopress.it\\\/wp-content\\\/uploads\\\/2011\\\/05\\\/cropped-logo-bellunopress-.jpg\",\"width\":512,\"height\":512,\"caption\":\"Bellunopress\"},\"image\":{\"@id\":\"https:\\\/\\\/www.bellunopress.it\\\/#\\\/schema\\\/logo\\\/image\\\/\"},\"sameAs\":[\"https:\\\/\\\/www.facebook.com\\\/profile.php?id=100008943462799\",\"https:\\\/\\\/x.com\\\/bellunopress\",\"https:\\\/\\\/www.linkedin.com\\\/hp\\\/?dnr=JBzUWaJfMUw8vbXJJ2tVW5-I3jZKvC4wsoxE&amp;amp;amp;amp;amp;amp;trk=nav_responsive_tab_home\",\"https:\\\/\\\/www.youtube.com\\\/channel\\\/UCxL0wu1uN0_3_7hGG0306cw\"]},{\"@type\":\"Person\",\"@id\":\"https:\\\/\\\/www.bellunopress.it\\\/#\\\/schema\\\/person\\\/79bb06722b37ece1c03d3e94beb30d73\",\"name\":\"redazione\",\"image\":{\"@type\":\"ImageObject\",\"inLanguage\":\"fr-FR\",\"@id\":\"https:\\\/\\\/secure.gravatar.com\\\/avatar\\\/37d968a2e67a6fd04c169c4bdef102d0bc5d31b2546345219e348575eb80e9a0?s=96&d=mm&r=g\",\"url\":\"https:\\\/\\\/secure.gravatar.com\\\/avatar\\\/37d968a2e67a6fd04c169c4bdef102d0bc5d31b2546345219e348575eb80e9a0?s=96&d=mm&r=g\",\"contentUrl\":\"https:\\\/\\\/secure.gravatar.com\\\/avatar\\\/37d968a2e67a6fd04c169c4bdef102d0bc5d31b2546345219e348575eb80e9a0?s=96&d=mm&r=g\",\"caption\":\"redazione\"},\"sameAs\":[\"http:\\\/\\\/www.bellunopress.it\",\"https:\\\/\\\/x.com\\\/bellunopress\"],\"url\":\"https:\\\/\\\/www.bellunopress.it\\\/fr\\\/author\\\/redazione\\\/\"}]}<\/script>\n<!-- \/ Yoast SEO plugin. -->","yoast_head_json":{"title":"Chi si occupa della sanit\u00e0 bellunese? * di Silvano Martini - Bellunopress - Dolomiti","robots":{"index":"index","follow":"follow","max-snippet":"max-snippet:-1","max-image-preview":"max-image-preview:large","max-video-preview":"max-video-preview:-1"},"canonical":"https:\/\/www.bellunopress.it\/fr\/2012\/12\/04\/chi-si-occupa-della-sanita-bellunese-di-silvano-martini\/","og_locale":"fr_FR","og_type":"article","og_title":"Chi si occupa della sanit\u00e0 bellunese? * di Silvano Martini - Bellunopress - Dolomiti","og_description":"Riguardo alla complessa riorganizzazione della Sanit\u00e0 veneta, per la parte che ci riguarda vedo che il progetto di area vasta con Treviso sta prendendo corpo. Sappiamo bene che il sistema sanitario rischia il collasso e necessita di economie urgenti ma non possiamo tollerare il fatto che queste avvengano sempre a discapito delle terre alte. Manca [&hellip;]","og_url":"https:\/\/www.bellunopress.it\/fr\/2012\/12\/04\/chi-si-occupa-della-sanita-bellunese-di-silvano-martini\/","og_site_name":"Bellunopress - Dolomiti","article_publisher":"https:\/\/www.facebook.com\/profile.php?id=100008943462799","article_published_time":"2012-12-04T15:46:35+00:00","og_image":[{"url":"http:\/\/www.bellunopress.it\/wp-content\/uploads\/2012\/05\/Silvano-Martini.jpg","type":"","width":"","height":""}],"author":"redazione","twitter_card":"summary_large_image","twitter_creator":"@bellunopress","twitter_site":"@bellunopress","twitter_misc":{"\u00c9crit par":"redazione","Dur\u00e9e de lecture estim\u00e9e":"2 minutes"},"schema":{"@context":"https:\/\/schema.org","@graph":[{"@type":"Article","@id":"https:\/\/www.bellunopress.it\/2012\/12\/04\/chi-si-occupa-della-sanita-bellunese-di-silvano-martini\/#article","isPartOf":{"@id":"https:\/\/www.bellunopress.it\/2012\/12\/04\/chi-si-occupa-della-sanita-bellunese-di-silvano-martini\/"},"author":{"name":"redazione","@id":"https:\/\/www.bellunopress.it\/#\/schema\/person\/79bb06722b37ece1c03d3e94beb30d73"},"headline":"Chi si occupa della sanit\u00e0 bellunese? * di Silvano Martini","datePublished":"2012-12-04T15:46:35+00:00","mainEntityOfPage":{"@id":"https:\/\/www.bellunopress.it\/2012\/12\/04\/chi-si-occupa-della-sanita-bellunese-di-silvano-martini\/"},"wordCount":423,"publisher":{"@id":"https:\/\/www.bellunopress.it\/#organization"},"image":{"@id":"https:\/\/www.bellunopress.it\/2012\/12\/04\/chi-si-occupa-della-sanita-bellunese-di-silvano-martini\/#primaryimage"},"thumbnailUrl":"http:\/\/www.bellunopress.it\/wp-content\/uploads\/2012\/05\/Silvano-Martini.jpg","articleSection":["Prima Pagina","Sanit\u00e0 Medicina"],"inLanguage":"fr-FR"},{"@type":"WebPage","@id":"https:\/\/www.bellunopress.it\/2012\/12\/04\/chi-si-occupa-della-sanita-bellunese-di-silvano-martini\/","url":"https:\/\/www.bellunopress.it\/2012\/12\/04\/chi-si-occupa-della-sanita-bellunese-di-silvano-martini\/","name":"Chi si occupa della sanit\u00e0 bellunese? * di Silvano Martini - Bellunopress - Dolomiti","isPartOf":{"@id":"https:\/\/www.bellunopress.it\/#website"},"primaryImageOfPage":{"@id":"https:\/\/www.bellunopress.it\/2012\/12\/04\/chi-si-occupa-della-sanita-bellunese-di-silvano-martini\/#primaryimage"},"image":{"@id":"https:\/\/www.bellunopress.it\/2012\/12\/04\/chi-si-occupa-della-sanita-bellunese-di-silvano-martini\/#primaryimage"},"thumbnailUrl":"http:\/\/www.bellunopress.it\/wp-content\/uploads\/2012\/05\/Silvano-Martini.jpg","datePublished":"2012-12-04T15:46:35+00:00","breadcrumb":{"@id":"https:\/\/www.bellunopress.it\/2012\/12\/04\/chi-si-occupa-della-sanita-bellunese-di-silvano-martini\/#breadcrumb"},"inLanguage":"fr-FR","potentialAction":[{"@type":"ReadAction","target":["https:\/\/www.bellunopress.it\/2012\/12\/04\/chi-si-occupa-della-sanita-bellunese-di-silvano-martini\/"]}]},{"@type":"ImageObject","inLanguage":"fr-FR","@id":"https:\/\/www.bellunopress.it\/2012\/12\/04\/chi-si-occupa-della-sanita-bellunese-di-silvano-martini\/#primaryimage","url":"http:\/\/www.bellunopress.it\/wp-content\/uploads\/2012\/05\/Silvano-Martini.jpg","contentUrl":"http:\/\/www.bellunopress.it\/wp-content\/uploads\/2012\/05\/Silvano-Martini.jpg"},{"@type":"BreadcrumbList","@id":"https:\/\/www.bellunopress.it\/2012\/12\/04\/chi-si-occupa-della-sanita-bellunese-di-silvano-martini\/#breadcrumb","itemListElement":[{"@type":"ListItem","position":1,"name":"Home","item":"https:\/\/www.bellunopress.it\/"},{"@type":"ListItem","position":2,"name":"Chi si occupa della sanit\u00e0 bellunese? * di Silvano Martini"}]},{"@type":"WebSite","@id":"https:\/\/www.bellunopress.it\/#website","url":"https:\/\/www.bellunopress.it\/","name":"Bellunopress - Dolomiti","description":"e-mail: redazione@bellunopress.it","publisher":{"@id":"https:\/\/www.bellunopress.it\/#organization"},"potentialAction":[{"@type":"SearchAction","target":{"@type":"EntryPoint","urlTemplate":"https:\/\/www.bellunopress.it\/?s={search_term_string}"},"query-input":{"@type":"PropertyValueSpecification","valueRequired":true,"valueName":"search_term_string"}}],"inLanguage":"fr-FR"},{"@type":"Organization","@id":"https:\/\/www.bellunopress.it\/#organization","name":"Bellunopress","url":"https:\/\/www.bellunopress.it\/","logo":{"@type":"ImageObject","inLanguage":"fr-FR","@id":"https:\/\/www.bellunopress.it\/#\/schema\/logo\/image\/","url":"https:\/\/www.bellunopress.it\/wp-content\/uploads\/2011\/05\/cropped-logo-bellunopress-.jpg","contentUrl":"https:\/\/www.bellunopress.it\/wp-content\/uploads\/2011\/05\/cropped-logo-bellunopress-.jpg","width":512,"height":512,"caption":"Bellunopress"},"image":{"@id":"https:\/\/www.bellunopress.it\/#\/schema\/logo\/image\/"},"sameAs":["https:\/\/www.facebook.com\/profile.php?id=100008943462799","https:\/\/x.com\/bellunopress","https:\/\/www.linkedin.com\/hp\/?dnr=JBzUWaJfMUw8vbXJJ2tVW5-I3jZKvC4wsoxE&amp;amp;amp;amp;amp;amp;trk=nav_responsive_tab_home","https:\/\/www.youtube.com\/channel\/UCxL0wu1uN0_3_7hGG0306cw"]},{"@type":"Person","@id":"https:\/\/www.bellunopress.it\/#\/schema\/person\/79bb06722b37ece1c03d3e94beb30d73","name":"r\u00e9daction","image":{"@type":"ImageObject","inLanguage":"fr-FR","@id":"https:\/\/secure.gravatar.com\/avatar\/37d968a2e67a6fd04c169c4bdef102d0bc5d31b2546345219e348575eb80e9a0?s=96&d=mm&r=g","url":"https:\/\/secure.gravatar.com\/avatar\/37d968a2e67a6fd04c169c4bdef102d0bc5d31b2546345219e348575eb80e9a0?s=96&d=mm&r=g","contentUrl":"https:\/\/secure.gravatar.com\/avatar\/37d968a2e67a6fd04c169c4bdef102d0bc5d31b2546345219e348575eb80e9a0?s=96&d=mm&r=g","caption":"redazione"},"sameAs":["http:\/\/www.bellunopress.it","https:\/\/x.com\/bellunopress"],"url":"https:\/\/www.bellunopress.it\/fr\/author\/redazione\/"}]}},"_links":{"self":[{"href":"https:\/\/www.bellunopress.it\/fr\/wp-json\/wp\/v2\/posts\/44465","targetHints":{"allow":["GET"]}}],"collection":[{"href":"https:\/\/www.bellunopress.it\/fr\/wp-json\/wp\/v2\/posts"}],"about":[{"href":"https:\/\/www.bellunopress.it\/fr\/wp-json\/wp\/v2\/types\/post"}],"author":[{"embeddable":true,"href":"https:\/\/www.bellunopress.it\/fr\/wp-json\/wp\/v2\/users\/2"}],"replies":[{"embeddable":true,"href":"https:\/\/www.bellunopress.it\/fr\/wp-json\/wp\/v2\/comments?post=44465"}],"version-history":[{"count":1,"href":"https:\/\/www.bellunopress.it\/fr\/wp-json\/wp\/v2\/posts\/44465\/revisions"}],"predecessor-version":[{"id":44466,"href":"https:\/\/www.bellunopress.it\/fr\/wp-json\/wp\/v2\/posts\/44465\/revisions\/44466"}],"wp:attachment":[{"href":"https:\/\/www.bellunopress.it\/fr\/wp-json\/wp\/v2\/media?parent=44465"}],"wp:term":[{"taxonomy":"category","embeddable":true,"href":"https:\/\/www.bellunopress.it\/fr\/wp-json\/wp\/v2\/categories?post=44465"},{"taxonomy":"post_tag","embeddable":true,"href":"https:\/\/www.bellunopress.it\/fr\/wp-json\/wp\/v2\/tags?post=44465"}],"curies":[{"name":"wp","href":"https:\/\/api.w.org\/{rel}","templated":true}]}}