{"id":44463,"date":"2012-12-04T16:43:24","date_gmt":"2012-12-04T15:43:24","guid":{"rendered":"http:\/\/www.bellunopress.it\/?p=44463"},"modified":"2012-12-04T16:43:24","modified_gmt":"2012-12-04T15:43:24","slug":"sanita-bellunese-claudia-bettiol-la-salute-e-un-diritto-da-salvaguardare-la-sanita-non-puo-essere-delocalizzata","status":"publish","type":"post","link":"https:\/\/www.bellunopress.it\/fr\/2012\/12\/04\/sanita-bellunese-claudia-bettiol-la-salute-e-un-diritto-da-salvaguardare-la-sanita-non-puo-essere-delocalizzata\/","title":{"rendered":"Sanit\u00e0 bellunese. Claudia Bettiol: &#8220;La salute \u00e8 un diritto da salvaguardare. La sanit\u00e0 non  pu\u00f2 essere delocalizzata!&#8221;"},"content":{"rendered":"<figure id=\"attachment_38019\" aria-describedby=\"caption-attachment-38019\" style=\"width: 246px\" class=\"wp-caption alignright\"><a href=\"http:\/\/www.bellunopress.it\/wp-content\/uploads\/2012\/05\/claudia-bettiol-1.jpg\"><img loading=\"lazy\" decoding=\"async\" class=\"size-full wp-image-38019\" title=\"claudia bettiol 1\" src=\"http:\/\/www.bellunopress.it\/wp-content\/uploads\/2012\/05\/claudia-bettiol-1.jpg\" alt=\"\" width=\"246\" height=\"290\" \/><\/a><figcaption id=\"caption-attachment-38019\" class=\"wp-caption-text\">Claudia Bettiol capogruppo Pd<\/figcaption><\/figure>\n<p>&#8220;Abbiamo appreso oggi dai mezzi di comunicazione che nel piano di riorganizzazione sanitaria che la Regione Veneto si appresta a varare \u00e8 prevista la soppressione di cinque fondamentali reparti dell\u2019ospedale di Belluno. Tutto ci\u00f2 verrebbe fatto in attuazione della legge nazionale sulla spending review che, in campo sanitario, prevede che ci possano essere 3,7 posti letto ogni mille abitanti, di cui tre per acuti e 0,7 per lungodegenti&#8221;.<\/p>\n<p>Lo scrive in una nota Claudia Bettiol, capogruppo del Partito democratico in Comune di Belluno.<\/p>\n<p>&#8220;E\u2019 poi in fase di approvazione da parte del governo il decreto interministeriale che dovrebbe introdurre nuovi pesantissimi standard.\u00a0La bozza del decreto prevede che il taglio dei posti letto in eccesso venga effettuato non a macchia di leopardo, cio\u00e8 taglio dei posti letto distribuito nei diversi reparti, ma in modo verticale, vale a dire per interi reparti.<\/p>\n<p>Se il singolo reparto non ha un certo bacino di utenti e predeterminati volumi di attivit\u00e0 viene eliminato, con la conseguenza che si prospettano tagli pesanti per le specialit\u00e0.<\/p>\n<p>Gi\u00e0 la conferenza stato-regioni ha fortemente criticato ed espresso la propria contrariet\u00e0 a simile provvedimento, ma se il testo passer\u00e0 cos\u00ec com\u2019\u00e8, le regioni dovranno adeguarsi entro il 31.12.2012.<\/p>\n<p>Per Belluno &#8211; prosegue la nota di Claudia Bettiol &#8211; \u00a0l\u2019attuazione del provvedimento comporterebbe l\u2019eliminazione di reparti importantissimi, che verrebbero accorpati a Treviso, quali la radioterapia, la neurochirurgia, la dermatologia, la gastroenterologia, le malattie infettive.<\/p>\n<p>Tutto ci\u00f2 comporterebbe un inevitabile declassamento dell\u2019ospedale di Belluno e un gravissimo disagio per i cittadini di tutta la provincia.<\/p>\n<p>Come si pu\u00f2 pensare che non soltanto un cittadino del capoluogo bellunese, ma un cittadino della parte alta della provincia possa essere costretto a sottoporsi a cure radioterapiche a Treviso? Soprattutto in una provincia come la nostra che, purtroppo, in tutte le statistiche nazionali registra un\u2019altissima percentuale di malati di tumore.<\/p>\n<p>Belluno, provincia montana a vocazione turistica e il suo capoluogo, non possono accettare di veder tagliato sul territorio uno dei principali servizi alla persona: la sanit\u00e0.<\/p>\n<p>Il diritto alla salute va tutelato a tutte le latitudini &#8211; sostiene Claudia Bettiol &#8211; , e in modo ancor pi\u00f9 determinato e deciso in un territorio montano come il nostro, con tutti i problemi di viabilit\u00e0 e di distanze tra le sue varie parti, e a forte vocazione turistica.<\/p>\n<p>E\u2019 impensabile, poi, che un forte declassamento dell\u2019ospedale cittadino non abbia conseguenze sugli ospedali di Pieve di Cadore e di Agordo, con grave danno per le comunit\u00e0 del Cadore e dell\u2019Agordino.<\/p>\n<p>Certamente, in un\u2019epoca di risorse scarse e non illimitate, \u00e8 necessario razionalizzare la spesa sanitaria ed eliminare gli sprechi: tutto ci\u00f2, per\u00f2, non pu\u00f2 avvenire sempre a carico dei cittadini, in questo caso utenti del servizio sanitario nazionale, e soprattutto della montagna.<\/p>\n<p>Chiedo che le istituzioni si facciano carico ed affrontino la situazione che si sta prospettando, accanto ai cittadini che si sono riuniti nei comitati per la salute e stanno facendo una forte battaglia da molti mesi.<\/p>\n<p>Al pi\u00f9 presto \u00e8 necessario che venga convocata la conferenza dei sindaci, presieduta dal capoluogo di Belluno, affinch\u00e9 prenda una posizione chiara e unita nei confronti della Regione, che non permetta che da Belluno non si sposti neanche un solo reparto.<\/p>\n<p>I nostri principali servizi sanitari dovranno essere resi ancora pi\u00f9 precisi e all\u2019avanguardia, poich\u00e9 su di essi si basa la dignit\u00e0 della persona e la vivibilit\u00e0 di un territorio.<\/p>\n<p>Non dovremo lasciarci mettere i piedi in testa da Venezia &#8211; conclude la nota del capogruppo del Pd in consiglio comunale &#8211; , e la Regione non pensi di renderci dipendenti da Treviso o da altre cittadelle sanitarie della pianura&#8221;.<\/p>\n<p>&nbsp;<\/p>","protected":false},"excerpt":{"rendered":"<p>&#8220;Abbiamo appreso oggi dai mezzi di comunicazione che nel piano di riorganizzazione sanitaria che la Regione Veneto si appresta a varare \u00e8 prevista la soppressione di cinque fondamentali reparti dell\u2019ospedale di Belluno. Tutto ci\u00f2 verrebbe fatto in attuazione della legge nazionale sulla spending review che, in campo sanitario, prevede che ci possano essere 3,7 posti [&hellip;]<\/p>\n","protected":false},"author":2,"featured_media":0,"comment_status":"closed","ping_status":"open","sticky":false,"template":"","format":"standard","meta":{"footnotes":""},"categories":[5,17],"tags":[],"class_list":["post-44463","post","type-post","status-publish","format-standard","category-cronaca","category-sanita"],"yoast_head":"<!-- This site is optimized with the Yoast SEO plugin v28.4 - https:\/\/yoast.com\/product\/yoast-seo-wordpress\/ -->\n<title>Sanit\u00e0 bellunese. Claudia Bettiol: &quot;La salute \u00e8 un diritto da salvaguardare. La sanit\u00e0 non pu\u00f2 essere delocalizzata!&quot; - Bellunopress - Dolomiti<\/title>\n<meta name=\"robots\" content=\"index, follow, max-snippet:-1, max-image-preview:large, max-video-preview:-1\" \/>\n<link rel=\"canonical\" href=\"https:\/\/www.bellunopress.it\/fr\/2012\/12\/04\/sanita-bellunese-claudia-bettiol-la-salute-e-un-diritto-da-salvaguardare-la-sanita-non-puo-essere-delocalizzata\/\" \/>\n<meta property=\"og:locale\" content=\"fr_FR\" \/>\n<meta property=\"og:type\" content=\"article\" \/>\n<meta property=\"og:title\" content=\"Sanit\u00e0 bellunese. Claudia Bettiol: &quot;La salute \u00e8 un diritto da salvaguardare. La sanit\u00e0 non pu\u00f2 essere delocalizzata!&quot; - Bellunopress - Dolomiti\" \/>\n<meta property=\"og:description\" content=\"&#8220;Abbiamo appreso oggi dai mezzi di comunicazione che nel piano di riorganizzazione sanitaria che la Regione Veneto si appresta a varare \u00e8 prevista la soppressione di cinque fondamentali reparti dell\u2019ospedale di Belluno. Tutto ci\u00f2 verrebbe fatto in attuazione della legge nazionale sulla spending review che, in campo sanitario, prevede che ci possano essere 3,7 posti [&hellip;]\" \/>\n<meta property=\"og:url\" content=\"https:\/\/www.bellunopress.it\/fr\/2012\/12\/04\/sanita-bellunese-claudia-bettiol-la-salute-e-un-diritto-da-salvaguardare-la-sanita-non-puo-essere-delocalizzata\/\" \/>\n<meta property=\"og:site_name\" content=\"Bellunopress - Dolomiti\" \/>\n<meta property=\"article:publisher\" content=\"https:\/\/www.facebook.com\/profile.php?id=100008943462799\" \/>\n<meta property=\"article:published_time\" content=\"2012-12-04T15:43:24+00:00\" \/>\n<meta property=\"og:image\" content=\"http:\/\/www.bellunopress.it\/wp-content\/uploads\/2012\/05\/claudia-bettiol-1.jpg\" \/>\n<meta name=\"author\" content=\"redazione\" \/>\n<meta name=\"twitter:card\" content=\"summary_large_image\" \/>\n<meta name=\"twitter:creator\" content=\"@bellunopress\" \/>\n<meta name=\"twitter:site\" content=\"@bellunopress\" \/>\n<meta name=\"twitter:label1\" content=\"\u00c9crit par\" \/>\n\t<meta name=\"twitter:data1\" content=\"redazione\" \/>\n\t<meta name=\"twitter:label2\" content=\"Dur\u00e9e de lecture estim\u00e9e\" \/>\n\t<meta name=\"twitter:data2\" content=\"3 minutes\" \/>\n<script type=\"application\/ld+json\" class=\"yoast-schema-graph\">{\"@context\":\"https:\\\/\\\/schema.org\",\"@graph\":[{\"@type\":\"Article\",\"@id\":\"https:\\\/\\\/www.bellunopress.it\\\/2012\\\/12\\\/04\\\/sanita-bellunese-claudia-bettiol-la-salute-e-un-diritto-da-salvaguardare-la-sanita-non-puo-essere-delocalizzata\\\/#article\",\"isPartOf\":{\"@id\":\"https:\\\/\\\/www.bellunopress.it\\\/2012\\\/12\\\/04\\\/sanita-bellunese-claudia-bettiol-la-salute-e-un-diritto-da-salvaguardare-la-sanita-non-puo-essere-delocalizzata\\\/\"},\"author\":{\"name\":\"redazione\",\"@id\":\"https:\\\/\\\/www.bellunopress.it\\\/#\\\/schema\\\/person\\\/79bb06722b37ece1c03d3e94beb30d73\"},\"headline\":\"Sanit\u00e0 bellunese. Claudia Bettiol: &#8220;La salute \u00e8 un diritto da salvaguardare. La sanit\u00e0 non pu\u00f2 essere delocalizzata!&#8221;\",\"datePublished\":\"2012-12-04T15:43:24+00:00\",\"mainEntityOfPage\":{\"@id\":\"https:\\\/\\\/www.bellunopress.it\\\/2012\\\/12\\\/04\\\/sanita-bellunese-claudia-bettiol-la-salute-e-un-diritto-da-salvaguardare-la-sanita-non-puo-essere-delocalizzata\\\/\"},\"wordCount\":629,\"publisher\":{\"@id\":\"https:\\\/\\\/www.bellunopress.it\\\/#organization\"},\"image\":{\"@id\":\"https:\\\/\\\/www.bellunopress.it\\\/2012\\\/12\\\/04\\\/sanita-bellunese-claudia-bettiol-la-salute-e-un-diritto-da-salvaguardare-la-sanita-non-puo-essere-delocalizzata\\\/#primaryimage\"},\"thumbnailUrl\":\"http:\\\/\\\/www.bellunopress.it\\\/wp-content\\\/uploads\\\/2012\\\/05\\\/claudia-bettiol-1.jpg\",\"articleSection\":[\"Cronaca\\\/Politica\",\"Sanit\u00e0 Medicina\"],\"inLanguage\":\"fr-FR\"},{\"@type\":\"WebPage\",\"@id\":\"https:\\\/\\\/www.bellunopress.it\\\/2012\\\/12\\\/04\\\/sanita-bellunese-claudia-bettiol-la-salute-e-un-diritto-da-salvaguardare-la-sanita-non-puo-essere-delocalizzata\\\/\",\"url\":\"https:\\\/\\\/www.bellunopress.it\\\/2012\\\/12\\\/04\\\/sanita-bellunese-claudia-bettiol-la-salute-e-un-diritto-da-salvaguardare-la-sanita-non-puo-essere-delocalizzata\\\/\",\"name\":\"Sanit\u00e0 bellunese. Claudia Bettiol: \\\"La salute \u00e8 un diritto da salvaguardare. La sanit\u00e0 non pu\u00f2 essere delocalizzata!\\\" - Bellunopress - Dolomiti\",\"isPartOf\":{\"@id\":\"https:\\\/\\\/www.bellunopress.it\\\/#website\"},\"primaryImageOfPage\":{\"@id\":\"https:\\\/\\\/www.bellunopress.it\\\/2012\\\/12\\\/04\\\/sanita-bellunese-claudia-bettiol-la-salute-e-un-diritto-da-salvaguardare-la-sanita-non-puo-essere-delocalizzata\\\/#primaryimage\"},\"image\":{\"@id\":\"https:\\\/\\\/www.bellunopress.it\\\/2012\\\/12\\\/04\\\/sanita-bellunese-claudia-bettiol-la-salute-e-un-diritto-da-salvaguardare-la-sanita-non-puo-essere-delocalizzata\\\/#primaryimage\"},\"thumbnailUrl\":\"http:\\\/\\\/www.bellunopress.it\\\/wp-content\\\/uploads\\\/2012\\\/05\\\/claudia-bettiol-1.jpg\",\"datePublished\":\"2012-12-04T15:43:24+00:00\",\"breadcrumb\":{\"@id\":\"https:\\\/\\\/www.bellunopress.it\\\/2012\\\/12\\\/04\\\/sanita-bellunese-claudia-bettiol-la-salute-e-un-diritto-da-salvaguardare-la-sanita-non-puo-essere-delocalizzata\\\/#breadcrumb\"},\"inLanguage\":\"fr-FR\",\"potentialAction\":[{\"@type\":\"ReadAction\",\"target\":[\"https:\\\/\\\/www.bellunopress.it\\\/2012\\\/12\\\/04\\\/sanita-bellunese-claudia-bettiol-la-salute-e-un-diritto-da-salvaguardare-la-sanita-non-puo-essere-delocalizzata\\\/\"]}]},{\"@type\":\"ImageObject\",\"inLanguage\":\"fr-FR\",\"@id\":\"https:\\\/\\\/www.bellunopress.it\\\/2012\\\/12\\\/04\\\/sanita-bellunese-claudia-bettiol-la-salute-e-un-diritto-da-salvaguardare-la-sanita-non-puo-essere-delocalizzata\\\/#primaryimage\",\"url\":\"http:\\\/\\\/www.bellunopress.it\\\/wp-content\\\/uploads\\\/2012\\\/05\\\/claudia-bettiol-1.jpg\",\"contentUrl\":\"http:\\\/\\\/www.bellunopress.it\\\/wp-content\\\/uploads\\\/2012\\\/05\\\/claudia-bettiol-1.jpg\"},{\"@type\":\"BreadcrumbList\",\"@id\":\"https:\\\/\\\/www.bellunopress.it\\\/2012\\\/12\\\/04\\\/sanita-bellunese-claudia-bettiol-la-salute-e-un-diritto-da-salvaguardare-la-sanita-non-puo-essere-delocalizzata\\\/#breadcrumb\",\"itemListElement\":[{\"@type\":\"ListItem\",\"position\":1,\"name\":\"Home\",\"item\":\"https:\\\/\\\/www.bellunopress.it\\\/\"},{\"@type\":\"ListItem\",\"position\":2,\"name\":\"Sanit\u00e0 bellunese. Claudia Bettiol: &#8220;La salute \u00e8 un diritto da salvaguardare. La sanit\u00e0 non pu\u00f2 essere delocalizzata!&#8221;\"}]},{\"@type\":\"WebSite\",\"@id\":\"https:\\\/\\\/www.bellunopress.it\\\/#website\",\"url\":\"https:\\\/\\\/www.bellunopress.it\\\/\",\"name\":\"Bellunopress - Dolomiti\",\"description\":\"e-mail: redazione@bellunopress.it\",\"publisher\":{\"@id\":\"https:\\\/\\\/www.bellunopress.it\\\/#organization\"},\"potentialAction\":[{\"@type\":\"SearchAction\",\"target\":{\"@type\":\"EntryPoint\",\"urlTemplate\":\"https:\\\/\\\/www.bellunopress.it\\\/?s={search_term_string}\"},\"query-input\":{\"@type\":\"PropertyValueSpecification\",\"valueRequired\":true,\"valueName\":\"search_term_string\"}}],\"inLanguage\":\"fr-FR\"},{\"@type\":\"Organization\",\"@id\":\"https:\\\/\\\/www.bellunopress.it\\\/#organization\",\"name\":\"Bellunopress\",\"url\":\"https:\\\/\\\/www.bellunopress.it\\\/\",\"logo\":{\"@type\":\"ImageObject\",\"inLanguage\":\"fr-FR\",\"@id\":\"https:\\\/\\\/www.bellunopress.it\\\/#\\\/schema\\\/logo\\\/image\\\/\",\"url\":\"https:\\\/\\\/www.bellunopress.it\\\/wp-content\\\/uploads\\\/2011\\\/05\\\/cropped-logo-bellunopress-.jpg\",\"contentUrl\":\"https:\\\/\\\/www.bellunopress.it\\\/wp-content\\\/uploads\\\/2011\\\/05\\\/cropped-logo-bellunopress-.jpg\",\"width\":512,\"height\":512,\"caption\":\"Bellunopress\"},\"image\":{\"@id\":\"https:\\\/\\\/www.bellunopress.it\\\/#\\\/schema\\\/logo\\\/image\\\/\"},\"sameAs\":[\"https:\\\/\\\/www.facebook.com\\\/profile.php?id=100008943462799\",\"https:\\\/\\\/x.com\\\/bellunopress\",\"https:\\\/\\\/www.linkedin.com\\\/hp\\\/?dnr=JBzUWaJfMUw8vbXJJ2tVW5-I3jZKvC4wsoxE&amp;amp;amp;amp;amp;amp;trk=nav_responsive_tab_home\",\"https:\\\/\\\/www.youtube.com\\\/channel\\\/UCxL0wu1uN0_3_7hGG0306cw\"]},{\"@type\":\"Person\",\"@id\":\"https:\\\/\\\/www.bellunopress.it\\\/#\\\/schema\\\/person\\\/79bb06722b37ece1c03d3e94beb30d73\",\"name\":\"redazione\",\"image\":{\"@type\":\"ImageObject\",\"inLanguage\":\"fr-FR\",\"@id\":\"https:\\\/\\\/secure.gravatar.com\\\/avatar\\\/37d968a2e67a6fd04c169c4bdef102d0bc5d31b2546345219e348575eb80e9a0?s=96&d=mm&r=g\",\"url\":\"https:\\\/\\\/secure.gravatar.com\\\/avatar\\\/37d968a2e67a6fd04c169c4bdef102d0bc5d31b2546345219e348575eb80e9a0?s=96&d=mm&r=g\",\"contentUrl\":\"https:\\\/\\\/secure.gravatar.com\\\/avatar\\\/37d968a2e67a6fd04c169c4bdef102d0bc5d31b2546345219e348575eb80e9a0?s=96&d=mm&r=g\",\"caption\":\"redazione\"},\"sameAs\":[\"http:\\\/\\\/www.bellunopress.it\",\"https:\\\/\\\/x.com\\\/bellunopress\"],\"url\":\"https:\\\/\\\/www.bellunopress.it\\\/fr\\\/author\\\/redazione\\\/\"}]}<\/script>\n<!-- \/ Yoast SEO plugin. -->","yoast_head_json":{"title":"Sanit\u00e0 bellunese. Claudia Bettiol: \"La salute \u00e8 un diritto da salvaguardare. La sanit\u00e0 non pu\u00f2 essere delocalizzata!\" - Bellunopress - Dolomiti","robots":{"index":"index","follow":"follow","max-snippet":"max-snippet:-1","max-image-preview":"max-image-preview:large","max-video-preview":"max-video-preview:-1"},"canonical":"https:\/\/www.bellunopress.it\/fr\/2012\/12\/04\/sanita-bellunese-claudia-bettiol-la-salute-e-un-diritto-da-salvaguardare-la-sanita-non-puo-essere-delocalizzata\/","og_locale":"fr_FR","og_type":"article","og_title":"Sanit\u00e0 bellunese. Claudia Bettiol: \"La salute \u00e8 un diritto da salvaguardare. La sanit\u00e0 non pu\u00f2 essere delocalizzata!\" - Bellunopress - Dolomiti","og_description":"&#8220;Abbiamo appreso oggi dai mezzi di comunicazione che nel piano di riorganizzazione sanitaria che la Regione Veneto si appresta a varare \u00e8 prevista la soppressione di cinque fondamentali reparti dell\u2019ospedale di Belluno. Tutto ci\u00f2 verrebbe fatto in attuazione della legge nazionale sulla spending review che, in campo sanitario, prevede che ci possano essere 3,7 posti [&hellip;]","og_url":"https:\/\/www.bellunopress.it\/fr\/2012\/12\/04\/sanita-bellunese-claudia-bettiol-la-salute-e-un-diritto-da-salvaguardare-la-sanita-non-puo-essere-delocalizzata\/","og_site_name":"Bellunopress - Dolomiti","article_publisher":"https:\/\/www.facebook.com\/profile.php?id=100008943462799","article_published_time":"2012-12-04T15:43:24+00:00","og_image":[{"url":"http:\/\/www.bellunopress.it\/wp-content\/uploads\/2012\/05\/claudia-bettiol-1.jpg","type":"","width":"","height":""}],"author":"redazione","twitter_card":"summary_large_image","twitter_creator":"@bellunopress","twitter_site":"@bellunopress","twitter_misc":{"\u00c9crit par":"redazione","Dur\u00e9e de lecture estim\u00e9e":"3 minutes"},"schema":{"@context":"https:\/\/schema.org","@graph":[{"@type":"Article","@id":"https:\/\/www.bellunopress.it\/2012\/12\/04\/sanita-bellunese-claudia-bettiol-la-salute-e-un-diritto-da-salvaguardare-la-sanita-non-puo-essere-delocalizzata\/#article","isPartOf":{"@id":"https:\/\/www.bellunopress.it\/2012\/12\/04\/sanita-bellunese-claudia-bettiol-la-salute-e-un-diritto-da-salvaguardare-la-sanita-non-puo-essere-delocalizzata\/"},"author":{"name":"redazione","@id":"https:\/\/www.bellunopress.it\/#\/schema\/person\/79bb06722b37ece1c03d3e94beb30d73"},"headline":"Sanit\u00e0 bellunese. Claudia Bettiol: &#8220;La salute \u00e8 un diritto da salvaguardare. La sanit\u00e0 non pu\u00f2 essere delocalizzata!&#8221;","datePublished":"2012-12-04T15:43:24+00:00","mainEntityOfPage":{"@id":"https:\/\/www.bellunopress.it\/2012\/12\/04\/sanita-bellunese-claudia-bettiol-la-salute-e-un-diritto-da-salvaguardare-la-sanita-non-puo-essere-delocalizzata\/"},"wordCount":629,"publisher":{"@id":"https:\/\/www.bellunopress.it\/#organization"},"image":{"@id":"https:\/\/www.bellunopress.it\/2012\/12\/04\/sanita-bellunese-claudia-bettiol-la-salute-e-un-diritto-da-salvaguardare-la-sanita-non-puo-essere-delocalizzata\/#primaryimage"},"thumbnailUrl":"http:\/\/www.bellunopress.it\/wp-content\/uploads\/2012\/05\/claudia-bettiol-1.jpg","articleSection":["Cronaca\/Politica","Sanit\u00e0 Medicina"],"inLanguage":"fr-FR"},{"@type":"WebPage","@id":"https:\/\/www.bellunopress.it\/2012\/12\/04\/sanita-bellunese-claudia-bettiol-la-salute-e-un-diritto-da-salvaguardare-la-sanita-non-puo-essere-delocalizzata\/","url":"https:\/\/www.bellunopress.it\/2012\/12\/04\/sanita-bellunese-claudia-bettiol-la-salute-e-un-diritto-da-salvaguardare-la-sanita-non-puo-essere-delocalizzata\/","name":"Sanit\u00e0 bellunese. Claudia Bettiol: \"La salute \u00e8 un diritto da salvaguardare. La sanit\u00e0 non pu\u00f2 essere delocalizzata!\" - Bellunopress - Dolomiti","isPartOf":{"@id":"https:\/\/www.bellunopress.it\/#website"},"primaryImageOfPage":{"@id":"https:\/\/www.bellunopress.it\/2012\/12\/04\/sanita-bellunese-claudia-bettiol-la-salute-e-un-diritto-da-salvaguardare-la-sanita-non-puo-essere-delocalizzata\/#primaryimage"},"image":{"@id":"https:\/\/www.bellunopress.it\/2012\/12\/04\/sanita-bellunese-claudia-bettiol-la-salute-e-un-diritto-da-salvaguardare-la-sanita-non-puo-essere-delocalizzata\/#primaryimage"},"thumbnailUrl":"http:\/\/www.bellunopress.it\/wp-content\/uploads\/2012\/05\/claudia-bettiol-1.jpg","datePublished":"2012-12-04T15:43:24+00:00","breadcrumb":{"@id":"https:\/\/www.bellunopress.it\/2012\/12\/04\/sanita-bellunese-claudia-bettiol-la-salute-e-un-diritto-da-salvaguardare-la-sanita-non-puo-essere-delocalizzata\/#breadcrumb"},"inLanguage":"fr-FR","potentialAction":[{"@type":"ReadAction","target":["https:\/\/www.bellunopress.it\/2012\/12\/04\/sanita-bellunese-claudia-bettiol-la-salute-e-un-diritto-da-salvaguardare-la-sanita-non-puo-essere-delocalizzata\/"]}]},{"@type":"ImageObject","inLanguage":"fr-FR","@id":"https:\/\/www.bellunopress.it\/2012\/12\/04\/sanita-bellunese-claudia-bettiol-la-salute-e-un-diritto-da-salvaguardare-la-sanita-non-puo-essere-delocalizzata\/#primaryimage","url":"http:\/\/www.bellunopress.it\/wp-content\/uploads\/2012\/05\/claudia-bettiol-1.jpg","contentUrl":"http:\/\/www.bellunopress.it\/wp-content\/uploads\/2012\/05\/claudia-bettiol-1.jpg"},{"@type":"BreadcrumbList","@id":"https:\/\/www.bellunopress.it\/2012\/12\/04\/sanita-bellunese-claudia-bettiol-la-salute-e-un-diritto-da-salvaguardare-la-sanita-non-puo-essere-delocalizzata\/#breadcrumb","itemListElement":[{"@type":"ListItem","position":1,"name":"Home","item":"https:\/\/www.bellunopress.it\/"},{"@type":"ListItem","position":2,"name":"Sanit\u00e0 bellunese. Claudia Bettiol: &#8220;La salute \u00e8 un diritto da salvaguardare. La sanit\u00e0 non pu\u00f2 essere delocalizzata!&#8221;"}]},{"@type":"WebSite","@id":"https:\/\/www.bellunopress.it\/#website","url":"https:\/\/www.bellunopress.it\/","name":"Bellunopress - Dolomiti","description":"e-mail: redazione@bellunopress.it","publisher":{"@id":"https:\/\/www.bellunopress.it\/#organization"},"potentialAction":[{"@type":"SearchAction","target":{"@type":"EntryPoint","urlTemplate":"https:\/\/www.bellunopress.it\/?s={search_term_string}"},"query-input":{"@type":"PropertyValueSpecification","valueRequired":true,"valueName":"search_term_string"}}],"inLanguage":"fr-FR"},{"@type":"Organization","@id":"https:\/\/www.bellunopress.it\/#organization","name":"Bellunopress","url":"https:\/\/www.bellunopress.it\/","logo":{"@type":"ImageObject","inLanguage":"fr-FR","@id":"https:\/\/www.bellunopress.it\/#\/schema\/logo\/image\/","url":"https:\/\/www.bellunopress.it\/wp-content\/uploads\/2011\/05\/cropped-logo-bellunopress-.jpg","contentUrl":"https:\/\/www.bellunopress.it\/wp-content\/uploads\/2011\/05\/cropped-logo-bellunopress-.jpg","width":512,"height":512,"caption":"Bellunopress"},"image":{"@id":"https:\/\/www.bellunopress.it\/#\/schema\/logo\/image\/"},"sameAs":["https:\/\/www.facebook.com\/profile.php?id=100008943462799","https:\/\/x.com\/bellunopress","https:\/\/www.linkedin.com\/hp\/?dnr=JBzUWaJfMUw8vbXJJ2tVW5-I3jZKvC4wsoxE&amp;amp;amp;amp;amp;amp;trk=nav_responsive_tab_home","https:\/\/www.youtube.com\/channel\/UCxL0wu1uN0_3_7hGG0306cw"]},{"@type":"Person","@id":"https:\/\/www.bellunopress.it\/#\/schema\/person\/79bb06722b37ece1c03d3e94beb30d73","name":"r\u00e9daction","image":{"@type":"ImageObject","inLanguage":"fr-FR","@id":"https:\/\/secure.gravatar.com\/avatar\/37d968a2e67a6fd04c169c4bdef102d0bc5d31b2546345219e348575eb80e9a0?s=96&d=mm&r=g","url":"https:\/\/secure.gravatar.com\/avatar\/37d968a2e67a6fd04c169c4bdef102d0bc5d31b2546345219e348575eb80e9a0?s=96&d=mm&r=g","contentUrl":"https:\/\/secure.gravatar.com\/avatar\/37d968a2e67a6fd04c169c4bdef102d0bc5d31b2546345219e348575eb80e9a0?s=96&d=mm&r=g","caption":"redazione"},"sameAs":["http:\/\/www.bellunopress.it","https:\/\/x.com\/bellunopress"],"url":"https:\/\/www.bellunopress.it\/fr\/author\/redazione\/"}]}},"_links":{"self":[{"href":"https:\/\/www.bellunopress.it\/fr\/wp-json\/wp\/v2\/posts\/44463","targetHints":{"allow":["GET"]}}],"collection":[{"href":"https:\/\/www.bellunopress.it\/fr\/wp-json\/wp\/v2\/posts"}],"about":[{"href":"https:\/\/www.bellunopress.it\/fr\/wp-json\/wp\/v2\/types\/post"}],"author":[{"embeddable":true,"href":"https:\/\/www.bellunopress.it\/fr\/wp-json\/wp\/v2\/users\/2"}],"replies":[{"embeddable":true,"href":"https:\/\/www.bellunopress.it\/fr\/wp-json\/wp\/v2\/comments?post=44463"}],"version-history":[{"count":1,"href":"https:\/\/www.bellunopress.it\/fr\/wp-json\/wp\/v2\/posts\/44463\/revisions"}],"predecessor-version":[{"id":44464,"href":"https:\/\/www.bellunopress.it\/fr\/wp-json\/wp\/v2\/posts\/44463\/revisions\/44464"}],"wp:attachment":[{"href":"https:\/\/www.bellunopress.it\/fr\/wp-json\/wp\/v2\/media?parent=44463"}],"wp:term":[{"taxonomy":"category","embeddable":true,"href":"https:\/\/www.bellunopress.it\/fr\/wp-json\/wp\/v2\/categories?post=44463"},{"taxonomy":"post_tag","embeddable":true,"href":"https:\/\/www.bellunopress.it\/fr\/wp-json\/wp\/v2\/tags?post=44463"}],"curies":[{"name":"wp","href":"https:\/\/api.w.org\/{rel}","templated":true}]}}