{"id":44460,"date":"2012-12-04T12:28:02","date_gmt":"2012-12-04T11:28:02","guid":{"rendered":"http:\/\/www.bellunopress.it\/?p=44460"},"modified":"2012-12-04T12:28:02","modified_gmt":"2012-12-04T11:28:02","slug":"consegnate-le-borse-di-studio-della-fondazione-protti-agli-studenti-diplomati-nellanno-scolastico-2011-2012","status":"publish","type":"post","link":"https:\/\/www.bellunopress.it\/fr\/2012\/12\/04\/consegnate-le-borse-di-studio-della-fondazione-protti-agli-studenti-diplomati-nellanno-scolastico-2011-2012\/","title":{"rendered":"Consegnate le borse di studio della Fondazione Protti agli studenti diplomati nell&#8217;anno scolastico 2011-2012"},"content":{"rendered":"<figure id=\"attachment_35645\" aria-describedby=\"caption-attachment-35645\" style=\"width: 115px\" class=\"wp-caption alignright\"><a href=\"http:\/\/www.bellunopress.it\/wp-content\/uploads\/2012\/03\/antonio-marrone.jpg\"><img loading=\"lazy\" decoding=\"async\" class=\"size-full wp-image-35645\" title=\"antonio marrone\" src=\"http:\/\/www.bellunopress.it\/wp-content\/uploads\/2012\/03\/antonio-marrone.jpg\" alt=\"\" width=\"115\" height=\"146\" \/><\/a><figcaption id=\"caption-attachment-35645\" class=\"wp-caption-text\">Antonio Marrone<\/figcaption><\/figure>\n<p>Sono state cinquantasette le borse di studio consegnate dalla Fondazione \u201cMaria Laura Bocchetti Protti\u201d, domenica scorsa, ai 57 giovani studenti diplomati con 100 (dei quali 5 con la lode) e poi iscrittisi alle diverse facolt\u00e0 universitarie, con prevalenza ad indirizzo scientifico.<\/p>\n<p>Gli atenei maggiormente prescelti dai neo-diplomati sono quelle di Udine, Trento, Trieste, Padova, Ferrara, Padova, Bologna e Milano. Per quanto attiene, invece, le facolt\u00e0 maggiormente prescelte sono quelle di ingegneria, economia, medicina e chirurgia e giurisprudenza.<\/p>\n<p>La cerimonia si \u00e8 svolta nel salone del Centro Diocesano di Belluno ed \u00e8 stata introdotta dal presidente della Fondazione, Antonio Marrone, il quale, dopo un breve excursus sulla storia della stessa Fondazione e sulla vita dell\u2019avv. Protti, ideatore di questo tradizionale premio, ha incentrato il suo intervento sulla crisi esistenziale e morale che attualmente viviamo ed ha invitato i giovani a riflettere su se stessi e sulla storia dell&#8217;umanit\u00e0 per una crescita pi\u00f9 completa ed approfondita.<\/p>\n<p>Prima di passare poi alla consegna dei premi, il Prof. Piero Franchi ha relazionato su un tema di attualit\u00e0: \u201cTelemaco e Ulisse: figli che seguono i padri o padri che guidano I figli?\u201d, evidenziando quanto \u00e8 importante ci\u00f2 che i padri trasmettono e lasciano ai figli e quanto questi apprendano e seguano il loro insegnamento.<\/p>","protected":false},"excerpt":{"rendered":"<p>Sono state cinquantasette le borse di studio consegnate dalla Fondazione \u201cMaria Laura Bocchetti Protti\u201d, domenica scorsa, ai 57 giovani studenti diplomati con 100 (dei quali 5 con la lode) e poi iscrittisi alle diverse facolt\u00e0 universitarie, con prevalenza ad indirizzo scientifico. Gli atenei maggiormente prescelti dai neo-diplomati sono quelle di Udine, Trento, Trieste, Padova, Ferrara, [&hellip;]<\/p>\n","protected":false},"author":2,"featured_media":0,"comment_status":"closed","ping_status":"open","sticky":false,"template":"","format":"standard","meta":{"footnotes":""},"categories":[26,15],"tags":[],"class_list":["post-44460","post","type-post","status-publish","format-standard","category-prima-pagina","category-scuola"],"yoast_head":"<!-- This site is optimized with the Yoast SEO plugin v28.4 - https:\/\/yoast.com\/product\/yoast-seo-wordpress\/ -->\n<title>Consegnate le borse di studio della Fondazione Protti agli studenti diplomati nell&#039;anno scolastico 2011-2012 - Bellunopress - Dolomiti<\/title>\n<meta name=\"robots\" content=\"index, follow, max-snippet:-1, max-image-preview:large, max-video-preview:-1\" \/>\n<link rel=\"canonical\" href=\"https:\/\/www.bellunopress.it\/fr\/2012\/12\/04\/consegnate-le-borse-di-studio-della-fondazione-protti-agli-studenti-diplomati-nellanno-scolastico-2011-2012\/\" \/>\n<meta property=\"og:locale\" content=\"fr_FR\" \/>\n<meta property=\"og:type\" content=\"article\" \/>\n<meta property=\"og:title\" content=\"Consegnate le borse di studio della Fondazione Protti agli studenti diplomati nell&#039;anno scolastico 2011-2012 - Bellunopress - Dolomiti\" \/>\n<meta property=\"og:description\" content=\"Sono state cinquantasette le borse di studio consegnate dalla Fondazione \u201cMaria Laura Bocchetti Protti\u201d, domenica scorsa, ai 57 giovani studenti diplomati con 100 (dei quali 5 con la lode) e poi iscrittisi alle diverse facolt\u00e0 universitarie, con prevalenza ad indirizzo scientifico. Gli atenei maggiormente prescelti dai neo-diplomati sono quelle di Udine, Trento, Trieste, Padova, Ferrara, [&hellip;]\" \/>\n<meta property=\"og:url\" content=\"https:\/\/www.bellunopress.it\/fr\/2012\/12\/04\/consegnate-le-borse-di-studio-della-fondazione-protti-agli-studenti-diplomati-nellanno-scolastico-2011-2012\/\" \/>\n<meta property=\"og:site_name\" content=\"Bellunopress - Dolomiti\" \/>\n<meta property=\"article:publisher\" content=\"https:\/\/www.facebook.com\/profile.php?id=100008943462799\" \/>\n<meta property=\"article:published_time\" content=\"2012-12-04T11:28:02+00:00\" \/>\n<meta property=\"og:image\" content=\"http:\/\/www.bellunopress.it\/wp-content\/uploads\/2012\/03\/antonio-marrone.jpg\" \/>\n<meta name=\"author\" content=\"redazione\" \/>\n<meta name=\"twitter:card\" content=\"summary_large_image\" \/>\n<meta name=\"twitter:creator\" content=\"@bellunopress\" \/>\n<meta name=\"twitter:site\" content=\"@bellunopress\" \/>\n<meta name=\"twitter:label1\" content=\"\u00c9crit par\" \/>\n\t<meta name=\"twitter:data1\" content=\"redazione\" \/>\n\t<meta name=\"twitter:label2\" content=\"Dur\u00e9e de lecture estim\u00e9e\" \/>\n\t<meta name=\"twitter:data2\" content=\"1 minute\" \/>\n<script type=\"application\/ld+json\" class=\"yoast-schema-graph\">{\"@context\":\"https:\\\/\\\/schema.org\",\"@graph\":[{\"@type\":\"Article\",\"@id\":\"https:\\\/\\\/www.bellunopress.it\\\/2012\\\/12\\\/04\\\/consegnate-le-borse-di-studio-della-fondazione-protti-agli-studenti-diplomati-nellanno-scolastico-2011-2012\\\/#article\",\"isPartOf\":{\"@id\":\"https:\\\/\\\/www.bellunopress.it\\\/2012\\\/12\\\/04\\\/consegnate-le-borse-di-studio-della-fondazione-protti-agli-studenti-diplomati-nellanno-scolastico-2011-2012\\\/\"},\"author\":{\"name\":\"redazione\",\"@id\":\"https:\\\/\\\/www.bellunopress.it\\\/#\\\/schema\\\/person\\\/79bb06722b37ece1c03d3e94beb30d73\"},\"headline\":\"Consegnate le borse di studio della Fondazione Protti agli studenti diplomati nell&#8217;anno scolastico 2011-2012\",\"datePublished\":\"2012-12-04T11:28:02+00:00\",\"mainEntityOfPage\":{\"@id\":\"https:\\\/\\\/www.bellunopress.it\\\/2012\\\/12\\\/04\\\/consegnate-le-borse-di-studio-della-fondazione-protti-agli-studenti-diplomati-nellanno-scolastico-2011-2012\\\/\"},\"wordCount\":229,\"publisher\":{\"@id\":\"https:\\\/\\\/www.bellunopress.it\\\/#organization\"},\"image\":{\"@id\":\"https:\\\/\\\/www.bellunopress.it\\\/2012\\\/12\\\/04\\\/consegnate-le-borse-di-studio-della-fondazione-protti-agli-studenti-diplomati-nellanno-scolastico-2011-2012\\\/#primaryimage\"},\"thumbnailUrl\":\"http:\\\/\\\/www.bellunopress.it\\\/wp-content\\\/uploads\\\/2012\\\/03\\\/antonio-marrone.jpg\",\"articleSection\":[\"Prima Pagina\",\"Scuola\"],\"inLanguage\":\"fr-FR\"},{\"@type\":\"WebPage\",\"@id\":\"https:\\\/\\\/www.bellunopress.it\\\/2012\\\/12\\\/04\\\/consegnate-le-borse-di-studio-della-fondazione-protti-agli-studenti-diplomati-nellanno-scolastico-2011-2012\\\/\",\"url\":\"https:\\\/\\\/www.bellunopress.it\\\/2012\\\/12\\\/04\\\/consegnate-le-borse-di-studio-della-fondazione-protti-agli-studenti-diplomati-nellanno-scolastico-2011-2012\\\/\",\"name\":\"Consegnate le borse di studio della Fondazione Protti agli studenti diplomati nell'anno scolastico 2011-2012 - Bellunopress - Dolomiti\",\"isPartOf\":{\"@id\":\"https:\\\/\\\/www.bellunopress.it\\\/#website\"},\"primaryImageOfPage\":{\"@id\":\"https:\\\/\\\/www.bellunopress.it\\\/2012\\\/12\\\/04\\\/consegnate-le-borse-di-studio-della-fondazione-protti-agli-studenti-diplomati-nellanno-scolastico-2011-2012\\\/#primaryimage\"},\"image\":{\"@id\":\"https:\\\/\\\/www.bellunopress.it\\\/2012\\\/12\\\/04\\\/consegnate-le-borse-di-studio-della-fondazione-protti-agli-studenti-diplomati-nellanno-scolastico-2011-2012\\\/#primaryimage\"},\"thumbnailUrl\":\"http:\\\/\\\/www.bellunopress.it\\\/wp-content\\\/uploads\\\/2012\\\/03\\\/antonio-marrone.jpg\",\"datePublished\":\"2012-12-04T11:28:02+00:00\",\"breadcrumb\":{\"@id\":\"https:\\\/\\\/www.bellunopress.it\\\/2012\\\/12\\\/04\\\/consegnate-le-borse-di-studio-della-fondazione-protti-agli-studenti-diplomati-nellanno-scolastico-2011-2012\\\/#breadcrumb\"},\"inLanguage\":\"fr-FR\",\"potentialAction\":[{\"@type\":\"ReadAction\",\"target\":[\"https:\\\/\\\/www.bellunopress.it\\\/2012\\\/12\\\/04\\\/consegnate-le-borse-di-studio-della-fondazione-protti-agli-studenti-diplomati-nellanno-scolastico-2011-2012\\\/\"]}]},{\"@type\":\"ImageObject\",\"inLanguage\":\"fr-FR\",\"@id\":\"https:\\\/\\\/www.bellunopress.it\\\/2012\\\/12\\\/04\\\/consegnate-le-borse-di-studio-della-fondazione-protti-agli-studenti-diplomati-nellanno-scolastico-2011-2012\\\/#primaryimage\",\"url\":\"http:\\\/\\\/www.bellunopress.it\\\/wp-content\\\/uploads\\\/2012\\\/03\\\/antonio-marrone.jpg\",\"contentUrl\":\"http:\\\/\\\/www.bellunopress.it\\\/wp-content\\\/uploads\\\/2012\\\/03\\\/antonio-marrone.jpg\"},{\"@type\":\"BreadcrumbList\",\"@id\":\"https:\\\/\\\/www.bellunopress.it\\\/2012\\\/12\\\/04\\\/consegnate-le-borse-di-studio-della-fondazione-protti-agli-studenti-diplomati-nellanno-scolastico-2011-2012\\\/#breadcrumb\",\"itemListElement\":[{\"@type\":\"ListItem\",\"position\":1,\"name\":\"Home\",\"item\":\"https:\\\/\\\/www.bellunopress.it\\\/\"},{\"@type\":\"ListItem\",\"position\":2,\"name\":\"Consegnate le borse di studio della Fondazione Protti agli studenti diplomati nell&#8217;anno scolastico 2011-2012\"}]},{\"@type\":\"WebSite\",\"@id\":\"https:\\\/\\\/www.bellunopress.it\\\/#website\",\"url\":\"https:\\\/\\\/www.bellunopress.it\\\/\",\"name\":\"Bellunopress - Dolomiti\",\"description\":\"e-mail: redazione@bellunopress.it\",\"publisher\":{\"@id\":\"https:\\\/\\\/www.bellunopress.it\\\/#organization\"},\"potentialAction\":[{\"@type\":\"SearchAction\",\"target\":{\"@type\":\"EntryPoint\",\"urlTemplate\":\"https:\\\/\\\/www.bellunopress.it\\\/?s={search_term_string}\"},\"query-input\":{\"@type\":\"PropertyValueSpecification\",\"valueRequired\":true,\"valueName\":\"search_term_string\"}}],\"inLanguage\":\"fr-FR\"},{\"@type\":\"Organization\",\"@id\":\"https:\\\/\\\/www.bellunopress.it\\\/#organization\",\"name\":\"Bellunopress\",\"url\":\"https:\\\/\\\/www.bellunopress.it\\\/\",\"logo\":{\"@type\":\"ImageObject\",\"inLanguage\":\"fr-FR\",\"@id\":\"https:\\\/\\\/www.bellunopress.it\\\/#\\\/schema\\\/logo\\\/image\\\/\",\"url\":\"https:\\\/\\\/www.bellunopress.it\\\/wp-content\\\/uploads\\\/2011\\\/05\\\/cropped-logo-bellunopress-.jpg\",\"contentUrl\":\"https:\\\/\\\/www.bellunopress.it\\\/wp-content\\\/uploads\\\/2011\\\/05\\\/cropped-logo-bellunopress-.jpg\",\"width\":512,\"height\":512,\"caption\":\"Bellunopress\"},\"image\":{\"@id\":\"https:\\\/\\\/www.bellunopress.it\\\/#\\\/schema\\\/logo\\\/image\\\/\"},\"sameAs\":[\"https:\\\/\\\/www.facebook.com\\\/profile.php?id=100008943462799\",\"https:\\\/\\\/x.com\\\/bellunopress\",\"https:\\\/\\\/www.linkedin.com\\\/hp\\\/?dnr=JBzUWaJfMUw8vbXJJ2tVW5-I3jZKvC4wsoxE&amp;amp;amp;amp;amp;amp;trk=nav_responsive_tab_home\",\"https:\\\/\\\/www.youtube.com\\\/channel\\\/UCxL0wu1uN0_3_7hGG0306cw\"]},{\"@type\":\"Person\",\"@id\":\"https:\\\/\\\/www.bellunopress.it\\\/#\\\/schema\\\/person\\\/79bb06722b37ece1c03d3e94beb30d73\",\"name\":\"redazione\",\"image\":{\"@type\":\"ImageObject\",\"inLanguage\":\"fr-FR\",\"@id\":\"https:\\\/\\\/secure.gravatar.com\\\/avatar\\\/37d968a2e67a6fd04c169c4bdef102d0bc5d31b2546345219e348575eb80e9a0?s=96&d=mm&r=g\",\"url\":\"https:\\\/\\\/secure.gravatar.com\\\/avatar\\\/37d968a2e67a6fd04c169c4bdef102d0bc5d31b2546345219e348575eb80e9a0?s=96&d=mm&r=g\",\"contentUrl\":\"https:\\\/\\\/secure.gravatar.com\\\/avatar\\\/37d968a2e67a6fd04c169c4bdef102d0bc5d31b2546345219e348575eb80e9a0?s=96&d=mm&r=g\",\"caption\":\"redazione\"},\"sameAs\":[\"http:\\\/\\\/www.bellunopress.it\",\"https:\\\/\\\/x.com\\\/bellunopress\"],\"url\":\"https:\\\/\\\/www.bellunopress.it\\\/fr\\\/author\\\/redazione\\\/\"}]}<\/script>\n<!-- \/ Yoast SEO plugin. -->","yoast_head_json":{"title":"Consegnate le borse di studio della Fondazione Protti agli studenti diplomati nell'anno scolastico 2011-2012 - Bellunopress - Dolomiti","robots":{"index":"index","follow":"follow","max-snippet":"max-snippet:-1","max-image-preview":"max-image-preview:large","max-video-preview":"max-video-preview:-1"},"canonical":"https:\/\/www.bellunopress.it\/fr\/2012\/12\/04\/consegnate-le-borse-di-studio-della-fondazione-protti-agli-studenti-diplomati-nellanno-scolastico-2011-2012\/","og_locale":"fr_FR","og_type":"article","og_title":"Consegnate le borse di studio della Fondazione Protti agli studenti diplomati nell'anno scolastico 2011-2012 - Bellunopress - Dolomiti","og_description":"Sono state cinquantasette le borse di studio consegnate dalla Fondazione \u201cMaria Laura Bocchetti Protti\u201d, domenica scorsa, ai 57 giovani studenti diplomati con 100 (dei quali 5 con la lode) e poi iscrittisi alle diverse facolt\u00e0 universitarie, con prevalenza ad indirizzo scientifico. Gli atenei maggiormente prescelti dai neo-diplomati sono quelle di Udine, Trento, Trieste, Padova, Ferrara, [&hellip;]","og_url":"https:\/\/www.bellunopress.it\/fr\/2012\/12\/04\/consegnate-le-borse-di-studio-della-fondazione-protti-agli-studenti-diplomati-nellanno-scolastico-2011-2012\/","og_site_name":"Bellunopress - Dolomiti","article_publisher":"https:\/\/www.facebook.com\/profile.php?id=100008943462799","article_published_time":"2012-12-04T11:28:02+00:00","og_image":[{"url":"http:\/\/www.bellunopress.it\/wp-content\/uploads\/2012\/03\/antonio-marrone.jpg","type":"","width":"","height":""}],"author":"redazione","twitter_card":"summary_large_image","twitter_creator":"@bellunopress","twitter_site":"@bellunopress","twitter_misc":{"\u00c9crit par":"redazione","Dur\u00e9e de lecture estim\u00e9e":"1 minute"},"schema":{"@context":"https:\/\/schema.org","@graph":[{"@type":"Article","@id":"https:\/\/www.bellunopress.it\/2012\/12\/04\/consegnate-le-borse-di-studio-della-fondazione-protti-agli-studenti-diplomati-nellanno-scolastico-2011-2012\/#article","isPartOf":{"@id":"https:\/\/www.bellunopress.it\/2012\/12\/04\/consegnate-le-borse-di-studio-della-fondazione-protti-agli-studenti-diplomati-nellanno-scolastico-2011-2012\/"},"author":{"name":"redazione","@id":"https:\/\/www.bellunopress.it\/#\/schema\/person\/79bb06722b37ece1c03d3e94beb30d73"},"headline":"Consegnate le borse di studio della Fondazione Protti agli studenti diplomati nell&#8217;anno scolastico 2011-2012","datePublished":"2012-12-04T11:28:02+00:00","mainEntityOfPage":{"@id":"https:\/\/www.bellunopress.it\/2012\/12\/04\/consegnate-le-borse-di-studio-della-fondazione-protti-agli-studenti-diplomati-nellanno-scolastico-2011-2012\/"},"wordCount":229,"publisher":{"@id":"https:\/\/www.bellunopress.it\/#organization"},"image":{"@id":"https:\/\/www.bellunopress.it\/2012\/12\/04\/consegnate-le-borse-di-studio-della-fondazione-protti-agli-studenti-diplomati-nellanno-scolastico-2011-2012\/#primaryimage"},"thumbnailUrl":"http:\/\/www.bellunopress.it\/wp-content\/uploads\/2012\/03\/antonio-marrone.jpg","articleSection":["Prima Pagina","Scuola"],"inLanguage":"fr-FR"},{"@type":"WebPage","@id":"https:\/\/www.bellunopress.it\/2012\/12\/04\/consegnate-le-borse-di-studio-della-fondazione-protti-agli-studenti-diplomati-nellanno-scolastico-2011-2012\/","url":"https:\/\/www.bellunopress.it\/2012\/12\/04\/consegnate-le-borse-di-studio-della-fondazione-protti-agli-studenti-diplomati-nellanno-scolastico-2011-2012\/","name":"Consegnate le borse di studio della Fondazione Protti agli studenti diplomati nell'anno scolastico 2011-2012 - Bellunopress - Dolomiti","isPartOf":{"@id":"https:\/\/www.bellunopress.it\/#website"},"primaryImageOfPage":{"@id":"https:\/\/www.bellunopress.it\/2012\/12\/04\/consegnate-le-borse-di-studio-della-fondazione-protti-agli-studenti-diplomati-nellanno-scolastico-2011-2012\/#primaryimage"},"image":{"@id":"https:\/\/www.bellunopress.it\/2012\/12\/04\/consegnate-le-borse-di-studio-della-fondazione-protti-agli-studenti-diplomati-nellanno-scolastico-2011-2012\/#primaryimage"},"thumbnailUrl":"http:\/\/www.bellunopress.it\/wp-content\/uploads\/2012\/03\/antonio-marrone.jpg","datePublished":"2012-12-04T11:28:02+00:00","breadcrumb":{"@id":"https:\/\/www.bellunopress.it\/2012\/12\/04\/consegnate-le-borse-di-studio-della-fondazione-protti-agli-studenti-diplomati-nellanno-scolastico-2011-2012\/#breadcrumb"},"inLanguage":"fr-FR","potentialAction":[{"@type":"ReadAction","target":["https:\/\/www.bellunopress.it\/2012\/12\/04\/consegnate-le-borse-di-studio-della-fondazione-protti-agli-studenti-diplomati-nellanno-scolastico-2011-2012\/"]}]},{"@type":"ImageObject","inLanguage":"fr-FR","@id":"https:\/\/www.bellunopress.it\/2012\/12\/04\/consegnate-le-borse-di-studio-della-fondazione-protti-agli-studenti-diplomati-nellanno-scolastico-2011-2012\/#primaryimage","url":"http:\/\/www.bellunopress.it\/wp-content\/uploads\/2012\/03\/antonio-marrone.jpg","contentUrl":"http:\/\/www.bellunopress.it\/wp-content\/uploads\/2012\/03\/antonio-marrone.jpg"},{"@type":"BreadcrumbList","@id":"https:\/\/www.bellunopress.it\/2012\/12\/04\/consegnate-le-borse-di-studio-della-fondazione-protti-agli-studenti-diplomati-nellanno-scolastico-2011-2012\/#breadcrumb","itemListElement":[{"@type":"ListItem","position":1,"name":"Home","item":"https:\/\/www.bellunopress.it\/"},{"@type":"ListItem","position":2,"name":"Consegnate le borse di studio della Fondazione Protti agli studenti diplomati nell&#8217;anno scolastico 2011-2012"}]},{"@type":"WebSite","@id":"https:\/\/www.bellunopress.it\/#website","url":"https:\/\/www.bellunopress.it\/","name":"Bellunopress - Dolomiti","description":"e-mail: redazione@bellunopress.it","publisher":{"@id":"https:\/\/www.bellunopress.it\/#organization"},"potentialAction":[{"@type":"SearchAction","target":{"@type":"EntryPoint","urlTemplate":"https:\/\/www.bellunopress.it\/?s={search_term_string}"},"query-input":{"@type":"PropertyValueSpecification","valueRequired":true,"valueName":"search_term_string"}}],"inLanguage":"fr-FR"},{"@type":"Organization","@id":"https:\/\/www.bellunopress.it\/#organization","name":"Bellunopress","url":"https:\/\/www.bellunopress.it\/","logo":{"@type":"ImageObject","inLanguage":"fr-FR","@id":"https:\/\/www.bellunopress.it\/#\/schema\/logo\/image\/","url":"https:\/\/www.bellunopress.it\/wp-content\/uploads\/2011\/05\/cropped-logo-bellunopress-.jpg","contentUrl":"https:\/\/www.bellunopress.it\/wp-content\/uploads\/2011\/05\/cropped-logo-bellunopress-.jpg","width":512,"height":512,"caption":"Bellunopress"},"image":{"@id":"https:\/\/www.bellunopress.it\/#\/schema\/logo\/image\/"},"sameAs":["https:\/\/www.facebook.com\/profile.php?id=100008943462799","https:\/\/x.com\/bellunopress","https:\/\/www.linkedin.com\/hp\/?dnr=JBzUWaJfMUw8vbXJJ2tVW5-I3jZKvC4wsoxE&amp;amp;amp;amp;amp;amp;trk=nav_responsive_tab_home","https:\/\/www.youtube.com\/channel\/UCxL0wu1uN0_3_7hGG0306cw"]},{"@type":"Person","@id":"https:\/\/www.bellunopress.it\/#\/schema\/person\/79bb06722b37ece1c03d3e94beb30d73","name":"r\u00e9daction","image":{"@type":"ImageObject","inLanguage":"fr-FR","@id":"https:\/\/secure.gravatar.com\/avatar\/37d968a2e67a6fd04c169c4bdef102d0bc5d31b2546345219e348575eb80e9a0?s=96&d=mm&r=g","url":"https:\/\/secure.gravatar.com\/avatar\/37d968a2e67a6fd04c169c4bdef102d0bc5d31b2546345219e348575eb80e9a0?s=96&d=mm&r=g","contentUrl":"https:\/\/secure.gravatar.com\/avatar\/37d968a2e67a6fd04c169c4bdef102d0bc5d31b2546345219e348575eb80e9a0?s=96&d=mm&r=g","caption":"redazione"},"sameAs":["http:\/\/www.bellunopress.it","https:\/\/x.com\/bellunopress"],"url":"https:\/\/www.bellunopress.it\/fr\/author\/redazione\/"}]}},"_links":{"self":[{"href":"https:\/\/www.bellunopress.it\/fr\/wp-json\/wp\/v2\/posts\/44460","targetHints":{"allow":["GET"]}}],"collection":[{"href":"https:\/\/www.bellunopress.it\/fr\/wp-json\/wp\/v2\/posts"}],"about":[{"href":"https:\/\/www.bellunopress.it\/fr\/wp-json\/wp\/v2\/types\/post"}],"author":[{"embeddable":true,"href":"https:\/\/www.bellunopress.it\/fr\/wp-json\/wp\/v2\/users\/2"}],"replies":[{"embeddable":true,"href":"https:\/\/www.bellunopress.it\/fr\/wp-json\/wp\/v2\/comments?post=44460"}],"version-history":[{"count":1,"href":"https:\/\/www.bellunopress.it\/fr\/wp-json\/wp\/v2\/posts\/44460\/revisions"}],"predecessor-version":[{"id":44461,"href":"https:\/\/www.bellunopress.it\/fr\/wp-json\/wp\/v2\/posts\/44460\/revisions\/44461"}],"wp:attachment":[{"href":"https:\/\/www.bellunopress.it\/fr\/wp-json\/wp\/v2\/media?parent=44460"}],"wp:term":[{"taxonomy":"category","embeddable":true,"href":"https:\/\/www.bellunopress.it\/fr\/wp-json\/wp\/v2\/categories?post=44460"},{"taxonomy":"post_tag","embeddable":true,"href":"https:\/\/www.bellunopress.it\/fr\/wp-json\/wp\/v2\/tags?post=44460"}],"curies":[{"name":"wp","href":"https:\/\/api.w.org\/{rel}","templated":true}]}}