{"id":44458,"date":"2012-12-04T15:49:10","date_gmt":"2012-12-04T14:49:10","guid":{"rendered":"http:\/\/www.bellunopress.it\/?p=44458"},"modified":"2012-12-05T08:15:11","modified_gmt":"2012-12-05T07:15:11","slug":"codice-della-strada-dal-7-dicembre-dovra-essere-tracciabile-il-conducente","status":"publish","type":"post","link":"https:\/\/www.bellunopress.it\/fr\/2012\/12\/04\/codice-della-strada-dal-7-dicembre-dovra-essere-tracciabile-il-conducente\/","title":{"rendered":"Codice della Strada. Dal 7 dicembre dovr\u00e0 essere tracciabile il conducente"},"content":{"rendered":"<p><a href=\"http:\/\/www.bellunopress.it\/wp-content\/uploads\/2010\/07\/revisioni-auto-130x130.jpg\"><img loading=\"lazy\" decoding=\"async\" class=\"alignright size-full wp-image-17061\" title=\"revisioni-auto-130x130\" src=\"http:\/\/www.bellunopress.it\/wp-content\/uploads\/2010\/07\/revisioni-auto-130x130.jpg\" alt=\"\" width=\"130\" height=\"130\" \/><\/a>Dal 7 dicembre 2012 entra in vigore il Dpr 198\/2012 (Gazzetta Ufficiale n. 273 del 22 .11.2012) che prevede l&#8217;annotazione sulla carta di circolazione presso gli uffici della Motorizzazione dei contratti di comodato d&#8217;uso dei veicoli della durata superiore a 30 giorni.<\/p>\n<p>Chi ha disponibilit\u00e0 di un veicolo, dunque, qualora sia diverso dal proprietario, dovr\u00e0 aggiornare il libretto di circolazione per non incorrere nella multa di 653 euro.<\/p>\n<p>Sono interessati a questa intestazione temporanea (art.94 CdS) le auto aziendali in uso ai dipendenti. Mentre sono escluse dalla norma i veicoli guidati da persone diverse all&#8217;interno dello stesso nucleo familiare (familiari conviventi).<\/p>\n<p>Rientrano nella norma anche i veicoli intestati a soggetti incapaci, in uso al tutore.<\/p>\n<p>Nessuna annotazione andr\u00e0 fatta al Pubblico registro automobilistico, poich\u00e9 il comodato non modifica la propriet\u00e0 del veicolo.<\/p>","protected":false},"excerpt":{"rendered":"<p>Dal 7 dicembre 2012 entra in vigore il Dpr 198\/2012 (Gazzetta Ufficiale n. 273 del 22 .11.2012) che prevede l&#8217;annotazione sulla carta di circolazione presso gli uffici della Motorizzazione dei contratti di comodato d&#8217;uso dei veicoli della durata superiore a 30 giorni. Chi ha disponibilit\u00e0 di un veicolo, dunque, qualora sia diverso dal proprietario, dovr\u00e0 [&hellip;]<\/p>\n","protected":false},"author":2,"featured_media":0,"comment_status":"closed","ping_status":"open","sticky":false,"template":"","format":"standard","meta":{"footnotes":""},"categories":[26,8],"tags":[],"class_list":["post-44458","post","type-post","status-publish","format-standard","category-prima-pagina","category-societa-istituzioni"],"yoast_head":"<!-- This site is optimized with the Yoast SEO plugin v28.4 - https:\/\/yoast.com\/product\/yoast-seo-wordpress\/ -->\n<title>Codice della Strada. Dal 7 dicembre dovr\u00e0 essere tracciabile il conducente - Bellunopress - Dolomiti<\/title>\n<meta name=\"robots\" content=\"index, follow, max-snippet:-1, max-image-preview:large, max-video-preview:-1\" \/>\n<link rel=\"canonical\" href=\"https:\/\/www.bellunopress.it\/fr\/2012\/12\/04\/codice-della-strada-dal-7-dicembre-dovra-essere-tracciabile-il-conducente\/\" \/>\n<meta property=\"og:locale\" content=\"fr_FR\" \/>\n<meta property=\"og:type\" content=\"article\" \/>\n<meta property=\"og:title\" content=\"Codice della Strada. Dal 7 dicembre dovr\u00e0 essere tracciabile il conducente - Bellunopress - Dolomiti\" \/>\n<meta property=\"og:description\" content=\"Dal 7 dicembre 2012 entra in vigore il Dpr 198\/2012 (Gazzetta Ufficiale n. 273 del 22 .11.2012) che prevede l&#8217;annotazione sulla carta di circolazione presso gli uffici della Motorizzazione dei contratti di comodato d&#8217;uso dei veicoli della durata superiore a 30 giorni. Chi ha disponibilit\u00e0 di un veicolo, dunque, qualora sia diverso dal proprietario, dovr\u00e0 [&hellip;]\" \/>\n<meta property=\"og:url\" content=\"https:\/\/www.bellunopress.it\/fr\/2012\/12\/04\/codice-della-strada-dal-7-dicembre-dovra-essere-tracciabile-il-conducente\/\" \/>\n<meta property=\"og:site_name\" content=\"Bellunopress - Dolomiti\" \/>\n<meta property=\"article:publisher\" content=\"https:\/\/www.facebook.com\/profile.php?id=100008943462799\" \/>\n<meta property=\"article:published_time\" content=\"2012-12-04T14:49:10+00:00\" \/>\n<meta property=\"article:modified_time\" content=\"2012-12-05T07:15:11+00:00\" \/>\n<meta property=\"og:image\" content=\"http:\/\/www.bellunopress.it\/wp-content\/uploads\/2010\/07\/revisioni-auto-130x130.jpg\" \/>\n<meta name=\"author\" content=\"redazione\" \/>\n<meta name=\"twitter:card\" content=\"summary_large_image\" \/>\n<meta name=\"twitter:creator\" content=\"@bellunopress\" \/>\n<meta name=\"twitter:site\" content=\"@bellunopress\" \/>\n<meta name=\"twitter:label1\" content=\"\u00c9crit par\" \/>\n\t<meta name=\"twitter:data1\" content=\"redazione\" \/>\n\t<meta name=\"twitter:label2\" content=\"Dur\u00e9e de lecture estim\u00e9e\" \/>\n\t<meta name=\"twitter:data2\" content=\"1 minute\" \/>\n<script type=\"application\/ld+json\" class=\"yoast-schema-graph\">{\"@context\":\"https:\\\/\\\/schema.org\",\"@graph\":[{\"@type\":\"Article\",\"@id\":\"https:\\\/\\\/www.bellunopress.it\\\/2012\\\/12\\\/04\\\/codice-della-strada-dal-7-dicembre-dovra-essere-tracciabile-il-conducente\\\/#article\",\"isPartOf\":{\"@id\":\"https:\\\/\\\/www.bellunopress.it\\\/2012\\\/12\\\/04\\\/codice-della-strada-dal-7-dicembre-dovra-essere-tracciabile-il-conducente\\\/\"},\"author\":{\"name\":\"redazione\",\"@id\":\"https:\\\/\\\/www.bellunopress.it\\\/#\\\/schema\\\/person\\\/79bb06722b37ece1c03d3e94beb30d73\"},\"headline\":\"Codice della Strada. Dal 7 dicembre dovr\u00e0 essere tracciabile il conducente\",\"datePublished\":\"2012-12-04T14:49:10+00:00\",\"dateModified\":\"2012-12-05T07:15:11+00:00\",\"mainEntityOfPage\":{\"@id\":\"https:\\\/\\\/www.bellunopress.it\\\/2012\\\/12\\\/04\\\/codice-della-strada-dal-7-dicembre-dovra-essere-tracciabile-il-conducente\\\/\"},\"wordCount\":137,\"publisher\":{\"@id\":\"https:\\\/\\\/www.bellunopress.it\\\/#organization\"},\"image\":{\"@id\":\"https:\\\/\\\/www.bellunopress.it\\\/2012\\\/12\\\/04\\\/codice-della-strada-dal-7-dicembre-dovra-essere-tracciabile-il-conducente\\\/#primaryimage\"},\"thumbnailUrl\":\"http:\\\/\\\/www.bellunopress.it\\\/wp-content\\\/uploads\\\/2010\\\/07\\\/revisioni-auto-130x130.jpg\",\"articleSection\":[\"Prima Pagina\",\"Societ\u00e0, Associazioni, Istituzioni\"],\"inLanguage\":\"fr-FR\"},{\"@type\":\"WebPage\",\"@id\":\"https:\\\/\\\/www.bellunopress.it\\\/2012\\\/12\\\/04\\\/codice-della-strada-dal-7-dicembre-dovra-essere-tracciabile-il-conducente\\\/\",\"url\":\"https:\\\/\\\/www.bellunopress.it\\\/2012\\\/12\\\/04\\\/codice-della-strada-dal-7-dicembre-dovra-essere-tracciabile-il-conducente\\\/\",\"name\":\"Codice della Strada. Dal 7 dicembre dovr\u00e0 essere tracciabile il conducente - Bellunopress - Dolomiti\",\"isPartOf\":{\"@id\":\"https:\\\/\\\/www.bellunopress.it\\\/#website\"},\"primaryImageOfPage\":{\"@id\":\"https:\\\/\\\/www.bellunopress.it\\\/2012\\\/12\\\/04\\\/codice-della-strada-dal-7-dicembre-dovra-essere-tracciabile-il-conducente\\\/#primaryimage\"},\"image\":{\"@id\":\"https:\\\/\\\/www.bellunopress.it\\\/2012\\\/12\\\/04\\\/codice-della-strada-dal-7-dicembre-dovra-essere-tracciabile-il-conducente\\\/#primaryimage\"},\"thumbnailUrl\":\"http:\\\/\\\/www.bellunopress.it\\\/wp-content\\\/uploads\\\/2010\\\/07\\\/revisioni-auto-130x130.jpg\",\"datePublished\":\"2012-12-04T14:49:10+00:00\",\"dateModified\":\"2012-12-05T07:15:11+00:00\",\"breadcrumb\":{\"@id\":\"https:\\\/\\\/www.bellunopress.it\\\/2012\\\/12\\\/04\\\/codice-della-strada-dal-7-dicembre-dovra-essere-tracciabile-il-conducente\\\/#breadcrumb\"},\"inLanguage\":\"fr-FR\",\"potentialAction\":[{\"@type\":\"ReadAction\",\"target\":[\"https:\\\/\\\/www.bellunopress.it\\\/2012\\\/12\\\/04\\\/codice-della-strada-dal-7-dicembre-dovra-essere-tracciabile-il-conducente\\\/\"]}]},{\"@type\":\"ImageObject\",\"inLanguage\":\"fr-FR\",\"@id\":\"https:\\\/\\\/www.bellunopress.it\\\/2012\\\/12\\\/04\\\/codice-della-strada-dal-7-dicembre-dovra-essere-tracciabile-il-conducente\\\/#primaryimage\",\"url\":\"http:\\\/\\\/www.bellunopress.it\\\/wp-content\\\/uploads\\\/2010\\\/07\\\/revisioni-auto-130x130.jpg\",\"contentUrl\":\"http:\\\/\\\/www.bellunopress.it\\\/wp-content\\\/uploads\\\/2010\\\/07\\\/revisioni-auto-130x130.jpg\"},{\"@type\":\"BreadcrumbList\",\"@id\":\"https:\\\/\\\/www.bellunopress.it\\\/2012\\\/12\\\/04\\\/codice-della-strada-dal-7-dicembre-dovra-essere-tracciabile-il-conducente\\\/#breadcrumb\",\"itemListElement\":[{\"@type\":\"ListItem\",\"position\":1,\"name\":\"Home\",\"item\":\"https:\\\/\\\/www.bellunopress.it\\\/\"},{\"@type\":\"ListItem\",\"position\":2,\"name\":\"Codice della Strada. Dal 7 dicembre dovr\u00e0 essere tracciabile il conducente\"}]},{\"@type\":\"WebSite\",\"@id\":\"https:\\\/\\\/www.bellunopress.it\\\/#website\",\"url\":\"https:\\\/\\\/www.bellunopress.it\\\/\",\"name\":\"Bellunopress - Dolomiti\",\"description\":\"e-mail: redazione@bellunopress.it\",\"publisher\":{\"@id\":\"https:\\\/\\\/www.bellunopress.it\\\/#organization\"},\"potentialAction\":[{\"@type\":\"SearchAction\",\"target\":{\"@type\":\"EntryPoint\",\"urlTemplate\":\"https:\\\/\\\/www.bellunopress.it\\\/?s={search_term_string}\"},\"query-input\":{\"@type\":\"PropertyValueSpecification\",\"valueRequired\":true,\"valueName\":\"search_term_string\"}}],\"inLanguage\":\"fr-FR\"},{\"@type\":\"Organization\",\"@id\":\"https:\\\/\\\/www.bellunopress.it\\\/#organization\",\"name\":\"Bellunopress\",\"url\":\"https:\\\/\\\/www.bellunopress.it\\\/\",\"logo\":{\"@type\":\"ImageObject\",\"inLanguage\":\"fr-FR\",\"@id\":\"https:\\\/\\\/www.bellunopress.it\\\/#\\\/schema\\\/logo\\\/image\\\/\",\"url\":\"https:\\\/\\\/www.bellunopress.it\\\/wp-content\\\/uploads\\\/2011\\\/05\\\/cropped-logo-bellunopress-.jpg\",\"contentUrl\":\"https:\\\/\\\/www.bellunopress.it\\\/wp-content\\\/uploads\\\/2011\\\/05\\\/cropped-logo-bellunopress-.jpg\",\"width\":512,\"height\":512,\"caption\":\"Bellunopress\"},\"image\":{\"@id\":\"https:\\\/\\\/www.bellunopress.it\\\/#\\\/schema\\\/logo\\\/image\\\/\"},\"sameAs\":[\"https:\\\/\\\/www.facebook.com\\\/profile.php?id=100008943462799\",\"https:\\\/\\\/x.com\\\/bellunopress\",\"https:\\\/\\\/www.linkedin.com\\\/hp\\\/?dnr=JBzUWaJfMUw8vbXJJ2tVW5-I3jZKvC4wsoxE&amp;amp;amp;amp;amp;amp;trk=nav_responsive_tab_home\",\"https:\\\/\\\/www.youtube.com\\\/channel\\\/UCxL0wu1uN0_3_7hGG0306cw\"]},{\"@type\":\"Person\",\"@id\":\"https:\\\/\\\/www.bellunopress.it\\\/#\\\/schema\\\/person\\\/79bb06722b37ece1c03d3e94beb30d73\",\"name\":\"redazione\",\"image\":{\"@type\":\"ImageObject\",\"inLanguage\":\"fr-FR\",\"@id\":\"https:\\\/\\\/secure.gravatar.com\\\/avatar\\\/37d968a2e67a6fd04c169c4bdef102d0bc5d31b2546345219e348575eb80e9a0?s=96&d=mm&r=g\",\"url\":\"https:\\\/\\\/secure.gravatar.com\\\/avatar\\\/37d968a2e67a6fd04c169c4bdef102d0bc5d31b2546345219e348575eb80e9a0?s=96&d=mm&r=g\",\"contentUrl\":\"https:\\\/\\\/secure.gravatar.com\\\/avatar\\\/37d968a2e67a6fd04c169c4bdef102d0bc5d31b2546345219e348575eb80e9a0?s=96&d=mm&r=g\",\"caption\":\"redazione\"},\"sameAs\":[\"http:\\\/\\\/www.bellunopress.it\",\"https:\\\/\\\/x.com\\\/bellunopress\"],\"url\":\"https:\\\/\\\/www.bellunopress.it\\\/fr\\\/author\\\/redazione\\\/\"}]}<\/script>\n<!-- \/ Yoast SEO plugin. -->","yoast_head_json":{"title":"Codice della Strada. Dal 7 dicembre dovr\u00e0 essere tracciabile il conducente - Bellunopress - Dolomiti","robots":{"index":"index","follow":"follow","max-snippet":"max-snippet:-1","max-image-preview":"max-image-preview:large","max-video-preview":"max-video-preview:-1"},"canonical":"https:\/\/www.bellunopress.it\/fr\/2012\/12\/04\/codice-della-strada-dal-7-dicembre-dovra-essere-tracciabile-il-conducente\/","og_locale":"fr_FR","og_type":"article","og_title":"Codice della Strada. Dal 7 dicembre dovr\u00e0 essere tracciabile il conducente - Bellunopress - Dolomiti","og_description":"Dal 7 dicembre 2012 entra in vigore il Dpr 198\/2012 (Gazzetta Ufficiale n. 273 del 22 .11.2012) che prevede l&#8217;annotazione sulla carta di circolazione presso gli uffici della Motorizzazione dei contratti di comodato d&#8217;uso dei veicoli della durata superiore a 30 giorni. Chi ha disponibilit\u00e0 di un veicolo, dunque, qualora sia diverso dal proprietario, dovr\u00e0 [&hellip;]","og_url":"https:\/\/www.bellunopress.it\/fr\/2012\/12\/04\/codice-della-strada-dal-7-dicembre-dovra-essere-tracciabile-il-conducente\/","og_site_name":"Bellunopress - Dolomiti","article_publisher":"https:\/\/www.facebook.com\/profile.php?id=100008943462799","article_published_time":"2012-12-04T14:49:10+00:00","article_modified_time":"2012-12-05T07:15:11+00:00","og_image":[{"url":"http:\/\/www.bellunopress.it\/wp-content\/uploads\/2010\/07\/revisioni-auto-130x130.jpg","type":"","width":"","height":""}],"author":"redazione","twitter_card":"summary_large_image","twitter_creator":"@bellunopress","twitter_site":"@bellunopress","twitter_misc":{"\u00c9crit par":"redazione","Dur\u00e9e de lecture estim\u00e9e":"1 minute"},"schema":{"@context":"https:\/\/schema.org","@graph":[{"@type":"Article","@id":"https:\/\/www.bellunopress.it\/2012\/12\/04\/codice-della-strada-dal-7-dicembre-dovra-essere-tracciabile-il-conducente\/#article","isPartOf":{"@id":"https:\/\/www.bellunopress.it\/2012\/12\/04\/codice-della-strada-dal-7-dicembre-dovra-essere-tracciabile-il-conducente\/"},"author":{"name":"redazione","@id":"https:\/\/www.bellunopress.it\/#\/schema\/person\/79bb06722b37ece1c03d3e94beb30d73"},"headline":"Codice della Strada. Dal 7 dicembre dovr\u00e0 essere tracciabile il conducente","datePublished":"2012-12-04T14:49:10+00:00","dateModified":"2012-12-05T07:15:11+00:00","mainEntityOfPage":{"@id":"https:\/\/www.bellunopress.it\/2012\/12\/04\/codice-della-strada-dal-7-dicembre-dovra-essere-tracciabile-il-conducente\/"},"wordCount":137,"publisher":{"@id":"https:\/\/www.bellunopress.it\/#organization"},"image":{"@id":"https:\/\/www.bellunopress.it\/2012\/12\/04\/codice-della-strada-dal-7-dicembre-dovra-essere-tracciabile-il-conducente\/#primaryimage"},"thumbnailUrl":"http:\/\/www.bellunopress.it\/wp-content\/uploads\/2010\/07\/revisioni-auto-130x130.jpg","articleSection":["Prima Pagina","Societ\u00e0, Associazioni, Istituzioni"],"inLanguage":"fr-FR"},{"@type":"WebPage","@id":"https:\/\/www.bellunopress.it\/2012\/12\/04\/codice-della-strada-dal-7-dicembre-dovra-essere-tracciabile-il-conducente\/","url":"https:\/\/www.bellunopress.it\/2012\/12\/04\/codice-della-strada-dal-7-dicembre-dovra-essere-tracciabile-il-conducente\/","name":"Codice della Strada. Dal 7 dicembre dovr\u00e0 essere tracciabile il conducente - Bellunopress - Dolomiti","isPartOf":{"@id":"https:\/\/www.bellunopress.it\/#website"},"primaryImageOfPage":{"@id":"https:\/\/www.bellunopress.it\/2012\/12\/04\/codice-della-strada-dal-7-dicembre-dovra-essere-tracciabile-il-conducente\/#primaryimage"},"image":{"@id":"https:\/\/www.bellunopress.it\/2012\/12\/04\/codice-della-strada-dal-7-dicembre-dovra-essere-tracciabile-il-conducente\/#primaryimage"},"thumbnailUrl":"http:\/\/www.bellunopress.it\/wp-content\/uploads\/2010\/07\/revisioni-auto-130x130.jpg","datePublished":"2012-12-04T14:49:10+00:00","dateModified":"2012-12-05T07:15:11+00:00","breadcrumb":{"@id":"https:\/\/www.bellunopress.it\/2012\/12\/04\/codice-della-strada-dal-7-dicembre-dovra-essere-tracciabile-il-conducente\/#breadcrumb"},"inLanguage":"fr-FR","potentialAction":[{"@type":"ReadAction","target":["https:\/\/www.bellunopress.it\/2012\/12\/04\/codice-della-strada-dal-7-dicembre-dovra-essere-tracciabile-il-conducente\/"]}]},{"@type":"ImageObject","inLanguage":"fr-FR","@id":"https:\/\/www.bellunopress.it\/2012\/12\/04\/codice-della-strada-dal-7-dicembre-dovra-essere-tracciabile-il-conducente\/#primaryimage","url":"http:\/\/www.bellunopress.it\/wp-content\/uploads\/2010\/07\/revisioni-auto-130x130.jpg","contentUrl":"http:\/\/www.bellunopress.it\/wp-content\/uploads\/2010\/07\/revisioni-auto-130x130.jpg"},{"@type":"BreadcrumbList","@id":"https:\/\/www.bellunopress.it\/2012\/12\/04\/codice-della-strada-dal-7-dicembre-dovra-essere-tracciabile-il-conducente\/#breadcrumb","itemListElement":[{"@type":"ListItem","position":1,"name":"Home","item":"https:\/\/www.bellunopress.it\/"},{"@type":"ListItem","position":2,"name":"Codice della Strada. Dal 7 dicembre dovr\u00e0 essere tracciabile il conducente"}]},{"@type":"WebSite","@id":"https:\/\/www.bellunopress.it\/#website","url":"https:\/\/www.bellunopress.it\/","name":"Bellunopress - Dolomiti","description":"e-mail: redazione@bellunopress.it","publisher":{"@id":"https:\/\/www.bellunopress.it\/#organization"},"potentialAction":[{"@type":"SearchAction","target":{"@type":"EntryPoint","urlTemplate":"https:\/\/www.bellunopress.it\/?s={search_term_string}"},"query-input":{"@type":"PropertyValueSpecification","valueRequired":true,"valueName":"search_term_string"}}],"inLanguage":"fr-FR"},{"@type":"Organization","@id":"https:\/\/www.bellunopress.it\/#organization","name":"Bellunopress","url":"https:\/\/www.bellunopress.it\/","logo":{"@type":"ImageObject","inLanguage":"fr-FR","@id":"https:\/\/www.bellunopress.it\/#\/schema\/logo\/image\/","url":"https:\/\/www.bellunopress.it\/wp-content\/uploads\/2011\/05\/cropped-logo-bellunopress-.jpg","contentUrl":"https:\/\/www.bellunopress.it\/wp-content\/uploads\/2011\/05\/cropped-logo-bellunopress-.jpg","width":512,"height":512,"caption":"Bellunopress"},"image":{"@id":"https:\/\/www.bellunopress.it\/#\/schema\/logo\/image\/"},"sameAs":["https:\/\/www.facebook.com\/profile.php?id=100008943462799","https:\/\/x.com\/bellunopress","https:\/\/www.linkedin.com\/hp\/?dnr=JBzUWaJfMUw8vbXJJ2tVW5-I3jZKvC4wsoxE&amp;amp;amp;amp;amp;amp;trk=nav_responsive_tab_home","https:\/\/www.youtube.com\/channel\/UCxL0wu1uN0_3_7hGG0306cw"]},{"@type":"Person","@id":"https:\/\/www.bellunopress.it\/#\/schema\/person\/79bb06722b37ece1c03d3e94beb30d73","name":"r\u00e9daction","image":{"@type":"ImageObject","inLanguage":"fr-FR","@id":"https:\/\/secure.gravatar.com\/avatar\/37d968a2e67a6fd04c169c4bdef102d0bc5d31b2546345219e348575eb80e9a0?s=96&d=mm&r=g","url":"https:\/\/secure.gravatar.com\/avatar\/37d968a2e67a6fd04c169c4bdef102d0bc5d31b2546345219e348575eb80e9a0?s=96&d=mm&r=g","contentUrl":"https:\/\/secure.gravatar.com\/avatar\/37d968a2e67a6fd04c169c4bdef102d0bc5d31b2546345219e348575eb80e9a0?s=96&d=mm&r=g","caption":"redazione"},"sameAs":["http:\/\/www.bellunopress.it","https:\/\/x.com\/bellunopress"],"url":"https:\/\/www.bellunopress.it\/fr\/author\/redazione\/"}]}},"_links":{"self":[{"href":"https:\/\/www.bellunopress.it\/fr\/wp-json\/wp\/v2\/posts\/44458","targetHints":{"allow":["GET"]}}],"collection":[{"href":"https:\/\/www.bellunopress.it\/fr\/wp-json\/wp\/v2\/posts"}],"about":[{"href":"https:\/\/www.bellunopress.it\/fr\/wp-json\/wp\/v2\/types\/post"}],"author":[{"embeddable":true,"href":"https:\/\/www.bellunopress.it\/fr\/wp-json\/wp\/v2\/users\/2"}],"replies":[{"embeddable":true,"href":"https:\/\/www.bellunopress.it\/fr\/wp-json\/wp\/v2\/comments?post=44458"}],"version-history":[{"count":2,"href":"https:\/\/www.bellunopress.it\/fr\/wp-json\/wp\/v2\/posts\/44458\/revisions"}],"predecessor-version":[{"id":44477,"href":"https:\/\/www.bellunopress.it\/fr\/wp-json\/wp\/v2\/posts\/44458\/revisions\/44477"}],"wp:attachment":[{"href":"https:\/\/www.bellunopress.it\/fr\/wp-json\/wp\/v2\/media?parent=44458"}],"wp:term":[{"taxonomy":"category","embeddable":true,"href":"https:\/\/www.bellunopress.it\/fr\/wp-json\/wp\/v2\/categories?post=44458"},{"taxonomy":"post_tag","embeddable":true,"href":"https:\/\/www.bellunopress.it\/fr\/wp-json\/wp\/v2\/tags?post=44458"}],"curies":[{"name":"wp","href":"https:\/\/api.w.org\/{rel}","templated":true}]}}