{"id":44456,"date":"2012-12-04T09:32:14","date_gmt":"2012-12-04T08:32:14","guid":{"rendered":"http:\/\/www.bellunopress.it\/?p=44456"},"modified":"2012-12-04T09:32:14","modified_gmt":"2012-12-04T08:32:14","slug":"la-vergogna-della-caccia-di-selezione-fondata-su-una-legge-serva","status":"publish","type":"post","link":"https:\/\/www.bellunopress.it\/fr\/2012\/12\/04\/la-vergogna-della-caccia-di-selezione-fondata-su-una-legge-serva\/","title":{"rendered":"La vergogna della caccia di selezione, fondata su una legge serva"},"content":{"rendered":"<p><a href=\"http:\/\/www.bellunopress.it\/wp-content\/uploads\/2010\/10\/caccia.bmp\"><img decoding=\"async\" class=\"alignright size-full wp-image-19785\" title=\"caccia\" src=\"http:\/\/www.bellunopress.it\/wp-content\/uploads\/2010\/10\/caccia.bmp\" alt=\"\" \/><\/a>Nessun rispetto dovuto a chi uccide a tradimento esseri inermi ed indifesi spesso dopo averli spiati o peggio nutriti, illudendoli, per poi sparargli all&#8217;apertura della stagione venatoria con fucili che hanno gittate di chilometri e non lasciano scampo. Un duello impari, dunque. Il tutto avviene, oggi, quasi sempre senza necessit\u00e0 o fame, ma per puro piacere, usando, nel tentativo sempre pi\u00f9 infruttuoso di accappararsi il consenso comune, le parole &#8216;salvaguardia ambientale&#8217; .<\/p>\n<p>\u00a0Per sapere veramente cos&#8217;\u00e8 la caccia basta entrare nel calendario venatorio del sito della provincia di Belluno (le femmine e piccoli di capriolo vengono abbattuti dal 2 settembre al 31 di gennaio, le femmine di cervo vengono abbatutte anche gravide e quando allattano i piccoli dell&#8217;anno precedente, a detta di alcuni cacciatori stessi \u00e8 una vergogna continuare a chiamarla caccia di SELEZIONE (Vedasi art. gazz. 13 novembre 2012).<\/p>\n<p>Di seguito un contenuto del calendari venatorio: Questione piccoli e\u00a0 allatanti Dalla lettura dei&#8221;&#8221; CRITERI PER LA STESURA E LA DEFINIZIONE DEI PIANI DI ABBATTIMENTO &#8211; Indirizzi gestionali per i prelievi venatori &#8211; Redatto dalla Provincia di Belluno ed aggiornato da ultimo con delibera di G.P. nr. 205\/2010 &#8221; cos\u00ec vi \u00e8 scritto:&#8221;&#8221;&#8221;Norma generale Fino al 30 novembre il prelievo di femmine allattanti \u00e8 consentito solo se viene preventivamente abbattuto il piccolo che l&#8217;accompagna, eccezion fatta per i prelievi santitari. Le femmine di cervo allattanti possono essere prelevate senza l&#8217;abbattimento del piccolo a partire dall&#8217; apertura stabilita dal calendario venatorio provinciale dopo il periodo degli amori&#8230;. del calendario venatorio: Nessun rispetto dovuto a chi con prepotenza, grazie ad una legge serva, entra nei terreni altrui ed insiste nelle vicinanze di abitazioni, nonostante le proteste ripetute, con spari e boati che mettono a repentaglio la serenit\u00e0 e sicurezza di chi l\u00ec vive (mi ha contattata una conoscente residente nel feltrino \u00e8 dovuta ricorre pi\u00f9 volte alle forze dell&#8217;ordine per la presenza ostinata di cacciatori nelle vicinanze della sua residenza spaventando al punto la figlia di 4 anni che la sera terrorizzata chiedeva alla madre se i cacciatori potessero entrare addirittura in casa) . Gli incidenti di caccia sono all&#8217;ordine del giorno, e purtroppo non solo fra cacciatori, le telefonate e gli appelli a chi risponde della pubblica sicurezza sempre pi\u00f9 frequenti, le sbarre antistanti gli accessi delle seconde case spuntano come funghi, l&#8217;elenco delle persone e frazioni che si rivolgono all&#8217;Associazione vittime della caccia \u00e8 in crescendo, segnale chiaro che la popolazione non intende pi\u00f9 subire ed autolimitarsi nelle normali abitudini (cambiare tragitto nel portare fuori il cane o fare una passeggiata perch\u00e8 \u00e8 iniziata la caccia). A questo si aggiunga la pretesa di entrare nelle scuole, in contrasto con la circolare del Ministro Gelmini, che avendo voluto vederci chiaro su questo infelice connubio, ha espresso in merito parole chiare su quelli che devono essere i valori da promuovere alle generazioni future. E con quale qualifica, a che titolo? Per insegnare il rispetto per la natura proprio da chi la natura l&#8217;ha stravolta sterminando i predatori naturali, immettendo in molte regioni animali non autoctoni, come i cinghiali, introdotti, allevati per diventare bersagli mobili e permettere la caccia anche di notte con le inevitabili conseguenze; i cinghiali che da 10 anni in toscana vengono abbattuti eppure proliferano perch\u00e8 non si vuol riconoscere che il cinghiale,\u00e8 DIMOSTRATO, regola la propria fertilit\u00e0 in base al numero di capi appartenenti alla specie stessa.<\/p>\n<p>Signori agricoltori voi che sapete che in questo pianeta che sta andando allo sfacelo la terra \u00e8 l&#8217;unica risorsa non permettete che il piombo ( sono questi i veri DANNI) la inquini, ci sono altre strade : dissuasori olfattivi, sterilizzazione chimica con esche apribili solo dai cinghiali ecc. Ricordiamo che il Tar veneto ha bloccato il mese scorso la caccia per i danni, irreversibili, da piombo riversati dai cacciatori nell&#8217;ambiente. Togliete la maschera signori abbiate almeno il coraggio di dire che uccidete per puro piacimento, come mi riferiva l&#8217;autunno scorso un cacciatore che invitavo ad allontanarsi dalla vicinanza della mia abitazione: &#8216; ma noi non facciamo nulla di male, ci divertiamo!!! Ricordatevi che il 90% degli italiani \u00e8 contrario alla caccia, un 5% si astiene, forse perch\u00e8 non sa cos\u00e8 la caccia, la rimanente minoranza (visto che il signor Pasquale Pioggia parla di numeri) sono i cacciatori stessi, forse qualche parente che proprio non riesce a dire di no..<\/p>\n<p>Ringrazio calorosamente tutte la MOLTITUDINE di persone che dopo la lettura dell&#8217;articolo del 22 novembre mi hanno espresso il loro sostegno ed appoggio nel generoso intento di osteggiare l&#8217;ennesimo tentativo di dissuadermi dalla mia attivit\u00e0 finalizzata all&#8217;abolizione della caccia. E mi denunciassero pure. Magari! Avrei finalmente la possibilit\u00e0 di sollevare un bel p\u00f2 di coperchi&#8230;.e non solo. Evidentemente la mia corretta informazione disturba.<\/p>\n<p>Tamara Panciera<\/p>","protected":false},"excerpt":{"rendered":"<p>Nessun rispetto dovuto a chi uccide a tradimento esseri inermi ed indifesi spesso dopo averli spiati o peggio nutriti, illudendoli, per poi sparargli all&#8217;apertura della stagione venatoria con fucili che hanno gittate di chilometri e non lasciano scampo. Un duello impari, dunque. Il tutto avviene, oggi, quasi sempre senza necessit\u00e0 o fame, ma per puro [&hellip;]<\/p>\n","protected":false},"author":2,"featured_media":0,"comment_status":"closed","ping_status":"open","sticky":false,"template":"","format":"standard","meta":{"footnotes":""},"categories":[1,26],"tags":[],"class_list":["post-44456","post","type-post","status-publish","format-standard","category-leo","category-prima-pagina"],"yoast_head":"<!-- This site is optimized with the Yoast SEO plugin v28.4 - https:\/\/yoast.com\/product\/yoast-seo-wordpress\/ -->\n<title>La vergogna della caccia di selezione, fondata su una legge serva - Bellunopress - Dolomiti<\/title>\n<meta name=\"robots\" content=\"index, follow, max-snippet:-1, max-image-preview:large, max-video-preview:-1\" \/>\n<link rel=\"canonical\" href=\"https:\/\/www.bellunopress.it\/fr\/2012\/12\/04\/la-vergogna-della-caccia-di-selezione-fondata-su-una-legge-serva\/\" \/>\n<meta property=\"og:locale\" content=\"fr_FR\" \/>\n<meta property=\"og:type\" content=\"article\" \/>\n<meta property=\"og:title\" content=\"La vergogna della caccia di selezione, fondata su una legge serva - Bellunopress - Dolomiti\" \/>\n<meta property=\"og:description\" content=\"Nessun rispetto dovuto a chi uccide a tradimento esseri inermi ed indifesi spesso dopo averli spiati o peggio nutriti, illudendoli, per poi sparargli all&#8217;apertura della stagione venatoria con fucili che hanno gittate di chilometri e non lasciano scampo. Un duello impari, dunque. Il tutto avviene, oggi, quasi sempre senza necessit\u00e0 o fame, ma per puro [&hellip;]\" \/>\n<meta property=\"og:url\" content=\"https:\/\/www.bellunopress.it\/fr\/2012\/12\/04\/la-vergogna-della-caccia-di-selezione-fondata-su-una-legge-serva\/\" \/>\n<meta property=\"og:site_name\" content=\"Bellunopress - Dolomiti\" \/>\n<meta property=\"article:publisher\" content=\"https:\/\/www.facebook.com\/profile.php?id=100008943462799\" \/>\n<meta property=\"article:published_time\" content=\"2012-12-04T08:32:14+00:00\" \/>\n<meta property=\"og:image\" content=\"http:\/\/www.bellunopress.it\/wp-content\/uploads\/2010\/10\/caccia.bmp\" \/>\n<meta name=\"author\" content=\"redazione\" \/>\n<meta name=\"twitter:card\" content=\"summary_large_image\" \/>\n<meta name=\"twitter:creator\" content=\"@bellunopress\" \/>\n<meta name=\"twitter:site\" content=\"@bellunopress\" \/>\n<meta name=\"twitter:label1\" content=\"\u00c9crit par\" \/>\n\t<meta name=\"twitter:data1\" content=\"redazione\" \/>\n\t<meta name=\"twitter:label2\" content=\"Dur\u00e9e de lecture estim\u00e9e\" \/>\n\t<meta name=\"twitter:data2\" content=\"4 minutes\" \/>\n<script type=\"application\/ld+json\" class=\"yoast-schema-graph\">{\"@context\":\"https:\\\/\\\/schema.org\",\"@graph\":[{\"@type\":\"Article\",\"@id\":\"https:\\\/\\\/www.bellunopress.it\\\/2012\\\/12\\\/04\\\/la-vergogna-della-caccia-di-selezione-fondata-su-una-legge-serva\\\/#article\",\"isPartOf\":{\"@id\":\"https:\\\/\\\/www.bellunopress.it\\\/2012\\\/12\\\/04\\\/la-vergogna-della-caccia-di-selezione-fondata-su-una-legge-serva\\\/\"},\"author\":{\"name\":\"redazione\",\"@id\":\"https:\\\/\\\/www.bellunopress.it\\\/#\\\/schema\\\/person\\\/79bb06722b37ece1c03d3e94beb30d73\"},\"headline\":\"La vergogna della caccia di selezione, fondata su una legge serva\",\"datePublished\":\"2012-12-04T08:32:14+00:00\",\"mainEntityOfPage\":{\"@id\":\"https:\\\/\\\/www.bellunopress.it\\\/2012\\\/12\\\/04\\\/la-vergogna-della-caccia-di-selezione-fondata-su-una-legge-serva\\\/\"},\"wordCount\":786,\"publisher\":{\"@id\":\"https:\\\/\\\/www.bellunopress.it\\\/#organization\"},\"image\":{\"@id\":\"https:\\\/\\\/www.bellunopress.it\\\/2012\\\/12\\\/04\\\/la-vergogna-della-caccia-di-selezione-fondata-su-una-legge-serva\\\/#primaryimage\"},\"thumbnailUrl\":\"http:\\\/\\\/www.bellunopress.it\\\/wp-content\\\/uploads\\\/2010\\\/10\\\/caccia.bmp\",\"articleSection\":[\"Lettere Opinioni\",\"Prima Pagina\"],\"inLanguage\":\"fr-FR\"},{\"@type\":\"WebPage\",\"@id\":\"https:\\\/\\\/www.bellunopress.it\\\/2012\\\/12\\\/04\\\/la-vergogna-della-caccia-di-selezione-fondata-su-una-legge-serva\\\/\",\"url\":\"https:\\\/\\\/www.bellunopress.it\\\/2012\\\/12\\\/04\\\/la-vergogna-della-caccia-di-selezione-fondata-su-una-legge-serva\\\/\",\"name\":\"La vergogna della caccia di selezione, fondata su una legge serva - Bellunopress - Dolomiti\",\"isPartOf\":{\"@id\":\"https:\\\/\\\/www.bellunopress.it\\\/#website\"},\"primaryImageOfPage\":{\"@id\":\"https:\\\/\\\/www.bellunopress.it\\\/2012\\\/12\\\/04\\\/la-vergogna-della-caccia-di-selezione-fondata-su-una-legge-serva\\\/#primaryimage\"},\"image\":{\"@id\":\"https:\\\/\\\/www.bellunopress.it\\\/2012\\\/12\\\/04\\\/la-vergogna-della-caccia-di-selezione-fondata-su-una-legge-serva\\\/#primaryimage\"},\"thumbnailUrl\":\"http:\\\/\\\/www.bellunopress.it\\\/wp-content\\\/uploads\\\/2010\\\/10\\\/caccia.bmp\",\"datePublished\":\"2012-12-04T08:32:14+00:00\",\"breadcrumb\":{\"@id\":\"https:\\\/\\\/www.bellunopress.it\\\/2012\\\/12\\\/04\\\/la-vergogna-della-caccia-di-selezione-fondata-su-una-legge-serva\\\/#breadcrumb\"},\"inLanguage\":\"fr-FR\",\"potentialAction\":[{\"@type\":\"ReadAction\",\"target\":[\"https:\\\/\\\/www.bellunopress.it\\\/2012\\\/12\\\/04\\\/la-vergogna-della-caccia-di-selezione-fondata-su-una-legge-serva\\\/\"]}]},{\"@type\":\"ImageObject\",\"inLanguage\":\"fr-FR\",\"@id\":\"https:\\\/\\\/www.bellunopress.it\\\/2012\\\/12\\\/04\\\/la-vergogna-della-caccia-di-selezione-fondata-su-una-legge-serva\\\/#primaryimage\",\"url\":\"http:\\\/\\\/www.bellunopress.it\\\/wp-content\\\/uploads\\\/2010\\\/10\\\/caccia.bmp\",\"contentUrl\":\"http:\\\/\\\/www.bellunopress.it\\\/wp-content\\\/uploads\\\/2010\\\/10\\\/caccia.bmp\"},{\"@type\":\"BreadcrumbList\",\"@id\":\"https:\\\/\\\/www.bellunopress.it\\\/2012\\\/12\\\/04\\\/la-vergogna-della-caccia-di-selezione-fondata-su-una-legge-serva\\\/#breadcrumb\",\"itemListElement\":[{\"@type\":\"ListItem\",\"position\":1,\"name\":\"Home\",\"item\":\"https:\\\/\\\/www.bellunopress.it\\\/\"},{\"@type\":\"ListItem\",\"position\":2,\"name\":\"La vergogna della caccia di selezione, fondata su una legge serva\"}]},{\"@type\":\"WebSite\",\"@id\":\"https:\\\/\\\/www.bellunopress.it\\\/#website\",\"url\":\"https:\\\/\\\/www.bellunopress.it\\\/\",\"name\":\"Bellunopress - Dolomiti\",\"description\":\"e-mail: redazione@bellunopress.it\",\"publisher\":{\"@id\":\"https:\\\/\\\/www.bellunopress.it\\\/#organization\"},\"potentialAction\":[{\"@type\":\"SearchAction\",\"target\":{\"@type\":\"EntryPoint\",\"urlTemplate\":\"https:\\\/\\\/www.bellunopress.it\\\/?s={search_term_string}\"},\"query-input\":{\"@type\":\"PropertyValueSpecification\",\"valueRequired\":true,\"valueName\":\"search_term_string\"}}],\"inLanguage\":\"fr-FR\"},{\"@type\":\"Organization\",\"@id\":\"https:\\\/\\\/www.bellunopress.it\\\/#organization\",\"name\":\"Bellunopress\",\"url\":\"https:\\\/\\\/www.bellunopress.it\\\/\",\"logo\":{\"@type\":\"ImageObject\",\"inLanguage\":\"fr-FR\",\"@id\":\"https:\\\/\\\/www.bellunopress.it\\\/#\\\/schema\\\/logo\\\/image\\\/\",\"url\":\"https:\\\/\\\/www.bellunopress.it\\\/wp-content\\\/uploads\\\/2011\\\/05\\\/cropped-logo-bellunopress-.jpg\",\"contentUrl\":\"https:\\\/\\\/www.bellunopress.it\\\/wp-content\\\/uploads\\\/2011\\\/05\\\/cropped-logo-bellunopress-.jpg\",\"width\":512,\"height\":512,\"caption\":\"Bellunopress\"},\"image\":{\"@id\":\"https:\\\/\\\/www.bellunopress.it\\\/#\\\/schema\\\/logo\\\/image\\\/\"},\"sameAs\":[\"https:\\\/\\\/www.facebook.com\\\/profile.php?id=100008943462799\",\"https:\\\/\\\/x.com\\\/bellunopress\",\"https:\\\/\\\/www.linkedin.com\\\/hp\\\/?dnr=JBzUWaJfMUw8vbXJJ2tVW5-I3jZKvC4wsoxE&amp;amp;amp;amp;amp;amp;trk=nav_responsive_tab_home\",\"https:\\\/\\\/www.youtube.com\\\/channel\\\/UCxL0wu1uN0_3_7hGG0306cw\"]},{\"@type\":\"Person\",\"@id\":\"https:\\\/\\\/www.bellunopress.it\\\/#\\\/schema\\\/person\\\/79bb06722b37ece1c03d3e94beb30d73\",\"name\":\"redazione\",\"image\":{\"@type\":\"ImageObject\",\"inLanguage\":\"fr-FR\",\"@id\":\"https:\\\/\\\/secure.gravatar.com\\\/avatar\\\/37d968a2e67a6fd04c169c4bdef102d0bc5d31b2546345219e348575eb80e9a0?s=96&d=mm&r=g\",\"url\":\"https:\\\/\\\/secure.gravatar.com\\\/avatar\\\/37d968a2e67a6fd04c169c4bdef102d0bc5d31b2546345219e348575eb80e9a0?s=96&d=mm&r=g\",\"contentUrl\":\"https:\\\/\\\/secure.gravatar.com\\\/avatar\\\/37d968a2e67a6fd04c169c4bdef102d0bc5d31b2546345219e348575eb80e9a0?s=96&d=mm&r=g\",\"caption\":\"redazione\"},\"sameAs\":[\"http:\\\/\\\/www.bellunopress.it\",\"https:\\\/\\\/x.com\\\/bellunopress\"],\"url\":\"https:\\\/\\\/www.bellunopress.it\\\/fr\\\/author\\\/redazione\\\/\"}]}<\/script>\n<!-- \/ Yoast SEO plugin. -->","yoast_head_json":{"title":"La vergogna della caccia di selezione, fondata su una legge serva - Bellunopress - Dolomiti","robots":{"index":"index","follow":"follow","max-snippet":"max-snippet:-1","max-image-preview":"max-image-preview:large","max-video-preview":"max-video-preview:-1"},"canonical":"https:\/\/www.bellunopress.it\/fr\/2012\/12\/04\/la-vergogna-della-caccia-di-selezione-fondata-su-una-legge-serva\/","og_locale":"fr_FR","og_type":"article","og_title":"La vergogna della caccia di selezione, fondata su una legge serva - Bellunopress - Dolomiti","og_description":"Nessun rispetto dovuto a chi uccide a tradimento esseri inermi ed indifesi spesso dopo averli spiati o peggio nutriti, illudendoli, per poi sparargli all&#8217;apertura della stagione venatoria con fucili che hanno gittate di chilometri e non lasciano scampo. Un duello impari, dunque. Il tutto avviene, oggi, quasi sempre senza necessit\u00e0 o fame, ma per puro [&hellip;]","og_url":"https:\/\/www.bellunopress.it\/fr\/2012\/12\/04\/la-vergogna-della-caccia-di-selezione-fondata-su-una-legge-serva\/","og_site_name":"Bellunopress - Dolomiti","article_publisher":"https:\/\/www.facebook.com\/profile.php?id=100008943462799","article_published_time":"2012-12-04T08:32:14+00:00","og_image":[{"url":"http:\/\/www.bellunopress.it\/wp-content\/uploads\/2010\/10\/caccia.bmp","type":"","width":"","height":""}],"author":"redazione","twitter_card":"summary_large_image","twitter_creator":"@bellunopress","twitter_site":"@bellunopress","twitter_misc":{"\u00c9crit par":"redazione","Dur\u00e9e de lecture estim\u00e9e":"4 minutes"},"schema":{"@context":"https:\/\/schema.org","@graph":[{"@type":"Article","@id":"https:\/\/www.bellunopress.it\/2012\/12\/04\/la-vergogna-della-caccia-di-selezione-fondata-su-una-legge-serva\/#article","isPartOf":{"@id":"https:\/\/www.bellunopress.it\/2012\/12\/04\/la-vergogna-della-caccia-di-selezione-fondata-su-una-legge-serva\/"},"author":{"name":"redazione","@id":"https:\/\/www.bellunopress.it\/#\/schema\/person\/79bb06722b37ece1c03d3e94beb30d73"},"headline":"La vergogna della caccia di selezione, fondata su una legge serva","datePublished":"2012-12-04T08:32:14+00:00","mainEntityOfPage":{"@id":"https:\/\/www.bellunopress.it\/2012\/12\/04\/la-vergogna-della-caccia-di-selezione-fondata-su-una-legge-serva\/"},"wordCount":786,"publisher":{"@id":"https:\/\/www.bellunopress.it\/#organization"},"image":{"@id":"https:\/\/www.bellunopress.it\/2012\/12\/04\/la-vergogna-della-caccia-di-selezione-fondata-su-una-legge-serva\/#primaryimage"},"thumbnailUrl":"http:\/\/www.bellunopress.it\/wp-content\/uploads\/2010\/10\/caccia.bmp","articleSection":["Lettere Opinioni","Prima Pagina"],"inLanguage":"fr-FR"},{"@type":"WebPage","@id":"https:\/\/www.bellunopress.it\/2012\/12\/04\/la-vergogna-della-caccia-di-selezione-fondata-su-una-legge-serva\/","url":"https:\/\/www.bellunopress.it\/2012\/12\/04\/la-vergogna-della-caccia-di-selezione-fondata-su-una-legge-serva\/","name":"La vergogna della caccia di selezione, fondata su una legge serva - Bellunopress - Dolomiti","isPartOf":{"@id":"https:\/\/www.bellunopress.it\/#website"},"primaryImageOfPage":{"@id":"https:\/\/www.bellunopress.it\/2012\/12\/04\/la-vergogna-della-caccia-di-selezione-fondata-su-una-legge-serva\/#primaryimage"},"image":{"@id":"https:\/\/www.bellunopress.it\/2012\/12\/04\/la-vergogna-della-caccia-di-selezione-fondata-su-una-legge-serva\/#primaryimage"},"thumbnailUrl":"http:\/\/www.bellunopress.it\/wp-content\/uploads\/2010\/10\/caccia.bmp","datePublished":"2012-12-04T08:32:14+00:00","breadcrumb":{"@id":"https:\/\/www.bellunopress.it\/2012\/12\/04\/la-vergogna-della-caccia-di-selezione-fondata-su-una-legge-serva\/#breadcrumb"},"inLanguage":"fr-FR","potentialAction":[{"@type":"ReadAction","target":["https:\/\/www.bellunopress.it\/2012\/12\/04\/la-vergogna-della-caccia-di-selezione-fondata-su-una-legge-serva\/"]}]},{"@type":"ImageObject","inLanguage":"fr-FR","@id":"https:\/\/www.bellunopress.it\/2012\/12\/04\/la-vergogna-della-caccia-di-selezione-fondata-su-una-legge-serva\/#primaryimage","url":"http:\/\/www.bellunopress.it\/wp-content\/uploads\/2010\/10\/caccia.bmp","contentUrl":"http:\/\/www.bellunopress.it\/wp-content\/uploads\/2010\/10\/caccia.bmp"},{"@type":"BreadcrumbList","@id":"https:\/\/www.bellunopress.it\/2012\/12\/04\/la-vergogna-della-caccia-di-selezione-fondata-su-una-legge-serva\/#breadcrumb","itemListElement":[{"@type":"ListItem","position":1,"name":"Home","item":"https:\/\/www.bellunopress.it\/"},{"@type":"ListItem","position":2,"name":"La vergogna della caccia di selezione, fondata su una legge serva"}]},{"@type":"WebSite","@id":"https:\/\/www.bellunopress.it\/#website","url":"https:\/\/www.bellunopress.it\/","name":"Bellunopress - Dolomiti","description":"e-mail: redazione@bellunopress.it","publisher":{"@id":"https:\/\/www.bellunopress.it\/#organization"},"potentialAction":[{"@type":"SearchAction","target":{"@type":"EntryPoint","urlTemplate":"https:\/\/www.bellunopress.it\/?s={search_term_string}"},"query-input":{"@type":"PropertyValueSpecification","valueRequired":true,"valueName":"search_term_string"}}],"inLanguage":"fr-FR"},{"@type":"Organization","@id":"https:\/\/www.bellunopress.it\/#organization","name":"Bellunopress","url":"https:\/\/www.bellunopress.it\/","logo":{"@type":"ImageObject","inLanguage":"fr-FR","@id":"https:\/\/www.bellunopress.it\/#\/schema\/logo\/image\/","url":"https:\/\/www.bellunopress.it\/wp-content\/uploads\/2011\/05\/cropped-logo-bellunopress-.jpg","contentUrl":"https:\/\/www.bellunopress.it\/wp-content\/uploads\/2011\/05\/cropped-logo-bellunopress-.jpg","width":512,"height":512,"caption":"Bellunopress"},"image":{"@id":"https:\/\/www.bellunopress.it\/#\/schema\/logo\/image\/"},"sameAs":["https:\/\/www.facebook.com\/profile.php?id=100008943462799","https:\/\/x.com\/bellunopress","https:\/\/www.linkedin.com\/hp\/?dnr=JBzUWaJfMUw8vbXJJ2tVW5-I3jZKvC4wsoxE&amp;amp;amp;amp;amp;amp;trk=nav_responsive_tab_home","https:\/\/www.youtube.com\/channel\/UCxL0wu1uN0_3_7hGG0306cw"]},{"@type":"Person","@id":"https:\/\/www.bellunopress.it\/#\/schema\/person\/79bb06722b37ece1c03d3e94beb30d73","name":"r\u00e9daction","image":{"@type":"ImageObject","inLanguage":"fr-FR","@id":"https:\/\/secure.gravatar.com\/avatar\/37d968a2e67a6fd04c169c4bdef102d0bc5d31b2546345219e348575eb80e9a0?s=96&d=mm&r=g","url":"https:\/\/secure.gravatar.com\/avatar\/37d968a2e67a6fd04c169c4bdef102d0bc5d31b2546345219e348575eb80e9a0?s=96&d=mm&r=g","contentUrl":"https:\/\/secure.gravatar.com\/avatar\/37d968a2e67a6fd04c169c4bdef102d0bc5d31b2546345219e348575eb80e9a0?s=96&d=mm&r=g","caption":"redazione"},"sameAs":["http:\/\/www.bellunopress.it","https:\/\/x.com\/bellunopress"],"url":"https:\/\/www.bellunopress.it\/fr\/author\/redazione\/"}]}},"_links":{"self":[{"href":"https:\/\/www.bellunopress.it\/fr\/wp-json\/wp\/v2\/posts\/44456","targetHints":{"allow":["GET"]}}],"collection":[{"href":"https:\/\/www.bellunopress.it\/fr\/wp-json\/wp\/v2\/posts"}],"about":[{"href":"https:\/\/www.bellunopress.it\/fr\/wp-json\/wp\/v2\/types\/post"}],"author":[{"embeddable":true,"href":"https:\/\/www.bellunopress.it\/fr\/wp-json\/wp\/v2\/users\/2"}],"replies":[{"embeddable":true,"href":"https:\/\/www.bellunopress.it\/fr\/wp-json\/wp\/v2\/comments?post=44456"}],"version-history":[{"count":1,"href":"https:\/\/www.bellunopress.it\/fr\/wp-json\/wp\/v2\/posts\/44456\/revisions"}],"predecessor-version":[{"id":44457,"href":"https:\/\/www.bellunopress.it\/fr\/wp-json\/wp\/v2\/posts\/44456\/revisions\/44457"}],"wp:attachment":[{"href":"https:\/\/www.bellunopress.it\/fr\/wp-json\/wp\/v2\/media?parent=44456"}],"wp:term":[{"taxonomy":"category","embeddable":true,"href":"https:\/\/www.bellunopress.it\/fr\/wp-json\/wp\/v2\/categories?post=44456"},{"taxonomy":"post_tag","embeddable":true,"href":"https:\/\/www.bellunopress.it\/fr\/wp-json\/wp\/v2\/tags?post=44456"}],"curies":[{"name":"wp","href":"https:\/\/api.w.org\/{rel}","templated":true}]}}