{"id":44448,"date":"2012-12-04T06:45:32","date_gmt":"2012-12-04T05:45:32","guid":{"rendered":"http:\/\/www.bellunopress.it\/?p=44448"},"modified":"2012-12-04T06:45:32","modified_gmt":"2012-12-04T05:45:32","slug":"venerdi-a-col-cumano-si-parla-di-cinema-con-mario-dal-bello-e-anita-kravos","status":"publish","type":"post","link":"https:\/\/www.bellunopress.it\/fr\/2012\/12\/04\/venerdi-a-col-cumano-si-parla-di-cinema-con-mario-dal-bello-e-anita-kravos\/","title":{"rendered":"Venerd\u00ec a Col Cumano si parla di cinema con Mario Dal Bello e Anita Kravos"},"content":{"rendered":"<p>Nuovo incontro per la rassegna culturale \u201cIllustrissimi\u201d ideata e organizzata da Michelangelo De Don\u00e0. Il Centro Papa Luciani di Santa Giustina ospita venerd\u00ec 7 dicembre alle 20.30 l&#8217;incontro con il prof. Mario Dal Bello (critico d&#8217;arte e di cinema) che presenter\u00e0 il libro \u201cLa Bibbia di Caravaggio. Immagini dell&#8217;Antico e del Nuovo Testamento\u201d con proiezioni di immagini e letture dell&#8217;attrice Anita Kravos che ha partecipato alla fiction su Papa Luciani con Neri Marcor\u00e8. Il card. Ravasi nella prefazione al libro definisce Dal Bello una guida preziosa che conduce ciascuno di noi all&#8217;interno della straordinaria sequenza pittorica religiosa di Caravaggio. Un saggio agile, documentato, originale sulla visione religiosa e sull\u2019interpretazione profondamente umana e laica che Caravaggio diede della Sacra Scrittura attraverso le sue tele. Mario Dal Bello attraverso lo studio di 18 dipinti ripercorre il cammino artistico del pittore lombardo, un regista della luce e del chiaroscuro che attraverso la Parola dipinta interpella ancora oggi l\u2019esistenza umana, dove luci e ombre si susseguono in una perenne ricerca della Verit\u00e0. Nel corso della serata un piccolo spazio sar\u00e0 dedicato anche al libro \u201cLe famiglie italiane sullo schermo\u201d, infatti la famiglia \u00e8 sempre pi\u00f9 spesso al centro dell&#8217;interesse della cinematografia italiana, osservatorio interessante per leggere le tendenze della societ\u00e0.<\/p>\n<p>La rassegna culturale \u201cIllustrissimi\u201d \u00e8 sostenuta per il 2012 da Provincia di Belluno-Regione Veneto-RetEventi, Consorzio Bim Piave e Cassa di Risparmio del Veneto, oltre a sponsor privati.<\/p>\n<p>&nbsp;<\/p>\n<p>CHI SONO<\/p>\n<p>Mario Dal Bello, laureato in Lettere, Filosofia e Teologia, gi\u00e0 docente di Letteratura italiana nei licei in Italia e all\u2019estero, \u00e8 dal 1990 Responsabile del settore Arte e Spettacolo della rivista Citt\u00e0 Nuova. Scrive saggi e articoli su diverse riviste culturali, collabora a convegni internazionali e nazionali d\u2019arte e di cinema, \u00e8 membro della Commissione Nazionale Valutazione Film della CEI.<\/p>\n<p>\u00c8 autore di &#8220;Pasolini, Zeffirelli, Gibson: Una Storia dell&#8217;Arte Raccontata dal Cinema&#8221; (in Ges\u00f9 e la macchina da presa di Dario E. Vigan\u00f2, Lateran University Press, 2005) di &#8220;Primissimo Piano. Incontri con Registi, Attrici e Attori&#8221; (Ente dello Spettacolo, 2006), &#8220;Caravaggio. Percorsi di Arte &amp; Cinema&#8221; (Effat\u00e0 Editrice, 2007), &#8220;La Prova. Nove Film Italiani a Confronto&#8221; (Effat\u00e0 editore 2008), &#8220;Inquieti, I Giovani nel Cinema Italiano del Duemila&#8221; (Effat\u00e0, 2009), &#8220;Ritratti d&#8217;Autore, da Duccio a Rothko&#8221; (Citt\u00e0 Nuova, 2009) e di &#8220;La Bibbia di Caravaggio&#8221; (Weiland editore, 2010).<\/p>\n<p>Anita Kravos Nasce a Trieste nel 1974 e cresce a Gorizia sul confine con la Slovenia in un ambiente multiculturale. Nel 1998 frequenta il corso di perfezionamento teatrale internazionale Ecole des Maitres, cui segue una tourn\u00e9e europea che giunge fino a Mosca. Qui frequenta per due anni l&#8217;Accademia Teatrale Russa GITIS. Si laurea in Lingue discutendo una tesi relativa all&#8217;esperienza teatrale moscovita. Nel 2000 si trasferisce a Roma e prende parte, con piccoli ruoli, a film come Saimir di Munzi, Amore, bugie e calcetto di Lucini, Manuale d&#8217;amore 2 e Italians di Veronesi. Nel 2007, il suo primo ruolo da protagonista nel film Come l&#8217;ombra di Spada le vale ben sette riconoscimenti. Seguono nel 2008 due lungometraggi in Svizzera e Slovenia. Nello stesso periodo prende parte ai film per la televisione Un caso di coscienza 3 diretto da Pirelli, Papa Luciani, Il generale Dalla Chiesa e Ho sposato uno sbirro diretti da Capitani. Nel 2009 presenta al Festival Internazionale del Film di Roma Alza la testa di Angelini con Sergio Castellito; nel 2009 partecipa al film La prima linea di De Maria, dove interpreta il ruolo di una terrorista. Nel 2010 \u00e8 la protagonista del film Lamor cortese di Camarca, dove interpreta Gemma: una giornalista gourmet, divisa tra ristoranti di lusso e la cura del padre, che ritrover\u00e0 la realizzazione e l&#8217;amore con l&#8217;incontro di un vecchio compagno di scuola. Nel 2012 \u00e8 protagonista del cortometraggio Svegliati di Duccio Giordano.<\/p>","protected":false},"excerpt":{"rendered":"<p>Nuovo incontro per la rassegna culturale \u201cIllustrissimi\u201d ideata e organizzata da Michelangelo De Don\u00e0. Il Centro Papa Luciani di Santa Giustina ospita venerd\u00ec 7 dicembre alle 20.30 l&#8217;incontro con il prof. Mario Dal Bello (critico d&#8217;arte e di cinema) che presenter\u00e0 il libro \u201cLa Bibbia di Caravaggio. Immagini dell&#8217;Antico e del Nuovo Testamento\u201d con proiezioni [&hellip;]<\/p>\n","protected":false},"author":2,"featured_media":0,"comment_status":"closed","ping_status":"open","sticky":false,"template":"","format":"standard","meta":{"footnotes":""},"categories":[27,25],"tags":[],"class_list":["post-44448","post","type-post","status-publish","format-standard","category-appuntamenti","category-pausa-caffe"],"yoast_head":"<!-- This site is optimized with the Yoast SEO plugin v28.4 - https:\/\/yoast.com\/product\/yoast-seo-wordpress\/ -->\n<title>Venerd\u00ec a Col Cumano si parla di cinema con Mario Dal Bello e Anita Kravos - Bellunopress - Dolomiti<\/title>\n<meta name=\"robots\" content=\"index, follow, max-snippet:-1, max-image-preview:large, max-video-preview:-1\" \/>\n<link rel=\"canonical\" href=\"https:\/\/www.bellunopress.it\/fr\/2012\/12\/04\/venerdi-a-col-cumano-si-parla-di-cinema-con-mario-dal-bello-e-anita-kravos\/\" \/>\n<meta property=\"og:locale\" content=\"fr_FR\" \/>\n<meta property=\"og:type\" content=\"article\" \/>\n<meta property=\"og:title\" content=\"Venerd\u00ec a Col Cumano si parla di cinema con Mario Dal Bello e Anita Kravos - Bellunopress - Dolomiti\" \/>\n<meta property=\"og:description\" content=\"Nuovo incontro per la rassegna culturale \u201cIllustrissimi\u201d ideata e organizzata da Michelangelo De Don\u00e0. Il Centro Papa Luciani di Santa Giustina ospita venerd\u00ec 7 dicembre alle 20.30 l&#8217;incontro con il prof. Mario Dal Bello (critico d&#8217;arte e di cinema) che presenter\u00e0 il libro \u201cLa Bibbia di Caravaggio. Immagini dell&#8217;Antico e del Nuovo Testamento\u201d con proiezioni [&hellip;]\" \/>\n<meta property=\"og:url\" content=\"https:\/\/www.bellunopress.it\/fr\/2012\/12\/04\/venerdi-a-col-cumano-si-parla-di-cinema-con-mario-dal-bello-e-anita-kravos\/\" \/>\n<meta property=\"og:site_name\" content=\"Bellunopress - Dolomiti\" \/>\n<meta property=\"article:publisher\" content=\"https:\/\/www.facebook.com\/profile.php?id=100008943462799\" \/>\n<meta property=\"article:published_time\" content=\"2012-12-04T05:45:32+00:00\" \/>\n<meta property=\"og:image\" content=\"http:\/\/www.bellunopress.it\/wp-content\/uploads\/2012\/07\/logo-bellunopress-250x250-2012.jpg\" \/>\n<meta name=\"author\" content=\"redazione\" \/>\n<meta name=\"twitter:card\" content=\"summary_large_image\" \/>\n<meta name=\"twitter:creator\" content=\"@bellunopress\" \/>\n<meta name=\"twitter:site\" content=\"@bellunopress\" \/>\n<meta name=\"twitter:label1\" content=\"Written by\" \/>\n\t<meta name=\"twitter:data1\" content=\"redazione\" \/>\n\t<meta name=\"twitter:label2\" content=\"Est. reading time\" \/>\n\t<meta name=\"twitter:data2\" content=\"3 minutes\" \/>\n<script type=\"application\/ld+json\" class=\"yoast-schema-graph\">{\"@context\":\"https:\\\/\\\/schema.org\",\"@graph\":[{\"@type\":\"Article\",\"@id\":\"https:\\\/\\\/www.bellunopress.it\\\/2012\\\/12\\\/04\\\/venerdi-a-col-cumano-si-parla-di-cinema-con-mario-dal-bello-e-anita-kravos\\\/#article\",\"isPartOf\":{\"@id\":\"https:\\\/\\\/www.bellunopress.it\\\/2012\\\/12\\\/04\\\/venerdi-a-col-cumano-si-parla-di-cinema-con-mario-dal-bello-e-anita-kravos\\\/\"},\"author\":{\"name\":\"redazione\",\"@id\":\"https:\\\/\\\/www.bellunopress.it\\\/#\\\/schema\\\/person\\\/79bb06722b37ece1c03d3e94beb30d73\"},\"headline\":\"Venerd\u00ec a Col Cumano si parla di cinema con Mario Dal Bello e Anita Kravos\",\"datePublished\":\"2012-12-04T05:45:32+00:00\",\"mainEntityOfPage\":{\"@id\":\"https:\\\/\\\/www.bellunopress.it\\\/2012\\\/12\\\/04\\\/venerdi-a-col-cumano-si-parla-di-cinema-con-mario-dal-bello-e-anita-kravos\\\/\"},\"wordCount\":627,\"publisher\":{\"@id\":\"https:\\\/\\\/www.bellunopress.it\\\/#organization\"},\"articleSection\":[\"Appuntamenti, Eventi\",\"Pausa Caff\u00e8\"],\"inLanguage\":\"fr-FR\"},{\"@type\":\"WebPage\",\"@id\":\"https:\\\/\\\/www.bellunopress.it\\\/2012\\\/12\\\/04\\\/venerdi-a-col-cumano-si-parla-di-cinema-con-mario-dal-bello-e-anita-kravos\\\/\",\"url\":\"https:\\\/\\\/www.bellunopress.it\\\/2012\\\/12\\\/04\\\/venerdi-a-col-cumano-si-parla-di-cinema-con-mario-dal-bello-e-anita-kravos\\\/\",\"name\":\"Venerd\u00ec a Col Cumano si parla di cinema con Mario Dal Bello e Anita Kravos - Bellunopress - Dolomiti\",\"isPartOf\":{\"@id\":\"https:\\\/\\\/www.bellunopress.it\\\/#website\"},\"datePublished\":\"2012-12-04T05:45:32+00:00\",\"breadcrumb\":{\"@id\":\"https:\\\/\\\/www.bellunopress.it\\\/2012\\\/12\\\/04\\\/venerdi-a-col-cumano-si-parla-di-cinema-con-mario-dal-bello-e-anita-kravos\\\/#breadcrumb\"},\"inLanguage\":\"fr-FR\",\"potentialAction\":[{\"@type\":\"ReadAction\",\"target\":[\"https:\\\/\\\/www.bellunopress.it\\\/2012\\\/12\\\/04\\\/venerdi-a-col-cumano-si-parla-di-cinema-con-mario-dal-bello-e-anita-kravos\\\/\"]}]},{\"@type\":\"BreadcrumbList\",\"@id\":\"https:\\\/\\\/www.bellunopress.it\\\/2012\\\/12\\\/04\\\/venerdi-a-col-cumano-si-parla-di-cinema-con-mario-dal-bello-e-anita-kravos\\\/#breadcrumb\",\"itemListElement\":[{\"@type\":\"ListItem\",\"position\":1,\"name\":\"Home\",\"item\":\"https:\\\/\\\/www.bellunopress.it\\\/\"},{\"@type\":\"ListItem\",\"position\":2,\"name\":\"Venerd\u00ec a Col Cumano si parla di cinema con Mario Dal Bello e Anita Kravos\"}]},{\"@type\":\"WebSite\",\"@id\":\"https:\\\/\\\/www.bellunopress.it\\\/#website\",\"url\":\"https:\\\/\\\/www.bellunopress.it\\\/\",\"name\":\"Bellunopress - Dolomiti\",\"description\":\"e-mail: redazione@bellunopress.it\",\"publisher\":{\"@id\":\"https:\\\/\\\/www.bellunopress.it\\\/#organization\"},\"potentialAction\":[{\"@type\":\"SearchAction\",\"target\":{\"@type\":\"EntryPoint\",\"urlTemplate\":\"https:\\\/\\\/www.bellunopress.it\\\/?s={search_term_string}\"},\"query-input\":{\"@type\":\"PropertyValueSpecification\",\"valueRequired\":true,\"valueName\":\"search_term_string\"}}],\"inLanguage\":\"fr-FR\"},{\"@type\":\"Organization\",\"@id\":\"https:\\\/\\\/www.bellunopress.it\\\/#organization\",\"name\":\"Bellunopress\",\"url\":\"https:\\\/\\\/www.bellunopress.it\\\/\",\"logo\":{\"@type\":\"ImageObject\",\"inLanguage\":\"fr-FR\",\"@id\":\"https:\\\/\\\/www.bellunopress.it\\\/#\\\/schema\\\/logo\\\/image\\\/\",\"url\":\"https:\\\/\\\/www.bellunopress.it\\\/wp-content\\\/uploads\\\/2011\\\/05\\\/cropped-logo-bellunopress-.jpg\",\"contentUrl\":\"https:\\\/\\\/www.bellunopress.it\\\/wp-content\\\/uploads\\\/2011\\\/05\\\/cropped-logo-bellunopress-.jpg\",\"width\":512,\"height\":512,\"caption\":\"Bellunopress\"},\"image\":{\"@id\":\"https:\\\/\\\/www.bellunopress.it\\\/#\\\/schema\\\/logo\\\/image\\\/\"},\"sameAs\":[\"https:\\\/\\\/www.facebook.com\\\/profile.php?id=100008943462799\",\"https:\\\/\\\/x.com\\\/bellunopress\",\"https:\\\/\\\/www.linkedin.com\\\/hp\\\/?dnr=JBzUWaJfMUw8vbXJJ2tVW5-I3jZKvC4wsoxE&amp;amp;amp;amp;amp;amp;trk=nav_responsive_tab_home\",\"https:\\\/\\\/www.youtube.com\\\/channel\\\/UCxL0wu1uN0_3_7hGG0306cw\"]},{\"@type\":\"Person\",\"@id\":\"https:\\\/\\\/www.bellunopress.it\\\/#\\\/schema\\\/person\\\/79bb06722b37ece1c03d3e94beb30d73\",\"name\":\"redazione\",\"image\":{\"@type\":\"ImageObject\",\"inLanguage\":\"fr-FR\",\"@id\":\"https:\\\/\\\/secure.gravatar.com\\\/avatar\\\/37d968a2e67a6fd04c169c4bdef102d0bc5d31b2546345219e348575eb80e9a0?s=96&d=mm&r=g\",\"url\":\"https:\\\/\\\/secure.gravatar.com\\\/avatar\\\/37d968a2e67a6fd04c169c4bdef102d0bc5d31b2546345219e348575eb80e9a0?s=96&d=mm&r=g\",\"contentUrl\":\"https:\\\/\\\/secure.gravatar.com\\\/avatar\\\/37d968a2e67a6fd04c169c4bdef102d0bc5d31b2546345219e348575eb80e9a0?s=96&d=mm&r=g\",\"caption\":\"redazione\"},\"sameAs\":[\"http:\\\/\\\/www.bellunopress.it\",\"https:\\\/\\\/x.com\\\/bellunopress\"],\"url\":\"https:\\\/\\\/www.bellunopress.it\\\/fr\\\/author\\\/redazione\\\/\"}]}<\/script>\n<!-- \/ Yoast SEO plugin. -->","yoast_head_json":{"title":"Venerd\u00ec a Col Cumano si parla di cinema con Mario Dal Bello e Anita Kravos - Bellunopress - Dolomiti","robots":{"index":"index","follow":"follow","max-snippet":"max-snippet:-1","max-image-preview":"max-image-preview:large","max-video-preview":"max-video-preview:-1"},"canonical":"https:\/\/www.bellunopress.it\/fr\/2012\/12\/04\/venerdi-a-col-cumano-si-parla-di-cinema-con-mario-dal-bello-e-anita-kravos\/","og_locale":"fr_FR","og_type":"article","og_title":"Venerd\u00ec a Col Cumano si parla di cinema con Mario Dal Bello e Anita Kravos - Bellunopress - Dolomiti","og_description":"Nuovo incontro per la rassegna culturale \u201cIllustrissimi\u201d ideata e organizzata da Michelangelo De Don\u00e0. Il Centro Papa Luciani di Santa Giustina ospita venerd\u00ec 7 dicembre alle 20.30 l&#8217;incontro con il prof. Mario Dal Bello (critico d&#8217;arte e di cinema) che presenter\u00e0 il libro \u201cLa Bibbia di Caravaggio. Immagini dell&#8217;Antico e del Nuovo Testamento\u201d con proiezioni [&hellip;]","og_url":"https:\/\/www.bellunopress.it\/fr\/2012\/12\/04\/venerdi-a-col-cumano-si-parla-di-cinema-con-mario-dal-bello-e-anita-kravos\/","og_site_name":"Bellunopress - Dolomiti","article_publisher":"https:\/\/www.facebook.com\/profile.php?id=100008943462799","article_published_time":"2012-12-04T05:45:32+00:00","og_image":[{"url":"http:\/\/www.bellunopress.it\/wp-content\/uploads\/2012\/07\/logo-bellunopress-250x250-2012.jpg","type":"","width":"","height":""}],"author":"redazione","twitter_card":"summary_large_image","twitter_creator":"@bellunopress","twitter_site":"@bellunopress","twitter_misc":{"Written by":"redazione","Est. reading time":"3 minutes"},"schema":{"@context":"https:\/\/schema.org","@graph":[{"@type":"Article","@id":"https:\/\/www.bellunopress.it\/2012\/12\/04\/venerdi-a-col-cumano-si-parla-di-cinema-con-mario-dal-bello-e-anita-kravos\/#article","isPartOf":{"@id":"https:\/\/www.bellunopress.it\/2012\/12\/04\/venerdi-a-col-cumano-si-parla-di-cinema-con-mario-dal-bello-e-anita-kravos\/"},"author":{"name":"redazione","@id":"https:\/\/www.bellunopress.it\/#\/schema\/person\/79bb06722b37ece1c03d3e94beb30d73"},"headline":"Venerd\u00ec a Col Cumano si parla di cinema con Mario Dal Bello e Anita Kravos","datePublished":"2012-12-04T05:45:32+00:00","mainEntityOfPage":{"@id":"https:\/\/www.bellunopress.it\/2012\/12\/04\/venerdi-a-col-cumano-si-parla-di-cinema-con-mario-dal-bello-e-anita-kravos\/"},"wordCount":627,"publisher":{"@id":"https:\/\/www.bellunopress.it\/#organization"},"articleSection":["Appuntamenti, Eventi","Pausa Caff\u00e8"],"inLanguage":"fr-FR"},{"@type":"WebPage","@id":"https:\/\/www.bellunopress.it\/2012\/12\/04\/venerdi-a-col-cumano-si-parla-di-cinema-con-mario-dal-bello-e-anita-kravos\/","url":"https:\/\/www.bellunopress.it\/2012\/12\/04\/venerdi-a-col-cumano-si-parla-di-cinema-con-mario-dal-bello-e-anita-kravos\/","name":"Venerd\u00ec a Col Cumano si parla di cinema con Mario Dal Bello e Anita Kravos - Bellunopress - Dolomiti","isPartOf":{"@id":"https:\/\/www.bellunopress.it\/#website"},"datePublished":"2012-12-04T05:45:32+00:00","breadcrumb":{"@id":"https:\/\/www.bellunopress.it\/2012\/12\/04\/venerdi-a-col-cumano-si-parla-di-cinema-con-mario-dal-bello-e-anita-kravos\/#breadcrumb"},"inLanguage":"fr-FR","potentialAction":[{"@type":"ReadAction","target":["https:\/\/www.bellunopress.it\/2012\/12\/04\/venerdi-a-col-cumano-si-parla-di-cinema-con-mario-dal-bello-e-anita-kravos\/"]}]},{"@type":"BreadcrumbList","@id":"https:\/\/www.bellunopress.it\/2012\/12\/04\/venerdi-a-col-cumano-si-parla-di-cinema-con-mario-dal-bello-e-anita-kravos\/#breadcrumb","itemListElement":[{"@type":"ListItem","position":1,"name":"Home","item":"https:\/\/www.bellunopress.it\/"},{"@type":"ListItem","position":2,"name":"Venerd\u00ec a Col Cumano si parla di cinema con Mario Dal Bello e Anita Kravos"}]},{"@type":"WebSite","@id":"https:\/\/www.bellunopress.it\/#website","url":"https:\/\/www.bellunopress.it\/","name":"Bellunopress - Dolomiti","description":"e-mail: redazione@bellunopress.it","publisher":{"@id":"https:\/\/www.bellunopress.it\/#organization"},"potentialAction":[{"@type":"SearchAction","target":{"@type":"EntryPoint","urlTemplate":"https:\/\/www.bellunopress.it\/?s={search_term_string}"},"query-input":{"@type":"PropertyValueSpecification","valueRequired":true,"valueName":"search_term_string"}}],"inLanguage":"fr-FR"},{"@type":"Organization","@id":"https:\/\/www.bellunopress.it\/#organization","name":"Bellunopress","url":"https:\/\/www.bellunopress.it\/","logo":{"@type":"ImageObject","inLanguage":"fr-FR","@id":"https:\/\/www.bellunopress.it\/#\/schema\/logo\/image\/","url":"https:\/\/www.bellunopress.it\/wp-content\/uploads\/2011\/05\/cropped-logo-bellunopress-.jpg","contentUrl":"https:\/\/www.bellunopress.it\/wp-content\/uploads\/2011\/05\/cropped-logo-bellunopress-.jpg","width":512,"height":512,"caption":"Bellunopress"},"image":{"@id":"https:\/\/www.bellunopress.it\/#\/schema\/logo\/image\/"},"sameAs":["https:\/\/www.facebook.com\/profile.php?id=100008943462799","https:\/\/x.com\/bellunopress","https:\/\/www.linkedin.com\/hp\/?dnr=JBzUWaJfMUw8vbXJJ2tVW5-I3jZKvC4wsoxE&amp;amp;amp;amp;amp;amp;trk=nav_responsive_tab_home","https:\/\/www.youtube.com\/channel\/UCxL0wu1uN0_3_7hGG0306cw"]},{"@type":"Person","@id":"https:\/\/www.bellunopress.it\/#\/schema\/person\/79bb06722b37ece1c03d3e94beb30d73","name":"r\u00e9daction","image":{"@type":"ImageObject","inLanguage":"fr-FR","@id":"https:\/\/secure.gravatar.com\/avatar\/37d968a2e67a6fd04c169c4bdef102d0bc5d31b2546345219e348575eb80e9a0?s=96&d=mm&r=g","url":"https:\/\/secure.gravatar.com\/avatar\/37d968a2e67a6fd04c169c4bdef102d0bc5d31b2546345219e348575eb80e9a0?s=96&d=mm&r=g","contentUrl":"https:\/\/secure.gravatar.com\/avatar\/37d968a2e67a6fd04c169c4bdef102d0bc5d31b2546345219e348575eb80e9a0?s=96&d=mm&r=g","caption":"redazione"},"sameAs":["http:\/\/www.bellunopress.it","https:\/\/x.com\/bellunopress"],"url":"https:\/\/www.bellunopress.it\/fr\/author\/redazione\/"}]}},"_links":{"self":[{"href":"https:\/\/www.bellunopress.it\/fr\/wp-json\/wp\/v2\/posts\/44448","targetHints":{"allow":["GET"]}}],"collection":[{"href":"https:\/\/www.bellunopress.it\/fr\/wp-json\/wp\/v2\/posts"}],"about":[{"href":"https:\/\/www.bellunopress.it\/fr\/wp-json\/wp\/v2\/types\/post"}],"author":[{"embeddable":true,"href":"https:\/\/www.bellunopress.it\/fr\/wp-json\/wp\/v2\/users\/2"}],"replies":[{"embeddable":true,"href":"https:\/\/www.bellunopress.it\/fr\/wp-json\/wp\/v2\/comments?post=44448"}],"version-history":[{"count":1,"href":"https:\/\/www.bellunopress.it\/fr\/wp-json\/wp\/v2\/posts\/44448\/revisions"}],"predecessor-version":[{"id":44449,"href":"https:\/\/www.bellunopress.it\/fr\/wp-json\/wp\/v2\/posts\/44448\/revisions\/44449"}],"wp:attachment":[{"href":"https:\/\/www.bellunopress.it\/fr\/wp-json\/wp\/v2\/media?parent=44448"}],"wp:term":[{"taxonomy":"category","embeddable":true,"href":"https:\/\/www.bellunopress.it\/fr\/wp-json\/wp\/v2\/categories?post=44448"},{"taxonomy":"post_tag","embeddable":true,"href":"https:\/\/www.bellunopress.it\/fr\/wp-json\/wp\/v2\/tags?post=44448"}],"curies":[{"name":"wp","href":"https:\/\/api.w.org\/{rel}","templated":true}]}}