{"id":44426,"date":"2012-12-03T11:57:32","date_gmt":"2012-12-03T10:57:32","guid":{"rendered":"http:\/\/www.bellunopress.it\/?p=44426"},"modified":"2012-12-03T12:14:17","modified_gmt":"2012-12-03T11:14:17","slug":"cortina-dampezzo-ecco-il-programma-di-una-montagna-di-libri-inverno-20122013","status":"publish","type":"post","link":"https:\/\/www.bellunopress.it\/fr\/2012\/12\/03\/cortina-dampezzo-ecco-il-programma-di-una-montagna-di-libri-inverno-20122013\/","title":{"rendered":"Cortina d&#8217;Ampezzo: ecco il programma di Una montagna di libri inverno 2012\/2013"},"content":{"rendered":"<p>Dal 7 dicembre 2012 al 30 marzo 2013, Una Montagna di Libri puntegger\u00e0 la stagione della Regina delle Dolomiti con venticinque incontri. Un\u2019avventura di emozioni e di pagine lungo tutto l\u2019arco dell\u2019inverno, fino alla primavera.<\/p>\n<p>Cortina d\u2019Ampezzo si prepara ad aprire le sue porte a grandi scrittori, filosofi, intellettuali internazionali. A completare un parterre gi\u00e0 ricchissimo si \u00e8 aggiunto in queste ore l\u2019incontro con Paolo Giordano. L\u2019autore del best-seller \u201cLa solitudine dei numeri primi\u201d (Mondadori) sar\u00e0 a Cortina domenica 17 febbraio 2013, per presentare il suo nuovo romanzo, \u201cIl corpo umano\u201d (Mondadori).<\/p>\n<p>a la rassegna comincia gi\u00e0 venerd\u00ec 7 dicembre, alla mattina, con l\u2019incontro con Boris Pahor, candidato al Nobel per la letteratura; e, al pomeriggio, con il giovane talento di Francesco Vidotto. Sabato 8 dicembre sar\u00e0 la volta di Carmine Abate, Premio Campiello 2012.<\/p>\n<p>Poi, per il resto della stagione letteraria cortinese, l\u2019appuntamento \u00e8 a Natale.<\/p>\n<p>Ecco il programma<\/p>\n<p>Venerdi\u0300 7 dicembre 2012 ore 18.00 Palazzo delle Poste, Sala Cultura: Francesco Vidotto Zoe (Minerva)<\/p>\n<p>Venerdi\u0300 7 dicembre 2012 ore 11.00 Alexander Girardi Hall: incontro con Boris Pahor Figlio di nessuno. Un\u2019autobiografia senza frontiere (Rizzoli)<\/p>\n<p>Sabato 8 dicembre 2012 Palazzo delle Poste, Sala Cultura: Carmine Abate La collina del vento (Mondadori) con Alberto Sinigaglia<\/p>\n<p>Mercoledi\u0300 26 dicembre 2012 ore 21.15 Miramonti Majestic Grand Hotel: Giovanni Montanaro Tutti i colori del mondo (Feltrinelli) presenta Vera Slepoj<\/p>\n<p>Venerdi\u0300 28 dicembre 2012 ore 18.00 Alexander Girardi Hall: Mogol Le ciliegie e le amarene (Minerva) con la chitarra di Massimo Scattolin conduce Alessandro Russello<\/p>\n<p>Sabato 29 dicembre 2012 ore 18.00 Alexander Girardi Hall: Paolo Mieli L\u2019anno che verra\u0300 Cosa dobbiamo aspettarci dal 2013? conduce Francesco Chiamulera<\/p>\n<p>Domenica 30 dicembre 2012 ore 21.15 Miramonti Majestic Grand Hotel Marcello Veneziani Dio, patria e famiglia dopo il declino (Mondadori) una conversazione con Vera Slepoj<\/p>\n<p>Martedi\u0300 1 gennaio 2013 ore 18.00 Miramonti Majestic Grand Hotel: Marina Ripa di Meana Invecchiero\u0300 ma con calma (Mondadori)<\/p>\n<p>Mercoledi\u0300 2 gennaio 2013 ore 21.15 Miramonti Majestic Grand Hotel: Arrigo Petacco Eva e Claretta. Le amanti del diavolo (Mondadori) Conduce Francesco Chiamulera<\/p>\n<p>Giovedi\u0300 3 gennaio 2013 ore 21.15 Miramonti Majestic Grand Hotel: Valerio Massimo Manfredi Il mio nome e\u0300 Nessuno (Mondadori) Conduce Omar Monestier<\/p>\n<p>Venerdi\u0300 4 gennaio 2013 ore 18.00 Municipio di Cortina d\u2019Ampezzo Sala Consiliare: lectio magistralis di Marc Auge\u0301 Futuro (Bollati Boringhieri)<\/p>\n<p>Sabato 5 gennaio 2013 ore 18.00 Alexander Girardi Hall: Gian Antonio Stella I misteri di via dell\u2019Amorino (Rizzoli)<\/p>\n<p>Domenica 6 gennaio 2013 ore 16.00 Museo d\u2019Arte Moderna Mario Rimoldi: B come books, befane, bewitched! Laboratorio di scrittura creativa per ragazzi a cura di Stefania Zardini Lacedelli e Nicoletta Cargnel<\/p>\n<p>Lunedi\u0300 7 gennaio 2013 ore 18.00 Palazzo delle Poste, Sala Cultura: Il mio silenzio (Canova) reading poetico di Antonio Chiades<\/p>\n<p>Venerdi\u0300 1 febbraio 2013 ore 18.00 Palazzo delle Poste, Sala Cultura: Giuseppe Zaccaria La comprensione del diritto (Laterza)<\/p>\n<p>Sabato 2 febbraio 2013 Palazzo delle Poste, Sala Cultura ore 18.00: Francesco Chiamulera Candidato Reagan. L\u2019alba di un\u2019epoca americana (Aragno) interviene Paolo Mieli presenta Vera Slepoj<\/p>\n<p>Venerdi\u0300 8 febbraio 2013 ore 18.00 Palazzo delle Poste, Sala Cultura: Giampiero Beltotto Silenzio amico (Marsilio) interviene Cesare De Michelis conduce Beppe Gioia<\/p>\n<p>Sabato 9 febbraio 2013 ore 18.00 Alexander Girardi Hall: Duecento anni di Verdi e Wagner concerto del Coro del Teatro Verdi di Padova Biglietti euro 15<\/p>\n<p>Sabato 16 febbraio 2013 ore 17.30 Palazzo delle Poste, Sala Cultura: Marcello Fois Nel tempo di mezzo (Einaudi) presenta Sergio Frigo<\/p>\n<p>Domenica 17 febbraio 2013 ore 18.00: Palazzo delle Poste, Sala Cultura Paolo Giordano Il corpo umano (Mondadori) presenta Vera Slepoj<\/p>\n<p>Sabato 23 febbraio 2013 ore 18.00 Palazzo delle Poste, Sala Cultura: Aldo Cazzullo L\u2019Italia s\u2019e\u0300 ridesta (Mondadori) conduce Massimo Mamoli<\/p>\n<p>Sabato 2 marzo 2013 ore 18.00 Palazzo delle Poste, Sala Cultura: Raffaele La Capria Doppio misto (Mondadori)<\/p>\n<p>Domenica 3 marzo 2013 ore 21.15 Miramonti Majestic Grand Hotel: Lorenzo Capellini con Raffaele La Capria Capri. L\u2019isola il cui nome \u00e8 iscritto nel mio (Minerva) conduce Giovanni Morandi<\/p>\n<p>Sabato 9 marzo 2013 ore 18.00\u00a0 Palazzo delle Poste, Sala Cultura: Rosa Matteucci Le donne perdonano tutto tranne il silenzio (Giunti) una conversazione con Marisa Fumagalli<\/p>\n<p>Sabato 30 marzo 2013 ore 18.00 Palazzo delle Poste, Sala Cultura: Luciano Canfora \u201cE\u0300 l\u2019Europa che ce lo chiede!\u201d Falso! (Laterza) conduce Francesco Chiamulera<\/p>","protected":false},"excerpt":{"rendered":"<p>Dal 7 dicembre 2012 al 30 marzo 2013, Una Montagna di Libri puntegger\u00e0 la stagione della Regina delle Dolomiti con venticinque incontri. Un\u2019avventura di emozioni e di pagine lungo tutto l\u2019arco dell\u2019inverno, fino alla primavera. Cortina d\u2019Ampezzo si prepara ad aprire le sue porte a grandi scrittori, filosofi, intellettuali internazionali. A completare un parterre gi\u00e0 [&hellip;]<\/p>\n","protected":false},"author":2,"featured_media":0,"comment_status":"closed","ping_status":"open","sticky":false,"template":"","format":"standard","meta":{"footnotes":""},"categories":[27,3,25],"tags":[],"class_list":["post-44426","post","type-post","status-publish","format-standard","category-appuntamenti","category-arte-cultura-spettacoli-scienza-archivi","category-pausa-caffe"],"yoast_head":"<!-- This site is optimized with the Yoast SEO plugin v28.4 - https:\/\/yoast.com\/product\/yoast-seo-wordpress\/ -->\n<title>Cortina d&#039;Ampezzo: ecco il programma di Una montagna di libri inverno 2012\/2013 - Bellunopress - Dolomiti<\/title>\n<meta name=\"robots\" content=\"index, follow, max-snippet:-1, max-image-preview:large, max-video-preview:-1\" \/>\n<link rel=\"canonical\" href=\"https:\/\/www.bellunopress.it\/fr\/2012\/12\/03\/cortina-dampezzo-ecco-il-programma-di-una-montagna-di-libri-inverno-20122013\/\" \/>\n<meta property=\"og:locale\" content=\"fr_FR\" \/>\n<meta property=\"og:type\" content=\"article\" \/>\n<meta property=\"og:title\" content=\"Cortina d&#039;Ampezzo: ecco il programma di Una montagna di libri inverno 2012\/2013 - Bellunopress - Dolomiti\" \/>\n<meta property=\"og:description\" content=\"Dal 7 dicembre 2012 al 30 marzo 2013, Una Montagna di Libri puntegger\u00e0 la stagione della Regina delle Dolomiti con venticinque incontri. Un\u2019avventura di emozioni e di pagine lungo tutto l\u2019arco dell\u2019inverno, fino alla primavera. Cortina d\u2019Ampezzo si prepara ad aprire le sue porte a grandi scrittori, filosofi, intellettuali internazionali. A completare un parterre gi\u00e0 [&hellip;]\" \/>\n<meta property=\"og:url\" content=\"https:\/\/www.bellunopress.it\/fr\/2012\/12\/03\/cortina-dampezzo-ecco-il-programma-di-una-montagna-di-libri-inverno-20122013\/\" \/>\n<meta property=\"og:site_name\" content=\"Bellunopress - Dolomiti\" \/>\n<meta property=\"article:publisher\" content=\"https:\/\/www.facebook.com\/profile.php?id=100008943462799\" \/>\n<meta property=\"article:published_time\" content=\"2012-12-03T10:57:32+00:00\" \/>\n<meta property=\"article:modified_time\" content=\"2012-12-03T11:14:17+00:00\" \/>\n<meta property=\"og:image\" content=\"http:\/\/www.bellunopress.it\/wp-content\/uploads\/2012\/07\/logo-bellunopress-250x250-2012.jpg\" \/>\n<meta name=\"author\" content=\"redazione\" \/>\n<meta name=\"twitter:card\" content=\"summary_large_image\" \/>\n<meta name=\"twitter:creator\" content=\"@bellunopress\" \/>\n<meta name=\"twitter:site\" content=\"@bellunopress\" \/>\n<meta name=\"twitter:label1\" content=\"\u00c9crit par\" \/>\n\t<meta name=\"twitter:data1\" content=\"redazione\" \/>\n\t<meta name=\"twitter:label2\" content=\"Dur\u00e9e de lecture estim\u00e9e\" \/>\n\t<meta name=\"twitter:data2\" content=\"3 minutes\" \/>\n<script type=\"application\/ld+json\" class=\"yoast-schema-graph\">{\"@context\":\"https:\\\/\\\/schema.org\",\"@graph\":[{\"@type\":\"Article\",\"@id\":\"https:\\\/\\\/www.bellunopress.it\\\/2012\\\/12\\\/03\\\/cortina-dampezzo-ecco-il-programma-di-una-montagna-di-libri-inverno-20122013\\\/#article\",\"isPartOf\":{\"@id\":\"https:\\\/\\\/www.bellunopress.it\\\/2012\\\/12\\\/03\\\/cortina-dampezzo-ecco-il-programma-di-una-montagna-di-libri-inverno-20122013\\\/\"},\"author\":{\"name\":\"redazione\",\"@id\":\"https:\\\/\\\/www.bellunopress.it\\\/#\\\/schema\\\/person\\\/79bb06722b37ece1c03d3e94beb30d73\"},\"headline\":\"Cortina d&#8217;Ampezzo: ecco il programma di Una montagna di libri inverno 2012\\\/2013\",\"datePublished\":\"2012-12-03T10:57:32+00:00\",\"dateModified\":\"2012-12-03T11:14:17+00:00\",\"mainEntityOfPage\":{\"@id\":\"https:\\\/\\\/www.bellunopress.it\\\/2012\\\/12\\\/03\\\/cortina-dampezzo-ecco-il-programma-di-una-montagna-di-libri-inverno-20122013\\\/\"},\"wordCount\":643,\"publisher\":{\"@id\":\"https:\\\/\\\/www.bellunopress.it\\\/#organization\"},\"articleSection\":[\"Appuntamenti, Eventi\",\"Arte, Cultura, Spettacoli, Scienza\",\"Pausa Caff\u00e8\"],\"inLanguage\":\"fr-FR\"},{\"@type\":\"WebPage\",\"@id\":\"https:\\\/\\\/www.bellunopress.it\\\/2012\\\/12\\\/03\\\/cortina-dampezzo-ecco-il-programma-di-una-montagna-di-libri-inverno-20122013\\\/\",\"url\":\"https:\\\/\\\/www.bellunopress.it\\\/2012\\\/12\\\/03\\\/cortina-dampezzo-ecco-il-programma-di-una-montagna-di-libri-inverno-20122013\\\/\",\"name\":\"Cortina d'Ampezzo: ecco il programma di Una montagna di libri inverno 2012\\\/2013 - Bellunopress - Dolomiti\",\"isPartOf\":{\"@id\":\"https:\\\/\\\/www.bellunopress.it\\\/#website\"},\"datePublished\":\"2012-12-03T10:57:32+00:00\",\"dateModified\":\"2012-12-03T11:14:17+00:00\",\"breadcrumb\":{\"@id\":\"https:\\\/\\\/www.bellunopress.it\\\/2012\\\/12\\\/03\\\/cortina-dampezzo-ecco-il-programma-di-una-montagna-di-libri-inverno-20122013\\\/#breadcrumb\"},\"inLanguage\":\"fr-FR\",\"potentialAction\":[{\"@type\":\"ReadAction\",\"target\":[\"https:\\\/\\\/www.bellunopress.it\\\/2012\\\/12\\\/03\\\/cortina-dampezzo-ecco-il-programma-di-una-montagna-di-libri-inverno-20122013\\\/\"]}]},{\"@type\":\"BreadcrumbList\",\"@id\":\"https:\\\/\\\/www.bellunopress.it\\\/2012\\\/12\\\/03\\\/cortina-dampezzo-ecco-il-programma-di-una-montagna-di-libri-inverno-20122013\\\/#breadcrumb\",\"itemListElement\":[{\"@type\":\"ListItem\",\"position\":1,\"name\":\"Home\",\"item\":\"https:\\\/\\\/www.bellunopress.it\\\/\"},{\"@type\":\"ListItem\",\"position\":2,\"name\":\"Cortina d&#8217;Ampezzo: ecco il programma di Una montagna di libri inverno 2012\\\/2013\"}]},{\"@type\":\"WebSite\",\"@id\":\"https:\\\/\\\/www.bellunopress.it\\\/#website\",\"url\":\"https:\\\/\\\/www.bellunopress.it\\\/\",\"name\":\"Bellunopress - Dolomiti\",\"description\":\"e-mail: redazione@bellunopress.it\",\"publisher\":{\"@id\":\"https:\\\/\\\/www.bellunopress.it\\\/#organization\"},\"potentialAction\":[{\"@type\":\"SearchAction\",\"target\":{\"@type\":\"EntryPoint\",\"urlTemplate\":\"https:\\\/\\\/www.bellunopress.it\\\/?s={search_term_string}\"},\"query-input\":{\"@type\":\"PropertyValueSpecification\",\"valueRequired\":true,\"valueName\":\"search_term_string\"}}],\"inLanguage\":\"fr-FR\"},{\"@type\":\"Organization\",\"@id\":\"https:\\\/\\\/www.bellunopress.it\\\/#organization\",\"name\":\"Bellunopress\",\"url\":\"https:\\\/\\\/www.bellunopress.it\\\/\",\"logo\":{\"@type\":\"ImageObject\",\"inLanguage\":\"fr-FR\",\"@id\":\"https:\\\/\\\/www.bellunopress.it\\\/#\\\/schema\\\/logo\\\/image\\\/\",\"url\":\"https:\\\/\\\/www.bellunopress.it\\\/wp-content\\\/uploads\\\/2011\\\/05\\\/cropped-logo-bellunopress-.jpg\",\"contentUrl\":\"https:\\\/\\\/www.bellunopress.it\\\/wp-content\\\/uploads\\\/2011\\\/05\\\/cropped-logo-bellunopress-.jpg\",\"width\":512,\"height\":512,\"caption\":\"Bellunopress\"},\"image\":{\"@id\":\"https:\\\/\\\/www.bellunopress.it\\\/#\\\/schema\\\/logo\\\/image\\\/\"},\"sameAs\":[\"https:\\\/\\\/www.facebook.com\\\/profile.php?id=100008943462799\",\"https:\\\/\\\/x.com\\\/bellunopress\",\"https:\\\/\\\/www.linkedin.com\\\/hp\\\/?dnr=JBzUWaJfMUw8vbXJJ2tVW5-I3jZKvC4wsoxE&amp;amp;amp;amp;amp;amp;trk=nav_responsive_tab_home\",\"https:\\\/\\\/www.youtube.com\\\/channel\\\/UCxL0wu1uN0_3_7hGG0306cw\"]},{\"@type\":\"Person\",\"@id\":\"https:\\\/\\\/www.bellunopress.it\\\/#\\\/schema\\\/person\\\/79bb06722b37ece1c03d3e94beb30d73\",\"name\":\"redazione\",\"image\":{\"@type\":\"ImageObject\",\"inLanguage\":\"fr-FR\",\"@id\":\"https:\\\/\\\/secure.gravatar.com\\\/avatar\\\/37d968a2e67a6fd04c169c4bdef102d0bc5d31b2546345219e348575eb80e9a0?s=96&d=mm&r=g\",\"url\":\"https:\\\/\\\/secure.gravatar.com\\\/avatar\\\/37d968a2e67a6fd04c169c4bdef102d0bc5d31b2546345219e348575eb80e9a0?s=96&d=mm&r=g\",\"contentUrl\":\"https:\\\/\\\/secure.gravatar.com\\\/avatar\\\/37d968a2e67a6fd04c169c4bdef102d0bc5d31b2546345219e348575eb80e9a0?s=96&d=mm&r=g\",\"caption\":\"redazione\"},\"sameAs\":[\"http:\\\/\\\/www.bellunopress.it\",\"https:\\\/\\\/x.com\\\/bellunopress\"],\"url\":\"https:\\\/\\\/www.bellunopress.it\\\/fr\\\/author\\\/redazione\\\/\"}]}<\/script>\n<!-- \/ Yoast SEO plugin. -->","yoast_head_json":{"title":"Cortina d'Ampezzo: ecco il programma di Una montagna di libri inverno 2012\/2013 - Bellunopress - Dolomiti","robots":{"index":"index","follow":"follow","max-snippet":"max-snippet:-1","max-image-preview":"max-image-preview:large","max-video-preview":"max-video-preview:-1"},"canonical":"https:\/\/www.bellunopress.it\/fr\/2012\/12\/03\/cortina-dampezzo-ecco-il-programma-di-una-montagna-di-libri-inverno-20122013\/","og_locale":"fr_FR","og_type":"article","og_title":"Cortina d'Ampezzo: ecco il programma di Una montagna di libri inverno 2012\/2013 - Bellunopress - Dolomiti","og_description":"Dal 7 dicembre 2012 al 30 marzo 2013, Una Montagna di Libri puntegger\u00e0 la stagione della Regina delle Dolomiti con venticinque incontri. Un\u2019avventura di emozioni e di pagine lungo tutto l\u2019arco dell\u2019inverno, fino alla primavera. Cortina d\u2019Ampezzo si prepara ad aprire le sue porte a grandi scrittori, filosofi, intellettuali internazionali. A completare un parterre gi\u00e0 [&hellip;]","og_url":"https:\/\/www.bellunopress.it\/fr\/2012\/12\/03\/cortina-dampezzo-ecco-il-programma-di-una-montagna-di-libri-inverno-20122013\/","og_site_name":"Bellunopress - Dolomiti","article_publisher":"https:\/\/www.facebook.com\/profile.php?id=100008943462799","article_published_time":"2012-12-03T10:57:32+00:00","article_modified_time":"2012-12-03T11:14:17+00:00","og_image":[{"url":"http:\/\/www.bellunopress.it\/wp-content\/uploads\/2012\/07\/logo-bellunopress-250x250-2012.jpg","type":"","width":"","height":""}],"author":"redazione","twitter_card":"summary_large_image","twitter_creator":"@bellunopress","twitter_site":"@bellunopress","twitter_misc":{"\u00c9crit par":"redazione","Dur\u00e9e de lecture estim\u00e9e":"3 minutes"},"schema":{"@context":"https:\/\/schema.org","@graph":[{"@type":"Article","@id":"https:\/\/www.bellunopress.it\/2012\/12\/03\/cortina-dampezzo-ecco-il-programma-di-una-montagna-di-libri-inverno-20122013\/#article","isPartOf":{"@id":"https:\/\/www.bellunopress.it\/2012\/12\/03\/cortina-dampezzo-ecco-il-programma-di-una-montagna-di-libri-inverno-20122013\/"},"author":{"name":"redazione","@id":"https:\/\/www.bellunopress.it\/#\/schema\/person\/79bb06722b37ece1c03d3e94beb30d73"},"headline":"Cortina d&#8217;Ampezzo: ecco il programma di Una montagna di libri inverno 2012\/2013","datePublished":"2012-12-03T10:57:32+00:00","dateModified":"2012-12-03T11:14:17+00:00","mainEntityOfPage":{"@id":"https:\/\/www.bellunopress.it\/2012\/12\/03\/cortina-dampezzo-ecco-il-programma-di-una-montagna-di-libri-inverno-20122013\/"},"wordCount":643,"publisher":{"@id":"https:\/\/www.bellunopress.it\/#organization"},"articleSection":["Appuntamenti, Eventi","Arte, Cultura, Spettacoli, Scienza","Pausa Caff\u00e8"],"inLanguage":"fr-FR"},{"@type":"WebPage","@id":"https:\/\/www.bellunopress.it\/2012\/12\/03\/cortina-dampezzo-ecco-il-programma-di-una-montagna-di-libri-inverno-20122013\/","url":"https:\/\/www.bellunopress.it\/2012\/12\/03\/cortina-dampezzo-ecco-il-programma-di-una-montagna-di-libri-inverno-20122013\/","name":"Cortina d'Ampezzo: ecco il programma di Una montagna di libri inverno 2012\/2013 - Bellunopress - Dolomiti","isPartOf":{"@id":"https:\/\/www.bellunopress.it\/#website"},"datePublished":"2012-12-03T10:57:32+00:00","dateModified":"2012-12-03T11:14:17+00:00","breadcrumb":{"@id":"https:\/\/www.bellunopress.it\/2012\/12\/03\/cortina-dampezzo-ecco-il-programma-di-una-montagna-di-libri-inverno-20122013\/#breadcrumb"},"inLanguage":"fr-FR","potentialAction":[{"@type":"ReadAction","target":["https:\/\/www.bellunopress.it\/2012\/12\/03\/cortina-dampezzo-ecco-il-programma-di-una-montagna-di-libri-inverno-20122013\/"]}]},{"@type":"BreadcrumbList","@id":"https:\/\/www.bellunopress.it\/2012\/12\/03\/cortina-dampezzo-ecco-il-programma-di-una-montagna-di-libri-inverno-20122013\/#breadcrumb","itemListElement":[{"@type":"ListItem","position":1,"name":"Home","item":"https:\/\/www.bellunopress.it\/"},{"@type":"ListItem","position":2,"name":"Cortina d&#8217;Ampezzo: ecco il programma di Una montagna di libri inverno 2012\/2013"}]},{"@type":"WebSite","@id":"https:\/\/www.bellunopress.it\/#website","url":"https:\/\/www.bellunopress.it\/","name":"Bellunopress - Dolomiti","description":"e-mail: redazione@bellunopress.it","publisher":{"@id":"https:\/\/www.bellunopress.it\/#organization"},"potentialAction":[{"@type":"SearchAction","target":{"@type":"EntryPoint","urlTemplate":"https:\/\/www.bellunopress.it\/?s={search_term_string}"},"query-input":{"@type":"PropertyValueSpecification","valueRequired":true,"valueName":"search_term_string"}}],"inLanguage":"fr-FR"},{"@type":"Organization","@id":"https:\/\/www.bellunopress.it\/#organization","name":"Bellunopress","url":"https:\/\/www.bellunopress.it\/","logo":{"@type":"ImageObject","inLanguage":"fr-FR","@id":"https:\/\/www.bellunopress.it\/#\/schema\/logo\/image\/","url":"https:\/\/www.bellunopress.it\/wp-content\/uploads\/2011\/05\/cropped-logo-bellunopress-.jpg","contentUrl":"https:\/\/www.bellunopress.it\/wp-content\/uploads\/2011\/05\/cropped-logo-bellunopress-.jpg","width":512,"height":512,"caption":"Bellunopress"},"image":{"@id":"https:\/\/www.bellunopress.it\/#\/schema\/logo\/image\/"},"sameAs":["https:\/\/www.facebook.com\/profile.php?id=100008943462799","https:\/\/x.com\/bellunopress","https:\/\/www.linkedin.com\/hp\/?dnr=JBzUWaJfMUw8vbXJJ2tVW5-I3jZKvC4wsoxE&amp;amp;amp;amp;amp;amp;trk=nav_responsive_tab_home","https:\/\/www.youtube.com\/channel\/UCxL0wu1uN0_3_7hGG0306cw"]},{"@type":"Person","@id":"https:\/\/www.bellunopress.it\/#\/schema\/person\/79bb06722b37ece1c03d3e94beb30d73","name":"r\u00e9daction","image":{"@type":"ImageObject","inLanguage":"fr-FR","@id":"https:\/\/secure.gravatar.com\/avatar\/37d968a2e67a6fd04c169c4bdef102d0bc5d31b2546345219e348575eb80e9a0?s=96&d=mm&r=g","url":"https:\/\/secure.gravatar.com\/avatar\/37d968a2e67a6fd04c169c4bdef102d0bc5d31b2546345219e348575eb80e9a0?s=96&d=mm&r=g","contentUrl":"https:\/\/secure.gravatar.com\/avatar\/37d968a2e67a6fd04c169c4bdef102d0bc5d31b2546345219e348575eb80e9a0?s=96&d=mm&r=g","caption":"redazione"},"sameAs":["http:\/\/www.bellunopress.it","https:\/\/x.com\/bellunopress"],"url":"https:\/\/www.bellunopress.it\/fr\/author\/redazione\/"}]}},"_links":{"self":[{"href":"https:\/\/www.bellunopress.it\/fr\/wp-json\/wp\/v2\/posts\/44426","targetHints":{"allow":["GET"]}}],"collection":[{"href":"https:\/\/www.bellunopress.it\/fr\/wp-json\/wp\/v2\/posts"}],"about":[{"href":"https:\/\/www.bellunopress.it\/fr\/wp-json\/wp\/v2\/types\/post"}],"author":[{"embeddable":true,"href":"https:\/\/www.bellunopress.it\/fr\/wp-json\/wp\/v2\/users\/2"}],"replies":[{"embeddable":true,"href":"https:\/\/www.bellunopress.it\/fr\/wp-json\/wp\/v2\/comments?post=44426"}],"version-history":[{"count":3,"href":"https:\/\/www.bellunopress.it\/fr\/wp-json\/wp\/v2\/posts\/44426\/revisions"}],"predecessor-version":[{"id":44428,"href":"https:\/\/www.bellunopress.it\/fr\/wp-json\/wp\/v2\/posts\/44426\/revisions\/44428"}],"wp:attachment":[{"href":"https:\/\/www.bellunopress.it\/fr\/wp-json\/wp\/v2\/media?parent=44426"}],"wp:term":[{"taxonomy":"category","embeddable":true,"href":"https:\/\/www.bellunopress.it\/fr\/wp-json\/wp\/v2\/categories?post=44426"},{"taxonomy":"post_tag","embeddable":true,"href":"https:\/\/www.bellunopress.it\/fr\/wp-json\/wp\/v2\/tags?post=44426"}],"curies":[{"name":"wp","href":"https:\/\/api.w.org\/{rel}","templated":true}]}}