{"id":44424,"date":"2012-12-03T08:27:42","date_gmt":"2012-12-03T07:27:42","guid":{"rendered":"http:\/\/www.bellunopress.it\/?p=44424"},"modified":"2012-12-03T08:27:42","modified_gmt":"2012-12-03T07:27:42","slug":"importante-pareggio-del-belluno-calcio-domenica-in-trasferta","status":"publish","type":"post","link":"https:\/\/www.bellunopress.it\/fr\/2012\/12\/03\/importante-pareggio-del-belluno-calcio-domenica-in-trasferta\/","title":{"rendered":"Importante pareggio del Belluno calcio domenica in trasferta"},"content":{"rendered":"<p><a href=\"http:\/\/www.bellunopress.it\/wp-content\/uploads\/2012\/09\/Calcio-belluno.jpg\"><img loading=\"lazy\" decoding=\"async\" class=\"alignleft size-full wp-image-41719\" title=\"Calcio belluno\" src=\"http:\/\/www.bellunopress.it\/wp-content\/uploads\/2012\/09\/Calcio-belluno.jpg\" alt=\"\" width=\"190\" height=\"54\" \/><\/a>Tamai, 02\/11\/2012 &#8211; Continua il momento positivo per la squadra di Roberto Raschi che coglie un buon pareggio in trasferta contro il Tamai. La partita si \u00e8 chiusa 1-1 ma il Belluno si \u00e8 reso pi\u00f9 pericoloso, soprattutto nella ripresa. Parte forte la squadra di casa e al 7&#8242; \u00e8 gi\u00e0 in vantaggio grazie a Bolzon. La squadra di Raschi fatica a creare occasioni da gol e al 34&#8242; \u00e8 costretta anche a perdere Acka per infortunio. Nella ripresa invece il Belluno inizia a costruire gioco e ad andare vicino al gol in pi\u00f9 occasioni. Il pareggio arriva al 90&#8242; grazie al solito Radrezza, che insacca di testa un preciso cross di Masoch. Per la squadra gialloblu \u00e8 il quarto risultato utile consecutivo e domenica al &#8220;Polisportivo&#8221; arriva il Cerea.<\/p>\n<p>I primi esami a cui \u00e8 stato sottoposto Acka evidenziano uno stiramento al collaterale del ginocchio destro. Il giocatore si sottoporr\u00e0 a ulteriori accertamenti nei prossimi giorni, al termine del quale sar\u00e0 possibile stabilire esattamente i tempi di recupero.<\/p>\n<p>VOCE DAGLI SPOGLIATOI<\/p>\n<p>Raschi: &#8220;Sono felice per il punto che abbiamo conquistato oggi,&#8221; spiega il mister. &#8220;Nel primo tempo abbiamo faticato un p\u00f2 a costruire gioco ma nella ripresa abbiamo letteralmente dominato la partita. Addirittura dopo il pareggio di Radrezza abbiamo avuto una buona occasione con Corbanese per vincere la gara. Dispiace aver perso Acka per infortunio. Nei prossimi giorni capiremo meglio i tempi di recupero. Domenica affronteremo il Cerea, un&#8217;altra squadra che lotter\u00e0 come noi per la salvezza.<\/p>\n<p>Marcatori: 9\u2019pt Bolzon, 46\u2019st Radrezza<\/p>\n<p>A.C Belluno 1905: 1. D\u2019Antimo, 2. Gallonetto, 3. Mosca, 4. Acka (34\u2019pt 18. Padovan), 5. Brustolon, 6. Sommacal, 7. Masoch, 8. Moretti (45\u2019st 17. Brichese), 9. Corbanese, 10. Radrezza, 11. Duravia<\/p>\n<p>A disposizione: 12. Rossetto, 13. Crose, 14. De Filippo F., 15. De Filippo S., 16. Ackon,<\/p>\n<p>Allenatore: Roberto Raschi<\/p>\n<p>Tamai: 1. Peressini, 2. Scappin, 3. Cudicio, 4. Gardin, 5. Poletti, 6. Villotta, 7. Conte, 8. Nonis, 9. Della Bianca, 10. Bonotto, 11. Bolzon A disposizione: 12. Franceschin, 13. Gressani Giglio, 14. Rosa,15. Gastaldo, 16. Corazza, 17. Gandin, 18. Alba<\/p>\n<p>Allenatore: Gianluca Birtig<\/p>","protected":false},"excerpt":{"rendered":"<p>Tamai, 02\/11\/2012 &#8211; Continua il momento positivo per la squadra di Roberto Raschi che coglie un buon pareggio in trasferta contro il Tamai. La partita si \u00e8 chiusa 1-1 ma il Belluno si \u00e8 reso pi\u00f9 pericoloso, soprattutto nella ripresa. Parte forte la squadra di casa e al 7&#8242; \u00e8 gi\u00e0 in vantaggio grazie a [&hellip;]<\/p>\n","protected":false},"author":2,"featured_media":0,"comment_status":"closed","ping_status":"open","sticky":false,"template":"","format":"standard","meta":{"footnotes":""},"categories":[26,4],"tags":[],"class_list":["post-44424","post","type-post","status-publish","format-standard","category-prima-pagina","category-sport"],"yoast_head":"<!-- This site is optimized with the Yoast SEO plugin v28.4 - https:\/\/yoast.com\/product\/yoast-seo-wordpress\/ -->\n<title>Importante pareggio del Belluno calcio domenica in trasferta - Bellunopress - Dolomiti<\/title>\n<meta name=\"robots\" content=\"index, follow, max-snippet:-1, max-image-preview:large, max-video-preview:-1\" \/>\n<link rel=\"canonical\" href=\"https:\/\/www.bellunopress.it\/fr\/2012\/12\/03\/importante-pareggio-del-belluno-calcio-domenica-in-trasferta\/\" \/>\n<meta property=\"og:locale\" content=\"fr_FR\" \/>\n<meta property=\"og:type\" content=\"article\" \/>\n<meta property=\"og:title\" content=\"Importante pareggio del Belluno calcio domenica in trasferta - Bellunopress - Dolomiti\" \/>\n<meta property=\"og:description\" content=\"Tamai, 02\/11\/2012 &#8211; Continua il momento positivo per la squadra di Roberto Raschi che coglie un buon pareggio in trasferta contro il Tamai. La partita si \u00e8 chiusa 1-1 ma il Belluno si \u00e8 reso pi\u00f9 pericoloso, soprattutto nella ripresa. Parte forte la squadra di casa e al 7&#8242; \u00e8 gi\u00e0 in vantaggio grazie a [&hellip;]\" \/>\n<meta property=\"og:url\" content=\"https:\/\/www.bellunopress.it\/fr\/2012\/12\/03\/importante-pareggio-del-belluno-calcio-domenica-in-trasferta\/\" \/>\n<meta property=\"og:site_name\" content=\"Bellunopress - Dolomiti\" \/>\n<meta property=\"article:publisher\" content=\"https:\/\/www.facebook.com\/profile.php?id=100008943462799\" \/>\n<meta property=\"article:published_time\" content=\"2012-12-03T07:27:42+00:00\" \/>\n<meta property=\"og:image\" content=\"http:\/\/www.bellunopress.it\/wp-content\/uploads\/2012\/09\/Calcio-belluno.jpg\" \/>\n<meta name=\"author\" content=\"redazione\" \/>\n<meta name=\"twitter:card\" content=\"summary_large_image\" \/>\n<meta name=\"twitter:creator\" content=\"@bellunopress\" \/>\n<meta name=\"twitter:site\" content=\"@bellunopress\" \/>\n<meta name=\"twitter:label1\" content=\"\u00c9crit par\" \/>\n\t<meta name=\"twitter:data1\" content=\"redazione\" \/>\n\t<meta name=\"twitter:label2\" content=\"Dur\u00e9e de lecture estim\u00e9e\" \/>\n\t<meta name=\"twitter:data2\" content=\"2 minutes\" \/>\n<script type=\"application\/ld+json\" class=\"yoast-schema-graph\">{\"@context\":\"https:\\\/\\\/schema.org\",\"@graph\":[{\"@type\":\"Article\",\"@id\":\"https:\\\/\\\/www.bellunopress.it\\\/2012\\\/12\\\/03\\\/importante-pareggio-del-belluno-calcio-domenica-in-trasferta\\\/#article\",\"isPartOf\":{\"@id\":\"https:\\\/\\\/www.bellunopress.it\\\/2012\\\/12\\\/03\\\/importante-pareggio-del-belluno-calcio-domenica-in-trasferta\\\/\"},\"author\":{\"name\":\"redazione\",\"@id\":\"https:\\\/\\\/www.bellunopress.it\\\/#\\\/schema\\\/person\\\/79bb06722b37ece1c03d3e94beb30d73\"},\"headline\":\"Importante pareggio del Belluno calcio domenica in trasferta\",\"datePublished\":\"2012-12-03T07:27:42+00:00\",\"mainEntityOfPage\":{\"@id\":\"https:\\\/\\\/www.bellunopress.it\\\/2012\\\/12\\\/03\\\/importante-pareggio-del-belluno-calcio-domenica-in-trasferta\\\/\"},\"wordCount\":311,\"publisher\":{\"@id\":\"https:\\\/\\\/www.bellunopress.it\\\/#organization\"},\"image\":{\"@id\":\"https:\\\/\\\/www.bellunopress.it\\\/2012\\\/12\\\/03\\\/importante-pareggio-del-belluno-calcio-domenica-in-trasferta\\\/#primaryimage\"},\"thumbnailUrl\":\"http:\\\/\\\/www.bellunopress.it\\\/wp-content\\\/uploads\\\/2012\\\/09\\\/Calcio-belluno.jpg\",\"articleSection\":[\"Prima Pagina\",\"Sport, tempo libero\"],\"inLanguage\":\"fr-FR\"},{\"@type\":\"WebPage\",\"@id\":\"https:\\\/\\\/www.bellunopress.it\\\/2012\\\/12\\\/03\\\/importante-pareggio-del-belluno-calcio-domenica-in-trasferta\\\/\",\"url\":\"https:\\\/\\\/www.bellunopress.it\\\/2012\\\/12\\\/03\\\/importante-pareggio-del-belluno-calcio-domenica-in-trasferta\\\/\",\"name\":\"Importante pareggio del Belluno calcio domenica in trasferta - Bellunopress - Dolomiti\",\"isPartOf\":{\"@id\":\"https:\\\/\\\/www.bellunopress.it\\\/#website\"},\"primaryImageOfPage\":{\"@id\":\"https:\\\/\\\/www.bellunopress.it\\\/2012\\\/12\\\/03\\\/importante-pareggio-del-belluno-calcio-domenica-in-trasferta\\\/#primaryimage\"},\"image\":{\"@id\":\"https:\\\/\\\/www.bellunopress.it\\\/2012\\\/12\\\/03\\\/importante-pareggio-del-belluno-calcio-domenica-in-trasferta\\\/#primaryimage\"},\"thumbnailUrl\":\"http:\\\/\\\/www.bellunopress.it\\\/wp-content\\\/uploads\\\/2012\\\/09\\\/Calcio-belluno.jpg\",\"datePublished\":\"2012-12-03T07:27:42+00:00\",\"breadcrumb\":{\"@id\":\"https:\\\/\\\/www.bellunopress.it\\\/2012\\\/12\\\/03\\\/importante-pareggio-del-belluno-calcio-domenica-in-trasferta\\\/#breadcrumb\"},\"inLanguage\":\"fr-FR\",\"potentialAction\":[{\"@type\":\"ReadAction\",\"target\":[\"https:\\\/\\\/www.bellunopress.it\\\/2012\\\/12\\\/03\\\/importante-pareggio-del-belluno-calcio-domenica-in-trasferta\\\/\"]}]},{\"@type\":\"ImageObject\",\"inLanguage\":\"fr-FR\",\"@id\":\"https:\\\/\\\/www.bellunopress.it\\\/2012\\\/12\\\/03\\\/importante-pareggio-del-belluno-calcio-domenica-in-trasferta\\\/#primaryimage\",\"url\":\"http:\\\/\\\/www.bellunopress.it\\\/wp-content\\\/uploads\\\/2012\\\/09\\\/Calcio-belluno.jpg\",\"contentUrl\":\"http:\\\/\\\/www.bellunopress.it\\\/wp-content\\\/uploads\\\/2012\\\/09\\\/Calcio-belluno.jpg\"},{\"@type\":\"BreadcrumbList\",\"@id\":\"https:\\\/\\\/www.bellunopress.it\\\/2012\\\/12\\\/03\\\/importante-pareggio-del-belluno-calcio-domenica-in-trasferta\\\/#breadcrumb\",\"itemListElement\":[{\"@type\":\"ListItem\",\"position\":1,\"name\":\"Home\",\"item\":\"https:\\\/\\\/www.bellunopress.it\\\/\"},{\"@type\":\"ListItem\",\"position\":2,\"name\":\"Importante pareggio del Belluno calcio domenica in trasferta\"}]},{\"@type\":\"WebSite\",\"@id\":\"https:\\\/\\\/www.bellunopress.it\\\/#website\",\"url\":\"https:\\\/\\\/www.bellunopress.it\\\/\",\"name\":\"Bellunopress - Dolomiti\",\"description\":\"e-mail: redazione@bellunopress.it\",\"publisher\":{\"@id\":\"https:\\\/\\\/www.bellunopress.it\\\/#organization\"},\"potentialAction\":[{\"@type\":\"SearchAction\",\"target\":{\"@type\":\"EntryPoint\",\"urlTemplate\":\"https:\\\/\\\/www.bellunopress.it\\\/?s={search_term_string}\"},\"query-input\":{\"@type\":\"PropertyValueSpecification\",\"valueRequired\":true,\"valueName\":\"search_term_string\"}}],\"inLanguage\":\"fr-FR\"},{\"@type\":\"Organization\",\"@id\":\"https:\\\/\\\/www.bellunopress.it\\\/#organization\",\"name\":\"Bellunopress\",\"url\":\"https:\\\/\\\/www.bellunopress.it\\\/\",\"logo\":{\"@type\":\"ImageObject\",\"inLanguage\":\"fr-FR\",\"@id\":\"https:\\\/\\\/www.bellunopress.it\\\/#\\\/schema\\\/logo\\\/image\\\/\",\"url\":\"https:\\\/\\\/www.bellunopress.it\\\/wp-content\\\/uploads\\\/2011\\\/05\\\/cropped-logo-bellunopress-.jpg\",\"contentUrl\":\"https:\\\/\\\/www.bellunopress.it\\\/wp-content\\\/uploads\\\/2011\\\/05\\\/cropped-logo-bellunopress-.jpg\",\"width\":512,\"height\":512,\"caption\":\"Bellunopress\"},\"image\":{\"@id\":\"https:\\\/\\\/www.bellunopress.it\\\/#\\\/schema\\\/logo\\\/image\\\/\"},\"sameAs\":[\"https:\\\/\\\/www.facebook.com\\\/profile.php?id=100008943462799\",\"https:\\\/\\\/x.com\\\/bellunopress\",\"https:\\\/\\\/www.linkedin.com\\\/hp\\\/?dnr=JBzUWaJfMUw8vbXJJ2tVW5-I3jZKvC4wsoxE&amp;amp;amp;amp;amp;amp;trk=nav_responsive_tab_home\",\"https:\\\/\\\/www.youtube.com\\\/channel\\\/UCxL0wu1uN0_3_7hGG0306cw\"]},{\"@type\":\"Person\",\"@id\":\"https:\\\/\\\/www.bellunopress.it\\\/#\\\/schema\\\/person\\\/79bb06722b37ece1c03d3e94beb30d73\",\"name\":\"redazione\",\"image\":{\"@type\":\"ImageObject\",\"inLanguage\":\"fr-FR\",\"@id\":\"https:\\\/\\\/secure.gravatar.com\\\/avatar\\\/37d968a2e67a6fd04c169c4bdef102d0bc5d31b2546345219e348575eb80e9a0?s=96&d=mm&r=g\",\"url\":\"https:\\\/\\\/secure.gravatar.com\\\/avatar\\\/37d968a2e67a6fd04c169c4bdef102d0bc5d31b2546345219e348575eb80e9a0?s=96&d=mm&r=g\",\"contentUrl\":\"https:\\\/\\\/secure.gravatar.com\\\/avatar\\\/37d968a2e67a6fd04c169c4bdef102d0bc5d31b2546345219e348575eb80e9a0?s=96&d=mm&r=g\",\"caption\":\"redazione\"},\"sameAs\":[\"http:\\\/\\\/www.bellunopress.it\",\"https:\\\/\\\/x.com\\\/bellunopress\"],\"url\":\"https:\\\/\\\/www.bellunopress.it\\\/fr\\\/author\\\/redazione\\\/\"}]}<\/script>\n<!-- \/ Yoast SEO plugin. -->","yoast_head_json":{"title":"Importante pareggio del Belluno calcio domenica in trasferta - Bellunopress - Dolomiti","robots":{"index":"index","follow":"follow","max-snippet":"max-snippet:-1","max-image-preview":"max-image-preview:large","max-video-preview":"max-video-preview:-1"},"canonical":"https:\/\/www.bellunopress.it\/fr\/2012\/12\/03\/importante-pareggio-del-belluno-calcio-domenica-in-trasferta\/","og_locale":"fr_FR","og_type":"article","og_title":"Importante pareggio del Belluno calcio domenica in trasferta - Bellunopress - Dolomiti","og_description":"Tamai, 02\/11\/2012 &#8211; Continua il momento positivo per la squadra di Roberto Raschi che coglie un buon pareggio in trasferta contro il Tamai. La partita si \u00e8 chiusa 1-1 ma il Belluno si \u00e8 reso pi\u00f9 pericoloso, soprattutto nella ripresa. Parte forte la squadra di casa e al 7&#8242; \u00e8 gi\u00e0 in vantaggio grazie a [&hellip;]","og_url":"https:\/\/www.bellunopress.it\/fr\/2012\/12\/03\/importante-pareggio-del-belluno-calcio-domenica-in-trasferta\/","og_site_name":"Bellunopress - Dolomiti","article_publisher":"https:\/\/www.facebook.com\/profile.php?id=100008943462799","article_published_time":"2012-12-03T07:27:42+00:00","og_image":[{"url":"http:\/\/www.bellunopress.it\/wp-content\/uploads\/2012\/09\/Calcio-belluno.jpg","type":"","width":"","height":""}],"author":"redazione","twitter_card":"summary_large_image","twitter_creator":"@bellunopress","twitter_site":"@bellunopress","twitter_misc":{"\u00c9crit par":"redazione","Dur\u00e9e de lecture estim\u00e9e":"2 minutes"},"schema":{"@context":"https:\/\/schema.org","@graph":[{"@type":"Article","@id":"https:\/\/www.bellunopress.it\/2012\/12\/03\/importante-pareggio-del-belluno-calcio-domenica-in-trasferta\/#article","isPartOf":{"@id":"https:\/\/www.bellunopress.it\/2012\/12\/03\/importante-pareggio-del-belluno-calcio-domenica-in-trasferta\/"},"author":{"name":"redazione","@id":"https:\/\/www.bellunopress.it\/#\/schema\/person\/79bb06722b37ece1c03d3e94beb30d73"},"headline":"Importante pareggio del Belluno calcio domenica in trasferta","datePublished":"2012-12-03T07:27:42+00:00","mainEntityOfPage":{"@id":"https:\/\/www.bellunopress.it\/2012\/12\/03\/importante-pareggio-del-belluno-calcio-domenica-in-trasferta\/"},"wordCount":311,"publisher":{"@id":"https:\/\/www.bellunopress.it\/#organization"},"image":{"@id":"https:\/\/www.bellunopress.it\/2012\/12\/03\/importante-pareggio-del-belluno-calcio-domenica-in-trasferta\/#primaryimage"},"thumbnailUrl":"http:\/\/www.bellunopress.it\/wp-content\/uploads\/2012\/09\/Calcio-belluno.jpg","articleSection":["Prima Pagina","Sport, tempo libero"],"inLanguage":"fr-FR"},{"@type":"WebPage","@id":"https:\/\/www.bellunopress.it\/2012\/12\/03\/importante-pareggio-del-belluno-calcio-domenica-in-trasferta\/","url":"https:\/\/www.bellunopress.it\/2012\/12\/03\/importante-pareggio-del-belluno-calcio-domenica-in-trasferta\/","name":"Importante pareggio del Belluno calcio domenica in trasferta - Bellunopress - Dolomiti","isPartOf":{"@id":"https:\/\/www.bellunopress.it\/#website"},"primaryImageOfPage":{"@id":"https:\/\/www.bellunopress.it\/2012\/12\/03\/importante-pareggio-del-belluno-calcio-domenica-in-trasferta\/#primaryimage"},"image":{"@id":"https:\/\/www.bellunopress.it\/2012\/12\/03\/importante-pareggio-del-belluno-calcio-domenica-in-trasferta\/#primaryimage"},"thumbnailUrl":"http:\/\/www.bellunopress.it\/wp-content\/uploads\/2012\/09\/Calcio-belluno.jpg","datePublished":"2012-12-03T07:27:42+00:00","breadcrumb":{"@id":"https:\/\/www.bellunopress.it\/2012\/12\/03\/importante-pareggio-del-belluno-calcio-domenica-in-trasferta\/#breadcrumb"},"inLanguage":"fr-FR","potentialAction":[{"@type":"ReadAction","target":["https:\/\/www.bellunopress.it\/2012\/12\/03\/importante-pareggio-del-belluno-calcio-domenica-in-trasferta\/"]}]},{"@type":"ImageObject","inLanguage":"fr-FR","@id":"https:\/\/www.bellunopress.it\/2012\/12\/03\/importante-pareggio-del-belluno-calcio-domenica-in-trasferta\/#primaryimage","url":"http:\/\/www.bellunopress.it\/wp-content\/uploads\/2012\/09\/Calcio-belluno.jpg","contentUrl":"http:\/\/www.bellunopress.it\/wp-content\/uploads\/2012\/09\/Calcio-belluno.jpg"},{"@type":"BreadcrumbList","@id":"https:\/\/www.bellunopress.it\/2012\/12\/03\/importante-pareggio-del-belluno-calcio-domenica-in-trasferta\/#breadcrumb","itemListElement":[{"@type":"ListItem","position":1,"name":"Home","item":"https:\/\/www.bellunopress.it\/"},{"@type":"ListItem","position":2,"name":"Importante pareggio del Belluno calcio domenica in trasferta"}]},{"@type":"WebSite","@id":"https:\/\/www.bellunopress.it\/#website","url":"https:\/\/www.bellunopress.it\/","name":"Bellunopress - Dolomiti","description":"e-mail: redazione@bellunopress.it","publisher":{"@id":"https:\/\/www.bellunopress.it\/#organization"},"potentialAction":[{"@type":"SearchAction","target":{"@type":"EntryPoint","urlTemplate":"https:\/\/www.bellunopress.it\/?s={search_term_string}"},"query-input":{"@type":"PropertyValueSpecification","valueRequired":true,"valueName":"search_term_string"}}],"inLanguage":"fr-FR"},{"@type":"Organization","@id":"https:\/\/www.bellunopress.it\/#organization","name":"Bellunopress","url":"https:\/\/www.bellunopress.it\/","logo":{"@type":"ImageObject","inLanguage":"fr-FR","@id":"https:\/\/www.bellunopress.it\/#\/schema\/logo\/image\/","url":"https:\/\/www.bellunopress.it\/wp-content\/uploads\/2011\/05\/cropped-logo-bellunopress-.jpg","contentUrl":"https:\/\/www.bellunopress.it\/wp-content\/uploads\/2011\/05\/cropped-logo-bellunopress-.jpg","width":512,"height":512,"caption":"Bellunopress"},"image":{"@id":"https:\/\/www.bellunopress.it\/#\/schema\/logo\/image\/"},"sameAs":["https:\/\/www.facebook.com\/profile.php?id=100008943462799","https:\/\/x.com\/bellunopress","https:\/\/www.linkedin.com\/hp\/?dnr=JBzUWaJfMUw8vbXJJ2tVW5-I3jZKvC4wsoxE&amp;amp;amp;amp;amp;amp;trk=nav_responsive_tab_home","https:\/\/www.youtube.com\/channel\/UCxL0wu1uN0_3_7hGG0306cw"]},{"@type":"Person","@id":"https:\/\/www.bellunopress.it\/#\/schema\/person\/79bb06722b37ece1c03d3e94beb30d73","name":"r\u00e9daction","image":{"@type":"ImageObject","inLanguage":"fr-FR","@id":"https:\/\/secure.gravatar.com\/avatar\/37d968a2e67a6fd04c169c4bdef102d0bc5d31b2546345219e348575eb80e9a0?s=96&d=mm&r=g","url":"https:\/\/secure.gravatar.com\/avatar\/37d968a2e67a6fd04c169c4bdef102d0bc5d31b2546345219e348575eb80e9a0?s=96&d=mm&r=g","contentUrl":"https:\/\/secure.gravatar.com\/avatar\/37d968a2e67a6fd04c169c4bdef102d0bc5d31b2546345219e348575eb80e9a0?s=96&d=mm&r=g","caption":"redazione"},"sameAs":["http:\/\/www.bellunopress.it","https:\/\/x.com\/bellunopress"],"url":"https:\/\/www.bellunopress.it\/fr\/author\/redazione\/"}]}},"_links":{"self":[{"href":"https:\/\/www.bellunopress.it\/fr\/wp-json\/wp\/v2\/posts\/44424","targetHints":{"allow":["GET"]}}],"collection":[{"href":"https:\/\/www.bellunopress.it\/fr\/wp-json\/wp\/v2\/posts"}],"about":[{"href":"https:\/\/www.bellunopress.it\/fr\/wp-json\/wp\/v2\/types\/post"}],"author":[{"embeddable":true,"href":"https:\/\/www.bellunopress.it\/fr\/wp-json\/wp\/v2\/users\/2"}],"replies":[{"embeddable":true,"href":"https:\/\/www.bellunopress.it\/fr\/wp-json\/wp\/v2\/comments?post=44424"}],"version-history":[{"count":1,"href":"https:\/\/www.bellunopress.it\/fr\/wp-json\/wp\/v2\/posts\/44424\/revisions"}],"predecessor-version":[{"id":44425,"href":"https:\/\/www.bellunopress.it\/fr\/wp-json\/wp\/v2\/posts\/44424\/revisions\/44425"}],"wp:attachment":[{"href":"https:\/\/www.bellunopress.it\/fr\/wp-json\/wp\/v2\/media?parent=44424"}],"wp:term":[{"taxonomy":"category","embeddable":true,"href":"https:\/\/www.bellunopress.it\/fr\/wp-json\/wp\/v2\/categories?post=44424"},{"taxonomy":"post_tag","embeddable":true,"href":"https:\/\/www.bellunopress.it\/fr\/wp-json\/wp\/v2\/tags?post=44424"}],"curies":[{"name":"wp","href":"https:\/\/api.w.org\/{rel}","templated":true}]}}