{"id":44420,"date":"2012-12-03T07:14:10","date_gmt":"2012-12-03T06:14:10","guid":{"rendered":"http:\/\/www.bellunopress.it\/?p=44420"},"modified":"2012-12-03T07:14:46","modified_gmt":"2012-12-03T06:14:46","slug":"mig-longarone-il-gelato-si-tinge-di-rosa-presentate-le-tappe-del-giro-ditalia-2013","status":"publish","type":"post","link":"https:\/\/www.bellunopress.it\/fr\/2012\/12\/03\/mig-longarone-il-gelato-si-tinge-di-rosa-presentate-le-tappe-del-giro-ditalia-2013\/","title":{"rendered":"Mig Longarone: il gelato si tinge di rosa. Presentate le tappe del Giro d&#8217;Italia 2013"},"content":{"rendered":"<p>&nbsp;<\/p>\n<p><a href=\"http:\/\/www.bellunopress.it\/wp-content\/uploads\/2012\/12\/Presentazione-Giro-dItalia.jpg\"><img loading=\"lazy\" decoding=\"async\" class=\"alignleft size-full wp-image-44421\" title=\"Presentazione Giro d'Italia\" src=\"http:\/\/www.bellunopress.it\/wp-content\/uploads\/2012\/12\/Presentazione-Giro-dItalia.jpg\" alt=\"\" width=\"288\" height=\"204\" \/><\/a>Longarone, 02\/12\/2012 \u2013 Si \u00e8 tenuta domenica pomeriggio, nella bellissima cornice della MIG (mostra internazionale del gelato artigianale), la presentazione delle 3 tappe del Giro d\u2019Italia 2013 che interesseranno la provincia di Belluno: Tarvisio-Vajont (15 maggio), Longarone-Treviso (16 maggio), Silandro-Tre Cime di Lavaredo (25 maggio). All&#8217; incontro erano presenti i sindaci coinvolti nelle diverse tappe: Roberto Padrin (sindaco di Longarone), Luciano Pezzin (sindaco di Erto \u2013 Casso) e Daniela Larese Filon (sindaco di Auronzo di Cadore). Oltre alle varie autorit\u00e0 la presentazione ha potuto contare sulla prestigiosa presenza del Direttore Operativo del Giro d\u2019Italia, Mauro Vegni e del Presidente di Pinarello bikes Fausto Pinarello. Al tavolo dei relatori anche Renzo Minella, da anni impegnato nella promozione del ciclismo e del prodotto ciclo-turismo nella provincia. Giro d\u2019Italia e gelato artigianale sar\u00e0 un connubio che accompagner\u00e0 tutta la manifestazione rosa. Alle partenza di ogni tappa verranno organizzati eventi e stand di promozione del gelato, vero fiore all\u2019occhiello del Made in Italy e del distretto di Longarone.<\/p>\n<p>\u201cHo voluto fortemente portare qui a Longarone il Giro d\u2019Italia per il 50\u00b0anniversario della tragedia del Vajont,\u201d spiega Padrin. \u201cAvevo parlato gi\u00e0 alcuni anni fa con Mauro Vegni di questo mio desidero e sono veramente contento che si sia realizzato. Abbiamo voluto inoltre inserire la presentazione di queste tappe all\u2019interno della MIG per promuovere Longarone come \u201ccitt\u00e0 del gelato\u201d, uno dei prodotti che rendono riconoscibile la nostra terra in tutto il mondo.&#8221;<\/p>\n<p>\u201cRingrazio tutti quelli che hanno reso possibile questo sogno,\u201d spiega Pezzin, sindaco di Erto \u2013 Casso. \u201cFar\u00f2 di tutto perch\u00e9 nelle due giornate in cui il Giro d\u2019Italia attraverser\u00e0 il nostro territorio l&#8217;organizzazione possa trovare tutto il supporto tecnico \u2013 logistico che questa grande manifestazione richiede. Ringrazio il Direttore Vegni per aver scelto il Vajont come arrivo di tappa.Per noi, ma ne sono sicuro, anche per tutto il pubblico sulle strade e davanti ai teleschermi, sara&#8217; un momento indimenticabile.\u201d<\/p>\n<p>\u201cSono sicuro che ci saranno tantissimi appassionati di ciclismo in queste tre tappe bellunesi,\u201d spiega Minella. Abbiamo voluto fortemente presentare il percorso qui alla fiera della MIG per lanciare una proposta commerciale tra il gelato artigianale Made in Italy e il Giro d\u2019Italia. Vogliamo valorizzare il nostro territorio e il distretto del gelato artigianale. Per fare questo, in ogni regione attraversata dal Giro d\u2019Italia sar\u00e0 presente uno stand dove si parler\u00e0 di gelato locale, tradizioni e territorio.\u201d<\/p>\n<p>\u201cIl Giro d\u2019Italia \u00e8 la corsa pi\u00f9 bella al mondo,\u201d spiega Mauro Vegni. \u201cSono felice che la corsa rosa attraversi questi luoghi nel 2013. Questa manifestazione ha la capacit\u00e0 di ricordare momenti cos\u00ec importanti, come il 50\u00b0anniversario della tragedia del Vajont. Il Giro d\u2019Italia \u00e8 quel filo rosa che unisce i valori del tempo e della tradizione. Le tre tappe che si disputeranno in questa provincia saranno uno spettacolo incredibile per tutti gli appassionati.\u201d<\/p>\n<p>&nbsp;<\/p>\n<p>La collaborazione tra i sindaci e l&#8217;organizzazione del Giro d&#8217;italia e&#8217; stata suggellata inoltre da un inaspettato quanto buonissimo gelato rosa che ha fatto capolino al termine della conferenza stampa.<\/p>\n<p>&#8220;Magari nelle prossime occasioni ufficiali lo faremo con tutti i colori delle maglie distintive del Giro per celebrare ulteriormente questo grande evento&#8221; ha concluso il sindaco di Longarone Roberto Padrin.<\/p>\n<p>&nbsp;<\/p>","protected":false},"excerpt":{"rendered":"<p>&nbsp; Longarone, 02\/12\/2012 \u2013 Si \u00e8 tenuta domenica pomeriggio, nella bellissima cornice della MIG (mostra internazionale del gelato artigianale), la presentazione delle 3 tappe del Giro d\u2019Italia 2013 che interesseranno la provincia di Belluno: Tarvisio-Vajont (15 maggio), Longarone-Treviso (16 maggio), Silandro-Tre Cime di Lavaredo (25 maggio). All&#8217; incontro erano presenti i sindaci coinvolti nelle diverse [&hellip;]<\/p>\n","protected":false},"author":2,"featured_media":0,"comment_status":"closed","ping_status":"open","sticky":false,"template":"","format":"standard","meta":{"footnotes":""},"categories":[26,4],"tags":[],"class_list":["post-44420","post","type-post","status-publish","format-standard","category-prima-pagina","category-sport"],"yoast_head":"<!-- This site is optimized with the Yoast SEO plugin v28.4 - https:\/\/yoast.com\/product\/yoast-seo-wordpress\/ -->\n<title>Mig Longarone: il gelato si tinge di rosa. Presentate le tappe del Giro d&#039;Italia 2013 - Bellunopress - Dolomiti<\/title>\n<meta name=\"robots\" content=\"index, follow, max-snippet:-1, max-image-preview:large, max-video-preview:-1\" \/>\n<link rel=\"canonical\" href=\"https:\/\/www.bellunopress.it\/fr\/2012\/12\/03\/mig-longarone-il-gelato-si-tinge-di-rosa-presentate-le-tappe-del-giro-ditalia-2013\/\" \/>\n<meta property=\"og:locale\" content=\"fr_FR\" \/>\n<meta property=\"og:type\" content=\"article\" \/>\n<meta property=\"og:title\" content=\"Mig Longarone: il gelato si tinge di rosa. Presentate le tappe del Giro d&#039;Italia 2013 - Bellunopress - Dolomiti\" \/>\n<meta property=\"og:description\" content=\"&nbsp; Longarone, 02\/12\/2012 \u2013 Si \u00e8 tenuta domenica pomeriggio, nella bellissima cornice della MIG (mostra internazionale del gelato artigianale), la presentazione delle 3 tappe del Giro d\u2019Italia 2013 che interesseranno la provincia di Belluno: Tarvisio-Vajont (15 maggio), Longarone-Treviso (16 maggio), Silandro-Tre Cime di Lavaredo (25 maggio). All&#8217; incontro erano presenti i sindaci coinvolti nelle diverse [&hellip;]\" \/>\n<meta property=\"og:url\" content=\"https:\/\/www.bellunopress.it\/fr\/2012\/12\/03\/mig-longarone-il-gelato-si-tinge-di-rosa-presentate-le-tappe-del-giro-ditalia-2013\/\" \/>\n<meta property=\"og:site_name\" content=\"Bellunopress - Dolomiti\" \/>\n<meta property=\"article:publisher\" content=\"https:\/\/www.facebook.com\/profile.php?id=100008943462799\" \/>\n<meta property=\"article:published_time\" content=\"2012-12-03T06:14:10+00:00\" \/>\n<meta property=\"article:modified_time\" content=\"2012-12-03T06:14:46+00:00\" \/>\n<meta property=\"og:image\" content=\"http:\/\/www.bellunopress.it\/wp-content\/uploads\/2012\/12\/Presentazione-Giro-dItalia.jpg\" \/>\n<meta name=\"author\" content=\"redazione\" \/>\n<meta name=\"twitter:card\" content=\"summary_large_image\" \/>\n<meta name=\"twitter:creator\" content=\"@bellunopress\" \/>\n<meta name=\"twitter:site\" content=\"@bellunopress\" \/>\n<meta name=\"twitter:label1\" content=\"\u00c9crit par\" \/>\n\t<meta name=\"twitter:data1\" content=\"redazione\" \/>\n\t<meta name=\"twitter:label2\" content=\"Dur\u00e9e de lecture estim\u00e9e\" \/>\n\t<meta name=\"twitter:data2\" content=\"3 minutes\" \/>\n<script type=\"application\/ld+json\" class=\"yoast-schema-graph\">{\"@context\":\"https:\\\/\\\/schema.org\",\"@graph\":[{\"@type\":\"Article\",\"@id\":\"https:\\\/\\\/www.bellunopress.it\\\/2012\\\/12\\\/03\\\/mig-longarone-il-gelato-si-tinge-di-rosa-presentate-le-tappe-del-giro-ditalia-2013\\\/#article\",\"isPartOf\":{\"@id\":\"https:\\\/\\\/www.bellunopress.it\\\/2012\\\/12\\\/03\\\/mig-longarone-il-gelato-si-tinge-di-rosa-presentate-le-tappe-del-giro-ditalia-2013\\\/\"},\"author\":{\"name\":\"redazione\",\"@id\":\"https:\\\/\\\/www.bellunopress.it\\\/#\\\/schema\\\/person\\\/79bb06722b37ece1c03d3e94beb30d73\"},\"headline\":\"Mig Longarone: il gelato si tinge di rosa. Presentate le tappe del Giro d&#8217;Italia 2013\",\"datePublished\":\"2012-12-03T06:14:10+00:00\",\"dateModified\":\"2012-12-03T06:14:46+00:00\",\"mainEntityOfPage\":{\"@id\":\"https:\\\/\\\/www.bellunopress.it\\\/2012\\\/12\\\/03\\\/mig-longarone-il-gelato-si-tinge-di-rosa-presentate-le-tappe-del-giro-ditalia-2013\\\/\"},\"wordCount\":545,\"publisher\":{\"@id\":\"https:\\\/\\\/www.bellunopress.it\\\/#organization\"},\"image\":{\"@id\":\"https:\\\/\\\/www.bellunopress.it\\\/2012\\\/12\\\/03\\\/mig-longarone-il-gelato-si-tinge-di-rosa-presentate-le-tappe-del-giro-ditalia-2013\\\/#primaryimage\"},\"thumbnailUrl\":\"http:\\\/\\\/www.bellunopress.it\\\/wp-content\\\/uploads\\\/2012\\\/12\\\/Presentazione-Giro-dItalia.jpg\",\"articleSection\":[\"Prima Pagina\",\"Sport, tempo libero\"],\"inLanguage\":\"fr-FR\"},{\"@type\":\"WebPage\",\"@id\":\"https:\\\/\\\/www.bellunopress.it\\\/2012\\\/12\\\/03\\\/mig-longarone-il-gelato-si-tinge-di-rosa-presentate-le-tappe-del-giro-ditalia-2013\\\/\",\"url\":\"https:\\\/\\\/www.bellunopress.it\\\/2012\\\/12\\\/03\\\/mig-longarone-il-gelato-si-tinge-di-rosa-presentate-le-tappe-del-giro-ditalia-2013\\\/\",\"name\":\"Mig Longarone: il gelato si tinge di rosa. Presentate le tappe del Giro d'Italia 2013 - Bellunopress - Dolomiti\",\"isPartOf\":{\"@id\":\"https:\\\/\\\/www.bellunopress.it\\\/#website\"},\"primaryImageOfPage\":{\"@id\":\"https:\\\/\\\/www.bellunopress.it\\\/2012\\\/12\\\/03\\\/mig-longarone-il-gelato-si-tinge-di-rosa-presentate-le-tappe-del-giro-ditalia-2013\\\/#primaryimage\"},\"image\":{\"@id\":\"https:\\\/\\\/www.bellunopress.it\\\/2012\\\/12\\\/03\\\/mig-longarone-il-gelato-si-tinge-di-rosa-presentate-le-tappe-del-giro-ditalia-2013\\\/#primaryimage\"},\"thumbnailUrl\":\"http:\\\/\\\/www.bellunopress.it\\\/wp-content\\\/uploads\\\/2012\\\/12\\\/Presentazione-Giro-dItalia.jpg\",\"datePublished\":\"2012-12-03T06:14:10+00:00\",\"dateModified\":\"2012-12-03T06:14:46+00:00\",\"breadcrumb\":{\"@id\":\"https:\\\/\\\/www.bellunopress.it\\\/2012\\\/12\\\/03\\\/mig-longarone-il-gelato-si-tinge-di-rosa-presentate-le-tappe-del-giro-ditalia-2013\\\/#breadcrumb\"},\"inLanguage\":\"fr-FR\",\"potentialAction\":[{\"@type\":\"ReadAction\",\"target\":[\"https:\\\/\\\/www.bellunopress.it\\\/2012\\\/12\\\/03\\\/mig-longarone-il-gelato-si-tinge-di-rosa-presentate-le-tappe-del-giro-ditalia-2013\\\/\"]}]},{\"@type\":\"ImageObject\",\"inLanguage\":\"fr-FR\",\"@id\":\"https:\\\/\\\/www.bellunopress.it\\\/2012\\\/12\\\/03\\\/mig-longarone-il-gelato-si-tinge-di-rosa-presentate-le-tappe-del-giro-ditalia-2013\\\/#primaryimage\",\"url\":\"http:\\\/\\\/www.bellunopress.it\\\/wp-content\\\/uploads\\\/2012\\\/12\\\/Presentazione-Giro-dItalia.jpg\",\"contentUrl\":\"http:\\\/\\\/www.bellunopress.it\\\/wp-content\\\/uploads\\\/2012\\\/12\\\/Presentazione-Giro-dItalia.jpg\"},{\"@type\":\"BreadcrumbList\",\"@id\":\"https:\\\/\\\/www.bellunopress.it\\\/2012\\\/12\\\/03\\\/mig-longarone-il-gelato-si-tinge-di-rosa-presentate-le-tappe-del-giro-ditalia-2013\\\/#breadcrumb\",\"itemListElement\":[{\"@type\":\"ListItem\",\"position\":1,\"name\":\"Home\",\"item\":\"https:\\\/\\\/www.bellunopress.it\\\/\"},{\"@type\":\"ListItem\",\"position\":2,\"name\":\"Mig Longarone: il gelato si tinge di rosa. Presentate le tappe del Giro d&#8217;Italia 2013\"}]},{\"@type\":\"WebSite\",\"@id\":\"https:\\\/\\\/www.bellunopress.it\\\/#website\",\"url\":\"https:\\\/\\\/www.bellunopress.it\\\/\",\"name\":\"Bellunopress - Dolomiti\",\"description\":\"e-mail: redazione@bellunopress.it\",\"publisher\":{\"@id\":\"https:\\\/\\\/www.bellunopress.it\\\/#organization\"},\"potentialAction\":[{\"@type\":\"SearchAction\",\"target\":{\"@type\":\"EntryPoint\",\"urlTemplate\":\"https:\\\/\\\/www.bellunopress.it\\\/?s={search_term_string}\"},\"query-input\":{\"@type\":\"PropertyValueSpecification\",\"valueRequired\":true,\"valueName\":\"search_term_string\"}}],\"inLanguage\":\"fr-FR\"},{\"@type\":\"Organization\",\"@id\":\"https:\\\/\\\/www.bellunopress.it\\\/#organization\",\"name\":\"Bellunopress\",\"url\":\"https:\\\/\\\/www.bellunopress.it\\\/\",\"logo\":{\"@type\":\"ImageObject\",\"inLanguage\":\"fr-FR\",\"@id\":\"https:\\\/\\\/www.bellunopress.it\\\/#\\\/schema\\\/logo\\\/image\\\/\",\"url\":\"https:\\\/\\\/www.bellunopress.it\\\/wp-content\\\/uploads\\\/2011\\\/05\\\/cropped-logo-bellunopress-.jpg\",\"contentUrl\":\"https:\\\/\\\/www.bellunopress.it\\\/wp-content\\\/uploads\\\/2011\\\/05\\\/cropped-logo-bellunopress-.jpg\",\"width\":512,\"height\":512,\"caption\":\"Bellunopress\"},\"image\":{\"@id\":\"https:\\\/\\\/www.bellunopress.it\\\/#\\\/schema\\\/logo\\\/image\\\/\"},\"sameAs\":[\"https:\\\/\\\/www.facebook.com\\\/profile.php?id=100008943462799\",\"https:\\\/\\\/x.com\\\/bellunopress\",\"https:\\\/\\\/www.linkedin.com\\\/hp\\\/?dnr=JBzUWaJfMUw8vbXJJ2tVW5-I3jZKvC4wsoxE&amp;amp;amp;amp;amp;amp;trk=nav_responsive_tab_home\",\"https:\\\/\\\/www.youtube.com\\\/channel\\\/UCxL0wu1uN0_3_7hGG0306cw\"]},{\"@type\":\"Person\",\"@id\":\"https:\\\/\\\/www.bellunopress.it\\\/#\\\/schema\\\/person\\\/79bb06722b37ece1c03d3e94beb30d73\",\"name\":\"redazione\",\"image\":{\"@type\":\"ImageObject\",\"inLanguage\":\"fr-FR\",\"@id\":\"https:\\\/\\\/secure.gravatar.com\\\/avatar\\\/37d968a2e67a6fd04c169c4bdef102d0bc5d31b2546345219e348575eb80e9a0?s=96&d=mm&r=g\",\"url\":\"https:\\\/\\\/secure.gravatar.com\\\/avatar\\\/37d968a2e67a6fd04c169c4bdef102d0bc5d31b2546345219e348575eb80e9a0?s=96&d=mm&r=g\",\"contentUrl\":\"https:\\\/\\\/secure.gravatar.com\\\/avatar\\\/37d968a2e67a6fd04c169c4bdef102d0bc5d31b2546345219e348575eb80e9a0?s=96&d=mm&r=g\",\"caption\":\"redazione\"},\"sameAs\":[\"http:\\\/\\\/www.bellunopress.it\",\"https:\\\/\\\/x.com\\\/bellunopress\"],\"url\":\"https:\\\/\\\/www.bellunopress.it\\\/fr\\\/author\\\/redazione\\\/\"}]}<\/script>\n<!-- \/ Yoast SEO plugin. -->","yoast_head_json":{"title":"Mig Longarone: il gelato si tinge di rosa. Presentate le tappe del Giro d'Italia 2013 - Bellunopress - Dolomiti","robots":{"index":"index","follow":"follow","max-snippet":"max-snippet:-1","max-image-preview":"max-image-preview:large","max-video-preview":"max-video-preview:-1"},"canonical":"https:\/\/www.bellunopress.it\/fr\/2012\/12\/03\/mig-longarone-il-gelato-si-tinge-di-rosa-presentate-le-tappe-del-giro-ditalia-2013\/","og_locale":"fr_FR","og_type":"article","og_title":"Mig Longarone: il gelato si tinge di rosa. Presentate le tappe del Giro d'Italia 2013 - Bellunopress - Dolomiti","og_description":"&nbsp; Longarone, 02\/12\/2012 \u2013 Si \u00e8 tenuta domenica pomeriggio, nella bellissima cornice della MIG (mostra internazionale del gelato artigianale), la presentazione delle 3 tappe del Giro d\u2019Italia 2013 che interesseranno la provincia di Belluno: Tarvisio-Vajont (15 maggio), Longarone-Treviso (16 maggio), Silandro-Tre Cime di Lavaredo (25 maggio). All&#8217; incontro erano presenti i sindaci coinvolti nelle diverse [&hellip;]","og_url":"https:\/\/www.bellunopress.it\/fr\/2012\/12\/03\/mig-longarone-il-gelato-si-tinge-di-rosa-presentate-le-tappe-del-giro-ditalia-2013\/","og_site_name":"Bellunopress - Dolomiti","article_publisher":"https:\/\/www.facebook.com\/profile.php?id=100008943462799","article_published_time":"2012-12-03T06:14:10+00:00","article_modified_time":"2012-12-03T06:14:46+00:00","og_image":[{"url":"http:\/\/www.bellunopress.it\/wp-content\/uploads\/2012\/12\/Presentazione-Giro-dItalia.jpg","type":"","width":"","height":""}],"author":"redazione","twitter_card":"summary_large_image","twitter_creator":"@bellunopress","twitter_site":"@bellunopress","twitter_misc":{"\u00c9crit par":"redazione","Dur\u00e9e de lecture estim\u00e9e":"3 minutes"},"schema":{"@context":"https:\/\/schema.org","@graph":[{"@type":"Article","@id":"https:\/\/www.bellunopress.it\/2012\/12\/03\/mig-longarone-il-gelato-si-tinge-di-rosa-presentate-le-tappe-del-giro-ditalia-2013\/#article","isPartOf":{"@id":"https:\/\/www.bellunopress.it\/2012\/12\/03\/mig-longarone-il-gelato-si-tinge-di-rosa-presentate-le-tappe-del-giro-ditalia-2013\/"},"author":{"name":"redazione","@id":"https:\/\/www.bellunopress.it\/#\/schema\/person\/79bb06722b37ece1c03d3e94beb30d73"},"headline":"Mig Longarone: il gelato si tinge di rosa. Presentate le tappe del Giro d&#8217;Italia 2013","datePublished":"2012-12-03T06:14:10+00:00","dateModified":"2012-12-03T06:14:46+00:00","mainEntityOfPage":{"@id":"https:\/\/www.bellunopress.it\/2012\/12\/03\/mig-longarone-il-gelato-si-tinge-di-rosa-presentate-le-tappe-del-giro-ditalia-2013\/"},"wordCount":545,"publisher":{"@id":"https:\/\/www.bellunopress.it\/#organization"},"image":{"@id":"https:\/\/www.bellunopress.it\/2012\/12\/03\/mig-longarone-il-gelato-si-tinge-di-rosa-presentate-le-tappe-del-giro-ditalia-2013\/#primaryimage"},"thumbnailUrl":"http:\/\/www.bellunopress.it\/wp-content\/uploads\/2012\/12\/Presentazione-Giro-dItalia.jpg","articleSection":["Prima Pagina","Sport, tempo libero"],"inLanguage":"fr-FR"},{"@type":"WebPage","@id":"https:\/\/www.bellunopress.it\/2012\/12\/03\/mig-longarone-il-gelato-si-tinge-di-rosa-presentate-le-tappe-del-giro-ditalia-2013\/","url":"https:\/\/www.bellunopress.it\/2012\/12\/03\/mig-longarone-il-gelato-si-tinge-di-rosa-presentate-le-tappe-del-giro-ditalia-2013\/","name":"Mig Longarone: il gelato si tinge di rosa. Presentate le tappe del Giro d'Italia 2013 - Bellunopress - Dolomiti","isPartOf":{"@id":"https:\/\/www.bellunopress.it\/#website"},"primaryImageOfPage":{"@id":"https:\/\/www.bellunopress.it\/2012\/12\/03\/mig-longarone-il-gelato-si-tinge-di-rosa-presentate-le-tappe-del-giro-ditalia-2013\/#primaryimage"},"image":{"@id":"https:\/\/www.bellunopress.it\/2012\/12\/03\/mig-longarone-il-gelato-si-tinge-di-rosa-presentate-le-tappe-del-giro-ditalia-2013\/#primaryimage"},"thumbnailUrl":"http:\/\/www.bellunopress.it\/wp-content\/uploads\/2012\/12\/Presentazione-Giro-dItalia.jpg","datePublished":"2012-12-03T06:14:10+00:00","dateModified":"2012-12-03T06:14:46+00:00","breadcrumb":{"@id":"https:\/\/www.bellunopress.it\/2012\/12\/03\/mig-longarone-il-gelato-si-tinge-di-rosa-presentate-le-tappe-del-giro-ditalia-2013\/#breadcrumb"},"inLanguage":"fr-FR","potentialAction":[{"@type":"ReadAction","target":["https:\/\/www.bellunopress.it\/2012\/12\/03\/mig-longarone-il-gelato-si-tinge-di-rosa-presentate-le-tappe-del-giro-ditalia-2013\/"]}]},{"@type":"ImageObject","inLanguage":"fr-FR","@id":"https:\/\/www.bellunopress.it\/2012\/12\/03\/mig-longarone-il-gelato-si-tinge-di-rosa-presentate-le-tappe-del-giro-ditalia-2013\/#primaryimage","url":"http:\/\/www.bellunopress.it\/wp-content\/uploads\/2012\/12\/Presentazione-Giro-dItalia.jpg","contentUrl":"http:\/\/www.bellunopress.it\/wp-content\/uploads\/2012\/12\/Presentazione-Giro-dItalia.jpg"},{"@type":"BreadcrumbList","@id":"https:\/\/www.bellunopress.it\/2012\/12\/03\/mig-longarone-il-gelato-si-tinge-di-rosa-presentate-le-tappe-del-giro-ditalia-2013\/#breadcrumb","itemListElement":[{"@type":"ListItem","position":1,"name":"Home","item":"https:\/\/www.bellunopress.it\/"},{"@type":"ListItem","position":2,"name":"Mig Longarone: il gelato si tinge di rosa. Presentate le tappe del Giro d&#8217;Italia 2013"}]},{"@type":"WebSite","@id":"https:\/\/www.bellunopress.it\/#website","url":"https:\/\/www.bellunopress.it\/","name":"Bellunopress - Dolomiti","description":"e-mail: redazione@bellunopress.it","publisher":{"@id":"https:\/\/www.bellunopress.it\/#organization"},"potentialAction":[{"@type":"SearchAction","target":{"@type":"EntryPoint","urlTemplate":"https:\/\/www.bellunopress.it\/?s={search_term_string}"},"query-input":{"@type":"PropertyValueSpecification","valueRequired":true,"valueName":"search_term_string"}}],"inLanguage":"fr-FR"},{"@type":"Organization","@id":"https:\/\/www.bellunopress.it\/#organization","name":"Bellunopress","url":"https:\/\/www.bellunopress.it\/","logo":{"@type":"ImageObject","inLanguage":"fr-FR","@id":"https:\/\/www.bellunopress.it\/#\/schema\/logo\/image\/","url":"https:\/\/www.bellunopress.it\/wp-content\/uploads\/2011\/05\/cropped-logo-bellunopress-.jpg","contentUrl":"https:\/\/www.bellunopress.it\/wp-content\/uploads\/2011\/05\/cropped-logo-bellunopress-.jpg","width":512,"height":512,"caption":"Bellunopress"},"image":{"@id":"https:\/\/www.bellunopress.it\/#\/schema\/logo\/image\/"},"sameAs":["https:\/\/www.facebook.com\/profile.php?id=100008943462799","https:\/\/x.com\/bellunopress","https:\/\/www.linkedin.com\/hp\/?dnr=JBzUWaJfMUw8vbXJJ2tVW5-I3jZKvC4wsoxE&amp;amp;amp;amp;amp;amp;trk=nav_responsive_tab_home","https:\/\/www.youtube.com\/channel\/UCxL0wu1uN0_3_7hGG0306cw"]},{"@type":"Person","@id":"https:\/\/www.bellunopress.it\/#\/schema\/person\/79bb06722b37ece1c03d3e94beb30d73","name":"r\u00e9daction","image":{"@type":"ImageObject","inLanguage":"fr-FR","@id":"https:\/\/secure.gravatar.com\/avatar\/37d968a2e67a6fd04c169c4bdef102d0bc5d31b2546345219e348575eb80e9a0?s=96&d=mm&r=g","url":"https:\/\/secure.gravatar.com\/avatar\/37d968a2e67a6fd04c169c4bdef102d0bc5d31b2546345219e348575eb80e9a0?s=96&d=mm&r=g","contentUrl":"https:\/\/secure.gravatar.com\/avatar\/37d968a2e67a6fd04c169c4bdef102d0bc5d31b2546345219e348575eb80e9a0?s=96&d=mm&r=g","caption":"redazione"},"sameAs":["http:\/\/www.bellunopress.it","https:\/\/x.com\/bellunopress"],"url":"https:\/\/www.bellunopress.it\/fr\/author\/redazione\/"}]}},"_links":{"self":[{"href":"https:\/\/www.bellunopress.it\/fr\/wp-json\/wp\/v2\/posts\/44420","targetHints":{"allow":["GET"]}}],"collection":[{"href":"https:\/\/www.bellunopress.it\/fr\/wp-json\/wp\/v2\/posts"}],"about":[{"href":"https:\/\/www.bellunopress.it\/fr\/wp-json\/wp\/v2\/types\/post"}],"author":[{"embeddable":true,"href":"https:\/\/www.bellunopress.it\/fr\/wp-json\/wp\/v2\/users\/2"}],"replies":[{"embeddable":true,"href":"https:\/\/www.bellunopress.it\/fr\/wp-json\/wp\/v2\/comments?post=44420"}],"version-history":[{"count":2,"href":"https:\/\/www.bellunopress.it\/fr\/wp-json\/wp\/v2\/posts\/44420\/revisions"}],"predecessor-version":[{"id":44423,"href":"https:\/\/www.bellunopress.it\/fr\/wp-json\/wp\/v2\/posts\/44420\/revisions\/44423"}],"wp:attachment":[{"href":"https:\/\/www.bellunopress.it\/fr\/wp-json\/wp\/v2\/media?parent=44420"}],"wp:term":[{"taxonomy":"category","embeddable":true,"href":"https:\/\/www.bellunopress.it\/fr\/wp-json\/wp\/v2\/categories?post=44420"},{"taxonomy":"post_tag","embeddable":true,"href":"https:\/\/www.bellunopress.it\/fr\/wp-json\/wp\/v2\/tags?post=44420"}],"curies":[{"name":"wp","href":"https:\/\/api.w.org\/{rel}","templated":true}]}}