{"id":44410,"date":"2012-12-02T17:37:57","date_gmt":"2012-12-02T16:37:57","guid":{"rendered":"http:\/\/www.bellunopress.it\/?p=44410"},"modified":"2012-12-02T17:37:57","modified_gmt":"2012-12-02T16:37:57","slug":"la-locanda-san-lorenzo-di-puos-dalpago-tra-i-sei-finalisti-del-festival-triveneto-del-baccala","status":"publish","type":"post","link":"https:\/\/www.bellunopress.it\/fr\/2012\/12\/02\/la-locanda-san-lorenzo-di-puos-dalpago-tra-i-sei-finalisti-del-festival-triveneto-del-baccala\/","title":{"rendered":"La Locanda San Lorenzo di Puos d&#8217;Alpago tra i sei finalisti del Festival Triveneto del baccal\u00e0"},"content":{"rendered":"<p>Ecco i sei ristoranti finalisti che si contenderanno il Premio Tagliapietra nel Gal\u00e0 interregionale: Locanda San Lorenzo di Puos d&#8217;Alpago (BL), Gellius di Oderzo (TV), Ai Do Campanili di Treporti (VE), Antico Brolo di Padova, Da Toni di Gradiscutta di Varmo (UD) e Locanda delle Tre Chiavi di Isera (TN)<\/p>\n<p><a href=\"http:\/\/www.bellunopress.it\/wp-content\/uploads\/2012\/12\/festival-del-baccal\u00e0-02.jpg\"><img loading=\"lazy\" decoding=\"async\" class=\"alignleft size-full wp-image-44411\" title=\"festival del baccal\u00e0 02\" src=\"http:\/\/www.bellunopress.it\/wp-content\/uploads\/2012\/12\/festival-del-baccal\u00e0-02.jpg\" alt=\"\" width=\"177\" height=\"281\" \/><\/a>\u00a0Ad assegnare la palma della vittoria, una giuria tecnica stellata coordinata da Franco Favaretto e composta da Igles Corelli, Nicola Portinari, Peter Brunel e da Andrea Sinigaglia (Alma) ed Ettore Bonalberti, ideatore e Presidente onorario del Festival<\/p>\n<p>Ci siamo! Dopo due mesi di serate conviviali, tenutesi a ritmo serrato in 27 tra i migliori ristoranti di Veneto, Friuli Venezia Giulia e Trentino-Alto Adige, alla ricerca del piatto pi\u00f9 innovativo e buono a base di merluzzo &#8211; fresco, salato o stocco -, sono stati selezionati i sei ristoranti finalisti che si contenderanno il Premio Tagliapietra al Gal\u00e0 interregionale del Festival Triveneto del baccal\u00e0 verso Expo 2015, che si terr\u00e0 alle ore 20 di mercoled\u00ec 5 dicembre all&#8217;Antica Trattoria Ballotta di Torreglia, in provincia di Padova.<\/p>\n<p>In finale, tre antipasti e tre primi piatti. Innovazione e creativit\u00e0, il criterio di giudizio a cui la Giuria tecnica del Comitato Organizzatore del Festival, presieduta da Luca Padovani, ha dato pi\u00f9 importanza, insieme a degustazione e tecnica, territorialit\u00e0 e presentazione, nel valutare i 27 tra gli 81 piatti in gara pi\u00f9 votati dai clienti nelle diverse serate, sta tutta negli antipasti e nei primi piatti e, precisamente, nell&#8217;antipasto di &#8220;Baccal\u00e0 cotto e crudo con crema di patate affumicate, cenere di verdure&#8221; preparato dallo chef Alessandro Breda del Gellius, ristorante stellato di Oderzo (TV), nell&#8217;antipasto di &#8220;Baccal\u00e0 in croccante Kataifi su vellutata di carciofi&#8221; preparato da Martino Scarpa, volto noto della trasmissione di Raiuno &#8220;La prova del cuoco&#8221; e chef del ristorante Ai Do Campanili di Treporti (VE) e nell&#8217;antipasto di &#8220;Carpaccio di baccal\u00e0 affumicato con olive taggiasche&#8221; preparato da Roberto Cozzarolo, chef del ristorante Da Toni di Gradiscutta di Varmo in provincia di Udine. Ed ancora, nel primo piatto &#8220;Gnocchi di patate farciti con salsa di baccal\u00e0 alla vicentina&#8221; preparato da Renzo Dal Farra, chef del ristorante stellato Locanda San Lorenzo di Puos d&#8217;Alpago in provincia di Belluno, nel primo piatto &#8220;Tortelli di stoccafisso con cipolla fritta e guanciale croccante su vellutata di fagioli e olio al rosmarino&#8221;, preparato dallo chef Massimo Taglioli del ristorante Antico Brolo di Padova e nel primo piatto &#8220;Vellutata di sedano rapa e patate con stoccafisso al profumo d&#8217;Oriente, spuma di cipolle rosse e chips di polenta &#8220;Spin&#8221; preparato da Massimiliano Arer, chef della Locanda delle Tre Chiavi di Isera (TN).<\/p>\n<p>Alla fine, ne rester\u00e0 soltanto uno. Ad assegnare la palma della vittoria ad uno dei sei ristoranti in gara, sar\u00e0 la Giuria tecnica stellata coordinata da Franco Favaretto, chef-patron del Baccal\u00e0Divino di Mestre (Ve) e composta da: Igles Corelli (chef del ristorante Atman di Pescia in provincia di Pistoia), Nicola Portinari (chef patron del ristorante La Peca di Lonigo in provincia di Vicenza), Peter Brunel (consulente chef stellato), Andrea Sinigaglia (responsabile Alma Wine Academy) ed Ettore Bonalberti, ideatore e Presidente onorario del Festival. Il ristorante vincitore ricever\u00e0 e conserver\u00e0 per un anno il Trofeo Tagliapietra ed il patron del ristorante ricever\u00e0 anche un viaggio studio premio per due persone alle isole Lofoten in Norvegia, patria dello stoccafisso.<\/p>\n<p>Merluzzo, alimento ricco di valori nutrizionali e versatile in cucina. Ad organizzare la manifestazione \u00e8 il Comitato Organizzatore del Festival Triveneto del baccal\u00e0 verso Expo 2015 di cui fanno parte: Venerabile Confraternita del Bacal\u00e0 alla Vicentina, Dogale Confraternita del Baccal\u00e0 Mantecato di Venezia, Patavina Confraternita del Baccal\u00e0 e Confraternita dello Stofiss dei Frati di Rovereto in collaborazione con la Delegazione dell&#8217;Accademia Italiana della Cucina Eugania Basso Padovano e Tagliapietra e Figli srl, la pi\u00f9 importante azienda importatrice di stoccafisso del Nord Italia.<\/p>\n<p>&nbsp;<\/p>","protected":false},"excerpt":{"rendered":"<p>Ecco i sei ristoranti finalisti che si contenderanno il Premio Tagliapietra nel Gal\u00e0 interregionale: Locanda San Lorenzo di Puos d&#8217;Alpago (BL), Gellius di Oderzo (TV), Ai Do Campanili di Treporti (VE), Antico Brolo di Padova, Da Toni di Gradiscutta di Varmo (UD) e Locanda delle Tre Chiavi di Isera (TN) \u00a0Ad assegnare la palma della [&hellip;]<\/p>\n","protected":false},"author":2,"featured_media":0,"comment_status":"closed","ping_status":"open","sticky":false,"template":"","format":"standard","meta":{"footnotes":""},"categories":[36,25,8],"tags":[],"class_list":["post-44410","post","type-post","status-publish","format-standard","category-lavoro-economia","category-pausa-caffe","category-societa-istituzioni"],"yoast_head":"<!-- This site is optimized with the Yoast SEO plugin v28.4 - https:\/\/yoast.com\/product\/yoast-seo-wordpress\/ -->\n<title>La Locanda San Lorenzo di Puos d&#039;Alpago tra i sei finalisti del Festival Triveneto del baccal\u00e0 - Bellunopress - Dolomiti<\/title>\n<meta name=\"robots\" content=\"index, follow, max-snippet:-1, max-image-preview:large, max-video-preview:-1\" \/>\n<link rel=\"canonical\" href=\"https:\/\/www.bellunopress.it\/fr\/2012\/12\/02\/la-locanda-san-lorenzo-di-puos-dalpago-tra-i-sei-finalisti-del-festival-triveneto-del-baccala\/\" \/>\n<meta property=\"og:locale\" content=\"fr_FR\" \/>\n<meta property=\"og:type\" content=\"article\" \/>\n<meta property=\"og:title\" content=\"La Locanda San Lorenzo di Puos d&#039;Alpago tra i sei finalisti del Festival Triveneto del baccal\u00e0 - Bellunopress - Dolomiti\" \/>\n<meta property=\"og:description\" content=\"Ecco i sei ristoranti finalisti che si contenderanno il Premio Tagliapietra nel Gal\u00e0 interregionale: Locanda San Lorenzo di Puos d&#8217;Alpago (BL), Gellius di Oderzo (TV), Ai Do Campanili di Treporti (VE), Antico Brolo di Padova, Da Toni di Gradiscutta di Varmo (UD) e Locanda delle Tre Chiavi di Isera (TN) \u00a0Ad assegnare la palma della [&hellip;]\" \/>\n<meta property=\"og:url\" content=\"https:\/\/www.bellunopress.it\/fr\/2012\/12\/02\/la-locanda-san-lorenzo-di-puos-dalpago-tra-i-sei-finalisti-del-festival-triveneto-del-baccala\/\" \/>\n<meta property=\"og:site_name\" content=\"Bellunopress - Dolomiti\" \/>\n<meta property=\"article:publisher\" content=\"https:\/\/www.facebook.com\/profile.php?id=100008943462799\" \/>\n<meta property=\"article:published_time\" content=\"2012-12-02T16:37:57+00:00\" \/>\n<meta property=\"og:image\" content=\"http:\/\/www.bellunopress.it\/wp-content\/uploads\/2012\/12\/festival-del-baccal\u00e0-02.jpg\" \/>\n<meta name=\"author\" content=\"redazione\" \/>\n<meta name=\"twitter:card\" content=\"summary_large_image\" \/>\n<meta name=\"twitter:creator\" content=\"@bellunopress\" \/>\n<meta name=\"twitter:site\" content=\"@bellunopress\" \/>\n<meta name=\"twitter:label1\" content=\"\u00c9crit par\" \/>\n\t<meta name=\"twitter:data1\" content=\"redazione\" \/>\n\t<meta name=\"twitter:label2\" content=\"Dur\u00e9e de lecture estim\u00e9e\" \/>\n\t<meta name=\"twitter:data2\" content=\"3 minutes\" \/>\n<script type=\"application\/ld+json\" class=\"yoast-schema-graph\">{\"@context\":\"https:\\\/\\\/schema.org\",\"@graph\":[{\"@type\":\"Article\",\"@id\":\"https:\\\/\\\/www.bellunopress.it\\\/2012\\\/12\\\/02\\\/la-locanda-san-lorenzo-di-puos-dalpago-tra-i-sei-finalisti-del-festival-triveneto-del-baccala\\\/#article\",\"isPartOf\":{\"@id\":\"https:\\\/\\\/www.bellunopress.it\\\/2012\\\/12\\\/02\\\/la-locanda-san-lorenzo-di-puos-dalpago-tra-i-sei-finalisti-del-festival-triveneto-del-baccala\\\/\"},\"author\":{\"name\":\"redazione\",\"@id\":\"https:\\\/\\\/www.bellunopress.it\\\/#\\\/schema\\\/person\\\/79bb06722b37ece1c03d3e94beb30d73\"},\"headline\":\"La Locanda San Lorenzo di Puos d&#8217;Alpago tra i sei finalisti del Festival Triveneto del baccal\u00e0\",\"datePublished\":\"2012-12-02T16:37:57+00:00\",\"mainEntityOfPage\":{\"@id\":\"https:\\\/\\\/www.bellunopress.it\\\/2012\\\/12\\\/02\\\/la-locanda-san-lorenzo-di-puos-dalpago-tra-i-sei-finalisti-del-festival-triveneto-del-baccala\\\/\"},\"wordCount\":649,\"publisher\":{\"@id\":\"https:\\\/\\\/www.bellunopress.it\\\/#organization\"},\"articleSection\":[\"Lavoro, Economia, Turismo\",\"Pausa Caff\u00e8\",\"Societ\u00e0, Associazioni, Istituzioni\"],\"inLanguage\":\"fr-FR\"},{\"@type\":\"WebPage\",\"@id\":\"https:\\\/\\\/www.bellunopress.it\\\/2012\\\/12\\\/02\\\/la-locanda-san-lorenzo-di-puos-dalpago-tra-i-sei-finalisti-del-festival-triveneto-del-baccala\\\/\",\"url\":\"https:\\\/\\\/www.bellunopress.it\\\/2012\\\/12\\\/02\\\/la-locanda-san-lorenzo-di-puos-dalpago-tra-i-sei-finalisti-del-festival-triveneto-del-baccala\\\/\",\"name\":\"La Locanda San Lorenzo di Puos d'Alpago tra i sei finalisti del Festival Triveneto del baccal\u00e0 - Bellunopress - Dolomiti\",\"isPartOf\":{\"@id\":\"https:\\\/\\\/www.bellunopress.it\\\/#website\"},\"datePublished\":\"2012-12-02T16:37:57+00:00\",\"breadcrumb\":{\"@id\":\"https:\\\/\\\/www.bellunopress.it\\\/2012\\\/12\\\/02\\\/la-locanda-san-lorenzo-di-puos-dalpago-tra-i-sei-finalisti-del-festival-triveneto-del-baccala\\\/#breadcrumb\"},\"inLanguage\":\"fr-FR\",\"potentialAction\":[{\"@type\":\"ReadAction\",\"target\":[\"https:\\\/\\\/www.bellunopress.it\\\/2012\\\/12\\\/02\\\/la-locanda-san-lorenzo-di-puos-dalpago-tra-i-sei-finalisti-del-festival-triveneto-del-baccala\\\/\"]}]},{\"@type\":\"BreadcrumbList\",\"@id\":\"https:\\\/\\\/www.bellunopress.it\\\/2012\\\/12\\\/02\\\/la-locanda-san-lorenzo-di-puos-dalpago-tra-i-sei-finalisti-del-festival-triveneto-del-baccala\\\/#breadcrumb\",\"itemListElement\":[{\"@type\":\"ListItem\",\"position\":1,\"name\":\"Home\",\"item\":\"https:\\\/\\\/www.bellunopress.it\\\/\"},{\"@type\":\"ListItem\",\"position\":2,\"name\":\"La Locanda San Lorenzo di Puos d&#8217;Alpago tra i sei finalisti del Festival Triveneto del baccal\u00e0\"}]},{\"@type\":\"WebSite\",\"@id\":\"https:\\\/\\\/www.bellunopress.it\\\/#website\",\"url\":\"https:\\\/\\\/www.bellunopress.it\\\/\",\"name\":\"Bellunopress - Dolomiti\",\"description\":\"e-mail: redazione@bellunopress.it\",\"publisher\":{\"@id\":\"https:\\\/\\\/www.bellunopress.it\\\/#organization\"},\"potentialAction\":[{\"@type\":\"SearchAction\",\"target\":{\"@type\":\"EntryPoint\",\"urlTemplate\":\"https:\\\/\\\/www.bellunopress.it\\\/?s={search_term_string}\"},\"query-input\":{\"@type\":\"PropertyValueSpecification\",\"valueRequired\":true,\"valueName\":\"search_term_string\"}}],\"inLanguage\":\"fr-FR\"},{\"@type\":\"Organization\",\"@id\":\"https:\\\/\\\/www.bellunopress.it\\\/#organization\",\"name\":\"Bellunopress\",\"url\":\"https:\\\/\\\/www.bellunopress.it\\\/\",\"logo\":{\"@type\":\"ImageObject\",\"inLanguage\":\"fr-FR\",\"@id\":\"https:\\\/\\\/www.bellunopress.it\\\/#\\\/schema\\\/logo\\\/image\\\/\",\"url\":\"https:\\\/\\\/www.bellunopress.it\\\/wp-content\\\/uploads\\\/2011\\\/05\\\/cropped-logo-bellunopress-.jpg\",\"contentUrl\":\"https:\\\/\\\/www.bellunopress.it\\\/wp-content\\\/uploads\\\/2011\\\/05\\\/cropped-logo-bellunopress-.jpg\",\"width\":512,\"height\":512,\"caption\":\"Bellunopress\"},\"image\":{\"@id\":\"https:\\\/\\\/www.bellunopress.it\\\/#\\\/schema\\\/logo\\\/image\\\/\"},\"sameAs\":[\"https:\\\/\\\/www.facebook.com\\\/profile.php?id=100008943462799\",\"https:\\\/\\\/x.com\\\/bellunopress\",\"https:\\\/\\\/www.linkedin.com\\\/hp\\\/?dnr=JBzUWaJfMUw8vbXJJ2tVW5-I3jZKvC4wsoxE&amp;amp;amp;amp;amp;amp;trk=nav_responsive_tab_home\",\"https:\\\/\\\/www.youtube.com\\\/channel\\\/UCxL0wu1uN0_3_7hGG0306cw\"]},{\"@type\":\"Person\",\"@id\":\"https:\\\/\\\/www.bellunopress.it\\\/#\\\/schema\\\/person\\\/79bb06722b37ece1c03d3e94beb30d73\",\"name\":\"redazione\",\"image\":{\"@type\":\"ImageObject\",\"inLanguage\":\"fr-FR\",\"@id\":\"https:\\\/\\\/secure.gravatar.com\\\/avatar\\\/37d968a2e67a6fd04c169c4bdef102d0bc5d31b2546345219e348575eb80e9a0?s=96&d=mm&r=g\",\"url\":\"https:\\\/\\\/secure.gravatar.com\\\/avatar\\\/37d968a2e67a6fd04c169c4bdef102d0bc5d31b2546345219e348575eb80e9a0?s=96&d=mm&r=g\",\"contentUrl\":\"https:\\\/\\\/secure.gravatar.com\\\/avatar\\\/37d968a2e67a6fd04c169c4bdef102d0bc5d31b2546345219e348575eb80e9a0?s=96&d=mm&r=g\",\"caption\":\"redazione\"},\"sameAs\":[\"http:\\\/\\\/www.bellunopress.it\",\"https:\\\/\\\/x.com\\\/bellunopress\"],\"url\":\"https:\\\/\\\/www.bellunopress.it\\\/fr\\\/author\\\/redazione\\\/\"}]}<\/script>\n<!-- \/ Yoast SEO plugin. -->","yoast_head_json":{"title":"La Locanda San Lorenzo di Puos d'Alpago tra i sei finalisti del Festival Triveneto del baccal\u00e0 - Bellunopress - Dolomiti","robots":{"index":"index","follow":"follow","max-snippet":"max-snippet:-1","max-image-preview":"max-image-preview:large","max-video-preview":"max-video-preview:-1"},"canonical":"https:\/\/www.bellunopress.it\/fr\/2012\/12\/02\/la-locanda-san-lorenzo-di-puos-dalpago-tra-i-sei-finalisti-del-festival-triveneto-del-baccala\/","og_locale":"fr_FR","og_type":"article","og_title":"La Locanda San Lorenzo di Puos d'Alpago tra i sei finalisti del Festival Triveneto del baccal\u00e0 - Bellunopress - Dolomiti","og_description":"Ecco i sei ristoranti finalisti che si contenderanno il Premio Tagliapietra nel Gal\u00e0 interregionale: Locanda San Lorenzo di Puos d&#8217;Alpago (BL), Gellius di Oderzo (TV), Ai Do Campanili di Treporti (VE), Antico Brolo di Padova, Da Toni di Gradiscutta di Varmo (UD) e Locanda delle Tre Chiavi di Isera (TN) \u00a0Ad assegnare la palma della [&hellip;]","og_url":"https:\/\/www.bellunopress.it\/fr\/2012\/12\/02\/la-locanda-san-lorenzo-di-puos-dalpago-tra-i-sei-finalisti-del-festival-triveneto-del-baccala\/","og_site_name":"Bellunopress - Dolomiti","article_publisher":"https:\/\/www.facebook.com\/profile.php?id=100008943462799","article_published_time":"2012-12-02T16:37:57+00:00","og_image":[{"url":"http:\/\/www.bellunopress.it\/wp-content\/uploads\/2012\/12\/festival-del-baccal\u00e0-02.jpg","type":"","width":"","height":""}],"author":"redazione","twitter_card":"summary_large_image","twitter_creator":"@bellunopress","twitter_site":"@bellunopress","twitter_misc":{"\u00c9crit par":"redazione","Dur\u00e9e de lecture estim\u00e9e":"3 minutes"},"schema":{"@context":"https:\/\/schema.org","@graph":[{"@type":"Article","@id":"https:\/\/www.bellunopress.it\/2012\/12\/02\/la-locanda-san-lorenzo-di-puos-dalpago-tra-i-sei-finalisti-del-festival-triveneto-del-baccala\/#article","isPartOf":{"@id":"https:\/\/www.bellunopress.it\/2012\/12\/02\/la-locanda-san-lorenzo-di-puos-dalpago-tra-i-sei-finalisti-del-festival-triveneto-del-baccala\/"},"author":{"name":"redazione","@id":"https:\/\/www.bellunopress.it\/#\/schema\/person\/79bb06722b37ece1c03d3e94beb30d73"},"headline":"La Locanda San Lorenzo di Puos d&#8217;Alpago tra i sei finalisti del Festival Triveneto del baccal\u00e0","datePublished":"2012-12-02T16:37:57+00:00","mainEntityOfPage":{"@id":"https:\/\/www.bellunopress.it\/2012\/12\/02\/la-locanda-san-lorenzo-di-puos-dalpago-tra-i-sei-finalisti-del-festival-triveneto-del-baccala\/"},"wordCount":649,"publisher":{"@id":"https:\/\/www.bellunopress.it\/#organization"},"articleSection":["Lavoro, Economia, Turismo","Pausa Caff\u00e8","Societ\u00e0, Associazioni, Istituzioni"],"inLanguage":"fr-FR"},{"@type":"WebPage","@id":"https:\/\/www.bellunopress.it\/2012\/12\/02\/la-locanda-san-lorenzo-di-puos-dalpago-tra-i-sei-finalisti-del-festival-triveneto-del-baccala\/","url":"https:\/\/www.bellunopress.it\/2012\/12\/02\/la-locanda-san-lorenzo-di-puos-dalpago-tra-i-sei-finalisti-del-festival-triveneto-del-baccala\/","name":"La Locanda San Lorenzo di Puos d'Alpago tra i sei finalisti del Festival Triveneto del baccal\u00e0 - Bellunopress - Dolomiti","isPartOf":{"@id":"https:\/\/www.bellunopress.it\/#website"},"datePublished":"2012-12-02T16:37:57+00:00","breadcrumb":{"@id":"https:\/\/www.bellunopress.it\/2012\/12\/02\/la-locanda-san-lorenzo-di-puos-dalpago-tra-i-sei-finalisti-del-festival-triveneto-del-baccala\/#breadcrumb"},"inLanguage":"fr-FR","potentialAction":[{"@type":"ReadAction","target":["https:\/\/www.bellunopress.it\/2012\/12\/02\/la-locanda-san-lorenzo-di-puos-dalpago-tra-i-sei-finalisti-del-festival-triveneto-del-baccala\/"]}]},{"@type":"BreadcrumbList","@id":"https:\/\/www.bellunopress.it\/2012\/12\/02\/la-locanda-san-lorenzo-di-puos-dalpago-tra-i-sei-finalisti-del-festival-triveneto-del-baccala\/#breadcrumb","itemListElement":[{"@type":"ListItem","position":1,"name":"Home","item":"https:\/\/www.bellunopress.it\/"},{"@type":"ListItem","position":2,"name":"La Locanda San Lorenzo di Puos d&#8217;Alpago tra i sei finalisti del Festival Triveneto del baccal\u00e0"}]},{"@type":"WebSite","@id":"https:\/\/www.bellunopress.it\/#website","url":"https:\/\/www.bellunopress.it\/","name":"Bellunopress - Dolomiti","description":"e-mail: redazione@bellunopress.it","publisher":{"@id":"https:\/\/www.bellunopress.it\/#organization"},"potentialAction":[{"@type":"SearchAction","target":{"@type":"EntryPoint","urlTemplate":"https:\/\/www.bellunopress.it\/?s={search_term_string}"},"query-input":{"@type":"PropertyValueSpecification","valueRequired":true,"valueName":"search_term_string"}}],"inLanguage":"fr-FR"},{"@type":"Organization","@id":"https:\/\/www.bellunopress.it\/#organization","name":"Bellunopress","url":"https:\/\/www.bellunopress.it\/","logo":{"@type":"ImageObject","inLanguage":"fr-FR","@id":"https:\/\/www.bellunopress.it\/#\/schema\/logo\/image\/","url":"https:\/\/www.bellunopress.it\/wp-content\/uploads\/2011\/05\/cropped-logo-bellunopress-.jpg","contentUrl":"https:\/\/www.bellunopress.it\/wp-content\/uploads\/2011\/05\/cropped-logo-bellunopress-.jpg","width":512,"height":512,"caption":"Bellunopress"},"image":{"@id":"https:\/\/www.bellunopress.it\/#\/schema\/logo\/image\/"},"sameAs":["https:\/\/www.facebook.com\/profile.php?id=100008943462799","https:\/\/x.com\/bellunopress","https:\/\/www.linkedin.com\/hp\/?dnr=JBzUWaJfMUw8vbXJJ2tVW5-I3jZKvC4wsoxE&amp;amp;amp;amp;amp;amp;trk=nav_responsive_tab_home","https:\/\/www.youtube.com\/channel\/UCxL0wu1uN0_3_7hGG0306cw"]},{"@type":"Person","@id":"https:\/\/www.bellunopress.it\/#\/schema\/person\/79bb06722b37ece1c03d3e94beb30d73","name":"r\u00e9daction","image":{"@type":"ImageObject","inLanguage":"fr-FR","@id":"https:\/\/secure.gravatar.com\/avatar\/37d968a2e67a6fd04c169c4bdef102d0bc5d31b2546345219e348575eb80e9a0?s=96&d=mm&r=g","url":"https:\/\/secure.gravatar.com\/avatar\/37d968a2e67a6fd04c169c4bdef102d0bc5d31b2546345219e348575eb80e9a0?s=96&d=mm&r=g","contentUrl":"https:\/\/secure.gravatar.com\/avatar\/37d968a2e67a6fd04c169c4bdef102d0bc5d31b2546345219e348575eb80e9a0?s=96&d=mm&r=g","caption":"redazione"},"sameAs":["http:\/\/www.bellunopress.it","https:\/\/x.com\/bellunopress"],"url":"https:\/\/www.bellunopress.it\/fr\/author\/redazione\/"}]}},"_links":{"self":[{"href":"https:\/\/www.bellunopress.it\/fr\/wp-json\/wp\/v2\/posts\/44410","targetHints":{"allow":["GET"]}}],"collection":[{"href":"https:\/\/www.bellunopress.it\/fr\/wp-json\/wp\/v2\/posts"}],"about":[{"href":"https:\/\/www.bellunopress.it\/fr\/wp-json\/wp\/v2\/types\/post"}],"author":[{"embeddable":true,"href":"https:\/\/www.bellunopress.it\/fr\/wp-json\/wp\/v2\/users\/2"}],"replies":[{"embeddable":true,"href":"https:\/\/www.bellunopress.it\/fr\/wp-json\/wp\/v2\/comments?post=44410"}],"version-history":[{"count":1,"href":"https:\/\/www.bellunopress.it\/fr\/wp-json\/wp\/v2\/posts\/44410\/revisions"}],"predecessor-version":[{"id":44412,"href":"https:\/\/www.bellunopress.it\/fr\/wp-json\/wp\/v2\/posts\/44410\/revisions\/44412"}],"wp:attachment":[{"href":"https:\/\/www.bellunopress.it\/fr\/wp-json\/wp\/v2\/media?parent=44410"}],"wp:term":[{"taxonomy":"category","embeddable":true,"href":"https:\/\/www.bellunopress.it\/fr\/wp-json\/wp\/v2\/categories?post=44410"},{"taxonomy":"post_tag","embeddable":true,"href":"https:\/\/www.bellunopress.it\/fr\/wp-json\/wp\/v2\/tags?post=44410"}],"curies":[{"name":"wp","href":"https:\/\/api.w.org\/{rel}","templated":true}]}}