{"id":4441,"date":"2009-06-04T22:01:03","date_gmt":"2009-06-04T21:01:03","guid":{"rendered":"http:\/\/www.bellunopress.it\/?p=4441"},"modified":"2009-06-04T22:01:03","modified_gmt":"2009-06-04T21:01:03","slug":"dalla-val-visdende-a-sappada-il-12-luglio-la-prima-edizione-della-peralba-marathon","status":"publish","type":"post","link":"https:\/\/www.bellunopress.it\/fr\/2009\/06\/04\/dalla-val-visdende-a-sappada-il-12-luglio-la-prima-edizione-della-peralba-marathon\/","title":{"rendered":"Dalla Val Visdende a Sappada: il 12 luglio la prima edizione della Peralba Marathon"},"content":{"rendered":"<p><a href=\"http:\/\/www.bellunopress.it\/wp-content\/uploads\/2009\/06\/peralba-leggera.jpg\"><img loading=\"lazy\" decoding=\"async\" class=\"alignleft size-medium wp-image-4442\" title=\"peralba-leggera\" src=\"http:\/\/www.bellunopress.it\/wp-content\/uploads\/2009\/06\/peralba-leggera.jpg\" alt=\"\" width=\"270\" height=\"180\" \/><\/a> Sono due i percorsi a disposizione dei concorrenti, 25 e 20 chilometri, per una manifestazione podistica che l&#8217;associazione sportiva Camosci di Sappada propone in sinergia con Club Alpino Italiano, Soccorso Alpino, Guardia di Finanza, Corpo Forestale dello Stato, Carabinieri e Associazione nazionale Alpini, per ricordare i tre giovani sappadini amanti delle loro montagne scomparsi prematuramente lo scorso anno: Simone Piller Hoffer, Beatrice Kratter e Matteo Piller Roner.<br \/>\nSi tratta di un evento aperto a tutti che unir\u00e0 la Val Visdende a Sappada, avendo come fulcro il Monte Peralba e snodandosi sui sentieri della Grande Guerra. Due saranno i percorsi a disposizione dei concorrenti: il Peralba Maxi Marathon, che propone uno sviluppo di 25 chilometri per complessivi 2.650 metri di dislivello, e il Peralba Mini Marathon, di 20 chilometri, con un dislivello di 1.550 chilometri.<br \/>\nIl primo tracciato, molto duro e spettacolare, \u00e8 adatto ad atleti preparati a grandi fatiche. Il secondo, invece, \u00e8 pi\u00f9 agevole e adatto agli amanti delle camminate in montagna e della natura incontaminata. I percorsi sono stati studiati e testati anche in collaborazione con tre glorie dello sci di fondo del Comelico e di Sappada, vale a dire Maurilio De Zolt, Silvio Fauner e Pietro Piller Cottrer, nonch\u00e9 da un atleta sappadino specialista delle sky-race, Matteo Piller Hoffer.<br \/>\nUn&#8217;occasione di sport e scoperta di panorami, la prima edizione della Peralba Marathon, manifestazione che si propone di essere un costante punto di riferimento\u00a0 delle estati sappadine e del panorama della corsa in montagna del futuro.<br \/>\n<strong>Per informazioni <\/strong>dettagliate su percorsi, regolamenti e iscrizioni (gi\u00e0 aperte) si pu\u00f2 consultare il sito www.peralbamarathon.it oppure telefonare al 340. 2518306<\/p>","protected":false},"excerpt":{"rendered":"<p>Sono due i percorsi a disposizione dei concorrenti, 25 e 20 chilometri, per una manifestazione podistica che l&#8217;associazione sportiva Camosci di Sappada propone in sinergia con Club Alpino Italiano, Soccorso Alpino, Guardia di Finanza, Corpo Forestale dello Stato, Carabinieri e Associazione nazionale Alpini, per ricordare i tre giovani sappadini amanti delle loro montagne scomparsi prematuramente [&hellip;]<\/p>\n","protected":false},"author":2,"featured_media":0,"comment_status":"closed","ping_status":"open","sticky":false,"template":"","format":"standard","meta":{"footnotes":""},"categories":[27,38,4],"tags":[139],"class_list":["post-4441","post","type-post","status-publish","format-standard","category-appuntamenti","category-natura-ambiente","category-sport","tag-belluno"],"yoast_head":"<!-- This site is optimized with the Yoast SEO plugin v28.4 - https:\/\/yoast.com\/product\/yoast-seo-wordpress\/ -->\n<title>Dalla Val Visdende a Sappada: il 12 luglio la prima edizione della Peralba Marathon - Bellunopress - Dolomiti<\/title>\n<meta name=\"robots\" content=\"index, follow, max-snippet:-1, max-image-preview:large, max-video-preview:-1\" \/>\n<link rel=\"canonical\" href=\"https:\/\/www.bellunopress.it\/fr\/2009\/06\/04\/dalla-val-visdende-a-sappada-il-12-luglio-la-prima-edizione-della-peralba-marathon\/\" \/>\n<meta property=\"og:locale\" content=\"fr_FR\" \/>\n<meta property=\"og:type\" content=\"article\" \/>\n<meta property=\"og:title\" content=\"Dalla Val Visdende a Sappada: il 12 luglio la prima edizione della Peralba Marathon - Bellunopress - Dolomiti\" \/>\n<meta property=\"og:description\" content=\"Sono due i percorsi a disposizione dei concorrenti, 25 e 20 chilometri, per una manifestazione podistica che l&#8217;associazione sportiva Camosci di Sappada propone in sinergia con Club Alpino Italiano, Soccorso Alpino, Guardia di Finanza, Corpo Forestale dello Stato, Carabinieri e Associazione nazionale Alpini, per ricordare i tre giovani sappadini amanti delle loro montagne scomparsi prematuramente [&hellip;]\" \/>\n<meta property=\"og:url\" content=\"https:\/\/www.bellunopress.it\/fr\/2009\/06\/04\/dalla-val-visdende-a-sappada-il-12-luglio-la-prima-edizione-della-peralba-marathon\/\" \/>\n<meta property=\"og:site_name\" content=\"Bellunopress - Dolomiti\" \/>\n<meta property=\"article:publisher\" content=\"https:\/\/www.facebook.com\/profile.php?id=100008943462799\" \/>\n<meta property=\"article:published_time\" content=\"2009-06-04T21:01:03+00:00\" \/>\n<meta property=\"og:image\" content=\"http:\/\/www.bellunopress.it\/wp-content\/uploads\/2009\/06\/peralba-leggera.jpg\" \/>\n<meta name=\"author\" content=\"redazione\" \/>\n<meta name=\"twitter:card\" content=\"summary_large_image\" \/>\n<meta name=\"twitter:creator\" content=\"@bellunopress\" \/>\n<meta name=\"twitter:site\" content=\"@bellunopress\" \/>\n<meta name=\"twitter:label1\" content=\"Written by\" \/>\n\t<meta name=\"twitter:data1\" content=\"redazione\" \/>\n\t<meta name=\"twitter:label2\" content=\"Est. reading time\" \/>\n\t<meta name=\"twitter:data2\" content=\"1 minute\" \/>\n<script type=\"application\/ld+json\" class=\"yoast-schema-graph\">{\"@context\":\"https:\\\/\\\/schema.org\",\"@graph\":[{\"@type\":\"Article\",\"@id\":\"https:\\\/\\\/www.bellunopress.it\\\/2009\\\/06\\\/04\\\/dalla-val-visdende-a-sappada-il-12-luglio-la-prima-edizione-della-peralba-marathon\\\/#article\",\"isPartOf\":{\"@id\":\"https:\\\/\\\/www.bellunopress.it\\\/2009\\\/06\\\/04\\\/dalla-val-visdende-a-sappada-il-12-luglio-la-prima-edizione-della-peralba-marathon\\\/\"},\"author\":{\"name\":\"redazione\",\"@id\":\"https:\\\/\\\/www.bellunopress.it\\\/#\\\/schema\\\/person\\\/79bb06722b37ece1c03d3e94beb30d73\"},\"headline\":\"Dalla Val Visdende a Sappada: il 12 luglio la prima edizione della Peralba Marathon\",\"datePublished\":\"2009-06-04T21:01:03+00:00\",\"mainEntityOfPage\":{\"@id\":\"https:\\\/\\\/www.bellunopress.it\\\/2009\\\/06\\\/04\\\/dalla-val-visdende-a-sappada-il-12-luglio-la-prima-edizione-della-peralba-marathon\\\/\"},\"wordCount\":276,\"publisher\":{\"@id\":\"https:\\\/\\\/www.bellunopress.it\\\/#organization\"},\"image\":{\"@id\":\"https:\\\/\\\/www.bellunopress.it\\\/2009\\\/06\\\/04\\\/dalla-val-visdende-a-sappada-il-12-luglio-la-prima-edizione-della-peralba-marathon\\\/#primaryimage\"},\"thumbnailUrl\":\"http:\\\/\\\/www.bellunopress.it\\\/wp-content\\\/uploads\\\/2009\\\/06\\\/peralba-leggera.jpg\",\"keywords\":[\"Belluno\"],\"articleSection\":[\"Appuntamenti, Eventi\",\"Meteo, natura, ambiente, animali\",\"Sport, tempo libero\"],\"inLanguage\":\"fr-FR\"},{\"@type\":\"WebPage\",\"@id\":\"https:\\\/\\\/www.bellunopress.it\\\/2009\\\/06\\\/04\\\/dalla-val-visdende-a-sappada-il-12-luglio-la-prima-edizione-della-peralba-marathon\\\/\",\"url\":\"https:\\\/\\\/www.bellunopress.it\\\/2009\\\/06\\\/04\\\/dalla-val-visdende-a-sappada-il-12-luglio-la-prima-edizione-della-peralba-marathon\\\/\",\"name\":\"Dalla Val Visdende a Sappada: il 12 luglio la prima edizione della Peralba Marathon - Bellunopress - Dolomiti\",\"isPartOf\":{\"@id\":\"https:\\\/\\\/www.bellunopress.it\\\/#website\"},\"primaryImageOfPage\":{\"@id\":\"https:\\\/\\\/www.bellunopress.it\\\/2009\\\/06\\\/04\\\/dalla-val-visdende-a-sappada-il-12-luglio-la-prima-edizione-della-peralba-marathon\\\/#primaryimage\"},\"image\":{\"@id\":\"https:\\\/\\\/www.bellunopress.it\\\/2009\\\/06\\\/04\\\/dalla-val-visdende-a-sappada-il-12-luglio-la-prima-edizione-della-peralba-marathon\\\/#primaryimage\"},\"thumbnailUrl\":\"http:\\\/\\\/www.bellunopress.it\\\/wp-content\\\/uploads\\\/2009\\\/06\\\/peralba-leggera.jpg\",\"datePublished\":\"2009-06-04T21:01:03+00:00\",\"breadcrumb\":{\"@id\":\"https:\\\/\\\/www.bellunopress.it\\\/2009\\\/06\\\/04\\\/dalla-val-visdende-a-sappada-il-12-luglio-la-prima-edizione-della-peralba-marathon\\\/#breadcrumb\"},\"inLanguage\":\"fr-FR\",\"potentialAction\":[{\"@type\":\"ReadAction\",\"target\":[\"https:\\\/\\\/www.bellunopress.it\\\/2009\\\/06\\\/04\\\/dalla-val-visdende-a-sappada-il-12-luglio-la-prima-edizione-della-peralba-marathon\\\/\"]}]},{\"@type\":\"ImageObject\",\"inLanguage\":\"fr-FR\",\"@id\":\"https:\\\/\\\/www.bellunopress.it\\\/2009\\\/06\\\/04\\\/dalla-val-visdende-a-sappada-il-12-luglio-la-prima-edizione-della-peralba-marathon\\\/#primaryimage\",\"url\":\"http:\\\/\\\/www.bellunopress.it\\\/wp-content\\\/uploads\\\/2009\\\/06\\\/peralba-leggera.jpg\",\"contentUrl\":\"http:\\\/\\\/www.bellunopress.it\\\/wp-content\\\/uploads\\\/2009\\\/06\\\/peralba-leggera.jpg\"},{\"@type\":\"BreadcrumbList\",\"@id\":\"https:\\\/\\\/www.bellunopress.it\\\/2009\\\/06\\\/04\\\/dalla-val-visdende-a-sappada-il-12-luglio-la-prima-edizione-della-peralba-marathon\\\/#breadcrumb\",\"itemListElement\":[{\"@type\":\"ListItem\",\"position\":1,\"name\":\"Home\",\"item\":\"https:\\\/\\\/www.bellunopress.it\\\/\"},{\"@type\":\"ListItem\",\"position\":2,\"name\":\"Dalla Val Visdende a Sappada: il 12 luglio la prima edizione della Peralba Marathon\"}]},{\"@type\":\"WebSite\",\"@id\":\"https:\\\/\\\/www.bellunopress.it\\\/#website\",\"url\":\"https:\\\/\\\/www.bellunopress.it\\\/\",\"name\":\"Bellunopress - Dolomiti\",\"description\":\"e-mail: redazione@bellunopress.it\",\"publisher\":{\"@id\":\"https:\\\/\\\/www.bellunopress.it\\\/#organization\"},\"potentialAction\":[{\"@type\":\"SearchAction\",\"target\":{\"@type\":\"EntryPoint\",\"urlTemplate\":\"https:\\\/\\\/www.bellunopress.it\\\/?s={search_term_string}\"},\"query-input\":{\"@type\":\"PropertyValueSpecification\",\"valueRequired\":true,\"valueName\":\"search_term_string\"}}],\"inLanguage\":\"fr-FR\"},{\"@type\":\"Organization\",\"@id\":\"https:\\\/\\\/www.bellunopress.it\\\/#organization\",\"name\":\"Bellunopress\",\"url\":\"https:\\\/\\\/www.bellunopress.it\\\/\",\"logo\":{\"@type\":\"ImageObject\",\"inLanguage\":\"fr-FR\",\"@id\":\"https:\\\/\\\/www.bellunopress.it\\\/#\\\/schema\\\/logo\\\/image\\\/\",\"url\":\"https:\\\/\\\/www.bellunopress.it\\\/wp-content\\\/uploads\\\/2011\\\/05\\\/cropped-logo-bellunopress-.jpg\",\"contentUrl\":\"https:\\\/\\\/www.bellunopress.it\\\/wp-content\\\/uploads\\\/2011\\\/05\\\/cropped-logo-bellunopress-.jpg\",\"width\":512,\"height\":512,\"caption\":\"Bellunopress\"},\"image\":{\"@id\":\"https:\\\/\\\/www.bellunopress.it\\\/#\\\/schema\\\/logo\\\/image\\\/\"},\"sameAs\":[\"https:\\\/\\\/www.facebook.com\\\/profile.php?id=100008943462799\",\"https:\\\/\\\/x.com\\\/bellunopress\",\"https:\\\/\\\/www.linkedin.com\\\/hp\\\/?dnr=JBzUWaJfMUw8vbXJJ2tVW5-I3jZKvC4wsoxE&amp;amp;amp;amp;amp;amp;trk=nav_responsive_tab_home\",\"https:\\\/\\\/www.youtube.com\\\/channel\\\/UCxL0wu1uN0_3_7hGG0306cw\"]},{\"@type\":\"Person\",\"@id\":\"https:\\\/\\\/www.bellunopress.it\\\/#\\\/schema\\\/person\\\/79bb06722b37ece1c03d3e94beb30d73\",\"name\":\"redazione\",\"image\":{\"@type\":\"ImageObject\",\"inLanguage\":\"fr-FR\",\"@id\":\"https:\\\/\\\/secure.gravatar.com\\\/avatar\\\/37d968a2e67a6fd04c169c4bdef102d0bc5d31b2546345219e348575eb80e9a0?s=96&d=mm&r=g\",\"url\":\"https:\\\/\\\/secure.gravatar.com\\\/avatar\\\/37d968a2e67a6fd04c169c4bdef102d0bc5d31b2546345219e348575eb80e9a0?s=96&d=mm&r=g\",\"contentUrl\":\"https:\\\/\\\/secure.gravatar.com\\\/avatar\\\/37d968a2e67a6fd04c169c4bdef102d0bc5d31b2546345219e348575eb80e9a0?s=96&d=mm&r=g\",\"caption\":\"redazione\"},\"sameAs\":[\"http:\\\/\\\/www.bellunopress.it\",\"https:\\\/\\\/x.com\\\/bellunopress\"],\"url\":\"https:\\\/\\\/www.bellunopress.it\\\/fr\\\/author\\\/redazione\\\/\"}]}<\/script>\n<!-- \/ Yoast SEO plugin. -->","yoast_head_json":{"title":"Dalla Val Visdende a Sappada: il 12 luglio la prima edizione della Peralba Marathon - Bellunopress - Dolomiti","robots":{"index":"index","follow":"follow","max-snippet":"max-snippet:-1","max-image-preview":"max-image-preview:large","max-video-preview":"max-video-preview:-1"},"canonical":"https:\/\/www.bellunopress.it\/fr\/2009\/06\/04\/dalla-val-visdende-a-sappada-il-12-luglio-la-prima-edizione-della-peralba-marathon\/","og_locale":"fr_FR","og_type":"article","og_title":"Dalla Val Visdende a Sappada: il 12 luglio la prima edizione della Peralba Marathon - Bellunopress - Dolomiti","og_description":"Sono due i percorsi a disposizione dei concorrenti, 25 e 20 chilometri, per una manifestazione podistica che l&#8217;associazione sportiva Camosci di Sappada propone in sinergia con Club Alpino Italiano, Soccorso Alpino, Guardia di Finanza, Corpo Forestale dello Stato, Carabinieri e Associazione nazionale Alpini, per ricordare i tre giovani sappadini amanti delle loro montagne scomparsi prematuramente [&hellip;]","og_url":"https:\/\/www.bellunopress.it\/fr\/2009\/06\/04\/dalla-val-visdende-a-sappada-il-12-luglio-la-prima-edizione-della-peralba-marathon\/","og_site_name":"Bellunopress - Dolomiti","article_publisher":"https:\/\/www.facebook.com\/profile.php?id=100008943462799","article_published_time":"2009-06-04T21:01:03+00:00","og_image":[{"url":"http:\/\/www.bellunopress.it\/wp-content\/uploads\/2009\/06\/peralba-leggera.jpg","type":"","width":"","height":""}],"author":"redazione","twitter_card":"summary_large_image","twitter_creator":"@bellunopress","twitter_site":"@bellunopress","twitter_misc":{"Written by":"redazione","Est. reading time":"1 minute"},"schema":{"@context":"https:\/\/schema.org","@graph":[{"@type":"Article","@id":"https:\/\/www.bellunopress.it\/2009\/06\/04\/dalla-val-visdende-a-sappada-il-12-luglio-la-prima-edizione-della-peralba-marathon\/#article","isPartOf":{"@id":"https:\/\/www.bellunopress.it\/2009\/06\/04\/dalla-val-visdende-a-sappada-il-12-luglio-la-prima-edizione-della-peralba-marathon\/"},"author":{"name":"redazione","@id":"https:\/\/www.bellunopress.it\/#\/schema\/person\/79bb06722b37ece1c03d3e94beb30d73"},"headline":"Dalla Val Visdende a Sappada: il 12 luglio la prima edizione della Peralba Marathon","datePublished":"2009-06-04T21:01:03+00:00","mainEntityOfPage":{"@id":"https:\/\/www.bellunopress.it\/2009\/06\/04\/dalla-val-visdende-a-sappada-il-12-luglio-la-prima-edizione-della-peralba-marathon\/"},"wordCount":276,"publisher":{"@id":"https:\/\/www.bellunopress.it\/#organization"},"image":{"@id":"https:\/\/www.bellunopress.it\/2009\/06\/04\/dalla-val-visdende-a-sappada-il-12-luglio-la-prima-edizione-della-peralba-marathon\/#primaryimage"},"thumbnailUrl":"http:\/\/www.bellunopress.it\/wp-content\/uploads\/2009\/06\/peralba-leggera.jpg","keywords":["Belluno"],"articleSection":["Appuntamenti, Eventi","Meteo, natura, ambiente, animali","Sport, tempo libero"],"inLanguage":"fr-FR"},{"@type":"WebPage","@id":"https:\/\/www.bellunopress.it\/2009\/06\/04\/dalla-val-visdende-a-sappada-il-12-luglio-la-prima-edizione-della-peralba-marathon\/","url":"https:\/\/www.bellunopress.it\/2009\/06\/04\/dalla-val-visdende-a-sappada-il-12-luglio-la-prima-edizione-della-peralba-marathon\/","name":"Dalla Val Visdende a Sappada: il 12 luglio la prima edizione della Peralba Marathon - Bellunopress - Dolomiti","isPartOf":{"@id":"https:\/\/www.bellunopress.it\/#website"},"primaryImageOfPage":{"@id":"https:\/\/www.bellunopress.it\/2009\/06\/04\/dalla-val-visdende-a-sappada-il-12-luglio-la-prima-edizione-della-peralba-marathon\/#primaryimage"},"image":{"@id":"https:\/\/www.bellunopress.it\/2009\/06\/04\/dalla-val-visdende-a-sappada-il-12-luglio-la-prima-edizione-della-peralba-marathon\/#primaryimage"},"thumbnailUrl":"http:\/\/www.bellunopress.it\/wp-content\/uploads\/2009\/06\/peralba-leggera.jpg","datePublished":"2009-06-04T21:01:03+00:00","breadcrumb":{"@id":"https:\/\/www.bellunopress.it\/2009\/06\/04\/dalla-val-visdende-a-sappada-il-12-luglio-la-prima-edizione-della-peralba-marathon\/#breadcrumb"},"inLanguage":"fr-FR","potentialAction":[{"@type":"ReadAction","target":["https:\/\/www.bellunopress.it\/2009\/06\/04\/dalla-val-visdende-a-sappada-il-12-luglio-la-prima-edizione-della-peralba-marathon\/"]}]},{"@type":"ImageObject","inLanguage":"fr-FR","@id":"https:\/\/www.bellunopress.it\/2009\/06\/04\/dalla-val-visdende-a-sappada-il-12-luglio-la-prima-edizione-della-peralba-marathon\/#primaryimage","url":"http:\/\/www.bellunopress.it\/wp-content\/uploads\/2009\/06\/peralba-leggera.jpg","contentUrl":"http:\/\/www.bellunopress.it\/wp-content\/uploads\/2009\/06\/peralba-leggera.jpg"},{"@type":"BreadcrumbList","@id":"https:\/\/www.bellunopress.it\/2009\/06\/04\/dalla-val-visdende-a-sappada-il-12-luglio-la-prima-edizione-della-peralba-marathon\/#breadcrumb","itemListElement":[{"@type":"ListItem","position":1,"name":"Home","item":"https:\/\/www.bellunopress.it\/"},{"@type":"ListItem","position":2,"name":"Dalla Val Visdende a Sappada: il 12 luglio la prima edizione della Peralba Marathon"}]},{"@type":"WebSite","@id":"https:\/\/www.bellunopress.it\/#website","url":"https:\/\/www.bellunopress.it\/","name":"Bellunopress - Dolomiti","description":"e-mail: redazione@bellunopress.it","publisher":{"@id":"https:\/\/www.bellunopress.it\/#organization"},"potentialAction":[{"@type":"SearchAction","target":{"@type":"EntryPoint","urlTemplate":"https:\/\/www.bellunopress.it\/?s={search_term_string}"},"query-input":{"@type":"PropertyValueSpecification","valueRequired":true,"valueName":"search_term_string"}}],"inLanguage":"fr-FR"},{"@type":"Organization","@id":"https:\/\/www.bellunopress.it\/#organization","name":"Bellunopress","url":"https:\/\/www.bellunopress.it\/","logo":{"@type":"ImageObject","inLanguage":"fr-FR","@id":"https:\/\/www.bellunopress.it\/#\/schema\/logo\/image\/","url":"https:\/\/www.bellunopress.it\/wp-content\/uploads\/2011\/05\/cropped-logo-bellunopress-.jpg","contentUrl":"https:\/\/www.bellunopress.it\/wp-content\/uploads\/2011\/05\/cropped-logo-bellunopress-.jpg","width":512,"height":512,"caption":"Bellunopress"},"image":{"@id":"https:\/\/www.bellunopress.it\/#\/schema\/logo\/image\/"},"sameAs":["https:\/\/www.facebook.com\/profile.php?id=100008943462799","https:\/\/x.com\/bellunopress","https:\/\/www.linkedin.com\/hp\/?dnr=JBzUWaJfMUw8vbXJJ2tVW5-I3jZKvC4wsoxE&amp;amp;amp;amp;amp;amp;trk=nav_responsive_tab_home","https:\/\/www.youtube.com\/channel\/UCxL0wu1uN0_3_7hGG0306cw"]},{"@type":"Person","@id":"https:\/\/www.bellunopress.it\/#\/schema\/person\/79bb06722b37ece1c03d3e94beb30d73","name":"r\u00e9daction","image":{"@type":"ImageObject","inLanguage":"fr-FR","@id":"https:\/\/secure.gravatar.com\/avatar\/37d968a2e67a6fd04c169c4bdef102d0bc5d31b2546345219e348575eb80e9a0?s=96&d=mm&r=g","url":"https:\/\/secure.gravatar.com\/avatar\/37d968a2e67a6fd04c169c4bdef102d0bc5d31b2546345219e348575eb80e9a0?s=96&d=mm&r=g","contentUrl":"https:\/\/secure.gravatar.com\/avatar\/37d968a2e67a6fd04c169c4bdef102d0bc5d31b2546345219e348575eb80e9a0?s=96&d=mm&r=g","caption":"redazione"},"sameAs":["http:\/\/www.bellunopress.it","https:\/\/x.com\/bellunopress"],"url":"https:\/\/www.bellunopress.it\/fr\/author\/redazione\/"}]}},"_links":{"self":[{"href":"https:\/\/www.bellunopress.it\/fr\/wp-json\/wp\/v2\/posts\/4441","targetHints":{"allow":["GET"]}}],"collection":[{"href":"https:\/\/www.bellunopress.it\/fr\/wp-json\/wp\/v2\/posts"}],"about":[{"href":"https:\/\/www.bellunopress.it\/fr\/wp-json\/wp\/v2\/types\/post"}],"author":[{"embeddable":true,"href":"https:\/\/www.bellunopress.it\/fr\/wp-json\/wp\/v2\/users\/2"}],"replies":[{"embeddable":true,"href":"https:\/\/www.bellunopress.it\/fr\/wp-json\/wp\/v2\/comments?post=4441"}],"version-history":[{"count":1,"href":"https:\/\/www.bellunopress.it\/fr\/wp-json\/wp\/v2\/posts\/4441\/revisions"}],"predecessor-version":[{"id":4443,"href":"https:\/\/www.bellunopress.it\/fr\/wp-json\/wp\/v2\/posts\/4441\/revisions\/4443"}],"wp:attachment":[{"href":"https:\/\/www.bellunopress.it\/fr\/wp-json\/wp\/v2\/media?parent=4441"}],"wp:term":[{"taxonomy":"category","embeddable":true,"href":"https:\/\/www.bellunopress.it\/fr\/wp-json\/wp\/v2\/categories?post=4441"},{"taxonomy":"post_tag","embeddable":true,"href":"https:\/\/www.bellunopress.it\/fr\/wp-json\/wp\/v2\/tags?post=4441"}],"curies":[{"name":"wp","href":"https:\/\/api.w.org\/{rel}","templated":true}]}}