{"id":44407,"date":"2012-12-02T15:54:12","date_gmt":"2012-12-02T14:54:12","guid":{"rendered":"http:\/\/www.bellunopress.it\/?p=44407"},"modified":"2012-12-02T15:55:25","modified_gmt":"2012-12-02T14:55:25","slug":"bard-incontro-con-il-sindaco-di-sarentino-franz-thomas-locher-molti-ministri-europei-allagricoltura-sono-passati-senza-lasciar-segno-mentre-i-contadini-sudtirolesi-sono-ancora-sulle-loro","status":"publish","type":"post","link":"https:\/\/www.bellunopress.it\/fr\/2012\/12\/02\/bard-incontro-con-il-sindaco-di-sarentino-franz-thomas-locher-molti-ministri-europei-allagricoltura-sono-passati-senza-lasciar-segno-mentre-i-contadini-sudtirolesi-sono-ancora-sulle-loro\/","title":{"rendered":"Bard. Incontro con il sindaco di Sarentino Franz Thomas Locher: &#8220;molti ministri europei all\u2019agricoltura sono passati senza lasciar segno, mentre i contadini Sudtirolesi sono ancora sulle loro montagne&#8221;"},"content":{"rendered":"<p><a href=\"http:\/\/www.bellunopress.it\/wp-content\/uploads\/2010\/10\/belluno-provincia-autonoma.jpg\"><img loading=\"lazy\" decoding=\"async\" class=\"alignleft size-full wp-image-20159\" title=\"belluno-provincia-autonoma\" src=\"http:\/\/www.bellunopress.it\/wp-content\/uploads\/2010\/10\/belluno-provincia-autonoma.jpg\" alt=\"\" width=\"280\" height=\"199\" \/><\/a>Non solo agricoltura all\u2019incontro di venerd\u00ec organizzato a Sedico dal Bard. Il Sindaco di Sarentino\/Sarntal, Franz Thomas Locher, ha evidenziato il valore attuale dell\u2019istituto secolare del \u2018maso\u2019, che coniuga tradizione, esperienza ed innovazione. Infatti gran parte delle aziende agricole locali sono dotate di attrezzature computerizzate all\u2019avanguardia. In tal modo le 186 attivit\u00e0 presenti nel comprensorio possono conferire latte di ottima qualit\u00e0 alla cooperativa Mila con la massima redditivit\u00e0. Orgogliosamente Locher, anch\u2019egli allevatore, ha ricordato che molti ministri europei all\u2019agricoltura sono passati senza lasciar segno del proprio operato mentre i contadini Sudtirolesi sono ancora sulle loro montagne incrementando cos\u00ec anche il turismo e facendo effettiva prevenzione ambientale.<\/p>\n<p>Il segretario del Sindaco s\u2019\u00e8 soffermato sull\u2019organizzazione comunale, efficiente in ogni campo della vita comunitaria, dall\u2019artigianato all\u2019istruzione, dal campo forestale alla previdenza. Ci\u00f2 \u00e8 dovuto, ha affermato, alla visione del Governo provinciale tutta improntata alla salvaguardia del territorio montano e al mantenimento in loco della popolazione.<\/p>\n<p>L\u2019intervento di Diego Cason ha fatto risaltare, grazie al supporto di specifiche, inedite diapositive, le similarit\u00e0 dei territori bellunese, trentino e sudtirolese in ambito forestale, agricolo e colturale ma la loro drammatica distanza in ordine ai risultati economici che ne derivano: ottimizzati nelle Province autonome, minimi da noi. Ci\u00f2 \u00e8 dovuto chiaramente alle politiche economiche che la Regione Veneto attua anche in campo agricolo, tutte mirate ad un ambito di pianura, che ci sono del tutto estranee ma che vengono attuate anche da noi, coi risultati che constatiamo.<\/p>\n<p>Sono seguiti interventi di vari nostri conterranei impegnati in agricoltura, dal Presidente della locale latteria cooperativa (tre soli conferenti), ad un volenteroso nuovo imprenditore multifunzionale (allevamento, produzione di formaggio, miele, ecc) all\u2019esperienza innovatrice di Marta Zampieri, allevatrice di capre da cashmere; tutti accomunati da un denominatore comune: marginalit\u00e0 dell\u2019attivit\u00e0, dovuta alla parcellizzazione della propriet\u00e0, alla difficolt\u00e0 di ottenere credito, alla confusione regolamentare unita ad una burocrazia esacerbata.<\/p>\n<p>Il pubblico, tra cui molti allevatori, ha seguito con interesse i relatori, intervenendo con acutezza nella successiva discussione.<\/p>\n<p>Alla fine sono stati donati agli ospiti sudtirolesi una scelta di formaggi della latteria sociale di Sedico e una bottiglia di Cuss, il vino prodotto da Marco De Bacco a Seren del Grappa, recentemente premiato al prestigioso concorso di vini di montagna ad Aymavilles (Valle d\u2019Aosta\/Vall\u00e9e d\u2019Aoste).<\/p>\n<p>&nbsp;<\/p>","protected":false},"excerpt":{"rendered":"<p>Non solo agricoltura all\u2019incontro di venerd\u00ec organizzato a Sedico dal Bard. Il Sindaco di Sarentino\/Sarntal, Franz Thomas Locher, ha evidenziato il valore attuale dell\u2019istituto secolare del \u2018maso\u2019, che coniuga tradizione, esperienza ed innovazione. Infatti gran parte delle aziende agricole locali sono dotate di attrezzature computerizzate all\u2019avanguardia. In tal modo le 186 attivit\u00e0 presenti nel comprensorio [&hellip;]<\/p>\n","protected":false},"author":2,"featured_media":0,"comment_status":"closed","ping_status":"open","sticky":false,"template":"","format":"standard","meta":{"footnotes":""},"categories":[5,26],"tags":[],"class_list":["post-44407","post","type-post","status-publish","format-standard","category-cronaca","category-prima-pagina"],"yoast_head":"<!-- This site is optimized with the Yoast SEO plugin v28.4 - https:\/\/yoast.com\/product\/yoast-seo-wordpress\/ -->\n<title>Bard. Incontro con il sindaco di Sarentino Franz Thomas Locher: &quot;molti ministri europei all\u2019agricoltura sono passati senza lasciar segno, mentre i contadini Sudtirolesi sono ancora sulle loro montagne&quot;  - Bellunopress - Dolomiti<\/title>\n<meta name=\"robots\" content=\"index, follow, max-snippet:-1, max-image-preview:large, max-video-preview:-1\" \/>\n<link rel=\"canonical\" href=\"https:\/\/www.bellunopress.it\/fr\/2012\/12\/02\/bard-incontro-con-il-sindaco-di-sarentino-franz-thomas-locher-molti-ministri-europei-allagricoltura-sono-passati-senza-lasciar-segno-mentre-i-contadini-sudtirolesi-sono-ancora-sulle-loro\/\" \/>\n<meta property=\"og:locale\" content=\"fr_FR\" \/>\n<meta property=\"og:type\" content=\"article\" \/>\n<meta property=\"og:title\" content=\"Bard. Incontro con il sindaco di Sarentino Franz Thomas Locher: &quot;molti ministri europei all\u2019agricoltura sono passati senza lasciar segno, mentre i contadini Sudtirolesi sono ancora sulle loro montagne&quot;  - Bellunopress - Dolomiti\" \/>\n<meta property=\"og:description\" content=\"Non solo agricoltura all\u2019incontro di venerd\u00ec organizzato a Sedico dal Bard. Il Sindaco di Sarentino\/Sarntal, Franz Thomas Locher, ha evidenziato il valore attuale dell\u2019istituto secolare del \u2018maso\u2019, che coniuga tradizione, esperienza ed innovazione. Infatti gran parte delle aziende agricole locali sono dotate di attrezzature computerizzate all\u2019avanguardia. In tal modo le 186 attivit\u00e0 presenti nel comprensorio [&hellip;]\" \/>\n<meta property=\"og:url\" content=\"https:\/\/www.bellunopress.it\/fr\/2012\/12\/02\/bard-incontro-con-il-sindaco-di-sarentino-franz-thomas-locher-molti-ministri-europei-allagricoltura-sono-passati-senza-lasciar-segno-mentre-i-contadini-sudtirolesi-sono-ancora-sulle-loro\/\" \/>\n<meta property=\"og:site_name\" content=\"Bellunopress - Dolomiti\" \/>\n<meta property=\"article:publisher\" content=\"https:\/\/www.facebook.com\/profile.php?id=100008943462799\" \/>\n<meta property=\"article:published_time\" content=\"2012-12-02T14:54:12+00:00\" \/>\n<meta property=\"article:modified_time\" content=\"2012-12-02T14:55:25+00:00\" \/>\n<meta property=\"og:image\" content=\"http:\/\/www.bellunopress.it\/wp-content\/uploads\/2010\/10\/belluno-provincia-autonoma.jpg\" \/>\n<meta name=\"author\" content=\"redazione\" \/>\n<meta name=\"twitter:card\" content=\"summary_large_image\" \/>\n<meta name=\"twitter:creator\" content=\"@bellunopress\" \/>\n<meta name=\"twitter:site\" content=\"@bellunopress\" \/>\n<meta name=\"twitter:label1\" content=\"\u00c9crit par\" \/>\n\t<meta name=\"twitter:data1\" content=\"redazione\" \/>\n\t<meta name=\"twitter:label2\" content=\"Dur\u00e9e de lecture estim\u00e9e\" \/>\n\t<meta name=\"twitter:data2\" content=\"2 minutes\" \/>\n<script type=\"application\/ld+json\" class=\"yoast-schema-graph\">{\"@context\":\"https:\\\/\\\/schema.org\",\"@graph\":[{\"@type\":\"Article\",\"@id\":\"https:\\\/\\\/www.bellunopress.it\\\/2012\\\/12\\\/02\\\/bard-incontro-con-il-sindaco-di-sarentino-franz-thomas-locher-molti-ministri-europei-allagricoltura-sono-passati-senza-lasciar-segno-mentre-i-contadini-sudtirolesi-sono-ancora-sulle-loro\\\/#article\",\"isPartOf\":{\"@id\":\"https:\\\/\\\/www.bellunopress.it\\\/2012\\\/12\\\/02\\\/bard-incontro-con-il-sindaco-di-sarentino-franz-thomas-locher-molti-ministri-europei-allagricoltura-sono-passati-senza-lasciar-segno-mentre-i-contadini-sudtirolesi-sono-ancora-sulle-loro\\\/\"},\"author\":{\"name\":\"redazione\",\"@id\":\"https:\\\/\\\/www.bellunopress.it\\\/#\\\/schema\\\/person\\\/79bb06722b37ece1c03d3e94beb30d73\"},\"headline\":\"Bard. Incontro con il sindaco di Sarentino Franz Thomas Locher: &#8220;molti ministri europei all\u2019agricoltura sono passati senza lasciar segno, mentre i contadini Sudtirolesi sono ancora sulle loro montagne&#8221;\",\"datePublished\":\"2012-12-02T14:54:12+00:00\",\"dateModified\":\"2012-12-02T14:55:25+00:00\",\"mainEntityOfPage\":{\"@id\":\"https:\\\/\\\/www.bellunopress.it\\\/2012\\\/12\\\/02\\\/bard-incontro-con-il-sindaco-di-sarentino-franz-thomas-locher-molti-ministri-europei-allagricoltura-sono-passati-senza-lasciar-segno-mentre-i-contadini-sudtirolesi-sono-ancora-sulle-loro\\\/\"},\"wordCount\":415,\"publisher\":{\"@id\":\"https:\\\/\\\/www.bellunopress.it\\\/#organization\"},\"image\":{\"@id\":\"https:\\\/\\\/www.bellunopress.it\\\/2012\\\/12\\\/02\\\/bard-incontro-con-il-sindaco-di-sarentino-franz-thomas-locher-molti-ministri-europei-allagricoltura-sono-passati-senza-lasciar-segno-mentre-i-contadini-sudtirolesi-sono-ancora-sulle-loro\\\/#primaryimage\"},\"thumbnailUrl\":\"http:\\\/\\\/www.bellunopress.it\\\/wp-content\\\/uploads\\\/2010\\\/10\\\/belluno-provincia-autonoma.jpg\",\"articleSection\":[\"Cronaca\\\/Politica\",\"Prima Pagina\"],\"inLanguage\":\"fr-FR\"},{\"@type\":\"WebPage\",\"@id\":\"https:\\\/\\\/www.bellunopress.it\\\/2012\\\/12\\\/02\\\/bard-incontro-con-il-sindaco-di-sarentino-franz-thomas-locher-molti-ministri-europei-allagricoltura-sono-passati-senza-lasciar-segno-mentre-i-contadini-sudtirolesi-sono-ancora-sulle-loro\\\/\",\"url\":\"https:\\\/\\\/www.bellunopress.it\\\/2012\\\/12\\\/02\\\/bard-incontro-con-il-sindaco-di-sarentino-franz-thomas-locher-molti-ministri-europei-allagricoltura-sono-passati-senza-lasciar-segno-mentre-i-contadini-sudtirolesi-sono-ancora-sulle-loro\\\/\",\"name\":\"Bard. Incontro con il sindaco di Sarentino Franz Thomas Locher: \\\"molti ministri europei all\u2019agricoltura sono passati senza lasciar segno, mentre i contadini Sudtirolesi sono ancora sulle loro montagne\\\" - Bellunopress - Dolomiti\",\"isPartOf\":{\"@id\":\"https:\\\/\\\/www.bellunopress.it\\\/#website\"},\"primaryImageOfPage\":{\"@id\":\"https:\\\/\\\/www.bellunopress.it\\\/2012\\\/12\\\/02\\\/bard-incontro-con-il-sindaco-di-sarentino-franz-thomas-locher-molti-ministri-europei-allagricoltura-sono-passati-senza-lasciar-segno-mentre-i-contadini-sudtirolesi-sono-ancora-sulle-loro\\\/#primaryimage\"},\"image\":{\"@id\":\"https:\\\/\\\/www.bellunopress.it\\\/2012\\\/12\\\/02\\\/bard-incontro-con-il-sindaco-di-sarentino-franz-thomas-locher-molti-ministri-europei-allagricoltura-sono-passati-senza-lasciar-segno-mentre-i-contadini-sudtirolesi-sono-ancora-sulle-loro\\\/#primaryimage\"},\"thumbnailUrl\":\"http:\\\/\\\/www.bellunopress.it\\\/wp-content\\\/uploads\\\/2010\\\/10\\\/belluno-provincia-autonoma.jpg\",\"datePublished\":\"2012-12-02T14:54:12+00:00\",\"dateModified\":\"2012-12-02T14:55:25+00:00\",\"breadcrumb\":{\"@id\":\"https:\\\/\\\/www.bellunopress.it\\\/2012\\\/12\\\/02\\\/bard-incontro-con-il-sindaco-di-sarentino-franz-thomas-locher-molti-ministri-europei-allagricoltura-sono-passati-senza-lasciar-segno-mentre-i-contadini-sudtirolesi-sono-ancora-sulle-loro\\\/#breadcrumb\"},\"inLanguage\":\"fr-FR\",\"potentialAction\":[{\"@type\":\"ReadAction\",\"target\":[\"https:\\\/\\\/www.bellunopress.it\\\/2012\\\/12\\\/02\\\/bard-incontro-con-il-sindaco-di-sarentino-franz-thomas-locher-molti-ministri-europei-allagricoltura-sono-passati-senza-lasciar-segno-mentre-i-contadini-sudtirolesi-sono-ancora-sulle-loro\\\/\"]}]},{\"@type\":\"ImageObject\",\"inLanguage\":\"fr-FR\",\"@id\":\"https:\\\/\\\/www.bellunopress.it\\\/2012\\\/12\\\/02\\\/bard-incontro-con-il-sindaco-di-sarentino-franz-thomas-locher-molti-ministri-europei-allagricoltura-sono-passati-senza-lasciar-segno-mentre-i-contadini-sudtirolesi-sono-ancora-sulle-loro\\\/#primaryimage\",\"url\":\"http:\\\/\\\/www.bellunopress.it\\\/wp-content\\\/uploads\\\/2010\\\/10\\\/belluno-provincia-autonoma.jpg\",\"contentUrl\":\"http:\\\/\\\/www.bellunopress.it\\\/wp-content\\\/uploads\\\/2010\\\/10\\\/belluno-provincia-autonoma.jpg\"},{\"@type\":\"BreadcrumbList\",\"@id\":\"https:\\\/\\\/www.bellunopress.it\\\/2012\\\/12\\\/02\\\/bard-incontro-con-il-sindaco-di-sarentino-franz-thomas-locher-molti-ministri-europei-allagricoltura-sono-passati-senza-lasciar-segno-mentre-i-contadini-sudtirolesi-sono-ancora-sulle-loro\\\/#breadcrumb\",\"itemListElement\":[{\"@type\":\"ListItem\",\"position\":1,\"name\":\"Home\",\"item\":\"https:\\\/\\\/www.bellunopress.it\\\/\"},{\"@type\":\"ListItem\",\"position\":2,\"name\":\"Bard. Incontro con il sindaco di Sarentino Franz Thomas Locher: &#8220;molti ministri europei all\u2019agricoltura sono passati senza lasciar segno, mentre i contadini Sudtirolesi sono ancora sulle loro montagne&#8221;\"}]},{\"@type\":\"WebSite\",\"@id\":\"https:\\\/\\\/www.bellunopress.it\\\/#website\",\"url\":\"https:\\\/\\\/www.bellunopress.it\\\/\",\"name\":\"Bellunopress - Dolomiti\",\"description\":\"e-mail: redazione@bellunopress.it\",\"publisher\":{\"@id\":\"https:\\\/\\\/www.bellunopress.it\\\/#organization\"},\"potentialAction\":[{\"@type\":\"SearchAction\",\"target\":{\"@type\":\"EntryPoint\",\"urlTemplate\":\"https:\\\/\\\/www.bellunopress.it\\\/?s={search_term_string}\"},\"query-input\":{\"@type\":\"PropertyValueSpecification\",\"valueRequired\":true,\"valueName\":\"search_term_string\"}}],\"inLanguage\":\"fr-FR\"},{\"@type\":\"Organization\",\"@id\":\"https:\\\/\\\/www.bellunopress.it\\\/#organization\",\"name\":\"Bellunopress\",\"url\":\"https:\\\/\\\/www.bellunopress.it\\\/\",\"logo\":{\"@type\":\"ImageObject\",\"inLanguage\":\"fr-FR\",\"@id\":\"https:\\\/\\\/www.bellunopress.it\\\/#\\\/schema\\\/logo\\\/image\\\/\",\"url\":\"https:\\\/\\\/www.bellunopress.it\\\/wp-content\\\/uploads\\\/2011\\\/05\\\/cropped-logo-bellunopress-.jpg\",\"contentUrl\":\"https:\\\/\\\/www.bellunopress.it\\\/wp-content\\\/uploads\\\/2011\\\/05\\\/cropped-logo-bellunopress-.jpg\",\"width\":512,\"height\":512,\"caption\":\"Bellunopress\"},\"image\":{\"@id\":\"https:\\\/\\\/www.bellunopress.it\\\/#\\\/schema\\\/logo\\\/image\\\/\"},\"sameAs\":[\"https:\\\/\\\/www.facebook.com\\\/profile.php?id=100008943462799\",\"https:\\\/\\\/x.com\\\/bellunopress\",\"https:\\\/\\\/www.linkedin.com\\\/hp\\\/?dnr=JBzUWaJfMUw8vbXJJ2tVW5-I3jZKvC4wsoxE&amp;amp;amp;amp;amp;amp;trk=nav_responsive_tab_home\",\"https:\\\/\\\/www.youtube.com\\\/channel\\\/UCxL0wu1uN0_3_7hGG0306cw\"]},{\"@type\":\"Person\",\"@id\":\"https:\\\/\\\/www.bellunopress.it\\\/#\\\/schema\\\/person\\\/79bb06722b37ece1c03d3e94beb30d73\",\"name\":\"redazione\",\"image\":{\"@type\":\"ImageObject\",\"inLanguage\":\"fr-FR\",\"@id\":\"https:\\\/\\\/secure.gravatar.com\\\/avatar\\\/37d968a2e67a6fd04c169c4bdef102d0bc5d31b2546345219e348575eb80e9a0?s=96&d=mm&r=g\",\"url\":\"https:\\\/\\\/secure.gravatar.com\\\/avatar\\\/37d968a2e67a6fd04c169c4bdef102d0bc5d31b2546345219e348575eb80e9a0?s=96&d=mm&r=g\",\"contentUrl\":\"https:\\\/\\\/secure.gravatar.com\\\/avatar\\\/37d968a2e67a6fd04c169c4bdef102d0bc5d31b2546345219e348575eb80e9a0?s=96&d=mm&r=g\",\"caption\":\"redazione\"},\"sameAs\":[\"http:\\\/\\\/www.bellunopress.it\",\"https:\\\/\\\/x.com\\\/bellunopress\"],\"url\":\"https:\\\/\\\/www.bellunopress.it\\\/fr\\\/author\\\/redazione\\\/\"}]}<\/script>\n<!-- \/ Yoast SEO plugin. -->","yoast_head_json":{"title":"Bard. Incontro con il sindaco di Sarentino Franz Thomas Locher: \"molti ministri europei all\u2019agricoltura sono passati senza lasciar segno, mentre i contadini Sudtirolesi sono ancora sulle loro montagne\"  - Bellunopress - Dolomiti","robots":{"index":"index","follow":"follow","max-snippet":"max-snippet:-1","max-image-preview":"max-image-preview:large","max-video-preview":"max-video-preview:-1"},"canonical":"https:\/\/www.bellunopress.it\/fr\/2012\/12\/02\/bard-incontro-con-il-sindaco-di-sarentino-franz-thomas-locher-molti-ministri-europei-allagricoltura-sono-passati-senza-lasciar-segno-mentre-i-contadini-sudtirolesi-sono-ancora-sulle-loro\/","og_locale":"fr_FR","og_type":"article","og_title":"Bard. Incontro con il sindaco di Sarentino Franz Thomas Locher: \"molti ministri europei all\u2019agricoltura sono passati senza lasciar segno, mentre i contadini Sudtirolesi sono ancora sulle loro montagne\"  - Bellunopress - Dolomiti","og_description":"Non solo agricoltura all\u2019incontro di venerd\u00ec organizzato a Sedico dal Bard. Il Sindaco di Sarentino\/Sarntal, Franz Thomas Locher, ha evidenziato il valore attuale dell\u2019istituto secolare del \u2018maso\u2019, che coniuga tradizione, esperienza ed innovazione. Infatti gran parte delle aziende agricole locali sono dotate di attrezzature computerizzate all\u2019avanguardia. In tal modo le 186 attivit\u00e0 presenti nel comprensorio [&hellip;]","og_url":"https:\/\/www.bellunopress.it\/fr\/2012\/12\/02\/bard-incontro-con-il-sindaco-di-sarentino-franz-thomas-locher-molti-ministri-europei-allagricoltura-sono-passati-senza-lasciar-segno-mentre-i-contadini-sudtirolesi-sono-ancora-sulle-loro\/","og_site_name":"Bellunopress - Dolomiti","article_publisher":"https:\/\/www.facebook.com\/profile.php?id=100008943462799","article_published_time":"2012-12-02T14:54:12+00:00","article_modified_time":"2012-12-02T14:55:25+00:00","og_image":[{"url":"http:\/\/www.bellunopress.it\/wp-content\/uploads\/2010\/10\/belluno-provincia-autonoma.jpg","type":"","width":"","height":""}],"author":"redazione","twitter_card":"summary_large_image","twitter_creator":"@bellunopress","twitter_site":"@bellunopress","twitter_misc":{"\u00c9crit par":"redazione","Dur\u00e9e de lecture estim\u00e9e":"2 minutes"},"schema":{"@context":"https:\/\/schema.org","@graph":[{"@type":"Article","@id":"https:\/\/www.bellunopress.it\/2012\/12\/02\/bard-incontro-con-il-sindaco-di-sarentino-franz-thomas-locher-molti-ministri-europei-allagricoltura-sono-passati-senza-lasciar-segno-mentre-i-contadini-sudtirolesi-sono-ancora-sulle-loro\/#article","isPartOf":{"@id":"https:\/\/www.bellunopress.it\/2012\/12\/02\/bard-incontro-con-il-sindaco-di-sarentino-franz-thomas-locher-molti-ministri-europei-allagricoltura-sono-passati-senza-lasciar-segno-mentre-i-contadini-sudtirolesi-sono-ancora-sulle-loro\/"},"author":{"name":"redazione","@id":"https:\/\/www.bellunopress.it\/#\/schema\/person\/79bb06722b37ece1c03d3e94beb30d73"},"headline":"Bard. Incontro con il sindaco di Sarentino Franz Thomas Locher: &#8220;molti ministri europei all\u2019agricoltura sono passati senza lasciar segno, mentre i contadini Sudtirolesi sono ancora sulle loro montagne&#8221;","datePublished":"2012-12-02T14:54:12+00:00","dateModified":"2012-12-02T14:55:25+00:00","mainEntityOfPage":{"@id":"https:\/\/www.bellunopress.it\/2012\/12\/02\/bard-incontro-con-il-sindaco-di-sarentino-franz-thomas-locher-molti-ministri-europei-allagricoltura-sono-passati-senza-lasciar-segno-mentre-i-contadini-sudtirolesi-sono-ancora-sulle-loro\/"},"wordCount":415,"publisher":{"@id":"https:\/\/www.bellunopress.it\/#organization"},"image":{"@id":"https:\/\/www.bellunopress.it\/2012\/12\/02\/bard-incontro-con-il-sindaco-di-sarentino-franz-thomas-locher-molti-ministri-europei-allagricoltura-sono-passati-senza-lasciar-segno-mentre-i-contadini-sudtirolesi-sono-ancora-sulle-loro\/#primaryimage"},"thumbnailUrl":"http:\/\/www.bellunopress.it\/wp-content\/uploads\/2010\/10\/belluno-provincia-autonoma.jpg","articleSection":["Cronaca\/Politica","Prima Pagina"],"inLanguage":"fr-FR"},{"@type":"WebPage","@id":"https:\/\/www.bellunopress.it\/2012\/12\/02\/bard-incontro-con-il-sindaco-di-sarentino-franz-thomas-locher-molti-ministri-europei-allagricoltura-sono-passati-senza-lasciar-segno-mentre-i-contadini-sudtirolesi-sono-ancora-sulle-loro\/","url":"https:\/\/www.bellunopress.it\/2012\/12\/02\/bard-incontro-con-il-sindaco-di-sarentino-franz-thomas-locher-molti-ministri-europei-allagricoltura-sono-passati-senza-lasciar-segno-mentre-i-contadini-sudtirolesi-sono-ancora-sulle-loro\/","name":"Bard. Incontro con il sindaco di Sarentino Franz Thomas Locher: \"molti ministri europei all\u2019agricoltura sono passati senza lasciar segno, mentre i contadini Sudtirolesi sono ancora sulle loro montagne\" - Bellunopress - Dolomiti","isPartOf":{"@id":"https:\/\/www.bellunopress.it\/#website"},"primaryImageOfPage":{"@id":"https:\/\/www.bellunopress.it\/2012\/12\/02\/bard-incontro-con-il-sindaco-di-sarentino-franz-thomas-locher-molti-ministri-europei-allagricoltura-sono-passati-senza-lasciar-segno-mentre-i-contadini-sudtirolesi-sono-ancora-sulle-loro\/#primaryimage"},"image":{"@id":"https:\/\/www.bellunopress.it\/2012\/12\/02\/bard-incontro-con-il-sindaco-di-sarentino-franz-thomas-locher-molti-ministri-europei-allagricoltura-sono-passati-senza-lasciar-segno-mentre-i-contadini-sudtirolesi-sono-ancora-sulle-loro\/#primaryimage"},"thumbnailUrl":"http:\/\/www.bellunopress.it\/wp-content\/uploads\/2010\/10\/belluno-provincia-autonoma.jpg","datePublished":"2012-12-02T14:54:12+00:00","dateModified":"2012-12-02T14:55:25+00:00","breadcrumb":{"@id":"https:\/\/www.bellunopress.it\/2012\/12\/02\/bard-incontro-con-il-sindaco-di-sarentino-franz-thomas-locher-molti-ministri-europei-allagricoltura-sono-passati-senza-lasciar-segno-mentre-i-contadini-sudtirolesi-sono-ancora-sulle-loro\/#breadcrumb"},"inLanguage":"fr-FR","potentialAction":[{"@type":"ReadAction","target":["https:\/\/www.bellunopress.it\/2012\/12\/02\/bard-incontro-con-il-sindaco-di-sarentino-franz-thomas-locher-molti-ministri-europei-allagricoltura-sono-passati-senza-lasciar-segno-mentre-i-contadini-sudtirolesi-sono-ancora-sulle-loro\/"]}]},{"@type":"ImageObject","inLanguage":"fr-FR","@id":"https:\/\/www.bellunopress.it\/2012\/12\/02\/bard-incontro-con-il-sindaco-di-sarentino-franz-thomas-locher-molti-ministri-europei-allagricoltura-sono-passati-senza-lasciar-segno-mentre-i-contadini-sudtirolesi-sono-ancora-sulle-loro\/#primaryimage","url":"http:\/\/www.bellunopress.it\/wp-content\/uploads\/2010\/10\/belluno-provincia-autonoma.jpg","contentUrl":"http:\/\/www.bellunopress.it\/wp-content\/uploads\/2010\/10\/belluno-provincia-autonoma.jpg"},{"@type":"BreadcrumbList","@id":"https:\/\/www.bellunopress.it\/2012\/12\/02\/bard-incontro-con-il-sindaco-di-sarentino-franz-thomas-locher-molti-ministri-europei-allagricoltura-sono-passati-senza-lasciar-segno-mentre-i-contadini-sudtirolesi-sono-ancora-sulle-loro\/#breadcrumb","itemListElement":[{"@type":"ListItem","position":1,"name":"Home","item":"https:\/\/www.bellunopress.it\/"},{"@type":"ListItem","position":2,"name":"Bard. Incontro con il sindaco di Sarentino Franz Thomas Locher: &#8220;molti ministri europei all\u2019agricoltura sono passati senza lasciar segno, mentre i contadini Sudtirolesi sono ancora sulle loro montagne&#8221;"}]},{"@type":"WebSite","@id":"https:\/\/www.bellunopress.it\/#website","url":"https:\/\/www.bellunopress.it\/","name":"Bellunopress - Dolomiti","description":"e-mail: redazione@bellunopress.it","publisher":{"@id":"https:\/\/www.bellunopress.it\/#organization"},"potentialAction":[{"@type":"SearchAction","target":{"@type":"EntryPoint","urlTemplate":"https:\/\/www.bellunopress.it\/?s={search_term_string}"},"query-input":{"@type":"PropertyValueSpecification","valueRequired":true,"valueName":"search_term_string"}}],"inLanguage":"fr-FR"},{"@type":"Organization","@id":"https:\/\/www.bellunopress.it\/#organization","name":"Bellunopress","url":"https:\/\/www.bellunopress.it\/","logo":{"@type":"ImageObject","inLanguage":"fr-FR","@id":"https:\/\/www.bellunopress.it\/#\/schema\/logo\/image\/","url":"https:\/\/www.bellunopress.it\/wp-content\/uploads\/2011\/05\/cropped-logo-bellunopress-.jpg","contentUrl":"https:\/\/www.bellunopress.it\/wp-content\/uploads\/2011\/05\/cropped-logo-bellunopress-.jpg","width":512,"height":512,"caption":"Bellunopress"},"image":{"@id":"https:\/\/www.bellunopress.it\/#\/schema\/logo\/image\/"},"sameAs":["https:\/\/www.facebook.com\/profile.php?id=100008943462799","https:\/\/x.com\/bellunopress","https:\/\/www.linkedin.com\/hp\/?dnr=JBzUWaJfMUw8vbXJJ2tVW5-I3jZKvC4wsoxE&amp;amp;amp;amp;amp;amp;trk=nav_responsive_tab_home","https:\/\/www.youtube.com\/channel\/UCxL0wu1uN0_3_7hGG0306cw"]},{"@type":"Person","@id":"https:\/\/www.bellunopress.it\/#\/schema\/person\/79bb06722b37ece1c03d3e94beb30d73","name":"r\u00e9daction","image":{"@type":"ImageObject","inLanguage":"fr-FR","@id":"https:\/\/secure.gravatar.com\/avatar\/37d968a2e67a6fd04c169c4bdef102d0bc5d31b2546345219e348575eb80e9a0?s=96&d=mm&r=g","url":"https:\/\/secure.gravatar.com\/avatar\/37d968a2e67a6fd04c169c4bdef102d0bc5d31b2546345219e348575eb80e9a0?s=96&d=mm&r=g","contentUrl":"https:\/\/secure.gravatar.com\/avatar\/37d968a2e67a6fd04c169c4bdef102d0bc5d31b2546345219e348575eb80e9a0?s=96&d=mm&r=g","caption":"redazione"},"sameAs":["http:\/\/www.bellunopress.it","https:\/\/x.com\/bellunopress"],"url":"https:\/\/www.bellunopress.it\/fr\/author\/redazione\/"}]}},"_links":{"self":[{"href":"https:\/\/www.bellunopress.it\/fr\/wp-json\/wp\/v2\/posts\/44407","targetHints":{"allow":["GET"]}}],"collection":[{"href":"https:\/\/www.bellunopress.it\/fr\/wp-json\/wp\/v2\/posts"}],"about":[{"href":"https:\/\/www.bellunopress.it\/fr\/wp-json\/wp\/v2\/types\/post"}],"author":[{"embeddable":true,"href":"https:\/\/www.bellunopress.it\/fr\/wp-json\/wp\/v2\/users\/2"}],"replies":[{"embeddable":true,"href":"https:\/\/www.bellunopress.it\/fr\/wp-json\/wp\/v2\/comments?post=44407"}],"version-history":[{"count":2,"href":"https:\/\/www.bellunopress.it\/fr\/wp-json\/wp\/v2\/posts\/44407\/revisions"}],"predecessor-version":[{"id":44409,"href":"https:\/\/www.bellunopress.it\/fr\/wp-json\/wp\/v2\/posts\/44407\/revisions\/44409"}],"wp:attachment":[{"href":"https:\/\/www.bellunopress.it\/fr\/wp-json\/wp\/v2\/media?parent=44407"}],"wp:term":[{"taxonomy":"category","embeddable":true,"href":"https:\/\/www.bellunopress.it\/fr\/wp-json\/wp\/v2\/categories?post=44407"},{"taxonomy":"post_tag","embeddable":true,"href":"https:\/\/www.bellunopress.it\/fr\/wp-json\/wp\/v2\/tags?post=44407"}],"curies":[{"name":"wp","href":"https:\/\/api.w.org\/{rel}","templated":true}]}}