{"id":44404,"date":"2012-12-02T10:13:18","date_gmt":"2012-12-02T09:13:18","guid":{"rendered":"http:\/\/www.bellunopress.it\/?p=44404"},"modified":"2012-12-02T10:13:18","modified_gmt":"2012-12-02T09:13:18","slug":"alla-conquista-del-kilimangiaro","status":"publish","type":"post","link":"https:\/\/www.bellunopress.it\/fr\/2012\/12\/02\/alla-conquista-del-kilimangiaro\/","title":{"rendered":"Alla conquista del Kilimangiaro"},"content":{"rendered":"<p><a href=\"http:\/\/www.bellunopress.it\/wp-content\/uploads\/2012\/12\/kilimanjaro.jpg\"><img loading=\"lazy\" decoding=\"async\" class=\"alignleft size-full wp-image-44405\" title=\"kilimanjaro\" src=\"http:\/\/www.bellunopress.it\/wp-content\/uploads\/2012\/12\/kilimanjaro.jpg\" alt=\"\" width=\"162\" height=\"113\" \/><\/a>Matteo Gracis, Andrea Vascellari e Andrea De Mas sono i protagonisti di Avventura Tanzania, il nuovo viaggio che ha inizio luned\u00ec 3 dicembre 2012 e che porter\u00e0 i tre sulla vetta del Kilimangiaro, la pi\u00f9 alta montagna del continente africano. Il viaggio sar\u00e0 raccontato e condiviso attraverso un diario online aggiornato in tempo reale, dove sar\u00e0 possibile interagire inserendo commenti e messaggi.<\/p>\n<p>Il Kilimangiaro, con i suoi 5.895 m s.l.m., \u00e8 meta ambita per alpinisti e viaggiatori di tutto il mondo e l&#8217;obiettivo dei 3 ragazzi bellunesi. E&#8217; tutto pronto per il loro arrivo ad Arusha, citt\u00e0 di 270.000 abitanti ai piedi del vulcano:\u2028&#8221;L\u2019impatto del turismo purtroppo \u00e8 inevitabile&#8221; spiega Gracis &#8220;ma esistono aziende e operatori che promuovono le culture e le tradizioni locali, che sostengono l\u2019economia delle comunit\u00e0 ospitanti e che proteggono e valorizzano le risorse ambientali.&#8221; Questo il motivo che li ha portati a selezionare attentamente l&#8217;agenzia che ha organizzato e li seguir\u00e0 nel trekking, la AQUERTOS, una societ\u00e0 senza fini di lucro che opera in tutta la Tanzania nel rispetto delle regole del turismo responsabile.<\/p>\n<p>La spedizione sar\u00e0 composta da 4 portatori, 2 guide e 1 cuoco. &#8220;Non si tratta di un&#8217;escursione con difficolt\u00e0 tecniche particolari, ma la quota \u00e8 elevata quindi nulla \u00e8 scontato. Arriveremo in vetta solo se la montagna lo vorr\u00e0.&#8221;<\/p>\n<p>&#8220;Ma non si tratta di un viaggio fine a se stesso&#8221; prosegue Gracis, &#8220;personalmente ho intenzione di fare una piccola ricerca una volta in Tanzania, per conoscere iniziative umanitarie da sostenere, a livello economico e mediatico. Viaggiare in modo eco-sostenibile e responsabile non \u00e8 difficile, basta volerlo, e senza alcun dubbio aggiunge valore a esperienze del genere.&#8221;<\/p>\n<p>Finito il trekking, \u00e8 previsto un wild safari di 3 giorni nelle riserve naturali vicine alla zona del Kilimangiaro, dove leoni, antilopi e coccodrilli vivono in totale libert\u00e0. L&#8217;intenzione \u00e8 quella di dormire in tenda, a contatto con la natura, per vivere l&#8217;esperienza nel modo pi\u00f9 intenso possibile.\u2028Nessun altro paese in Africa pu\u00f2 competere con la Tanzania in termini di ricchezza, conservazione delle specie, della flora e della fauna. Le magnifiche coste affacciate sull\u2019Oceano Indiano, l\u2019arcipelago di Zanzibar con i suoi atolli e le sue spiagge ineguagliabili. La Tanzania \u00e8 un susseguirsi di habitat straordinari e paesaggi mozzafiato che Matteo e i due Andrea cercheranno di trasmettere attraverso il blog aperto per l&#8217;occasione.<\/p>\n<p>Un nuovo capitolo quindi, che si aggiunge ai diversi viaggi che Gracis organizza e racconta da anni: dal coast to coast americano del 2008 (il cui blog ha raccolto quasi 100mila visite uniche), all&#8217;Himalaya nel 2010, fino al Cammino di Santiago in bicicletta l&#8217;anno scorso e ora la grande Africa.<\/p>\n<p>Viaggiare significa conoscere altre culture, amarle per ci\u00f2 che offrono e imparare a rispettarle. Una vero viaggiatore segue questo \u201ccodice comportamentale\u201d ed \u00e8 quello che ci proponiamo di fare anche noi. Seguiteci su http:\/\/avventuratanzania.wordpress.com&#8221;<\/p>","protected":false},"excerpt":{"rendered":"<p>Matteo Gracis, Andrea Vascellari e Andrea De Mas sono i protagonisti di Avventura Tanzania, il nuovo viaggio che ha inizio luned\u00ec 3 dicembre 2012 e che porter\u00e0 i tre sulla vetta del Kilimangiaro, la pi\u00f9 alta montagna del continente africano. Il viaggio sar\u00e0 raccontato e condiviso attraverso un diario online aggiornato in tempo reale, dove [&hellip;]<\/p>\n","protected":false},"author":2,"featured_media":0,"comment_status":"closed","ping_status":"open","sticky":false,"template":"","format":"standard","meta":{"footnotes":""},"categories":[26,4],"tags":[],"class_list":["post-44404","post","type-post","status-publish","format-standard","category-prima-pagina","category-sport"],"yoast_head":"<!-- This site is optimized with the Yoast SEO plugin v28.4 - https:\/\/yoast.com\/product\/yoast-seo-wordpress\/ -->\n<title>Alla conquista del Kilimangiaro - Bellunopress - Dolomiti<\/title>\n<meta name=\"robots\" content=\"index, follow, max-snippet:-1, max-image-preview:large, max-video-preview:-1\" \/>\n<link rel=\"canonical\" href=\"https:\/\/www.bellunopress.it\/fr\/2012\/12\/02\/alla-conquista-del-kilimangiaro\/\" \/>\n<meta property=\"og:locale\" content=\"fr_FR\" \/>\n<meta property=\"og:type\" content=\"article\" \/>\n<meta property=\"og:title\" content=\"Alla conquista del Kilimangiaro - Bellunopress - Dolomiti\" \/>\n<meta property=\"og:description\" content=\"Matteo Gracis, Andrea Vascellari e Andrea De Mas sono i protagonisti di Avventura Tanzania, il nuovo viaggio che ha inizio luned\u00ec 3 dicembre 2012 e che porter\u00e0 i tre sulla vetta del Kilimangiaro, la pi\u00f9 alta montagna del continente africano. Il viaggio sar\u00e0 raccontato e condiviso attraverso un diario online aggiornato in tempo reale, dove [&hellip;]\" \/>\n<meta property=\"og:url\" content=\"https:\/\/www.bellunopress.it\/fr\/2012\/12\/02\/alla-conquista-del-kilimangiaro\/\" \/>\n<meta property=\"og:site_name\" content=\"Bellunopress - Dolomiti\" \/>\n<meta property=\"article:publisher\" content=\"https:\/\/www.facebook.com\/profile.php?id=100008943462799\" \/>\n<meta property=\"article:published_time\" content=\"2012-12-02T09:13:18+00:00\" \/>\n<meta property=\"og:image\" content=\"http:\/\/www.bellunopress.it\/wp-content\/uploads\/2012\/12\/kilimanjaro.jpg\" \/>\n<meta name=\"author\" content=\"redazione\" \/>\n<meta name=\"twitter:card\" content=\"summary_large_image\" \/>\n<meta name=\"twitter:creator\" content=\"@bellunopress\" \/>\n<meta name=\"twitter:site\" content=\"@bellunopress\" \/>\n<meta name=\"twitter:label1\" content=\"\u00c9crit par\" \/>\n\t<meta name=\"twitter:data1\" content=\"redazione\" \/>\n\t<meta name=\"twitter:label2\" content=\"Dur\u00e9e de lecture estim\u00e9e\" \/>\n\t<meta name=\"twitter:data2\" content=\"2 minutes\" \/>\n<script type=\"application\/ld+json\" class=\"yoast-schema-graph\">{\"@context\":\"https:\\\/\\\/schema.org\",\"@graph\":[{\"@type\":\"Article\",\"@id\":\"https:\\\/\\\/www.bellunopress.it\\\/2012\\\/12\\\/02\\\/alla-conquista-del-kilimangiaro\\\/#article\",\"isPartOf\":{\"@id\":\"https:\\\/\\\/www.bellunopress.it\\\/2012\\\/12\\\/02\\\/alla-conquista-del-kilimangiaro\\\/\"},\"author\":{\"name\":\"redazione\",\"@id\":\"https:\\\/\\\/www.bellunopress.it\\\/#\\\/schema\\\/person\\\/79bb06722b37ece1c03d3e94beb30d73\"},\"headline\":\"Alla conquista del Kilimangiaro\",\"datePublished\":\"2012-12-02T09:13:18+00:00\",\"mainEntityOfPage\":{\"@id\":\"https:\\\/\\\/www.bellunopress.it\\\/2012\\\/12\\\/02\\\/alla-conquista-del-kilimangiaro\\\/\"},\"wordCount\":474,\"publisher\":{\"@id\":\"https:\\\/\\\/www.bellunopress.it\\\/#organization\"},\"image\":{\"@id\":\"https:\\\/\\\/www.bellunopress.it\\\/2012\\\/12\\\/02\\\/alla-conquista-del-kilimangiaro\\\/#primaryimage\"},\"thumbnailUrl\":\"http:\\\/\\\/www.bellunopress.it\\\/wp-content\\\/uploads\\\/2012\\\/12\\\/kilimanjaro.jpg\",\"articleSection\":[\"Prima Pagina\",\"Sport, tempo libero\"],\"inLanguage\":\"fr-FR\"},{\"@type\":\"WebPage\",\"@id\":\"https:\\\/\\\/www.bellunopress.it\\\/2012\\\/12\\\/02\\\/alla-conquista-del-kilimangiaro\\\/\",\"url\":\"https:\\\/\\\/www.bellunopress.it\\\/2012\\\/12\\\/02\\\/alla-conquista-del-kilimangiaro\\\/\",\"name\":\"Alla conquista del Kilimangiaro - Bellunopress - Dolomiti\",\"isPartOf\":{\"@id\":\"https:\\\/\\\/www.bellunopress.it\\\/#website\"},\"primaryImageOfPage\":{\"@id\":\"https:\\\/\\\/www.bellunopress.it\\\/2012\\\/12\\\/02\\\/alla-conquista-del-kilimangiaro\\\/#primaryimage\"},\"image\":{\"@id\":\"https:\\\/\\\/www.bellunopress.it\\\/2012\\\/12\\\/02\\\/alla-conquista-del-kilimangiaro\\\/#primaryimage\"},\"thumbnailUrl\":\"http:\\\/\\\/www.bellunopress.it\\\/wp-content\\\/uploads\\\/2012\\\/12\\\/kilimanjaro.jpg\",\"datePublished\":\"2012-12-02T09:13:18+00:00\",\"breadcrumb\":{\"@id\":\"https:\\\/\\\/www.bellunopress.it\\\/2012\\\/12\\\/02\\\/alla-conquista-del-kilimangiaro\\\/#breadcrumb\"},\"inLanguage\":\"fr-FR\",\"potentialAction\":[{\"@type\":\"ReadAction\",\"target\":[\"https:\\\/\\\/www.bellunopress.it\\\/2012\\\/12\\\/02\\\/alla-conquista-del-kilimangiaro\\\/\"]}]},{\"@type\":\"ImageObject\",\"inLanguage\":\"fr-FR\",\"@id\":\"https:\\\/\\\/www.bellunopress.it\\\/2012\\\/12\\\/02\\\/alla-conquista-del-kilimangiaro\\\/#primaryimage\",\"url\":\"http:\\\/\\\/www.bellunopress.it\\\/wp-content\\\/uploads\\\/2012\\\/12\\\/kilimanjaro.jpg\",\"contentUrl\":\"http:\\\/\\\/www.bellunopress.it\\\/wp-content\\\/uploads\\\/2012\\\/12\\\/kilimanjaro.jpg\"},{\"@type\":\"BreadcrumbList\",\"@id\":\"https:\\\/\\\/www.bellunopress.it\\\/2012\\\/12\\\/02\\\/alla-conquista-del-kilimangiaro\\\/#breadcrumb\",\"itemListElement\":[{\"@type\":\"ListItem\",\"position\":1,\"name\":\"Home\",\"item\":\"https:\\\/\\\/www.bellunopress.it\\\/\"},{\"@type\":\"ListItem\",\"position\":2,\"name\":\"Alla conquista del Kilimangiaro\"}]},{\"@type\":\"WebSite\",\"@id\":\"https:\\\/\\\/www.bellunopress.it\\\/#website\",\"url\":\"https:\\\/\\\/www.bellunopress.it\\\/\",\"name\":\"Bellunopress - Dolomiti\",\"description\":\"e-mail: redazione@bellunopress.it\",\"publisher\":{\"@id\":\"https:\\\/\\\/www.bellunopress.it\\\/#organization\"},\"potentialAction\":[{\"@type\":\"SearchAction\",\"target\":{\"@type\":\"EntryPoint\",\"urlTemplate\":\"https:\\\/\\\/www.bellunopress.it\\\/?s={search_term_string}\"},\"query-input\":{\"@type\":\"PropertyValueSpecification\",\"valueRequired\":true,\"valueName\":\"search_term_string\"}}],\"inLanguage\":\"fr-FR\"},{\"@type\":\"Organization\",\"@id\":\"https:\\\/\\\/www.bellunopress.it\\\/#organization\",\"name\":\"Bellunopress\",\"url\":\"https:\\\/\\\/www.bellunopress.it\\\/\",\"logo\":{\"@type\":\"ImageObject\",\"inLanguage\":\"fr-FR\",\"@id\":\"https:\\\/\\\/www.bellunopress.it\\\/#\\\/schema\\\/logo\\\/image\\\/\",\"url\":\"https:\\\/\\\/www.bellunopress.it\\\/wp-content\\\/uploads\\\/2011\\\/05\\\/cropped-logo-bellunopress-.jpg\",\"contentUrl\":\"https:\\\/\\\/www.bellunopress.it\\\/wp-content\\\/uploads\\\/2011\\\/05\\\/cropped-logo-bellunopress-.jpg\",\"width\":512,\"height\":512,\"caption\":\"Bellunopress\"},\"image\":{\"@id\":\"https:\\\/\\\/www.bellunopress.it\\\/#\\\/schema\\\/logo\\\/image\\\/\"},\"sameAs\":[\"https:\\\/\\\/www.facebook.com\\\/profile.php?id=100008943462799\",\"https:\\\/\\\/x.com\\\/bellunopress\",\"https:\\\/\\\/www.linkedin.com\\\/hp\\\/?dnr=JBzUWaJfMUw8vbXJJ2tVW5-I3jZKvC4wsoxE&amp;amp;amp;amp;amp;amp;trk=nav_responsive_tab_home\",\"https:\\\/\\\/www.youtube.com\\\/channel\\\/UCxL0wu1uN0_3_7hGG0306cw\"]},{\"@type\":\"Person\",\"@id\":\"https:\\\/\\\/www.bellunopress.it\\\/#\\\/schema\\\/person\\\/79bb06722b37ece1c03d3e94beb30d73\",\"name\":\"redazione\",\"image\":{\"@type\":\"ImageObject\",\"inLanguage\":\"fr-FR\",\"@id\":\"https:\\\/\\\/secure.gravatar.com\\\/avatar\\\/37d968a2e67a6fd04c169c4bdef102d0bc5d31b2546345219e348575eb80e9a0?s=96&d=mm&r=g\",\"url\":\"https:\\\/\\\/secure.gravatar.com\\\/avatar\\\/37d968a2e67a6fd04c169c4bdef102d0bc5d31b2546345219e348575eb80e9a0?s=96&d=mm&r=g\",\"contentUrl\":\"https:\\\/\\\/secure.gravatar.com\\\/avatar\\\/37d968a2e67a6fd04c169c4bdef102d0bc5d31b2546345219e348575eb80e9a0?s=96&d=mm&r=g\",\"caption\":\"redazione\"},\"sameAs\":[\"http:\\\/\\\/www.bellunopress.it\",\"https:\\\/\\\/x.com\\\/bellunopress\"],\"url\":\"https:\\\/\\\/www.bellunopress.it\\\/fr\\\/author\\\/redazione\\\/\"}]}<\/script>\n<!-- \/ Yoast SEO plugin. -->","yoast_head_json":{"title":"Alla conquista del Kilimangiaro - Bellunopress - Dolomiti","robots":{"index":"index","follow":"follow","max-snippet":"max-snippet:-1","max-image-preview":"max-image-preview:large","max-video-preview":"max-video-preview:-1"},"canonical":"https:\/\/www.bellunopress.it\/fr\/2012\/12\/02\/alla-conquista-del-kilimangiaro\/","og_locale":"fr_FR","og_type":"article","og_title":"Alla conquista del Kilimangiaro - Bellunopress - Dolomiti","og_description":"Matteo Gracis, Andrea Vascellari e Andrea De Mas sono i protagonisti di Avventura Tanzania, il nuovo viaggio che ha inizio luned\u00ec 3 dicembre 2012 e che porter\u00e0 i tre sulla vetta del Kilimangiaro, la pi\u00f9 alta montagna del continente africano. Il viaggio sar\u00e0 raccontato e condiviso attraverso un diario online aggiornato in tempo reale, dove [&hellip;]","og_url":"https:\/\/www.bellunopress.it\/fr\/2012\/12\/02\/alla-conquista-del-kilimangiaro\/","og_site_name":"Bellunopress - Dolomiti","article_publisher":"https:\/\/www.facebook.com\/profile.php?id=100008943462799","article_published_time":"2012-12-02T09:13:18+00:00","og_image":[{"url":"http:\/\/www.bellunopress.it\/wp-content\/uploads\/2012\/12\/kilimanjaro.jpg","type":"","width":"","height":""}],"author":"redazione","twitter_card":"summary_large_image","twitter_creator":"@bellunopress","twitter_site":"@bellunopress","twitter_misc":{"\u00c9crit par":"redazione","Dur\u00e9e de lecture estim\u00e9e":"2 minutes"},"schema":{"@context":"https:\/\/schema.org","@graph":[{"@type":"Article","@id":"https:\/\/www.bellunopress.it\/2012\/12\/02\/alla-conquista-del-kilimangiaro\/#article","isPartOf":{"@id":"https:\/\/www.bellunopress.it\/2012\/12\/02\/alla-conquista-del-kilimangiaro\/"},"author":{"name":"redazione","@id":"https:\/\/www.bellunopress.it\/#\/schema\/person\/79bb06722b37ece1c03d3e94beb30d73"},"headline":"Alla conquista del Kilimangiaro","datePublished":"2012-12-02T09:13:18+00:00","mainEntityOfPage":{"@id":"https:\/\/www.bellunopress.it\/2012\/12\/02\/alla-conquista-del-kilimangiaro\/"},"wordCount":474,"publisher":{"@id":"https:\/\/www.bellunopress.it\/#organization"},"image":{"@id":"https:\/\/www.bellunopress.it\/2012\/12\/02\/alla-conquista-del-kilimangiaro\/#primaryimage"},"thumbnailUrl":"http:\/\/www.bellunopress.it\/wp-content\/uploads\/2012\/12\/kilimanjaro.jpg","articleSection":["Prima Pagina","Sport, tempo libero"],"inLanguage":"fr-FR"},{"@type":"WebPage","@id":"https:\/\/www.bellunopress.it\/2012\/12\/02\/alla-conquista-del-kilimangiaro\/","url":"https:\/\/www.bellunopress.it\/2012\/12\/02\/alla-conquista-del-kilimangiaro\/","name":"Alla conquista del Kilimangiaro - Bellunopress - Dolomiti","isPartOf":{"@id":"https:\/\/www.bellunopress.it\/#website"},"primaryImageOfPage":{"@id":"https:\/\/www.bellunopress.it\/2012\/12\/02\/alla-conquista-del-kilimangiaro\/#primaryimage"},"image":{"@id":"https:\/\/www.bellunopress.it\/2012\/12\/02\/alla-conquista-del-kilimangiaro\/#primaryimage"},"thumbnailUrl":"http:\/\/www.bellunopress.it\/wp-content\/uploads\/2012\/12\/kilimanjaro.jpg","datePublished":"2012-12-02T09:13:18+00:00","breadcrumb":{"@id":"https:\/\/www.bellunopress.it\/2012\/12\/02\/alla-conquista-del-kilimangiaro\/#breadcrumb"},"inLanguage":"fr-FR","potentialAction":[{"@type":"ReadAction","target":["https:\/\/www.bellunopress.it\/2012\/12\/02\/alla-conquista-del-kilimangiaro\/"]}]},{"@type":"ImageObject","inLanguage":"fr-FR","@id":"https:\/\/www.bellunopress.it\/2012\/12\/02\/alla-conquista-del-kilimangiaro\/#primaryimage","url":"http:\/\/www.bellunopress.it\/wp-content\/uploads\/2012\/12\/kilimanjaro.jpg","contentUrl":"http:\/\/www.bellunopress.it\/wp-content\/uploads\/2012\/12\/kilimanjaro.jpg"},{"@type":"BreadcrumbList","@id":"https:\/\/www.bellunopress.it\/2012\/12\/02\/alla-conquista-del-kilimangiaro\/#breadcrumb","itemListElement":[{"@type":"ListItem","position":1,"name":"Home","item":"https:\/\/www.bellunopress.it\/"},{"@type":"ListItem","position":2,"name":"Alla conquista del Kilimangiaro"}]},{"@type":"WebSite","@id":"https:\/\/www.bellunopress.it\/#website","url":"https:\/\/www.bellunopress.it\/","name":"Bellunopress - Dolomiti","description":"e-mail: redazione@bellunopress.it","publisher":{"@id":"https:\/\/www.bellunopress.it\/#organization"},"potentialAction":[{"@type":"SearchAction","target":{"@type":"EntryPoint","urlTemplate":"https:\/\/www.bellunopress.it\/?s={search_term_string}"},"query-input":{"@type":"PropertyValueSpecification","valueRequired":true,"valueName":"search_term_string"}}],"inLanguage":"fr-FR"},{"@type":"Organization","@id":"https:\/\/www.bellunopress.it\/#organization","name":"Bellunopress","url":"https:\/\/www.bellunopress.it\/","logo":{"@type":"ImageObject","inLanguage":"fr-FR","@id":"https:\/\/www.bellunopress.it\/#\/schema\/logo\/image\/","url":"https:\/\/www.bellunopress.it\/wp-content\/uploads\/2011\/05\/cropped-logo-bellunopress-.jpg","contentUrl":"https:\/\/www.bellunopress.it\/wp-content\/uploads\/2011\/05\/cropped-logo-bellunopress-.jpg","width":512,"height":512,"caption":"Bellunopress"},"image":{"@id":"https:\/\/www.bellunopress.it\/#\/schema\/logo\/image\/"},"sameAs":["https:\/\/www.facebook.com\/profile.php?id=100008943462799","https:\/\/x.com\/bellunopress","https:\/\/www.linkedin.com\/hp\/?dnr=JBzUWaJfMUw8vbXJJ2tVW5-I3jZKvC4wsoxE&amp;amp;amp;amp;amp;amp;trk=nav_responsive_tab_home","https:\/\/www.youtube.com\/channel\/UCxL0wu1uN0_3_7hGG0306cw"]},{"@type":"Person","@id":"https:\/\/www.bellunopress.it\/#\/schema\/person\/79bb06722b37ece1c03d3e94beb30d73","name":"r\u00e9daction","image":{"@type":"ImageObject","inLanguage":"fr-FR","@id":"https:\/\/secure.gravatar.com\/avatar\/37d968a2e67a6fd04c169c4bdef102d0bc5d31b2546345219e348575eb80e9a0?s=96&d=mm&r=g","url":"https:\/\/secure.gravatar.com\/avatar\/37d968a2e67a6fd04c169c4bdef102d0bc5d31b2546345219e348575eb80e9a0?s=96&d=mm&r=g","contentUrl":"https:\/\/secure.gravatar.com\/avatar\/37d968a2e67a6fd04c169c4bdef102d0bc5d31b2546345219e348575eb80e9a0?s=96&d=mm&r=g","caption":"redazione"},"sameAs":["http:\/\/www.bellunopress.it","https:\/\/x.com\/bellunopress"],"url":"https:\/\/www.bellunopress.it\/fr\/author\/redazione\/"}]}},"_links":{"self":[{"href":"https:\/\/www.bellunopress.it\/fr\/wp-json\/wp\/v2\/posts\/44404","targetHints":{"allow":["GET"]}}],"collection":[{"href":"https:\/\/www.bellunopress.it\/fr\/wp-json\/wp\/v2\/posts"}],"about":[{"href":"https:\/\/www.bellunopress.it\/fr\/wp-json\/wp\/v2\/types\/post"}],"author":[{"embeddable":true,"href":"https:\/\/www.bellunopress.it\/fr\/wp-json\/wp\/v2\/users\/2"}],"replies":[{"embeddable":true,"href":"https:\/\/www.bellunopress.it\/fr\/wp-json\/wp\/v2\/comments?post=44404"}],"version-history":[{"count":1,"href":"https:\/\/www.bellunopress.it\/fr\/wp-json\/wp\/v2\/posts\/44404\/revisions"}],"predecessor-version":[{"id":44406,"href":"https:\/\/www.bellunopress.it\/fr\/wp-json\/wp\/v2\/posts\/44404\/revisions\/44406"}],"wp:attachment":[{"href":"https:\/\/www.bellunopress.it\/fr\/wp-json\/wp\/v2\/media?parent=44404"}],"wp:term":[{"taxonomy":"category","embeddable":true,"href":"https:\/\/www.bellunopress.it\/fr\/wp-json\/wp\/v2\/categories?post=44404"},{"taxonomy":"post_tag","embeddable":true,"href":"https:\/\/www.bellunopress.it\/fr\/wp-json\/wp\/v2\/tags?post=44404"}],"curies":[{"name":"wp","href":"https:\/\/api.w.org\/{rel}","templated":true}]}}