{"id":44400,"date":"2012-12-02T09:47:09","date_gmt":"2012-12-02T08:47:09","guid":{"rendered":"http:\/\/www.bellunopress.it\/?p=44400"},"modified":"2012-12-02T09:47:09","modified_gmt":"2012-12-02T08:47:09","slug":"cortina-ad-ogni-costo-top-events-da-dicembre-ad-aprile","status":"publish","type":"post","link":"https:\/\/www.bellunopress.it\/fr\/2012\/12\/02\/cortina-ad-ogni-costo-top-events-da-dicembre-ad-aprile\/","title":{"rendered":"Cortina ad ogni costo. Top events da dicembre ad aprile"},"content":{"rendered":"<p>Tra le Dolomiti d\u2019Ampezzo il weekend e la settimana on the snow hanno un valore aggiunto: si arriva per sciare \u2013 alpino, fondo, freeride \u2013 e si finisce per perdersi tra i numerosi eventi off, mostre e incontri della ricca offerta culturale, senza dimenticare i top events che accompagneranno la stagione da dicembre fino ad aprile.<\/p>\n<p><a href=\"http:\/\/www.bellunopress.it\/wp-content\/uploads\/2010\/01\/cortina-sci.jpg\"><img loading=\"lazy\" decoding=\"async\" class=\"alignleft size-full wp-image-11268\" title=\"cortina-sci\" src=\"http:\/\/www.bellunopress.it\/wp-content\/uploads\/2010\/01\/cortina-sci.jpg\" alt=\"\" width=\"280\" height=\"186\" \/><\/a>Sport, shopping, gastronomia, relax e romanticismo. La Regina delle Dolomiti offre speciali proposte vacanza per vivere la stagione bianca in ogni sua declinazione. Fashion, glamour e lifestyle in occasione del Cortina Fashion WeekEnd: dal 7 al 9 dicembre, oltre 100 eventi, mostre, happening, shooting fotografici e corsi di personal shopper, la presentazione della Cortina Capsule Collection e speciali colazioni con i designer in hotel. Abbinata all\u2019ospitalit\u00e0 alberghiera (3 notti per 2 persone a partire da 300 euro) si pu\u00f2 usufruire del servizio gratuito di Personal Shopper o iscriversi al corso fotografico dedicato al reportage dei Mercatini di Natale.<\/p>\n<p>Per gli irriducibili dello skipass c\u2019\u00e8 lo speciale pacchetto Prima Neve con una giornata di vacanza in omaggio da tre giorni in poi (a partire da 270 euro). Con la stessa formula del 4=3 si possono prenotare con un semplice click anche lo skipass e il corso collettivo di sci o snowboard, il tutto direttamente sul sito cortina.dolomiti.org.<\/p>\n<p>Grazie all\u2019offerta Prenota prima, invece, nel costo del soggiorno \u00e8 compreso anche il transfer dall\u2019aeroporto o dalla stazione di Venezia a Cortina.<\/p>\n<p>Molte le idee per vivere una fuga romantica tra le Dolomiti ampezzane, abbinando al soggiorno alberghiero, l\u2019esperienza di immergersi in una vasca idromassaggio con vista sulle 5 Torri o un\u2019escursione con le racchette da neve tra il silenzio dei boschi imbiancati.<\/p>\n<p>In prima fila per assistere ai grandi eventi dell&#8217;inverno, dallo European Cup Snowboardcross che si terr\u00e0 sulle nevi del Faloria (dal 21 al 23 dicembre) al tradizionale appuntamento con la Coppa del Mondo di sci alpino del prossimo 19-20 gennaio. Per gli amanti degli sci stretti, dall\u20191 al 4 febbraio, immancabile la proposta abbinata alla GranFondo Dobbiaco-Cortina, con 3 notti per 2 persone a partire da 270 euro.<\/p>\n<p>E in pi\u00f9 proposte per la famiglia, promozioni per chi viaggia con gli amici o per chi desidera vivere il Natale in alta quota, respirando il profumo autentico della montagna.<\/p>\n<p>Infine, l\u2019offerta di Super Sun (7=6 e 6=5) per vivere lo sci al sole di primavera<\/p>\n<p>Per dettagli e prenotazioni: www.cortina.dolomiti.org<\/p>\n<p>TOP EVENTS INVERNO 2012\/2013<\/p>\n<p>Dicembre<\/p>\n<p>Museo d\u2019Arte Moderna Mario Rimoldi \u2013 Da dicembre per tutta la stagione invernale<\/p>\n<p>Apre il 7 dicembre la mostra dell\u2019inverno del Museo Rimoldi, dedicata alla collezione Antonio e Cicci Allaria, giunta in comodato d\u2019uso a Cortina lo scorso inverno. L\u2019inaugurazione ufficiale si terr\u00e0 il 28 dicembre alle ore 18.00 alla presenza del famoso critico d\u2019arte Philippe Daverio e della figlia del collezionista, Alessandra Allaria.<\/p>\n<p>Al secondo piano del museo \u00e8 visitabile l\u2019altrettanto interessante collezione permanente con corpus di oltre 54 tele di Filippo de Pisis, 35 Sironi, oltre ai de Chirico, ai Savinio a ai Guttuso. Dal 29 dicembre al 5 gennaio, torna Arte d\u2019Inverno, la rassegna di incontri con i grandi nomi dell\u2019arte contemporanea, organizzata in collaborazione con la storica Libreria Sovilla e curata da Costantino d\u2019Orazio e Alessandra de Bigontina, direttrice del Museo Rimoldi.<\/p>\n<p>www.musei.regole.it<\/p>\n<p>&nbsp;<\/p>\n<p>Museo Etnografico delle Regole d\u2019Ampezzo \u2013 Da dicembre per tutta la stagione invernale<\/p>\n<p>Il 7 dicembre apre le porte una curiosa esposizione dedicata alla moda sportiva invernale di fine Ottocento e inizio Novecento.<\/p>\n<p>www.musei.regole.it<\/p>\n<p>&nbsp;<\/p>\n<p>Calendario d&#8217;Avvento \u2013 Dal 1 al 25 dicembre 2012<\/p>\n<p>Conto alla rovescia in attesa del Natale: le 25 finestre del Palazzo Storico dell\u2019ex Municipio si accendono giorno dopo giorno con opere legate alla Nativit\u00e0.<\/p>\n<p>&nbsp;<\/p>\n<p>Mercatino di Natale \u2013 Dal 5 al 31 dicembre 2012<\/p>\n<p>Luci, colori e atmosfera di festa invadono per un mese intero Corso Italia che ospita 20 caratteristiche casette in legno dove numerosi produttori locali espongono i loro articoli enogastronomici e di artigianato.<\/p>\n<p>&nbsp;<\/p>\n<p>Gli auguri del Corpo Musicale di Cortina d\u2019Ampezzo \u2013 Dal 25 al 28 dicembre 2012<\/p>\n<p>Il 25 dicembre, Corso Italia sar\u00e0 invasa dai suoni del Corpo Musicale in costume d\u2019epoca; il 28, nella Basilica Minore, si terr\u00e0 il tradizionale Concerto di Natale.<\/p>\n<p>&nbsp;<\/p>\n<p>European Cup Snowboardcross \u2013 Dal 21 al 23 dicembre 2012<\/p>\n<p>Da cinque anni \u00e8 il battesimo della stagione dello sport invernale. Due le gare che vedranno atleti di altissimo livello sfidarsi lungo curve paraboliche, gobbe e salti in un mix unico di tecnica, spettacolo e adrenalina.<\/p>\n<p>www.snowboardclubcortina.com<\/p>\n<p>&nbsp;<\/p>\n<p>Aspettando la Coppa del Mondo \u2013 Dicembre 2012 e gennaio 2013<\/p>\n<p>Uno speciale countdown tra degustazioni, musica e aperitivi in rifugio, organizzato dal comitato Cortina 2019 aspettando il tradizionale appuntamento con la Coppa del Mondo di sci femminile.<\/p>\n<p>&nbsp;<\/p>\n<p>&nbsp;<\/p>\n<p>&nbsp;<\/p>\n<p>&nbsp;<\/p>\n<p>Una Montagna di Libri \u2013 Da dicembre 2012 ad aprile 2013<\/p>\n<p>Tradizionali incontri con l\u2019autore. I pi\u00f9 grandi esponenti della cultura e della letteratura italiana all\u2019ombra delle Tofane.<\/p>\n<p>www.unamontagnadilibri.it<\/p>\n<p>&nbsp;<\/p>\n<p>GENNAIO<\/p>\n<p>&nbsp;<\/p>\n<p>Concerto di Capodanno \u2013 1 gennaio 2013<\/p>\n<p>Tradizionale esibizione musicale all&#8217;Alexander Girardi Hall per festeggiare il primo giorno dell\u2019anno.<\/p>\n<p>&nbsp;<\/p>\n<p>Tour de Ski &#8211; Coppa del Mondo di sci nordico \u2013 3 gennaio 2013<\/p>\n<p>Il FIS Tour de Ski, giunto alla settima edizione, fa tappa per il quarto anno a Cortina d\u2019Ampezzo.<\/p>\n<p>www.fisi-ski.com<\/p>\n<p>&nbsp;<\/p>\n<p>Romeo e Giulietta \u2013 6 gennaio 2013<\/p>\n<p>Ancora oggi, \u00e8 il balletto pi\u00f9 rappresentato in tutto il mondo. A Cortina arriva grazie all\u2019interpretazione del Balletto Russo di Anna Ivanova. Appuntamento alle ore 21.00 all\u2019Alexander Girardi Hall. Biglietti on-line e punti vendita del circuito Greenticket.<\/p>\n<p>&nbsp;<\/p>\n<p>GrandPrix Aviva \u2013 6 gennaio 2013<\/p>\n<p>Gara FISI di Slalom Gigante sul Faloria, riservata agli atleti delle categorie allievi e ragazzi.<\/p>\n<p>&nbsp;<\/p>\n<p>Coppa del Mondo di sci alpino femminile \u2013 19 e 20 gennaio 2013<\/p>\n<p>Da 21 inverni consecutivi \u00e8 la spettacolare pista Olympia delle Tofane ad ospitare le gare di Coppa del Mondo di sci femminile di Cortina d\u2019Ampezzo.<\/p>\n<p>www.cortinaclassic.com<\/p>\n<p>&nbsp;<\/p>\n<p>D\u2019Inverno a Tavola \u2013 18 gennaio 2013<\/p>\n<p>La rassegna gastronomica giunta alla 23esima edizione fa tappa anche quest\u2019anno all\u2019albergo ristorante La Baita. Appuntamento alle ore 20.00 per gustare i piatti della tradizione rivisitati con estro e fantasia.<\/p>\n<p>www.dolomiti.org<\/p>\n<p>&nbsp;<\/p>\n<p>FIS World Snow Day \u2013 20 gennaio 2013<\/p>\n<p>Tutte le principali localit\u00e0 invernali si uniscono in una giornata dedicata ai bambini, ai ragazzi e alle famiglie. Grazie alla collaborazione con le forze dell\u2019ordine i bambini e le famiglie potranno approfondire il tema della sicurezza in montagna, da scoprire in modo nuovo ma, soprattutto, divertente.<\/p>\n<p>www.world-snow-day.com<\/p>\n<p>&nbsp;<\/p>\n<p>FEBBRAIO<\/p>\n<p>&nbsp;<\/p>\n<p>Granfondo Dobbiaco-Cortina \u2013 2 e 3 febbraio 2013<\/p>\n<p>Un vero tuffo nella storia: questo \u00e8 l\u2019appuntamento con la celebre gara Granfondo Dobbiaco-Cortina, percorso che ricalca fedelmente il tracciato dell\u2019antica ferrovia, dismesso nel 1962, ma reso permanente dalle autorit\u00e0 in ragione del suo prestigio.<\/p>\n<p>www.dobbiacocortina.org<\/p>\n<p>&nbsp;<\/p>\n<p>&nbsp;<\/p>\n<p>Carnevale \u2013 Dal 7 al 12 febbraio 2013<\/p>\n<p>Tra musica, sport, cabaret, maschere, costumi e specialit\u00e0 gastronomiche, un ricco programma per vivere intensamente la festa pi\u00f9 colorata dell\u2019anno. Imperdibile la storica Corsa dei Sestieri (domenica 10 febbraio 2013): una staffetta su sci da fondo vede sfidarsi, in costume tradizionale, le sei Contrade in cui \u00e8 suddiviso il territorio di Cortina.<\/p>\n<p>&nbsp;<\/p>\n<p>La Settimana dell&#8217;Amore \u2013 Dall\u201911 al 17 febbraio 2013<\/p>\n<p>Nel corso della \u201csettimana dell&#8217;amore\u201d Sandrone e la moglie Paola del rifugio Averau propongono un piatto speciale: ravioli di carne a forma di cuore, conditi con spezie e tartufo.<\/p>\n<p>&nbsp;<\/p>\n<p>Coppa Telethon\u2013 16 febbraio 2013<\/p>\n<p>Gara di Slalom Gigante aperta a tutti, a Col Gallina. L\u2019intero ricavato sar\u00e0 devoluto a Telethon.<\/p>\n<p>&nbsp;<\/p>\n<p>MARZO<\/p>\n<p>&nbsp;<\/p>\n<p>Cortinametraggio \u2013 Dall\u201911 al 17 marzo 2013<\/p>\n<p>Presentata alla Mostra del cinema di Venezia, l\u2019edizione 2013 vede confermata la collaborazione con il Sindacato nazionale Giornalisti cinematografici italiani, che ancora una volta sceglie Cortina per la consegna dei Corti d\u2019argento. Grande novit\u00e0, una sezione dedicata ai book trailer. Come ogni anno, grandi ospiti, proiezioni, incontri, dibattiti, workshop e glamouros party.<\/p>\n<p>www.cortinametraggio.it<\/p>\n<p>&nbsp;<\/p>\n<p>APRILE<\/p>\n<p>&nbsp;<\/p>\n<p>IV Slalom Fra Le Nuvole \u2013 1 aprile 2013<\/p>\n<p>Slalom Gigante sul Faloria. L\u2019intero ricavato verr\u00e0 destinato, su decisione del padre di Jacopo Paolo Zardini, in beneficenza a strutture sanitarie di Cortina o dei paesi limitrofi.<\/p>\n<p>&nbsp;<\/p>\n<p>Freeride Challenge Punta Nera Boulder Competition \u2013 Dal 4 al 6 aprile 2013<\/p>\n<p>Un\u2019emozionante competizione di freeride. Dopo il successo delle passate edizioni, confermato anche quest&#8217;anno la tre giorni di adrenalina con imperdibile combinata freeride-boulder.<\/p>\n<p>www.freeridepuntanera.com<\/p>\n<p>&nbsp;<\/p>\n<p>&nbsp;<\/p>\n<p>&nbsp;<\/p>\n<p>&nbsp;<\/p>\n<p>&nbsp;<\/p>","protected":false},"excerpt":{"rendered":"<p>Tra le Dolomiti d\u2019Ampezzo il weekend e la settimana on the snow hanno un valore aggiunto: si arriva per sciare \u2013 alpino, fondo, freeride \u2013 e si finisce per perdersi tra i numerosi eventi off, mostre e incontri della ricca offerta culturale, senza dimenticare i top events che accompagneranno la stagione da dicembre fino ad [&hellip;]<\/p>\n","protected":false},"author":2,"featured_media":0,"comment_status":"closed","ping_status":"open","sticky":false,"template":"","format":"standard","meta":{"footnotes":""},"categories":[27,25],"tags":[],"class_list":["post-44400","post","type-post","status-publish","format-standard","category-appuntamenti","category-pausa-caffe"],"yoast_head":"<!-- This site is optimized with the Yoast SEO plugin v28.4 - https:\/\/yoast.com\/product\/yoast-seo-wordpress\/ -->\n<title>Cortina ad ogni costo. Top events da dicembre ad aprile  - Bellunopress - Dolomiti<\/title>\n<meta name=\"robots\" content=\"index, follow, max-snippet:-1, max-image-preview:large, max-video-preview:-1\" \/>\n<link rel=\"canonical\" href=\"https:\/\/www.bellunopress.it\/fr\/2012\/12\/02\/cortina-ad-ogni-costo-top-events-da-dicembre-ad-aprile\/\" \/>\n<meta property=\"og:locale\" content=\"fr_FR\" \/>\n<meta property=\"og:type\" content=\"article\" \/>\n<meta property=\"og:title\" content=\"Cortina ad ogni costo. Top events da dicembre ad aprile  - Bellunopress - Dolomiti\" \/>\n<meta property=\"og:description\" content=\"Tra le Dolomiti d\u2019Ampezzo il weekend e la settimana on the snow hanno un valore aggiunto: si arriva per sciare \u2013 alpino, fondo, freeride \u2013 e si finisce per perdersi tra i numerosi eventi off, mostre e incontri della ricca offerta culturale, senza dimenticare i top events che accompagneranno la stagione da dicembre fino ad [&hellip;]\" \/>\n<meta property=\"og:url\" content=\"https:\/\/www.bellunopress.it\/fr\/2012\/12\/02\/cortina-ad-ogni-costo-top-events-da-dicembre-ad-aprile\/\" \/>\n<meta property=\"og:site_name\" content=\"Bellunopress - Dolomiti\" \/>\n<meta property=\"article:publisher\" content=\"https:\/\/www.facebook.com\/profile.php?id=100008943462799\" \/>\n<meta property=\"article:published_time\" content=\"2012-12-02T08:47:09+00:00\" \/>\n<meta property=\"og:image\" content=\"http:\/\/www.bellunopress.it\/wp-content\/uploads\/2010\/01\/cortina-sci.jpg\" \/>\n<meta name=\"author\" content=\"redazione\" \/>\n<meta name=\"twitter:card\" content=\"summary_large_image\" \/>\n<meta name=\"twitter:creator\" content=\"@bellunopress\" \/>\n<meta name=\"twitter:site\" content=\"@bellunopress\" \/>\n<meta name=\"twitter:label1\" content=\"\u00c9crit par\" \/>\n\t<meta name=\"twitter:data1\" content=\"redazione\" \/>\n\t<meta name=\"twitter:label2\" content=\"Dur\u00e9e de lecture estim\u00e9e\" \/>\n\t<meta name=\"twitter:data2\" content=\"7 minutes\" \/>\n<script type=\"application\/ld+json\" class=\"yoast-schema-graph\">{\"@context\":\"https:\\\/\\\/schema.org\",\"@graph\":[{\"@type\":\"Article\",\"@id\":\"https:\\\/\\\/www.bellunopress.it\\\/2012\\\/12\\\/02\\\/cortina-ad-ogni-costo-top-events-da-dicembre-ad-aprile\\\/#article\",\"isPartOf\":{\"@id\":\"https:\\\/\\\/www.bellunopress.it\\\/2012\\\/12\\\/02\\\/cortina-ad-ogni-costo-top-events-da-dicembre-ad-aprile\\\/\"},\"author\":{\"name\":\"redazione\",\"@id\":\"https:\\\/\\\/www.bellunopress.it\\\/#\\\/schema\\\/person\\\/79bb06722b37ece1c03d3e94beb30d73\"},\"headline\":\"Cortina ad ogni costo. Top events da dicembre ad aprile\",\"datePublished\":\"2012-12-02T08:47:09+00:00\",\"mainEntityOfPage\":{\"@id\":\"https:\\\/\\\/www.bellunopress.it\\\/2012\\\/12\\\/02\\\/cortina-ad-ogni-costo-top-events-da-dicembre-ad-aprile\\\/\"},\"wordCount\":1352,\"publisher\":{\"@id\":\"https:\\\/\\\/www.bellunopress.it\\\/#organization\"},\"image\":{\"@id\":\"https:\\\/\\\/www.bellunopress.it\\\/2012\\\/12\\\/02\\\/cortina-ad-ogni-costo-top-events-da-dicembre-ad-aprile\\\/#primaryimage\"},\"thumbnailUrl\":\"http:\\\/\\\/www.bellunopress.it\\\/wp-content\\\/uploads\\\/2010\\\/01\\\/cortina-sci.jpg\",\"articleSection\":[\"Appuntamenti, Eventi\",\"Pausa Caff\u00e8\"],\"inLanguage\":\"fr-FR\"},{\"@type\":\"WebPage\",\"@id\":\"https:\\\/\\\/www.bellunopress.it\\\/2012\\\/12\\\/02\\\/cortina-ad-ogni-costo-top-events-da-dicembre-ad-aprile\\\/\",\"url\":\"https:\\\/\\\/www.bellunopress.it\\\/2012\\\/12\\\/02\\\/cortina-ad-ogni-costo-top-events-da-dicembre-ad-aprile\\\/\",\"name\":\"Cortina ad ogni costo. Top events da dicembre ad aprile - Bellunopress - Dolomiti\",\"isPartOf\":{\"@id\":\"https:\\\/\\\/www.bellunopress.it\\\/#website\"},\"primaryImageOfPage\":{\"@id\":\"https:\\\/\\\/www.bellunopress.it\\\/2012\\\/12\\\/02\\\/cortina-ad-ogni-costo-top-events-da-dicembre-ad-aprile\\\/#primaryimage\"},\"image\":{\"@id\":\"https:\\\/\\\/www.bellunopress.it\\\/2012\\\/12\\\/02\\\/cortina-ad-ogni-costo-top-events-da-dicembre-ad-aprile\\\/#primaryimage\"},\"thumbnailUrl\":\"http:\\\/\\\/www.bellunopress.it\\\/wp-content\\\/uploads\\\/2010\\\/01\\\/cortina-sci.jpg\",\"datePublished\":\"2012-12-02T08:47:09+00:00\",\"breadcrumb\":{\"@id\":\"https:\\\/\\\/www.bellunopress.it\\\/2012\\\/12\\\/02\\\/cortina-ad-ogni-costo-top-events-da-dicembre-ad-aprile\\\/#breadcrumb\"},\"inLanguage\":\"fr-FR\",\"potentialAction\":[{\"@type\":\"ReadAction\",\"target\":[\"https:\\\/\\\/www.bellunopress.it\\\/2012\\\/12\\\/02\\\/cortina-ad-ogni-costo-top-events-da-dicembre-ad-aprile\\\/\"]}]},{\"@type\":\"ImageObject\",\"inLanguage\":\"fr-FR\",\"@id\":\"https:\\\/\\\/www.bellunopress.it\\\/2012\\\/12\\\/02\\\/cortina-ad-ogni-costo-top-events-da-dicembre-ad-aprile\\\/#primaryimage\",\"url\":\"http:\\\/\\\/www.bellunopress.it\\\/wp-content\\\/uploads\\\/2010\\\/01\\\/cortina-sci.jpg\",\"contentUrl\":\"http:\\\/\\\/www.bellunopress.it\\\/wp-content\\\/uploads\\\/2010\\\/01\\\/cortina-sci.jpg\"},{\"@type\":\"BreadcrumbList\",\"@id\":\"https:\\\/\\\/www.bellunopress.it\\\/2012\\\/12\\\/02\\\/cortina-ad-ogni-costo-top-events-da-dicembre-ad-aprile\\\/#breadcrumb\",\"itemListElement\":[{\"@type\":\"ListItem\",\"position\":1,\"name\":\"Home\",\"item\":\"https:\\\/\\\/www.bellunopress.it\\\/\"},{\"@type\":\"ListItem\",\"position\":2,\"name\":\"Cortina ad ogni costo. Top events da dicembre ad aprile\"}]},{\"@type\":\"WebSite\",\"@id\":\"https:\\\/\\\/www.bellunopress.it\\\/#website\",\"url\":\"https:\\\/\\\/www.bellunopress.it\\\/\",\"name\":\"Bellunopress - Dolomiti\",\"description\":\"e-mail: redazione@bellunopress.it\",\"publisher\":{\"@id\":\"https:\\\/\\\/www.bellunopress.it\\\/#organization\"},\"potentialAction\":[{\"@type\":\"SearchAction\",\"target\":{\"@type\":\"EntryPoint\",\"urlTemplate\":\"https:\\\/\\\/www.bellunopress.it\\\/?s={search_term_string}\"},\"query-input\":{\"@type\":\"PropertyValueSpecification\",\"valueRequired\":true,\"valueName\":\"search_term_string\"}}],\"inLanguage\":\"fr-FR\"},{\"@type\":\"Organization\",\"@id\":\"https:\\\/\\\/www.bellunopress.it\\\/#organization\",\"name\":\"Bellunopress\",\"url\":\"https:\\\/\\\/www.bellunopress.it\\\/\",\"logo\":{\"@type\":\"ImageObject\",\"inLanguage\":\"fr-FR\",\"@id\":\"https:\\\/\\\/www.bellunopress.it\\\/#\\\/schema\\\/logo\\\/image\\\/\",\"url\":\"https:\\\/\\\/www.bellunopress.it\\\/wp-content\\\/uploads\\\/2011\\\/05\\\/cropped-logo-bellunopress-.jpg\",\"contentUrl\":\"https:\\\/\\\/www.bellunopress.it\\\/wp-content\\\/uploads\\\/2011\\\/05\\\/cropped-logo-bellunopress-.jpg\",\"width\":512,\"height\":512,\"caption\":\"Bellunopress\"},\"image\":{\"@id\":\"https:\\\/\\\/www.bellunopress.it\\\/#\\\/schema\\\/logo\\\/image\\\/\"},\"sameAs\":[\"https:\\\/\\\/www.facebook.com\\\/profile.php?id=100008943462799\",\"https:\\\/\\\/x.com\\\/bellunopress\",\"https:\\\/\\\/www.linkedin.com\\\/hp\\\/?dnr=JBzUWaJfMUw8vbXJJ2tVW5-I3jZKvC4wsoxE&amp;amp;amp;amp;amp;amp;trk=nav_responsive_tab_home\",\"https:\\\/\\\/www.youtube.com\\\/channel\\\/UCxL0wu1uN0_3_7hGG0306cw\"]},{\"@type\":\"Person\",\"@id\":\"https:\\\/\\\/www.bellunopress.it\\\/#\\\/schema\\\/person\\\/79bb06722b37ece1c03d3e94beb30d73\",\"name\":\"redazione\",\"image\":{\"@type\":\"ImageObject\",\"inLanguage\":\"fr-FR\",\"@id\":\"https:\\\/\\\/secure.gravatar.com\\\/avatar\\\/37d968a2e67a6fd04c169c4bdef102d0bc5d31b2546345219e348575eb80e9a0?s=96&d=mm&r=g\",\"url\":\"https:\\\/\\\/secure.gravatar.com\\\/avatar\\\/37d968a2e67a6fd04c169c4bdef102d0bc5d31b2546345219e348575eb80e9a0?s=96&d=mm&r=g\",\"contentUrl\":\"https:\\\/\\\/secure.gravatar.com\\\/avatar\\\/37d968a2e67a6fd04c169c4bdef102d0bc5d31b2546345219e348575eb80e9a0?s=96&d=mm&r=g\",\"caption\":\"redazione\"},\"sameAs\":[\"http:\\\/\\\/www.bellunopress.it\",\"https:\\\/\\\/x.com\\\/bellunopress\"],\"url\":\"https:\\\/\\\/www.bellunopress.it\\\/fr\\\/author\\\/redazione\\\/\"}]}<\/script>\n<!-- \/ Yoast SEO plugin. -->","yoast_head_json":{"title":"Cortina ad ogni costo. Top events da dicembre ad aprile  - Bellunopress - Dolomiti","robots":{"index":"index","follow":"follow","max-snippet":"max-snippet:-1","max-image-preview":"max-image-preview:large","max-video-preview":"max-video-preview:-1"},"canonical":"https:\/\/www.bellunopress.it\/fr\/2012\/12\/02\/cortina-ad-ogni-costo-top-events-da-dicembre-ad-aprile\/","og_locale":"fr_FR","og_type":"article","og_title":"Cortina ad ogni costo. Top events da dicembre ad aprile  - Bellunopress - Dolomiti","og_description":"Tra le Dolomiti d\u2019Ampezzo il weekend e la settimana on the snow hanno un valore aggiunto: si arriva per sciare \u2013 alpino, fondo, freeride \u2013 e si finisce per perdersi tra i numerosi eventi off, mostre e incontri della ricca offerta culturale, senza dimenticare i top events che accompagneranno la stagione da dicembre fino ad [&hellip;]","og_url":"https:\/\/www.bellunopress.it\/fr\/2012\/12\/02\/cortina-ad-ogni-costo-top-events-da-dicembre-ad-aprile\/","og_site_name":"Bellunopress - Dolomiti","article_publisher":"https:\/\/www.facebook.com\/profile.php?id=100008943462799","article_published_time":"2012-12-02T08:47:09+00:00","og_image":[{"url":"http:\/\/www.bellunopress.it\/wp-content\/uploads\/2010\/01\/cortina-sci.jpg","type":"","width":"","height":""}],"author":"redazione","twitter_card":"summary_large_image","twitter_creator":"@bellunopress","twitter_site":"@bellunopress","twitter_misc":{"\u00c9crit par":"redazione","Dur\u00e9e de lecture estim\u00e9e":"7 minutes"},"schema":{"@context":"https:\/\/schema.org","@graph":[{"@type":"Article","@id":"https:\/\/www.bellunopress.it\/2012\/12\/02\/cortina-ad-ogni-costo-top-events-da-dicembre-ad-aprile\/#article","isPartOf":{"@id":"https:\/\/www.bellunopress.it\/2012\/12\/02\/cortina-ad-ogni-costo-top-events-da-dicembre-ad-aprile\/"},"author":{"name":"redazione","@id":"https:\/\/www.bellunopress.it\/#\/schema\/person\/79bb06722b37ece1c03d3e94beb30d73"},"headline":"Cortina ad ogni costo. Top events da dicembre ad aprile","datePublished":"2012-12-02T08:47:09+00:00","mainEntityOfPage":{"@id":"https:\/\/www.bellunopress.it\/2012\/12\/02\/cortina-ad-ogni-costo-top-events-da-dicembre-ad-aprile\/"},"wordCount":1352,"publisher":{"@id":"https:\/\/www.bellunopress.it\/#organization"},"image":{"@id":"https:\/\/www.bellunopress.it\/2012\/12\/02\/cortina-ad-ogni-costo-top-events-da-dicembre-ad-aprile\/#primaryimage"},"thumbnailUrl":"http:\/\/www.bellunopress.it\/wp-content\/uploads\/2010\/01\/cortina-sci.jpg","articleSection":["Appuntamenti, Eventi","Pausa Caff\u00e8"],"inLanguage":"fr-FR"},{"@type":"WebPage","@id":"https:\/\/www.bellunopress.it\/2012\/12\/02\/cortina-ad-ogni-costo-top-events-da-dicembre-ad-aprile\/","url":"https:\/\/www.bellunopress.it\/2012\/12\/02\/cortina-ad-ogni-costo-top-events-da-dicembre-ad-aprile\/","name":"Cortina ad ogni costo. Top events da dicembre ad aprile - Bellunopress - Dolomiti","isPartOf":{"@id":"https:\/\/www.bellunopress.it\/#website"},"primaryImageOfPage":{"@id":"https:\/\/www.bellunopress.it\/2012\/12\/02\/cortina-ad-ogni-costo-top-events-da-dicembre-ad-aprile\/#primaryimage"},"image":{"@id":"https:\/\/www.bellunopress.it\/2012\/12\/02\/cortina-ad-ogni-costo-top-events-da-dicembre-ad-aprile\/#primaryimage"},"thumbnailUrl":"http:\/\/www.bellunopress.it\/wp-content\/uploads\/2010\/01\/cortina-sci.jpg","datePublished":"2012-12-02T08:47:09+00:00","breadcrumb":{"@id":"https:\/\/www.bellunopress.it\/2012\/12\/02\/cortina-ad-ogni-costo-top-events-da-dicembre-ad-aprile\/#breadcrumb"},"inLanguage":"fr-FR","potentialAction":[{"@type":"ReadAction","target":["https:\/\/www.bellunopress.it\/2012\/12\/02\/cortina-ad-ogni-costo-top-events-da-dicembre-ad-aprile\/"]}]},{"@type":"ImageObject","inLanguage":"fr-FR","@id":"https:\/\/www.bellunopress.it\/2012\/12\/02\/cortina-ad-ogni-costo-top-events-da-dicembre-ad-aprile\/#primaryimage","url":"http:\/\/www.bellunopress.it\/wp-content\/uploads\/2010\/01\/cortina-sci.jpg","contentUrl":"http:\/\/www.bellunopress.it\/wp-content\/uploads\/2010\/01\/cortina-sci.jpg"},{"@type":"BreadcrumbList","@id":"https:\/\/www.bellunopress.it\/2012\/12\/02\/cortina-ad-ogni-costo-top-events-da-dicembre-ad-aprile\/#breadcrumb","itemListElement":[{"@type":"ListItem","position":1,"name":"Home","item":"https:\/\/www.bellunopress.it\/"},{"@type":"ListItem","position":2,"name":"Cortina ad ogni costo. Top events da dicembre ad aprile"}]},{"@type":"WebSite","@id":"https:\/\/www.bellunopress.it\/#website","url":"https:\/\/www.bellunopress.it\/","name":"Bellunopress - Dolomiti","description":"e-mail: redazione@bellunopress.it","publisher":{"@id":"https:\/\/www.bellunopress.it\/#organization"},"potentialAction":[{"@type":"SearchAction","target":{"@type":"EntryPoint","urlTemplate":"https:\/\/www.bellunopress.it\/?s={search_term_string}"},"query-input":{"@type":"PropertyValueSpecification","valueRequired":true,"valueName":"search_term_string"}}],"inLanguage":"fr-FR"},{"@type":"Organization","@id":"https:\/\/www.bellunopress.it\/#organization","name":"Bellunopress","url":"https:\/\/www.bellunopress.it\/","logo":{"@type":"ImageObject","inLanguage":"fr-FR","@id":"https:\/\/www.bellunopress.it\/#\/schema\/logo\/image\/","url":"https:\/\/www.bellunopress.it\/wp-content\/uploads\/2011\/05\/cropped-logo-bellunopress-.jpg","contentUrl":"https:\/\/www.bellunopress.it\/wp-content\/uploads\/2011\/05\/cropped-logo-bellunopress-.jpg","width":512,"height":512,"caption":"Bellunopress"},"image":{"@id":"https:\/\/www.bellunopress.it\/#\/schema\/logo\/image\/"},"sameAs":["https:\/\/www.facebook.com\/profile.php?id=100008943462799","https:\/\/x.com\/bellunopress","https:\/\/www.linkedin.com\/hp\/?dnr=JBzUWaJfMUw8vbXJJ2tVW5-I3jZKvC4wsoxE&amp;amp;amp;amp;amp;amp;trk=nav_responsive_tab_home","https:\/\/www.youtube.com\/channel\/UCxL0wu1uN0_3_7hGG0306cw"]},{"@type":"Person","@id":"https:\/\/www.bellunopress.it\/#\/schema\/person\/79bb06722b37ece1c03d3e94beb30d73","name":"r\u00e9daction","image":{"@type":"ImageObject","inLanguage":"fr-FR","@id":"https:\/\/secure.gravatar.com\/avatar\/37d968a2e67a6fd04c169c4bdef102d0bc5d31b2546345219e348575eb80e9a0?s=96&d=mm&r=g","url":"https:\/\/secure.gravatar.com\/avatar\/37d968a2e67a6fd04c169c4bdef102d0bc5d31b2546345219e348575eb80e9a0?s=96&d=mm&r=g","contentUrl":"https:\/\/secure.gravatar.com\/avatar\/37d968a2e67a6fd04c169c4bdef102d0bc5d31b2546345219e348575eb80e9a0?s=96&d=mm&r=g","caption":"redazione"},"sameAs":["http:\/\/www.bellunopress.it","https:\/\/x.com\/bellunopress"],"url":"https:\/\/www.bellunopress.it\/fr\/author\/redazione\/"}]}},"_links":{"self":[{"href":"https:\/\/www.bellunopress.it\/fr\/wp-json\/wp\/v2\/posts\/44400","targetHints":{"allow":["GET"]}}],"collection":[{"href":"https:\/\/www.bellunopress.it\/fr\/wp-json\/wp\/v2\/posts"}],"about":[{"href":"https:\/\/www.bellunopress.it\/fr\/wp-json\/wp\/v2\/types\/post"}],"author":[{"embeddable":true,"href":"https:\/\/www.bellunopress.it\/fr\/wp-json\/wp\/v2\/users\/2"}],"replies":[{"embeddable":true,"href":"https:\/\/www.bellunopress.it\/fr\/wp-json\/wp\/v2\/comments?post=44400"}],"version-history":[{"count":1,"href":"https:\/\/www.bellunopress.it\/fr\/wp-json\/wp\/v2\/posts\/44400\/revisions"}],"predecessor-version":[{"id":44401,"href":"https:\/\/www.bellunopress.it\/fr\/wp-json\/wp\/v2\/posts\/44400\/revisions\/44401"}],"wp:attachment":[{"href":"https:\/\/www.bellunopress.it\/fr\/wp-json\/wp\/v2\/media?parent=44400"}],"wp:term":[{"taxonomy":"category","embeddable":true,"href":"https:\/\/www.bellunopress.it\/fr\/wp-json\/wp\/v2\/categories?post=44400"},{"taxonomy":"post_tag","embeddable":true,"href":"https:\/\/www.bellunopress.it\/fr\/wp-json\/wp\/v2\/tags?post=44400"}],"curies":[{"name":"wp","href":"https:\/\/api.w.org\/{rel}","templated":true}]}}