{"id":44398,"date":"2012-12-02T09:37:18","date_gmt":"2012-12-02T08:37:18","guid":{"rendered":"http:\/\/www.bellunopress.it\/?p=44398"},"modified":"2012-12-02T09:37:18","modified_gmt":"2012-12-02T08:37:18","slug":"mostra-fotografica-a-mel-un-passo-avanti-dalle-radici-alla-passione","status":"publish","type":"post","link":"https:\/\/www.bellunopress.it\/fr\/2012\/12\/02\/mostra-fotografica-a-mel-un-passo-avanti-dalle-radici-alla-passione\/","title":{"rendered":"Mostra fotografica a Mel: \u201cun passo avanti &#8211; dalle radici alla passione\u201d"},"content":{"rendered":"<p>L\u2019inaugurazione della Mostra fotografica dedicata a Gianni Francescon si terr\u00e0 venerd\u00ec 7 dicembre alle 18 presso il salone municipale di Mel. Con l\u2019intervento critico di Antonella Alban e di Fabio Carnio. La mostra, che gode del patrocinio del Comune di Mel ed \u00e8 sostenuta dall\u2019associazione \u201cAmici di Nelo\u201d, sar\u00e0 visitabile presso il Palazzo delle Contesse a Mel (BL) dal 08-12-12 al 06-01-13 con i seguenti orari : venerd\u00ec 14,30 \/ 19,00, sabato\/domenica\/festivi dalle 10 \/ 12 &#8211; 14,30 \/ 19,00. L\u2019ingresso \u00e8 libero.<\/p>\n<p>La prematura scomparsa di Gianni Francescon ha lasciato un grande vuoto non solo nella cerchia dei conoscenti che lo stimavano per la sua sincerit\u00e0 e bont\u00e0 d\u2019animo, ma anche per la sua discreta generosit\u00e0 che lo ha contraddistinto nella sua breve esistenza.<\/p>\n<p>Persona di poche parole ma di tanti fatti concreti, ha affrontato la sua vita con la virilit\u00e0 di chi crede nelle piccole grandi cose come l\u2019amicizia, la parola data, l\u2019onore e la volont\u00e0 di costruire comunque qualcosa di positivo. Parole queste che sembrano desuete nella nostra societ\u00e0 abituata pi\u00f9 all\u2019apparire che all\u2019essere. Gianni Francescon collaborava da tanti anni con varie associazioni e con la locale Pro Loco, sempre pronto a dare una mano dove serviva. Per onorare la sua figura, ma soprattutto per far conoscere la sua arte fotografica, la Pro Loco Zumellese ha organizzato una interessante mostra che permetter\u00e0 di cogliere non solo vari scorci inediti di paesaggi e vedute del territorio e della natura che tanto amava, ma anche la sua abilit\u00e0 e sensibilit\u00e0 nel cogliere delle emozioni e di fissarle in immagini.<\/p>\n<p>&nbsp;<\/p>\n<p>&nbsp;<\/p>\n<p>&nbsp;<\/p>\n<p>&nbsp;<\/p>\n<p>&nbsp;<\/p>\n<p>&nbsp;<\/p>","protected":false},"excerpt":{"rendered":"<p>L\u2019inaugurazione della Mostra fotografica dedicata a Gianni Francescon si terr\u00e0 venerd\u00ec 7 dicembre alle 18 presso il salone municipale di Mel. Con l\u2019intervento critico di Antonella Alban e di Fabio Carnio. La mostra, che gode del patrocinio del Comune di Mel ed \u00e8 sostenuta dall\u2019associazione \u201cAmici di Nelo\u201d, sar\u00e0 visitabile presso il Palazzo delle Contesse [&hellip;]<\/p>\n","protected":false},"author":2,"featured_media":0,"comment_status":"closed","ping_status":"open","sticky":false,"template":"","format":"standard","meta":{"footnotes":""},"categories":[27,3,25],"tags":[],"class_list":["post-44398","post","type-post","status-publish","format-standard","category-appuntamenti","category-arte-cultura-spettacoli-scienza-archivi","category-pausa-caffe"],"yoast_head":"<!-- This site is optimized with the Yoast SEO plugin v28.4 - https:\/\/yoast.com\/product\/yoast-seo-wordpress\/ -->\n<title>Mostra fotografica a Mel: \u201cun passo avanti - dalle radici alla passione\u201d - Bellunopress - Dolomiti<\/title>\n<meta name=\"robots\" content=\"index, follow, max-snippet:-1, max-image-preview:large, max-video-preview:-1\" \/>\n<link rel=\"canonical\" href=\"https:\/\/www.bellunopress.it\/fr\/2012\/12\/02\/mostra-fotografica-a-mel-un-passo-avanti-dalle-radici-alla-passione\/\" \/>\n<meta property=\"og:locale\" content=\"fr_FR\" \/>\n<meta property=\"og:type\" content=\"article\" \/>\n<meta property=\"og:title\" content=\"Mostra fotografica a Mel: \u201cun passo avanti - dalle radici alla passione\u201d - Bellunopress - Dolomiti\" \/>\n<meta property=\"og:description\" content=\"L\u2019inaugurazione della Mostra fotografica dedicata a Gianni Francescon si terr\u00e0 venerd\u00ec 7 dicembre alle 18 presso il salone municipale di Mel. Con l\u2019intervento critico di Antonella Alban e di Fabio Carnio. La mostra, che gode del patrocinio del Comune di Mel ed \u00e8 sostenuta dall\u2019associazione \u201cAmici di Nelo\u201d, sar\u00e0 visitabile presso il Palazzo delle Contesse [&hellip;]\" \/>\n<meta property=\"og:url\" content=\"https:\/\/www.bellunopress.it\/fr\/2012\/12\/02\/mostra-fotografica-a-mel-un-passo-avanti-dalle-radici-alla-passione\/\" \/>\n<meta property=\"og:site_name\" content=\"Bellunopress - Dolomiti\" \/>\n<meta property=\"article:publisher\" content=\"https:\/\/www.facebook.com\/profile.php?id=100008943462799\" \/>\n<meta property=\"article:published_time\" content=\"2012-12-02T08:37:18+00:00\" \/>\n<meta property=\"og:image\" content=\"http:\/\/www.bellunopress.it\/wp-content\/uploads\/2012\/07\/logo-bellunopress-250x250-2012.jpg\" \/>\n<meta name=\"author\" content=\"redazione\" \/>\n<meta name=\"twitter:card\" content=\"summary_large_image\" \/>\n<meta name=\"twitter:creator\" content=\"@bellunopress\" \/>\n<meta name=\"twitter:site\" content=\"@bellunopress\" \/>\n<meta name=\"twitter:label1\" content=\"Written by\" \/>\n\t<meta name=\"twitter:data1\" content=\"redazione\" \/>\n\t<meta name=\"twitter:label2\" content=\"Est. reading time\" \/>\n\t<meta name=\"twitter:data2\" content=\"1 minute\" \/>\n<script type=\"application\/ld+json\" class=\"yoast-schema-graph\">{\"@context\":\"https:\\\/\\\/schema.org\",\"@graph\":[{\"@type\":\"Article\",\"@id\":\"https:\\\/\\\/www.bellunopress.it\\\/2012\\\/12\\\/02\\\/mostra-fotografica-a-mel-un-passo-avanti-dalle-radici-alla-passione\\\/#article\",\"isPartOf\":{\"@id\":\"https:\\\/\\\/www.bellunopress.it\\\/2012\\\/12\\\/02\\\/mostra-fotografica-a-mel-un-passo-avanti-dalle-radici-alla-passione\\\/\"},\"author\":{\"name\":\"redazione\",\"@id\":\"https:\\\/\\\/www.bellunopress.it\\\/#\\\/schema\\\/person\\\/79bb06722b37ece1c03d3e94beb30d73\"},\"headline\":\"Mostra fotografica a Mel: \u201cun passo avanti &#8211; dalle radici alla passione\u201d\",\"datePublished\":\"2012-12-02T08:37:18+00:00\",\"mainEntityOfPage\":{\"@id\":\"https:\\\/\\\/www.bellunopress.it\\\/2012\\\/12\\\/02\\\/mostra-fotografica-a-mel-un-passo-avanti-dalle-radici-alla-passione\\\/\"},\"wordCount\":277,\"publisher\":{\"@id\":\"https:\\\/\\\/www.bellunopress.it\\\/#organization\"},\"articleSection\":[\"Appuntamenti, Eventi\",\"Arte, Cultura, Spettacoli, Scienza\",\"Pausa Caff\u00e8\"],\"inLanguage\":\"fr-FR\"},{\"@type\":\"WebPage\",\"@id\":\"https:\\\/\\\/www.bellunopress.it\\\/2012\\\/12\\\/02\\\/mostra-fotografica-a-mel-un-passo-avanti-dalle-radici-alla-passione\\\/\",\"url\":\"https:\\\/\\\/www.bellunopress.it\\\/2012\\\/12\\\/02\\\/mostra-fotografica-a-mel-un-passo-avanti-dalle-radici-alla-passione\\\/\",\"name\":\"Mostra fotografica a Mel: \u201cun passo avanti - dalle radici alla passione\u201d - Bellunopress - Dolomiti\",\"isPartOf\":{\"@id\":\"https:\\\/\\\/www.bellunopress.it\\\/#website\"},\"datePublished\":\"2012-12-02T08:37:18+00:00\",\"breadcrumb\":{\"@id\":\"https:\\\/\\\/www.bellunopress.it\\\/2012\\\/12\\\/02\\\/mostra-fotografica-a-mel-un-passo-avanti-dalle-radici-alla-passione\\\/#breadcrumb\"},\"inLanguage\":\"fr-FR\",\"potentialAction\":[{\"@type\":\"ReadAction\",\"target\":[\"https:\\\/\\\/www.bellunopress.it\\\/2012\\\/12\\\/02\\\/mostra-fotografica-a-mel-un-passo-avanti-dalle-radici-alla-passione\\\/\"]}]},{\"@type\":\"BreadcrumbList\",\"@id\":\"https:\\\/\\\/www.bellunopress.it\\\/2012\\\/12\\\/02\\\/mostra-fotografica-a-mel-un-passo-avanti-dalle-radici-alla-passione\\\/#breadcrumb\",\"itemListElement\":[{\"@type\":\"ListItem\",\"position\":1,\"name\":\"Home\",\"item\":\"https:\\\/\\\/www.bellunopress.it\\\/\"},{\"@type\":\"ListItem\",\"position\":2,\"name\":\"Mostra fotografica a Mel: \u201cun passo avanti &#8211; dalle radici alla passione\u201d\"}]},{\"@type\":\"WebSite\",\"@id\":\"https:\\\/\\\/www.bellunopress.it\\\/#website\",\"url\":\"https:\\\/\\\/www.bellunopress.it\\\/\",\"name\":\"Bellunopress - Dolomiti\",\"description\":\"e-mail: redazione@bellunopress.it\",\"publisher\":{\"@id\":\"https:\\\/\\\/www.bellunopress.it\\\/#organization\"},\"potentialAction\":[{\"@type\":\"SearchAction\",\"target\":{\"@type\":\"EntryPoint\",\"urlTemplate\":\"https:\\\/\\\/www.bellunopress.it\\\/?s={search_term_string}\"},\"query-input\":{\"@type\":\"PropertyValueSpecification\",\"valueRequired\":true,\"valueName\":\"search_term_string\"}}],\"inLanguage\":\"fr-FR\"},{\"@type\":\"Organization\",\"@id\":\"https:\\\/\\\/www.bellunopress.it\\\/#organization\",\"name\":\"Bellunopress\",\"url\":\"https:\\\/\\\/www.bellunopress.it\\\/\",\"logo\":{\"@type\":\"ImageObject\",\"inLanguage\":\"fr-FR\",\"@id\":\"https:\\\/\\\/www.bellunopress.it\\\/#\\\/schema\\\/logo\\\/image\\\/\",\"url\":\"https:\\\/\\\/www.bellunopress.it\\\/wp-content\\\/uploads\\\/2011\\\/05\\\/cropped-logo-bellunopress-.jpg\",\"contentUrl\":\"https:\\\/\\\/www.bellunopress.it\\\/wp-content\\\/uploads\\\/2011\\\/05\\\/cropped-logo-bellunopress-.jpg\",\"width\":512,\"height\":512,\"caption\":\"Bellunopress\"},\"image\":{\"@id\":\"https:\\\/\\\/www.bellunopress.it\\\/#\\\/schema\\\/logo\\\/image\\\/\"},\"sameAs\":[\"https:\\\/\\\/www.facebook.com\\\/profile.php?id=100008943462799\",\"https:\\\/\\\/x.com\\\/bellunopress\",\"https:\\\/\\\/www.linkedin.com\\\/hp\\\/?dnr=JBzUWaJfMUw8vbXJJ2tVW5-I3jZKvC4wsoxE&amp;amp;amp;amp;amp;amp;trk=nav_responsive_tab_home\",\"https:\\\/\\\/www.youtube.com\\\/channel\\\/UCxL0wu1uN0_3_7hGG0306cw\"]},{\"@type\":\"Person\",\"@id\":\"https:\\\/\\\/www.bellunopress.it\\\/#\\\/schema\\\/person\\\/79bb06722b37ece1c03d3e94beb30d73\",\"name\":\"redazione\",\"image\":{\"@type\":\"ImageObject\",\"inLanguage\":\"fr-FR\",\"@id\":\"https:\\\/\\\/secure.gravatar.com\\\/avatar\\\/37d968a2e67a6fd04c169c4bdef102d0bc5d31b2546345219e348575eb80e9a0?s=96&d=mm&r=g\",\"url\":\"https:\\\/\\\/secure.gravatar.com\\\/avatar\\\/37d968a2e67a6fd04c169c4bdef102d0bc5d31b2546345219e348575eb80e9a0?s=96&d=mm&r=g\",\"contentUrl\":\"https:\\\/\\\/secure.gravatar.com\\\/avatar\\\/37d968a2e67a6fd04c169c4bdef102d0bc5d31b2546345219e348575eb80e9a0?s=96&d=mm&r=g\",\"caption\":\"redazione\"},\"sameAs\":[\"http:\\\/\\\/www.bellunopress.it\",\"https:\\\/\\\/x.com\\\/bellunopress\"],\"url\":\"https:\\\/\\\/www.bellunopress.it\\\/fr\\\/author\\\/redazione\\\/\"}]}<\/script>\n<!-- \/ Yoast SEO plugin. -->","yoast_head_json":{"title":"Mostra fotografica a Mel: \u201cun passo avanti - dalle radici alla passione\u201d - Bellunopress - Dolomiti","robots":{"index":"index","follow":"follow","max-snippet":"max-snippet:-1","max-image-preview":"max-image-preview:large","max-video-preview":"max-video-preview:-1"},"canonical":"https:\/\/www.bellunopress.it\/fr\/2012\/12\/02\/mostra-fotografica-a-mel-un-passo-avanti-dalle-radici-alla-passione\/","og_locale":"fr_FR","og_type":"article","og_title":"Mostra fotografica a Mel: \u201cun passo avanti - dalle radici alla passione\u201d - Bellunopress - Dolomiti","og_description":"L\u2019inaugurazione della Mostra fotografica dedicata a Gianni Francescon si terr\u00e0 venerd\u00ec 7 dicembre alle 18 presso il salone municipale di Mel. Con l\u2019intervento critico di Antonella Alban e di Fabio Carnio. La mostra, che gode del patrocinio del Comune di Mel ed \u00e8 sostenuta dall\u2019associazione \u201cAmici di Nelo\u201d, sar\u00e0 visitabile presso il Palazzo delle Contesse [&hellip;]","og_url":"https:\/\/www.bellunopress.it\/fr\/2012\/12\/02\/mostra-fotografica-a-mel-un-passo-avanti-dalle-radici-alla-passione\/","og_site_name":"Bellunopress - Dolomiti","article_publisher":"https:\/\/www.facebook.com\/profile.php?id=100008943462799","article_published_time":"2012-12-02T08:37:18+00:00","og_image":[{"url":"http:\/\/www.bellunopress.it\/wp-content\/uploads\/2012\/07\/logo-bellunopress-250x250-2012.jpg","type":"","width":"","height":""}],"author":"redazione","twitter_card":"summary_large_image","twitter_creator":"@bellunopress","twitter_site":"@bellunopress","twitter_misc":{"Written by":"redazione","Est. reading time":"1 minute"},"schema":{"@context":"https:\/\/schema.org","@graph":[{"@type":"Article","@id":"https:\/\/www.bellunopress.it\/2012\/12\/02\/mostra-fotografica-a-mel-un-passo-avanti-dalle-radici-alla-passione\/#article","isPartOf":{"@id":"https:\/\/www.bellunopress.it\/2012\/12\/02\/mostra-fotografica-a-mel-un-passo-avanti-dalle-radici-alla-passione\/"},"author":{"name":"redazione","@id":"https:\/\/www.bellunopress.it\/#\/schema\/person\/79bb06722b37ece1c03d3e94beb30d73"},"headline":"Mostra fotografica a Mel: \u201cun passo avanti &#8211; dalle radici alla passione\u201d","datePublished":"2012-12-02T08:37:18+00:00","mainEntityOfPage":{"@id":"https:\/\/www.bellunopress.it\/2012\/12\/02\/mostra-fotografica-a-mel-un-passo-avanti-dalle-radici-alla-passione\/"},"wordCount":277,"publisher":{"@id":"https:\/\/www.bellunopress.it\/#organization"},"articleSection":["Appuntamenti, Eventi","Arte, Cultura, Spettacoli, Scienza","Pausa Caff\u00e8"],"inLanguage":"fr-FR"},{"@type":"WebPage","@id":"https:\/\/www.bellunopress.it\/2012\/12\/02\/mostra-fotografica-a-mel-un-passo-avanti-dalle-radici-alla-passione\/","url":"https:\/\/www.bellunopress.it\/2012\/12\/02\/mostra-fotografica-a-mel-un-passo-avanti-dalle-radici-alla-passione\/","name":"Mostra fotografica a Mel: \u201cun passo avanti - dalle radici alla passione\u201d - Bellunopress - Dolomiti","isPartOf":{"@id":"https:\/\/www.bellunopress.it\/#website"},"datePublished":"2012-12-02T08:37:18+00:00","breadcrumb":{"@id":"https:\/\/www.bellunopress.it\/2012\/12\/02\/mostra-fotografica-a-mel-un-passo-avanti-dalle-radici-alla-passione\/#breadcrumb"},"inLanguage":"fr-FR","potentialAction":[{"@type":"ReadAction","target":["https:\/\/www.bellunopress.it\/2012\/12\/02\/mostra-fotografica-a-mel-un-passo-avanti-dalle-radici-alla-passione\/"]}]},{"@type":"BreadcrumbList","@id":"https:\/\/www.bellunopress.it\/2012\/12\/02\/mostra-fotografica-a-mel-un-passo-avanti-dalle-radici-alla-passione\/#breadcrumb","itemListElement":[{"@type":"ListItem","position":1,"name":"Home","item":"https:\/\/www.bellunopress.it\/"},{"@type":"ListItem","position":2,"name":"Mostra fotografica a Mel: \u201cun passo avanti &#8211; dalle radici alla passione\u201d"}]},{"@type":"WebSite","@id":"https:\/\/www.bellunopress.it\/#website","url":"https:\/\/www.bellunopress.it\/","name":"Bellunopress - Dolomiti","description":"e-mail: redazione@bellunopress.it","publisher":{"@id":"https:\/\/www.bellunopress.it\/#organization"},"potentialAction":[{"@type":"SearchAction","target":{"@type":"EntryPoint","urlTemplate":"https:\/\/www.bellunopress.it\/?s={search_term_string}"},"query-input":{"@type":"PropertyValueSpecification","valueRequired":true,"valueName":"search_term_string"}}],"inLanguage":"fr-FR"},{"@type":"Organization","@id":"https:\/\/www.bellunopress.it\/#organization","name":"Bellunopress","url":"https:\/\/www.bellunopress.it\/","logo":{"@type":"ImageObject","inLanguage":"fr-FR","@id":"https:\/\/www.bellunopress.it\/#\/schema\/logo\/image\/","url":"https:\/\/www.bellunopress.it\/wp-content\/uploads\/2011\/05\/cropped-logo-bellunopress-.jpg","contentUrl":"https:\/\/www.bellunopress.it\/wp-content\/uploads\/2011\/05\/cropped-logo-bellunopress-.jpg","width":512,"height":512,"caption":"Bellunopress"},"image":{"@id":"https:\/\/www.bellunopress.it\/#\/schema\/logo\/image\/"},"sameAs":["https:\/\/www.facebook.com\/profile.php?id=100008943462799","https:\/\/x.com\/bellunopress","https:\/\/www.linkedin.com\/hp\/?dnr=JBzUWaJfMUw8vbXJJ2tVW5-I3jZKvC4wsoxE&amp;amp;amp;amp;amp;amp;trk=nav_responsive_tab_home","https:\/\/www.youtube.com\/channel\/UCxL0wu1uN0_3_7hGG0306cw"]},{"@type":"Person","@id":"https:\/\/www.bellunopress.it\/#\/schema\/person\/79bb06722b37ece1c03d3e94beb30d73","name":"r\u00e9daction","image":{"@type":"ImageObject","inLanguage":"fr-FR","@id":"https:\/\/secure.gravatar.com\/avatar\/37d968a2e67a6fd04c169c4bdef102d0bc5d31b2546345219e348575eb80e9a0?s=96&d=mm&r=g","url":"https:\/\/secure.gravatar.com\/avatar\/37d968a2e67a6fd04c169c4bdef102d0bc5d31b2546345219e348575eb80e9a0?s=96&d=mm&r=g","contentUrl":"https:\/\/secure.gravatar.com\/avatar\/37d968a2e67a6fd04c169c4bdef102d0bc5d31b2546345219e348575eb80e9a0?s=96&d=mm&r=g","caption":"redazione"},"sameAs":["http:\/\/www.bellunopress.it","https:\/\/x.com\/bellunopress"],"url":"https:\/\/www.bellunopress.it\/fr\/author\/redazione\/"}]}},"_links":{"self":[{"href":"https:\/\/www.bellunopress.it\/fr\/wp-json\/wp\/v2\/posts\/44398","targetHints":{"allow":["GET"]}}],"collection":[{"href":"https:\/\/www.bellunopress.it\/fr\/wp-json\/wp\/v2\/posts"}],"about":[{"href":"https:\/\/www.bellunopress.it\/fr\/wp-json\/wp\/v2\/types\/post"}],"author":[{"embeddable":true,"href":"https:\/\/www.bellunopress.it\/fr\/wp-json\/wp\/v2\/users\/2"}],"replies":[{"embeddable":true,"href":"https:\/\/www.bellunopress.it\/fr\/wp-json\/wp\/v2\/comments?post=44398"}],"version-history":[{"count":1,"href":"https:\/\/www.bellunopress.it\/fr\/wp-json\/wp\/v2\/posts\/44398\/revisions"}],"predecessor-version":[{"id":44399,"href":"https:\/\/www.bellunopress.it\/fr\/wp-json\/wp\/v2\/posts\/44398\/revisions\/44399"}],"wp:attachment":[{"href":"https:\/\/www.bellunopress.it\/fr\/wp-json\/wp\/v2\/media?parent=44398"}],"wp:term":[{"taxonomy":"category","embeddable":true,"href":"https:\/\/www.bellunopress.it\/fr\/wp-json\/wp\/v2\/categories?post=44398"},{"taxonomy":"post_tag","embeddable":true,"href":"https:\/\/www.bellunopress.it\/fr\/wp-json\/wp\/v2\/tags?post=44398"}],"curies":[{"name":"wp","href":"https:\/\/api.w.org\/{rel}","templated":true}]}}