{"id":44396,"date":"2012-12-02T09:32:54","date_gmt":"2012-12-02T08:32:54","guid":{"rendered":"http:\/\/www.bellunopress.it\/?p=44396"},"modified":"2012-12-02T09:32:54","modified_gmt":"2012-12-02T08:32:54","slug":"apre-mig-a-longarone-fiere-la-mostra-internazionale-del-gelato-ospita-questanno-200-marchi","status":"publish","type":"post","link":"https:\/\/www.bellunopress.it\/fr\/2012\/12\/02\/apre-mig-a-longarone-fiere-la-mostra-internazionale-del-gelato-ospita-questanno-200-marchi\/","title":{"rendered":"Apre Mig a Longarone fiere, la Mostra internazionale del gelato ospita quest&#8217;anno 200 marchi"},"content":{"rendered":"<p>Il mondo del gelato artigianale si ritrova da domenica 2, sino a mercoled\u00ec 5 dicembre a Longarone (Belluno) per la 53. edizione della MIG &#8211; Mostra Internazionale del Gelato Artigianale. Quattro giornate che faranno del Quartiere fieristico longaronese il punto di riferimento assoluto per il settore. L\u2019orario d\u2019apertura \u00e8 dalle 10 alle 18.30.<\/p>\n<p>La 53. MIG si presenta anche quest\u2019anno con un\u2019esposizione altamente qualificata e specializzata con la presenza di 200 marchi aziendali, di cui una cinquantina di esteri da 17 Paesi, il meglio in campo internazionale della produzione di macchine, attrezzature, semilavorati, materie prime, arredamenti e accessori per la gelateria artigiana. La MIG \u00e8 la pi\u00f9 antica delle manifestazioni fieristiche del settore della gelateria artigianale in Italia: un significativo comparto economico, con oltre 35.000 punti vendita, dei quali circa 9.000 strettamente artigianali con proprio laboratorio, che genera un fatturato complessivo stimato in 2,5 miliardi di euro e d\u00e0 lavoro a oltre 100.000 addetti. Il consumo annuo di gelato si aggira in Italia, secondo le pi\u00f9 recenti stime, sui 6 kg pro-capite.<\/p>\n<p>L\u2019edizione di quest\u2019anno della Mostra Internazionale del Gelato Artigianale di Longarone sar\u00e0 dedicata, in particolare, alla presentazione e alla promozione della 1^ Giornata Europea del Gelato Artigianale, riconosciuta ufficialmente dal Parlamento Europeo e da sempre sostenuta da Longarone Fiere a fianco di Artglace, la Confederazione delle Associazioni Europee dei gelatieri. La cerimonia di apertura ufficiale (ore 11) vedr\u00e0 infatti la presenza di alcuni degli Europarlamentari che hanno reso possibile questo risultato di grande prestigio e valore per tutta la filiera del gelato artigianale, dell\u2019assessore regionale del Veneto alle politiche comunitarie, Roberto Ciambetti, del presidente di Artglace, Ferdinando Buonocore e dei sindaci rappresentativi dei territori da cui \u00e8 nata la tradizione del gelato artigianale. La cerimonia sar\u00e0 accompagnata dal coro Cortina diretto dal maestro Marino Baldissera e si concluder\u00e0 con la consegna del 17\u00b0 premio \u201dMastri Gelatieri\u201d assegnato quest\u2019anno alla gelateria \u201cLa Veneziana\u201d di Giovanni e Bortolo De Luca di Lisbona (Portogallo).<\/p>\n<p>In fiera sono attesi operatori e gelatieri provenienti da tutto il mondo, in particolare operanti in Germania, Austria, Spagna, Olanda e dai Paesi dell\u2019Est Europa. In questi ultimi giorni sono giunte a Longarone Fiere Dolomiti richieste di informazioni e di partecipazione da Paesi quali Giappone, Brasile, Canada, Turchia, Argentina, Finlandia, Svezia e Russia, solo per citarne alcuni. Accreditate anche le principali riviste di settore, e giornalisti da diversi Paesi a testimonianza dell\u2019interesse per un evento che sar\u00e0 anche al centro di dibattiti e convegni su temi di stretta attualit\u00e0. Il via alla 53. MIG sar\u00e0 salutato anche dalla trasmissione di RaiUno \u201cLinea Verde\u201d, che proprio domani, alle ore 12.30, dar\u00e0 ampio spazio al gelato nella sua preparazione ed evoluzione.<\/p>\n<p>\u201cPer Longarone Fiere Dolomiti \u00e8 una grande soddisfazione presentare anche quest\u2019anno una MIG all\u2019altezza delle migliori aspettative \u2013 commenta il presidente Oscar De Bona -. E questo nonostante la perdurante crisi economica, che inevitabilmente ha influito anche sull\u2019andamento del settore della gelateria. La MIG rappresenta per i gelatieri un concreta occasione di arricchimento sotto il profilo commerciale, tecnico e organizzativo\u201d.<\/p>\n<p>Tra gli eventi che caratterizzeranno la giornata inaugurale spicca la presentazione (ore 14.30) del Giro d\u2019Italia 2013 che far\u00e0 tappa proprio a Longarone il 16 maggio prossimo. Longarone, oltre al doveroso tributo alla memoria del 50. anniversario del disastro del Vajont, intende infatti cogliere questa occasione anche per dare risalto al mondo del gelato con delle iniziative che verranno illustrate dal sindaco di Longarone, Roberto Padrin, che sar\u00e0 presente con il direttore della corsa rosa, Mauro Vegni, oltre a campioni del ciclismo di ieri e di oggi, tra cui il vincitore della tappa arrivata a Longarone nel 1976, Simone Fraccaro. Il Giro sar\u00e0 presente in fiera anche in un apposto spazio espositivo, sotto il titolo \u201cUn gelato per il Giro\u201d, con gli esponenti dell\u2019associazione \u201cI Maestri della Gelateria Italiana\u201d proporranno il gelato al gusto \u201cMaglia Rosa\u201d che sar\u00e0 presentato unitamente ad altri 10 gusti legati alle eccellenze delle regioni italiane nelle quali sono previste le partenze delle tappe.<\/p>\n<p>&nbsp;<\/p>","protected":false},"excerpt":{"rendered":"<p>Il mondo del gelato artigianale si ritrova da domenica 2, sino a mercoled\u00ec 5 dicembre a Longarone (Belluno) per la 53. edizione della MIG &#8211; Mostra Internazionale del Gelato Artigianale. Quattro giornate che faranno del Quartiere fieristico longaronese il punto di riferimento assoluto per il settore. L\u2019orario d\u2019apertura \u00e8 dalle 10 alle 18.30. La 53. [&hellip;]<\/p>\n","protected":false},"author":2,"featured_media":0,"comment_status":"closed","ping_status":"open","sticky":false,"template":"","format":"standard","meta":{"footnotes":""},"categories":[27,25],"tags":[],"class_list":["post-44396","post","type-post","status-publish","format-standard","category-appuntamenti","category-pausa-caffe"],"yoast_head":"<!-- This site is optimized with the Yoast SEO plugin v28.4 - https:\/\/yoast.com\/product\/yoast-seo-wordpress\/ -->\n<title>Apre Mig a Longarone fiere, la Mostra internazionale del gelato ospita quest&#039;anno 200 marchi  - Bellunopress - Dolomiti<\/title>\n<meta name=\"robots\" content=\"index, follow, max-snippet:-1, max-image-preview:large, max-video-preview:-1\" \/>\n<link rel=\"canonical\" href=\"https:\/\/www.bellunopress.it\/fr\/2012\/12\/02\/apre-mig-a-longarone-fiere-la-mostra-internazionale-del-gelato-ospita-questanno-200-marchi\/\" \/>\n<meta property=\"og:locale\" content=\"fr_FR\" \/>\n<meta property=\"og:type\" content=\"article\" \/>\n<meta property=\"og:title\" content=\"Apre Mig a Longarone fiere, la Mostra internazionale del gelato ospita quest&#039;anno 200 marchi  - Bellunopress - Dolomiti\" \/>\n<meta property=\"og:description\" content=\"Il mondo del gelato artigianale si ritrova da domenica 2, sino a mercoled\u00ec 5 dicembre a Longarone (Belluno) per la 53. edizione della MIG &#8211; Mostra Internazionale del Gelato Artigianale. Quattro giornate che faranno del Quartiere fieristico longaronese il punto di riferimento assoluto per il settore. L\u2019orario d\u2019apertura \u00e8 dalle 10 alle 18.30. La 53. [&hellip;]\" \/>\n<meta property=\"og:url\" content=\"https:\/\/www.bellunopress.it\/fr\/2012\/12\/02\/apre-mig-a-longarone-fiere-la-mostra-internazionale-del-gelato-ospita-questanno-200-marchi\/\" \/>\n<meta property=\"og:site_name\" content=\"Bellunopress - Dolomiti\" \/>\n<meta property=\"article:publisher\" content=\"https:\/\/www.facebook.com\/profile.php?id=100008943462799\" \/>\n<meta property=\"article:published_time\" content=\"2012-12-02T08:32:54+00:00\" \/>\n<meta property=\"og:image\" content=\"http:\/\/www.bellunopress.it\/wp-content\/uploads\/2012\/07\/logo-bellunopress-250x250-2012.jpg\" \/>\n<meta name=\"author\" content=\"redazione\" \/>\n<meta name=\"twitter:card\" content=\"summary_large_image\" \/>\n<meta name=\"twitter:creator\" content=\"@bellunopress\" \/>\n<meta name=\"twitter:site\" content=\"@bellunopress\" \/>\n<meta name=\"twitter:label1\" content=\"Written by\" \/>\n\t<meta name=\"twitter:data1\" content=\"redazione\" \/>\n\t<meta name=\"twitter:label2\" content=\"Est. reading time\" \/>\n\t<meta name=\"twitter:data2\" content=\"3 minutes\" \/>\n<script type=\"application\/ld+json\" class=\"yoast-schema-graph\">{\"@context\":\"https:\\\/\\\/schema.org\",\"@graph\":[{\"@type\":\"Article\",\"@id\":\"https:\\\/\\\/www.bellunopress.it\\\/2012\\\/12\\\/02\\\/apre-mig-a-longarone-fiere-la-mostra-internazionale-del-gelato-ospita-questanno-200-marchi\\\/#article\",\"isPartOf\":{\"@id\":\"https:\\\/\\\/www.bellunopress.it\\\/2012\\\/12\\\/02\\\/apre-mig-a-longarone-fiere-la-mostra-internazionale-del-gelato-ospita-questanno-200-marchi\\\/\"},\"author\":{\"name\":\"redazione\",\"@id\":\"https:\\\/\\\/www.bellunopress.it\\\/#\\\/schema\\\/person\\\/79bb06722b37ece1c03d3e94beb30d73\"},\"headline\":\"Apre Mig a Longarone fiere, la Mostra internazionale del gelato ospita quest&#8217;anno 200 marchi\",\"datePublished\":\"2012-12-02T08:32:54+00:00\",\"mainEntityOfPage\":{\"@id\":\"https:\\\/\\\/www.bellunopress.it\\\/2012\\\/12\\\/02\\\/apre-mig-a-longarone-fiere-la-mostra-internazionale-del-gelato-ospita-questanno-200-marchi\\\/\"},\"wordCount\":661,\"publisher\":{\"@id\":\"https:\\\/\\\/www.bellunopress.it\\\/#organization\"},\"articleSection\":[\"Appuntamenti, Eventi\",\"Pausa Caff\u00e8\"],\"inLanguage\":\"fr-FR\"},{\"@type\":\"WebPage\",\"@id\":\"https:\\\/\\\/www.bellunopress.it\\\/2012\\\/12\\\/02\\\/apre-mig-a-longarone-fiere-la-mostra-internazionale-del-gelato-ospita-questanno-200-marchi\\\/\",\"url\":\"https:\\\/\\\/www.bellunopress.it\\\/2012\\\/12\\\/02\\\/apre-mig-a-longarone-fiere-la-mostra-internazionale-del-gelato-ospita-questanno-200-marchi\\\/\",\"name\":\"Apre Mig a Longarone fiere, la Mostra internazionale del gelato ospita quest'anno 200 marchi - Bellunopress - Dolomiti\",\"isPartOf\":{\"@id\":\"https:\\\/\\\/www.bellunopress.it\\\/#website\"},\"datePublished\":\"2012-12-02T08:32:54+00:00\",\"breadcrumb\":{\"@id\":\"https:\\\/\\\/www.bellunopress.it\\\/2012\\\/12\\\/02\\\/apre-mig-a-longarone-fiere-la-mostra-internazionale-del-gelato-ospita-questanno-200-marchi\\\/#breadcrumb\"},\"inLanguage\":\"fr-FR\",\"potentialAction\":[{\"@type\":\"ReadAction\",\"target\":[\"https:\\\/\\\/www.bellunopress.it\\\/2012\\\/12\\\/02\\\/apre-mig-a-longarone-fiere-la-mostra-internazionale-del-gelato-ospita-questanno-200-marchi\\\/\"]}]},{\"@type\":\"BreadcrumbList\",\"@id\":\"https:\\\/\\\/www.bellunopress.it\\\/2012\\\/12\\\/02\\\/apre-mig-a-longarone-fiere-la-mostra-internazionale-del-gelato-ospita-questanno-200-marchi\\\/#breadcrumb\",\"itemListElement\":[{\"@type\":\"ListItem\",\"position\":1,\"name\":\"Home\",\"item\":\"https:\\\/\\\/www.bellunopress.it\\\/\"},{\"@type\":\"ListItem\",\"position\":2,\"name\":\"Apre Mig a Longarone fiere, la Mostra internazionale del gelato ospita quest&#8217;anno 200 marchi\"}]},{\"@type\":\"WebSite\",\"@id\":\"https:\\\/\\\/www.bellunopress.it\\\/#website\",\"url\":\"https:\\\/\\\/www.bellunopress.it\\\/\",\"name\":\"Bellunopress - Dolomiti\",\"description\":\"e-mail: redazione@bellunopress.it\",\"publisher\":{\"@id\":\"https:\\\/\\\/www.bellunopress.it\\\/#organization\"},\"potentialAction\":[{\"@type\":\"SearchAction\",\"target\":{\"@type\":\"EntryPoint\",\"urlTemplate\":\"https:\\\/\\\/www.bellunopress.it\\\/?s={search_term_string}\"},\"query-input\":{\"@type\":\"PropertyValueSpecification\",\"valueRequired\":true,\"valueName\":\"search_term_string\"}}],\"inLanguage\":\"fr-FR\"},{\"@type\":\"Organization\",\"@id\":\"https:\\\/\\\/www.bellunopress.it\\\/#organization\",\"name\":\"Bellunopress\",\"url\":\"https:\\\/\\\/www.bellunopress.it\\\/\",\"logo\":{\"@type\":\"ImageObject\",\"inLanguage\":\"fr-FR\",\"@id\":\"https:\\\/\\\/www.bellunopress.it\\\/#\\\/schema\\\/logo\\\/image\\\/\",\"url\":\"https:\\\/\\\/www.bellunopress.it\\\/wp-content\\\/uploads\\\/2011\\\/05\\\/cropped-logo-bellunopress-.jpg\",\"contentUrl\":\"https:\\\/\\\/www.bellunopress.it\\\/wp-content\\\/uploads\\\/2011\\\/05\\\/cropped-logo-bellunopress-.jpg\",\"width\":512,\"height\":512,\"caption\":\"Bellunopress\"},\"image\":{\"@id\":\"https:\\\/\\\/www.bellunopress.it\\\/#\\\/schema\\\/logo\\\/image\\\/\"},\"sameAs\":[\"https:\\\/\\\/www.facebook.com\\\/profile.php?id=100008943462799\",\"https:\\\/\\\/x.com\\\/bellunopress\",\"https:\\\/\\\/www.linkedin.com\\\/hp\\\/?dnr=JBzUWaJfMUw8vbXJJ2tVW5-I3jZKvC4wsoxE&amp;amp;amp;amp;amp;amp;trk=nav_responsive_tab_home\",\"https:\\\/\\\/www.youtube.com\\\/channel\\\/UCxL0wu1uN0_3_7hGG0306cw\"]},{\"@type\":\"Person\",\"@id\":\"https:\\\/\\\/www.bellunopress.it\\\/#\\\/schema\\\/person\\\/79bb06722b37ece1c03d3e94beb30d73\",\"name\":\"redazione\",\"image\":{\"@type\":\"ImageObject\",\"inLanguage\":\"fr-FR\",\"@id\":\"https:\\\/\\\/secure.gravatar.com\\\/avatar\\\/37d968a2e67a6fd04c169c4bdef102d0bc5d31b2546345219e348575eb80e9a0?s=96&d=mm&r=g\",\"url\":\"https:\\\/\\\/secure.gravatar.com\\\/avatar\\\/37d968a2e67a6fd04c169c4bdef102d0bc5d31b2546345219e348575eb80e9a0?s=96&d=mm&r=g\",\"contentUrl\":\"https:\\\/\\\/secure.gravatar.com\\\/avatar\\\/37d968a2e67a6fd04c169c4bdef102d0bc5d31b2546345219e348575eb80e9a0?s=96&d=mm&r=g\",\"caption\":\"redazione\"},\"sameAs\":[\"http:\\\/\\\/www.bellunopress.it\",\"https:\\\/\\\/x.com\\\/bellunopress\"],\"url\":\"https:\\\/\\\/www.bellunopress.it\\\/fr\\\/author\\\/redazione\\\/\"}]}<\/script>\n<!-- \/ Yoast SEO plugin. -->","yoast_head_json":{"title":"Apre Mig a Longarone fiere, la Mostra internazionale del gelato ospita quest'anno 200 marchi  - Bellunopress - Dolomiti","robots":{"index":"index","follow":"follow","max-snippet":"max-snippet:-1","max-image-preview":"max-image-preview:large","max-video-preview":"max-video-preview:-1"},"canonical":"https:\/\/www.bellunopress.it\/fr\/2012\/12\/02\/apre-mig-a-longarone-fiere-la-mostra-internazionale-del-gelato-ospita-questanno-200-marchi\/","og_locale":"fr_FR","og_type":"article","og_title":"Apre Mig a Longarone fiere, la Mostra internazionale del gelato ospita quest'anno 200 marchi  - Bellunopress - Dolomiti","og_description":"Il mondo del gelato artigianale si ritrova da domenica 2, sino a mercoled\u00ec 5 dicembre a Longarone (Belluno) per la 53. edizione della MIG &#8211; Mostra Internazionale del Gelato Artigianale. Quattro giornate che faranno del Quartiere fieristico longaronese il punto di riferimento assoluto per il settore. L\u2019orario d\u2019apertura \u00e8 dalle 10 alle 18.30. La 53. [&hellip;]","og_url":"https:\/\/www.bellunopress.it\/fr\/2012\/12\/02\/apre-mig-a-longarone-fiere-la-mostra-internazionale-del-gelato-ospita-questanno-200-marchi\/","og_site_name":"Bellunopress - Dolomiti","article_publisher":"https:\/\/www.facebook.com\/profile.php?id=100008943462799","article_published_time":"2012-12-02T08:32:54+00:00","og_image":[{"url":"http:\/\/www.bellunopress.it\/wp-content\/uploads\/2012\/07\/logo-bellunopress-250x250-2012.jpg","type":"","width":"","height":""}],"author":"redazione","twitter_card":"summary_large_image","twitter_creator":"@bellunopress","twitter_site":"@bellunopress","twitter_misc":{"Written by":"redazione","Est. reading time":"3 minutes"},"schema":{"@context":"https:\/\/schema.org","@graph":[{"@type":"Article","@id":"https:\/\/www.bellunopress.it\/2012\/12\/02\/apre-mig-a-longarone-fiere-la-mostra-internazionale-del-gelato-ospita-questanno-200-marchi\/#article","isPartOf":{"@id":"https:\/\/www.bellunopress.it\/2012\/12\/02\/apre-mig-a-longarone-fiere-la-mostra-internazionale-del-gelato-ospita-questanno-200-marchi\/"},"author":{"name":"redazione","@id":"https:\/\/www.bellunopress.it\/#\/schema\/person\/79bb06722b37ece1c03d3e94beb30d73"},"headline":"Apre Mig a Longarone fiere, la Mostra internazionale del gelato ospita quest&#8217;anno 200 marchi","datePublished":"2012-12-02T08:32:54+00:00","mainEntityOfPage":{"@id":"https:\/\/www.bellunopress.it\/2012\/12\/02\/apre-mig-a-longarone-fiere-la-mostra-internazionale-del-gelato-ospita-questanno-200-marchi\/"},"wordCount":661,"publisher":{"@id":"https:\/\/www.bellunopress.it\/#organization"},"articleSection":["Appuntamenti, Eventi","Pausa Caff\u00e8"],"inLanguage":"fr-FR"},{"@type":"WebPage","@id":"https:\/\/www.bellunopress.it\/2012\/12\/02\/apre-mig-a-longarone-fiere-la-mostra-internazionale-del-gelato-ospita-questanno-200-marchi\/","url":"https:\/\/www.bellunopress.it\/2012\/12\/02\/apre-mig-a-longarone-fiere-la-mostra-internazionale-del-gelato-ospita-questanno-200-marchi\/","name":"Apre Mig a Longarone fiere, la Mostra internazionale del gelato ospita quest'anno 200 marchi - Bellunopress - Dolomiti","isPartOf":{"@id":"https:\/\/www.bellunopress.it\/#website"},"datePublished":"2012-12-02T08:32:54+00:00","breadcrumb":{"@id":"https:\/\/www.bellunopress.it\/2012\/12\/02\/apre-mig-a-longarone-fiere-la-mostra-internazionale-del-gelato-ospita-questanno-200-marchi\/#breadcrumb"},"inLanguage":"fr-FR","potentialAction":[{"@type":"ReadAction","target":["https:\/\/www.bellunopress.it\/2012\/12\/02\/apre-mig-a-longarone-fiere-la-mostra-internazionale-del-gelato-ospita-questanno-200-marchi\/"]}]},{"@type":"BreadcrumbList","@id":"https:\/\/www.bellunopress.it\/2012\/12\/02\/apre-mig-a-longarone-fiere-la-mostra-internazionale-del-gelato-ospita-questanno-200-marchi\/#breadcrumb","itemListElement":[{"@type":"ListItem","position":1,"name":"Home","item":"https:\/\/www.bellunopress.it\/"},{"@type":"ListItem","position":2,"name":"Apre Mig a Longarone fiere, la Mostra internazionale del gelato ospita quest&#8217;anno 200 marchi"}]},{"@type":"WebSite","@id":"https:\/\/www.bellunopress.it\/#website","url":"https:\/\/www.bellunopress.it\/","name":"Bellunopress - Dolomiti","description":"e-mail: redazione@bellunopress.it","publisher":{"@id":"https:\/\/www.bellunopress.it\/#organization"},"potentialAction":[{"@type":"SearchAction","target":{"@type":"EntryPoint","urlTemplate":"https:\/\/www.bellunopress.it\/?s={search_term_string}"},"query-input":{"@type":"PropertyValueSpecification","valueRequired":true,"valueName":"search_term_string"}}],"inLanguage":"fr-FR"},{"@type":"Organization","@id":"https:\/\/www.bellunopress.it\/#organization","name":"Bellunopress","url":"https:\/\/www.bellunopress.it\/","logo":{"@type":"ImageObject","inLanguage":"fr-FR","@id":"https:\/\/www.bellunopress.it\/#\/schema\/logo\/image\/","url":"https:\/\/www.bellunopress.it\/wp-content\/uploads\/2011\/05\/cropped-logo-bellunopress-.jpg","contentUrl":"https:\/\/www.bellunopress.it\/wp-content\/uploads\/2011\/05\/cropped-logo-bellunopress-.jpg","width":512,"height":512,"caption":"Bellunopress"},"image":{"@id":"https:\/\/www.bellunopress.it\/#\/schema\/logo\/image\/"},"sameAs":["https:\/\/www.facebook.com\/profile.php?id=100008943462799","https:\/\/x.com\/bellunopress","https:\/\/www.linkedin.com\/hp\/?dnr=JBzUWaJfMUw8vbXJJ2tVW5-I3jZKvC4wsoxE&amp;amp;amp;amp;amp;amp;trk=nav_responsive_tab_home","https:\/\/www.youtube.com\/channel\/UCxL0wu1uN0_3_7hGG0306cw"]},{"@type":"Person","@id":"https:\/\/www.bellunopress.it\/#\/schema\/person\/79bb06722b37ece1c03d3e94beb30d73","name":"r\u00e9daction","image":{"@type":"ImageObject","inLanguage":"fr-FR","@id":"https:\/\/secure.gravatar.com\/avatar\/37d968a2e67a6fd04c169c4bdef102d0bc5d31b2546345219e348575eb80e9a0?s=96&d=mm&r=g","url":"https:\/\/secure.gravatar.com\/avatar\/37d968a2e67a6fd04c169c4bdef102d0bc5d31b2546345219e348575eb80e9a0?s=96&d=mm&r=g","contentUrl":"https:\/\/secure.gravatar.com\/avatar\/37d968a2e67a6fd04c169c4bdef102d0bc5d31b2546345219e348575eb80e9a0?s=96&d=mm&r=g","caption":"redazione"},"sameAs":["http:\/\/www.bellunopress.it","https:\/\/x.com\/bellunopress"],"url":"https:\/\/www.bellunopress.it\/fr\/author\/redazione\/"}]}},"_links":{"self":[{"href":"https:\/\/www.bellunopress.it\/fr\/wp-json\/wp\/v2\/posts\/44396","targetHints":{"allow":["GET"]}}],"collection":[{"href":"https:\/\/www.bellunopress.it\/fr\/wp-json\/wp\/v2\/posts"}],"about":[{"href":"https:\/\/www.bellunopress.it\/fr\/wp-json\/wp\/v2\/types\/post"}],"author":[{"embeddable":true,"href":"https:\/\/www.bellunopress.it\/fr\/wp-json\/wp\/v2\/users\/2"}],"replies":[{"embeddable":true,"href":"https:\/\/www.bellunopress.it\/fr\/wp-json\/wp\/v2\/comments?post=44396"}],"version-history":[{"count":1,"href":"https:\/\/www.bellunopress.it\/fr\/wp-json\/wp\/v2\/posts\/44396\/revisions"}],"predecessor-version":[{"id":44397,"href":"https:\/\/www.bellunopress.it\/fr\/wp-json\/wp\/v2\/posts\/44396\/revisions\/44397"}],"wp:attachment":[{"href":"https:\/\/www.bellunopress.it\/fr\/wp-json\/wp\/v2\/media?parent=44396"}],"wp:term":[{"taxonomy":"category","embeddable":true,"href":"https:\/\/www.bellunopress.it\/fr\/wp-json\/wp\/v2\/categories?post=44396"},{"taxonomy":"post_tag","embeddable":true,"href":"https:\/\/www.bellunopress.it\/fr\/wp-json\/wp\/v2\/tags?post=44396"}],"curies":[{"name":"wp","href":"https:\/\/api.w.org\/{rel}","templated":true}]}}