{"id":44391,"date":"2012-12-01T22:47:56","date_gmt":"2012-12-01T21:47:56","guid":{"rendered":"http:\/\/www.bellunopress.it\/?p=44391"},"modified":"2012-12-01T22:50:53","modified_gmt":"2012-12-01T21:50:53","slug":"adorable-belluno-ora-su-little-italy-il-progetto-di-valorizzazione-di-piccoli-centri-italiani","status":"publish","type":"post","link":"https:\/\/www.bellunopress.it\/fr\/2012\/12\/01\/adorable-belluno-ora-su-little-italy-il-progetto-di-valorizzazione-di-piccoli-centri-italiani\/","title":{"rendered":"Adorable Belluno ora su Little Italy, il progetto di valorizzazione di piccoli centri italiani"},"content":{"rendered":"<p><a href=\"http:\/\/www.bellunopress.it\/wp-content\/uploads\/2012\/12\/belluno-adorable.jpg\"><img loading=\"lazy\" decoding=\"async\" class=\"alignleft size-full wp-image-44392\" title=\"belluno adorable\" src=\"http:\/\/www.bellunopress.it\/wp-content\/uploads\/2012\/12\/belluno-adorable.jpg\" alt=\"\" width=\"300\" height=\"168\" \/><\/a>&#8220;Noi del Comune di Belluno crediamo nella nostra Citt\u00e0. Crediamo che sia bella, che sia ospitale, che sia sorprendente. Una citt\u00e0 adorabile, dove ognuno pu\u00f2 sentirsi a casa sua. Forti di questa convinzione, vogliamo condividere questo tesoro poco conosciuto e farne la meta di chi cerca un luogo&#8230; dove trascorrere dei momenti adorable&#8221;.<\/p>\n<p><a href=\"http:\/\/vimeo.com\/54659308#t=8\">Ecco il video<\/a> realizzato per LittleItaly, il progetto di galleria video per centri italiani fuori dalle rotte di massa \u2013 raccontato con la tecnica del tilt shift \u2013 pensato per dare garanzia di grande visibilit\u00e0 mondiale ai Comuni italiani meno conosciuti. Little Italy (come anche gli altri progetti nati sull\u2019onda di Can\u2019t forget Italy) si fonda su quello che ormai intendiamo per viaggiare 2.0: mezzi costruiti ad hoc che consentono alla nicchia tematica o geografica di emergere alla pari di mete turistiche pi\u00f9 note, secondo un principio di condivisione\/diffusione elementare.<\/p>\n<p>&nbsp;<\/p>","protected":false},"excerpt":{"rendered":"<p>&#8220;Noi del Comune di Belluno crediamo nella nostra Citt\u00e0. Crediamo che sia bella, che sia ospitale, che sia sorprendente. Una citt\u00e0 adorabile, dove ognuno pu\u00f2 sentirsi a casa sua. Forti di questa convinzione, vogliamo condividere questo tesoro poco conosciuto e farne la meta di chi cerca un luogo&#8230; dove trascorrere dei momenti adorable&#8221;. Ecco il [&hellip;]<\/p>\n","protected":false},"author":2,"featured_media":0,"comment_status":"closed","ping_status":"open","sticky":false,"template":"","format":"standard","meta":{"footnotes":""},"categories":[3,5],"tags":[],"class_list":["post-44391","post","type-post","status-publish","format-standard","category-arte-cultura-spettacoli-scienza-archivi","category-cronaca"],"yoast_head":"<!-- This site is optimized with the Yoast SEO plugin v28.4 - https:\/\/yoast.com\/product\/yoast-seo-wordpress\/ -->\n<title>Adorable Belluno ora su Little Italy, il progetto di valorizzazione di piccoli centri italiani - Bellunopress - Dolomiti<\/title>\n<meta name=\"robots\" content=\"index, follow, max-snippet:-1, max-image-preview:large, max-video-preview:-1\" \/>\n<link rel=\"canonical\" href=\"https:\/\/www.bellunopress.it\/fr\/2012\/12\/01\/adorable-belluno-ora-su-little-italy-il-progetto-di-valorizzazione-di-piccoli-centri-italiani\/\" \/>\n<meta property=\"og:locale\" content=\"fr_FR\" \/>\n<meta property=\"og:type\" content=\"article\" \/>\n<meta property=\"og:title\" content=\"Adorable Belluno ora su Little Italy, il progetto di valorizzazione di piccoli centri italiani - Bellunopress - Dolomiti\" \/>\n<meta property=\"og:description\" content=\"&#8220;Noi del Comune di Belluno crediamo nella nostra Citt\u00e0. Crediamo che sia bella, che sia ospitale, che sia sorprendente. Una citt\u00e0 adorabile, dove ognuno pu\u00f2 sentirsi a casa sua. Forti di questa convinzione, vogliamo condividere questo tesoro poco conosciuto e farne la meta di chi cerca un luogo&#8230; dove trascorrere dei momenti adorable&#8221;. Ecco il [&hellip;]\" \/>\n<meta property=\"og:url\" content=\"https:\/\/www.bellunopress.it\/fr\/2012\/12\/01\/adorable-belluno-ora-su-little-italy-il-progetto-di-valorizzazione-di-piccoli-centri-italiani\/\" \/>\n<meta property=\"og:site_name\" content=\"Bellunopress - Dolomiti\" \/>\n<meta property=\"article:publisher\" content=\"https:\/\/www.facebook.com\/profile.php?id=100008943462799\" \/>\n<meta property=\"article:published_time\" content=\"2012-12-01T21:47:56+00:00\" \/>\n<meta property=\"article:modified_time\" content=\"2012-12-01T21:50:53+00:00\" \/>\n<meta property=\"og:image\" content=\"http:\/\/www.bellunopress.it\/wp-content\/uploads\/2012\/12\/belluno-adorable.jpg\" \/>\n<meta name=\"author\" content=\"redazione\" \/>\n<meta name=\"twitter:card\" content=\"summary_large_image\" \/>\n<meta name=\"twitter:creator\" content=\"@bellunopress\" \/>\n<meta name=\"twitter:site\" content=\"@bellunopress\" \/>\n<meta name=\"twitter:label1\" content=\"Written by\" \/>\n\t<meta name=\"twitter:data1\" content=\"redazione\" \/>\n\t<meta name=\"twitter:label2\" content=\"Est. reading time\" \/>\n\t<meta name=\"twitter:data2\" content=\"1 minute\" \/>\n<script type=\"application\/ld+json\" class=\"yoast-schema-graph\">{\"@context\":\"https:\\\/\\\/schema.org\",\"@graph\":[{\"@type\":\"Article\",\"@id\":\"https:\\\/\\\/www.bellunopress.it\\\/2012\\\/12\\\/01\\\/adorable-belluno-ora-su-little-italy-il-progetto-di-valorizzazione-di-piccoli-centri-italiani\\\/#article\",\"isPartOf\":{\"@id\":\"https:\\\/\\\/www.bellunopress.it\\\/2012\\\/12\\\/01\\\/adorable-belluno-ora-su-little-italy-il-progetto-di-valorizzazione-di-piccoli-centri-italiani\\\/\"},\"author\":{\"name\":\"redazione\",\"@id\":\"https:\\\/\\\/www.bellunopress.it\\\/#\\\/schema\\\/person\\\/79bb06722b37ece1c03d3e94beb30d73\"},\"headline\":\"Adorable Belluno ora su Little Italy, il progetto di valorizzazione di piccoli centri italiani\",\"datePublished\":\"2012-12-01T21:47:56+00:00\",\"dateModified\":\"2012-12-01T21:50:53+00:00\",\"mainEntityOfPage\":{\"@id\":\"https:\\\/\\\/www.bellunopress.it\\\/2012\\\/12\\\/01\\\/adorable-belluno-ora-su-little-italy-il-progetto-di-valorizzazione-di-piccoli-centri-italiani\\\/\"},\"wordCount\":158,\"publisher\":{\"@id\":\"https:\\\/\\\/www.bellunopress.it\\\/#organization\"},\"image\":{\"@id\":\"https:\\\/\\\/www.bellunopress.it\\\/2012\\\/12\\\/01\\\/adorable-belluno-ora-su-little-italy-il-progetto-di-valorizzazione-di-piccoli-centri-italiani\\\/#primaryimage\"},\"thumbnailUrl\":\"http:\\\/\\\/www.bellunopress.it\\\/wp-content\\\/uploads\\\/2012\\\/12\\\/belluno-adorable.jpg\",\"articleSection\":[\"Arte, Cultura, Spettacoli, Scienza\",\"Cronaca\\\/Politica\"],\"inLanguage\":\"fr-FR\"},{\"@type\":\"WebPage\",\"@id\":\"https:\\\/\\\/www.bellunopress.it\\\/2012\\\/12\\\/01\\\/adorable-belluno-ora-su-little-italy-il-progetto-di-valorizzazione-di-piccoli-centri-italiani\\\/\",\"url\":\"https:\\\/\\\/www.bellunopress.it\\\/2012\\\/12\\\/01\\\/adorable-belluno-ora-su-little-italy-il-progetto-di-valorizzazione-di-piccoli-centri-italiani\\\/\",\"name\":\"Adorable Belluno ora su Little Italy, il progetto di valorizzazione di piccoli centri italiani - Bellunopress - Dolomiti\",\"isPartOf\":{\"@id\":\"https:\\\/\\\/www.bellunopress.it\\\/#website\"},\"primaryImageOfPage\":{\"@id\":\"https:\\\/\\\/www.bellunopress.it\\\/2012\\\/12\\\/01\\\/adorable-belluno-ora-su-little-italy-il-progetto-di-valorizzazione-di-piccoli-centri-italiani\\\/#primaryimage\"},\"image\":{\"@id\":\"https:\\\/\\\/www.bellunopress.it\\\/2012\\\/12\\\/01\\\/adorable-belluno-ora-su-little-italy-il-progetto-di-valorizzazione-di-piccoli-centri-italiani\\\/#primaryimage\"},\"thumbnailUrl\":\"http:\\\/\\\/www.bellunopress.it\\\/wp-content\\\/uploads\\\/2012\\\/12\\\/belluno-adorable.jpg\",\"datePublished\":\"2012-12-01T21:47:56+00:00\",\"dateModified\":\"2012-12-01T21:50:53+00:00\",\"breadcrumb\":{\"@id\":\"https:\\\/\\\/www.bellunopress.it\\\/2012\\\/12\\\/01\\\/adorable-belluno-ora-su-little-italy-il-progetto-di-valorizzazione-di-piccoli-centri-italiani\\\/#breadcrumb\"},\"inLanguage\":\"fr-FR\",\"potentialAction\":[{\"@type\":\"ReadAction\",\"target\":[\"https:\\\/\\\/www.bellunopress.it\\\/2012\\\/12\\\/01\\\/adorable-belluno-ora-su-little-italy-il-progetto-di-valorizzazione-di-piccoli-centri-italiani\\\/\"]}]},{\"@type\":\"ImageObject\",\"inLanguage\":\"fr-FR\",\"@id\":\"https:\\\/\\\/www.bellunopress.it\\\/2012\\\/12\\\/01\\\/adorable-belluno-ora-su-little-italy-il-progetto-di-valorizzazione-di-piccoli-centri-italiani\\\/#primaryimage\",\"url\":\"http:\\\/\\\/www.bellunopress.it\\\/wp-content\\\/uploads\\\/2012\\\/12\\\/belluno-adorable.jpg\",\"contentUrl\":\"http:\\\/\\\/www.bellunopress.it\\\/wp-content\\\/uploads\\\/2012\\\/12\\\/belluno-adorable.jpg\"},{\"@type\":\"BreadcrumbList\",\"@id\":\"https:\\\/\\\/www.bellunopress.it\\\/2012\\\/12\\\/01\\\/adorable-belluno-ora-su-little-italy-il-progetto-di-valorizzazione-di-piccoli-centri-italiani\\\/#breadcrumb\",\"itemListElement\":[{\"@type\":\"ListItem\",\"position\":1,\"name\":\"Home\",\"item\":\"https:\\\/\\\/www.bellunopress.it\\\/\"},{\"@type\":\"ListItem\",\"position\":2,\"name\":\"Adorable Belluno ora su Little Italy, il progetto di valorizzazione di piccoli centri italiani\"}]},{\"@type\":\"WebSite\",\"@id\":\"https:\\\/\\\/www.bellunopress.it\\\/#website\",\"url\":\"https:\\\/\\\/www.bellunopress.it\\\/\",\"name\":\"Bellunopress - Dolomiti\",\"description\":\"e-mail: redazione@bellunopress.it\",\"publisher\":{\"@id\":\"https:\\\/\\\/www.bellunopress.it\\\/#organization\"},\"potentialAction\":[{\"@type\":\"SearchAction\",\"target\":{\"@type\":\"EntryPoint\",\"urlTemplate\":\"https:\\\/\\\/www.bellunopress.it\\\/?s={search_term_string}\"},\"query-input\":{\"@type\":\"PropertyValueSpecification\",\"valueRequired\":true,\"valueName\":\"search_term_string\"}}],\"inLanguage\":\"fr-FR\"},{\"@type\":\"Organization\",\"@id\":\"https:\\\/\\\/www.bellunopress.it\\\/#organization\",\"name\":\"Bellunopress\",\"url\":\"https:\\\/\\\/www.bellunopress.it\\\/\",\"logo\":{\"@type\":\"ImageObject\",\"inLanguage\":\"fr-FR\",\"@id\":\"https:\\\/\\\/www.bellunopress.it\\\/#\\\/schema\\\/logo\\\/image\\\/\",\"url\":\"https:\\\/\\\/www.bellunopress.it\\\/wp-content\\\/uploads\\\/2011\\\/05\\\/cropped-logo-bellunopress-.jpg\",\"contentUrl\":\"https:\\\/\\\/www.bellunopress.it\\\/wp-content\\\/uploads\\\/2011\\\/05\\\/cropped-logo-bellunopress-.jpg\",\"width\":512,\"height\":512,\"caption\":\"Bellunopress\"},\"image\":{\"@id\":\"https:\\\/\\\/www.bellunopress.it\\\/#\\\/schema\\\/logo\\\/image\\\/\"},\"sameAs\":[\"https:\\\/\\\/www.facebook.com\\\/profile.php?id=100008943462799\",\"https:\\\/\\\/x.com\\\/bellunopress\",\"https:\\\/\\\/www.linkedin.com\\\/hp\\\/?dnr=JBzUWaJfMUw8vbXJJ2tVW5-I3jZKvC4wsoxE&amp;amp;amp;amp;amp;amp;trk=nav_responsive_tab_home\",\"https:\\\/\\\/www.youtube.com\\\/channel\\\/UCxL0wu1uN0_3_7hGG0306cw\"]},{\"@type\":\"Person\",\"@id\":\"https:\\\/\\\/www.bellunopress.it\\\/#\\\/schema\\\/person\\\/79bb06722b37ece1c03d3e94beb30d73\",\"name\":\"redazione\",\"image\":{\"@type\":\"ImageObject\",\"inLanguage\":\"fr-FR\",\"@id\":\"https:\\\/\\\/secure.gravatar.com\\\/avatar\\\/37d968a2e67a6fd04c169c4bdef102d0bc5d31b2546345219e348575eb80e9a0?s=96&d=mm&r=g\",\"url\":\"https:\\\/\\\/secure.gravatar.com\\\/avatar\\\/37d968a2e67a6fd04c169c4bdef102d0bc5d31b2546345219e348575eb80e9a0?s=96&d=mm&r=g\",\"contentUrl\":\"https:\\\/\\\/secure.gravatar.com\\\/avatar\\\/37d968a2e67a6fd04c169c4bdef102d0bc5d31b2546345219e348575eb80e9a0?s=96&d=mm&r=g\",\"caption\":\"redazione\"},\"sameAs\":[\"http:\\\/\\\/www.bellunopress.it\",\"https:\\\/\\\/x.com\\\/bellunopress\"],\"url\":\"https:\\\/\\\/www.bellunopress.it\\\/fr\\\/author\\\/redazione\\\/\"}]}<\/script>\n<!-- \/ Yoast SEO plugin. -->","yoast_head_json":{"title":"Adorable Belluno ora su Little Italy, il progetto di valorizzazione di piccoli centri italiani - Bellunopress - Dolomiti","robots":{"index":"index","follow":"follow","max-snippet":"max-snippet:-1","max-image-preview":"max-image-preview:large","max-video-preview":"max-video-preview:-1"},"canonical":"https:\/\/www.bellunopress.it\/fr\/2012\/12\/01\/adorable-belluno-ora-su-little-italy-il-progetto-di-valorizzazione-di-piccoli-centri-italiani\/","og_locale":"fr_FR","og_type":"article","og_title":"Adorable Belluno ora su Little Italy, il progetto di valorizzazione di piccoli centri italiani - Bellunopress - Dolomiti","og_description":"&#8220;Noi del Comune di Belluno crediamo nella nostra Citt\u00e0. Crediamo che sia bella, che sia ospitale, che sia sorprendente. Una citt\u00e0 adorabile, dove ognuno pu\u00f2 sentirsi a casa sua. Forti di questa convinzione, vogliamo condividere questo tesoro poco conosciuto e farne la meta di chi cerca un luogo&#8230; dove trascorrere dei momenti adorable&#8221;. Ecco il [&hellip;]","og_url":"https:\/\/www.bellunopress.it\/fr\/2012\/12\/01\/adorable-belluno-ora-su-little-italy-il-progetto-di-valorizzazione-di-piccoli-centri-italiani\/","og_site_name":"Bellunopress - Dolomiti","article_publisher":"https:\/\/www.facebook.com\/profile.php?id=100008943462799","article_published_time":"2012-12-01T21:47:56+00:00","article_modified_time":"2012-12-01T21:50:53+00:00","og_image":[{"url":"http:\/\/www.bellunopress.it\/wp-content\/uploads\/2012\/12\/belluno-adorable.jpg","type":"","width":"","height":""}],"author":"redazione","twitter_card":"summary_large_image","twitter_creator":"@bellunopress","twitter_site":"@bellunopress","twitter_misc":{"Written by":"redazione","Est. reading time":"1 minute"},"schema":{"@context":"https:\/\/schema.org","@graph":[{"@type":"Article","@id":"https:\/\/www.bellunopress.it\/2012\/12\/01\/adorable-belluno-ora-su-little-italy-il-progetto-di-valorizzazione-di-piccoli-centri-italiani\/#article","isPartOf":{"@id":"https:\/\/www.bellunopress.it\/2012\/12\/01\/adorable-belluno-ora-su-little-italy-il-progetto-di-valorizzazione-di-piccoli-centri-italiani\/"},"author":{"name":"redazione","@id":"https:\/\/www.bellunopress.it\/#\/schema\/person\/79bb06722b37ece1c03d3e94beb30d73"},"headline":"Adorable Belluno ora su Little Italy, il progetto di valorizzazione di piccoli centri italiani","datePublished":"2012-12-01T21:47:56+00:00","dateModified":"2012-12-01T21:50:53+00:00","mainEntityOfPage":{"@id":"https:\/\/www.bellunopress.it\/2012\/12\/01\/adorable-belluno-ora-su-little-italy-il-progetto-di-valorizzazione-di-piccoli-centri-italiani\/"},"wordCount":158,"publisher":{"@id":"https:\/\/www.bellunopress.it\/#organization"},"image":{"@id":"https:\/\/www.bellunopress.it\/2012\/12\/01\/adorable-belluno-ora-su-little-italy-il-progetto-di-valorizzazione-di-piccoli-centri-italiani\/#primaryimage"},"thumbnailUrl":"http:\/\/www.bellunopress.it\/wp-content\/uploads\/2012\/12\/belluno-adorable.jpg","articleSection":["Arte, Cultura, Spettacoli, Scienza","Cronaca\/Politica"],"inLanguage":"fr-FR"},{"@type":"WebPage","@id":"https:\/\/www.bellunopress.it\/2012\/12\/01\/adorable-belluno-ora-su-little-italy-il-progetto-di-valorizzazione-di-piccoli-centri-italiani\/","url":"https:\/\/www.bellunopress.it\/2012\/12\/01\/adorable-belluno-ora-su-little-italy-il-progetto-di-valorizzazione-di-piccoli-centri-italiani\/","name":"Adorable Belluno ora su Little Italy, il progetto di valorizzazione di piccoli centri italiani - Bellunopress - Dolomiti","isPartOf":{"@id":"https:\/\/www.bellunopress.it\/#website"},"primaryImageOfPage":{"@id":"https:\/\/www.bellunopress.it\/2012\/12\/01\/adorable-belluno-ora-su-little-italy-il-progetto-di-valorizzazione-di-piccoli-centri-italiani\/#primaryimage"},"image":{"@id":"https:\/\/www.bellunopress.it\/2012\/12\/01\/adorable-belluno-ora-su-little-italy-il-progetto-di-valorizzazione-di-piccoli-centri-italiani\/#primaryimage"},"thumbnailUrl":"http:\/\/www.bellunopress.it\/wp-content\/uploads\/2012\/12\/belluno-adorable.jpg","datePublished":"2012-12-01T21:47:56+00:00","dateModified":"2012-12-01T21:50:53+00:00","breadcrumb":{"@id":"https:\/\/www.bellunopress.it\/2012\/12\/01\/adorable-belluno-ora-su-little-italy-il-progetto-di-valorizzazione-di-piccoli-centri-italiani\/#breadcrumb"},"inLanguage":"fr-FR","potentialAction":[{"@type":"ReadAction","target":["https:\/\/www.bellunopress.it\/2012\/12\/01\/adorable-belluno-ora-su-little-italy-il-progetto-di-valorizzazione-di-piccoli-centri-italiani\/"]}]},{"@type":"ImageObject","inLanguage":"fr-FR","@id":"https:\/\/www.bellunopress.it\/2012\/12\/01\/adorable-belluno-ora-su-little-italy-il-progetto-di-valorizzazione-di-piccoli-centri-italiani\/#primaryimage","url":"http:\/\/www.bellunopress.it\/wp-content\/uploads\/2012\/12\/belluno-adorable.jpg","contentUrl":"http:\/\/www.bellunopress.it\/wp-content\/uploads\/2012\/12\/belluno-adorable.jpg"},{"@type":"BreadcrumbList","@id":"https:\/\/www.bellunopress.it\/2012\/12\/01\/adorable-belluno-ora-su-little-italy-il-progetto-di-valorizzazione-di-piccoli-centri-italiani\/#breadcrumb","itemListElement":[{"@type":"ListItem","position":1,"name":"Home","item":"https:\/\/www.bellunopress.it\/"},{"@type":"ListItem","position":2,"name":"Adorable Belluno ora su Little Italy, il progetto di valorizzazione di piccoli centri italiani"}]},{"@type":"WebSite","@id":"https:\/\/www.bellunopress.it\/#website","url":"https:\/\/www.bellunopress.it\/","name":"Bellunopress - Dolomiti","description":"e-mail: redazione@bellunopress.it","publisher":{"@id":"https:\/\/www.bellunopress.it\/#organization"},"potentialAction":[{"@type":"SearchAction","target":{"@type":"EntryPoint","urlTemplate":"https:\/\/www.bellunopress.it\/?s={search_term_string}"},"query-input":{"@type":"PropertyValueSpecification","valueRequired":true,"valueName":"search_term_string"}}],"inLanguage":"fr-FR"},{"@type":"Organization","@id":"https:\/\/www.bellunopress.it\/#organization","name":"Bellunopress","url":"https:\/\/www.bellunopress.it\/","logo":{"@type":"ImageObject","inLanguage":"fr-FR","@id":"https:\/\/www.bellunopress.it\/#\/schema\/logo\/image\/","url":"https:\/\/www.bellunopress.it\/wp-content\/uploads\/2011\/05\/cropped-logo-bellunopress-.jpg","contentUrl":"https:\/\/www.bellunopress.it\/wp-content\/uploads\/2011\/05\/cropped-logo-bellunopress-.jpg","width":512,"height":512,"caption":"Bellunopress"},"image":{"@id":"https:\/\/www.bellunopress.it\/#\/schema\/logo\/image\/"},"sameAs":["https:\/\/www.facebook.com\/profile.php?id=100008943462799","https:\/\/x.com\/bellunopress","https:\/\/www.linkedin.com\/hp\/?dnr=JBzUWaJfMUw8vbXJJ2tVW5-I3jZKvC4wsoxE&amp;amp;amp;amp;amp;amp;trk=nav_responsive_tab_home","https:\/\/www.youtube.com\/channel\/UCxL0wu1uN0_3_7hGG0306cw"]},{"@type":"Person","@id":"https:\/\/www.bellunopress.it\/#\/schema\/person\/79bb06722b37ece1c03d3e94beb30d73","name":"r\u00e9daction","image":{"@type":"ImageObject","inLanguage":"fr-FR","@id":"https:\/\/secure.gravatar.com\/avatar\/37d968a2e67a6fd04c169c4bdef102d0bc5d31b2546345219e348575eb80e9a0?s=96&d=mm&r=g","url":"https:\/\/secure.gravatar.com\/avatar\/37d968a2e67a6fd04c169c4bdef102d0bc5d31b2546345219e348575eb80e9a0?s=96&d=mm&r=g","contentUrl":"https:\/\/secure.gravatar.com\/avatar\/37d968a2e67a6fd04c169c4bdef102d0bc5d31b2546345219e348575eb80e9a0?s=96&d=mm&r=g","caption":"redazione"},"sameAs":["http:\/\/www.bellunopress.it","https:\/\/x.com\/bellunopress"],"url":"https:\/\/www.bellunopress.it\/fr\/author\/redazione\/"}]}},"_links":{"self":[{"href":"https:\/\/www.bellunopress.it\/fr\/wp-json\/wp\/v2\/posts\/44391","targetHints":{"allow":["GET"]}}],"collection":[{"href":"https:\/\/www.bellunopress.it\/fr\/wp-json\/wp\/v2\/posts"}],"about":[{"href":"https:\/\/www.bellunopress.it\/fr\/wp-json\/wp\/v2\/types\/post"}],"author":[{"embeddable":true,"href":"https:\/\/www.bellunopress.it\/fr\/wp-json\/wp\/v2\/users\/2"}],"replies":[{"embeddable":true,"href":"https:\/\/www.bellunopress.it\/fr\/wp-json\/wp\/v2\/comments?post=44391"}],"version-history":[{"count":2,"href":"https:\/\/www.bellunopress.it\/fr\/wp-json\/wp\/v2\/posts\/44391\/revisions"}],"predecessor-version":[{"id":44394,"href":"https:\/\/www.bellunopress.it\/fr\/wp-json\/wp\/v2\/posts\/44391\/revisions\/44394"}],"wp:attachment":[{"href":"https:\/\/www.bellunopress.it\/fr\/wp-json\/wp\/v2\/media?parent=44391"}],"wp:term":[{"taxonomy":"category","embeddable":true,"href":"https:\/\/www.bellunopress.it\/fr\/wp-json\/wp\/v2\/categories?post=44391"},{"taxonomy":"post_tag","embeddable":true,"href":"https:\/\/www.bellunopress.it\/fr\/wp-json\/wp\/v2\/tags?post=44391"}],"curies":[{"name":"wp","href":"https:\/\/api.w.org\/{rel}","templated":true}]}}