{"id":44388,"date":"2012-12-01T22:32:23","date_gmt":"2012-12-01T21:32:23","guid":{"rendered":"http:\/\/www.bellunopress.it\/?p=44388"},"modified":"2012-12-01T22:32:23","modified_gmt":"2012-12-01T21:32:23","slug":"al-via-gli-incontri-dellamministrazione-comunale-di-trichiana-con-la-cittadinanza","status":"publish","type":"post","link":"https:\/\/www.bellunopress.it\/fr\/2012\/12\/01\/al-via-gli-incontri-dellamministrazione-comunale-di-trichiana-con-la-cittadinanza\/","title":{"rendered":"Al via gli incontri dell\u2019Amministrazione comunale di Trichiana con la cittadinanza"},"content":{"rendered":"<figure id=\"attachment_44389\" aria-describedby=\"caption-attachment-44389\" style=\"width: 136px\" class=\"wp-caption alignleft\"><a href=\"http:\/\/www.bellunopress.it\/wp-content\/uploads\/2012\/12\/raffaella-da-ros.jpg\"><img loading=\"lazy\" decoding=\"async\" class=\"size-full wp-image-44389\" title=\"raffaella da ros\" src=\"http:\/\/www.bellunopress.it\/wp-content\/uploads\/2012\/12\/raffaella-da-ros.jpg\" alt=\"\" width=\"136\" height=\"151\" \/><\/a><figcaption id=\"caption-attachment-44389\" class=\"wp-caption-text\">Raffaella Da Ros<\/figcaption><\/figure>\n<p>Tre date: 4, 7 e 10 dicembre, per tenere vivo il rapporto tra Amministrazione e cittadini, informando, ascoltando e comunicando<\/p>\n<p>Si svolgeranno nella prima met\u00e0 del mese di dicembre tre incontri con la cittadinanza, promossi dall\u2019Amministrazione comunale di Trichiana, come da programma, per mantenere vivo il rapporto tra cittadinanza e amministratori, attraverso aggiornamenti, domande e raccolta di segnalazioni.<\/p>\n<p>\u201cLe opportunit\u00e0 di incontro \u2013 commenta il vicesindaco e assessore alla comunicazione, Raffaella Da Ros \u2013 sono numerose ogni giorno, attraverso gli orari in cui gli amministratori ricevono i cittadini e in ogni altra occasione in cui il cittadino abbia bisogno di informazioni, di segnalare situazioni particolari, di proporre iniziative o di chiedere chiarimenti. L\u2019incontro pubblico, per\u00f2, che calendarizziamo almeno in due cicli all\u2019anno, \u00e8 un contesto importante, in cui la Comunit\u00e0 pu\u00f2 ritrovarsi e, collettivamente, condividere emergenze, situazioni di disagio, aspetti positivi, oppure proporre azioni di cambiamento, confrontandosi con l\u2019Amministrazione comunale\u201d.<\/p>\n<p>\u201cProprio per questo \u2013 conclude il vicesindaco Raffaella Da Ros \u2013 invitiamo i cittadini a essere presenti, a cogliere questa occasione di incontro e confronto, perch\u00e9 mai come oggi \u00e8 importante mantenere vivace il collegamento tra chi prende decisioni, avendo come scopo il bene comune, e chi poi vede derivare da queste decisioni l\u2019articolazione dei servizi. Ci sono temi importanti di cui discutere, scelte strategiche da assumere e lo si deve fare il pi\u00f9 possibile in modo partecipato, senza che nessuno venga meno al proprio ruolo di cittadino e di persona cui il mandato elettorale ha dato dei doveri ben precisi da svolgere con responsabilit\u00e0\u201d.<\/p>\n<p>Gli incontri si svolgeranno alle 20.30: marted\u00ec 4 dicembre all\u2019Ostello di S. Isidoro, a Nate; venerd\u00ec 7 dicembre nell\u2019atrio della scuola materna di S. Antonio Tortal; luned\u00ec 10 dicembre, nella Sala Riunioni di Palazzo Mostre a Trichiana.<\/p>\n<p>&nbsp;<\/p>","protected":false},"excerpt":{"rendered":"<p>Tre date: 4, 7 e 10 dicembre, per tenere vivo il rapporto tra Amministrazione e cittadini, informando, ascoltando e comunicando Si svolgeranno nella prima met\u00e0 del mese di dicembre tre incontri con la cittadinanza, promossi dall\u2019Amministrazione comunale di Trichiana, come da programma, per mantenere vivo il rapporto tra cittadinanza e amministratori, attraverso aggiornamenti, domande e [&hellip;]<\/p>\n","protected":false},"author":2,"featured_media":0,"comment_status":"closed","ping_status":"open","sticky":false,"template":"","format":"standard","meta":{"footnotes":""},"categories":[5,26],"tags":[],"class_list":["post-44388","post","type-post","status-publish","format-standard","category-cronaca","category-prima-pagina"],"yoast_head":"<!-- This site is optimized with the Yoast SEO plugin v28.4 - https:\/\/yoast.com\/product\/yoast-seo-wordpress\/ -->\n<title>Al via gli incontri dell\u2019Amministrazione comunale di Trichiana con la cittadinanza - Bellunopress - Dolomiti<\/title>\n<meta name=\"robots\" content=\"index, follow, max-snippet:-1, max-image-preview:large, max-video-preview:-1\" \/>\n<link rel=\"canonical\" href=\"https:\/\/www.bellunopress.it\/fr\/2012\/12\/01\/al-via-gli-incontri-dellamministrazione-comunale-di-trichiana-con-la-cittadinanza\/\" \/>\n<meta property=\"og:locale\" content=\"fr_FR\" \/>\n<meta property=\"og:type\" content=\"article\" \/>\n<meta property=\"og:title\" content=\"Al via gli incontri dell\u2019Amministrazione comunale di Trichiana con la cittadinanza - Bellunopress - Dolomiti\" \/>\n<meta property=\"og:description\" content=\"Tre date: 4, 7 e 10 dicembre, per tenere vivo il rapporto tra Amministrazione e cittadini, informando, ascoltando e comunicando Si svolgeranno nella prima met\u00e0 del mese di dicembre tre incontri con la cittadinanza, promossi dall\u2019Amministrazione comunale di Trichiana, come da programma, per mantenere vivo il rapporto tra cittadinanza e amministratori, attraverso aggiornamenti, domande e [&hellip;]\" \/>\n<meta property=\"og:url\" content=\"https:\/\/www.bellunopress.it\/fr\/2012\/12\/01\/al-via-gli-incontri-dellamministrazione-comunale-di-trichiana-con-la-cittadinanza\/\" \/>\n<meta property=\"og:site_name\" content=\"Bellunopress - Dolomiti\" \/>\n<meta property=\"article:publisher\" content=\"https:\/\/www.facebook.com\/profile.php?id=100008943462799\" \/>\n<meta property=\"article:published_time\" content=\"2012-12-01T21:32:23+00:00\" \/>\n<meta property=\"og:image\" content=\"http:\/\/www.bellunopress.it\/wp-content\/uploads\/2012\/12\/raffaella-da-ros.jpg\" \/>\n<meta name=\"author\" content=\"redazione\" \/>\n<meta name=\"twitter:card\" content=\"summary_large_image\" \/>\n<meta name=\"twitter:creator\" content=\"@bellunopress\" \/>\n<meta name=\"twitter:site\" content=\"@bellunopress\" \/>\n<meta name=\"twitter:label1\" content=\"Written by\" \/>\n\t<meta name=\"twitter:data1\" content=\"redazione\" \/>\n\t<meta name=\"twitter:label2\" content=\"Est. reading time\" \/>\n\t<meta name=\"twitter:data2\" content=\"1 minute\" \/>\n<script type=\"application\/ld+json\" class=\"yoast-schema-graph\">{\"@context\":\"https:\\\/\\\/schema.org\",\"@graph\":[{\"@type\":\"Article\",\"@id\":\"https:\\\/\\\/www.bellunopress.it\\\/2012\\\/12\\\/01\\\/al-via-gli-incontri-dellamministrazione-comunale-di-trichiana-con-la-cittadinanza\\\/#article\",\"isPartOf\":{\"@id\":\"https:\\\/\\\/www.bellunopress.it\\\/2012\\\/12\\\/01\\\/al-via-gli-incontri-dellamministrazione-comunale-di-trichiana-con-la-cittadinanza\\\/\"},\"author\":{\"name\":\"redazione\",\"@id\":\"https:\\\/\\\/www.bellunopress.it\\\/#\\\/schema\\\/person\\\/79bb06722b37ece1c03d3e94beb30d73\"},\"headline\":\"Al via gli incontri dell\u2019Amministrazione comunale di Trichiana con la cittadinanza\",\"datePublished\":\"2012-12-01T21:32:23+00:00\",\"mainEntityOfPage\":{\"@id\":\"https:\\\/\\\/www.bellunopress.it\\\/2012\\\/12\\\/01\\\/al-via-gli-incontri-dellamministrazione-comunale-di-trichiana-con-la-cittadinanza\\\/\"},\"wordCount\":309,\"publisher\":{\"@id\":\"https:\\\/\\\/www.bellunopress.it\\\/#organization\"},\"image\":{\"@id\":\"https:\\\/\\\/www.bellunopress.it\\\/2012\\\/12\\\/01\\\/al-via-gli-incontri-dellamministrazione-comunale-di-trichiana-con-la-cittadinanza\\\/#primaryimage\"},\"thumbnailUrl\":\"http:\\\/\\\/www.bellunopress.it\\\/wp-content\\\/uploads\\\/2012\\\/12\\\/raffaella-da-ros.jpg\",\"articleSection\":[\"Cronaca\\\/Politica\",\"Prima Pagina\"],\"inLanguage\":\"fr-FR\"},{\"@type\":\"WebPage\",\"@id\":\"https:\\\/\\\/www.bellunopress.it\\\/2012\\\/12\\\/01\\\/al-via-gli-incontri-dellamministrazione-comunale-di-trichiana-con-la-cittadinanza\\\/\",\"url\":\"https:\\\/\\\/www.bellunopress.it\\\/2012\\\/12\\\/01\\\/al-via-gli-incontri-dellamministrazione-comunale-di-trichiana-con-la-cittadinanza\\\/\",\"name\":\"Al via gli incontri dell\u2019Amministrazione comunale di Trichiana con la cittadinanza - Bellunopress - Dolomiti\",\"isPartOf\":{\"@id\":\"https:\\\/\\\/www.bellunopress.it\\\/#website\"},\"primaryImageOfPage\":{\"@id\":\"https:\\\/\\\/www.bellunopress.it\\\/2012\\\/12\\\/01\\\/al-via-gli-incontri-dellamministrazione-comunale-di-trichiana-con-la-cittadinanza\\\/#primaryimage\"},\"image\":{\"@id\":\"https:\\\/\\\/www.bellunopress.it\\\/2012\\\/12\\\/01\\\/al-via-gli-incontri-dellamministrazione-comunale-di-trichiana-con-la-cittadinanza\\\/#primaryimage\"},\"thumbnailUrl\":\"http:\\\/\\\/www.bellunopress.it\\\/wp-content\\\/uploads\\\/2012\\\/12\\\/raffaella-da-ros.jpg\",\"datePublished\":\"2012-12-01T21:32:23+00:00\",\"breadcrumb\":{\"@id\":\"https:\\\/\\\/www.bellunopress.it\\\/2012\\\/12\\\/01\\\/al-via-gli-incontri-dellamministrazione-comunale-di-trichiana-con-la-cittadinanza\\\/#breadcrumb\"},\"inLanguage\":\"fr-FR\",\"potentialAction\":[{\"@type\":\"ReadAction\",\"target\":[\"https:\\\/\\\/www.bellunopress.it\\\/2012\\\/12\\\/01\\\/al-via-gli-incontri-dellamministrazione-comunale-di-trichiana-con-la-cittadinanza\\\/\"]}]},{\"@type\":\"ImageObject\",\"inLanguage\":\"fr-FR\",\"@id\":\"https:\\\/\\\/www.bellunopress.it\\\/2012\\\/12\\\/01\\\/al-via-gli-incontri-dellamministrazione-comunale-di-trichiana-con-la-cittadinanza\\\/#primaryimage\",\"url\":\"http:\\\/\\\/www.bellunopress.it\\\/wp-content\\\/uploads\\\/2012\\\/12\\\/raffaella-da-ros.jpg\",\"contentUrl\":\"http:\\\/\\\/www.bellunopress.it\\\/wp-content\\\/uploads\\\/2012\\\/12\\\/raffaella-da-ros.jpg\"},{\"@type\":\"BreadcrumbList\",\"@id\":\"https:\\\/\\\/www.bellunopress.it\\\/2012\\\/12\\\/01\\\/al-via-gli-incontri-dellamministrazione-comunale-di-trichiana-con-la-cittadinanza\\\/#breadcrumb\",\"itemListElement\":[{\"@type\":\"ListItem\",\"position\":1,\"name\":\"Home\",\"item\":\"https:\\\/\\\/www.bellunopress.it\\\/\"},{\"@type\":\"ListItem\",\"position\":2,\"name\":\"Al via gli incontri dell\u2019Amministrazione comunale di Trichiana con la cittadinanza\"}]},{\"@type\":\"WebSite\",\"@id\":\"https:\\\/\\\/www.bellunopress.it\\\/#website\",\"url\":\"https:\\\/\\\/www.bellunopress.it\\\/\",\"name\":\"Bellunopress - Dolomiti\",\"description\":\"e-mail: redazione@bellunopress.it\",\"publisher\":{\"@id\":\"https:\\\/\\\/www.bellunopress.it\\\/#organization\"},\"potentialAction\":[{\"@type\":\"SearchAction\",\"target\":{\"@type\":\"EntryPoint\",\"urlTemplate\":\"https:\\\/\\\/www.bellunopress.it\\\/?s={search_term_string}\"},\"query-input\":{\"@type\":\"PropertyValueSpecification\",\"valueRequired\":true,\"valueName\":\"search_term_string\"}}],\"inLanguage\":\"fr-FR\"},{\"@type\":\"Organization\",\"@id\":\"https:\\\/\\\/www.bellunopress.it\\\/#organization\",\"name\":\"Bellunopress\",\"url\":\"https:\\\/\\\/www.bellunopress.it\\\/\",\"logo\":{\"@type\":\"ImageObject\",\"inLanguage\":\"fr-FR\",\"@id\":\"https:\\\/\\\/www.bellunopress.it\\\/#\\\/schema\\\/logo\\\/image\\\/\",\"url\":\"https:\\\/\\\/www.bellunopress.it\\\/wp-content\\\/uploads\\\/2011\\\/05\\\/cropped-logo-bellunopress-.jpg\",\"contentUrl\":\"https:\\\/\\\/www.bellunopress.it\\\/wp-content\\\/uploads\\\/2011\\\/05\\\/cropped-logo-bellunopress-.jpg\",\"width\":512,\"height\":512,\"caption\":\"Bellunopress\"},\"image\":{\"@id\":\"https:\\\/\\\/www.bellunopress.it\\\/#\\\/schema\\\/logo\\\/image\\\/\"},\"sameAs\":[\"https:\\\/\\\/www.facebook.com\\\/profile.php?id=100008943462799\",\"https:\\\/\\\/x.com\\\/bellunopress\",\"https:\\\/\\\/www.linkedin.com\\\/hp\\\/?dnr=JBzUWaJfMUw8vbXJJ2tVW5-I3jZKvC4wsoxE&amp;amp;amp;amp;amp;amp;trk=nav_responsive_tab_home\",\"https:\\\/\\\/www.youtube.com\\\/channel\\\/UCxL0wu1uN0_3_7hGG0306cw\"]},{\"@type\":\"Person\",\"@id\":\"https:\\\/\\\/www.bellunopress.it\\\/#\\\/schema\\\/person\\\/79bb06722b37ece1c03d3e94beb30d73\",\"name\":\"redazione\",\"image\":{\"@type\":\"ImageObject\",\"inLanguage\":\"fr-FR\",\"@id\":\"https:\\\/\\\/secure.gravatar.com\\\/avatar\\\/37d968a2e67a6fd04c169c4bdef102d0bc5d31b2546345219e348575eb80e9a0?s=96&d=mm&r=g\",\"url\":\"https:\\\/\\\/secure.gravatar.com\\\/avatar\\\/37d968a2e67a6fd04c169c4bdef102d0bc5d31b2546345219e348575eb80e9a0?s=96&d=mm&r=g\",\"contentUrl\":\"https:\\\/\\\/secure.gravatar.com\\\/avatar\\\/37d968a2e67a6fd04c169c4bdef102d0bc5d31b2546345219e348575eb80e9a0?s=96&d=mm&r=g\",\"caption\":\"redazione\"},\"sameAs\":[\"http:\\\/\\\/www.bellunopress.it\",\"https:\\\/\\\/x.com\\\/bellunopress\"],\"url\":\"https:\\\/\\\/www.bellunopress.it\\\/fr\\\/author\\\/redazione\\\/\"}]}<\/script>\n<!-- \/ Yoast SEO plugin. -->","yoast_head_json":{"title":"Al via gli incontri dell\u2019Amministrazione comunale di Trichiana con la cittadinanza - Bellunopress - Dolomiti","robots":{"index":"index","follow":"follow","max-snippet":"max-snippet:-1","max-image-preview":"max-image-preview:large","max-video-preview":"max-video-preview:-1"},"canonical":"https:\/\/www.bellunopress.it\/fr\/2012\/12\/01\/al-via-gli-incontri-dellamministrazione-comunale-di-trichiana-con-la-cittadinanza\/","og_locale":"fr_FR","og_type":"article","og_title":"Al via gli incontri dell\u2019Amministrazione comunale di Trichiana con la cittadinanza - Bellunopress - Dolomiti","og_description":"Tre date: 4, 7 e 10 dicembre, per tenere vivo il rapporto tra Amministrazione e cittadini, informando, ascoltando e comunicando Si svolgeranno nella prima met\u00e0 del mese di dicembre tre incontri con la cittadinanza, promossi dall\u2019Amministrazione comunale di Trichiana, come da programma, per mantenere vivo il rapporto tra cittadinanza e amministratori, attraverso aggiornamenti, domande e [&hellip;]","og_url":"https:\/\/www.bellunopress.it\/fr\/2012\/12\/01\/al-via-gli-incontri-dellamministrazione-comunale-di-trichiana-con-la-cittadinanza\/","og_site_name":"Bellunopress - Dolomiti","article_publisher":"https:\/\/www.facebook.com\/profile.php?id=100008943462799","article_published_time":"2012-12-01T21:32:23+00:00","og_image":[{"url":"http:\/\/www.bellunopress.it\/wp-content\/uploads\/2012\/12\/raffaella-da-ros.jpg","type":"","width":"","height":""}],"author":"redazione","twitter_card":"summary_large_image","twitter_creator":"@bellunopress","twitter_site":"@bellunopress","twitter_misc":{"Written by":"redazione","Est. reading time":"1 minute"},"schema":{"@context":"https:\/\/schema.org","@graph":[{"@type":"Article","@id":"https:\/\/www.bellunopress.it\/2012\/12\/01\/al-via-gli-incontri-dellamministrazione-comunale-di-trichiana-con-la-cittadinanza\/#article","isPartOf":{"@id":"https:\/\/www.bellunopress.it\/2012\/12\/01\/al-via-gli-incontri-dellamministrazione-comunale-di-trichiana-con-la-cittadinanza\/"},"author":{"name":"redazione","@id":"https:\/\/www.bellunopress.it\/#\/schema\/person\/79bb06722b37ece1c03d3e94beb30d73"},"headline":"Al via gli incontri dell\u2019Amministrazione comunale di Trichiana con la cittadinanza","datePublished":"2012-12-01T21:32:23+00:00","mainEntityOfPage":{"@id":"https:\/\/www.bellunopress.it\/2012\/12\/01\/al-via-gli-incontri-dellamministrazione-comunale-di-trichiana-con-la-cittadinanza\/"},"wordCount":309,"publisher":{"@id":"https:\/\/www.bellunopress.it\/#organization"},"image":{"@id":"https:\/\/www.bellunopress.it\/2012\/12\/01\/al-via-gli-incontri-dellamministrazione-comunale-di-trichiana-con-la-cittadinanza\/#primaryimage"},"thumbnailUrl":"http:\/\/www.bellunopress.it\/wp-content\/uploads\/2012\/12\/raffaella-da-ros.jpg","articleSection":["Cronaca\/Politica","Prima Pagina"],"inLanguage":"fr-FR"},{"@type":"WebPage","@id":"https:\/\/www.bellunopress.it\/2012\/12\/01\/al-via-gli-incontri-dellamministrazione-comunale-di-trichiana-con-la-cittadinanza\/","url":"https:\/\/www.bellunopress.it\/2012\/12\/01\/al-via-gli-incontri-dellamministrazione-comunale-di-trichiana-con-la-cittadinanza\/","name":"Al via gli incontri dell\u2019Amministrazione comunale di Trichiana con la cittadinanza - Bellunopress - Dolomiti","isPartOf":{"@id":"https:\/\/www.bellunopress.it\/#website"},"primaryImageOfPage":{"@id":"https:\/\/www.bellunopress.it\/2012\/12\/01\/al-via-gli-incontri-dellamministrazione-comunale-di-trichiana-con-la-cittadinanza\/#primaryimage"},"image":{"@id":"https:\/\/www.bellunopress.it\/2012\/12\/01\/al-via-gli-incontri-dellamministrazione-comunale-di-trichiana-con-la-cittadinanza\/#primaryimage"},"thumbnailUrl":"http:\/\/www.bellunopress.it\/wp-content\/uploads\/2012\/12\/raffaella-da-ros.jpg","datePublished":"2012-12-01T21:32:23+00:00","breadcrumb":{"@id":"https:\/\/www.bellunopress.it\/2012\/12\/01\/al-via-gli-incontri-dellamministrazione-comunale-di-trichiana-con-la-cittadinanza\/#breadcrumb"},"inLanguage":"fr-FR","potentialAction":[{"@type":"ReadAction","target":["https:\/\/www.bellunopress.it\/2012\/12\/01\/al-via-gli-incontri-dellamministrazione-comunale-di-trichiana-con-la-cittadinanza\/"]}]},{"@type":"ImageObject","inLanguage":"fr-FR","@id":"https:\/\/www.bellunopress.it\/2012\/12\/01\/al-via-gli-incontri-dellamministrazione-comunale-di-trichiana-con-la-cittadinanza\/#primaryimage","url":"http:\/\/www.bellunopress.it\/wp-content\/uploads\/2012\/12\/raffaella-da-ros.jpg","contentUrl":"http:\/\/www.bellunopress.it\/wp-content\/uploads\/2012\/12\/raffaella-da-ros.jpg"},{"@type":"BreadcrumbList","@id":"https:\/\/www.bellunopress.it\/2012\/12\/01\/al-via-gli-incontri-dellamministrazione-comunale-di-trichiana-con-la-cittadinanza\/#breadcrumb","itemListElement":[{"@type":"ListItem","position":1,"name":"Home","item":"https:\/\/www.bellunopress.it\/"},{"@type":"ListItem","position":2,"name":"Al via gli incontri dell\u2019Amministrazione comunale di Trichiana con la cittadinanza"}]},{"@type":"WebSite","@id":"https:\/\/www.bellunopress.it\/#website","url":"https:\/\/www.bellunopress.it\/","name":"Bellunopress - Dolomiti","description":"e-mail: redazione@bellunopress.it","publisher":{"@id":"https:\/\/www.bellunopress.it\/#organization"},"potentialAction":[{"@type":"SearchAction","target":{"@type":"EntryPoint","urlTemplate":"https:\/\/www.bellunopress.it\/?s={search_term_string}"},"query-input":{"@type":"PropertyValueSpecification","valueRequired":true,"valueName":"search_term_string"}}],"inLanguage":"fr-FR"},{"@type":"Organization","@id":"https:\/\/www.bellunopress.it\/#organization","name":"Bellunopress","url":"https:\/\/www.bellunopress.it\/","logo":{"@type":"ImageObject","inLanguage":"fr-FR","@id":"https:\/\/www.bellunopress.it\/#\/schema\/logo\/image\/","url":"https:\/\/www.bellunopress.it\/wp-content\/uploads\/2011\/05\/cropped-logo-bellunopress-.jpg","contentUrl":"https:\/\/www.bellunopress.it\/wp-content\/uploads\/2011\/05\/cropped-logo-bellunopress-.jpg","width":512,"height":512,"caption":"Bellunopress"},"image":{"@id":"https:\/\/www.bellunopress.it\/#\/schema\/logo\/image\/"},"sameAs":["https:\/\/www.facebook.com\/profile.php?id=100008943462799","https:\/\/x.com\/bellunopress","https:\/\/www.linkedin.com\/hp\/?dnr=JBzUWaJfMUw8vbXJJ2tVW5-I3jZKvC4wsoxE&amp;amp;amp;amp;amp;amp;trk=nav_responsive_tab_home","https:\/\/www.youtube.com\/channel\/UCxL0wu1uN0_3_7hGG0306cw"]},{"@type":"Person","@id":"https:\/\/www.bellunopress.it\/#\/schema\/person\/79bb06722b37ece1c03d3e94beb30d73","name":"r\u00e9daction","image":{"@type":"ImageObject","inLanguage":"fr-FR","@id":"https:\/\/secure.gravatar.com\/avatar\/37d968a2e67a6fd04c169c4bdef102d0bc5d31b2546345219e348575eb80e9a0?s=96&d=mm&r=g","url":"https:\/\/secure.gravatar.com\/avatar\/37d968a2e67a6fd04c169c4bdef102d0bc5d31b2546345219e348575eb80e9a0?s=96&d=mm&r=g","contentUrl":"https:\/\/secure.gravatar.com\/avatar\/37d968a2e67a6fd04c169c4bdef102d0bc5d31b2546345219e348575eb80e9a0?s=96&d=mm&r=g","caption":"redazione"},"sameAs":["http:\/\/www.bellunopress.it","https:\/\/x.com\/bellunopress"],"url":"https:\/\/www.bellunopress.it\/fr\/author\/redazione\/"}]}},"_links":{"self":[{"href":"https:\/\/www.bellunopress.it\/fr\/wp-json\/wp\/v2\/posts\/44388","targetHints":{"allow":["GET"]}}],"collection":[{"href":"https:\/\/www.bellunopress.it\/fr\/wp-json\/wp\/v2\/posts"}],"about":[{"href":"https:\/\/www.bellunopress.it\/fr\/wp-json\/wp\/v2\/types\/post"}],"author":[{"embeddable":true,"href":"https:\/\/www.bellunopress.it\/fr\/wp-json\/wp\/v2\/users\/2"}],"replies":[{"embeddable":true,"href":"https:\/\/www.bellunopress.it\/fr\/wp-json\/wp\/v2\/comments?post=44388"}],"version-history":[{"count":1,"href":"https:\/\/www.bellunopress.it\/fr\/wp-json\/wp\/v2\/posts\/44388\/revisions"}],"predecessor-version":[{"id":44390,"href":"https:\/\/www.bellunopress.it\/fr\/wp-json\/wp\/v2\/posts\/44388\/revisions\/44390"}],"wp:attachment":[{"href":"https:\/\/www.bellunopress.it\/fr\/wp-json\/wp\/v2\/media?parent=44388"}],"wp:term":[{"taxonomy":"category","embeddable":true,"href":"https:\/\/www.bellunopress.it\/fr\/wp-json\/wp\/v2\/categories?post=44388"},{"taxonomy":"post_tag","embeddable":true,"href":"https:\/\/www.bellunopress.it\/fr\/wp-json\/wp\/v2\/tags?post=44388"}],"curies":[{"name":"wp","href":"https:\/\/api.w.org\/{rel}","templated":true}]}}