{"id":44366,"date":"2012-12-02T20:56:40","date_gmt":"2012-12-02T19:56:40","guid":{"rendered":"http:\/\/www.bellunopress.it\/?p=44366"},"modified":"2012-11-30T21:58:37","modified_gmt":"2012-11-30T20:58:37","slug":"agordo-e-belluno-citta-le-ultime-due-tappe-dei-giovedi-di-belluno-protagonista-nellambito-degli-incontri-tra-la-gente-per-parlare-ma-soprattutto-per-ascoltare","status":"publish","type":"post","link":"https:\/\/www.bellunopress.it\/fr\/2012\/12\/02\/agordo-e-belluno-citta-le-ultime-due-tappe-dei-giovedi-di-belluno-protagonista-nellambito-degli-incontri-tra-la-gente-per-parlare-ma-soprattutto-per-ascoltare\/","title":{"rendered":"Agordo e Belluno citt\u00e0 le ultime due tappe dei gioved\u00ec di Belluno Protagonista nell\u2019ambito degli \u201cIncontri tra la gente &#8211; Per parlare ma soprattutto per ascoltare\u201d"},"content":{"rendered":"<p>Dopo aver incontrato nel mese di novembre i cittadini di Feltrino, Comelico, Cadore e Alpago, Belluno Protagonista concluder\u00e0 il suo percorso di appuntamenti intitolati \u201cIncontri tra la gente &#8211; <a href=\"http:\/\/www.bellunopress.it\/wp-content\/uploads\/2012\/02\/michele-carbogno-belluno-protagonista.jpg\"><img loading=\"lazy\" decoding=\"async\" class=\"alignleft size-full wp-image-35143\" title=\"michele carbogno belluno protagonista\" src=\"http:\/\/www.bellunopress.it\/wp-content\/uploads\/2012\/02\/michele-carbogno-belluno-protagonista.jpg\" alt=\"\" width=\"280\" height=\"298\" \/><\/a>Per parlare ma soprattutto per ascoltare\u201d con le ultime due tappe: la prima gioved\u00ec 6 dicembre ad Agordo (presso il bar Schenot &#8211; Enoteca La Notola alle ore 20.15) e successivamente gioved\u00ec 20 dicembre con l\u2019atto conclusivo che si svolger\u00e0 a Belluno citt\u00e0.<\/p>\n<p>L\u2019appuntamento in Agordino sar\u00e0 ancora focalizzato sulle pi\u00f9 strette problematiche del vivere in montagna, mentre nell\u2019incontro finale a Belluno si cercher\u00e0 di tracciare una sintesi degli spunti raccolti sul territorio in queste settimane.<\/p>\n<p>\u201cUn\u2019esperienza finora molto positiva &#8211; afferma Michele Carbogno &#8211; che ci d\u00e0 il coraggio di continuare sul nostro percorso; la presenza agli incontri di molte persone ma anche di diversi amministratori locali evidenzia come la gente non sia stanca della politica in generale, ma semplicemente stufa dell\u2019attuale politica che non \u00e8 pi\u00f9 capace di parlare al cuore dei cittadini. Quando invece si comunica in maniera schietta e si affrontano i problemi concreti la partecipazione c\u2019\u00e8\u201d.<\/p>\n<p>&nbsp;<\/p>","protected":false},"excerpt":{"rendered":"<p>Dopo aver incontrato nel mese di novembre i cittadini di Feltrino, Comelico, Cadore e Alpago, Belluno Protagonista concluder\u00e0 il suo percorso di appuntamenti intitolati \u201cIncontri tra la gente &#8211; Per parlare ma soprattutto per ascoltare\u201d con le ultime due tappe: la prima gioved\u00ec 6 dicembre ad Agordo (presso il bar Schenot &#8211; Enoteca La Notola [&hellip;]<\/p>\n","protected":false},"author":2,"featured_media":0,"comment_status":"closed","ping_status":"open","sticky":false,"template":"","format":"standard","meta":{"footnotes":""},"categories":[27,25],"tags":[],"class_list":["post-44366","post","type-post","status-publish","format-standard","category-appuntamenti","category-pausa-caffe"],"yoast_head":"<!-- This site is optimized with the Yoast SEO plugin v28.4 - https:\/\/yoast.com\/product\/yoast-seo-wordpress\/ -->\n<title>Agordo e Belluno citt\u00e0 le ultime due tappe dei gioved\u00ec di Belluno Protagonista nell\u2019ambito degli \u201cIncontri tra la gente - Per parlare ma soprattutto per ascoltare\u201d - Bellunopress - Dolomiti<\/title>\n<meta name=\"robots\" content=\"index, follow, max-snippet:-1, max-image-preview:large, max-video-preview:-1\" \/>\n<link rel=\"canonical\" href=\"https:\/\/www.bellunopress.it\/fr\/2012\/12\/02\/agordo-e-belluno-citta-le-ultime-due-tappe-dei-giovedi-di-belluno-protagonista-nellambito-degli-incontri-tra-la-gente-per-parlare-ma-soprattutto-per-ascoltare\/\" \/>\n<meta property=\"og:locale\" content=\"fr_FR\" \/>\n<meta property=\"og:type\" content=\"article\" \/>\n<meta property=\"og:title\" content=\"Agordo e Belluno citt\u00e0 le ultime due tappe dei gioved\u00ec di Belluno Protagonista nell\u2019ambito degli \u201cIncontri tra la gente - Per parlare ma soprattutto per ascoltare\u201d - Bellunopress - Dolomiti\" \/>\n<meta property=\"og:description\" content=\"Dopo aver incontrato nel mese di novembre i cittadini di Feltrino, Comelico, Cadore e Alpago, Belluno Protagonista concluder\u00e0 il suo percorso di appuntamenti intitolati \u201cIncontri tra la gente &#8211; Per parlare ma soprattutto per ascoltare\u201d con le ultime due tappe: la prima gioved\u00ec 6 dicembre ad Agordo (presso il bar Schenot &#8211; Enoteca La Notola [&hellip;]\" \/>\n<meta property=\"og:url\" content=\"https:\/\/www.bellunopress.it\/fr\/2012\/12\/02\/agordo-e-belluno-citta-le-ultime-due-tappe-dei-giovedi-di-belluno-protagonista-nellambito-degli-incontri-tra-la-gente-per-parlare-ma-soprattutto-per-ascoltare\/\" \/>\n<meta property=\"og:site_name\" content=\"Bellunopress - Dolomiti\" \/>\n<meta property=\"article:publisher\" content=\"https:\/\/www.facebook.com\/profile.php?id=100008943462799\" \/>\n<meta property=\"article:published_time\" content=\"2012-12-02T19:56:40+00:00\" \/>\n<meta property=\"og:image\" content=\"http:\/\/www.bellunopress.it\/wp-content\/uploads\/2012\/02\/michele-carbogno-belluno-protagonista.jpg\" \/>\n<meta name=\"author\" content=\"redazione\" \/>\n<meta name=\"twitter:card\" content=\"summary_large_image\" \/>\n<meta name=\"twitter:creator\" content=\"@bellunopress\" \/>\n<meta name=\"twitter:site\" content=\"@bellunopress\" \/>\n<meta name=\"twitter:label1\" content=\"\u00c9crit par\" \/>\n\t<meta name=\"twitter:data1\" content=\"redazione\" \/>\n\t<meta name=\"twitter:label2\" content=\"Dur\u00e9e de lecture estim\u00e9e\" \/>\n\t<meta name=\"twitter:data2\" content=\"1 minute\" \/>\n<script type=\"application\/ld+json\" class=\"yoast-schema-graph\">{\"@context\":\"https:\\\/\\\/schema.org\",\"@graph\":[{\"@type\":\"Article\",\"@id\":\"https:\\\/\\\/www.bellunopress.it\\\/2012\\\/12\\\/02\\\/agordo-e-belluno-citta-le-ultime-due-tappe-dei-giovedi-di-belluno-protagonista-nellambito-degli-incontri-tra-la-gente-per-parlare-ma-soprattutto-per-ascoltare\\\/#article\",\"isPartOf\":{\"@id\":\"https:\\\/\\\/www.bellunopress.it\\\/2012\\\/12\\\/02\\\/agordo-e-belluno-citta-le-ultime-due-tappe-dei-giovedi-di-belluno-protagonista-nellambito-degli-incontri-tra-la-gente-per-parlare-ma-soprattutto-per-ascoltare\\\/\"},\"author\":{\"name\":\"redazione\",\"@id\":\"https:\\\/\\\/www.bellunopress.it\\\/#\\\/schema\\\/person\\\/79bb06722b37ece1c03d3e94beb30d73\"},\"headline\":\"Agordo e Belluno citt\u00e0 le ultime due tappe dei gioved\u00ec di Belluno Protagonista nell\u2019ambito degli \u201cIncontri tra la gente &#8211; Per parlare ma soprattutto per ascoltare\u201d\",\"datePublished\":\"2012-12-02T19:56:40+00:00\",\"mainEntityOfPage\":{\"@id\":\"https:\\\/\\\/www.bellunopress.it\\\/2012\\\/12\\\/02\\\/agordo-e-belluno-citta-le-ultime-due-tappe-dei-giovedi-di-belluno-protagonista-nellambito-degli-incontri-tra-la-gente-per-parlare-ma-soprattutto-per-ascoltare\\\/\"},\"wordCount\":209,\"publisher\":{\"@id\":\"https:\\\/\\\/www.bellunopress.it\\\/#organization\"},\"image\":{\"@id\":\"https:\\\/\\\/www.bellunopress.it\\\/2012\\\/12\\\/02\\\/agordo-e-belluno-citta-le-ultime-due-tappe-dei-giovedi-di-belluno-protagonista-nellambito-degli-incontri-tra-la-gente-per-parlare-ma-soprattutto-per-ascoltare\\\/#primaryimage\"},\"thumbnailUrl\":\"http:\\\/\\\/www.bellunopress.it\\\/wp-content\\\/uploads\\\/2012\\\/02\\\/michele-carbogno-belluno-protagonista.jpg\",\"articleSection\":[\"Appuntamenti, Eventi\",\"Pausa Caff\u00e8\"],\"inLanguage\":\"fr-FR\"},{\"@type\":\"WebPage\",\"@id\":\"https:\\\/\\\/www.bellunopress.it\\\/2012\\\/12\\\/02\\\/agordo-e-belluno-citta-le-ultime-due-tappe-dei-giovedi-di-belluno-protagonista-nellambito-degli-incontri-tra-la-gente-per-parlare-ma-soprattutto-per-ascoltare\\\/\",\"url\":\"https:\\\/\\\/www.bellunopress.it\\\/2012\\\/12\\\/02\\\/agordo-e-belluno-citta-le-ultime-due-tappe-dei-giovedi-di-belluno-protagonista-nellambito-degli-incontri-tra-la-gente-per-parlare-ma-soprattutto-per-ascoltare\\\/\",\"name\":\"Agordo e Belluno citt\u00e0 le ultime due tappe dei gioved\u00ec di Belluno Protagonista nell\u2019ambito degli \u201cIncontri tra la gente - Per parlare ma soprattutto per ascoltare\u201d - Bellunopress - Dolomiti\",\"isPartOf\":{\"@id\":\"https:\\\/\\\/www.bellunopress.it\\\/#website\"},\"primaryImageOfPage\":{\"@id\":\"https:\\\/\\\/www.bellunopress.it\\\/2012\\\/12\\\/02\\\/agordo-e-belluno-citta-le-ultime-due-tappe-dei-giovedi-di-belluno-protagonista-nellambito-degli-incontri-tra-la-gente-per-parlare-ma-soprattutto-per-ascoltare\\\/#primaryimage\"},\"image\":{\"@id\":\"https:\\\/\\\/www.bellunopress.it\\\/2012\\\/12\\\/02\\\/agordo-e-belluno-citta-le-ultime-due-tappe-dei-giovedi-di-belluno-protagonista-nellambito-degli-incontri-tra-la-gente-per-parlare-ma-soprattutto-per-ascoltare\\\/#primaryimage\"},\"thumbnailUrl\":\"http:\\\/\\\/www.bellunopress.it\\\/wp-content\\\/uploads\\\/2012\\\/02\\\/michele-carbogno-belluno-protagonista.jpg\",\"datePublished\":\"2012-12-02T19:56:40+00:00\",\"breadcrumb\":{\"@id\":\"https:\\\/\\\/www.bellunopress.it\\\/2012\\\/12\\\/02\\\/agordo-e-belluno-citta-le-ultime-due-tappe-dei-giovedi-di-belluno-protagonista-nellambito-degli-incontri-tra-la-gente-per-parlare-ma-soprattutto-per-ascoltare\\\/#breadcrumb\"},\"inLanguage\":\"fr-FR\",\"potentialAction\":[{\"@type\":\"ReadAction\",\"target\":[\"https:\\\/\\\/www.bellunopress.it\\\/2012\\\/12\\\/02\\\/agordo-e-belluno-citta-le-ultime-due-tappe-dei-giovedi-di-belluno-protagonista-nellambito-degli-incontri-tra-la-gente-per-parlare-ma-soprattutto-per-ascoltare\\\/\"]}]},{\"@type\":\"ImageObject\",\"inLanguage\":\"fr-FR\",\"@id\":\"https:\\\/\\\/www.bellunopress.it\\\/2012\\\/12\\\/02\\\/agordo-e-belluno-citta-le-ultime-due-tappe-dei-giovedi-di-belluno-protagonista-nellambito-degli-incontri-tra-la-gente-per-parlare-ma-soprattutto-per-ascoltare\\\/#primaryimage\",\"url\":\"http:\\\/\\\/www.bellunopress.it\\\/wp-content\\\/uploads\\\/2012\\\/02\\\/michele-carbogno-belluno-protagonista.jpg\",\"contentUrl\":\"http:\\\/\\\/www.bellunopress.it\\\/wp-content\\\/uploads\\\/2012\\\/02\\\/michele-carbogno-belluno-protagonista.jpg\"},{\"@type\":\"BreadcrumbList\",\"@id\":\"https:\\\/\\\/www.bellunopress.it\\\/2012\\\/12\\\/02\\\/agordo-e-belluno-citta-le-ultime-due-tappe-dei-giovedi-di-belluno-protagonista-nellambito-degli-incontri-tra-la-gente-per-parlare-ma-soprattutto-per-ascoltare\\\/#breadcrumb\",\"itemListElement\":[{\"@type\":\"ListItem\",\"position\":1,\"name\":\"Home\",\"item\":\"https:\\\/\\\/www.bellunopress.it\\\/\"},{\"@type\":\"ListItem\",\"position\":2,\"name\":\"Agordo e Belluno citt\u00e0 le ultime due tappe dei gioved\u00ec di Belluno Protagonista nell\u2019ambito degli \u201cIncontri tra la gente &#8211; Per parlare ma soprattutto per ascoltare\u201d\"}]},{\"@type\":\"WebSite\",\"@id\":\"https:\\\/\\\/www.bellunopress.it\\\/#website\",\"url\":\"https:\\\/\\\/www.bellunopress.it\\\/\",\"name\":\"Bellunopress - Dolomiti\",\"description\":\"e-mail: redazione@bellunopress.it\",\"publisher\":{\"@id\":\"https:\\\/\\\/www.bellunopress.it\\\/#organization\"},\"potentialAction\":[{\"@type\":\"SearchAction\",\"target\":{\"@type\":\"EntryPoint\",\"urlTemplate\":\"https:\\\/\\\/www.bellunopress.it\\\/?s={search_term_string}\"},\"query-input\":{\"@type\":\"PropertyValueSpecification\",\"valueRequired\":true,\"valueName\":\"search_term_string\"}}],\"inLanguage\":\"fr-FR\"},{\"@type\":\"Organization\",\"@id\":\"https:\\\/\\\/www.bellunopress.it\\\/#organization\",\"name\":\"Bellunopress\",\"url\":\"https:\\\/\\\/www.bellunopress.it\\\/\",\"logo\":{\"@type\":\"ImageObject\",\"inLanguage\":\"fr-FR\",\"@id\":\"https:\\\/\\\/www.bellunopress.it\\\/#\\\/schema\\\/logo\\\/image\\\/\",\"url\":\"https:\\\/\\\/www.bellunopress.it\\\/wp-content\\\/uploads\\\/2011\\\/05\\\/cropped-logo-bellunopress-.jpg\",\"contentUrl\":\"https:\\\/\\\/www.bellunopress.it\\\/wp-content\\\/uploads\\\/2011\\\/05\\\/cropped-logo-bellunopress-.jpg\",\"width\":512,\"height\":512,\"caption\":\"Bellunopress\"},\"image\":{\"@id\":\"https:\\\/\\\/www.bellunopress.it\\\/#\\\/schema\\\/logo\\\/image\\\/\"},\"sameAs\":[\"https:\\\/\\\/www.facebook.com\\\/profile.php?id=100008943462799\",\"https:\\\/\\\/x.com\\\/bellunopress\",\"https:\\\/\\\/www.linkedin.com\\\/hp\\\/?dnr=JBzUWaJfMUw8vbXJJ2tVW5-I3jZKvC4wsoxE&amp;amp;amp;amp;amp;amp;trk=nav_responsive_tab_home\",\"https:\\\/\\\/www.youtube.com\\\/channel\\\/UCxL0wu1uN0_3_7hGG0306cw\"]},{\"@type\":\"Person\",\"@id\":\"https:\\\/\\\/www.bellunopress.it\\\/#\\\/schema\\\/person\\\/79bb06722b37ece1c03d3e94beb30d73\",\"name\":\"redazione\",\"image\":{\"@type\":\"ImageObject\",\"inLanguage\":\"fr-FR\",\"@id\":\"https:\\\/\\\/secure.gravatar.com\\\/avatar\\\/37d968a2e67a6fd04c169c4bdef102d0bc5d31b2546345219e348575eb80e9a0?s=96&d=mm&r=g\",\"url\":\"https:\\\/\\\/secure.gravatar.com\\\/avatar\\\/37d968a2e67a6fd04c169c4bdef102d0bc5d31b2546345219e348575eb80e9a0?s=96&d=mm&r=g\",\"contentUrl\":\"https:\\\/\\\/secure.gravatar.com\\\/avatar\\\/37d968a2e67a6fd04c169c4bdef102d0bc5d31b2546345219e348575eb80e9a0?s=96&d=mm&r=g\",\"caption\":\"redazione\"},\"sameAs\":[\"http:\\\/\\\/www.bellunopress.it\",\"https:\\\/\\\/x.com\\\/bellunopress\"],\"url\":\"https:\\\/\\\/www.bellunopress.it\\\/fr\\\/author\\\/redazione\\\/\"}]}<\/script>\n<!-- \/ Yoast SEO plugin. -->","yoast_head_json":{"title":"Agordo e Belluno citt\u00e0 le ultime due tappe dei gioved\u00ec di Belluno Protagonista nell\u2019ambito degli \u201cIncontri tra la gente - Per parlare ma soprattutto per ascoltare\u201d - Bellunopress - Dolomiti","robots":{"index":"index","follow":"follow","max-snippet":"max-snippet:-1","max-image-preview":"max-image-preview:large","max-video-preview":"max-video-preview:-1"},"canonical":"https:\/\/www.bellunopress.it\/fr\/2012\/12\/02\/agordo-e-belluno-citta-le-ultime-due-tappe-dei-giovedi-di-belluno-protagonista-nellambito-degli-incontri-tra-la-gente-per-parlare-ma-soprattutto-per-ascoltare\/","og_locale":"fr_FR","og_type":"article","og_title":"Agordo e Belluno citt\u00e0 le ultime due tappe dei gioved\u00ec di Belluno Protagonista nell\u2019ambito degli \u201cIncontri tra la gente - Per parlare ma soprattutto per ascoltare\u201d - Bellunopress - Dolomiti","og_description":"Dopo aver incontrato nel mese di novembre i cittadini di Feltrino, Comelico, Cadore e Alpago, Belluno Protagonista concluder\u00e0 il suo percorso di appuntamenti intitolati \u201cIncontri tra la gente &#8211; Per parlare ma soprattutto per ascoltare\u201d con le ultime due tappe: la prima gioved\u00ec 6 dicembre ad Agordo (presso il bar Schenot &#8211; Enoteca La Notola [&hellip;]","og_url":"https:\/\/www.bellunopress.it\/fr\/2012\/12\/02\/agordo-e-belluno-citta-le-ultime-due-tappe-dei-giovedi-di-belluno-protagonista-nellambito-degli-incontri-tra-la-gente-per-parlare-ma-soprattutto-per-ascoltare\/","og_site_name":"Bellunopress - Dolomiti","article_publisher":"https:\/\/www.facebook.com\/profile.php?id=100008943462799","article_published_time":"2012-12-02T19:56:40+00:00","og_image":[{"url":"http:\/\/www.bellunopress.it\/wp-content\/uploads\/2012\/02\/michele-carbogno-belluno-protagonista.jpg","type":"","width":"","height":""}],"author":"redazione","twitter_card":"summary_large_image","twitter_creator":"@bellunopress","twitter_site":"@bellunopress","twitter_misc":{"\u00c9crit par":"redazione","Dur\u00e9e de lecture estim\u00e9e":"1 minute"},"schema":{"@context":"https:\/\/schema.org","@graph":[{"@type":"Article","@id":"https:\/\/www.bellunopress.it\/2012\/12\/02\/agordo-e-belluno-citta-le-ultime-due-tappe-dei-giovedi-di-belluno-protagonista-nellambito-degli-incontri-tra-la-gente-per-parlare-ma-soprattutto-per-ascoltare\/#article","isPartOf":{"@id":"https:\/\/www.bellunopress.it\/2012\/12\/02\/agordo-e-belluno-citta-le-ultime-due-tappe-dei-giovedi-di-belluno-protagonista-nellambito-degli-incontri-tra-la-gente-per-parlare-ma-soprattutto-per-ascoltare\/"},"author":{"name":"redazione","@id":"https:\/\/www.bellunopress.it\/#\/schema\/person\/79bb06722b37ece1c03d3e94beb30d73"},"headline":"Agordo e Belluno citt\u00e0 le ultime due tappe dei gioved\u00ec di Belluno Protagonista nell\u2019ambito degli \u201cIncontri tra la gente &#8211; Per parlare ma soprattutto per ascoltare\u201d","datePublished":"2012-12-02T19:56:40+00:00","mainEntityOfPage":{"@id":"https:\/\/www.bellunopress.it\/2012\/12\/02\/agordo-e-belluno-citta-le-ultime-due-tappe-dei-giovedi-di-belluno-protagonista-nellambito-degli-incontri-tra-la-gente-per-parlare-ma-soprattutto-per-ascoltare\/"},"wordCount":209,"publisher":{"@id":"https:\/\/www.bellunopress.it\/#organization"},"image":{"@id":"https:\/\/www.bellunopress.it\/2012\/12\/02\/agordo-e-belluno-citta-le-ultime-due-tappe-dei-giovedi-di-belluno-protagonista-nellambito-degli-incontri-tra-la-gente-per-parlare-ma-soprattutto-per-ascoltare\/#primaryimage"},"thumbnailUrl":"http:\/\/www.bellunopress.it\/wp-content\/uploads\/2012\/02\/michele-carbogno-belluno-protagonista.jpg","articleSection":["Appuntamenti, Eventi","Pausa Caff\u00e8"],"inLanguage":"fr-FR"},{"@type":"WebPage","@id":"https:\/\/www.bellunopress.it\/2012\/12\/02\/agordo-e-belluno-citta-le-ultime-due-tappe-dei-giovedi-di-belluno-protagonista-nellambito-degli-incontri-tra-la-gente-per-parlare-ma-soprattutto-per-ascoltare\/","url":"https:\/\/www.bellunopress.it\/2012\/12\/02\/agordo-e-belluno-citta-le-ultime-due-tappe-dei-giovedi-di-belluno-protagonista-nellambito-degli-incontri-tra-la-gente-per-parlare-ma-soprattutto-per-ascoltare\/","name":"Agordo e Belluno citt\u00e0 le ultime due tappe dei gioved\u00ec di Belluno Protagonista nell\u2019ambito degli \u201cIncontri tra la gente - Per parlare ma soprattutto per ascoltare\u201d - Bellunopress - Dolomiti","isPartOf":{"@id":"https:\/\/www.bellunopress.it\/#website"},"primaryImageOfPage":{"@id":"https:\/\/www.bellunopress.it\/2012\/12\/02\/agordo-e-belluno-citta-le-ultime-due-tappe-dei-giovedi-di-belluno-protagonista-nellambito-degli-incontri-tra-la-gente-per-parlare-ma-soprattutto-per-ascoltare\/#primaryimage"},"image":{"@id":"https:\/\/www.bellunopress.it\/2012\/12\/02\/agordo-e-belluno-citta-le-ultime-due-tappe-dei-giovedi-di-belluno-protagonista-nellambito-degli-incontri-tra-la-gente-per-parlare-ma-soprattutto-per-ascoltare\/#primaryimage"},"thumbnailUrl":"http:\/\/www.bellunopress.it\/wp-content\/uploads\/2012\/02\/michele-carbogno-belluno-protagonista.jpg","datePublished":"2012-12-02T19:56:40+00:00","breadcrumb":{"@id":"https:\/\/www.bellunopress.it\/2012\/12\/02\/agordo-e-belluno-citta-le-ultime-due-tappe-dei-giovedi-di-belluno-protagonista-nellambito-degli-incontri-tra-la-gente-per-parlare-ma-soprattutto-per-ascoltare\/#breadcrumb"},"inLanguage":"fr-FR","potentialAction":[{"@type":"ReadAction","target":["https:\/\/www.bellunopress.it\/2012\/12\/02\/agordo-e-belluno-citta-le-ultime-due-tappe-dei-giovedi-di-belluno-protagonista-nellambito-degli-incontri-tra-la-gente-per-parlare-ma-soprattutto-per-ascoltare\/"]}]},{"@type":"ImageObject","inLanguage":"fr-FR","@id":"https:\/\/www.bellunopress.it\/2012\/12\/02\/agordo-e-belluno-citta-le-ultime-due-tappe-dei-giovedi-di-belluno-protagonista-nellambito-degli-incontri-tra-la-gente-per-parlare-ma-soprattutto-per-ascoltare\/#primaryimage","url":"http:\/\/www.bellunopress.it\/wp-content\/uploads\/2012\/02\/michele-carbogno-belluno-protagonista.jpg","contentUrl":"http:\/\/www.bellunopress.it\/wp-content\/uploads\/2012\/02\/michele-carbogno-belluno-protagonista.jpg"},{"@type":"BreadcrumbList","@id":"https:\/\/www.bellunopress.it\/2012\/12\/02\/agordo-e-belluno-citta-le-ultime-due-tappe-dei-giovedi-di-belluno-protagonista-nellambito-degli-incontri-tra-la-gente-per-parlare-ma-soprattutto-per-ascoltare\/#breadcrumb","itemListElement":[{"@type":"ListItem","position":1,"name":"Home","item":"https:\/\/www.bellunopress.it\/"},{"@type":"ListItem","position":2,"name":"Agordo e Belluno citt\u00e0 le ultime due tappe dei gioved\u00ec di Belluno Protagonista nell\u2019ambito degli \u201cIncontri tra la gente &#8211; Per parlare ma soprattutto per ascoltare\u201d"}]},{"@type":"WebSite","@id":"https:\/\/www.bellunopress.it\/#website","url":"https:\/\/www.bellunopress.it\/","name":"Bellunopress - Dolomiti","description":"e-mail: redazione@bellunopress.it","publisher":{"@id":"https:\/\/www.bellunopress.it\/#organization"},"potentialAction":[{"@type":"SearchAction","target":{"@type":"EntryPoint","urlTemplate":"https:\/\/www.bellunopress.it\/?s={search_term_string}"},"query-input":{"@type":"PropertyValueSpecification","valueRequired":true,"valueName":"search_term_string"}}],"inLanguage":"fr-FR"},{"@type":"Organization","@id":"https:\/\/www.bellunopress.it\/#organization","name":"Bellunopress","url":"https:\/\/www.bellunopress.it\/","logo":{"@type":"ImageObject","inLanguage":"fr-FR","@id":"https:\/\/www.bellunopress.it\/#\/schema\/logo\/image\/","url":"https:\/\/www.bellunopress.it\/wp-content\/uploads\/2011\/05\/cropped-logo-bellunopress-.jpg","contentUrl":"https:\/\/www.bellunopress.it\/wp-content\/uploads\/2011\/05\/cropped-logo-bellunopress-.jpg","width":512,"height":512,"caption":"Bellunopress"},"image":{"@id":"https:\/\/www.bellunopress.it\/#\/schema\/logo\/image\/"},"sameAs":["https:\/\/www.facebook.com\/profile.php?id=100008943462799","https:\/\/x.com\/bellunopress","https:\/\/www.linkedin.com\/hp\/?dnr=JBzUWaJfMUw8vbXJJ2tVW5-I3jZKvC4wsoxE&amp;amp;amp;amp;amp;amp;trk=nav_responsive_tab_home","https:\/\/www.youtube.com\/channel\/UCxL0wu1uN0_3_7hGG0306cw"]},{"@type":"Person","@id":"https:\/\/www.bellunopress.it\/#\/schema\/person\/79bb06722b37ece1c03d3e94beb30d73","name":"r\u00e9daction","image":{"@type":"ImageObject","inLanguage":"fr-FR","@id":"https:\/\/secure.gravatar.com\/avatar\/37d968a2e67a6fd04c169c4bdef102d0bc5d31b2546345219e348575eb80e9a0?s=96&d=mm&r=g","url":"https:\/\/secure.gravatar.com\/avatar\/37d968a2e67a6fd04c169c4bdef102d0bc5d31b2546345219e348575eb80e9a0?s=96&d=mm&r=g","contentUrl":"https:\/\/secure.gravatar.com\/avatar\/37d968a2e67a6fd04c169c4bdef102d0bc5d31b2546345219e348575eb80e9a0?s=96&d=mm&r=g","caption":"redazione"},"sameAs":["http:\/\/www.bellunopress.it","https:\/\/x.com\/bellunopress"],"url":"https:\/\/www.bellunopress.it\/fr\/author\/redazione\/"}]}},"_links":{"self":[{"href":"https:\/\/www.bellunopress.it\/fr\/wp-json\/wp\/v2\/posts\/44366","targetHints":{"allow":["GET"]}}],"collection":[{"href":"https:\/\/www.bellunopress.it\/fr\/wp-json\/wp\/v2\/posts"}],"about":[{"href":"https:\/\/www.bellunopress.it\/fr\/wp-json\/wp\/v2\/types\/post"}],"author":[{"embeddable":true,"href":"https:\/\/www.bellunopress.it\/fr\/wp-json\/wp\/v2\/users\/2"}],"replies":[{"embeddable":true,"href":"https:\/\/www.bellunopress.it\/fr\/wp-json\/wp\/v2\/comments?post=44366"}],"version-history":[{"count":1,"href":"https:\/\/www.bellunopress.it\/fr\/wp-json\/wp\/v2\/posts\/44366\/revisions"}],"predecessor-version":[{"id":44367,"href":"https:\/\/www.bellunopress.it\/fr\/wp-json\/wp\/v2\/posts\/44366\/revisions\/44367"}],"wp:attachment":[{"href":"https:\/\/www.bellunopress.it\/fr\/wp-json\/wp\/v2\/media?parent=44366"}],"wp:term":[{"taxonomy":"category","embeddable":true,"href":"https:\/\/www.bellunopress.it\/fr\/wp-json\/wp\/v2\/categories?post=44366"},{"taxonomy":"post_tag","embeddable":true,"href":"https:\/\/www.bellunopress.it\/fr\/wp-json\/wp\/v2\/tags?post=44366"}],"curies":[{"name":"wp","href":"https:\/\/api.w.org\/{rel}","templated":true}]}}