{"id":44355,"date":"2012-11-30T18:59:57","date_gmt":"2012-11-30T17:59:57","guid":{"rendered":"http:\/\/www.bellunopress.it\/?p=44355"},"modified":"2012-11-30T18:59:57","modified_gmt":"2012-11-30T17:59:57","slug":"il-natale-adorable-di-belluno-inizia-sabato-i-dicembre-con-laccensione-delle-luminarie-e-dellalbero","status":"publish","type":"post","link":"https:\/\/www.bellunopress.it\/fr\/2012\/11\/30\/il-natale-adorable-di-belluno-inizia-sabato-i-dicembre-con-laccensione-delle-luminarie-e-dellalbero\/","title":{"rendered":"Il Natale adorable di Belluno inizia sabato I\u00b0 dicembre con l&#8217;accensione delle luminarie e dell&#8217;albero"},"content":{"rendered":"<div><a href=\"http:\/\/www.bellunopress.it\/wp-content\/uploads\/2012\/11\/mercatini-natale-belluno.jpg\"><img loading=\"lazy\" decoding=\"async\" class=\"alignleft size-full wp-image-44325\" title=\"mercatini natale belluno\" src=\"http:\/\/www.bellunopress.it\/wp-content\/uploads\/2012\/11\/mercatini-natale-belluno.jpg\" alt=\"\" width=\"298\" height=\"297\" srcset=\"https:\/\/www.bellunopress.it\/wp-content\/uploads\/2012\/11\/mercatini-natale-belluno.jpg 298w, https:\/\/www.bellunopress.it\/wp-content\/uploads\/2012\/11\/mercatini-natale-belluno-150x150.jpg 150w\" sizes=\"auto, (max-width: 298px) 100vw, 298px\" \/><\/a>Belluno entra ufficialmente in clima natalizio: alle 17.30 di sabato 1\u00b0 dicembre, infatti, verranno accese le luminarie e l\u2019albero di Natale nei giardini di piazza dei Martiri. Il centro citt\u00e0 sar\u00e0 inoltre sede di varie manifestazioni collaterali, in particolare durante i fine settimana di dicembre. Ogni domenica del mese, i negozi resteranno aperti al pomeriggio, e sono in programma iniziative di animazione per bambini e famiglie e momenti di intrattenimento per tutti.<\/div>\n<div>Sabato 1\u00b0 dicembre si terr\u00e0 il primo evento in calendario per le prossime feste: alle 17.30, in piazza dei Martiri, una breve cerimonia aprir\u00e0 ufficialmente il Natale a Belluno, con l\u2019accensione delle luminarie e dell\u2019albero di Natale, e l\u2019inaugurazione dei \u201cGiardini di Natale\u201d. Saranno aperti tutti i giorni da sabato 1\u00b0 a luned\u00ec 24 dicembre, dalle 10.00 alle 19.00, con possibilit\u00e0 di una pausa a ora di pranzo, a discrezione degli operatori. Il mercatino natalizio, frutto di un mirato lavoro di riprogettazione, apparir\u00e0 totalmente rinnovato sia nella collocazione \u2013 all\u2019interno dei giardini, ad abbracciare la fontana \u2013 sia nelle strutture che ospiteranno gli espositori e nell\u2019atmosfera creata dalla musica che accoglier\u00e0 i visitatori.<\/div>\n<div>Il centro citt\u00e0 sar\u00e0 inoltre sede di varie manifestazioni collaterali, in particolare durante i fine settimana di dicembre. Ogni domenica del mese, i negozi resteranno aperti al pomeriggio, e sono in programma iniziative di animazione per bambini e famiglie e momenti di intrattenimento per tutti.<\/div>\n<div><\/div>\n<div>Le navette<\/div>\n<div>Per tutta la durata dei Giardini di Natale, dal luned\u00ec al sabato, gli autobus di linea urbani non transiteranno in piazza dei Martiri: il servizio di tutte le linee rester\u00e0 attivo, ma il loro percorso subir\u00e0 alcune deviazioni ed \u00e8 previsto un servizio alternativo di navetta che servir\u00e0 piazza dei Martiri collegandola a via Dante (nei pressi della stazione ferroviaria di Belluno), dove confluiranno tutte le linee di autobus.<\/div>\n<div>Periodo: giorni feriali dal 3 al 24 dicembre 2012<\/div>\n<div>Percorso: da via Dante a piazza Vittorio Emanuele II (Teatro)<\/div>\n<div>Fasce orarie: dalle 10.00 alle 12.30 e dalle 15.00 alle 18.30<\/div>\n<div>Frequenza: ogni 10 minuti<\/div>\n<div>La navetta \u00e8 utilizzabile con i titoli di viaggio e le modalit\u00e0 del servizio urbano.<\/div>\n<div>Il programma<\/div>\n<div>Il cartellone di eventi in programma per Natale a Belluno \u00e8 articolato e ricco di spunti. Ecco i principali:<\/div>\n<div>sabato 1\u00b0 dicembre, ore 17.30, piazza dei Martiri &#8211; Accensione delle luminarie e inaugurazione dei \u201cGiardini di Natale\u201d<\/div>\n<div>marted\u00ec 4 e mercoled\u00ec 5 dicembre, dalle 10 alle 19, piazza dei Martiri &#8211; Mercatino di San Nicol\u00f2: bancarelle per i pi\u00f9 piccini<\/div>\n<div>sabato 15 dicembre, dalle 9 alle 14, piazza dei Martiri &#8211; Natale Solidale: spazio alle associazioni onlus attive sul territorio, per un momento di incontro e scambio reciproco. Per Natale, regaliamo una donazione a chi ogni giorno dell\u2019anno dedica il suo impegno al prossimo.<\/div>\n<div>domenica 16 dicembre, dalle 10, con partenza in piazza dei Martiri &#8211; Santa Klaus Running, l\u2019ormai tradizionale corsa dei Babbi Natale<\/div>\n<div>domenica 16 dicembre, alle 16.30, al Ponte della Vittoria &#8211; Installazione della stella cometa sospesa<\/div>\n<div>sabato 22 dicembre, dalle 14, in centro storico &#8211; Natale in Musica: complessini musicali e formazioni corali allieteranno il pomeriggio esibendosi in giro per il centro, con un repertorio rigorosamente in tema natalizio. Al termine, ci si ritrover\u00e0 tutti insieme davanti al Teatro Comunale, per un canto conclusivo collettivo e lo scambio di auguri con il Sindaco<\/div>\n<div>luned\u00ec 31 dicembre \u2013 doppia festa di Capodanno, in piazza dei Martiri e in Nevegal<\/div>\n<div>A fare da corollario, ci sono inoltre i numerosi eventi previsti a dicembre \u2013 tra concerti, serate a teatro, intrattenimenti per i pi\u00f9 piccoli \u2013 riassunti anche nel pieghevole dedicato al Natale, in distribuzione nei prossimi giorni.<\/div>\n<div><a href=\"http:\/\/adorable.belluno.it\/2012\/11\/27\/speciale-natale\/\">http:\/\/adorable.belluno.it\/2012\/11\/27\/speciale-natale\/<\/a><\/div>","protected":false},"excerpt":{"rendered":"<p>Belluno entra ufficialmente in clima natalizio: alle 17.30 di sabato 1\u00b0 dicembre, infatti, verranno accese le luminarie e l\u2019albero di Natale nei giardini di piazza dei Martiri. Il centro citt\u00e0 sar\u00e0 inoltre sede di varie manifestazioni collaterali, in particolare durante i fine settimana di dicembre. Ogni domenica del mese, i negozi resteranno aperti al pomeriggio, [&hellip;]<\/p>\n","protected":false},"author":2,"featured_media":0,"comment_status":"closed","ping_status":"open","sticky":false,"template":"","format":"standard","meta":{"footnotes":""},"categories":[27,26,8],"tags":[],"class_list":["post-44355","post","type-post","status-publish","format-standard","category-appuntamenti","category-prima-pagina","category-societa-istituzioni"],"yoast_head":"<!-- This site is optimized with the Yoast SEO plugin v28.4 - https:\/\/yoast.com\/product\/yoast-seo-wordpress\/ -->\n<title>Il Natale adorable di Belluno inizia sabato I\u00b0 dicembre con l&#039;accensione delle luminarie e dell&#039;albero - Bellunopress - Dolomiti<\/title>\n<meta name=\"robots\" content=\"index, follow, max-snippet:-1, max-image-preview:large, max-video-preview:-1\" \/>\n<link rel=\"canonical\" href=\"https:\/\/www.bellunopress.it\/fr\/2012\/11\/30\/il-natale-adorable-di-belluno-inizia-sabato-i-dicembre-con-laccensione-delle-luminarie-e-dellalbero\/\" \/>\n<meta property=\"og:locale\" content=\"fr_FR\" \/>\n<meta property=\"og:type\" content=\"article\" \/>\n<meta property=\"og:title\" content=\"Il Natale adorable di Belluno inizia sabato I\u00b0 dicembre con l&#039;accensione delle luminarie e dell&#039;albero - Bellunopress - Dolomiti\" \/>\n<meta property=\"og:description\" content=\"Belluno entra ufficialmente in clima natalizio: alle 17.30 di sabato 1\u00b0 dicembre, infatti, verranno accese le luminarie e l\u2019albero di Natale nei giardini di piazza dei Martiri. Il centro citt\u00e0 sar\u00e0 inoltre sede di varie manifestazioni collaterali, in particolare durante i fine settimana di dicembre. Ogni domenica del mese, i negozi resteranno aperti al pomeriggio, [&hellip;]\" \/>\n<meta property=\"og:url\" content=\"https:\/\/www.bellunopress.it\/fr\/2012\/11\/30\/il-natale-adorable-di-belluno-inizia-sabato-i-dicembre-con-laccensione-delle-luminarie-e-dellalbero\/\" \/>\n<meta property=\"og:site_name\" content=\"Bellunopress - Dolomiti\" \/>\n<meta property=\"article:publisher\" content=\"https:\/\/www.facebook.com\/profile.php?id=100008943462799\" \/>\n<meta property=\"article:published_time\" content=\"2012-11-30T17:59:57+00:00\" \/>\n<meta property=\"og:image\" content=\"http:\/\/www.bellunopress.it\/wp-content\/uploads\/2012\/11\/mercatini-natale-belluno.jpg\" \/>\n<meta name=\"author\" content=\"redazione\" \/>\n<meta name=\"twitter:card\" content=\"summary_large_image\" \/>\n<meta name=\"twitter:creator\" content=\"@bellunopress\" \/>\n<meta name=\"twitter:site\" content=\"@bellunopress\" \/>\n<meta name=\"twitter:label1\" content=\"Written by\" \/>\n\t<meta name=\"twitter:data1\" content=\"redazione\" \/>\n\t<meta name=\"twitter:label2\" content=\"Est. reading time\" \/>\n\t<meta name=\"twitter:data2\" content=\"3 minutes\" \/>\n<script type=\"application\/ld+json\" class=\"yoast-schema-graph\">{\"@context\":\"https:\\\/\\\/schema.org\",\"@graph\":[{\"@type\":\"Article\",\"@id\":\"https:\\\/\\\/www.bellunopress.it\\\/2012\\\/11\\\/30\\\/il-natale-adorable-di-belluno-inizia-sabato-i-dicembre-con-laccensione-delle-luminarie-e-dellalbero\\\/#article\",\"isPartOf\":{\"@id\":\"https:\\\/\\\/www.bellunopress.it\\\/2012\\\/11\\\/30\\\/il-natale-adorable-di-belluno-inizia-sabato-i-dicembre-con-laccensione-delle-luminarie-e-dellalbero\\\/\"},\"author\":{\"name\":\"redazione\",\"@id\":\"https:\\\/\\\/www.bellunopress.it\\\/#\\\/schema\\\/person\\\/79bb06722b37ece1c03d3e94beb30d73\"},\"headline\":\"Il Natale adorable di Belluno inizia sabato I\u00b0 dicembre con l&#8217;accensione delle luminarie e dell&#8217;albero\",\"datePublished\":\"2012-11-30T17:59:57+00:00\",\"mainEntityOfPage\":{\"@id\":\"https:\\\/\\\/www.bellunopress.it\\\/2012\\\/11\\\/30\\\/il-natale-adorable-di-belluno-inizia-sabato-i-dicembre-con-laccensione-delle-luminarie-e-dellalbero\\\/\"},\"wordCount\":591,\"publisher\":{\"@id\":\"https:\\\/\\\/www.bellunopress.it\\\/#organization\"},\"image\":{\"@id\":\"https:\\\/\\\/www.bellunopress.it\\\/2012\\\/11\\\/30\\\/il-natale-adorable-di-belluno-inizia-sabato-i-dicembre-con-laccensione-delle-luminarie-e-dellalbero\\\/#primaryimage\"},\"thumbnailUrl\":\"http:\\\/\\\/www.bellunopress.it\\\/wp-content\\\/uploads\\\/2012\\\/11\\\/mercatini-natale-belluno.jpg\",\"articleSection\":[\"Appuntamenti, Eventi\",\"Prima Pagina\",\"Societ\u00e0, Associazioni, Istituzioni\"],\"inLanguage\":\"fr-FR\"},{\"@type\":\"WebPage\",\"@id\":\"https:\\\/\\\/www.bellunopress.it\\\/2012\\\/11\\\/30\\\/il-natale-adorable-di-belluno-inizia-sabato-i-dicembre-con-laccensione-delle-luminarie-e-dellalbero\\\/\",\"url\":\"https:\\\/\\\/www.bellunopress.it\\\/2012\\\/11\\\/30\\\/il-natale-adorable-di-belluno-inizia-sabato-i-dicembre-con-laccensione-delle-luminarie-e-dellalbero\\\/\",\"name\":\"Il Natale adorable di Belluno inizia sabato I\u00b0 dicembre con l'accensione delle luminarie e dell'albero - Bellunopress - Dolomiti\",\"isPartOf\":{\"@id\":\"https:\\\/\\\/www.bellunopress.it\\\/#website\"},\"primaryImageOfPage\":{\"@id\":\"https:\\\/\\\/www.bellunopress.it\\\/2012\\\/11\\\/30\\\/il-natale-adorable-di-belluno-inizia-sabato-i-dicembre-con-laccensione-delle-luminarie-e-dellalbero\\\/#primaryimage\"},\"image\":{\"@id\":\"https:\\\/\\\/www.bellunopress.it\\\/2012\\\/11\\\/30\\\/il-natale-adorable-di-belluno-inizia-sabato-i-dicembre-con-laccensione-delle-luminarie-e-dellalbero\\\/#primaryimage\"},\"thumbnailUrl\":\"http:\\\/\\\/www.bellunopress.it\\\/wp-content\\\/uploads\\\/2012\\\/11\\\/mercatini-natale-belluno.jpg\",\"datePublished\":\"2012-11-30T17:59:57+00:00\",\"breadcrumb\":{\"@id\":\"https:\\\/\\\/www.bellunopress.it\\\/2012\\\/11\\\/30\\\/il-natale-adorable-di-belluno-inizia-sabato-i-dicembre-con-laccensione-delle-luminarie-e-dellalbero\\\/#breadcrumb\"},\"inLanguage\":\"fr-FR\",\"potentialAction\":[{\"@type\":\"ReadAction\",\"target\":[\"https:\\\/\\\/www.bellunopress.it\\\/2012\\\/11\\\/30\\\/il-natale-adorable-di-belluno-inizia-sabato-i-dicembre-con-laccensione-delle-luminarie-e-dellalbero\\\/\"]}]},{\"@type\":\"ImageObject\",\"inLanguage\":\"fr-FR\",\"@id\":\"https:\\\/\\\/www.bellunopress.it\\\/2012\\\/11\\\/30\\\/il-natale-adorable-di-belluno-inizia-sabato-i-dicembre-con-laccensione-delle-luminarie-e-dellalbero\\\/#primaryimage\",\"url\":\"http:\\\/\\\/www.bellunopress.it\\\/wp-content\\\/uploads\\\/2012\\\/11\\\/mercatini-natale-belluno.jpg\",\"contentUrl\":\"http:\\\/\\\/www.bellunopress.it\\\/wp-content\\\/uploads\\\/2012\\\/11\\\/mercatini-natale-belluno.jpg\"},{\"@type\":\"BreadcrumbList\",\"@id\":\"https:\\\/\\\/www.bellunopress.it\\\/2012\\\/11\\\/30\\\/il-natale-adorable-di-belluno-inizia-sabato-i-dicembre-con-laccensione-delle-luminarie-e-dellalbero\\\/#breadcrumb\",\"itemListElement\":[{\"@type\":\"ListItem\",\"position\":1,\"name\":\"Home\",\"item\":\"https:\\\/\\\/www.bellunopress.it\\\/\"},{\"@type\":\"ListItem\",\"position\":2,\"name\":\"Il Natale adorable di Belluno inizia sabato I\u00b0 dicembre con l&#8217;accensione delle luminarie e dell&#8217;albero\"}]},{\"@type\":\"WebSite\",\"@id\":\"https:\\\/\\\/www.bellunopress.it\\\/#website\",\"url\":\"https:\\\/\\\/www.bellunopress.it\\\/\",\"name\":\"Bellunopress - Dolomiti\",\"description\":\"e-mail: redazione@bellunopress.it\",\"publisher\":{\"@id\":\"https:\\\/\\\/www.bellunopress.it\\\/#organization\"},\"potentialAction\":[{\"@type\":\"SearchAction\",\"target\":{\"@type\":\"EntryPoint\",\"urlTemplate\":\"https:\\\/\\\/www.bellunopress.it\\\/?s={search_term_string}\"},\"query-input\":{\"@type\":\"PropertyValueSpecification\",\"valueRequired\":true,\"valueName\":\"search_term_string\"}}],\"inLanguage\":\"fr-FR\"},{\"@type\":\"Organization\",\"@id\":\"https:\\\/\\\/www.bellunopress.it\\\/#organization\",\"name\":\"Bellunopress\",\"url\":\"https:\\\/\\\/www.bellunopress.it\\\/\",\"logo\":{\"@type\":\"ImageObject\",\"inLanguage\":\"fr-FR\",\"@id\":\"https:\\\/\\\/www.bellunopress.it\\\/#\\\/schema\\\/logo\\\/image\\\/\",\"url\":\"https:\\\/\\\/www.bellunopress.it\\\/wp-content\\\/uploads\\\/2011\\\/05\\\/cropped-logo-bellunopress-.jpg\",\"contentUrl\":\"https:\\\/\\\/www.bellunopress.it\\\/wp-content\\\/uploads\\\/2011\\\/05\\\/cropped-logo-bellunopress-.jpg\",\"width\":512,\"height\":512,\"caption\":\"Bellunopress\"},\"image\":{\"@id\":\"https:\\\/\\\/www.bellunopress.it\\\/#\\\/schema\\\/logo\\\/image\\\/\"},\"sameAs\":[\"https:\\\/\\\/www.facebook.com\\\/profile.php?id=100008943462799\",\"https:\\\/\\\/x.com\\\/bellunopress\",\"https:\\\/\\\/www.linkedin.com\\\/hp\\\/?dnr=JBzUWaJfMUw8vbXJJ2tVW5-I3jZKvC4wsoxE&amp;amp;amp;amp;amp;amp;trk=nav_responsive_tab_home\",\"https:\\\/\\\/www.youtube.com\\\/channel\\\/UCxL0wu1uN0_3_7hGG0306cw\"]},{\"@type\":\"Person\",\"@id\":\"https:\\\/\\\/www.bellunopress.it\\\/#\\\/schema\\\/person\\\/79bb06722b37ece1c03d3e94beb30d73\",\"name\":\"redazione\",\"image\":{\"@type\":\"ImageObject\",\"inLanguage\":\"fr-FR\",\"@id\":\"https:\\\/\\\/secure.gravatar.com\\\/avatar\\\/37d968a2e67a6fd04c169c4bdef102d0bc5d31b2546345219e348575eb80e9a0?s=96&d=mm&r=g\",\"url\":\"https:\\\/\\\/secure.gravatar.com\\\/avatar\\\/37d968a2e67a6fd04c169c4bdef102d0bc5d31b2546345219e348575eb80e9a0?s=96&d=mm&r=g\",\"contentUrl\":\"https:\\\/\\\/secure.gravatar.com\\\/avatar\\\/37d968a2e67a6fd04c169c4bdef102d0bc5d31b2546345219e348575eb80e9a0?s=96&d=mm&r=g\",\"caption\":\"redazione\"},\"sameAs\":[\"http:\\\/\\\/www.bellunopress.it\",\"https:\\\/\\\/x.com\\\/bellunopress\"],\"url\":\"https:\\\/\\\/www.bellunopress.it\\\/fr\\\/author\\\/redazione\\\/\"}]}<\/script>\n<!-- \/ Yoast SEO plugin. -->","yoast_head_json":{"title":"Il Natale adorable di Belluno inizia sabato I\u00b0 dicembre con l'accensione delle luminarie e dell'albero - Bellunopress - Dolomiti","robots":{"index":"index","follow":"follow","max-snippet":"max-snippet:-1","max-image-preview":"max-image-preview:large","max-video-preview":"max-video-preview:-1"},"canonical":"https:\/\/www.bellunopress.it\/fr\/2012\/11\/30\/il-natale-adorable-di-belluno-inizia-sabato-i-dicembre-con-laccensione-delle-luminarie-e-dellalbero\/","og_locale":"fr_FR","og_type":"article","og_title":"Il Natale adorable di Belluno inizia sabato I\u00b0 dicembre con l'accensione delle luminarie e dell'albero - Bellunopress - Dolomiti","og_description":"Belluno entra ufficialmente in clima natalizio: alle 17.30 di sabato 1\u00b0 dicembre, infatti, verranno accese le luminarie e l\u2019albero di Natale nei giardini di piazza dei Martiri. Il centro citt\u00e0 sar\u00e0 inoltre sede di varie manifestazioni collaterali, in particolare durante i fine settimana di dicembre. Ogni domenica del mese, i negozi resteranno aperti al pomeriggio, [&hellip;]","og_url":"https:\/\/www.bellunopress.it\/fr\/2012\/11\/30\/il-natale-adorable-di-belluno-inizia-sabato-i-dicembre-con-laccensione-delle-luminarie-e-dellalbero\/","og_site_name":"Bellunopress - Dolomiti","article_publisher":"https:\/\/www.facebook.com\/profile.php?id=100008943462799","article_published_time":"2012-11-30T17:59:57+00:00","og_image":[{"url":"http:\/\/www.bellunopress.it\/wp-content\/uploads\/2012\/11\/mercatini-natale-belluno.jpg","type":"","width":"","height":""}],"author":"redazione","twitter_card":"summary_large_image","twitter_creator":"@bellunopress","twitter_site":"@bellunopress","twitter_misc":{"Written by":"redazione","Est. reading time":"3 minutes"},"schema":{"@context":"https:\/\/schema.org","@graph":[{"@type":"Article","@id":"https:\/\/www.bellunopress.it\/2012\/11\/30\/il-natale-adorable-di-belluno-inizia-sabato-i-dicembre-con-laccensione-delle-luminarie-e-dellalbero\/#article","isPartOf":{"@id":"https:\/\/www.bellunopress.it\/2012\/11\/30\/il-natale-adorable-di-belluno-inizia-sabato-i-dicembre-con-laccensione-delle-luminarie-e-dellalbero\/"},"author":{"name":"redazione","@id":"https:\/\/www.bellunopress.it\/#\/schema\/person\/79bb06722b37ece1c03d3e94beb30d73"},"headline":"Il Natale adorable di Belluno inizia sabato I\u00b0 dicembre con l&#8217;accensione delle luminarie e dell&#8217;albero","datePublished":"2012-11-30T17:59:57+00:00","mainEntityOfPage":{"@id":"https:\/\/www.bellunopress.it\/2012\/11\/30\/il-natale-adorable-di-belluno-inizia-sabato-i-dicembre-con-laccensione-delle-luminarie-e-dellalbero\/"},"wordCount":591,"publisher":{"@id":"https:\/\/www.bellunopress.it\/#organization"},"image":{"@id":"https:\/\/www.bellunopress.it\/2012\/11\/30\/il-natale-adorable-di-belluno-inizia-sabato-i-dicembre-con-laccensione-delle-luminarie-e-dellalbero\/#primaryimage"},"thumbnailUrl":"http:\/\/www.bellunopress.it\/wp-content\/uploads\/2012\/11\/mercatini-natale-belluno.jpg","articleSection":["Appuntamenti, Eventi","Prima Pagina","Societ\u00e0, Associazioni, Istituzioni"],"inLanguage":"fr-FR"},{"@type":"WebPage","@id":"https:\/\/www.bellunopress.it\/2012\/11\/30\/il-natale-adorable-di-belluno-inizia-sabato-i-dicembre-con-laccensione-delle-luminarie-e-dellalbero\/","url":"https:\/\/www.bellunopress.it\/2012\/11\/30\/il-natale-adorable-di-belluno-inizia-sabato-i-dicembre-con-laccensione-delle-luminarie-e-dellalbero\/","name":"Il Natale adorable di Belluno inizia sabato I\u00b0 dicembre con l'accensione delle luminarie e dell'albero - Bellunopress - Dolomiti","isPartOf":{"@id":"https:\/\/www.bellunopress.it\/#website"},"primaryImageOfPage":{"@id":"https:\/\/www.bellunopress.it\/2012\/11\/30\/il-natale-adorable-di-belluno-inizia-sabato-i-dicembre-con-laccensione-delle-luminarie-e-dellalbero\/#primaryimage"},"image":{"@id":"https:\/\/www.bellunopress.it\/2012\/11\/30\/il-natale-adorable-di-belluno-inizia-sabato-i-dicembre-con-laccensione-delle-luminarie-e-dellalbero\/#primaryimage"},"thumbnailUrl":"http:\/\/www.bellunopress.it\/wp-content\/uploads\/2012\/11\/mercatini-natale-belluno.jpg","datePublished":"2012-11-30T17:59:57+00:00","breadcrumb":{"@id":"https:\/\/www.bellunopress.it\/2012\/11\/30\/il-natale-adorable-di-belluno-inizia-sabato-i-dicembre-con-laccensione-delle-luminarie-e-dellalbero\/#breadcrumb"},"inLanguage":"fr-FR","potentialAction":[{"@type":"ReadAction","target":["https:\/\/www.bellunopress.it\/2012\/11\/30\/il-natale-adorable-di-belluno-inizia-sabato-i-dicembre-con-laccensione-delle-luminarie-e-dellalbero\/"]}]},{"@type":"ImageObject","inLanguage":"fr-FR","@id":"https:\/\/www.bellunopress.it\/2012\/11\/30\/il-natale-adorable-di-belluno-inizia-sabato-i-dicembre-con-laccensione-delle-luminarie-e-dellalbero\/#primaryimage","url":"http:\/\/www.bellunopress.it\/wp-content\/uploads\/2012\/11\/mercatini-natale-belluno.jpg","contentUrl":"http:\/\/www.bellunopress.it\/wp-content\/uploads\/2012\/11\/mercatini-natale-belluno.jpg"},{"@type":"BreadcrumbList","@id":"https:\/\/www.bellunopress.it\/2012\/11\/30\/il-natale-adorable-di-belluno-inizia-sabato-i-dicembre-con-laccensione-delle-luminarie-e-dellalbero\/#breadcrumb","itemListElement":[{"@type":"ListItem","position":1,"name":"Home","item":"https:\/\/www.bellunopress.it\/"},{"@type":"ListItem","position":2,"name":"Il Natale adorable di Belluno inizia sabato I\u00b0 dicembre con l&#8217;accensione delle luminarie e dell&#8217;albero"}]},{"@type":"WebSite","@id":"https:\/\/www.bellunopress.it\/#website","url":"https:\/\/www.bellunopress.it\/","name":"Bellunopress - Dolomiti","description":"e-mail: redazione@bellunopress.it","publisher":{"@id":"https:\/\/www.bellunopress.it\/#organization"},"potentialAction":[{"@type":"SearchAction","target":{"@type":"EntryPoint","urlTemplate":"https:\/\/www.bellunopress.it\/?s={search_term_string}"},"query-input":{"@type":"PropertyValueSpecification","valueRequired":true,"valueName":"search_term_string"}}],"inLanguage":"fr-FR"},{"@type":"Organization","@id":"https:\/\/www.bellunopress.it\/#organization","name":"Bellunopress","url":"https:\/\/www.bellunopress.it\/","logo":{"@type":"ImageObject","inLanguage":"fr-FR","@id":"https:\/\/www.bellunopress.it\/#\/schema\/logo\/image\/","url":"https:\/\/www.bellunopress.it\/wp-content\/uploads\/2011\/05\/cropped-logo-bellunopress-.jpg","contentUrl":"https:\/\/www.bellunopress.it\/wp-content\/uploads\/2011\/05\/cropped-logo-bellunopress-.jpg","width":512,"height":512,"caption":"Bellunopress"},"image":{"@id":"https:\/\/www.bellunopress.it\/#\/schema\/logo\/image\/"},"sameAs":["https:\/\/www.facebook.com\/profile.php?id=100008943462799","https:\/\/x.com\/bellunopress","https:\/\/www.linkedin.com\/hp\/?dnr=JBzUWaJfMUw8vbXJJ2tVW5-I3jZKvC4wsoxE&amp;amp;amp;amp;amp;amp;trk=nav_responsive_tab_home","https:\/\/www.youtube.com\/channel\/UCxL0wu1uN0_3_7hGG0306cw"]},{"@type":"Person","@id":"https:\/\/www.bellunopress.it\/#\/schema\/person\/79bb06722b37ece1c03d3e94beb30d73","name":"r\u00e9daction","image":{"@type":"ImageObject","inLanguage":"fr-FR","@id":"https:\/\/secure.gravatar.com\/avatar\/37d968a2e67a6fd04c169c4bdef102d0bc5d31b2546345219e348575eb80e9a0?s=96&d=mm&r=g","url":"https:\/\/secure.gravatar.com\/avatar\/37d968a2e67a6fd04c169c4bdef102d0bc5d31b2546345219e348575eb80e9a0?s=96&d=mm&r=g","contentUrl":"https:\/\/secure.gravatar.com\/avatar\/37d968a2e67a6fd04c169c4bdef102d0bc5d31b2546345219e348575eb80e9a0?s=96&d=mm&r=g","caption":"redazione"},"sameAs":["http:\/\/www.bellunopress.it","https:\/\/x.com\/bellunopress"],"url":"https:\/\/www.bellunopress.it\/fr\/author\/redazione\/"}]}},"_links":{"self":[{"href":"https:\/\/www.bellunopress.it\/fr\/wp-json\/wp\/v2\/posts\/44355","targetHints":{"allow":["GET"]}}],"collection":[{"href":"https:\/\/www.bellunopress.it\/fr\/wp-json\/wp\/v2\/posts"}],"about":[{"href":"https:\/\/www.bellunopress.it\/fr\/wp-json\/wp\/v2\/types\/post"}],"author":[{"embeddable":true,"href":"https:\/\/www.bellunopress.it\/fr\/wp-json\/wp\/v2\/users\/2"}],"replies":[{"embeddable":true,"href":"https:\/\/www.bellunopress.it\/fr\/wp-json\/wp\/v2\/comments?post=44355"}],"version-history":[{"count":2,"href":"https:\/\/www.bellunopress.it\/fr\/wp-json\/wp\/v2\/posts\/44355\/revisions"}],"predecessor-version":[{"id":44357,"href":"https:\/\/www.bellunopress.it\/fr\/wp-json\/wp\/v2\/posts\/44355\/revisions\/44357"}],"wp:attachment":[{"href":"https:\/\/www.bellunopress.it\/fr\/wp-json\/wp\/v2\/media?parent=44355"}],"wp:term":[{"taxonomy":"category","embeddable":true,"href":"https:\/\/www.bellunopress.it\/fr\/wp-json\/wp\/v2\/categories?post=44355"},{"taxonomy":"post_tag","embeddable":true,"href":"https:\/\/www.bellunopress.it\/fr\/wp-json\/wp\/v2\/tags?post=44355"}],"curies":[{"name":"wp","href":"https:\/\/api.w.org\/{rel}","templated":true}]}}