{"id":4435,"date":"2009-06-04T20:21:13","date_gmt":"2009-06-04T19:21:13","guid":{"rendered":"http:\/\/www.bellunopress.it\/?p=4435"},"modified":"2009-06-04T20:21:13","modified_gmt":"2009-06-04T19:21:13","slug":"il-gruppo-folkloristico-i-legar%c2%94-in-lussemburgo-con-i-bellunesi-nel-mondo","status":"publish","type":"post","link":"https:\/\/www.bellunopress.it\/fr\/2009\/06\/04\/il-gruppo-folkloristico-i-legar%c2%94-in-lussemburgo-con-i-bellunesi-nel-mondo\/","title":{"rendered":"Il gruppo folkloristico I L\u00e9gar\u0094 in Lussemburgo con i Bellunesi nel mondo"},"content":{"rendered":"<p>\u00a0I L\u00e9gar, gruppo folkloristico di Casamazzagno di Comelico, \u00e8 reduce di una trasferta in Lussemburgo su invito dell&#8217;associazione Bellunesi nel mondo avvenuta dal primo al quattro maggio. L&#8217;occasione \u00e8 stata il quarantesimo anniversario delle Famiglie di Lussemburgo e dell\u0092&#8217;Est Francia. Assieme al coro femminile di Codissago, il gruppo ha percorso chilometri di strada per portare allegria e le proprie antiche tradizioni presso gli oriundi bellunesi stabilitisi ora in questa terra. La prima giornata di permanenza \u00e8 stata dedicata alla visita della citt\u00e0 di Lussemburgo, citt\u00e0 molto interessante, soprattutto dal punto di vista storico ed architettonico. Nella serata vi \u00e8 stata l&#8217;\u0092esibizione dei due gruppi per la Famiglia dei bellunesi\u00a0 di Lussemburgo presso il Centro Culturale Regionale di Dudelange. L&#8217;accoglienza delle varie famiglie di oriundi bellunesi \u00e8 sempre molto calorosa e famigliare, ed il gruppo de I L\u00e9gar l&#8217;ha gi\u00e0 potuto constatare in molte altre trasferte, l&#8217;\u0092ultima delle quali \u00e8 stata nell\u0092ottobre del 2007 in Belgio.Il rapporto di famigliarit\u00e0 e allegria che si instaura \u00e8 sempre molto forte e gradevole e le esibizioni riscuotono sempre grande successo. Cos\u00ec \u00e8 stato anche presso la famiglia lussemburghese dove il coro femminile di Codissago ha ravvivato i ricordi con le canzoni popolari, ha trasmesso emozioni e sentimenti, il gruppo de I L\u00e9gar invece ha proposto i balli tradizionali del Comelico, la v\u00e9cia, il p\u00e0ris ed il valzer, portando allegria e gioia con le proprie coreografie, i propri costumi e con le musiche, tradizioni antiche saggiamente conservate da molte generazioni.<br \/>\nLa giornata della domenica \u00e8 trascorsa dai due gruppi presso la Famiglia dell&#8217;\u0092Est Francia, nel paese di Aumetz. L&#8217;organizzazione della festa e l&#8217;accoglienza sono state ottime e subito si \u00e8 instaurato un bel rapporto d&#8217;amicizia con gli emigranti bellunesi che hanno alle spalle ognuno una propria storia, interessante e ricca di curiosit\u00e0 ed avvenimenti, belli e tristi, che sicuramente pu\u00f2 raccontare solo chi ha intrapreso la strada dell&#8217;emigrazione. Al termine delle esibizioni dei due gruppi \u00e8 stato proposto di ballare il tradizionale ed antico P\u00e0ris, il ballo che ha dato origine al Gruppo de I L\u00e9gar. Si \u00e8 creato cos\u00ec un grande cerchio dove i ballerini e gli emigranti bellunesi si sono uniti per danzare, ridere e terminare la festa con gioia. Una bella e allegra trasferta quindi, ed il Gruppo I L\u00e9gar \u00e8 grato alla Famiglia dei Bellunesi nel Mondo ed in particolare al suo direttore Patrizio De Martin, Comeliano come noi,\u00a0 per concedere l&#8217;opportunit\u00e0 di portare le proprie tradizioni e i propri usi all&#8217;estero, presso i compaesani trasferitisi lontano dalla propria terra. Un grazie perch\u00e9 queste sono occasioni preziose per visitare posti nuovi e soprattutto per vivere bellissimi momenti compagnia di persone fantastiche.<\/p>","protected":false},"excerpt":{"rendered":"<p>\u00a0I L\u00e9gar, gruppo folkloristico di Casamazzagno di Comelico, \u00e8 reduce di una trasferta in Lussemburgo su invito dell&#8217;associazione Bellunesi nel mondo avvenuta dal primo al quattro maggio. L&#8217;occasione \u00e8 stata il quarantesimo anniversario delle Famiglie di Lussemburgo e dell\u0092&#8217;Est Francia. Assieme al coro femminile di Codissago, il gruppo ha percorso chilometri di strada per portare [&hellip;]<\/p>\n","protected":false},"author":2,"featured_media":0,"comment_status":"closed","ping_status":"open","sticky":false,"template":"","format":"standard","meta":{"footnotes":""},"categories":[8],"tags":[],"class_list":["post-4435","post","type-post","status-publish","format-standard","category-societa-istituzioni"],"yoast_head":"<!-- This site is optimized with the Yoast SEO plugin v28.4 - https:\/\/yoast.com\/product\/yoast-seo-wordpress\/ -->\n<title>Il gruppo folkloristico I L\u00e9gar\u0094 in Lussemburgo con i Bellunesi nel mondo - Bellunopress - Dolomiti<\/title>\n<meta name=\"robots\" content=\"index, follow, max-snippet:-1, max-image-preview:large, max-video-preview:-1\" \/>\n<link rel=\"canonical\" href=\"https:\/\/www.bellunopress.it\/fr\/2009\/06\/04\/il-gruppo-folkloristico-i-legar\u0094-in-lussemburgo-con-i-bellunesi-nel-mondo\/\" \/>\n<meta property=\"og:locale\" content=\"fr_FR\" \/>\n<meta property=\"og:type\" content=\"article\" \/>\n<meta property=\"og:title\" content=\"Il gruppo folkloristico I L\u00e9gar\u0094 in Lussemburgo con i Bellunesi nel mondo - Bellunopress - Dolomiti\" \/>\n<meta property=\"og:description\" content=\"\u00a0I L\u00e9gar, gruppo folkloristico di Casamazzagno di Comelico, \u00e8 reduce di una trasferta in Lussemburgo su invito dell&#8217;associazione Bellunesi nel mondo avvenuta dal primo al quattro maggio. L&#8217;occasione \u00e8 stata il quarantesimo anniversario delle Famiglie di Lussemburgo e dell\u0092&#8217;Est Francia. Assieme al coro femminile di Codissago, il gruppo ha percorso chilometri di strada per portare [&hellip;]\" \/>\n<meta property=\"og:url\" content=\"https:\/\/www.bellunopress.it\/fr\/2009\/06\/04\/il-gruppo-folkloristico-i-legar\u0094-in-lussemburgo-con-i-bellunesi-nel-mondo\/\" \/>\n<meta property=\"og:site_name\" content=\"Bellunopress - Dolomiti\" \/>\n<meta property=\"article:publisher\" content=\"https:\/\/www.facebook.com\/profile.php?id=100008943462799\" \/>\n<meta property=\"article:published_time\" content=\"2009-06-04T19:21:13+00:00\" \/>\n<meta property=\"og:image\" content=\"http:\/\/www.bellunopress.it\/wp-content\/uploads\/2012\/07\/logo-bellunopress-250x250-2012.jpg\" \/>\n<meta name=\"author\" content=\"redazione\" \/>\n<meta name=\"twitter:card\" content=\"summary_large_image\" \/>\n<meta name=\"twitter:creator\" content=\"@bellunopress\" \/>\n<meta name=\"twitter:site\" content=\"@bellunopress\" \/>\n<meta name=\"twitter:label1\" content=\"Written by\" \/>\n\t<meta name=\"twitter:data1\" content=\"redazione\" \/>\n\t<meta name=\"twitter:label2\" content=\"Est. reading time\" \/>\n\t<meta name=\"twitter:data2\" content=\"2 minutes\" \/>\n<script type=\"application\/ld+json\" class=\"yoast-schema-graph\">{\"@context\":\"https:\\\/\\\/schema.org\",\"@graph\":[{\"@type\":\"Article\",\"@id\":\"https:\\\/\\\/www.bellunopress.it\\\/2009\\\/06\\\/04\\\/il-gruppo-folkloristico-i-legar%c2%94-in-lussemburgo-con-i-bellunesi-nel-mondo\\\/#article\",\"isPartOf\":{\"@id\":\"https:\\\/\\\/www.bellunopress.it\\\/2009\\\/06\\\/04\\\/il-gruppo-folkloristico-i-legar%c2%94-in-lussemburgo-con-i-bellunesi-nel-mondo\\\/\"},\"author\":{\"name\":\"redazione\",\"@id\":\"https:\\\/\\\/www.bellunopress.it\\\/#\\\/schema\\\/person\\\/79bb06722b37ece1c03d3e94beb30d73\"},\"headline\":\"Il gruppo folkloristico I L\u00e9gar\u0094 in Lussemburgo con i Bellunesi nel mondo\",\"datePublished\":\"2009-06-04T19:21:13+00:00\",\"mainEntityOfPage\":{\"@id\":\"https:\\\/\\\/www.bellunopress.it\\\/2009\\\/06\\\/04\\\/il-gruppo-folkloristico-i-legar%c2%94-in-lussemburgo-con-i-bellunesi-nel-mondo\\\/\"},\"wordCount\":463,\"publisher\":{\"@id\":\"https:\\\/\\\/www.bellunopress.it\\\/#organization\"},\"articleSection\":[\"Societ\u00e0, Associazioni, Istituzioni\"],\"inLanguage\":\"fr-FR\"},{\"@type\":\"WebPage\",\"@id\":\"https:\\\/\\\/www.bellunopress.it\\\/2009\\\/06\\\/04\\\/il-gruppo-folkloristico-i-legar%c2%94-in-lussemburgo-con-i-bellunesi-nel-mondo\\\/\",\"url\":\"https:\\\/\\\/www.bellunopress.it\\\/2009\\\/06\\\/04\\\/il-gruppo-folkloristico-i-legar%c2%94-in-lussemburgo-con-i-bellunesi-nel-mondo\\\/\",\"name\":\"Il gruppo folkloristico I L\u00e9gar\u0094 in Lussemburgo con i Bellunesi nel mondo - Bellunopress - Dolomiti\",\"isPartOf\":{\"@id\":\"https:\\\/\\\/www.bellunopress.it\\\/#website\"},\"datePublished\":\"2009-06-04T19:21:13+00:00\",\"breadcrumb\":{\"@id\":\"https:\\\/\\\/www.bellunopress.it\\\/2009\\\/06\\\/04\\\/il-gruppo-folkloristico-i-legar%c2%94-in-lussemburgo-con-i-bellunesi-nel-mondo\\\/#breadcrumb\"},\"inLanguage\":\"fr-FR\",\"potentialAction\":[{\"@type\":\"ReadAction\",\"target\":[\"https:\\\/\\\/www.bellunopress.it\\\/2009\\\/06\\\/04\\\/il-gruppo-folkloristico-i-legar%c2%94-in-lussemburgo-con-i-bellunesi-nel-mondo\\\/\"]}]},{\"@type\":\"BreadcrumbList\",\"@id\":\"https:\\\/\\\/www.bellunopress.it\\\/2009\\\/06\\\/04\\\/il-gruppo-folkloristico-i-legar%c2%94-in-lussemburgo-con-i-bellunesi-nel-mondo\\\/#breadcrumb\",\"itemListElement\":[{\"@type\":\"ListItem\",\"position\":1,\"name\":\"Home\",\"item\":\"https:\\\/\\\/www.bellunopress.it\\\/\"},{\"@type\":\"ListItem\",\"position\":2,\"name\":\"Il gruppo folkloristico I L\u00e9gar\u0094 in Lussemburgo con i Bellunesi nel mondo\"}]},{\"@type\":\"WebSite\",\"@id\":\"https:\\\/\\\/www.bellunopress.it\\\/#website\",\"url\":\"https:\\\/\\\/www.bellunopress.it\\\/\",\"name\":\"Bellunopress - Dolomiti\",\"description\":\"e-mail: redazione@bellunopress.it\",\"publisher\":{\"@id\":\"https:\\\/\\\/www.bellunopress.it\\\/#organization\"},\"potentialAction\":[{\"@type\":\"SearchAction\",\"target\":{\"@type\":\"EntryPoint\",\"urlTemplate\":\"https:\\\/\\\/www.bellunopress.it\\\/?s={search_term_string}\"},\"query-input\":{\"@type\":\"PropertyValueSpecification\",\"valueRequired\":true,\"valueName\":\"search_term_string\"}}],\"inLanguage\":\"fr-FR\"},{\"@type\":\"Organization\",\"@id\":\"https:\\\/\\\/www.bellunopress.it\\\/#organization\",\"name\":\"Bellunopress\",\"url\":\"https:\\\/\\\/www.bellunopress.it\\\/\",\"logo\":{\"@type\":\"ImageObject\",\"inLanguage\":\"fr-FR\",\"@id\":\"https:\\\/\\\/www.bellunopress.it\\\/#\\\/schema\\\/logo\\\/image\\\/\",\"url\":\"https:\\\/\\\/www.bellunopress.it\\\/wp-content\\\/uploads\\\/2011\\\/05\\\/cropped-logo-bellunopress-.jpg\",\"contentUrl\":\"https:\\\/\\\/www.bellunopress.it\\\/wp-content\\\/uploads\\\/2011\\\/05\\\/cropped-logo-bellunopress-.jpg\",\"width\":512,\"height\":512,\"caption\":\"Bellunopress\"},\"image\":{\"@id\":\"https:\\\/\\\/www.bellunopress.it\\\/#\\\/schema\\\/logo\\\/image\\\/\"},\"sameAs\":[\"https:\\\/\\\/www.facebook.com\\\/profile.php?id=100008943462799\",\"https:\\\/\\\/x.com\\\/bellunopress\",\"https:\\\/\\\/www.linkedin.com\\\/hp\\\/?dnr=JBzUWaJfMUw8vbXJJ2tVW5-I3jZKvC4wsoxE&amp;amp;amp;amp;amp;amp;trk=nav_responsive_tab_home\",\"https:\\\/\\\/www.youtube.com\\\/channel\\\/UCxL0wu1uN0_3_7hGG0306cw\"]},{\"@type\":\"Person\",\"@id\":\"https:\\\/\\\/www.bellunopress.it\\\/#\\\/schema\\\/person\\\/79bb06722b37ece1c03d3e94beb30d73\",\"name\":\"redazione\",\"image\":{\"@type\":\"ImageObject\",\"inLanguage\":\"fr-FR\",\"@id\":\"https:\\\/\\\/secure.gravatar.com\\\/avatar\\\/37d968a2e67a6fd04c169c4bdef102d0bc5d31b2546345219e348575eb80e9a0?s=96&d=mm&r=g\",\"url\":\"https:\\\/\\\/secure.gravatar.com\\\/avatar\\\/37d968a2e67a6fd04c169c4bdef102d0bc5d31b2546345219e348575eb80e9a0?s=96&d=mm&r=g\",\"contentUrl\":\"https:\\\/\\\/secure.gravatar.com\\\/avatar\\\/37d968a2e67a6fd04c169c4bdef102d0bc5d31b2546345219e348575eb80e9a0?s=96&d=mm&r=g\",\"caption\":\"redazione\"},\"sameAs\":[\"http:\\\/\\\/www.bellunopress.it\",\"https:\\\/\\\/x.com\\\/bellunopress\"],\"url\":\"https:\\\/\\\/www.bellunopress.it\\\/fr\\\/author\\\/redazione\\\/\"}]}<\/script>\n<!-- \/ Yoast SEO plugin. -->","yoast_head_json":{"title":"Il gruppo folkloristico I L\u00e9gar\u0094 in Lussemburgo con i Bellunesi nel mondo - Bellunopress - Dolomiti","robots":{"index":"index","follow":"follow","max-snippet":"max-snippet:-1","max-image-preview":"max-image-preview:large","max-video-preview":"max-video-preview:-1"},"canonical":"https:\/\/www.bellunopress.it\/fr\/2009\/06\/04\/il-gruppo-folkloristico-i-legar\u0094-in-lussemburgo-con-i-bellunesi-nel-mondo\/","og_locale":"fr_FR","og_type":"article","og_title":"Il gruppo folkloristico I L\u00e9gar\u0094 in Lussemburgo con i Bellunesi nel mondo - Bellunopress - Dolomiti","og_description":"\u00a0I L\u00e9gar, gruppo folkloristico di Casamazzagno di Comelico, \u00e8 reduce di una trasferta in Lussemburgo su invito dell&#8217;associazione Bellunesi nel mondo avvenuta dal primo al quattro maggio. L&#8217;occasione \u00e8 stata il quarantesimo anniversario delle Famiglie di Lussemburgo e dell\u0092&#8217;Est Francia. Assieme al coro femminile di Codissago, il gruppo ha percorso chilometri di strada per portare [&hellip;]","og_url":"https:\/\/www.bellunopress.it\/fr\/2009\/06\/04\/il-gruppo-folkloristico-i-legar\u0094-in-lussemburgo-con-i-bellunesi-nel-mondo\/","og_site_name":"Bellunopress - Dolomiti","article_publisher":"https:\/\/www.facebook.com\/profile.php?id=100008943462799","article_published_time":"2009-06-04T19:21:13+00:00","og_image":[{"url":"http:\/\/www.bellunopress.it\/wp-content\/uploads\/2012\/07\/logo-bellunopress-250x250-2012.jpg","type":"","width":"","height":""}],"author":"redazione","twitter_card":"summary_large_image","twitter_creator":"@bellunopress","twitter_site":"@bellunopress","twitter_misc":{"Written by":"redazione","Est. reading time":"2 minutes"},"schema":{"@context":"https:\/\/schema.org","@graph":[{"@type":"Article","@id":"https:\/\/www.bellunopress.it\/2009\/06\/04\/il-gruppo-folkloristico-i-legar%c2%94-in-lussemburgo-con-i-bellunesi-nel-mondo\/#article","isPartOf":{"@id":"https:\/\/www.bellunopress.it\/2009\/06\/04\/il-gruppo-folkloristico-i-legar%c2%94-in-lussemburgo-con-i-bellunesi-nel-mondo\/"},"author":{"name":"redazione","@id":"https:\/\/www.bellunopress.it\/#\/schema\/person\/79bb06722b37ece1c03d3e94beb30d73"},"headline":"Il gruppo folkloristico I L\u00e9gar\u0094 in Lussemburgo con i Bellunesi nel mondo","datePublished":"2009-06-04T19:21:13+00:00","mainEntityOfPage":{"@id":"https:\/\/www.bellunopress.it\/2009\/06\/04\/il-gruppo-folkloristico-i-legar%c2%94-in-lussemburgo-con-i-bellunesi-nel-mondo\/"},"wordCount":463,"publisher":{"@id":"https:\/\/www.bellunopress.it\/#organization"},"articleSection":["Societ\u00e0, Associazioni, Istituzioni"],"inLanguage":"fr-FR"},{"@type":"WebPage","@id":"https:\/\/www.bellunopress.it\/2009\/06\/04\/il-gruppo-folkloristico-i-legar%c2%94-in-lussemburgo-con-i-bellunesi-nel-mondo\/","url":"https:\/\/www.bellunopress.it\/2009\/06\/04\/il-gruppo-folkloristico-i-legar%c2%94-in-lussemburgo-con-i-bellunesi-nel-mondo\/","name":"Il gruppo folkloristico I L\u00e9gar\u0094 in Lussemburgo con i Bellunesi nel mondo - Bellunopress - Dolomiti","isPartOf":{"@id":"https:\/\/www.bellunopress.it\/#website"},"datePublished":"2009-06-04T19:21:13+00:00","breadcrumb":{"@id":"https:\/\/www.bellunopress.it\/2009\/06\/04\/il-gruppo-folkloristico-i-legar%c2%94-in-lussemburgo-con-i-bellunesi-nel-mondo\/#breadcrumb"},"inLanguage":"fr-FR","potentialAction":[{"@type":"ReadAction","target":["https:\/\/www.bellunopress.it\/2009\/06\/04\/il-gruppo-folkloristico-i-legar%c2%94-in-lussemburgo-con-i-bellunesi-nel-mondo\/"]}]},{"@type":"BreadcrumbList","@id":"https:\/\/www.bellunopress.it\/2009\/06\/04\/il-gruppo-folkloristico-i-legar%c2%94-in-lussemburgo-con-i-bellunesi-nel-mondo\/#breadcrumb","itemListElement":[{"@type":"ListItem","position":1,"name":"Home","item":"https:\/\/www.bellunopress.it\/"},{"@type":"ListItem","position":2,"name":"Il gruppo folkloristico I L\u00e9gar\u0094 in Lussemburgo con i Bellunesi nel mondo"}]},{"@type":"WebSite","@id":"https:\/\/www.bellunopress.it\/#website","url":"https:\/\/www.bellunopress.it\/","name":"Bellunopress - Dolomiti","description":"e-mail: redazione@bellunopress.it","publisher":{"@id":"https:\/\/www.bellunopress.it\/#organization"},"potentialAction":[{"@type":"SearchAction","target":{"@type":"EntryPoint","urlTemplate":"https:\/\/www.bellunopress.it\/?s={search_term_string}"},"query-input":{"@type":"PropertyValueSpecification","valueRequired":true,"valueName":"search_term_string"}}],"inLanguage":"fr-FR"},{"@type":"Organization","@id":"https:\/\/www.bellunopress.it\/#organization","name":"Bellunopress","url":"https:\/\/www.bellunopress.it\/","logo":{"@type":"ImageObject","inLanguage":"fr-FR","@id":"https:\/\/www.bellunopress.it\/#\/schema\/logo\/image\/","url":"https:\/\/www.bellunopress.it\/wp-content\/uploads\/2011\/05\/cropped-logo-bellunopress-.jpg","contentUrl":"https:\/\/www.bellunopress.it\/wp-content\/uploads\/2011\/05\/cropped-logo-bellunopress-.jpg","width":512,"height":512,"caption":"Bellunopress"},"image":{"@id":"https:\/\/www.bellunopress.it\/#\/schema\/logo\/image\/"},"sameAs":["https:\/\/www.facebook.com\/profile.php?id=100008943462799","https:\/\/x.com\/bellunopress","https:\/\/www.linkedin.com\/hp\/?dnr=JBzUWaJfMUw8vbXJJ2tVW5-I3jZKvC4wsoxE&amp;amp;amp;amp;amp;amp;trk=nav_responsive_tab_home","https:\/\/www.youtube.com\/channel\/UCxL0wu1uN0_3_7hGG0306cw"]},{"@type":"Person","@id":"https:\/\/www.bellunopress.it\/#\/schema\/person\/79bb06722b37ece1c03d3e94beb30d73","name":"r\u00e9daction","image":{"@type":"ImageObject","inLanguage":"fr-FR","@id":"https:\/\/secure.gravatar.com\/avatar\/37d968a2e67a6fd04c169c4bdef102d0bc5d31b2546345219e348575eb80e9a0?s=96&d=mm&r=g","url":"https:\/\/secure.gravatar.com\/avatar\/37d968a2e67a6fd04c169c4bdef102d0bc5d31b2546345219e348575eb80e9a0?s=96&d=mm&r=g","contentUrl":"https:\/\/secure.gravatar.com\/avatar\/37d968a2e67a6fd04c169c4bdef102d0bc5d31b2546345219e348575eb80e9a0?s=96&d=mm&r=g","caption":"redazione"},"sameAs":["http:\/\/www.bellunopress.it","https:\/\/x.com\/bellunopress"],"url":"https:\/\/www.bellunopress.it\/fr\/author\/redazione\/"}]}},"_links":{"self":[{"href":"https:\/\/www.bellunopress.it\/fr\/wp-json\/wp\/v2\/posts\/4435","targetHints":{"allow":["GET"]}}],"collection":[{"href":"https:\/\/www.bellunopress.it\/fr\/wp-json\/wp\/v2\/posts"}],"about":[{"href":"https:\/\/www.bellunopress.it\/fr\/wp-json\/wp\/v2\/types\/post"}],"author":[{"embeddable":true,"href":"https:\/\/www.bellunopress.it\/fr\/wp-json\/wp\/v2\/users\/2"}],"replies":[{"embeddable":true,"href":"https:\/\/www.bellunopress.it\/fr\/wp-json\/wp\/v2\/comments?post=4435"}],"version-history":[{"count":1,"href":"https:\/\/www.bellunopress.it\/fr\/wp-json\/wp\/v2\/posts\/4435\/revisions"}],"predecessor-version":[{"id":4436,"href":"https:\/\/www.bellunopress.it\/fr\/wp-json\/wp\/v2\/posts\/4435\/revisions\/4436"}],"wp:attachment":[{"href":"https:\/\/www.bellunopress.it\/fr\/wp-json\/wp\/v2\/media?parent=4435"}],"wp:term":[{"taxonomy":"category","embeddable":true,"href":"https:\/\/www.bellunopress.it\/fr\/wp-json\/wp\/v2\/categories?post=4435"},{"taxonomy":"post_tag","embeddable":true,"href":"https:\/\/www.bellunopress.it\/fr\/wp-json\/wp\/v2\/tags?post=4435"}],"curies":[{"name":"wp","href":"https:\/\/api.w.org\/{rel}","templated":true}]}}