{"id":4433,"date":"2009-06-04T20:09:39","date_gmt":"2009-06-04T19:09:39","guid":{"rendered":"http:\/\/www.bellunopress.it\/?p=4433"},"modified":"2009-06-04T20:09:39","modified_gmt":"2009-06-04T19:09:39","slug":"week-end-in-alpago-con-la-grande-mountain-bike-degli-internazionali-ditalia","status":"publish","type":"post","link":"https:\/\/www.bellunopress.it\/fr\/2009\/06\/04\/week-end-in-alpago-con-la-grande-mountain-bike-degli-internazionali-ditalia\/","title":{"rendered":"Week-end in Alpago con la grande mountain bike degli &#8220;Internazionali d&#8217;Italia&#8221;"},"content":{"rendered":"<p>Ritorna la grande mountain bike. Domenica 7 giugno il circuito di Lamosano a Chies d&#8217;Alpago (Belluno) sar\u00e0 infatti teatro della terza prova degli \u201cInternazionali d\u2019Italia\u201d, prestigioso circuito che si compone di 4 gare internazionali Classe 1-2. E prevista la partecipazione di oltre 400 atleti, in rappresentanza di ben 10 Paesi (Austria, Colombia, Costarica, Francia; Germania, Messico, Russia, Slovenia, Svizzera e Italia). Dopo il Campionato Europeo del 2006, le \u201cruote grasse\u201d ridiventano dunque protagoniste in Alpago grazie all\u2019Mtb Chies la cui collaudata organizzazione \u00e8 coordinata da Paolo Zanon. \u00abDopo due anni di riposo \u2013 afferma Zanon &#8211; ci ripresentiamo per organizzare una tappa del circuito di cross country tra i pi\u00f9 significativi a livello internazionale. Faremo, come al solito, del nostro meglio per allestire un grande appuntamento di sport lungo il nostro circuito che \u00e8 tra i pi\u00f9 spettacolari al mondo. Pensiamo di aver superato brillantemente un impegnativo banco di prova con l\u2019organizzazione dei Campionati europei del 2006 e di aver rappresentato al meglio l\u2019Alpago a livello internazionale, ma crediamo che ogni prova sia una nuova sfida che va superata con impegno e passione. In questo senso, ricordo che l\u2019Alpago ha un ruolo fondamentale nel Comitato promotore Veneto Dolomiti 2012 che sta cercando, assieme al comprensorio del Nevegal, di ottenere l\u2019assegnazione dei Campionati Mondiali nel 2012. E\u2019 questa un\u2019ulteriore grande sfida, ma anche una grande opportunit\u00e0 economica per tutto il nostro territorio e per il Bellunese in generale\u00bb. Il programma degli Internazionali d\u2019Italia prevede, domenica mattina, alle 9 la partenza della categoria Esordienti, seguita da quella degli Allievi (ore 10), degli Juniores e della Open femminile (ore 11). Il \u201cclou\u201d nel pomeriggio, alle 14.30, con la gara riservata alla categoria Open maschile (Elite e Under 23). Le premiazioni si svolgeranno alle 16.15, mentre la giornata sar\u00e0 chiusa dai giovanissimi, protagonisti, alle 16.30, del circuito \u201cSaranno Campioni\u201d. Sabato 6 ci sar\u00e0 un \u201cprologo\u201d con le gare riservate alla categoria Amatori, gare che prenderanno il via alle 14.30 e che metteranno in palio le maglie di campione provinciale per il Comitato di Belluno della Federazione ciclistica italiana.<\/p>","protected":false},"excerpt":{"rendered":"<p>Ritorna la grande mountain bike. Domenica 7 giugno il circuito di Lamosano a Chies d&#8217;Alpago (Belluno) sar\u00e0 infatti teatro della terza prova degli \u201cInternazionali d\u2019Italia\u201d, prestigioso circuito che si compone di 4 gare internazionali Classe 1-2. E prevista la partecipazione di oltre 400 atleti, in rappresentanza di ben 10 Paesi (Austria, Colombia, Costarica, Francia; Germania, [&hellip;]<\/p>\n","protected":false},"author":2,"featured_media":0,"comment_status":"closed","ping_status":"open","sticky":false,"template":"","format":"standard","meta":{"footnotes":""},"categories":[25,4],"tags":[139,63],"class_list":["post-4433","post","type-post","status-publish","format-standard","category-pausa-caffe","category-sport","tag-belluno","tag-dolomiti"],"yoast_head":"<!-- This site is optimized with the Yoast SEO plugin v28.4 - https:\/\/yoast.com\/product\/yoast-seo-wordpress\/ -->\n<title>Week-end in Alpago con la grande mountain bike degli &quot;Internazionali d&#039;Italia&quot; - Bellunopress - Dolomiti<\/title>\n<meta name=\"robots\" content=\"index, follow, max-snippet:-1, max-image-preview:large, max-video-preview:-1\" \/>\n<link rel=\"canonical\" href=\"https:\/\/www.bellunopress.it\/fr\/2009\/06\/04\/week-end-in-alpago-con-la-grande-mountain-bike-degli-internazionali-ditalia\/\" \/>\n<meta property=\"og:locale\" content=\"fr_FR\" \/>\n<meta property=\"og:type\" content=\"article\" \/>\n<meta property=\"og:title\" content=\"Week-end in Alpago con la grande mountain bike degli &quot;Internazionali d&#039;Italia&quot; - Bellunopress - Dolomiti\" \/>\n<meta property=\"og:description\" content=\"Ritorna la grande mountain bike. Domenica 7 giugno il circuito di Lamosano a Chies d&#8217;Alpago (Belluno) sar\u00e0 infatti teatro della terza prova degli \u201cInternazionali d\u2019Italia\u201d, prestigioso circuito che si compone di 4 gare internazionali Classe 1-2. E prevista la partecipazione di oltre 400 atleti, in rappresentanza di ben 10 Paesi (Austria, Colombia, Costarica, Francia; Germania, [&hellip;]\" \/>\n<meta property=\"og:url\" content=\"https:\/\/www.bellunopress.it\/fr\/2009\/06\/04\/week-end-in-alpago-con-la-grande-mountain-bike-degli-internazionali-ditalia\/\" \/>\n<meta property=\"og:site_name\" content=\"Bellunopress - Dolomiti\" \/>\n<meta property=\"article:publisher\" content=\"https:\/\/www.facebook.com\/profile.php?id=100008943462799\" \/>\n<meta property=\"article:published_time\" content=\"2009-06-04T19:09:39+00:00\" \/>\n<meta property=\"og:image\" content=\"http:\/\/www.bellunopress.it\/wp-content\/uploads\/2012\/07\/logo-bellunopress-250x250-2012.jpg\" \/>\n<meta name=\"author\" content=\"redazione\" \/>\n<meta name=\"twitter:card\" content=\"summary_large_image\" \/>\n<meta name=\"twitter:creator\" content=\"@bellunopress\" \/>\n<meta name=\"twitter:site\" content=\"@bellunopress\" \/>\n<meta name=\"twitter:label1\" content=\"\u00c9crit par\" \/>\n\t<meta name=\"twitter:data1\" content=\"redazione\" \/>\n\t<meta name=\"twitter:label2\" content=\"Dur\u00e9e de lecture estim\u00e9e\" \/>\n\t<meta name=\"twitter:data2\" content=\"2 minutes\" \/>\n<script type=\"application\/ld+json\" class=\"yoast-schema-graph\">{\"@context\":\"https:\\\/\\\/schema.org\",\"@graph\":[{\"@type\":\"Article\",\"@id\":\"https:\\\/\\\/www.bellunopress.it\\\/2009\\\/06\\\/04\\\/week-end-in-alpago-con-la-grande-mountain-bike-degli-internazionali-ditalia\\\/#article\",\"isPartOf\":{\"@id\":\"https:\\\/\\\/www.bellunopress.it\\\/2009\\\/06\\\/04\\\/week-end-in-alpago-con-la-grande-mountain-bike-degli-internazionali-ditalia\\\/\"},\"author\":{\"name\":\"redazione\",\"@id\":\"https:\\\/\\\/www.bellunopress.it\\\/#\\\/schema\\\/person\\\/79bb06722b37ece1c03d3e94beb30d73\"},\"headline\":\"Week-end in Alpago con la grande mountain bike degli &#8220;Internazionali d&#8217;Italia&#8221;\",\"datePublished\":\"2009-06-04T19:09:39+00:00\",\"mainEntityOfPage\":{\"@id\":\"https:\\\/\\\/www.bellunopress.it\\\/2009\\\/06\\\/04\\\/week-end-in-alpago-con-la-grande-mountain-bike-degli-internazionali-ditalia\\\/\"},\"wordCount\":345,\"publisher\":{\"@id\":\"https:\\\/\\\/www.bellunopress.it\\\/#organization\"},\"keywords\":[\"Belluno\",\"Dolomiti\"],\"articleSection\":[\"Pausa Caff\u00e8\",\"Sport, tempo libero\"],\"inLanguage\":\"fr-FR\"},{\"@type\":\"WebPage\",\"@id\":\"https:\\\/\\\/www.bellunopress.it\\\/2009\\\/06\\\/04\\\/week-end-in-alpago-con-la-grande-mountain-bike-degli-internazionali-ditalia\\\/\",\"url\":\"https:\\\/\\\/www.bellunopress.it\\\/2009\\\/06\\\/04\\\/week-end-in-alpago-con-la-grande-mountain-bike-degli-internazionali-ditalia\\\/\",\"name\":\"Week-end in Alpago con la grande mountain bike degli \\\"Internazionali d'Italia\\\" - Bellunopress - Dolomiti\",\"isPartOf\":{\"@id\":\"https:\\\/\\\/www.bellunopress.it\\\/#website\"},\"datePublished\":\"2009-06-04T19:09:39+00:00\",\"breadcrumb\":{\"@id\":\"https:\\\/\\\/www.bellunopress.it\\\/2009\\\/06\\\/04\\\/week-end-in-alpago-con-la-grande-mountain-bike-degli-internazionali-ditalia\\\/#breadcrumb\"},\"inLanguage\":\"fr-FR\",\"potentialAction\":[{\"@type\":\"ReadAction\",\"target\":[\"https:\\\/\\\/www.bellunopress.it\\\/2009\\\/06\\\/04\\\/week-end-in-alpago-con-la-grande-mountain-bike-degli-internazionali-ditalia\\\/\"]}]},{\"@type\":\"BreadcrumbList\",\"@id\":\"https:\\\/\\\/www.bellunopress.it\\\/2009\\\/06\\\/04\\\/week-end-in-alpago-con-la-grande-mountain-bike-degli-internazionali-ditalia\\\/#breadcrumb\",\"itemListElement\":[{\"@type\":\"ListItem\",\"position\":1,\"name\":\"Home\",\"item\":\"https:\\\/\\\/www.bellunopress.it\\\/\"},{\"@type\":\"ListItem\",\"position\":2,\"name\":\"Week-end in Alpago con la grande mountain bike degli &#8220;Internazionali d&#8217;Italia&#8221;\"}]},{\"@type\":\"WebSite\",\"@id\":\"https:\\\/\\\/www.bellunopress.it\\\/#website\",\"url\":\"https:\\\/\\\/www.bellunopress.it\\\/\",\"name\":\"Bellunopress - Dolomiti\",\"description\":\"e-mail: redazione@bellunopress.it\",\"publisher\":{\"@id\":\"https:\\\/\\\/www.bellunopress.it\\\/#organization\"},\"potentialAction\":[{\"@type\":\"SearchAction\",\"target\":{\"@type\":\"EntryPoint\",\"urlTemplate\":\"https:\\\/\\\/www.bellunopress.it\\\/?s={search_term_string}\"},\"query-input\":{\"@type\":\"PropertyValueSpecification\",\"valueRequired\":true,\"valueName\":\"search_term_string\"}}],\"inLanguage\":\"fr-FR\"},{\"@type\":\"Organization\",\"@id\":\"https:\\\/\\\/www.bellunopress.it\\\/#organization\",\"name\":\"Bellunopress\",\"url\":\"https:\\\/\\\/www.bellunopress.it\\\/\",\"logo\":{\"@type\":\"ImageObject\",\"inLanguage\":\"fr-FR\",\"@id\":\"https:\\\/\\\/www.bellunopress.it\\\/#\\\/schema\\\/logo\\\/image\\\/\",\"url\":\"https:\\\/\\\/www.bellunopress.it\\\/wp-content\\\/uploads\\\/2011\\\/05\\\/cropped-logo-bellunopress-.jpg\",\"contentUrl\":\"https:\\\/\\\/www.bellunopress.it\\\/wp-content\\\/uploads\\\/2011\\\/05\\\/cropped-logo-bellunopress-.jpg\",\"width\":512,\"height\":512,\"caption\":\"Bellunopress\"},\"image\":{\"@id\":\"https:\\\/\\\/www.bellunopress.it\\\/#\\\/schema\\\/logo\\\/image\\\/\"},\"sameAs\":[\"https:\\\/\\\/www.facebook.com\\\/profile.php?id=100008943462799\",\"https:\\\/\\\/x.com\\\/bellunopress\",\"https:\\\/\\\/www.linkedin.com\\\/hp\\\/?dnr=JBzUWaJfMUw8vbXJJ2tVW5-I3jZKvC4wsoxE&amp;amp;amp;amp;amp;amp;trk=nav_responsive_tab_home\",\"https:\\\/\\\/www.youtube.com\\\/channel\\\/UCxL0wu1uN0_3_7hGG0306cw\"]},{\"@type\":\"Person\",\"@id\":\"https:\\\/\\\/www.bellunopress.it\\\/#\\\/schema\\\/person\\\/79bb06722b37ece1c03d3e94beb30d73\",\"name\":\"redazione\",\"image\":{\"@type\":\"ImageObject\",\"inLanguage\":\"fr-FR\",\"@id\":\"https:\\\/\\\/secure.gravatar.com\\\/avatar\\\/37d968a2e67a6fd04c169c4bdef102d0bc5d31b2546345219e348575eb80e9a0?s=96&d=mm&r=g\",\"url\":\"https:\\\/\\\/secure.gravatar.com\\\/avatar\\\/37d968a2e67a6fd04c169c4bdef102d0bc5d31b2546345219e348575eb80e9a0?s=96&d=mm&r=g\",\"contentUrl\":\"https:\\\/\\\/secure.gravatar.com\\\/avatar\\\/37d968a2e67a6fd04c169c4bdef102d0bc5d31b2546345219e348575eb80e9a0?s=96&d=mm&r=g\",\"caption\":\"redazione\"},\"sameAs\":[\"http:\\\/\\\/www.bellunopress.it\",\"https:\\\/\\\/x.com\\\/bellunopress\"],\"url\":\"https:\\\/\\\/www.bellunopress.it\\\/fr\\\/author\\\/redazione\\\/\"}]}<\/script>\n<!-- \/ Yoast SEO plugin. -->","yoast_head_json":{"title":"Week-end in Alpago con la grande mountain bike degli \"Internazionali d'Italia\" - Bellunopress - Dolomiti","robots":{"index":"index","follow":"follow","max-snippet":"max-snippet:-1","max-image-preview":"max-image-preview:large","max-video-preview":"max-video-preview:-1"},"canonical":"https:\/\/www.bellunopress.it\/fr\/2009\/06\/04\/week-end-in-alpago-con-la-grande-mountain-bike-degli-internazionali-ditalia\/","og_locale":"fr_FR","og_type":"article","og_title":"Week-end in Alpago con la grande mountain bike degli \"Internazionali d'Italia\" - Bellunopress - Dolomiti","og_description":"Ritorna la grande mountain bike. Domenica 7 giugno il circuito di Lamosano a Chies d&#8217;Alpago (Belluno) sar\u00e0 infatti teatro della terza prova degli \u201cInternazionali d\u2019Italia\u201d, prestigioso circuito che si compone di 4 gare internazionali Classe 1-2. E prevista la partecipazione di oltre 400 atleti, in rappresentanza di ben 10 Paesi (Austria, Colombia, Costarica, Francia; Germania, [&hellip;]","og_url":"https:\/\/www.bellunopress.it\/fr\/2009\/06\/04\/week-end-in-alpago-con-la-grande-mountain-bike-degli-internazionali-ditalia\/","og_site_name":"Bellunopress - Dolomiti","article_publisher":"https:\/\/www.facebook.com\/profile.php?id=100008943462799","article_published_time":"2009-06-04T19:09:39+00:00","og_image":[{"url":"http:\/\/www.bellunopress.it\/wp-content\/uploads\/2012\/07\/logo-bellunopress-250x250-2012.jpg","type":"","width":"","height":""}],"author":"redazione","twitter_card":"summary_large_image","twitter_creator":"@bellunopress","twitter_site":"@bellunopress","twitter_misc":{"\u00c9crit par":"redazione","Dur\u00e9e de lecture estim\u00e9e":"2 minutes"},"schema":{"@context":"https:\/\/schema.org","@graph":[{"@type":"Article","@id":"https:\/\/www.bellunopress.it\/2009\/06\/04\/week-end-in-alpago-con-la-grande-mountain-bike-degli-internazionali-ditalia\/#article","isPartOf":{"@id":"https:\/\/www.bellunopress.it\/2009\/06\/04\/week-end-in-alpago-con-la-grande-mountain-bike-degli-internazionali-ditalia\/"},"author":{"name":"redazione","@id":"https:\/\/www.bellunopress.it\/#\/schema\/person\/79bb06722b37ece1c03d3e94beb30d73"},"headline":"Week-end in Alpago con la grande mountain bike degli &#8220;Internazionali d&#8217;Italia&#8221;","datePublished":"2009-06-04T19:09:39+00:00","mainEntityOfPage":{"@id":"https:\/\/www.bellunopress.it\/2009\/06\/04\/week-end-in-alpago-con-la-grande-mountain-bike-degli-internazionali-ditalia\/"},"wordCount":345,"publisher":{"@id":"https:\/\/www.bellunopress.it\/#organization"},"keywords":["Belluno","Dolomiti"],"articleSection":["Pausa Caff\u00e8","Sport, tempo libero"],"inLanguage":"fr-FR"},{"@type":"WebPage","@id":"https:\/\/www.bellunopress.it\/2009\/06\/04\/week-end-in-alpago-con-la-grande-mountain-bike-degli-internazionali-ditalia\/","url":"https:\/\/www.bellunopress.it\/2009\/06\/04\/week-end-in-alpago-con-la-grande-mountain-bike-degli-internazionali-ditalia\/","name":"Week-end in Alpago con la grande mountain bike degli \"Internazionali d'Italia\" - Bellunopress - Dolomiti","isPartOf":{"@id":"https:\/\/www.bellunopress.it\/#website"},"datePublished":"2009-06-04T19:09:39+00:00","breadcrumb":{"@id":"https:\/\/www.bellunopress.it\/2009\/06\/04\/week-end-in-alpago-con-la-grande-mountain-bike-degli-internazionali-ditalia\/#breadcrumb"},"inLanguage":"fr-FR","potentialAction":[{"@type":"ReadAction","target":["https:\/\/www.bellunopress.it\/2009\/06\/04\/week-end-in-alpago-con-la-grande-mountain-bike-degli-internazionali-ditalia\/"]}]},{"@type":"BreadcrumbList","@id":"https:\/\/www.bellunopress.it\/2009\/06\/04\/week-end-in-alpago-con-la-grande-mountain-bike-degli-internazionali-ditalia\/#breadcrumb","itemListElement":[{"@type":"ListItem","position":1,"name":"Home","item":"https:\/\/www.bellunopress.it\/"},{"@type":"ListItem","position":2,"name":"Week-end in Alpago con la grande mountain bike degli &#8220;Internazionali d&#8217;Italia&#8221;"}]},{"@type":"WebSite","@id":"https:\/\/www.bellunopress.it\/#website","url":"https:\/\/www.bellunopress.it\/","name":"Bellunopress - Dolomiti","description":"e-mail: redazione@bellunopress.it","publisher":{"@id":"https:\/\/www.bellunopress.it\/#organization"},"potentialAction":[{"@type":"SearchAction","target":{"@type":"EntryPoint","urlTemplate":"https:\/\/www.bellunopress.it\/?s={search_term_string}"},"query-input":{"@type":"PropertyValueSpecification","valueRequired":true,"valueName":"search_term_string"}}],"inLanguage":"fr-FR"},{"@type":"Organization","@id":"https:\/\/www.bellunopress.it\/#organization","name":"Bellunopress","url":"https:\/\/www.bellunopress.it\/","logo":{"@type":"ImageObject","inLanguage":"fr-FR","@id":"https:\/\/www.bellunopress.it\/#\/schema\/logo\/image\/","url":"https:\/\/www.bellunopress.it\/wp-content\/uploads\/2011\/05\/cropped-logo-bellunopress-.jpg","contentUrl":"https:\/\/www.bellunopress.it\/wp-content\/uploads\/2011\/05\/cropped-logo-bellunopress-.jpg","width":512,"height":512,"caption":"Bellunopress"},"image":{"@id":"https:\/\/www.bellunopress.it\/#\/schema\/logo\/image\/"},"sameAs":["https:\/\/www.facebook.com\/profile.php?id=100008943462799","https:\/\/x.com\/bellunopress","https:\/\/www.linkedin.com\/hp\/?dnr=JBzUWaJfMUw8vbXJJ2tVW5-I3jZKvC4wsoxE&amp;amp;amp;amp;amp;amp;trk=nav_responsive_tab_home","https:\/\/www.youtube.com\/channel\/UCxL0wu1uN0_3_7hGG0306cw"]},{"@type":"Person","@id":"https:\/\/www.bellunopress.it\/#\/schema\/person\/79bb06722b37ece1c03d3e94beb30d73","name":"r\u00e9daction","image":{"@type":"ImageObject","inLanguage":"fr-FR","@id":"https:\/\/secure.gravatar.com\/avatar\/37d968a2e67a6fd04c169c4bdef102d0bc5d31b2546345219e348575eb80e9a0?s=96&d=mm&r=g","url":"https:\/\/secure.gravatar.com\/avatar\/37d968a2e67a6fd04c169c4bdef102d0bc5d31b2546345219e348575eb80e9a0?s=96&d=mm&r=g","contentUrl":"https:\/\/secure.gravatar.com\/avatar\/37d968a2e67a6fd04c169c4bdef102d0bc5d31b2546345219e348575eb80e9a0?s=96&d=mm&r=g","caption":"redazione"},"sameAs":["http:\/\/www.bellunopress.it","https:\/\/x.com\/bellunopress"],"url":"https:\/\/www.bellunopress.it\/fr\/author\/redazione\/"}]}},"_links":{"self":[{"href":"https:\/\/www.bellunopress.it\/fr\/wp-json\/wp\/v2\/posts\/4433","targetHints":{"allow":["GET"]}}],"collection":[{"href":"https:\/\/www.bellunopress.it\/fr\/wp-json\/wp\/v2\/posts"}],"about":[{"href":"https:\/\/www.bellunopress.it\/fr\/wp-json\/wp\/v2\/types\/post"}],"author":[{"embeddable":true,"href":"https:\/\/www.bellunopress.it\/fr\/wp-json\/wp\/v2\/users\/2"}],"replies":[{"embeddable":true,"href":"https:\/\/www.bellunopress.it\/fr\/wp-json\/wp\/v2\/comments?post=4433"}],"version-history":[{"count":1,"href":"https:\/\/www.bellunopress.it\/fr\/wp-json\/wp\/v2\/posts\/4433\/revisions"}],"predecessor-version":[{"id":4434,"href":"https:\/\/www.bellunopress.it\/fr\/wp-json\/wp\/v2\/posts\/4433\/revisions\/4434"}],"wp:attachment":[{"href":"https:\/\/www.bellunopress.it\/fr\/wp-json\/wp\/v2\/media?parent=4433"}],"wp:term":[{"taxonomy":"category","embeddable":true,"href":"https:\/\/www.bellunopress.it\/fr\/wp-json\/wp\/v2\/categories?post=4433"},{"taxonomy":"post_tag","embeddable":true,"href":"https:\/\/www.bellunopress.it\/fr\/wp-json\/wp\/v2\/tags?post=4433"}],"curies":[{"name":"wp","href":"https:\/\/api.w.org\/{rel}","templated":true}]}}