{"id":44320,"date":"2012-11-29T16:35:01","date_gmt":"2012-11-29T15:35:01","guid":{"rendered":"http:\/\/www.bellunopress.it\/?p=44320"},"modified":"2012-11-29T16:35:01","modified_gmt":"2012-11-29T15:35:01","slug":"transcivetta-karpos-al-via-le-iscrizioni-per-la-gara-di-corsa-in-montagna-a-coppie-in-programma-il-21-luglio-2013","status":"publish","type":"post","link":"https:\/\/www.bellunopress.it\/fr\/2012\/11\/29\/transcivetta-karpos-al-via-le-iscrizioni-per-la-gara-di-corsa-in-montagna-a-coppie-in-programma-il-21-luglio-2013\/","title":{"rendered":"Transcivetta Karpos, al via le iscrizioni per la gara di corsa in montagna a coppie, in programma il 21 luglio 2013"},"content":{"rendered":"<p>Sta gi\u00e0 lavorando a pieno regime l\u2019organizzazione della Transcivetta Karpos 2013, la gara a coppie che costituisce uno degli eventi di maggior tradizione nel panorama della corsa in montagna italiana. <a href=\"http:\/\/www.bellunopress.it\/wp-content\/uploads\/2009\/07\/transcivetta-leggera.jpg\"><img loading=\"lazy\" decoding=\"async\" class=\"alignleft size-full wp-image-6145\" title=\"transcivetta-leggera\" src=\"http:\/\/www.bellunopress.it\/wp-content\/uploads\/2009\/07\/transcivetta-leggera.jpg\" alt=\"\" width=\"270\" height=\"180\" \/><\/a>L\u2019evento del prossimo anno, edizione numero 33, si volger\u00e0 domenica 21 luglio sul collaudato e spettacolare percorso con partenza da Listolade, in comune di Taibon Agordino, e arrivo ai Piani di Pezz\u00e8, sopra l\u2019abitato di Alleghe e ai piedi della maestosa Civetta. In mezzo, 23 chilometri di tracciato e 1950 metri di dislivello toccando Capanna Trieste, il rifugio Vazzoler, il rifugio Tissi, forcella Col Negro e il lago del Coldai.<\/p>\n<p>Lo scorso anno le coppie al via raggiunsero la cifra record di 700, numero che l\u2019organizzazione, coordinata da Silvano Rudatis, vuole perlomeno eguagliare nel 2013. \u00abStiamo lavorando all\u2019evento gi\u00e0 da un paio di mesi \u2013 spiega Rudatis \u2013 L\u2019obbiettivo \u00e8 proporre una manifestazione sempre pi\u00f9 vicina ai concorrenti, offrendo loro il meglio sotto tutti i punti di vista. Anche per questo abbiamo deciso di aprire in anticipo le iscrizioni della Transcivetta Karpos, con quota agevolata per chi aderir\u00e0 gi\u00e0 dalle prossime settimane\u00bb.<\/p>\n<p>Le iscrizioni prenderanno il via sabato 1 dicembre. Per le coppie che si iscriveranno da quella data fino al 31 dicembre, la quota \u00e8 stata fissata nella cifra di 60 euro. Dall\u20191 gennaio al 31 marzo, invece, l\u2019iscrizione coster\u00e0 65 euro, mentre dall\u20191 aprile in poi il costo sar\u00e0 di 75 euro. Ci si potr\u00e0 iscrivere tramite il sito ufficiale della manifestazione, www.transcivetta.it, dove sono reperibili fin d\u2019ora il regolamento e tutte le indicazioni utili per la partecipazione.<\/p>\n<p>Conferma importante \u00e8 quella relativa all\u2019abbinamento con Karpos, linea outdoor di Sportful, marchio di Manifattura Valcismon di Fonzaso che da tempo costituisce un punto di riferimento importante in ambiti come lo sci di fondo e il ciclismo (con i marchi Sportful e Castelli). \u00abVogliamo proseguire il cammino intrapreso con successo lo scorso anno \u2013 afferma Alessio Cremonese, amministratore delegato di Manifattura Valcismon -Karpos \u00e8 una linea d\u2019abbigliamento tecnico che vuole crescere insieme alla Transcivetta, manifestazione che da oltre trent\u2019anni sa esaltare la montagna e lo sport che in montagna viene praticato\u00bb.<\/p>\n<p>&nbsp;<\/p>","protected":false},"excerpt":{"rendered":"<p>Sta gi\u00e0 lavorando a pieno regime l\u2019organizzazione della Transcivetta Karpos 2013, la gara a coppie che costituisce uno degli eventi di maggior tradizione nel panorama della corsa in montagna italiana. L\u2019evento del prossimo anno, edizione numero 33, si volger\u00e0 domenica 21 luglio sul collaudato e spettacolare percorso con partenza da Listolade, in comune di Taibon [&hellip;]<\/p>\n","protected":false},"author":2,"featured_media":0,"comment_status":"closed","ping_status":"open","sticky":false,"template":"","format":"standard","meta":{"footnotes":""},"categories":[25,4],"tags":[],"class_list":["post-44320","post","type-post","status-publish","format-standard","category-pausa-caffe","category-sport"],"yoast_head":"<!-- This site is optimized with the Yoast SEO plugin v28.4 - https:\/\/yoast.com\/product\/yoast-seo-wordpress\/ -->\n<title>Transcivetta Karpos, al via le iscrizioni per la gara di corsa in montagna a coppie, in programma il 21 luglio 2013 - Bellunopress - Dolomiti<\/title>\n<meta name=\"robots\" content=\"index, follow, max-snippet:-1, max-image-preview:large, max-video-preview:-1\" \/>\n<link rel=\"canonical\" href=\"https:\/\/www.bellunopress.it\/fr\/2012\/11\/29\/transcivetta-karpos-al-via-le-iscrizioni-per-la-gara-di-corsa-in-montagna-a-coppie-in-programma-il-21-luglio-2013\/\" \/>\n<meta property=\"og:locale\" content=\"fr_FR\" \/>\n<meta property=\"og:type\" content=\"article\" \/>\n<meta property=\"og:title\" content=\"Transcivetta Karpos, al via le iscrizioni per la gara di corsa in montagna a coppie, in programma il 21 luglio 2013 - Bellunopress - Dolomiti\" \/>\n<meta property=\"og:description\" content=\"Sta gi\u00e0 lavorando a pieno regime l\u2019organizzazione della Transcivetta Karpos 2013, la gara a coppie che costituisce uno degli eventi di maggior tradizione nel panorama della corsa in montagna italiana. L\u2019evento del prossimo anno, edizione numero 33, si volger\u00e0 domenica 21 luglio sul collaudato e spettacolare percorso con partenza da Listolade, in comune di Taibon [&hellip;]\" \/>\n<meta property=\"og:url\" content=\"https:\/\/www.bellunopress.it\/fr\/2012\/11\/29\/transcivetta-karpos-al-via-le-iscrizioni-per-la-gara-di-corsa-in-montagna-a-coppie-in-programma-il-21-luglio-2013\/\" \/>\n<meta property=\"og:site_name\" content=\"Bellunopress - Dolomiti\" \/>\n<meta property=\"article:publisher\" content=\"https:\/\/www.facebook.com\/profile.php?id=100008943462799\" \/>\n<meta property=\"article:published_time\" content=\"2012-11-29T15:35:01+00:00\" \/>\n<meta property=\"og:image\" content=\"http:\/\/www.bellunopress.it\/wp-content\/uploads\/2009\/07\/transcivetta-leggera.jpg\" \/>\n<meta name=\"author\" content=\"redazione\" \/>\n<meta name=\"twitter:card\" content=\"summary_large_image\" \/>\n<meta name=\"twitter:creator\" content=\"@bellunopress\" \/>\n<meta name=\"twitter:site\" content=\"@bellunopress\" \/>\n<meta name=\"twitter:label1\" content=\"\u00c9crit par\" \/>\n\t<meta name=\"twitter:data1\" content=\"redazione\" \/>\n\t<meta name=\"twitter:label2\" content=\"Dur\u00e9e de lecture estim\u00e9e\" \/>\n\t<meta name=\"twitter:data2\" content=\"2 minutes\" \/>\n<script type=\"application\/ld+json\" class=\"yoast-schema-graph\">{\"@context\":\"https:\\\/\\\/schema.org\",\"@graph\":[{\"@type\":\"Article\",\"@id\":\"https:\\\/\\\/www.bellunopress.it\\\/2012\\\/11\\\/29\\\/transcivetta-karpos-al-via-le-iscrizioni-per-la-gara-di-corsa-in-montagna-a-coppie-in-programma-il-21-luglio-2013\\\/#article\",\"isPartOf\":{\"@id\":\"https:\\\/\\\/www.bellunopress.it\\\/2012\\\/11\\\/29\\\/transcivetta-karpos-al-via-le-iscrizioni-per-la-gara-di-corsa-in-montagna-a-coppie-in-programma-il-21-luglio-2013\\\/\"},\"author\":{\"name\":\"redazione\",\"@id\":\"https:\\\/\\\/www.bellunopress.it\\\/#\\\/schema\\\/person\\\/79bb06722b37ece1c03d3e94beb30d73\"},\"headline\":\"Transcivetta Karpos, al via le iscrizioni per la gara di corsa in montagna a coppie, in programma il 21 luglio 2013\",\"datePublished\":\"2012-11-29T15:35:01+00:00\",\"mainEntityOfPage\":{\"@id\":\"https:\\\/\\\/www.bellunopress.it\\\/2012\\\/11\\\/29\\\/transcivetta-karpos-al-via-le-iscrizioni-per-la-gara-di-corsa-in-montagna-a-coppie-in-programma-il-21-luglio-2013\\\/\"},\"wordCount\":364,\"publisher\":{\"@id\":\"https:\\\/\\\/www.bellunopress.it\\\/#organization\"},\"image\":{\"@id\":\"https:\\\/\\\/www.bellunopress.it\\\/2012\\\/11\\\/29\\\/transcivetta-karpos-al-via-le-iscrizioni-per-la-gara-di-corsa-in-montagna-a-coppie-in-programma-il-21-luglio-2013\\\/#primaryimage\"},\"thumbnailUrl\":\"http:\\\/\\\/www.bellunopress.it\\\/wp-content\\\/uploads\\\/2009\\\/07\\\/transcivetta-leggera.jpg\",\"articleSection\":[\"Pausa Caff\u00e8\",\"Sport, tempo libero\"],\"inLanguage\":\"fr-FR\"},{\"@type\":\"WebPage\",\"@id\":\"https:\\\/\\\/www.bellunopress.it\\\/2012\\\/11\\\/29\\\/transcivetta-karpos-al-via-le-iscrizioni-per-la-gara-di-corsa-in-montagna-a-coppie-in-programma-il-21-luglio-2013\\\/\",\"url\":\"https:\\\/\\\/www.bellunopress.it\\\/2012\\\/11\\\/29\\\/transcivetta-karpos-al-via-le-iscrizioni-per-la-gara-di-corsa-in-montagna-a-coppie-in-programma-il-21-luglio-2013\\\/\",\"name\":\"Transcivetta Karpos, al via le iscrizioni per la gara di corsa in montagna a coppie, in programma il 21 luglio 2013 - Bellunopress - Dolomiti\",\"isPartOf\":{\"@id\":\"https:\\\/\\\/www.bellunopress.it\\\/#website\"},\"primaryImageOfPage\":{\"@id\":\"https:\\\/\\\/www.bellunopress.it\\\/2012\\\/11\\\/29\\\/transcivetta-karpos-al-via-le-iscrizioni-per-la-gara-di-corsa-in-montagna-a-coppie-in-programma-il-21-luglio-2013\\\/#primaryimage\"},\"image\":{\"@id\":\"https:\\\/\\\/www.bellunopress.it\\\/2012\\\/11\\\/29\\\/transcivetta-karpos-al-via-le-iscrizioni-per-la-gara-di-corsa-in-montagna-a-coppie-in-programma-il-21-luglio-2013\\\/#primaryimage\"},\"thumbnailUrl\":\"http:\\\/\\\/www.bellunopress.it\\\/wp-content\\\/uploads\\\/2009\\\/07\\\/transcivetta-leggera.jpg\",\"datePublished\":\"2012-11-29T15:35:01+00:00\",\"breadcrumb\":{\"@id\":\"https:\\\/\\\/www.bellunopress.it\\\/2012\\\/11\\\/29\\\/transcivetta-karpos-al-via-le-iscrizioni-per-la-gara-di-corsa-in-montagna-a-coppie-in-programma-il-21-luglio-2013\\\/#breadcrumb\"},\"inLanguage\":\"fr-FR\",\"potentialAction\":[{\"@type\":\"ReadAction\",\"target\":[\"https:\\\/\\\/www.bellunopress.it\\\/2012\\\/11\\\/29\\\/transcivetta-karpos-al-via-le-iscrizioni-per-la-gara-di-corsa-in-montagna-a-coppie-in-programma-il-21-luglio-2013\\\/\"]}]},{\"@type\":\"ImageObject\",\"inLanguage\":\"fr-FR\",\"@id\":\"https:\\\/\\\/www.bellunopress.it\\\/2012\\\/11\\\/29\\\/transcivetta-karpos-al-via-le-iscrizioni-per-la-gara-di-corsa-in-montagna-a-coppie-in-programma-il-21-luglio-2013\\\/#primaryimage\",\"url\":\"http:\\\/\\\/www.bellunopress.it\\\/wp-content\\\/uploads\\\/2009\\\/07\\\/transcivetta-leggera.jpg\",\"contentUrl\":\"http:\\\/\\\/www.bellunopress.it\\\/wp-content\\\/uploads\\\/2009\\\/07\\\/transcivetta-leggera.jpg\"},{\"@type\":\"BreadcrumbList\",\"@id\":\"https:\\\/\\\/www.bellunopress.it\\\/2012\\\/11\\\/29\\\/transcivetta-karpos-al-via-le-iscrizioni-per-la-gara-di-corsa-in-montagna-a-coppie-in-programma-il-21-luglio-2013\\\/#breadcrumb\",\"itemListElement\":[{\"@type\":\"ListItem\",\"position\":1,\"name\":\"Home\",\"item\":\"https:\\\/\\\/www.bellunopress.it\\\/\"},{\"@type\":\"ListItem\",\"position\":2,\"name\":\"Transcivetta Karpos, al via le iscrizioni per la gara di corsa in montagna a coppie, in programma il 21 luglio 2013\"}]},{\"@type\":\"WebSite\",\"@id\":\"https:\\\/\\\/www.bellunopress.it\\\/#website\",\"url\":\"https:\\\/\\\/www.bellunopress.it\\\/\",\"name\":\"Bellunopress - Dolomiti\",\"description\":\"e-mail: redazione@bellunopress.it\",\"publisher\":{\"@id\":\"https:\\\/\\\/www.bellunopress.it\\\/#organization\"},\"potentialAction\":[{\"@type\":\"SearchAction\",\"target\":{\"@type\":\"EntryPoint\",\"urlTemplate\":\"https:\\\/\\\/www.bellunopress.it\\\/?s={search_term_string}\"},\"query-input\":{\"@type\":\"PropertyValueSpecification\",\"valueRequired\":true,\"valueName\":\"search_term_string\"}}],\"inLanguage\":\"fr-FR\"},{\"@type\":\"Organization\",\"@id\":\"https:\\\/\\\/www.bellunopress.it\\\/#organization\",\"name\":\"Bellunopress\",\"url\":\"https:\\\/\\\/www.bellunopress.it\\\/\",\"logo\":{\"@type\":\"ImageObject\",\"inLanguage\":\"fr-FR\",\"@id\":\"https:\\\/\\\/www.bellunopress.it\\\/#\\\/schema\\\/logo\\\/image\\\/\",\"url\":\"https:\\\/\\\/www.bellunopress.it\\\/wp-content\\\/uploads\\\/2011\\\/05\\\/cropped-logo-bellunopress-.jpg\",\"contentUrl\":\"https:\\\/\\\/www.bellunopress.it\\\/wp-content\\\/uploads\\\/2011\\\/05\\\/cropped-logo-bellunopress-.jpg\",\"width\":512,\"height\":512,\"caption\":\"Bellunopress\"},\"image\":{\"@id\":\"https:\\\/\\\/www.bellunopress.it\\\/#\\\/schema\\\/logo\\\/image\\\/\"},\"sameAs\":[\"https:\\\/\\\/www.facebook.com\\\/profile.php?id=100008943462799\",\"https:\\\/\\\/x.com\\\/bellunopress\",\"https:\\\/\\\/www.linkedin.com\\\/hp\\\/?dnr=JBzUWaJfMUw8vbXJJ2tVW5-I3jZKvC4wsoxE&amp;amp;amp;amp;amp;amp;trk=nav_responsive_tab_home\",\"https:\\\/\\\/www.youtube.com\\\/channel\\\/UCxL0wu1uN0_3_7hGG0306cw\"]},{\"@type\":\"Person\",\"@id\":\"https:\\\/\\\/www.bellunopress.it\\\/#\\\/schema\\\/person\\\/79bb06722b37ece1c03d3e94beb30d73\",\"name\":\"redazione\",\"image\":{\"@type\":\"ImageObject\",\"inLanguage\":\"fr-FR\",\"@id\":\"https:\\\/\\\/secure.gravatar.com\\\/avatar\\\/37d968a2e67a6fd04c169c4bdef102d0bc5d31b2546345219e348575eb80e9a0?s=96&d=mm&r=g\",\"url\":\"https:\\\/\\\/secure.gravatar.com\\\/avatar\\\/37d968a2e67a6fd04c169c4bdef102d0bc5d31b2546345219e348575eb80e9a0?s=96&d=mm&r=g\",\"contentUrl\":\"https:\\\/\\\/secure.gravatar.com\\\/avatar\\\/37d968a2e67a6fd04c169c4bdef102d0bc5d31b2546345219e348575eb80e9a0?s=96&d=mm&r=g\",\"caption\":\"redazione\"},\"sameAs\":[\"http:\\\/\\\/www.bellunopress.it\",\"https:\\\/\\\/x.com\\\/bellunopress\"],\"url\":\"https:\\\/\\\/www.bellunopress.it\\\/fr\\\/author\\\/redazione\\\/\"}]}<\/script>\n<!-- \/ Yoast SEO plugin. -->","yoast_head_json":{"title":"Transcivetta Karpos, al via le iscrizioni per la gara di corsa in montagna a coppie, in programma il 21 luglio 2013 - Bellunopress - Dolomiti","robots":{"index":"index","follow":"follow","max-snippet":"max-snippet:-1","max-image-preview":"max-image-preview:large","max-video-preview":"max-video-preview:-1"},"canonical":"https:\/\/www.bellunopress.it\/fr\/2012\/11\/29\/transcivetta-karpos-al-via-le-iscrizioni-per-la-gara-di-corsa-in-montagna-a-coppie-in-programma-il-21-luglio-2013\/","og_locale":"fr_FR","og_type":"article","og_title":"Transcivetta Karpos, al via le iscrizioni per la gara di corsa in montagna a coppie, in programma il 21 luglio 2013 - Bellunopress - Dolomiti","og_description":"Sta gi\u00e0 lavorando a pieno regime l\u2019organizzazione della Transcivetta Karpos 2013, la gara a coppie che costituisce uno degli eventi di maggior tradizione nel panorama della corsa in montagna italiana. L\u2019evento del prossimo anno, edizione numero 33, si volger\u00e0 domenica 21 luglio sul collaudato e spettacolare percorso con partenza da Listolade, in comune di Taibon [&hellip;]","og_url":"https:\/\/www.bellunopress.it\/fr\/2012\/11\/29\/transcivetta-karpos-al-via-le-iscrizioni-per-la-gara-di-corsa-in-montagna-a-coppie-in-programma-il-21-luglio-2013\/","og_site_name":"Bellunopress - Dolomiti","article_publisher":"https:\/\/www.facebook.com\/profile.php?id=100008943462799","article_published_time":"2012-11-29T15:35:01+00:00","og_image":[{"url":"http:\/\/www.bellunopress.it\/wp-content\/uploads\/2009\/07\/transcivetta-leggera.jpg","type":"","width":"","height":""}],"author":"redazione","twitter_card":"summary_large_image","twitter_creator":"@bellunopress","twitter_site":"@bellunopress","twitter_misc":{"\u00c9crit par":"redazione","Dur\u00e9e de lecture estim\u00e9e":"2 minutes"},"schema":{"@context":"https:\/\/schema.org","@graph":[{"@type":"Article","@id":"https:\/\/www.bellunopress.it\/2012\/11\/29\/transcivetta-karpos-al-via-le-iscrizioni-per-la-gara-di-corsa-in-montagna-a-coppie-in-programma-il-21-luglio-2013\/#article","isPartOf":{"@id":"https:\/\/www.bellunopress.it\/2012\/11\/29\/transcivetta-karpos-al-via-le-iscrizioni-per-la-gara-di-corsa-in-montagna-a-coppie-in-programma-il-21-luglio-2013\/"},"author":{"name":"redazione","@id":"https:\/\/www.bellunopress.it\/#\/schema\/person\/79bb06722b37ece1c03d3e94beb30d73"},"headline":"Transcivetta Karpos, al via le iscrizioni per la gara di corsa in montagna a coppie, in programma il 21 luglio 2013","datePublished":"2012-11-29T15:35:01+00:00","mainEntityOfPage":{"@id":"https:\/\/www.bellunopress.it\/2012\/11\/29\/transcivetta-karpos-al-via-le-iscrizioni-per-la-gara-di-corsa-in-montagna-a-coppie-in-programma-il-21-luglio-2013\/"},"wordCount":364,"publisher":{"@id":"https:\/\/www.bellunopress.it\/#organization"},"image":{"@id":"https:\/\/www.bellunopress.it\/2012\/11\/29\/transcivetta-karpos-al-via-le-iscrizioni-per-la-gara-di-corsa-in-montagna-a-coppie-in-programma-il-21-luglio-2013\/#primaryimage"},"thumbnailUrl":"http:\/\/www.bellunopress.it\/wp-content\/uploads\/2009\/07\/transcivetta-leggera.jpg","articleSection":["Pausa Caff\u00e8","Sport, tempo libero"],"inLanguage":"fr-FR"},{"@type":"WebPage","@id":"https:\/\/www.bellunopress.it\/2012\/11\/29\/transcivetta-karpos-al-via-le-iscrizioni-per-la-gara-di-corsa-in-montagna-a-coppie-in-programma-il-21-luglio-2013\/","url":"https:\/\/www.bellunopress.it\/2012\/11\/29\/transcivetta-karpos-al-via-le-iscrizioni-per-la-gara-di-corsa-in-montagna-a-coppie-in-programma-il-21-luglio-2013\/","name":"Transcivetta Karpos, al via le iscrizioni per la gara di corsa in montagna a coppie, in programma il 21 luglio 2013 - Bellunopress - Dolomiti","isPartOf":{"@id":"https:\/\/www.bellunopress.it\/#website"},"primaryImageOfPage":{"@id":"https:\/\/www.bellunopress.it\/2012\/11\/29\/transcivetta-karpos-al-via-le-iscrizioni-per-la-gara-di-corsa-in-montagna-a-coppie-in-programma-il-21-luglio-2013\/#primaryimage"},"image":{"@id":"https:\/\/www.bellunopress.it\/2012\/11\/29\/transcivetta-karpos-al-via-le-iscrizioni-per-la-gara-di-corsa-in-montagna-a-coppie-in-programma-il-21-luglio-2013\/#primaryimage"},"thumbnailUrl":"http:\/\/www.bellunopress.it\/wp-content\/uploads\/2009\/07\/transcivetta-leggera.jpg","datePublished":"2012-11-29T15:35:01+00:00","breadcrumb":{"@id":"https:\/\/www.bellunopress.it\/2012\/11\/29\/transcivetta-karpos-al-via-le-iscrizioni-per-la-gara-di-corsa-in-montagna-a-coppie-in-programma-il-21-luglio-2013\/#breadcrumb"},"inLanguage":"fr-FR","potentialAction":[{"@type":"ReadAction","target":["https:\/\/www.bellunopress.it\/2012\/11\/29\/transcivetta-karpos-al-via-le-iscrizioni-per-la-gara-di-corsa-in-montagna-a-coppie-in-programma-il-21-luglio-2013\/"]}]},{"@type":"ImageObject","inLanguage":"fr-FR","@id":"https:\/\/www.bellunopress.it\/2012\/11\/29\/transcivetta-karpos-al-via-le-iscrizioni-per-la-gara-di-corsa-in-montagna-a-coppie-in-programma-il-21-luglio-2013\/#primaryimage","url":"http:\/\/www.bellunopress.it\/wp-content\/uploads\/2009\/07\/transcivetta-leggera.jpg","contentUrl":"http:\/\/www.bellunopress.it\/wp-content\/uploads\/2009\/07\/transcivetta-leggera.jpg"},{"@type":"BreadcrumbList","@id":"https:\/\/www.bellunopress.it\/2012\/11\/29\/transcivetta-karpos-al-via-le-iscrizioni-per-la-gara-di-corsa-in-montagna-a-coppie-in-programma-il-21-luglio-2013\/#breadcrumb","itemListElement":[{"@type":"ListItem","position":1,"name":"Home","item":"https:\/\/www.bellunopress.it\/"},{"@type":"ListItem","position":2,"name":"Transcivetta Karpos, al via le iscrizioni per la gara di corsa in montagna a coppie, in programma il 21 luglio 2013"}]},{"@type":"WebSite","@id":"https:\/\/www.bellunopress.it\/#website","url":"https:\/\/www.bellunopress.it\/","name":"Bellunopress - Dolomiti","description":"e-mail: redazione@bellunopress.it","publisher":{"@id":"https:\/\/www.bellunopress.it\/#organization"},"potentialAction":[{"@type":"SearchAction","target":{"@type":"EntryPoint","urlTemplate":"https:\/\/www.bellunopress.it\/?s={search_term_string}"},"query-input":{"@type":"PropertyValueSpecification","valueRequired":true,"valueName":"search_term_string"}}],"inLanguage":"fr-FR"},{"@type":"Organization","@id":"https:\/\/www.bellunopress.it\/#organization","name":"Bellunopress","url":"https:\/\/www.bellunopress.it\/","logo":{"@type":"ImageObject","inLanguage":"fr-FR","@id":"https:\/\/www.bellunopress.it\/#\/schema\/logo\/image\/","url":"https:\/\/www.bellunopress.it\/wp-content\/uploads\/2011\/05\/cropped-logo-bellunopress-.jpg","contentUrl":"https:\/\/www.bellunopress.it\/wp-content\/uploads\/2011\/05\/cropped-logo-bellunopress-.jpg","width":512,"height":512,"caption":"Bellunopress"},"image":{"@id":"https:\/\/www.bellunopress.it\/#\/schema\/logo\/image\/"},"sameAs":["https:\/\/www.facebook.com\/profile.php?id=100008943462799","https:\/\/x.com\/bellunopress","https:\/\/www.linkedin.com\/hp\/?dnr=JBzUWaJfMUw8vbXJJ2tVW5-I3jZKvC4wsoxE&amp;amp;amp;amp;amp;amp;trk=nav_responsive_tab_home","https:\/\/www.youtube.com\/channel\/UCxL0wu1uN0_3_7hGG0306cw"]},{"@type":"Person","@id":"https:\/\/www.bellunopress.it\/#\/schema\/person\/79bb06722b37ece1c03d3e94beb30d73","name":"r\u00e9daction","image":{"@type":"ImageObject","inLanguage":"fr-FR","@id":"https:\/\/secure.gravatar.com\/avatar\/37d968a2e67a6fd04c169c4bdef102d0bc5d31b2546345219e348575eb80e9a0?s=96&d=mm&r=g","url":"https:\/\/secure.gravatar.com\/avatar\/37d968a2e67a6fd04c169c4bdef102d0bc5d31b2546345219e348575eb80e9a0?s=96&d=mm&r=g","contentUrl":"https:\/\/secure.gravatar.com\/avatar\/37d968a2e67a6fd04c169c4bdef102d0bc5d31b2546345219e348575eb80e9a0?s=96&d=mm&r=g","caption":"redazione"},"sameAs":["http:\/\/www.bellunopress.it","https:\/\/x.com\/bellunopress"],"url":"https:\/\/www.bellunopress.it\/fr\/author\/redazione\/"}]}},"_links":{"self":[{"href":"https:\/\/www.bellunopress.it\/fr\/wp-json\/wp\/v2\/posts\/44320","targetHints":{"allow":["GET"]}}],"collection":[{"href":"https:\/\/www.bellunopress.it\/fr\/wp-json\/wp\/v2\/posts"}],"about":[{"href":"https:\/\/www.bellunopress.it\/fr\/wp-json\/wp\/v2\/types\/post"}],"author":[{"embeddable":true,"href":"https:\/\/www.bellunopress.it\/fr\/wp-json\/wp\/v2\/users\/2"}],"replies":[{"embeddable":true,"href":"https:\/\/www.bellunopress.it\/fr\/wp-json\/wp\/v2\/comments?post=44320"}],"version-history":[{"count":1,"href":"https:\/\/www.bellunopress.it\/fr\/wp-json\/wp\/v2\/posts\/44320\/revisions"}],"predecessor-version":[{"id":44321,"href":"https:\/\/www.bellunopress.it\/fr\/wp-json\/wp\/v2\/posts\/44320\/revisions\/44321"}],"wp:attachment":[{"href":"https:\/\/www.bellunopress.it\/fr\/wp-json\/wp\/v2\/media?parent=44320"}],"wp:term":[{"taxonomy":"category","embeddable":true,"href":"https:\/\/www.bellunopress.it\/fr\/wp-json\/wp\/v2\/categories?post=44320"},{"taxonomy":"post_tag","embeddable":true,"href":"https:\/\/www.bellunopress.it\/fr\/wp-json\/wp\/v2\/tags?post=44320"}],"curies":[{"name":"wp","href":"https:\/\/api.w.org\/{rel}","templated":true}]}}