{"id":44318,"date":"2012-11-29T15:37:39","date_gmt":"2012-11-29T14:37:39","guid":{"rendered":"http:\/\/www.bellunopress.it\/?p=44318"},"modified":"2012-11-29T15:37:39","modified_gmt":"2012-11-29T14:37:39","slug":"il-comune-di-mel-sceglie-la-sinistra-piave-quale-ambito-di-unione-dei-comuni-montani","status":"publish","type":"post","link":"https:\/\/www.bellunopress.it\/fr\/2012\/11\/29\/il-comune-di-mel-sceglie-la-sinistra-piave-quale-ambito-di-unione-dei-comuni-montani\/","title":{"rendered":"Il Comune di Mel  sceglie la Sinistra Piave quale ambito di unione dei comuni montani"},"content":{"rendered":"<figure id=\"attachment_35622\" aria-describedby=\"caption-attachment-35622\" style=\"width: 136px\" class=\"wp-caption alignleft\"><a href=\"http:\/\/www.bellunopress.it\/wp-content\/uploads\/2012\/03\/stefano-cesa.jpg\"><img loading=\"lazy\" decoding=\"async\" class=\"size-full wp-image-35622\" title=\"stefano cesa\" src=\"http:\/\/www.bellunopress.it\/wp-content\/uploads\/2012\/03\/stefano-cesa.jpg\" alt=\"\" width=\"136\" height=\"150\" \/><\/a><figcaption id=\"caption-attachment-35622\" class=\"wp-caption-text\">Stefano Cesa<\/figcaption><\/figure>\n<p>Contesto territoriale omogeneo e comuni fattori storici, sociali e culturali che costituiscono una medesima identit\u00e0: sono questi i comuni denominatori emersi con forza dagli interventi del Sindaco Stefano Cesa e dei capigruppo Simone Deola e Pierpaolo De Paris, durante la seduta di marted\u00ec scorso, al momento della discussione dell&#8217;ultimo punto all&#8217;ordine del giorno del Consiglio Comunale di Mel. Probabilmente uno dei temi pi\u00f9 importanti trattati in quest&#8217;arco di legislatura zumellese e sicuramente una di quelle scelte che lascer\u00e0 indicata, anche per il futuro, una direzione precisa anche perch\u00e9, assunta all&#8217;unanimit\u00e0 dai consiglieri comunali.<\/p>\n<p>La fascia di territorio che dalle vette delle prealpi bellunesi arriva sino al fiume Piave, denominata sinistra Piave bellunese, contraddistinta dalla comunanza di caratteri geomorfologici, ambientali, economici, sociali ed accomunata dalla tradizione storica rappresenta l&#8217;ambito ottimale, sia a livello statistico che geografico, per l&#8217;applicazione di quel processo di unione dei comuni montani di cui si sente da tempo parlare. Inevitabile l\u2019evidenziazione \u2013 nel corso della discussione \u2013 di tutti questi aspetti di comunanza, rispetto ai soli confini amministrativi che talvolta dividono, tra i quali il Pati Mel-Lentiai e Trichiana-Limana, gli Istituti Comprensivi, l&#8217;Ulss che raggruppa i tre Comuni di Lentiai, Mel e Trichiana e la diocesi di Vittorio Veneto che si estende a nord comprendendo solo i tre Comuni di Lentiai, Mel e Trichiana.<\/p>\n<p>Il tema della discussione verteva sull\u2019indicazione dell&#8217;ambito ottimale, sia demografico che territoriale, per l\u2019esercizio associato dei servizi comunali e la scelta naturale \u00e8 stata quella di individuare tale zona omogena nel territorio dei quattro Comuni della Sinistra Piave: Lentiai, Mel, Trichiana e Limana. La sera precedente anche il Consiglio Comunale di Trichiana si era espresso nei medesimi termini e come scaturito dalle discussioni, \u00e8 emerso che, nelle scorse settimane vi \u00e8 stato un incontro informale tra i capigruppo dei due comuni centrali alla Sinistra Piave per concordare la proposta di delibera, mentre non ha avuto buon esito la volont\u00e0 di estendere ai capigruppo di Limana e Lentiai l&#8217;invito alla formulazione di proprie proposte in ordine a questo ambizioso progetto. Altri incontri erano stati promossi in passato sul medesimo tema: un anno fa a Lentiai tra i quattro Sindaci con la partecipazione dei rispettivi Segretari Comunali, il 26 luglio u.s. a Trichiana tra le quattro Giunte Comunali della Sinistra Piave. Il 26 ottobre, a Sedico, si \u00e8 tenuta la Conferenza dei Sindaci della Comunit\u00e0 Montana Val Belluna ed un altro incontro si \u00e8 tenuto il 9 novembre alla presenza anche dei Sindaci di Santa Giustina, San Gregorio nelle Alpi e Cesiomaggiore sempre nell&#8217;intento di concertare l&#8217;ambito ottimale per la trasformazione delle Comunit\u00e0 montane in Unione montane.<\/p>\n<p>I comuni obbligati a svolgere i servizi in forma associata sono quelli con popolazione inferiore ai tremila abitanti. Il Comune di Mel, pur avendo una popolazione di gran lunga superiore ai seimila abitanti e quindi non obbligato all\u2019esercizio in forma associata, cos\u00ec come il Comune di Trichiana, hanno trovato per\u00f2 la piena maturit\u00e0 nei rispettivi Consigli Comunali che hanno tracciato, con le proprie deliberazioni, la volont\u00e0 precisa di interpretare in maniera positiva gli indirizzi normativi, sia governativi che regionali, che invitano a guardare oltre i confini amministrativi e a lavorare sempre pi\u00f9 sinergicamente tra realt\u00e0 contermini con l&#8217;obbiettivo di una efficace, efficiente ed economica gestione operativa dei servizi comunali.<\/p>\n<p>\u201cQuesto passaggio \u2013 commenta il Sindaco Stefano Cesa &#8211; rappresenta una straordinaria\u00a0 opportunit\u00e0 di crescita comune per un territorio che necessita di simili strumenti amministrativi, avendo un tessuto industriale che nella sua specificit\u00e0 locale si configura per le connessioni reciproche tra le varie realt\u00e0, avendo una realt\u00e0 urbanistica che si\u00a0 contraddistingue ancora per un rispetto del paesaggio rurale, avendo un popolamento diffuso fatto di piccoli centri che consente la cura e la manutenzione del territorio. Ringrazio tutti i consiglieri comunali, in particolare i capigruppo consiliari Simone Deola, Pierpaolo De Paris e Andrea Dall&#8217;O&#8217;, quest&#8217;ultimo assente ma comunque in piena sintonia con la decisione assunta, per una scelta tanto coraggiosa, quanto lungimirante.\u201d<\/p>","protected":false},"excerpt":{"rendered":"<p>Contesto territoriale omogeneo e comuni fattori storici, sociali e culturali che costituiscono una medesima identit\u00e0: sono questi i comuni denominatori emersi con forza dagli interventi del Sindaco Stefano Cesa e dei capigruppo Simone Deola e Pierpaolo De Paris, durante la seduta di marted\u00ec scorso, al momento della discussione dell&#8217;ultimo punto all&#8217;ordine del giorno del Consiglio [&hellip;]<\/p>\n","protected":false},"author":2,"featured_media":0,"comment_status":"closed","ping_status":"open","sticky":false,"template":"","format":"standard","meta":{"footnotes":""},"categories":[5,26],"tags":[],"class_list":["post-44318","post","type-post","status-publish","format-standard","category-cronaca","category-prima-pagina"],"yoast_head":"<!-- This site is optimized with the Yoast SEO plugin v28.4 - https:\/\/yoast.com\/product\/yoast-seo-wordpress\/ -->\n<title>Il Comune di Mel sceglie la Sinistra Piave quale ambito di unione dei comuni montani  - Bellunopress - Dolomiti<\/title>\n<meta name=\"robots\" content=\"index, follow, max-snippet:-1, max-image-preview:large, max-video-preview:-1\" \/>\n<link rel=\"canonical\" href=\"https:\/\/www.bellunopress.it\/fr\/2012\/11\/29\/il-comune-di-mel-sceglie-la-sinistra-piave-quale-ambito-di-unione-dei-comuni-montani\/\" \/>\n<meta property=\"og:locale\" content=\"fr_FR\" \/>\n<meta property=\"og:type\" content=\"article\" \/>\n<meta property=\"og:title\" content=\"Il Comune di Mel sceglie la Sinistra Piave quale ambito di unione dei comuni montani  - Bellunopress - Dolomiti\" \/>\n<meta property=\"og:description\" content=\"Contesto territoriale omogeneo e comuni fattori storici, sociali e culturali che costituiscono una medesima identit\u00e0: sono questi i comuni denominatori emersi con forza dagli interventi del Sindaco Stefano Cesa e dei capigruppo Simone Deola e Pierpaolo De Paris, durante la seduta di marted\u00ec scorso, al momento della discussione dell&#8217;ultimo punto all&#8217;ordine del giorno del Consiglio [&hellip;]\" \/>\n<meta property=\"og:url\" content=\"https:\/\/www.bellunopress.it\/fr\/2012\/11\/29\/il-comune-di-mel-sceglie-la-sinistra-piave-quale-ambito-di-unione-dei-comuni-montani\/\" \/>\n<meta property=\"og:site_name\" content=\"Bellunopress - Dolomiti\" \/>\n<meta property=\"article:publisher\" content=\"https:\/\/www.facebook.com\/profile.php?id=100008943462799\" \/>\n<meta property=\"article:published_time\" content=\"2012-11-29T14:37:39+00:00\" \/>\n<meta property=\"og:image\" content=\"http:\/\/www.bellunopress.it\/wp-content\/uploads\/2012\/03\/stefano-cesa.jpg\" \/>\n<meta name=\"author\" content=\"redazione\" \/>\n<meta name=\"twitter:card\" content=\"summary_large_image\" \/>\n<meta name=\"twitter:creator\" content=\"@bellunopress\" \/>\n<meta name=\"twitter:site\" content=\"@bellunopress\" \/>\n<meta name=\"twitter:label1\" content=\"\u00c9crit par\" \/>\n\t<meta name=\"twitter:data1\" content=\"redazione\" \/>\n\t<meta name=\"twitter:label2\" content=\"Dur\u00e9e de lecture estim\u00e9e\" \/>\n\t<meta name=\"twitter:data2\" content=\"3 minutes\" \/>\n<script type=\"application\/ld+json\" class=\"yoast-schema-graph\">{\"@context\":\"https:\\\/\\\/schema.org\",\"@graph\":[{\"@type\":\"Article\",\"@id\":\"https:\\\/\\\/www.bellunopress.it\\\/2012\\\/11\\\/29\\\/il-comune-di-mel-sceglie-la-sinistra-piave-quale-ambito-di-unione-dei-comuni-montani\\\/#article\",\"isPartOf\":{\"@id\":\"https:\\\/\\\/www.bellunopress.it\\\/2012\\\/11\\\/29\\\/il-comune-di-mel-sceglie-la-sinistra-piave-quale-ambito-di-unione-dei-comuni-montani\\\/\"},\"author\":{\"name\":\"redazione\",\"@id\":\"https:\\\/\\\/www.bellunopress.it\\\/#\\\/schema\\\/person\\\/79bb06722b37ece1c03d3e94beb30d73\"},\"headline\":\"Il Comune di Mel sceglie la Sinistra Piave quale ambito di unione dei comuni montani\",\"datePublished\":\"2012-11-29T14:37:39+00:00\",\"mainEntityOfPage\":{\"@id\":\"https:\\\/\\\/www.bellunopress.it\\\/2012\\\/11\\\/29\\\/il-comune-di-mel-sceglie-la-sinistra-piave-quale-ambito-di-unione-dei-comuni-montani\\\/\"},\"wordCount\":684,\"publisher\":{\"@id\":\"https:\\\/\\\/www.bellunopress.it\\\/#organization\"},\"image\":{\"@id\":\"https:\\\/\\\/www.bellunopress.it\\\/2012\\\/11\\\/29\\\/il-comune-di-mel-sceglie-la-sinistra-piave-quale-ambito-di-unione-dei-comuni-montani\\\/#primaryimage\"},\"thumbnailUrl\":\"http:\\\/\\\/www.bellunopress.it\\\/wp-content\\\/uploads\\\/2012\\\/03\\\/stefano-cesa.jpg\",\"articleSection\":[\"Cronaca\\\/Politica\",\"Prima Pagina\"],\"inLanguage\":\"fr-FR\"},{\"@type\":\"WebPage\",\"@id\":\"https:\\\/\\\/www.bellunopress.it\\\/2012\\\/11\\\/29\\\/il-comune-di-mel-sceglie-la-sinistra-piave-quale-ambito-di-unione-dei-comuni-montani\\\/\",\"url\":\"https:\\\/\\\/www.bellunopress.it\\\/2012\\\/11\\\/29\\\/il-comune-di-mel-sceglie-la-sinistra-piave-quale-ambito-di-unione-dei-comuni-montani\\\/\",\"name\":\"Il Comune di Mel sceglie la Sinistra Piave quale ambito di unione dei comuni montani - Bellunopress - Dolomiti\",\"isPartOf\":{\"@id\":\"https:\\\/\\\/www.bellunopress.it\\\/#website\"},\"primaryImageOfPage\":{\"@id\":\"https:\\\/\\\/www.bellunopress.it\\\/2012\\\/11\\\/29\\\/il-comune-di-mel-sceglie-la-sinistra-piave-quale-ambito-di-unione-dei-comuni-montani\\\/#primaryimage\"},\"image\":{\"@id\":\"https:\\\/\\\/www.bellunopress.it\\\/2012\\\/11\\\/29\\\/il-comune-di-mel-sceglie-la-sinistra-piave-quale-ambito-di-unione-dei-comuni-montani\\\/#primaryimage\"},\"thumbnailUrl\":\"http:\\\/\\\/www.bellunopress.it\\\/wp-content\\\/uploads\\\/2012\\\/03\\\/stefano-cesa.jpg\",\"datePublished\":\"2012-11-29T14:37:39+00:00\",\"breadcrumb\":{\"@id\":\"https:\\\/\\\/www.bellunopress.it\\\/2012\\\/11\\\/29\\\/il-comune-di-mel-sceglie-la-sinistra-piave-quale-ambito-di-unione-dei-comuni-montani\\\/#breadcrumb\"},\"inLanguage\":\"fr-FR\",\"potentialAction\":[{\"@type\":\"ReadAction\",\"target\":[\"https:\\\/\\\/www.bellunopress.it\\\/2012\\\/11\\\/29\\\/il-comune-di-mel-sceglie-la-sinistra-piave-quale-ambito-di-unione-dei-comuni-montani\\\/\"]}]},{\"@type\":\"ImageObject\",\"inLanguage\":\"fr-FR\",\"@id\":\"https:\\\/\\\/www.bellunopress.it\\\/2012\\\/11\\\/29\\\/il-comune-di-mel-sceglie-la-sinistra-piave-quale-ambito-di-unione-dei-comuni-montani\\\/#primaryimage\",\"url\":\"http:\\\/\\\/www.bellunopress.it\\\/wp-content\\\/uploads\\\/2012\\\/03\\\/stefano-cesa.jpg\",\"contentUrl\":\"http:\\\/\\\/www.bellunopress.it\\\/wp-content\\\/uploads\\\/2012\\\/03\\\/stefano-cesa.jpg\"},{\"@type\":\"BreadcrumbList\",\"@id\":\"https:\\\/\\\/www.bellunopress.it\\\/2012\\\/11\\\/29\\\/il-comune-di-mel-sceglie-la-sinistra-piave-quale-ambito-di-unione-dei-comuni-montani\\\/#breadcrumb\",\"itemListElement\":[{\"@type\":\"ListItem\",\"position\":1,\"name\":\"Home\",\"item\":\"https:\\\/\\\/www.bellunopress.it\\\/\"},{\"@type\":\"ListItem\",\"position\":2,\"name\":\"Il Comune di Mel sceglie la Sinistra Piave quale ambito di unione dei comuni montani\"}]},{\"@type\":\"WebSite\",\"@id\":\"https:\\\/\\\/www.bellunopress.it\\\/#website\",\"url\":\"https:\\\/\\\/www.bellunopress.it\\\/\",\"name\":\"Bellunopress - Dolomiti\",\"description\":\"e-mail: redazione@bellunopress.it\",\"publisher\":{\"@id\":\"https:\\\/\\\/www.bellunopress.it\\\/#organization\"},\"potentialAction\":[{\"@type\":\"SearchAction\",\"target\":{\"@type\":\"EntryPoint\",\"urlTemplate\":\"https:\\\/\\\/www.bellunopress.it\\\/?s={search_term_string}\"},\"query-input\":{\"@type\":\"PropertyValueSpecification\",\"valueRequired\":true,\"valueName\":\"search_term_string\"}}],\"inLanguage\":\"fr-FR\"},{\"@type\":\"Organization\",\"@id\":\"https:\\\/\\\/www.bellunopress.it\\\/#organization\",\"name\":\"Bellunopress\",\"url\":\"https:\\\/\\\/www.bellunopress.it\\\/\",\"logo\":{\"@type\":\"ImageObject\",\"inLanguage\":\"fr-FR\",\"@id\":\"https:\\\/\\\/www.bellunopress.it\\\/#\\\/schema\\\/logo\\\/image\\\/\",\"url\":\"https:\\\/\\\/www.bellunopress.it\\\/wp-content\\\/uploads\\\/2011\\\/05\\\/cropped-logo-bellunopress-.jpg\",\"contentUrl\":\"https:\\\/\\\/www.bellunopress.it\\\/wp-content\\\/uploads\\\/2011\\\/05\\\/cropped-logo-bellunopress-.jpg\",\"width\":512,\"height\":512,\"caption\":\"Bellunopress\"},\"image\":{\"@id\":\"https:\\\/\\\/www.bellunopress.it\\\/#\\\/schema\\\/logo\\\/image\\\/\"},\"sameAs\":[\"https:\\\/\\\/www.facebook.com\\\/profile.php?id=100008943462799\",\"https:\\\/\\\/x.com\\\/bellunopress\",\"https:\\\/\\\/www.linkedin.com\\\/hp\\\/?dnr=JBzUWaJfMUw8vbXJJ2tVW5-I3jZKvC4wsoxE&amp;amp;amp;amp;amp;amp;trk=nav_responsive_tab_home\",\"https:\\\/\\\/www.youtube.com\\\/channel\\\/UCxL0wu1uN0_3_7hGG0306cw\"]},{\"@type\":\"Person\",\"@id\":\"https:\\\/\\\/www.bellunopress.it\\\/#\\\/schema\\\/person\\\/79bb06722b37ece1c03d3e94beb30d73\",\"name\":\"redazione\",\"image\":{\"@type\":\"ImageObject\",\"inLanguage\":\"fr-FR\",\"@id\":\"https:\\\/\\\/secure.gravatar.com\\\/avatar\\\/37d968a2e67a6fd04c169c4bdef102d0bc5d31b2546345219e348575eb80e9a0?s=96&d=mm&r=g\",\"url\":\"https:\\\/\\\/secure.gravatar.com\\\/avatar\\\/37d968a2e67a6fd04c169c4bdef102d0bc5d31b2546345219e348575eb80e9a0?s=96&d=mm&r=g\",\"contentUrl\":\"https:\\\/\\\/secure.gravatar.com\\\/avatar\\\/37d968a2e67a6fd04c169c4bdef102d0bc5d31b2546345219e348575eb80e9a0?s=96&d=mm&r=g\",\"caption\":\"redazione\"},\"sameAs\":[\"http:\\\/\\\/www.bellunopress.it\",\"https:\\\/\\\/x.com\\\/bellunopress\"],\"url\":\"https:\\\/\\\/www.bellunopress.it\\\/fr\\\/author\\\/redazione\\\/\"}]}<\/script>\n<!-- \/ Yoast SEO plugin. -->","yoast_head_json":{"title":"Il Comune di Mel sceglie la Sinistra Piave quale ambito di unione dei comuni montani  - Bellunopress - Dolomiti","robots":{"index":"index","follow":"follow","max-snippet":"max-snippet:-1","max-image-preview":"max-image-preview:large","max-video-preview":"max-video-preview:-1"},"canonical":"https:\/\/www.bellunopress.it\/fr\/2012\/11\/29\/il-comune-di-mel-sceglie-la-sinistra-piave-quale-ambito-di-unione-dei-comuni-montani\/","og_locale":"fr_FR","og_type":"article","og_title":"Il Comune di Mel sceglie la Sinistra Piave quale ambito di unione dei comuni montani  - Bellunopress - Dolomiti","og_description":"Contesto territoriale omogeneo e comuni fattori storici, sociali e culturali che costituiscono una medesima identit\u00e0: sono questi i comuni denominatori emersi con forza dagli interventi del Sindaco Stefano Cesa e dei capigruppo Simone Deola e Pierpaolo De Paris, durante la seduta di marted\u00ec scorso, al momento della discussione dell&#8217;ultimo punto all&#8217;ordine del giorno del Consiglio [&hellip;]","og_url":"https:\/\/www.bellunopress.it\/fr\/2012\/11\/29\/il-comune-di-mel-sceglie-la-sinistra-piave-quale-ambito-di-unione-dei-comuni-montani\/","og_site_name":"Bellunopress - Dolomiti","article_publisher":"https:\/\/www.facebook.com\/profile.php?id=100008943462799","article_published_time":"2012-11-29T14:37:39+00:00","og_image":[{"url":"http:\/\/www.bellunopress.it\/wp-content\/uploads\/2012\/03\/stefano-cesa.jpg","type":"","width":"","height":""}],"author":"redazione","twitter_card":"summary_large_image","twitter_creator":"@bellunopress","twitter_site":"@bellunopress","twitter_misc":{"\u00c9crit par":"redazione","Dur\u00e9e de lecture estim\u00e9e":"3 minutes"},"schema":{"@context":"https:\/\/schema.org","@graph":[{"@type":"Article","@id":"https:\/\/www.bellunopress.it\/2012\/11\/29\/il-comune-di-mel-sceglie-la-sinistra-piave-quale-ambito-di-unione-dei-comuni-montani\/#article","isPartOf":{"@id":"https:\/\/www.bellunopress.it\/2012\/11\/29\/il-comune-di-mel-sceglie-la-sinistra-piave-quale-ambito-di-unione-dei-comuni-montani\/"},"author":{"name":"redazione","@id":"https:\/\/www.bellunopress.it\/#\/schema\/person\/79bb06722b37ece1c03d3e94beb30d73"},"headline":"Il Comune di Mel sceglie la Sinistra Piave quale ambito di unione dei comuni montani","datePublished":"2012-11-29T14:37:39+00:00","mainEntityOfPage":{"@id":"https:\/\/www.bellunopress.it\/2012\/11\/29\/il-comune-di-mel-sceglie-la-sinistra-piave-quale-ambito-di-unione-dei-comuni-montani\/"},"wordCount":684,"publisher":{"@id":"https:\/\/www.bellunopress.it\/#organization"},"image":{"@id":"https:\/\/www.bellunopress.it\/2012\/11\/29\/il-comune-di-mel-sceglie-la-sinistra-piave-quale-ambito-di-unione-dei-comuni-montani\/#primaryimage"},"thumbnailUrl":"http:\/\/www.bellunopress.it\/wp-content\/uploads\/2012\/03\/stefano-cesa.jpg","articleSection":["Cronaca\/Politica","Prima Pagina"],"inLanguage":"fr-FR"},{"@type":"WebPage","@id":"https:\/\/www.bellunopress.it\/2012\/11\/29\/il-comune-di-mel-sceglie-la-sinistra-piave-quale-ambito-di-unione-dei-comuni-montani\/","url":"https:\/\/www.bellunopress.it\/2012\/11\/29\/il-comune-di-mel-sceglie-la-sinistra-piave-quale-ambito-di-unione-dei-comuni-montani\/","name":"Il Comune di Mel sceglie la Sinistra Piave quale ambito di unione dei comuni montani - Bellunopress - Dolomiti","isPartOf":{"@id":"https:\/\/www.bellunopress.it\/#website"},"primaryImageOfPage":{"@id":"https:\/\/www.bellunopress.it\/2012\/11\/29\/il-comune-di-mel-sceglie-la-sinistra-piave-quale-ambito-di-unione-dei-comuni-montani\/#primaryimage"},"image":{"@id":"https:\/\/www.bellunopress.it\/2012\/11\/29\/il-comune-di-mel-sceglie-la-sinistra-piave-quale-ambito-di-unione-dei-comuni-montani\/#primaryimage"},"thumbnailUrl":"http:\/\/www.bellunopress.it\/wp-content\/uploads\/2012\/03\/stefano-cesa.jpg","datePublished":"2012-11-29T14:37:39+00:00","breadcrumb":{"@id":"https:\/\/www.bellunopress.it\/2012\/11\/29\/il-comune-di-mel-sceglie-la-sinistra-piave-quale-ambito-di-unione-dei-comuni-montani\/#breadcrumb"},"inLanguage":"fr-FR","potentialAction":[{"@type":"ReadAction","target":["https:\/\/www.bellunopress.it\/2012\/11\/29\/il-comune-di-mel-sceglie-la-sinistra-piave-quale-ambito-di-unione-dei-comuni-montani\/"]}]},{"@type":"ImageObject","inLanguage":"fr-FR","@id":"https:\/\/www.bellunopress.it\/2012\/11\/29\/il-comune-di-mel-sceglie-la-sinistra-piave-quale-ambito-di-unione-dei-comuni-montani\/#primaryimage","url":"http:\/\/www.bellunopress.it\/wp-content\/uploads\/2012\/03\/stefano-cesa.jpg","contentUrl":"http:\/\/www.bellunopress.it\/wp-content\/uploads\/2012\/03\/stefano-cesa.jpg"},{"@type":"BreadcrumbList","@id":"https:\/\/www.bellunopress.it\/2012\/11\/29\/il-comune-di-mel-sceglie-la-sinistra-piave-quale-ambito-di-unione-dei-comuni-montani\/#breadcrumb","itemListElement":[{"@type":"ListItem","position":1,"name":"Home","item":"https:\/\/www.bellunopress.it\/"},{"@type":"ListItem","position":2,"name":"Il Comune di Mel sceglie la Sinistra Piave quale ambito di unione dei comuni montani"}]},{"@type":"WebSite","@id":"https:\/\/www.bellunopress.it\/#website","url":"https:\/\/www.bellunopress.it\/","name":"Bellunopress - Dolomiti","description":"e-mail: redazione@bellunopress.it","publisher":{"@id":"https:\/\/www.bellunopress.it\/#organization"},"potentialAction":[{"@type":"SearchAction","target":{"@type":"EntryPoint","urlTemplate":"https:\/\/www.bellunopress.it\/?s={search_term_string}"},"query-input":{"@type":"PropertyValueSpecification","valueRequired":true,"valueName":"search_term_string"}}],"inLanguage":"fr-FR"},{"@type":"Organization","@id":"https:\/\/www.bellunopress.it\/#organization","name":"Bellunopress","url":"https:\/\/www.bellunopress.it\/","logo":{"@type":"ImageObject","inLanguage":"fr-FR","@id":"https:\/\/www.bellunopress.it\/#\/schema\/logo\/image\/","url":"https:\/\/www.bellunopress.it\/wp-content\/uploads\/2011\/05\/cropped-logo-bellunopress-.jpg","contentUrl":"https:\/\/www.bellunopress.it\/wp-content\/uploads\/2011\/05\/cropped-logo-bellunopress-.jpg","width":512,"height":512,"caption":"Bellunopress"},"image":{"@id":"https:\/\/www.bellunopress.it\/#\/schema\/logo\/image\/"},"sameAs":["https:\/\/www.facebook.com\/profile.php?id=100008943462799","https:\/\/x.com\/bellunopress","https:\/\/www.linkedin.com\/hp\/?dnr=JBzUWaJfMUw8vbXJJ2tVW5-I3jZKvC4wsoxE&amp;amp;amp;amp;amp;amp;trk=nav_responsive_tab_home","https:\/\/www.youtube.com\/channel\/UCxL0wu1uN0_3_7hGG0306cw"]},{"@type":"Person","@id":"https:\/\/www.bellunopress.it\/#\/schema\/person\/79bb06722b37ece1c03d3e94beb30d73","name":"r\u00e9daction","image":{"@type":"ImageObject","inLanguage":"fr-FR","@id":"https:\/\/secure.gravatar.com\/avatar\/37d968a2e67a6fd04c169c4bdef102d0bc5d31b2546345219e348575eb80e9a0?s=96&d=mm&r=g","url":"https:\/\/secure.gravatar.com\/avatar\/37d968a2e67a6fd04c169c4bdef102d0bc5d31b2546345219e348575eb80e9a0?s=96&d=mm&r=g","contentUrl":"https:\/\/secure.gravatar.com\/avatar\/37d968a2e67a6fd04c169c4bdef102d0bc5d31b2546345219e348575eb80e9a0?s=96&d=mm&r=g","caption":"redazione"},"sameAs":["http:\/\/www.bellunopress.it","https:\/\/x.com\/bellunopress"],"url":"https:\/\/www.bellunopress.it\/fr\/author\/redazione\/"}]}},"_links":{"self":[{"href":"https:\/\/www.bellunopress.it\/fr\/wp-json\/wp\/v2\/posts\/44318","targetHints":{"allow":["GET"]}}],"collection":[{"href":"https:\/\/www.bellunopress.it\/fr\/wp-json\/wp\/v2\/posts"}],"about":[{"href":"https:\/\/www.bellunopress.it\/fr\/wp-json\/wp\/v2\/types\/post"}],"author":[{"embeddable":true,"href":"https:\/\/www.bellunopress.it\/fr\/wp-json\/wp\/v2\/users\/2"}],"replies":[{"embeddable":true,"href":"https:\/\/www.bellunopress.it\/fr\/wp-json\/wp\/v2\/comments?post=44318"}],"version-history":[{"count":1,"href":"https:\/\/www.bellunopress.it\/fr\/wp-json\/wp\/v2\/posts\/44318\/revisions"}],"predecessor-version":[{"id":44319,"href":"https:\/\/www.bellunopress.it\/fr\/wp-json\/wp\/v2\/posts\/44318\/revisions\/44319"}],"wp:attachment":[{"href":"https:\/\/www.bellunopress.it\/fr\/wp-json\/wp\/v2\/media?parent=44318"}],"wp:term":[{"taxonomy":"category","embeddable":true,"href":"https:\/\/www.bellunopress.it\/fr\/wp-json\/wp\/v2\/categories?post=44318"},{"taxonomy":"post_tag","embeddable":true,"href":"https:\/\/www.bellunopress.it\/fr\/wp-json\/wp\/v2\/tags?post=44318"}],"curies":[{"name":"wp","href":"https:\/\/api.w.org\/{rel}","templated":true}]}}