{"id":44308,"date":"2012-11-29T13:54:24","date_gmt":"2012-11-29T12:54:24","guid":{"rendered":"http:\/\/www.bellunopress.it\/?p=44308"},"modified":"2012-11-29T13:54:24","modified_gmt":"2012-11-29T12:54:24","slug":"la-minestra-riscaldata-delle-lega-nord-che-sottovoce-ripropone-lindipendenza-del-veneto-ma-nella-legalita-lintervento-del-segretario-provinciale-diego-vello","status":"publish","type":"post","link":"https:\/\/www.bellunopress.it\/fr\/2012\/11\/29\/la-minestra-riscaldata-delle-lega-nord-che-sottovoce-ripropone-lindipendenza-del-veneto-ma-nella-legalita-lintervento-del-segretario-provinciale-diego-vello\/","title":{"rendered":"La minestra riscaldata delle Lega Nord, che sottovoce ripropone l&#8217;indipendenza del Veneto, ma nella legalit\u00e0. L&#8217;intervento del segretario provinciale Diego Vello"},"content":{"rendered":"<p>Finito il matrimonio d&#8217;interesse con il Pdl di Berlusconi, la Lega Nord ritorna all&#8217;attacco con uno dei suoi vecchi cavalli di battaglia, divenuti oramai vecchi ronzini da accudire con piet\u00e0: l&#8217;indipendenza del popolo veneto. Questa volta per\u00f2, la ricetta viene allungata e addolcita per una migliore digeribilit\u00e0, e quindi niente pi\u00f9 le famose 300mila doppiette di Bossi o altre sparate per guadagnare i titoli dei giornali. Ma solo un sobrio invito ad aprire le procedure per la consultazione popolare, nel pieno rispetto della legalit\u00e0.<\/p>\n<figure id=\"attachment_27432\" aria-describedby=\"caption-attachment-27432\" style=\"width: 234px\" class=\"wp-caption alignleft\"><a href=\"http:\/\/www.bellunopress.it\/wp-content\/uploads\/2011\/06\/diego-vello.jpg\"><img loading=\"lazy\" decoding=\"async\" class=\"size-full wp-image-27432\" title=\"diego vello\" src=\"http:\/\/www.bellunopress.it\/wp-content\/uploads\/2011\/06\/diego-vello.jpg\" alt=\"\" width=\"234\" height=\"280\" \/><\/a><figcaption id=\"caption-attachment-27432\" class=\"wp-caption-text\">Diego Vello<\/figcaption><\/figure>\n<p>&lt;&lt;Ieri il Consiglio Regionale del Veneto ha tracciato una nuova via per i cittadini della nostra regione. &#8211; scrive il segretario provinciale della Lega Nord Diego Vello &#8211; Una pagina di storia che \u00e8 un primo passo verso una cammino di maggiore autonomia per i nostri territori. I numeri esposti dall&#8217;Assessore Roberto Ciambetti hanno evidenziato la grande piaga che affligge il Veneto &#8211; prosegue Vello &#8211; ,l&#8217;accentramento del sistema italiano che ogni hanno vede incrementare il residuo fiscale tra ci\u00f2 che versiamo e quello che ci viene restituito sotto forma di trasferimenti economici e di servizi.<\/p>\n<p>Su 73 miliardi di euro di flusso fiscale (dati del Ministero dell&#8217;Economia 2010) vediamo ritornare sul territorio solo 51 miliardi, un residuo fiscale di oltre 20miliardi di euro che potrebbero essere reimpiegati in Veneto a favore di Imprese, Giovani e una reale programmazione che oggi, a causa della mancanza di soldi, obbliga le amministrazioni a tagliare ogni genere di servizio.<\/p>\n<p>Chi dice che il Veneto \u00e8 una regione senza soldi sbaglia! Il Veneto \u00e8 una regione ricca dove versano amministrazioni periferiche e un popolo che vive da povero e la colpa \u00e8 del sistema statale che invece di favorire autonomia e decentramento, accentra tutta la fiscalit\u00e0 su Roma.<\/p>\n<p>Ieri, quindi, la risoluzione 44 apre la possibilit\u00e0 di un referendum che sancisca l&#8217;autodeterminazione del popolo Veneto, un processo consentito dalla comunit\u00e0 internazionale che vedr\u00e0 la nascita di un comitato specifico per valutare quale sia la via migliore per procedere con tale consultazione restando nella legalit\u00e0.<\/p>\n<p>Unica voce stonata solo quella del PD che ha preferito non votare questa risoluzione dimostrando ancora una volta la natura di questo partito. Chi crede alle voci autonomiste del PD da ieri si \u00e8 ricreduto sulla reale anima politica di questo partito che sui territori si definisce autonomista e alla prova del voto non lo \u00e8.<\/p>\n<p>Alle parole di Segio Reolon (PD) che ha considerato un \u201catto di provincialismo isolare il Veneto con una richiesta di indipendenza\u201d e ha sottolineato che la volont\u00e0 di una consultazione di questo tipo, come da risoluzione, sia un \u201catto di estrema debolezza\u201d facendo intendere che l&#8217;obbietto del PD \u00e8 quello di costruire una \u201cEuropa cosmopolita\u201d, sono seguite in risposta quelle del capogruppo della Lega Nord Federico Caner : \u201cCosa c&#8217;\u00e8 di pi\u00f9 alto e democratico che sentire il popolo?\u201d.<\/p>\n<p>Per una volta che il popolo Veneto poteva trovare una sinergia tra gruppi politici su un tema comune proprio il PD ha sposato la tesi meno autonomista e contraria all&#8217;autodeterminazione dei popoli, sancita tra l&#8217;altro dalle Nazioni Unite.<\/p>\n<p>Della serie &#8211; conclude Vello &#8211; a Belluno facciamo i \u201cprovincialisti autonomisti\u201d e alla prova del voto comportiamoci in maniera opposta&gt;&gt;.<\/p>","protected":false},"excerpt":{"rendered":"<p>Finito il matrimonio d&#8217;interesse con il Pdl di Berlusconi, la Lega Nord ritorna all&#8217;attacco con uno dei suoi vecchi cavalli di battaglia, divenuti oramai vecchi ronzini da accudire con piet\u00e0: l&#8217;indipendenza del popolo veneto. Questa volta per\u00f2, la ricetta viene allungata e addolcita per una migliore digeribilit\u00e0, e quindi niente pi\u00f9 le famose 300mila doppiette [&hellip;]<\/p>\n","protected":false},"author":2,"featured_media":0,"comment_status":"closed","ping_status":"open","sticky":false,"template":"","format":"standard","meta":{"footnotes":""},"categories":[1],"tags":[],"class_list":["post-44308","post","type-post","status-publish","format-standard","category-leo"],"yoast_head":"<!-- This site is optimized with the Yoast SEO plugin v28.4 - https:\/\/yoast.com\/product\/yoast-seo-wordpress\/ -->\n<title>La minestra riscaldata delle Lega Nord, che sottovoce ripropone l&#039;indipendenza del Veneto, ma nella legalit\u00e0. L&#039;intervento del segretario provinciale Diego Vello - Bellunopress - Dolomiti<\/title>\n<meta name=\"robots\" content=\"index, follow, max-snippet:-1, max-image-preview:large, max-video-preview:-1\" \/>\n<link rel=\"canonical\" href=\"https:\/\/www.bellunopress.it\/fr\/2012\/11\/29\/la-minestra-riscaldata-delle-lega-nord-che-sottovoce-ripropone-lindipendenza-del-veneto-ma-nella-legalita-lintervento-del-segretario-provinciale-diego-vello\/\" \/>\n<meta property=\"og:locale\" content=\"fr_FR\" \/>\n<meta property=\"og:type\" content=\"article\" \/>\n<meta property=\"og:title\" content=\"La minestra riscaldata delle Lega Nord, che sottovoce ripropone l&#039;indipendenza del Veneto, ma nella legalit\u00e0. L&#039;intervento del segretario provinciale Diego Vello - Bellunopress - Dolomiti\" \/>\n<meta property=\"og:description\" content=\"Finito il matrimonio d&#8217;interesse con il Pdl di Berlusconi, la Lega Nord ritorna all&#8217;attacco con uno dei suoi vecchi cavalli di battaglia, divenuti oramai vecchi ronzini da accudire con piet\u00e0: l&#8217;indipendenza del popolo veneto. Questa volta per\u00f2, la ricetta viene allungata e addolcita per una migliore digeribilit\u00e0, e quindi niente pi\u00f9 le famose 300mila doppiette [&hellip;]\" \/>\n<meta property=\"og:url\" content=\"https:\/\/www.bellunopress.it\/fr\/2012\/11\/29\/la-minestra-riscaldata-delle-lega-nord-che-sottovoce-ripropone-lindipendenza-del-veneto-ma-nella-legalita-lintervento-del-segretario-provinciale-diego-vello\/\" \/>\n<meta property=\"og:site_name\" content=\"Bellunopress - Dolomiti\" \/>\n<meta property=\"article:publisher\" content=\"https:\/\/www.facebook.com\/profile.php?id=100008943462799\" \/>\n<meta property=\"article:published_time\" content=\"2012-11-29T12:54:24+00:00\" \/>\n<meta property=\"og:image\" content=\"http:\/\/www.bellunopress.it\/wp-content\/uploads\/2011\/06\/diego-vello.jpg\" \/>\n<meta name=\"author\" content=\"redazione\" \/>\n<meta name=\"twitter:card\" content=\"summary_large_image\" \/>\n<meta name=\"twitter:creator\" content=\"@bellunopress\" \/>\n<meta name=\"twitter:site\" content=\"@bellunopress\" \/>\n<meta name=\"twitter:label1\" content=\"Written by\" \/>\n\t<meta name=\"twitter:data1\" content=\"redazione\" \/>\n\t<meta name=\"twitter:label2\" content=\"Est. reading time\" \/>\n\t<meta name=\"twitter:data2\" content=\"3 minutes\" \/>\n<script type=\"application\/ld+json\" class=\"yoast-schema-graph\">{\"@context\":\"https:\\\/\\\/schema.org\",\"@graph\":[{\"@type\":\"Article\",\"@id\":\"https:\\\/\\\/www.bellunopress.it\\\/2012\\\/11\\\/29\\\/la-minestra-riscaldata-delle-lega-nord-che-sottovoce-ripropone-lindipendenza-del-veneto-ma-nella-legalita-lintervento-del-segretario-provinciale-diego-vello\\\/#article\",\"isPartOf\":{\"@id\":\"https:\\\/\\\/www.bellunopress.it\\\/2012\\\/11\\\/29\\\/la-minestra-riscaldata-delle-lega-nord-che-sottovoce-ripropone-lindipendenza-del-veneto-ma-nella-legalita-lintervento-del-segretario-provinciale-diego-vello\\\/\"},\"author\":{\"name\":\"redazione\",\"@id\":\"https:\\\/\\\/www.bellunopress.it\\\/#\\\/schema\\\/person\\\/79bb06722b37ece1c03d3e94beb30d73\"},\"headline\":\"La minestra riscaldata delle Lega Nord, che sottovoce ripropone l&#8217;indipendenza del Veneto, ma nella legalit\u00e0. L&#8217;intervento del segretario provinciale Diego Vello\",\"datePublished\":\"2012-11-29T12:54:24+00:00\",\"mainEntityOfPage\":{\"@id\":\"https:\\\/\\\/www.bellunopress.it\\\/2012\\\/11\\\/29\\\/la-minestra-riscaldata-delle-lega-nord-che-sottovoce-ripropone-lindipendenza-del-veneto-ma-nella-legalita-lintervento-del-segretario-provinciale-diego-vello\\\/\"},\"wordCount\":562,\"publisher\":{\"@id\":\"https:\\\/\\\/www.bellunopress.it\\\/#organization\"},\"image\":{\"@id\":\"https:\\\/\\\/www.bellunopress.it\\\/2012\\\/11\\\/29\\\/la-minestra-riscaldata-delle-lega-nord-che-sottovoce-ripropone-lindipendenza-del-veneto-ma-nella-legalita-lintervento-del-segretario-provinciale-diego-vello\\\/#primaryimage\"},\"thumbnailUrl\":\"http:\\\/\\\/www.bellunopress.it\\\/wp-content\\\/uploads\\\/2011\\\/06\\\/diego-vello.jpg\",\"articleSection\":[\"Lettere Opinioni\"],\"inLanguage\":\"fr-FR\"},{\"@type\":\"WebPage\",\"@id\":\"https:\\\/\\\/www.bellunopress.it\\\/2012\\\/11\\\/29\\\/la-minestra-riscaldata-delle-lega-nord-che-sottovoce-ripropone-lindipendenza-del-veneto-ma-nella-legalita-lintervento-del-segretario-provinciale-diego-vello\\\/\",\"url\":\"https:\\\/\\\/www.bellunopress.it\\\/2012\\\/11\\\/29\\\/la-minestra-riscaldata-delle-lega-nord-che-sottovoce-ripropone-lindipendenza-del-veneto-ma-nella-legalita-lintervento-del-segretario-provinciale-diego-vello\\\/\",\"name\":\"La minestra riscaldata delle Lega Nord, che sottovoce ripropone l'indipendenza del Veneto, ma nella legalit\u00e0. L'intervento del segretario provinciale Diego Vello - Bellunopress - Dolomiti\",\"isPartOf\":{\"@id\":\"https:\\\/\\\/www.bellunopress.it\\\/#website\"},\"primaryImageOfPage\":{\"@id\":\"https:\\\/\\\/www.bellunopress.it\\\/2012\\\/11\\\/29\\\/la-minestra-riscaldata-delle-lega-nord-che-sottovoce-ripropone-lindipendenza-del-veneto-ma-nella-legalita-lintervento-del-segretario-provinciale-diego-vello\\\/#primaryimage\"},\"image\":{\"@id\":\"https:\\\/\\\/www.bellunopress.it\\\/2012\\\/11\\\/29\\\/la-minestra-riscaldata-delle-lega-nord-che-sottovoce-ripropone-lindipendenza-del-veneto-ma-nella-legalita-lintervento-del-segretario-provinciale-diego-vello\\\/#primaryimage\"},\"thumbnailUrl\":\"http:\\\/\\\/www.bellunopress.it\\\/wp-content\\\/uploads\\\/2011\\\/06\\\/diego-vello.jpg\",\"datePublished\":\"2012-11-29T12:54:24+00:00\",\"breadcrumb\":{\"@id\":\"https:\\\/\\\/www.bellunopress.it\\\/2012\\\/11\\\/29\\\/la-minestra-riscaldata-delle-lega-nord-che-sottovoce-ripropone-lindipendenza-del-veneto-ma-nella-legalita-lintervento-del-segretario-provinciale-diego-vello\\\/#breadcrumb\"},\"inLanguage\":\"fr-FR\",\"potentialAction\":[{\"@type\":\"ReadAction\",\"target\":[\"https:\\\/\\\/www.bellunopress.it\\\/2012\\\/11\\\/29\\\/la-minestra-riscaldata-delle-lega-nord-che-sottovoce-ripropone-lindipendenza-del-veneto-ma-nella-legalita-lintervento-del-segretario-provinciale-diego-vello\\\/\"]}]},{\"@type\":\"ImageObject\",\"inLanguage\":\"fr-FR\",\"@id\":\"https:\\\/\\\/www.bellunopress.it\\\/2012\\\/11\\\/29\\\/la-minestra-riscaldata-delle-lega-nord-che-sottovoce-ripropone-lindipendenza-del-veneto-ma-nella-legalita-lintervento-del-segretario-provinciale-diego-vello\\\/#primaryimage\",\"url\":\"http:\\\/\\\/www.bellunopress.it\\\/wp-content\\\/uploads\\\/2011\\\/06\\\/diego-vello.jpg\",\"contentUrl\":\"http:\\\/\\\/www.bellunopress.it\\\/wp-content\\\/uploads\\\/2011\\\/06\\\/diego-vello.jpg\"},{\"@type\":\"BreadcrumbList\",\"@id\":\"https:\\\/\\\/www.bellunopress.it\\\/2012\\\/11\\\/29\\\/la-minestra-riscaldata-delle-lega-nord-che-sottovoce-ripropone-lindipendenza-del-veneto-ma-nella-legalita-lintervento-del-segretario-provinciale-diego-vello\\\/#breadcrumb\",\"itemListElement\":[{\"@type\":\"ListItem\",\"position\":1,\"name\":\"Home\",\"item\":\"https:\\\/\\\/www.bellunopress.it\\\/\"},{\"@type\":\"ListItem\",\"position\":2,\"name\":\"La minestra riscaldata delle Lega Nord, che sottovoce ripropone l&#8217;indipendenza del Veneto, ma nella legalit\u00e0. L&#8217;intervento del segretario provinciale Diego Vello\"}]},{\"@type\":\"WebSite\",\"@id\":\"https:\\\/\\\/www.bellunopress.it\\\/#website\",\"url\":\"https:\\\/\\\/www.bellunopress.it\\\/\",\"name\":\"Bellunopress - Dolomiti\",\"description\":\"e-mail: redazione@bellunopress.it\",\"publisher\":{\"@id\":\"https:\\\/\\\/www.bellunopress.it\\\/#organization\"},\"potentialAction\":[{\"@type\":\"SearchAction\",\"target\":{\"@type\":\"EntryPoint\",\"urlTemplate\":\"https:\\\/\\\/www.bellunopress.it\\\/?s={search_term_string}\"},\"query-input\":{\"@type\":\"PropertyValueSpecification\",\"valueRequired\":true,\"valueName\":\"search_term_string\"}}],\"inLanguage\":\"fr-FR\"},{\"@type\":\"Organization\",\"@id\":\"https:\\\/\\\/www.bellunopress.it\\\/#organization\",\"name\":\"Bellunopress\",\"url\":\"https:\\\/\\\/www.bellunopress.it\\\/\",\"logo\":{\"@type\":\"ImageObject\",\"inLanguage\":\"fr-FR\",\"@id\":\"https:\\\/\\\/www.bellunopress.it\\\/#\\\/schema\\\/logo\\\/image\\\/\",\"url\":\"https:\\\/\\\/www.bellunopress.it\\\/wp-content\\\/uploads\\\/2011\\\/05\\\/cropped-logo-bellunopress-.jpg\",\"contentUrl\":\"https:\\\/\\\/www.bellunopress.it\\\/wp-content\\\/uploads\\\/2011\\\/05\\\/cropped-logo-bellunopress-.jpg\",\"width\":512,\"height\":512,\"caption\":\"Bellunopress\"},\"image\":{\"@id\":\"https:\\\/\\\/www.bellunopress.it\\\/#\\\/schema\\\/logo\\\/image\\\/\"},\"sameAs\":[\"https:\\\/\\\/www.facebook.com\\\/profile.php?id=100008943462799\",\"https:\\\/\\\/x.com\\\/bellunopress\",\"https:\\\/\\\/www.linkedin.com\\\/hp\\\/?dnr=JBzUWaJfMUw8vbXJJ2tVW5-I3jZKvC4wsoxE&amp;amp;amp;amp;amp;amp;trk=nav_responsive_tab_home\",\"https:\\\/\\\/www.youtube.com\\\/channel\\\/UCxL0wu1uN0_3_7hGG0306cw\"]},{\"@type\":\"Person\",\"@id\":\"https:\\\/\\\/www.bellunopress.it\\\/#\\\/schema\\\/person\\\/79bb06722b37ece1c03d3e94beb30d73\",\"name\":\"redazione\",\"image\":{\"@type\":\"ImageObject\",\"inLanguage\":\"fr-FR\",\"@id\":\"https:\\\/\\\/secure.gravatar.com\\\/avatar\\\/37d968a2e67a6fd04c169c4bdef102d0bc5d31b2546345219e348575eb80e9a0?s=96&d=mm&r=g\",\"url\":\"https:\\\/\\\/secure.gravatar.com\\\/avatar\\\/37d968a2e67a6fd04c169c4bdef102d0bc5d31b2546345219e348575eb80e9a0?s=96&d=mm&r=g\",\"contentUrl\":\"https:\\\/\\\/secure.gravatar.com\\\/avatar\\\/37d968a2e67a6fd04c169c4bdef102d0bc5d31b2546345219e348575eb80e9a0?s=96&d=mm&r=g\",\"caption\":\"redazione\"},\"sameAs\":[\"http:\\\/\\\/www.bellunopress.it\",\"https:\\\/\\\/x.com\\\/bellunopress\"],\"url\":\"https:\\\/\\\/www.bellunopress.it\\\/fr\\\/author\\\/redazione\\\/\"}]}<\/script>\n<!-- \/ Yoast SEO plugin. -->","yoast_head_json":{"title":"La minestra riscaldata delle Lega Nord, che sottovoce ripropone l'indipendenza del Veneto, ma nella legalit\u00e0. L'intervento del segretario provinciale Diego Vello - Bellunopress - Dolomiti","robots":{"index":"index","follow":"follow","max-snippet":"max-snippet:-1","max-image-preview":"max-image-preview:large","max-video-preview":"max-video-preview:-1"},"canonical":"https:\/\/www.bellunopress.it\/fr\/2012\/11\/29\/la-minestra-riscaldata-delle-lega-nord-che-sottovoce-ripropone-lindipendenza-del-veneto-ma-nella-legalita-lintervento-del-segretario-provinciale-diego-vello\/","og_locale":"fr_FR","og_type":"article","og_title":"La minestra riscaldata delle Lega Nord, che sottovoce ripropone l'indipendenza del Veneto, ma nella legalit\u00e0. L'intervento del segretario provinciale Diego Vello - Bellunopress - Dolomiti","og_description":"Finito il matrimonio d&#8217;interesse con il Pdl di Berlusconi, la Lega Nord ritorna all&#8217;attacco con uno dei suoi vecchi cavalli di battaglia, divenuti oramai vecchi ronzini da accudire con piet\u00e0: l&#8217;indipendenza del popolo veneto. Questa volta per\u00f2, la ricetta viene allungata e addolcita per una migliore digeribilit\u00e0, e quindi niente pi\u00f9 le famose 300mila doppiette [&hellip;]","og_url":"https:\/\/www.bellunopress.it\/fr\/2012\/11\/29\/la-minestra-riscaldata-delle-lega-nord-che-sottovoce-ripropone-lindipendenza-del-veneto-ma-nella-legalita-lintervento-del-segretario-provinciale-diego-vello\/","og_site_name":"Bellunopress - Dolomiti","article_publisher":"https:\/\/www.facebook.com\/profile.php?id=100008943462799","article_published_time":"2012-11-29T12:54:24+00:00","og_image":[{"url":"http:\/\/www.bellunopress.it\/wp-content\/uploads\/2011\/06\/diego-vello.jpg","type":"","width":"","height":""}],"author":"redazione","twitter_card":"summary_large_image","twitter_creator":"@bellunopress","twitter_site":"@bellunopress","twitter_misc":{"Written by":"redazione","Est. reading time":"3 minutes"},"schema":{"@context":"https:\/\/schema.org","@graph":[{"@type":"Article","@id":"https:\/\/www.bellunopress.it\/2012\/11\/29\/la-minestra-riscaldata-delle-lega-nord-che-sottovoce-ripropone-lindipendenza-del-veneto-ma-nella-legalita-lintervento-del-segretario-provinciale-diego-vello\/#article","isPartOf":{"@id":"https:\/\/www.bellunopress.it\/2012\/11\/29\/la-minestra-riscaldata-delle-lega-nord-che-sottovoce-ripropone-lindipendenza-del-veneto-ma-nella-legalita-lintervento-del-segretario-provinciale-diego-vello\/"},"author":{"name":"redazione","@id":"https:\/\/www.bellunopress.it\/#\/schema\/person\/79bb06722b37ece1c03d3e94beb30d73"},"headline":"La minestra riscaldata delle Lega Nord, che sottovoce ripropone l&#8217;indipendenza del Veneto, ma nella legalit\u00e0. L&#8217;intervento del segretario provinciale Diego Vello","datePublished":"2012-11-29T12:54:24+00:00","mainEntityOfPage":{"@id":"https:\/\/www.bellunopress.it\/2012\/11\/29\/la-minestra-riscaldata-delle-lega-nord-che-sottovoce-ripropone-lindipendenza-del-veneto-ma-nella-legalita-lintervento-del-segretario-provinciale-diego-vello\/"},"wordCount":562,"publisher":{"@id":"https:\/\/www.bellunopress.it\/#organization"},"image":{"@id":"https:\/\/www.bellunopress.it\/2012\/11\/29\/la-minestra-riscaldata-delle-lega-nord-che-sottovoce-ripropone-lindipendenza-del-veneto-ma-nella-legalita-lintervento-del-segretario-provinciale-diego-vello\/#primaryimage"},"thumbnailUrl":"http:\/\/www.bellunopress.it\/wp-content\/uploads\/2011\/06\/diego-vello.jpg","articleSection":["Lettere Opinioni"],"inLanguage":"fr-FR"},{"@type":"WebPage","@id":"https:\/\/www.bellunopress.it\/2012\/11\/29\/la-minestra-riscaldata-delle-lega-nord-che-sottovoce-ripropone-lindipendenza-del-veneto-ma-nella-legalita-lintervento-del-segretario-provinciale-diego-vello\/","url":"https:\/\/www.bellunopress.it\/2012\/11\/29\/la-minestra-riscaldata-delle-lega-nord-che-sottovoce-ripropone-lindipendenza-del-veneto-ma-nella-legalita-lintervento-del-segretario-provinciale-diego-vello\/","name":"La minestra riscaldata delle Lega Nord, che sottovoce ripropone l'indipendenza del Veneto, ma nella legalit\u00e0. L'intervento del segretario provinciale Diego Vello - Bellunopress - Dolomiti","isPartOf":{"@id":"https:\/\/www.bellunopress.it\/#website"},"primaryImageOfPage":{"@id":"https:\/\/www.bellunopress.it\/2012\/11\/29\/la-minestra-riscaldata-delle-lega-nord-che-sottovoce-ripropone-lindipendenza-del-veneto-ma-nella-legalita-lintervento-del-segretario-provinciale-diego-vello\/#primaryimage"},"image":{"@id":"https:\/\/www.bellunopress.it\/2012\/11\/29\/la-minestra-riscaldata-delle-lega-nord-che-sottovoce-ripropone-lindipendenza-del-veneto-ma-nella-legalita-lintervento-del-segretario-provinciale-diego-vello\/#primaryimage"},"thumbnailUrl":"http:\/\/www.bellunopress.it\/wp-content\/uploads\/2011\/06\/diego-vello.jpg","datePublished":"2012-11-29T12:54:24+00:00","breadcrumb":{"@id":"https:\/\/www.bellunopress.it\/2012\/11\/29\/la-minestra-riscaldata-delle-lega-nord-che-sottovoce-ripropone-lindipendenza-del-veneto-ma-nella-legalita-lintervento-del-segretario-provinciale-diego-vello\/#breadcrumb"},"inLanguage":"fr-FR","potentialAction":[{"@type":"ReadAction","target":["https:\/\/www.bellunopress.it\/2012\/11\/29\/la-minestra-riscaldata-delle-lega-nord-che-sottovoce-ripropone-lindipendenza-del-veneto-ma-nella-legalita-lintervento-del-segretario-provinciale-diego-vello\/"]}]},{"@type":"ImageObject","inLanguage":"fr-FR","@id":"https:\/\/www.bellunopress.it\/2012\/11\/29\/la-minestra-riscaldata-delle-lega-nord-che-sottovoce-ripropone-lindipendenza-del-veneto-ma-nella-legalita-lintervento-del-segretario-provinciale-diego-vello\/#primaryimage","url":"http:\/\/www.bellunopress.it\/wp-content\/uploads\/2011\/06\/diego-vello.jpg","contentUrl":"http:\/\/www.bellunopress.it\/wp-content\/uploads\/2011\/06\/diego-vello.jpg"},{"@type":"BreadcrumbList","@id":"https:\/\/www.bellunopress.it\/2012\/11\/29\/la-minestra-riscaldata-delle-lega-nord-che-sottovoce-ripropone-lindipendenza-del-veneto-ma-nella-legalita-lintervento-del-segretario-provinciale-diego-vello\/#breadcrumb","itemListElement":[{"@type":"ListItem","position":1,"name":"Home","item":"https:\/\/www.bellunopress.it\/"},{"@type":"ListItem","position":2,"name":"La minestra riscaldata delle Lega Nord, che sottovoce ripropone l&#8217;indipendenza del Veneto, ma nella legalit\u00e0. L&#8217;intervento del segretario provinciale Diego Vello"}]},{"@type":"WebSite","@id":"https:\/\/www.bellunopress.it\/#website","url":"https:\/\/www.bellunopress.it\/","name":"Bellunopress - Dolomiti","description":"e-mail: redazione@bellunopress.it","publisher":{"@id":"https:\/\/www.bellunopress.it\/#organization"},"potentialAction":[{"@type":"SearchAction","target":{"@type":"EntryPoint","urlTemplate":"https:\/\/www.bellunopress.it\/?s={search_term_string}"},"query-input":{"@type":"PropertyValueSpecification","valueRequired":true,"valueName":"search_term_string"}}],"inLanguage":"fr-FR"},{"@type":"Organization","@id":"https:\/\/www.bellunopress.it\/#organization","name":"Bellunopress","url":"https:\/\/www.bellunopress.it\/","logo":{"@type":"ImageObject","inLanguage":"fr-FR","@id":"https:\/\/www.bellunopress.it\/#\/schema\/logo\/image\/","url":"https:\/\/www.bellunopress.it\/wp-content\/uploads\/2011\/05\/cropped-logo-bellunopress-.jpg","contentUrl":"https:\/\/www.bellunopress.it\/wp-content\/uploads\/2011\/05\/cropped-logo-bellunopress-.jpg","width":512,"height":512,"caption":"Bellunopress"},"image":{"@id":"https:\/\/www.bellunopress.it\/#\/schema\/logo\/image\/"},"sameAs":["https:\/\/www.facebook.com\/profile.php?id=100008943462799","https:\/\/x.com\/bellunopress","https:\/\/www.linkedin.com\/hp\/?dnr=JBzUWaJfMUw8vbXJJ2tVW5-I3jZKvC4wsoxE&amp;amp;amp;amp;amp;amp;trk=nav_responsive_tab_home","https:\/\/www.youtube.com\/channel\/UCxL0wu1uN0_3_7hGG0306cw"]},{"@type":"Person","@id":"https:\/\/www.bellunopress.it\/#\/schema\/person\/79bb06722b37ece1c03d3e94beb30d73","name":"r\u00e9daction","image":{"@type":"ImageObject","inLanguage":"fr-FR","@id":"https:\/\/secure.gravatar.com\/avatar\/37d968a2e67a6fd04c169c4bdef102d0bc5d31b2546345219e348575eb80e9a0?s=96&d=mm&r=g","url":"https:\/\/secure.gravatar.com\/avatar\/37d968a2e67a6fd04c169c4bdef102d0bc5d31b2546345219e348575eb80e9a0?s=96&d=mm&r=g","contentUrl":"https:\/\/secure.gravatar.com\/avatar\/37d968a2e67a6fd04c169c4bdef102d0bc5d31b2546345219e348575eb80e9a0?s=96&d=mm&r=g","caption":"redazione"},"sameAs":["http:\/\/www.bellunopress.it","https:\/\/x.com\/bellunopress"],"url":"https:\/\/www.bellunopress.it\/fr\/author\/redazione\/"}]}},"_links":{"self":[{"href":"https:\/\/www.bellunopress.it\/fr\/wp-json\/wp\/v2\/posts\/44308","targetHints":{"allow":["GET"]}}],"collection":[{"href":"https:\/\/www.bellunopress.it\/fr\/wp-json\/wp\/v2\/posts"}],"about":[{"href":"https:\/\/www.bellunopress.it\/fr\/wp-json\/wp\/v2\/types\/post"}],"author":[{"embeddable":true,"href":"https:\/\/www.bellunopress.it\/fr\/wp-json\/wp\/v2\/users\/2"}],"replies":[{"embeddable":true,"href":"https:\/\/www.bellunopress.it\/fr\/wp-json\/wp\/v2\/comments?post=44308"}],"version-history":[{"count":1,"href":"https:\/\/www.bellunopress.it\/fr\/wp-json\/wp\/v2\/posts\/44308\/revisions"}],"predecessor-version":[{"id":44309,"href":"https:\/\/www.bellunopress.it\/fr\/wp-json\/wp\/v2\/posts\/44308\/revisions\/44309"}],"wp:attachment":[{"href":"https:\/\/www.bellunopress.it\/fr\/wp-json\/wp\/v2\/media?parent=44308"}],"wp:term":[{"taxonomy":"category","embeddable":true,"href":"https:\/\/www.bellunopress.it\/fr\/wp-json\/wp\/v2\/categories?post=44308"},{"taxonomy":"post_tag","embeddable":true,"href":"https:\/\/www.bellunopress.it\/fr\/wp-json\/wp\/v2\/tags?post=44308"}],"curies":[{"name":"wp","href":"https:\/\/api.w.org\/{rel}","templated":true}]}}