{"id":44299,"date":"2012-11-29T08:05:07","date_gmt":"2012-11-29T07:05:07","guid":{"rendered":"http:\/\/www.bellunopress.it\/?p=44299"},"modified":"2012-11-29T08:05:07","modified_gmt":"2012-11-29T07:05:07","slug":"la-corte-di-cassazione-approva-la-richiesta-di-referendum-di-cesiomaggiore-per-il-passaggio-in-trentino-alto-adige","status":"publish","type":"post","link":"https:\/\/www.bellunopress.it\/fr\/2012\/11\/29\/la-corte-di-cassazione-approva-la-richiesta-di-referendum-di-cesiomaggiore-per-il-passaggio-in-trentino-alto-adige\/","title":{"rendered":"La Corte di Cassazione approva la richiesta di referendum di Cesiomaggiore per il passaggio in Trentino Alto Adige"},"content":{"rendered":"<p><a href=\"http:\/\/www.bellunopress.it\/wp-content\/uploads\/2012\/08\/comitato-cesiomaggiore-in-trentino.jpg\"><img loading=\"lazy\" decoding=\"async\" class=\"alignleft size-full wp-image-41292\" title=\"comitato cesiomaggiore in trentino\" src=\"http:\/\/www.bellunopress.it\/wp-content\/uploads\/2012\/08\/comitato-cesiomaggiore-in-trentino.jpg\" alt=\"\" width=\"290\" height=\"217\" \/><\/a>In data odierna\u00a0\u00a0\u00e8 stata ricevuta la convalida da parte della Corte Suprema della Cassazione di Roma della richiesta di referendum depositata in data 12 novembre 2012 da parte del Comune di Cesiomaggiore.<\/p>\n<p>Lo comunica il Comitato Referendario Cesiomaggiore in Trentino per la Regione Dolomiti che in\u00a0questi mesi\u00a0ha portato avanti con convinzione la richiesta di referendum avvalendosi del fondamentale supporto del Sindaco Michele Balen e di tutto il Consiglio Comunale, &#8220;che ringraziamo ancora una volta per averci supportato &#8211; sottolinea la nota del Comitato &#8211; \u00a0ed aver dato voce alla richiesta dei cittadini che ora \u00e8 stata realizzata&#8221;.<\/p>\n<p>Il referendum quindi si far\u00e0 e la domanda che verr\u00e0 posta ai cittadini sar\u00e0: &#8220;Volete che il territorio del comune di Cesiomaggiore sia separato dalla Regione Veneto per entrare a far parte integrante della Regione Trentino Alto Adige-S\u00fctirol?&#8221;.<\/p>\n<p>&#8220;Siamo ancora in attesa delle date definitive del referendum &#8211; conclude la nota &#8211; ma il Comune ha gi\u00e0 inoltrato la richiesta di poterlo accorpare alle elezioni primaverili in quanto questo permetterebbe un risparmio non indifferente, restando in linea con i principi della spending review&#8221;.<\/p>\n<p>&nbsp;<\/p>","protected":false},"excerpt":{"rendered":"<p>In data odierna\u00a0\u00a0\u00e8 stata ricevuta la convalida da parte della Corte Suprema della Cassazione di Roma della richiesta di referendum depositata in data 12 novembre 2012 da parte del Comune di Cesiomaggiore. Lo comunica il Comitato Referendario Cesiomaggiore in Trentino per la Regione Dolomiti che in\u00a0questi mesi\u00a0ha portato avanti con convinzione la richiesta di referendum [&hellip;]<\/p>\n","protected":false},"author":2,"featured_media":0,"comment_status":"closed","ping_status":"open","sticky":false,"template":"","format":"standard","meta":{"footnotes":""},"categories":[5,26],"tags":[],"class_list":["post-44299","post","type-post","status-publish","format-standard","category-cronaca","category-prima-pagina"],"yoast_head":"<!-- This site is optimized with the Yoast SEO plugin v28.4 - https:\/\/yoast.com\/product\/yoast-seo-wordpress\/ -->\n<title>La Corte di Cassazione approva la richiesta di referendum di Cesiomaggiore per il passaggio in Trentino Alto Adige  - Bellunopress - Dolomiti<\/title>\n<meta name=\"robots\" content=\"index, follow, max-snippet:-1, max-image-preview:large, max-video-preview:-1\" \/>\n<link rel=\"canonical\" href=\"https:\/\/www.bellunopress.it\/fr\/2012\/11\/29\/la-corte-di-cassazione-approva-la-richiesta-di-referendum-di-cesiomaggiore-per-il-passaggio-in-trentino-alto-adige\/\" \/>\n<meta property=\"og:locale\" content=\"fr_FR\" \/>\n<meta property=\"og:type\" content=\"article\" \/>\n<meta property=\"og:title\" content=\"La Corte di Cassazione approva la richiesta di referendum di Cesiomaggiore per il passaggio in Trentino Alto Adige  - Bellunopress - Dolomiti\" \/>\n<meta property=\"og:description\" content=\"In data odierna\u00a0\u00a0\u00e8 stata ricevuta la convalida da parte della Corte Suprema della Cassazione di Roma della richiesta di referendum depositata in data 12 novembre 2012 da parte del Comune di Cesiomaggiore. Lo comunica il Comitato Referendario Cesiomaggiore in Trentino per la Regione Dolomiti che in\u00a0questi mesi\u00a0ha portato avanti con convinzione la richiesta di referendum [&hellip;]\" \/>\n<meta property=\"og:url\" content=\"https:\/\/www.bellunopress.it\/fr\/2012\/11\/29\/la-corte-di-cassazione-approva-la-richiesta-di-referendum-di-cesiomaggiore-per-il-passaggio-in-trentino-alto-adige\/\" \/>\n<meta property=\"og:site_name\" content=\"Bellunopress - Dolomiti\" \/>\n<meta property=\"article:publisher\" content=\"https:\/\/www.facebook.com\/profile.php?id=100008943462799\" \/>\n<meta property=\"article:published_time\" content=\"2012-11-29T07:05:07+00:00\" \/>\n<meta property=\"og:image\" content=\"http:\/\/www.bellunopress.it\/wp-content\/uploads\/2012\/08\/comitato-cesiomaggiore-in-trentino.jpg\" \/>\n<meta name=\"author\" content=\"redazione\" \/>\n<meta name=\"twitter:card\" content=\"summary_large_image\" \/>\n<meta name=\"twitter:creator\" content=\"@bellunopress\" \/>\n<meta name=\"twitter:site\" content=\"@bellunopress\" \/>\n<meta name=\"twitter:label1\" content=\"Written by\" \/>\n\t<meta name=\"twitter:data1\" content=\"redazione\" \/>\n\t<meta name=\"twitter:label2\" content=\"Est. reading time\" \/>\n\t<meta name=\"twitter:data2\" content=\"1 minute\" \/>\n<script type=\"application\/ld+json\" class=\"yoast-schema-graph\">{\"@context\":\"https:\\\/\\\/schema.org\",\"@graph\":[{\"@type\":\"Article\",\"@id\":\"https:\\\/\\\/www.bellunopress.it\\\/2012\\\/11\\\/29\\\/la-corte-di-cassazione-approva-la-richiesta-di-referendum-di-cesiomaggiore-per-il-passaggio-in-trentino-alto-adige\\\/#article\",\"isPartOf\":{\"@id\":\"https:\\\/\\\/www.bellunopress.it\\\/2012\\\/11\\\/29\\\/la-corte-di-cassazione-approva-la-richiesta-di-referendum-di-cesiomaggiore-per-il-passaggio-in-trentino-alto-adige\\\/\"},\"author\":{\"name\":\"redazione\",\"@id\":\"https:\\\/\\\/www.bellunopress.it\\\/#\\\/schema\\\/person\\\/79bb06722b37ece1c03d3e94beb30d73\"},\"headline\":\"La Corte di Cassazione approva la richiesta di referendum di Cesiomaggiore per il passaggio in Trentino Alto Adige\",\"datePublished\":\"2012-11-29T07:05:07+00:00\",\"mainEntityOfPage\":{\"@id\":\"https:\\\/\\\/www.bellunopress.it\\\/2012\\\/11\\\/29\\\/la-corte-di-cassazione-approva-la-richiesta-di-referendum-di-cesiomaggiore-per-il-passaggio-in-trentino-alto-adige\\\/\"},\"wordCount\":199,\"publisher\":{\"@id\":\"https:\\\/\\\/www.bellunopress.it\\\/#organization\"},\"image\":{\"@id\":\"https:\\\/\\\/www.bellunopress.it\\\/2012\\\/11\\\/29\\\/la-corte-di-cassazione-approva-la-richiesta-di-referendum-di-cesiomaggiore-per-il-passaggio-in-trentino-alto-adige\\\/#primaryimage\"},\"thumbnailUrl\":\"http:\\\/\\\/www.bellunopress.it\\\/wp-content\\\/uploads\\\/2012\\\/08\\\/comitato-cesiomaggiore-in-trentino.jpg\",\"articleSection\":[\"Cronaca\\\/Politica\",\"Prima Pagina\"],\"inLanguage\":\"fr-FR\"},{\"@type\":\"WebPage\",\"@id\":\"https:\\\/\\\/www.bellunopress.it\\\/2012\\\/11\\\/29\\\/la-corte-di-cassazione-approva-la-richiesta-di-referendum-di-cesiomaggiore-per-il-passaggio-in-trentino-alto-adige\\\/\",\"url\":\"https:\\\/\\\/www.bellunopress.it\\\/2012\\\/11\\\/29\\\/la-corte-di-cassazione-approva-la-richiesta-di-referendum-di-cesiomaggiore-per-il-passaggio-in-trentino-alto-adige\\\/\",\"name\":\"La Corte di Cassazione approva la richiesta di referendum di Cesiomaggiore per il passaggio in Trentino Alto Adige - Bellunopress - Dolomiti\",\"isPartOf\":{\"@id\":\"https:\\\/\\\/www.bellunopress.it\\\/#website\"},\"primaryImageOfPage\":{\"@id\":\"https:\\\/\\\/www.bellunopress.it\\\/2012\\\/11\\\/29\\\/la-corte-di-cassazione-approva-la-richiesta-di-referendum-di-cesiomaggiore-per-il-passaggio-in-trentino-alto-adige\\\/#primaryimage\"},\"image\":{\"@id\":\"https:\\\/\\\/www.bellunopress.it\\\/2012\\\/11\\\/29\\\/la-corte-di-cassazione-approva-la-richiesta-di-referendum-di-cesiomaggiore-per-il-passaggio-in-trentino-alto-adige\\\/#primaryimage\"},\"thumbnailUrl\":\"http:\\\/\\\/www.bellunopress.it\\\/wp-content\\\/uploads\\\/2012\\\/08\\\/comitato-cesiomaggiore-in-trentino.jpg\",\"datePublished\":\"2012-11-29T07:05:07+00:00\",\"breadcrumb\":{\"@id\":\"https:\\\/\\\/www.bellunopress.it\\\/2012\\\/11\\\/29\\\/la-corte-di-cassazione-approva-la-richiesta-di-referendum-di-cesiomaggiore-per-il-passaggio-in-trentino-alto-adige\\\/#breadcrumb\"},\"inLanguage\":\"fr-FR\",\"potentialAction\":[{\"@type\":\"ReadAction\",\"target\":[\"https:\\\/\\\/www.bellunopress.it\\\/2012\\\/11\\\/29\\\/la-corte-di-cassazione-approva-la-richiesta-di-referendum-di-cesiomaggiore-per-il-passaggio-in-trentino-alto-adige\\\/\"]}]},{\"@type\":\"ImageObject\",\"inLanguage\":\"fr-FR\",\"@id\":\"https:\\\/\\\/www.bellunopress.it\\\/2012\\\/11\\\/29\\\/la-corte-di-cassazione-approva-la-richiesta-di-referendum-di-cesiomaggiore-per-il-passaggio-in-trentino-alto-adige\\\/#primaryimage\",\"url\":\"http:\\\/\\\/www.bellunopress.it\\\/wp-content\\\/uploads\\\/2012\\\/08\\\/comitato-cesiomaggiore-in-trentino.jpg\",\"contentUrl\":\"http:\\\/\\\/www.bellunopress.it\\\/wp-content\\\/uploads\\\/2012\\\/08\\\/comitato-cesiomaggiore-in-trentino.jpg\"},{\"@type\":\"BreadcrumbList\",\"@id\":\"https:\\\/\\\/www.bellunopress.it\\\/2012\\\/11\\\/29\\\/la-corte-di-cassazione-approva-la-richiesta-di-referendum-di-cesiomaggiore-per-il-passaggio-in-trentino-alto-adige\\\/#breadcrumb\",\"itemListElement\":[{\"@type\":\"ListItem\",\"position\":1,\"name\":\"Home\",\"item\":\"https:\\\/\\\/www.bellunopress.it\\\/\"},{\"@type\":\"ListItem\",\"position\":2,\"name\":\"La Corte di Cassazione approva la richiesta di referendum di Cesiomaggiore per il passaggio in Trentino Alto Adige\"}]},{\"@type\":\"WebSite\",\"@id\":\"https:\\\/\\\/www.bellunopress.it\\\/#website\",\"url\":\"https:\\\/\\\/www.bellunopress.it\\\/\",\"name\":\"Bellunopress - Dolomiti\",\"description\":\"e-mail: redazione@bellunopress.it\",\"publisher\":{\"@id\":\"https:\\\/\\\/www.bellunopress.it\\\/#organization\"},\"potentialAction\":[{\"@type\":\"SearchAction\",\"target\":{\"@type\":\"EntryPoint\",\"urlTemplate\":\"https:\\\/\\\/www.bellunopress.it\\\/?s={search_term_string}\"},\"query-input\":{\"@type\":\"PropertyValueSpecification\",\"valueRequired\":true,\"valueName\":\"search_term_string\"}}],\"inLanguage\":\"fr-FR\"},{\"@type\":\"Organization\",\"@id\":\"https:\\\/\\\/www.bellunopress.it\\\/#organization\",\"name\":\"Bellunopress\",\"url\":\"https:\\\/\\\/www.bellunopress.it\\\/\",\"logo\":{\"@type\":\"ImageObject\",\"inLanguage\":\"fr-FR\",\"@id\":\"https:\\\/\\\/www.bellunopress.it\\\/#\\\/schema\\\/logo\\\/image\\\/\",\"url\":\"https:\\\/\\\/www.bellunopress.it\\\/wp-content\\\/uploads\\\/2011\\\/05\\\/cropped-logo-bellunopress-.jpg\",\"contentUrl\":\"https:\\\/\\\/www.bellunopress.it\\\/wp-content\\\/uploads\\\/2011\\\/05\\\/cropped-logo-bellunopress-.jpg\",\"width\":512,\"height\":512,\"caption\":\"Bellunopress\"},\"image\":{\"@id\":\"https:\\\/\\\/www.bellunopress.it\\\/#\\\/schema\\\/logo\\\/image\\\/\"},\"sameAs\":[\"https:\\\/\\\/www.facebook.com\\\/profile.php?id=100008943462799\",\"https:\\\/\\\/x.com\\\/bellunopress\",\"https:\\\/\\\/www.linkedin.com\\\/hp\\\/?dnr=JBzUWaJfMUw8vbXJJ2tVW5-I3jZKvC4wsoxE&amp;amp;amp;amp;amp;amp;trk=nav_responsive_tab_home\",\"https:\\\/\\\/www.youtube.com\\\/channel\\\/UCxL0wu1uN0_3_7hGG0306cw\"]},{\"@type\":\"Person\",\"@id\":\"https:\\\/\\\/www.bellunopress.it\\\/#\\\/schema\\\/person\\\/79bb06722b37ece1c03d3e94beb30d73\",\"name\":\"redazione\",\"image\":{\"@type\":\"ImageObject\",\"inLanguage\":\"fr-FR\",\"@id\":\"https:\\\/\\\/secure.gravatar.com\\\/avatar\\\/37d968a2e67a6fd04c169c4bdef102d0bc5d31b2546345219e348575eb80e9a0?s=96&d=mm&r=g\",\"url\":\"https:\\\/\\\/secure.gravatar.com\\\/avatar\\\/37d968a2e67a6fd04c169c4bdef102d0bc5d31b2546345219e348575eb80e9a0?s=96&d=mm&r=g\",\"contentUrl\":\"https:\\\/\\\/secure.gravatar.com\\\/avatar\\\/37d968a2e67a6fd04c169c4bdef102d0bc5d31b2546345219e348575eb80e9a0?s=96&d=mm&r=g\",\"caption\":\"redazione\"},\"sameAs\":[\"http:\\\/\\\/www.bellunopress.it\",\"https:\\\/\\\/x.com\\\/bellunopress\"],\"url\":\"https:\\\/\\\/www.bellunopress.it\\\/fr\\\/author\\\/redazione\\\/\"}]}<\/script>\n<!-- \/ Yoast SEO plugin. -->","yoast_head_json":{"title":"La Corte di Cassazione approva la richiesta di referendum di Cesiomaggiore per il passaggio in Trentino Alto Adige  - Bellunopress - Dolomiti","robots":{"index":"index","follow":"follow","max-snippet":"max-snippet:-1","max-image-preview":"max-image-preview:large","max-video-preview":"max-video-preview:-1"},"canonical":"https:\/\/www.bellunopress.it\/fr\/2012\/11\/29\/la-corte-di-cassazione-approva-la-richiesta-di-referendum-di-cesiomaggiore-per-il-passaggio-in-trentino-alto-adige\/","og_locale":"fr_FR","og_type":"article","og_title":"La Corte di Cassazione approva la richiesta di referendum di Cesiomaggiore per il passaggio in Trentino Alto Adige  - Bellunopress - Dolomiti","og_description":"In data odierna\u00a0\u00a0\u00e8 stata ricevuta la convalida da parte della Corte Suprema della Cassazione di Roma della richiesta di referendum depositata in data 12 novembre 2012 da parte del Comune di Cesiomaggiore. Lo comunica il Comitato Referendario Cesiomaggiore in Trentino per la Regione Dolomiti che in\u00a0questi mesi\u00a0ha portato avanti con convinzione la richiesta di referendum [&hellip;]","og_url":"https:\/\/www.bellunopress.it\/fr\/2012\/11\/29\/la-corte-di-cassazione-approva-la-richiesta-di-referendum-di-cesiomaggiore-per-il-passaggio-in-trentino-alto-adige\/","og_site_name":"Bellunopress - Dolomiti","article_publisher":"https:\/\/www.facebook.com\/profile.php?id=100008943462799","article_published_time":"2012-11-29T07:05:07+00:00","og_image":[{"url":"http:\/\/www.bellunopress.it\/wp-content\/uploads\/2012\/08\/comitato-cesiomaggiore-in-trentino.jpg","type":"","width":"","height":""}],"author":"redazione","twitter_card":"summary_large_image","twitter_creator":"@bellunopress","twitter_site":"@bellunopress","twitter_misc":{"Written by":"redazione","Est. reading time":"1 minute"},"schema":{"@context":"https:\/\/schema.org","@graph":[{"@type":"Article","@id":"https:\/\/www.bellunopress.it\/2012\/11\/29\/la-corte-di-cassazione-approva-la-richiesta-di-referendum-di-cesiomaggiore-per-il-passaggio-in-trentino-alto-adige\/#article","isPartOf":{"@id":"https:\/\/www.bellunopress.it\/2012\/11\/29\/la-corte-di-cassazione-approva-la-richiesta-di-referendum-di-cesiomaggiore-per-il-passaggio-in-trentino-alto-adige\/"},"author":{"name":"redazione","@id":"https:\/\/www.bellunopress.it\/#\/schema\/person\/79bb06722b37ece1c03d3e94beb30d73"},"headline":"La Corte di Cassazione approva la richiesta di referendum di Cesiomaggiore per il passaggio in Trentino Alto Adige","datePublished":"2012-11-29T07:05:07+00:00","mainEntityOfPage":{"@id":"https:\/\/www.bellunopress.it\/2012\/11\/29\/la-corte-di-cassazione-approva-la-richiesta-di-referendum-di-cesiomaggiore-per-il-passaggio-in-trentino-alto-adige\/"},"wordCount":199,"publisher":{"@id":"https:\/\/www.bellunopress.it\/#organization"},"image":{"@id":"https:\/\/www.bellunopress.it\/2012\/11\/29\/la-corte-di-cassazione-approva-la-richiesta-di-referendum-di-cesiomaggiore-per-il-passaggio-in-trentino-alto-adige\/#primaryimage"},"thumbnailUrl":"http:\/\/www.bellunopress.it\/wp-content\/uploads\/2012\/08\/comitato-cesiomaggiore-in-trentino.jpg","articleSection":["Cronaca\/Politica","Prima Pagina"],"inLanguage":"fr-FR"},{"@type":"WebPage","@id":"https:\/\/www.bellunopress.it\/2012\/11\/29\/la-corte-di-cassazione-approva-la-richiesta-di-referendum-di-cesiomaggiore-per-il-passaggio-in-trentino-alto-adige\/","url":"https:\/\/www.bellunopress.it\/2012\/11\/29\/la-corte-di-cassazione-approva-la-richiesta-di-referendum-di-cesiomaggiore-per-il-passaggio-in-trentino-alto-adige\/","name":"La Corte di Cassazione approva la richiesta di referendum di Cesiomaggiore per il passaggio in Trentino Alto Adige - Bellunopress - Dolomiti","isPartOf":{"@id":"https:\/\/www.bellunopress.it\/#website"},"primaryImageOfPage":{"@id":"https:\/\/www.bellunopress.it\/2012\/11\/29\/la-corte-di-cassazione-approva-la-richiesta-di-referendum-di-cesiomaggiore-per-il-passaggio-in-trentino-alto-adige\/#primaryimage"},"image":{"@id":"https:\/\/www.bellunopress.it\/2012\/11\/29\/la-corte-di-cassazione-approva-la-richiesta-di-referendum-di-cesiomaggiore-per-il-passaggio-in-trentino-alto-adige\/#primaryimage"},"thumbnailUrl":"http:\/\/www.bellunopress.it\/wp-content\/uploads\/2012\/08\/comitato-cesiomaggiore-in-trentino.jpg","datePublished":"2012-11-29T07:05:07+00:00","breadcrumb":{"@id":"https:\/\/www.bellunopress.it\/2012\/11\/29\/la-corte-di-cassazione-approva-la-richiesta-di-referendum-di-cesiomaggiore-per-il-passaggio-in-trentino-alto-adige\/#breadcrumb"},"inLanguage":"fr-FR","potentialAction":[{"@type":"ReadAction","target":["https:\/\/www.bellunopress.it\/2012\/11\/29\/la-corte-di-cassazione-approva-la-richiesta-di-referendum-di-cesiomaggiore-per-il-passaggio-in-trentino-alto-adige\/"]}]},{"@type":"ImageObject","inLanguage":"fr-FR","@id":"https:\/\/www.bellunopress.it\/2012\/11\/29\/la-corte-di-cassazione-approva-la-richiesta-di-referendum-di-cesiomaggiore-per-il-passaggio-in-trentino-alto-adige\/#primaryimage","url":"http:\/\/www.bellunopress.it\/wp-content\/uploads\/2012\/08\/comitato-cesiomaggiore-in-trentino.jpg","contentUrl":"http:\/\/www.bellunopress.it\/wp-content\/uploads\/2012\/08\/comitato-cesiomaggiore-in-trentino.jpg"},{"@type":"BreadcrumbList","@id":"https:\/\/www.bellunopress.it\/2012\/11\/29\/la-corte-di-cassazione-approva-la-richiesta-di-referendum-di-cesiomaggiore-per-il-passaggio-in-trentino-alto-adige\/#breadcrumb","itemListElement":[{"@type":"ListItem","position":1,"name":"Home","item":"https:\/\/www.bellunopress.it\/"},{"@type":"ListItem","position":2,"name":"La Corte di Cassazione approva la richiesta di referendum di Cesiomaggiore per il passaggio in Trentino Alto Adige"}]},{"@type":"WebSite","@id":"https:\/\/www.bellunopress.it\/#website","url":"https:\/\/www.bellunopress.it\/","name":"Bellunopress - Dolomiti","description":"e-mail: redazione@bellunopress.it","publisher":{"@id":"https:\/\/www.bellunopress.it\/#organization"},"potentialAction":[{"@type":"SearchAction","target":{"@type":"EntryPoint","urlTemplate":"https:\/\/www.bellunopress.it\/?s={search_term_string}"},"query-input":{"@type":"PropertyValueSpecification","valueRequired":true,"valueName":"search_term_string"}}],"inLanguage":"fr-FR"},{"@type":"Organization","@id":"https:\/\/www.bellunopress.it\/#organization","name":"Bellunopress","url":"https:\/\/www.bellunopress.it\/","logo":{"@type":"ImageObject","inLanguage":"fr-FR","@id":"https:\/\/www.bellunopress.it\/#\/schema\/logo\/image\/","url":"https:\/\/www.bellunopress.it\/wp-content\/uploads\/2011\/05\/cropped-logo-bellunopress-.jpg","contentUrl":"https:\/\/www.bellunopress.it\/wp-content\/uploads\/2011\/05\/cropped-logo-bellunopress-.jpg","width":512,"height":512,"caption":"Bellunopress"},"image":{"@id":"https:\/\/www.bellunopress.it\/#\/schema\/logo\/image\/"},"sameAs":["https:\/\/www.facebook.com\/profile.php?id=100008943462799","https:\/\/x.com\/bellunopress","https:\/\/www.linkedin.com\/hp\/?dnr=JBzUWaJfMUw8vbXJJ2tVW5-I3jZKvC4wsoxE&amp;amp;amp;amp;amp;amp;trk=nav_responsive_tab_home","https:\/\/www.youtube.com\/channel\/UCxL0wu1uN0_3_7hGG0306cw"]},{"@type":"Person","@id":"https:\/\/www.bellunopress.it\/#\/schema\/person\/79bb06722b37ece1c03d3e94beb30d73","name":"r\u00e9daction","image":{"@type":"ImageObject","inLanguage":"fr-FR","@id":"https:\/\/secure.gravatar.com\/avatar\/37d968a2e67a6fd04c169c4bdef102d0bc5d31b2546345219e348575eb80e9a0?s=96&d=mm&r=g","url":"https:\/\/secure.gravatar.com\/avatar\/37d968a2e67a6fd04c169c4bdef102d0bc5d31b2546345219e348575eb80e9a0?s=96&d=mm&r=g","contentUrl":"https:\/\/secure.gravatar.com\/avatar\/37d968a2e67a6fd04c169c4bdef102d0bc5d31b2546345219e348575eb80e9a0?s=96&d=mm&r=g","caption":"redazione"},"sameAs":["http:\/\/www.bellunopress.it","https:\/\/x.com\/bellunopress"],"url":"https:\/\/www.bellunopress.it\/fr\/author\/redazione\/"}]}},"_links":{"self":[{"href":"https:\/\/www.bellunopress.it\/fr\/wp-json\/wp\/v2\/posts\/44299","targetHints":{"allow":["GET"]}}],"collection":[{"href":"https:\/\/www.bellunopress.it\/fr\/wp-json\/wp\/v2\/posts"}],"about":[{"href":"https:\/\/www.bellunopress.it\/fr\/wp-json\/wp\/v2\/types\/post"}],"author":[{"embeddable":true,"href":"https:\/\/www.bellunopress.it\/fr\/wp-json\/wp\/v2\/users\/2"}],"replies":[{"embeddable":true,"href":"https:\/\/www.bellunopress.it\/fr\/wp-json\/wp\/v2\/comments?post=44299"}],"version-history":[{"count":1,"href":"https:\/\/www.bellunopress.it\/fr\/wp-json\/wp\/v2\/posts\/44299\/revisions"}],"predecessor-version":[{"id":44300,"href":"https:\/\/www.bellunopress.it\/fr\/wp-json\/wp\/v2\/posts\/44299\/revisions\/44300"}],"wp:attachment":[{"href":"https:\/\/www.bellunopress.it\/fr\/wp-json\/wp\/v2\/media?parent=44299"}],"wp:term":[{"taxonomy":"category","embeddable":true,"href":"https:\/\/www.bellunopress.it\/fr\/wp-json\/wp\/v2\/categories?post=44299"},{"taxonomy":"post_tag","embeddable":true,"href":"https:\/\/www.bellunopress.it\/fr\/wp-json\/wp\/v2\/tags?post=44299"}],"curies":[{"name":"wp","href":"https:\/\/api.w.org\/{rel}","templated":true}]}}