{"id":44297,"date":"2012-11-28T22:12:50","date_gmt":"2012-11-28T21:12:50","guid":{"rendered":"http:\/\/www.bellunopress.it\/?p=44297"},"modified":"2012-11-28T22:12:50","modified_gmt":"2012-11-28T21:12:50","slug":"il-pasticcio-della-differenziata-a-feltre-di-riccardo-sartor-5-stelle","status":"publish","type":"post","link":"https:\/\/www.bellunopress.it\/fr\/2012\/11\/28\/il-pasticcio-della-differenziata-a-feltre-di-riccardo-sartor-5-stelle\/","title":{"rendered":"Il pasticcio della differenziata a Feltre  * di Riccardo Sartor (5 Stelle)"},"content":{"rendered":"<figure id=\"attachment_37918\" aria-describedby=\"caption-attachment-37918\" style=\"width: 141px\" class=\"wp-caption alignleft\"><a href=\"http:\/\/www.bellunopress.it\/wp-content\/uploads\/2012\/05\/riccardo-sartor-145x140.jpg\"><img loading=\"lazy\" decoding=\"async\" class=\"size-full wp-image-37918\" title=\"riccardo sartor 145x140\" src=\"http:\/\/www.bellunopress.it\/wp-content\/uploads\/2012\/05\/riccardo-sartor-145x140.jpg\" alt=\"\" width=\"141\" height=\"145\" \/><\/a><figcaption id=\"caption-attachment-37918\" class=\"wp-caption-text\">Riccardo Sartor<\/figcaption><\/figure>\n<p>Abbiamo sempre criticato con forza il sistema voluto dalla ex-giunta Vaccari, prima con l\u2019introduzione della calotta per il secco e dopo con l\u2019acquisto di un nuovo camion e delle nuove campane colorate. La cronaca di questi giorni in relazione alla raccolta rifiuti conferma che le nostre preoccupazioni erano pi\u00f9 che fondate.<\/p>\n<p>Buona parte dei cittadini di Feltre, pur impegnandosi nel differenziare, \u00e8 stata beffata dal sistema, e dovr\u00e0 pagare pi\u00f9 indifferenziato di quanto effettivamente conferito. L&#8217;imporre un numero minimo di conferimenti \u00e8 stata una scelta controversa che di fatto non ha premiato i cittadini virtuosi.<\/p>\n<p>Ci preoccupano per\u00f2 soprattutto i costi che si dovranno affrontare il prossimo anno: abbiamo appreso dalla stampa che la frazione plastica rischia di sforare il 22% di scarto (soglia sopra la quale si paga lo smaltimento anzich\u00e9 introitare un ricavo) con il rischio di un forte aumento nelle bollette proprio in virt\u00f9 della scarsa qualit\u00e0 della differenziata.<\/p>\n<p>Abbiamo sempre rimarcato la differenza fra quantit\u00e0 e qualit\u00e0 della differenziata: la quantit\u00e0 senza la qualit\u00e0 non porta ad alcun risparmio. Un buon sistema di raccolta differenziata deve avere il suo punto di forza nella qualit\u00e0 dei materiali che vengono conferiti. Se al cittadino spetta il compito quotidiano di differenziare i propri rifiuti, la Politica deve predisporre un efficace ed efficiente sistema di raccolta.<\/p>\n<p>L\u2019Amministrazione precedente ha enormi responsabilit\u00e0 nell\u2019aver intrapreso una strada diversa dagli altri comuni della Comunit\u00e0 Montana Feltrina; tale scelta, portata avanti con ostinazione e senza lungimiranza, oggi si dimostra nefasta.<\/p>\n<p>Il sistema dei conferimenti stradali non pu\u00f2 garantire la qualit\u00e0 di quanto conferito nei vari cassonetti, poich\u00e9 non vi \u00e8 alcuna verifica di quello che ciascun singolo cittadino getta nella plastica, piuttosto che nella carta, o nella frazione secca. E sarebbe assurdo che, a posteriori, si sprechino soldi in sistemi di videosorveglianza delle piazzole ecologiche.<\/p>\n<p>Inoltre, se tutti i Comuni intorno a noi fanno il porta a porta, i furbetti di turno possono tranquillamente scaricare qualsiasi tipo di rifiuto nei nostri cassonetti senza alcun controllo; questo \u201cescamotage\u201d pu\u00f2 peggiorare ancor pi\u00f9 la qualit\u00e0 della differenziata (soprattutto nella plastica). Nell\u2019attuale situazione una simile problematica \u00e8 di difficilissima risoluzione ed \u00e8 la dimostrazione che un buon governo del territorio avrebbe optato per strumenti comprensoriali omogenei.<\/p>\n<p>Una soluzione di tipo porta a porta, invece, permette un controllo preciso di quello che ciascun utente conferisce nel momento in cui l\u2019addetto svuota il proprio bidoncino sull\u2019uscio di casa. E\u2019 proprio questo controllo serrato che permette di avere gradi di purezza molto elevati e quindi di aumentare i ricavi dalla vendita dello stesso, diminuendo i costi del servizio. Lo prova il successo ottenuto in tutti gli altri Comuni del circondario, dove la Comunit\u00e0 Montana ha avviato il porta a porta della plastica, che rappresenta il materiale pi\u00f9 frequente nelle nostre case.<\/p>\n<p>Dobbiamo capire come poter far fronte a questa pesante eredit\u00e0 di mala amministrazione. Esiste la possibilit\u00e0 concreta di abbandonare il sistema voluto dall&#8217;amministrazione Vaccari senza incorrere in sanzioni o penali, oppure possiamo solo limitarci a \u201csalvare il salvabile\u201d?<\/p>\n<p>Invitiamo l\u2019Amministrazione Comunale a fare le opportune valutazioni per rivedere completamente il sistema, tenendo presente che la grossa sfida su cui \u00e8 assolutamente indispensabile puntare \u00e8 la qualit\u00e0 della differenziata, che il metodo del porta a porta soddisfa ampiamente. Il nostro gruppo \u00e8 pronto a sostenere la Giunta in questa battaglia.<\/p>\n<p>&nbsp;<\/p>\n<p>Riccardo Sartor<\/p>\n<p>Portavoce-Consigliere Comunale<\/p>\n<p>Movimento 5 Stelle FELTRE<\/p>","protected":false},"excerpt":{"rendered":"<p>Abbiamo sempre criticato con forza il sistema voluto dalla ex-giunta Vaccari, prima con l\u2019introduzione della calotta per il secco e dopo con l\u2019acquisto di un nuovo camion e delle nuove campane colorate. La cronaca di questi giorni in relazione alla raccolta rifiuti conferma che le nostre preoccupazioni erano pi\u00f9 che fondate. Buona parte dei cittadini [&hellip;]<\/p>\n","protected":false},"author":2,"featured_media":0,"comment_status":"closed","ping_status":"open","sticky":false,"template":"","format":"standard","meta":{"footnotes":""},"categories":[5,26],"tags":[],"class_list":["post-44297","post","type-post","status-publish","format-standard","category-cronaca","category-prima-pagina"],"yoast_head":"<!-- This site is optimized with the Yoast SEO plugin v28.4 - https:\/\/yoast.com\/product\/yoast-seo-wordpress\/ -->\n<title>Il pasticcio della differenziata a Feltre * di Riccardo Sartor (5 Stelle)  - Bellunopress - Dolomiti<\/title>\n<meta name=\"robots\" content=\"index, follow, max-snippet:-1, max-image-preview:large, max-video-preview:-1\" \/>\n<link rel=\"canonical\" href=\"https:\/\/www.bellunopress.it\/fr\/2012\/11\/28\/il-pasticcio-della-differenziata-a-feltre-di-riccardo-sartor-5-stelle\/\" \/>\n<meta property=\"og:locale\" content=\"fr_FR\" \/>\n<meta property=\"og:type\" content=\"article\" \/>\n<meta property=\"og:title\" content=\"Il pasticcio della differenziata a Feltre * di Riccardo Sartor (5 Stelle)  - Bellunopress - Dolomiti\" \/>\n<meta property=\"og:description\" content=\"Abbiamo sempre criticato con forza il sistema voluto dalla ex-giunta Vaccari, prima con l\u2019introduzione della calotta per il secco e dopo con l\u2019acquisto di un nuovo camion e delle nuove campane colorate. La cronaca di questi giorni in relazione alla raccolta rifiuti conferma che le nostre preoccupazioni erano pi\u00f9 che fondate. Buona parte dei cittadini [&hellip;]\" \/>\n<meta property=\"og:url\" content=\"https:\/\/www.bellunopress.it\/fr\/2012\/11\/28\/il-pasticcio-della-differenziata-a-feltre-di-riccardo-sartor-5-stelle\/\" \/>\n<meta property=\"og:site_name\" content=\"Bellunopress - Dolomiti\" \/>\n<meta property=\"article:publisher\" content=\"https:\/\/www.facebook.com\/profile.php?id=100008943462799\" \/>\n<meta property=\"article:published_time\" content=\"2012-11-28T21:12:50+00:00\" \/>\n<meta property=\"og:image\" content=\"http:\/\/www.bellunopress.it\/wp-content\/uploads\/2012\/05\/riccardo-sartor-145x140.jpg\" \/>\n<meta name=\"author\" content=\"redazione\" \/>\n<meta name=\"twitter:card\" content=\"summary_large_image\" \/>\n<meta name=\"twitter:creator\" content=\"@bellunopress\" \/>\n<meta name=\"twitter:site\" content=\"@bellunopress\" \/>\n<meta name=\"twitter:label1\" content=\"\u00c9crit par\" \/>\n\t<meta name=\"twitter:data1\" content=\"redazione\" \/>\n\t<meta name=\"twitter:label2\" content=\"Dur\u00e9e de lecture estim\u00e9e\" \/>\n\t<meta name=\"twitter:data2\" content=\"3 minutes\" \/>\n<script type=\"application\/ld+json\" class=\"yoast-schema-graph\">{\"@context\":\"https:\\\/\\\/schema.org\",\"@graph\":[{\"@type\":\"Article\",\"@id\":\"https:\\\/\\\/www.bellunopress.it\\\/2012\\\/11\\\/28\\\/il-pasticcio-della-differenziata-a-feltre-di-riccardo-sartor-5-stelle\\\/#article\",\"isPartOf\":{\"@id\":\"https:\\\/\\\/www.bellunopress.it\\\/2012\\\/11\\\/28\\\/il-pasticcio-della-differenziata-a-feltre-di-riccardo-sartor-5-stelle\\\/\"},\"author\":{\"name\":\"redazione\",\"@id\":\"https:\\\/\\\/www.bellunopress.it\\\/#\\\/schema\\\/person\\\/79bb06722b37ece1c03d3e94beb30d73\"},\"headline\":\"Il pasticcio della differenziata a Feltre * di Riccardo Sartor (5 Stelle)\",\"datePublished\":\"2012-11-28T21:12:50+00:00\",\"mainEntityOfPage\":{\"@id\":\"https:\\\/\\\/www.bellunopress.it\\\/2012\\\/11\\\/28\\\/il-pasticcio-della-differenziata-a-feltre-di-riccardo-sartor-5-stelle\\\/\"},\"wordCount\":578,\"publisher\":{\"@id\":\"https:\\\/\\\/www.bellunopress.it\\\/#organization\"},\"image\":{\"@id\":\"https:\\\/\\\/www.bellunopress.it\\\/2012\\\/11\\\/28\\\/il-pasticcio-della-differenziata-a-feltre-di-riccardo-sartor-5-stelle\\\/#primaryimage\"},\"thumbnailUrl\":\"http:\\\/\\\/www.bellunopress.it\\\/wp-content\\\/uploads\\\/2012\\\/05\\\/riccardo-sartor-145x140.jpg\",\"articleSection\":[\"Cronaca\\\/Politica\",\"Prima Pagina\"],\"inLanguage\":\"fr-FR\"},{\"@type\":\"WebPage\",\"@id\":\"https:\\\/\\\/www.bellunopress.it\\\/2012\\\/11\\\/28\\\/il-pasticcio-della-differenziata-a-feltre-di-riccardo-sartor-5-stelle\\\/\",\"url\":\"https:\\\/\\\/www.bellunopress.it\\\/2012\\\/11\\\/28\\\/il-pasticcio-della-differenziata-a-feltre-di-riccardo-sartor-5-stelle\\\/\",\"name\":\"Il pasticcio della differenziata a Feltre * di Riccardo Sartor (5 Stelle) - Bellunopress - Dolomiti\",\"isPartOf\":{\"@id\":\"https:\\\/\\\/www.bellunopress.it\\\/#website\"},\"primaryImageOfPage\":{\"@id\":\"https:\\\/\\\/www.bellunopress.it\\\/2012\\\/11\\\/28\\\/il-pasticcio-della-differenziata-a-feltre-di-riccardo-sartor-5-stelle\\\/#primaryimage\"},\"image\":{\"@id\":\"https:\\\/\\\/www.bellunopress.it\\\/2012\\\/11\\\/28\\\/il-pasticcio-della-differenziata-a-feltre-di-riccardo-sartor-5-stelle\\\/#primaryimage\"},\"thumbnailUrl\":\"http:\\\/\\\/www.bellunopress.it\\\/wp-content\\\/uploads\\\/2012\\\/05\\\/riccardo-sartor-145x140.jpg\",\"datePublished\":\"2012-11-28T21:12:50+00:00\",\"breadcrumb\":{\"@id\":\"https:\\\/\\\/www.bellunopress.it\\\/2012\\\/11\\\/28\\\/il-pasticcio-della-differenziata-a-feltre-di-riccardo-sartor-5-stelle\\\/#breadcrumb\"},\"inLanguage\":\"fr-FR\",\"potentialAction\":[{\"@type\":\"ReadAction\",\"target\":[\"https:\\\/\\\/www.bellunopress.it\\\/2012\\\/11\\\/28\\\/il-pasticcio-della-differenziata-a-feltre-di-riccardo-sartor-5-stelle\\\/\"]}]},{\"@type\":\"ImageObject\",\"inLanguage\":\"fr-FR\",\"@id\":\"https:\\\/\\\/www.bellunopress.it\\\/2012\\\/11\\\/28\\\/il-pasticcio-della-differenziata-a-feltre-di-riccardo-sartor-5-stelle\\\/#primaryimage\",\"url\":\"http:\\\/\\\/www.bellunopress.it\\\/wp-content\\\/uploads\\\/2012\\\/05\\\/riccardo-sartor-145x140.jpg\",\"contentUrl\":\"http:\\\/\\\/www.bellunopress.it\\\/wp-content\\\/uploads\\\/2012\\\/05\\\/riccardo-sartor-145x140.jpg\"},{\"@type\":\"BreadcrumbList\",\"@id\":\"https:\\\/\\\/www.bellunopress.it\\\/2012\\\/11\\\/28\\\/il-pasticcio-della-differenziata-a-feltre-di-riccardo-sartor-5-stelle\\\/#breadcrumb\",\"itemListElement\":[{\"@type\":\"ListItem\",\"position\":1,\"name\":\"Home\",\"item\":\"https:\\\/\\\/www.bellunopress.it\\\/\"},{\"@type\":\"ListItem\",\"position\":2,\"name\":\"Il pasticcio della differenziata a Feltre * di Riccardo Sartor (5 Stelle)\"}]},{\"@type\":\"WebSite\",\"@id\":\"https:\\\/\\\/www.bellunopress.it\\\/#website\",\"url\":\"https:\\\/\\\/www.bellunopress.it\\\/\",\"name\":\"Bellunopress - Dolomiti\",\"description\":\"e-mail: redazione@bellunopress.it\",\"publisher\":{\"@id\":\"https:\\\/\\\/www.bellunopress.it\\\/#organization\"},\"potentialAction\":[{\"@type\":\"SearchAction\",\"target\":{\"@type\":\"EntryPoint\",\"urlTemplate\":\"https:\\\/\\\/www.bellunopress.it\\\/?s={search_term_string}\"},\"query-input\":{\"@type\":\"PropertyValueSpecification\",\"valueRequired\":true,\"valueName\":\"search_term_string\"}}],\"inLanguage\":\"fr-FR\"},{\"@type\":\"Organization\",\"@id\":\"https:\\\/\\\/www.bellunopress.it\\\/#organization\",\"name\":\"Bellunopress\",\"url\":\"https:\\\/\\\/www.bellunopress.it\\\/\",\"logo\":{\"@type\":\"ImageObject\",\"inLanguage\":\"fr-FR\",\"@id\":\"https:\\\/\\\/www.bellunopress.it\\\/#\\\/schema\\\/logo\\\/image\\\/\",\"url\":\"https:\\\/\\\/www.bellunopress.it\\\/wp-content\\\/uploads\\\/2011\\\/05\\\/cropped-logo-bellunopress-.jpg\",\"contentUrl\":\"https:\\\/\\\/www.bellunopress.it\\\/wp-content\\\/uploads\\\/2011\\\/05\\\/cropped-logo-bellunopress-.jpg\",\"width\":512,\"height\":512,\"caption\":\"Bellunopress\"},\"image\":{\"@id\":\"https:\\\/\\\/www.bellunopress.it\\\/#\\\/schema\\\/logo\\\/image\\\/\"},\"sameAs\":[\"https:\\\/\\\/www.facebook.com\\\/profile.php?id=100008943462799\",\"https:\\\/\\\/x.com\\\/bellunopress\",\"https:\\\/\\\/www.linkedin.com\\\/hp\\\/?dnr=JBzUWaJfMUw8vbXJJ2tVW5-I3jZKvC4wsoxE&amp;amp;amp;amp;amp;amp;trk=nav_responsive_tab_home\",\"https:\\\/\\\/www.youtube.com\\\/channel\\\/UCxL0wu1uN0_3_7hGG0306cw\"]},{\"@type\":\"Person\",\"@id\":\"https:\\\/\\\/www.bellunopress.it\\\/#\\\/schema\\\/person\\\/79bb06722b37ece1c03d3e94beb30d73\",\"name\":\"redazione\",\"image\":{\"@type\":\"ImageObject\",\"inLanguage\":\"fr-FR\",\"@id\":\"https:\\\/\\\/secure.gravatar.com\\\/avatar\\\/37d968a2e67a6fd04c169c4bdef102d0bc5d31b2546345219e348575eb80e9a0?s=96&d=mm&r=g\",\"url\":\"https:\\\/\\\/secure.gravatar.com\\\/avatar\\\/37d968a2e67a6fd04c169c4bdef102d0bc5d31b2546345219e348575eb80e9a0?s=96&d=mm&r=g\",\"contentUrl\":\"https:\\\/\\\/secure.gravatar.com\\\/avatar\\\/37d968a2e67a6fd04c169c4bdef102d0bc5d31b2546345219e348575eb80e9a0?s=96&d=mm&r=g\",\"caption\":\"redazione\"},\"sameAs\":[\"http:\\\/\\\/www.bellunopress.it\",\"https:\\\/\\\/x.com\\\/bellunopress\"],\"url\":\"https:\\\/\\\/www.bellunopress.it\\\/fr\\\/author\\\/redazione\\\/\"}]}<\/script>\n<!-- \/ Yoast SEO plugin. -->","yoast_head_json":{"title":"Il pasticcio della differenziata a Feltre * di Riccardo Sartor (5 Stelle)  - Bellunopress - Dolomiti","robots":{"index":"index","follow":"follow","max-snippet":"max-snippet:-1","max-image-preview":"max-image-preview:large","max-video-preview":"max-video-preview:-1"},"canonical":"https:\/\/www.bellunopress.it\/fr\/2012\/11\/28\/il-pasticcio-della-differenziata-a-feltre-di-riccardo-sartor-5-stelle\/","og_locale":"fr_FR","og_type":"article","og_title":"Il pasticcio della differenziata a Feltre * di Riccardo Sartor (5 Stelle)  - Bellunopress - Dolomiti","og_description":"Abbiamo sempre criticato con forza il sistema voluto dalla ex-giunta Vaccari, prima con l\u2019introduzione della calotta per il secco e dopo con l\u2019acquisto di un nuovo camion e delle nuove campane colorate. La cronaca di questi giorni in relazione alla raccolta rifiuti conferma che le nostre preoccupazioni erano pi\u00f9 che fondate. Buona parte dei cittadini [&hellip;]","og_url":"https:\/\/www.bellunopress.it\/fr\/2012\/11\/28\/il-pasticcio-della-differenziata-a-feltre-di-riccardo-sartor-5-stelle\/","og_site_name":"Bellunopress - Dolomiti","article_publisher":"https:\/\/www.facebook.com\/profile.php?id=100008943462799","article_published_time":"2012-11-28T21:12:50+00:00","og_image":[{"url":"http:\/\/www.bellunopress.it\/wp-content\/uploads\/2012\/05\/riccardo-sartor-145x140.jpg","type":"","width":"","height":""}],"author":"redazione","twitter_card":"summary_large_image","twitter_creator":"@bellunopress","twitter_site":"@bellunopress","twitter_misc":{"\u00c9crit par":"redazione","Dur\u00e9e de lecture estim\u00e9e":"3 minutes"},"schema":{"@context":"https:\/\/schema.org","@graph":[{"@type":"Article","@id":"https:\/\/www.bellunopress.it\/2012\/11\/28\/il-pasticcio-della-differenziata-a-feltre-di-riccardo-sartor-5-stelle\/#article","isPartOf":{"@id":"https:\/\/www.bellunopress.it\/2012\/11\/28\/il-pasticcio-della-differenziata-a-feltre-di-riccardo-sartor-5-stelle\/"},"author":{"name":"redazione","@id":"https:\/\/www.bellunopress.it\/#\/schema\/person\/79bb06722b37ece1c03d3e94beb30d73"},"headline":"Il pasticcio della differenziata a Feltre * di Riccardo Sartor (5 Stelle)","datePublished":"2012-11-28T21:12:50+00:00","mainEntityOfPage":{"@id":"https:\/\/www.bellunopress.it\/2012\/11\/28\/il-pasticcio-della-differenziata-a-feltre-di-riccardo-sartor-5-stelle\/"},"wordCount":578,"publisher":{"@id":"https:\/\/www.bellunopress.it\/#organization"},"image":{"@id":"https:\/\/www.bellunopress.it\/2012\/11\/28\/il-pasticcio-della-differenziata-a-feltre-di-riccardo-sartor-5-stelle\/#primaryimage"},"thumbnailUrl":"http:\/\/www.bellunopress.it\/wp-content\/uploads\/2012\/05\/riccardo-sartor-145x140.jpg","articleSection":["Cronaca\/Politica","Prima Pagina"],"inLanguage":"fr-FR"},{"@type":"WebPage","@id":"https:\/\/www.bellunopress.it\/2012\/11\/28\/il-pasticcio-della-differenziata-a-feltre-di-riccardo-sartor-5-stelle\/","url":"https:\/\/www.bellunopress.it\/2012\/11\/28\/il-pasticcio-della-differenziata-a-feltre-di-riccardo-sartor-5-stelle\/","name":"Il pasticcio della differenziata a Feltre * di Riccardo Sartor (5 Stelle) - Bellunopress - Dolomiti","isPartOf":{"@id":"https:\/\/www.bellunopress.it\/#website"},"primaryImageOfPage":{"@id":"https:\/\/www.bellunopress.it\/2012\/11\/28\/il-pasticcio-della-differenziata-a-feltre-di-riccardo-sartor-5-stelle\/#primaryimage"},"image":{"@id":"https:\/\/www.bellunopress.it\/2012\/11\/28\/il-pasticcio-della-differenziata-a-feltre-di-riccardo-sartor-5-stelle\/#primaryimage"},"thumbnailUrl":"http:\/\/www.bellunopress.it\/wp-content\/uploads\/2012\/05\/riccardo-sartor-145x140.jpg","datePublished":"2012-11-28T21:12:50+00:00","breadcrumb":{"@id":"https:\/\/www.bellunopress.it\/2012\/11\/28\/il-pasticcio-della-differenziata-a-feltre-di-riccardo-sartor-5-stelle\/#breadcrumb"},"inLanguage":"fr-FR","potentialAction":[{"@type":"ReadAction","target":["https:\/\/www.bellunopress.it\/2012\/11\/28\/il-pasticcio-della-differenziata-a-feltre-di-riccardo-sartor-5-stelle\/"]}]},{"@type":"ImageObject","inLanguage":"fr-FR","@id":"https:\/\/www.bellunopress.it\/2012\/11\/28\/il-pasticcio-della-differenziata-a-feltre-di-riccardo-sartor-5-stelle\/#primaryimage","url":"http:\/\/www.bellunopress.it\/wp-content\/uploads\/2012\/05\/riccardo-sartor-145x140.jpg","contentUrl":"http:\/\/www.bellunopress.it\/wp-content\/uploads\/2012\/05\/riccardo-sartor-145x140.jpg"},{"@type":"BreadcrumbList","@id":"https:\/\/www.bellunopress.it\/2012\/11\/28\/il-pasticcio-della-differenziata-a-feltre-di-riccardo-sartor-5-stelle\/#breadcrumb","itemListElement":[{"@type":"ListItem","position":1,"name":"Home","item":"https:\/\/www.bellunopress.it\/"},{"@type":"ListItem","position":2,"name":"Il pasticcio della differenziata a Feltre * di Riccardo Sartor (5 Stelle)"}]},{"@type":"WebSite","@id":"https:\/\/www.bellunopress.it\/#website","url":"https:\/\/www.bellunopress.it\/","name":"Bellunopress - Dolomiti","description":"e-mail: redazione@bellunopress.it","publisher":{"@id":"https:\/\/www.bellunopress.it\/#organization"},"potentialAction":[{"@type":"SearchAction","target":{"@type":"EntryPoint","urlTemplate":"https:\/\/www.bellunopress.it\/?s={search_term_string}"},"query-input":{"@type":"PropertyValueSpecification","valueRequired":true,"valueName":"search_term_string"}}],"inLanguage":"fr-FR"},{"@type":"Organization","@id":"https:\/\/www.bellunopress.it\/#organization","name":"Bellunopress","url":"https:\/\/www.bellunopress.it\/","logo":{"@type":"ImageObject","inLanguage":"fr-FR","@id":"https:\/\/www.bellunopress.it\/#\/schema\/logo\/image\/","url":"https:\/\/www.bellunopress.it\/wp-content\/uploads\/2011\/05\/cropped-logo-bellunopress-.jpg","contentUrl":"https:\/\/www.bellunopress.it\/wp-content\/uploads\/2011\/05\/cropped-logo-bellunopress-.jpg","width":512,"height":512,"caption":"Bellunopress"},"image":{"@id":"https:\/\/www.bellunopress.it\/#\/schema\/logo\/image\/"},"sameAs":["https:\/\/www.facebook.com\/profile.php?id=100008943462799","https:\/\/x.com\/bellunopress","https:\/\/www.linkedin.com\/hp\/?dnr=JBzUWaJfMUw8vbXJJ2tVW5-I3jZKvC4wsoxE&amp;amp;amp;amp;amp;amp;trk=nav_responsive_tab_home","https:\/\/www.youtube.com\/channel\/UCxL0wu1uN0_3_7hGG0306cw"]},{"@type":"Person","@id":"https:\/\/www.bellunopress.it\/#\/schema\/person\/79bb06722b37ece1c03d3e94beb30d73","name":"r\u00e9daction","image":{"@type":"ImageObject","inLanguage":"fr-FR","@id":"https:\/\/secure.gravatar.com\/avatar\/37d968a2e67a6fd04c169c4bdef102d0bc5d31b2546345219e348575eb80e9a0?s=96&d=mm&r=g","url":"https:\/\/secure.gravatar.com\/avatar\/37d968a2e67a6fd04c169c4bdef102d0bc5d31b2546345219e348575eb80e9a0?s=96&d=mm&r=g","contentUrl":"https:\/\/secure.gravatar.com\/avatar\/37d968a2e67a6fd04c169c4bdef102d0bc5d31b2546345219e348575eb80e9a0?s=96&d=mm&r=g","caption":"redazione"},"sameAs":["http:\/\/www.bellunopress.it","https:\/\/x.com\/bellunopress"],"url":"https:\/\/www.bellunopress.it\/fr\/author\/redazione\/"}]}},"_links":{"self":[{"href":"https:\/\/www.bellunopress.it\/fr\/wp-json\/wp\/v2\/posts\/44297","targetHints":{"allow":["GET"]}}],"collection":[{"href":"https:\/\/www.bellunopress.it\/fr\/wp-json\/wp\/v2\/posts"}],"about":[{"href":"https:\/\/www.bellunopress.it\/fr\/wp-json\/wp\/v2\/types\/post"}],"author":[{"embeddable":true,"href":"https:\/\/www.bellunopress.it\/fr\/wp-json\/wp\/v2\/users\/2"}],"replies":[{"embeddable":true,"href":"https:\/\/www.bellunopress.it\/fr\/wp-json\/wp\/v2\/comments?post=44297"}],"version-history":[{"count":1,"href":"https:\/\/www.bellunopress.it\/fr\/wp-json\/wp\/v2\/posts\/44297\/revisions"}],"predecessor-version":[{"id":44298,"href":"https:\/\/www.bellunopress.it\/fr\/wp-json\/wp\/v2\/posts\/44297\/revisions\/44298"}],"wp:attachment":[{"href":"https:\/\/www.bellunopress.it\/fr\/wp-json\/wp\/v2\/media?parent=44297"}],"wp:term":[{"taxonomy":"category","embeddable":true,"href":"https:\/\/www.bellunopress.it\/fr\/wp-json\/wp\/v2\/categories?post=44297"},{"taxonomy":"post_tag","embeddable":true,"href":"https:\/\/www.bellunopress.it\/fr\/wp-json\/wp\/v2\/tags?post=44297"}],"curies":[{"name":"wp","href":"https:\/\/api.w.org\/{rel}","templated":true}]}}