{"id":44288,"date":"2012-11-28T18:09:29","date_gmt":"2012-11-28T17:09:29","guid":{"rendered":"http:\/\/www.bellunopress.it\/?p=44288"},"modified":"2012-11-28T18:09:29","modified_gmt":"2012-11-28T17:09:29","slug":"colonizzati-e-coglionizzati-di-massimo-vidori-pab","status":"publish","type":"post","link":"https:\/\/www.bellunopress.it\/fr\/2012\/11\/28\/colonizzati-e-coglionizzati-di-massimo-vidori-pab\/","title":{"rendered":"Colonizzati e &#8220;coglionizzati&#8221; * di Massimo Vidori (Pab)"},"content":{"rendered":"<figure id=\"attachment_36309\" aria-describedby=\"caption-attachment-36309\" style=\"width: 118px\" class=\"wp-caption alignleft\"><a href=\"http:\/\/www.bellunopress.it\/wp-content\/uploads\/2012\/03\/massimo-vidori.jpg\"><img loading=\"lazy\" decoding=\"async\" class=\"size-full wp-image-36309\" title=\"massimo vidori\" src=\"http:\/\/www.bellunopress.it\/wp-content\/uploads\/2012\/03\/massimo-vidori.jpg\" alt=\"\" width=\"118\" height=\"150\" \/><\/a><figcaption id=\"caption-attachment-36309\" class=\"wp-caption-text\">Massimo Vidori<\/figcaption><\/figure>\n<p>Nasce da un divertente lapsus di un convenuto un\u2019amara considerazione\u2026 e nel contempo, un\u2019ulteriore spinta motivazionale.<\/p>\n<p>Con riferimento alle radici storiche, alle motivazioni sociali, al bilancio fra il dato e l\u2019avuto, alle considerazioni di natura fiscale si voleva sottolineare come quella italiana non fu un\u2019annessione, ma dopo 150 anni la si possa considerare una colonizzazione.<\/p>\n<p>Un po\u2019 la foga, un po\u2019 il microfono, un po\u2019 il sub-conscio\u2026 e ne \u00e8 uscito un simpatico \u201ccoglionizzati\u201d.<\/p>\n<p>Simpatico per qualche secondo, ma poi, quando il conscio ed i relatori hanno preso la scena, ne \u00e8 emersa una triste consapevolezza. E\u2019 proprio cos\u00ec: noi Veneti siamo colonizzati da un secolo e mezzo, ma dal qualche anno alla nostra situazione \u00e8 andata clamorosamente verso il \u201cgli\u201d.<\/p>\n<p>Dal 1978 le norme internazionali, ratificate anche dall\u2019Itaglia (ora mi spiego anche il profetico storico errore dei nostri avi bellunesi al fronte!!), riconoscono il diritto all\u2019auto-determinazione dei popoli .<\/p>\n<p>Non utilizzarle significa, non solo legittimare il neologismo coglionizzare, ma anche passare da soggetti passivi ad artefici della nostra definizione!!<\/p>\n<p>&nbsp;<\/p>","protected":false},"excerpt":{"rendered":"<p>Nasce da un divertente lapsus di un convenuto un\u2019amara considerazione\u2026 e nel contempo, un\u2019ulteriore spinta motivazionale. Con riferimento alle radici storiche, alle motivazioni sociali, al bilancio fra il dato e l\u2019avuto, alle considerazioni di natura fiscale si voleva sottolineare come quella italiana non fu un\u2019annessione, ma dopo 150 anni la si possa considerare una colonizzazione. [&hellip;]<\/p>\n","protected":false},"author":2,"featured_media":0,"comment_status":"closed","ping_status":"open","sticky":false,"template":"","format":"standard","meta":{"footnotes":""},"categories":[1,26],"tags":[],"class_list":["post-44288","post","type-post","status-publish","format-standard","category-leo","category-prima-pagina"],"yoast_head":"<!-- This site is optimized with the Yoast SEO plugin v28.4 - https:\/\/yoast.com\/product\/yoast-seo-wordpress\/ -->\n<title>Colonizzati e &quot;coglionizzati&quot; * di Massimo Vidori (Pab) - Bellunopress - Dolomiti<\/title>\n<meta name=\"robots\" content=\"index, follow, max-snippet:-1, max-image-preview:large, max-video-preview:-1\" \/>\n<link rel=\"canonical\" href=\"https:\/\/www.bellunopress.it\/fr\/2012\/11\/28\/colonizzati-e-coglionizzati-di-massimo-vidori-pab\/\" \/>\n<meta property=\"og:locale\" content=\"fr_FR\" \/>\n<meta property=\"og:type\" content=\"article\" \/>\n<meta property=\"og:title\" content=\"Colonizzati e &quot;coglionizzati&quot; * di Massimo Vidori (Pab) - Bellunopress - Dolomiti\" \/>\n<meta property=\"og:description\" content=\"Nasce da un divertente lapsus di un convenuto un\u2019amara considerazione\u2026 e nel contempo, un\u2019ulteriore spinta motivazionale. Con riferimento alle radici storiche, alle motivazioni sociali, al bilancio fra il dato e l\u2019avuto, alle considerazioni di natura fiscale si voleva sottolineare come quella italiana non fu un\u2019annessione, ma dopo 150 anni la si possa considerare una colonizzazione. [&hellip;]\" \/>\n<meta property=\"og:url\" content=\"https:\/\/www.bellunopress.it\/fr\/2012\/11\/28\/colonizzati-e-coglionizzati-di-massimo-vidori-pab\/\" \/>\n<meta property=\"og:site_name\" content=\"Bellunopress - Dolomiti\" \/>\n<meta property=\"article:publisher\" content=\"https:\/\/www.facebook.com\/profile.php?id=100008943462799\" \/>\n<meta property=\"article:published_time\" content=\"2012-11-28T17:09:29+00:00\" \/>\n<meta property=\"og:image\" content=\"http:\/\/www.bellunopress.it\/wp-content\/uploads\/2012\/03\/massimo-vidori.jpg\" \/>\n<meta name=\"author\" content=\"redazione\" \/>\n<meta name=\"twitter:card\" content=\"summary_large_image\" \/>\n<meta name=\"twitter:creator\" content=\"@bellunopress\" \/>\n<meta name=\"twitter:site\" content=\"@bellunopress\" \/>\n<meta name=\"twitter:label1\" content=\"\u00c9crit par\" \/>\n\t<meta name=\"twitter:data1\" content=\"redazione\" \/>\n\t<meta name=\"twitter:label2\" content=\"Dur\u00e9e de lecture estim\u00e9e\" \/>\n\t<meta name=\"twitter:data2\" content=\"1 minute\" \/>\n<script type=\"application\/ld+json\" class=\"yoast-schema-graph\">{\"@context\":\"https:\\\/\\\/schema.org\",\"@graph\":[{\"@type\":\"Article\",\"@id\":\"https:\\\/\\\/www.bellunopress.it\\\/2012\\\/11\\\/28\\\/colonizzati-e-coglionizzati-di-massimo-vidori-pab\\\/#article\",\"isPartOf\":{\"@id\":\"https:\\\/\\\/www.bellunopress.it\\\/2012\\\/11\\\/28\\\/colonizzati-e-coglionizzati-di-massimo-vidori-pab\\\/\"},\"author\":{\"name\":\"redazione\",\"@id\":\"https:\\\/\\\/www.bellunopress.it\\\/#\\\/schema\\\/person\\\/79bb06722b37ece1c03d3e94beb30d73\"},\"headline\":\"Colonizzati e &#8220;coglionizzati&#8221; * di Massimo Vidori (Pab)\",\"datePublished\":\"2012-11-28T17:09:29+00:00\",\"mainEntityOfPage\":{\"@id\":\"https:\\\/\\\/www.bellunopress.it\\\/2012\\\/11\\\/28\\\/colonizzati-e-coglionizzati-di-massimo-vidori-pab\\\/\"},\"wordCount\":187,\"publisher\":{\"@id\":\"https:\\\/\\\/www.bellunopress.it\\\/#organization\"},\"image\":{\"@id\":\"https:\\\/\\\/www.bellunopress.it\\\/2012\\\/11\\\/28\\\/colonizzati-e-coglionizzati-di-massimo-vidori-pab\\\/#primaryimage\"},\"thumbnailUrl\":\"http:\\\/\\\/www.bellunopress.it\\\/wp-content\\\/uploads\\\/2012\\\/03\\\/massimo-vidori.jpg\",\"articleSection\":[\"Lettere Opinioni\",\"Prima Pagina\"],\"inLanguage\":\"fr-FR\"},{\"@type\":\"WebPage\",\"@id\":\"https:\\\/\\\/www.bellunopress.it\\\/2012\\\/11\\\/28\\\/colonizzati-e-coglionizzati-di-massimo-vidori-pab\\\/\",\"url\":\"https:\\\/\\\/www.bellunopress.it\\\/2012\\\/11\\\/28\\\/colonizzati-e-coglionizzati-di-massimo-vidori-pab\\\/\",\"name\":\"Colonizzati e \\\"coglionizzati\\\" * di Massimo Vidori (Pab) - Bellunopress - Dolomiti\",\"isPartOf\":{\"@id\":\"https:\\\/\\\/www.bellunopress.it\\\/#website\"},\"primaryImageOfPage\":{\"@id\":\"https:\\\/\\\/www.bellunopress.it\\\/2012\\\/11\\\/28\\\/colonizzati-e-coglionizzati-di-massimo-vidori-pab\\\/#primaryimage\"},\"image\":{\"@id\":\"https:\\\/\\\/www.bellunopress.it\\\/2012\\\/11\\\/28\\\/colonizzati-e-coglionizzati-di-massimo-vidori-pab\\\/#primaryimage\"},\"thumbnailUrl\":\"http:\\\/\\\/www.bellunopress.it\\\/wp-content\\\/uploads\\\/2012\\\/03\\\/massimo-vidori.jpg\",\"datePublished\":\"2012-11-28T17:09:29+00:00\",\"breadcrumb\":{\"@id\":\"https:\\\/\\\/www.bellunopress.it\\\/2012\\\/11\\\/28\\\/colonizzati-e-coglionizzati-di-massimo-vidori-pab\\\/#breadcrumb\"},\"inLanguage\":\"fr-FR\",\"potentialAction\":[{\"@type\":\"ReadAction\",\"target\":[\"https:\\\/\\\/www.bellunopress.it\\\/2012\\\/11\\\/28\\\/colonizzati-e-coglionizzati-di-massimo-vidori-pab\\\/\"]}]},{\"@type\":\"ImageObject\",\"inLanguage\":\"fr-FR\",\"@id\":\"https:\\\/\\\/www.bellunopress.it\\\/2012\\\/11\\\/28\\\/colonizzati-e-coglionizzati-di-massimo-vidori-pab\\\/#primaryimage\",\"url\":\"http:\\\/\\\/www.bellunopress.it\\\/wp-content\\\/uploads\\\/2012\\\/03\\\/massimo-vidori.jpg\",\"contentUrl\":\"http:\\\/\\\/www.bellunopress.it\\\/wp-content\\\/uploads\\\/2012\\\/03\\\/massimo-vidori.jpg\"},{\"@type\":\"BreadcrumbList\",\"@id\":\"https:\\\/\\\/www.bellunopress.it\\\/2012\\\/11\\\/28\\\/colonizzati-e-coglionizzati-di-massimo-vidori-pab\\\/#breadcrumb\",\"itemListElement\":[{\"@type\":\"ListItem\",\"position\":1,\"name\":\"Home\",\"item\":\"https:\\\/\\\/www.bellunopress.it\\\/\"},{\"@type\":\"ListItem\",\"position\":2,\"name\":\"Colonizzati e &#8220;coglionizzati&#8221; * di Massimo Vidori (Pab)\"}]},{\"@type\":\"WebSite\",\"@id\":\"https:\\\/\\\/www.bellunopress.it\\\/#website\",\"url\":\"https:\\\/\\\/www.bellunopress.it\\\/\",\"name\":\"Bellunopress - Dolomiti\",\"description\":\"e-mail: redazione@bellunopress.it\",\"publisher\":{\"@id\":\"https:\\\/\\\/www.bellunopress.it\\\/#organization\"},\"potentialAction\":[{\"@type\":\"SearchAction\",\"target\":{\"@type\":\"EntryPoint\",\"urlTemplate\":\"https:\\\/\\\/www.bellunopress.it\\\/?s={search_term_string}\"},\"query-input\":{\"@type\":\"PropertyValueSpecification\",\"valueRequired\":true,\"valueName\":\"search_term_string\"}}],\"inLanguage\":\"fr-FR\"},{\"@type\":\"Organization\",\"@id\":\"https:\\\/\\\/www.bellunopress.it\\\/#organization\",\"name\":\"Bellunopress\",\"url\":\"https:\\\/\\\/www.bellunopress.it\\\/\",\"logo\":{\"@type\":\"ImageObject\",\"inLanguage\":\"fr-FR\",\"@id\":\"https:\\\/\\\/www.bellunopress.it\\\/#\\\/schema\\\/logo\\\/image\\\/\",\"url\":\"https:\\\/\\\/www.bellunopress.it\\\/wp-content\\\/uploads\\\/2011\\\/05\\\/cropped-logo-bellunopress-.jpg\",\"contentUrl\":\"https:\\\/\\\/www.bellunopress.it\\\/wp-content\\\/uploads\\\/2011\\\/05\\\/cropped-logo-bellunopress-.jpg\",\"width\":512,\"height\":512,\"caption\":\"Bellunopress\"},\"image\":{\"@id\":\"https:\\\/\\\/www.bellunopress.it\\\/#\\\/schema\\\/logo\\\/image\\\/\"},\"sameAs\":[\"https:\\\/\\\/www.facebook.com\\\/profile.php?id=100008943462799\",\"https:\\\/\\\/x.com\\\/bellunopress\",\"https:\\\/\\\/www.linkedin.com\\\/hp\\\/?dnr=JBzUWaJfMUw8vbXJJ2tVW5-I3jZKvC4wsoxE&amp;amp;amp;amp;amp;amp;trk=nav_responsive_tab_home\",\"https:\\\/\\\/www.youtube.com\\\/channel\\\/UCxL0wu1uN0_3_7hGG0306cw\"]},{\"@type\":\"Person\",\"@id\":\"https:\\\/\\\/www.bellunopress.it\\\/#\\\/schema\\\/person\\\/79bb06722b37ece1c03d3e94beb30d73\",\"name\":\"redazione\",\"image\":{\"@type\":\"ImageObject\",\"inLanguage\":\"fr-FR\",\"@id\":\"https:\\\/\\\/secure.gravatar.com\\\/avatar\\\/37d968a2e67a6fd04c169c4bdef102d0bc5d31b2546345219e348575eb80e9a0?s=96&d=mm&r=g\",\"url\":\"https:\\\/\\\/secure.gravatar.com\\\/avatar\\\/37d968a2e67a6fd04c169c4bdef102d0bc5d31b2546345219e348575eb80e9a0?s=96&d=mm&r=g\",\"contentUrl\":\"https:\\\/\\\/secure.gravatar.com\\\/avatar\\\/37d968a2e67a6fd04c169c4bdef102d0bc5d31b2546345219e348575eb80e9a0?s=96&d=mm&r=g\",\"caption\":\"redazione\"},\"sameAs\":[\"http:\\\/\\\/www.bellunopress.it\",\"https:\\\/\\\/x.com\\\/bellunopress\"],\"url\":\"https:\\\/\\\/www.bellunopress.it\\\/fr\\\/author\\\/redazione\\\/\"}]}<\/script>\n<!-- \/ Yoast SEO plugin. -->","yoast_head_json":{"title":"Colonizzati e \"coglionizzati\" * di Massimo Vidori (Pab) - Bellunopress - Dolomiti","robots":{"index":"index","follow":"follow","max-snippet":"max-snippet:-1","max-image-preview":"max-image-preview:large","max-video-preview":"max-video-preview:-1"},"canonical":"https:\/\/www.bellunopress.it\/fr\/2012\/11\/28\/colonizzati-e-coglionizzati-di-massimo-vidori-pab\/","og_locale":"fr_FR","og_type":"article","og_title":"Colonizzati e \"coglionizzati\" * di Massimo Vidori (Pab) - Bellunopress - Dolomiti","og_description":"Nasce da un divertente lapsus di un convenuto un\u2019amara considerazione\u2026 e nel contempo, un\u2019ulteriore spinta motivazionale. Con riferimento alle radici storiche, alle motivazioni sociali, al bilancio fra il dato e l\u2019avuto, alle considerazioni di natura fiscale si voleva sottolineare come quella italiana non fu un\u2019annessione, ma dopo 150 anni la si possa considerare una colonizzazione. [&hellip;]","og_url":"https:\/\/www.bellunopress.it\/fr\/2012\/11\/28\/colonizzati-e-coglionizzati-di-massimo-vidori-pab\/","og_site_name":"Bellunopress - Dolomiti","article_publisher":"https:\/\/www.facebook.com\/profile.php?id=100008943462799","article_published_time":"2012-11-28T17:09:29+00:00","og_image":[{"url":"http:\/\/www.bellunopress.it\/wp-content\/uploads\/2012\/03\/massimo-vidori.jpg","type":"","width":"","height":""}],"author":"redazione","twitter_card":"summary_large_image","twitter_creator":"@bellunopress","twitter_site":"@bellunopress","twitter_misc":{"\u00c9crit par":"redazione","Dur\u00e9e de lecture estim\u00e9e":"1 minute"},"schema":{"@context":"https:\/\/schema.org","@graph":[{"@type":"Article","@id":"https:\/\/www.bellunopress.it\/2012\/11\/28\/colonizzati-e-coglionizzati-di-massimo-vidori-pab\/#article","isPartOf":{"@id":"https:\/\/www.bellunopress.it\/2012\/11\/28\/colonizzati-e-coglionizzati-di-massimo-vidori-pab\/"},"author":{"name":"redazione","@id":"https:\/\/www.bellunopress.it\/#\/schema\/person\/79bb06722b37ece1c03d3e94beb30d73"},"headline":"Colonizzati e &#8220;coglionizzati&#8221; * di Massimo Vidori (Pab)","datePublished":"2012-11-28T17:09:29+00:00","mainEntityOfPage":{"@id":"https:\/\/www.bellunopress.it\/2012\/11\/28\/colonizzati-e-coglionizzati-di-massimo-vidori-pab\/"},"wordCount":187,"publisher":{"@id":"https:\/\/www.bellunopress.it\/#organization"},"image":{"@id":"https:\/\/www.bellunopress.it\/2012\/11\/28\/colonizzati-e-coglionizzati-di-massimo-vidori-pab\/#primaryimage"},"thumbnailUrl":"http:\/\/www.bellunopress.it\/wp-content\/uploads\/2012\/03\/massimo-vidori.jpg","articleSection":["Lettere Opinioni","Prima Pagina"],"inLanguage":"fr-FR"},{"@type":"WebPage","@id":"https:\/\/www.bellunopress.it\/2012\/11\/28\/colonizzati-e-coglionizzati-di-massimo-vidori-pab\/","url":"https:\/\/www.bellunopress.it\/2012\/11\/28\/colonizzati-e-coglionizzati-di-massimo-vidori-pab\/","name":"Colonizzati e \"coglionizzati\" * di Massimo Vidori (Pab) - Bellunopress - Dolomiti","isPartOf":{"@id":"https:\/\/www.bellunopress.it\/#website"},"primaryImageOfPage":{"@id":"https:\/\/www.bellunopress.it\/2012\/11\/28\/colonizzati-e-coglionizzati-di-massimo-vidori-pab\/#primaryimage"},"image":{"@id":"https:\/\/www.bellunopress.it\/2012\/11\/28\/colonizzati-e-coglionizzati-di-massimo-vidori-pab\/#primaryimage"},"thumbnailUrl":"http:\/\/www.bellunopress.it\/wp-content\/uploads\/2012\/03\/massimo-vidori.jpg","datePublished":"2012-11-28T17:09:29+00:00","breadcrumb":{"@id":"https:\/\/www.bellunopress.it\/2012\/11\/28\/colonizzati-e-coglionizzati-di-massimo-vidori-pab\/#breadcrumb"},"inLanguage":"fr-FR","potentialAction":[{"@type":"ReadAction","target":["https:\/\/www.bellunopress.it\/2012\/11\/28\/colonizzati-e-coglionizzati-di-massimo-vidori-pab\/"]}]},{"@type":"ImageObject","inLanguage":"fr-FR","@id":"https:\/\/www.bellunopress.it\/2012\/11\/28\/colonizzati-e-coglionizzati-di-massimo-vidori-pab\/#primaryimage","url":"http:\/\/www.bellunopress.it\/wp-content\/uploads\/2012\/03\/massimo-vidori.jpg","contentUrl":"http:\/\/www.bellunopress.it\/wp-content\/uploads\/2012\/03\/massimo-vidori.jpg"},{"@type":"BreadcrumbList","@id":"https:\/\/www.bellunopress.it\/2012\/11\/28\/colonizzati-e-coglionizzati-di-massimo-vidori-pab\/#breadcrumb","itemListElement":[{"@type":"ListItem","position":1,"name":"Home","item":"https:\/\/www.bellunopress.it\/"},{"@type":"ListItem","position":2,"name":"Colonizzati e &#8220;coglionizzati&#8221; * di Massimo Vidori (Pab)"}]},{"@type":"WebSite","@id":"https:\/\/www.bellunopress.it\/#website","url":"https:\/\/www.bellunopress.it\/","name":"Bellunopress - Dolomiti","description":"e-mail: redazione@bellunopress.it","publisher":{"@id":"https:\/\/www.bellunopress.it\/#organization"},"potentialAction":[{"@type":"SearchAction","target":{"@type":"EntryPoint","urlTemplate":"https:\/\/www.bellunopress.it\/?s={search_term_string}"},"query-input":{"@type":"PropertyValueSpecification","valueRequired":true,"valueName":"search_term_string"}}],"inLanguage":"fr-FR"},{"@type":"Organization","@id":"https:\/\/www.bellunopress.it\/#organization","name":"Bellunopress","url":"https:\/\/www.bellunopress.it\/","logo":{"@type":"ImageObject","inLanguage":"fr-FR","@id":"https:\/\/www.bellunopress.it\/#\/schema\/logo\/image\/","url":"https:\/\/www.bellunopress.it\/wp-content\/uploads\/2011\/05\/cropped-logo-bellunopress-.jpg","contentUrl":"https:\/\/www.bellunopress.it\/wp-content\/uploads\/2011\/05\/cropped-logo-bellunopress-.jpg","width":512,"height":512,"caption":"Bellunopress"},"image":{"@id":"https:\/\/www.bellunopress.it\/#\/schema\/logo\/image\/"},"sameAs":["https:\/\/www.facebook.com\/profile.php?id=100008943462799","https:\/\/x.com\/bellunopress","https:\/\/www.linkedin.com\/hp\/?dnr=JBzUWaJfMUw8vbXJJ2tVW5-I3jZKvC4wsoxE&amp;amp;amp;amp;amp;amp;trk=nav_responsive_tab_home","https:\/\/www.youtube.com\/channel\/UCxL0wu1uN0_3_7hGG0306cw"]},{"@type":"Person","@id":"https:\/\/www.bellunopress.it\/#\/schema\/person\/79bb06722b37ece1c03d3e94beb30d73","name":"r\u00e9daction","image":{"@type":"ImageObject","inLanguage":"fr-FR","@id":"https:\/\/secure.gravatar.com\/avatar\/37d968a2e67a6fd04c169c4bdef102d0bc5d31b2546345219e348575eb80e9a0?s=96&d=mm&r=g","url":"https:\/\/secure.gravatar.com\/avatar\/37d968a2e67a6fd04c169c4bdef102d0bc5d31b2546345219e348575eb80e9a0?s=96&d=mm&r=g","contentUrl":"https:\/\/secure.gravatar.com\/avatar\/37d968a2e67a6fd04c169c4bdef102d0bc5d31b2546345219e348575eb80e9a0?s=96&d=mm&r=g","caption":"redazione"},"sameAs":["http:\/\/www.bellunopress.it","https:\/\/x.com\/bellunopress"],"url":"https:\/\/www.bellunopress.it\/fr\/author\/redazione\/"}]}},"_links":{"self":[{"href":"https:\/\/www.bellunopress.it\/fr\/wp-json\/wp\/v2\/posts\/44288","targetHints":{"allow":["GET"]}}],"collection":[{"href":"https:\/\/www.bellunopress.it\/fr\/wp-json\/wp\/v2\/posts"}],"about":[{"href":"https:\/\/www.bellunopress.it\/fr\/wp-json\/wp\/v2\/types\/post"}],"author":[{"embeddable":true,"href":"https:\/\/www.bellunopress.it\/fr\/wp-json\/wp\/v2\/users\/2"}],"replies":[{"embeddable":true,"href":"https:\/\/www.bellunopress.it\/fr\/wp-json\/wp\/v2\/comments?post=44288"}],"version-history":[{"count":1,"href":"https:\/\/www.bellunopress.it\/fr\/wp-json\/wp\/v2\/posts\/44288\/revisions"}],"predecessor-version":[{"id":44289,"href":"https:\/\/www.bellunopress.it\/fr\/wp-json\/wp\/v2\/posts\/44288\/revisions\/44289"}],"wp:attachment":[{"href":"https:\/\/www.bellunopress.it\/fr\/wp-json\/wp\/v2\/media?parent=44288"}],"wp:term":[{"taxonomy":"category","embeddable":true,"href":"https:\/\/www.bellunopress.it\/fr\/wp-json\/wp\/v2\/categories?post=44288"},{"taxonomy":"post_tag","embeddable":true,"href":"https:\/\/www.bellunopress.it\/fr\/wp-json\/wp\/v2\/tags?post=44288"}],"curies":[{"name":"wp","href":"https:\/\/api.w.org\/{rel}","templated":true}]}}