{"id":44283,"date":"2012-11-28T17:25:56","date_gmt":"2012-11-28T16:25:56","guid":{"rendered":"http:\/\/www.bellunopress.it\/?p=44283"},"modified":"2012-11-28T17:26:42","modified_gmt":"2012-11-28T16:26:42","slug":"mozione-referendum-indipendenza-elena-donazzan-pdl-non-andro-a-votare-seduta-inutile-e-dannosa","status":"publish","type":"post","link":"https:\/\/www.bellunopress.it\/fr\/2012\/11\/28\/mozione-referendum-indipendenza-elena-donazzan-pdl-non-andro-a-votare-seduta-inutile-e-dannosa\/","title":{"rendered":"Mozione referendum indipendenza. Elena Donazzan (Pdl) &#8220;Non andr\u00f2 a votare, seduta inutile e dannosa&#8221;"},"content":{"rendered":"<figure id=\"attachment_18763\" aria-describedby=\"caption-attachment-18763\" style=\"width: 191px\" class=\"wp-caption alignleft\"><a href=\"http:\/\/www.bellunopress.it\/wp-content\/uploads\/2010\/09\/elena-donazzan-270x190.jpg\"><img loading=\"lazy\" decoding=\"async\" class=\"size-full wp-image-18763\" title=\"elena-donazzan-270x190\" src=\"http:\/\/www.bellunopress.it\/wp-content\/uploads\/2010\/09\/elena-donazzan-270x190.jpg\" alt=\"\" width=\"191\" height=\"270\" \/><\/a><figcaption id=\"caption-attachment-18763\" class=\"wp-caption-text\">Elena Donazzan<\/figcaption><\/figure>\n<p>Elena Donazzan, assessore regionale del Veneto all\u2019Istruzione, Formazione e Lavoro, interviene in merito al consiglio regionale straordinario sull\u2019indipendenza del Veneto, che si terr\u00e0 oggi a Palazzo Ferro Fini a Venezia, nel corso del quale verr\u00e0 discussa una mozione che chiede di indire un referendum perch\u00e9 il Veneto si stacchi dall\u2019Italia.<\/p>\n<p>\u201cNon andr\u00f2 a votare oggi, non dar\u00f2 giustificazioni di aula perch\u00e9 ritengo questa seduta di Consiglio Regionale inutile, dannosa per le tasche della pubblica amministrazione e quindi dei Veneti e soprattutto strumentale. Serve a dire che siamo impotenti o forse incapaci di affrontare le emergenze del Veneto e dei veneti. Assisteremo nuovamente alle grida scomposte da propaganda elettorale, che non hanno portato a nulla fino ad oggi se non ad aumentare la rabbia nei nostri concittadini. Mi sono candidata in una coalizione che aveva fatto proprio lo slogan dell&#8217;allora candidato a Presidente del Veneto e che diceva : prima i veneti. Lo condivido al punto tale che le mie azioni amministrative, i miei atti politici devono avere questa linea di coerenza. Per questo i veneti ci hanno votato, assieme alle cose che avevamo detto di fare, mi chiedo perch\u00e9 chi vince le elezioni non ha la responsabilit\u00e0 di rispondere, non tanto delle proprie sensibilit\u00e0 personali e politiche, ma degli impegni che si assume con il programma elettorale. Quello \u00e8 il patto con i veneti che abbiamo stipulato e non era scritto da nessuna parte che avremmo perseguito la separazione del Veneto dall&#8217;Italia. Io certamente non condivido questa posizione n\u00e9 sotto l&#8217;aspetto economico, n\u00e9 sotto quello culturale. Credo al contrario che si debbano cambiare le regole istituzionali perch\u00e9 questo Stato cos\u00ec come \u00e8 non funziona, va cambiata la classe politica (che comunque in qualche cosa muta&#8230;) e quella burocratica (che non cambia mai!), va riformata urgentemente a giustizia, tra le cause di penalizzazione delle imprese e degli investimenti, va ricostruita una sovranit\u00e0 nazionale che pesi all&#8217;estero. Sulla sovranit\u00e0 nazionale, sul ruolo dell&#8217;Italia nel mondo, sulla difesa delle produzioni italiane, sulla d&#8217;azione di un sistema paese sogno di sfidare la globalizzazione economica e culturale. L&#8217;Italia vale nel mondo,nonostante gli italiani non la amino e la difendano abbastanza. Il Made in Italy, \u2018l&#8217;italian style\u2019, la moda, la cucina, l&#8217;arte, il paesaggio sono amati nel mondo, hanno un valore non solo sentimentale ma commerciale. Perch\u00e9 non ce ne rendiamo conto? Qualcuno crede che la separazione dal Veneto sia la soluzione, io credo sia un pezzo del problema\u201d.<\/p>\n<p>&nbsp;<\/p>","protected":false},"excerpt":{"rendered":"<p>Elena Donazzan, assessore regionale del Veneto all\u2019Istruzione, Formazione e Lavoro, interviene in merito al consiglio regionale straordinario sull\u2019indipendenza del Veneto, che si terr\u00e0 oggi a Palazzo Ferro Fini a Venezia, nel corso del quale verr\u00e0 discussa una mozione che chiede di indire un referendum perch\u00e9 il Veneto si stacchi dall\u2019Italia. \u201cNon andr\u00f2 a votare oggi, [&hellip;]<\/p>\n","protected":false},"author":2,"featured_media":0,"comment_status":"closed","ping_status":"open","sticky":false,"template":"","format":"standard","meta":{"footnotes":""},"categories":[5,26],"tags":[],"class_list":["post-44283","post","type-post","status-publish","format-standard","category-cronaca","category-prima-pagina"],"yoast_head":"<!-- This site is optimized with the Yoast SEO plugin v28.4 - https:\/\/yoast.com\/product\/yoast-seo-wordpress\/ -->\n<title>Mozione referendum indipendenza. Elena Donazzan (Pdl) &quot;Non andr\u00f2 a votare, seduta inutile e dannosa&quot;  - Bellunopress - Dolomiti<\/title>\n<meta name=\"robots\" content=\"index, follow, max-snippet:-1, max-image-preview:large, max-video-preview:-1\" \/>\n<link rel=\"canonical\" href=\"https:\/\/www.bellunopress.it\/fr\/2012\/11\/28\/mozione-referendum-indipendenza-elena-donazzan-pdl-non-andro-a-votare-seduta-inutile-e-dannosa\/\" \/>\n<meta property=\"og:locale\" content=\"fr_FR\" \/>\n<meta property=\"og:type\" content=\"article\" \/>\n<meta property=\"og:title\" content=\"Mozione referendum indipendenza. Elena Donazzan (Pdl) &quot;Non andr\u00f2 a votare, seduta inutile e dannosa&quot;  - Bellunopress - Dolomiti\" \/>\n<meta property=\"og:description\" content=\"Elena Donazzan, assessore regionale del Veneto all\u2019Istruzione, Formazione e Lavoro, interviene in merito al consiglio regionale straordinario sull\u2019indipendenza del Veneto, che si terr\u00e0 oggi a Palazzo Ferro Fini a Venezia, nel corso del quale verr\u00e0 discussa una mozione che chiede di indire un referendum perch\u00e9 il Veneto si stacchi dall\u2019Italia. \u201cNon andr\u00f2 a votare oggi, [&hellip;]\" \/>\n<meta property=\"og:url\" content=\"https:\/\/www.bellunopress.it\/fr\/2012\/11\/28\/mozione-referendum-indipendenza-elena-donazzan-pdl-non-andro-a-votare-seduta-inutile-e-dannosa\/\" \/>\n<meta property=\"og:site_name\" content=\"Bellunopress - Dolomiti\" \/>\n<meta property=\"article:publisher\" content=\"https:\/\/www.facebook.com\/profile.php?id=100008943462799\" \/>\n<meta property=\"article:published_time\" content=\"2012-11-28T16:25:56+00:00\" \/>\n<meta property=\"article:modified_time\" content=\"2012-11-28T16:26:42+00:00\" \/>\n<meta property=\"og:image\" content=\"http:\/\/www.bellunopress.it\/wp-content\/uploads\/2010\/09\/elena-donazzan-270x190.jpg\" \/>\n<meta name=\"author\" content=\"redazione\" \/>\n<meta name=\"twitter:card\" content=\"summary_large_image\" \/>\n<meta name=\"twitter:creator\" content=\"@bellunopress\" \/>\n<meta name=\"twitter:site\" content=\"@bellunopress\" \/>\n<meta name=\"twitter:label1\" content=\"\u00c9crit par\" \/>\n\t<meta name=\"twitter:data1\" content=\"redazione\" \/>\n\t<meta name=\"twitter:label2\" content=\"Dur\u00e9e de lecture estim\u00e9e\" \/>\n\t<meta name=\"twitter:data2\" content=\"2 minutes\" \/>\n<script type=\"application\/ld+json\" class=\"yoast-schema-graph\">{\"@context\":\"https:\\\/\\\/schema.org\",\"@graph\":[{\"@type\":\"Article\",\"@id\":\"https:\\\/\\\/www.bellunopress.it\\\/2012\\\/11\\\/28\\\/mozione-referendum-indipendenza-elena-donazzan-pdl-non-andro-a-votare-seduta-inutile-e-dannosa\\\/#article\",\"isPartOf\":{\"@id\":\"https:\\\/\\\/www.bellunopress.it\\\/2012\\\/11\\\/28\\\/mozione-referendum-indipendenza-elena-donazzan-pdl-non-andro-a-votare-seduta-inutile-e-dannosa\\\/\"},\"author\":{\"name\":\"redazione\",\"@id\":\"https:\\\/\\\/www.bellunopress.it\\\/#\\\/schema\\\/person\\\/79bb06722b37ece1c03d3e94beb30d73\"},\"headline\":\"Mozione referendum indipendenza. Elena Donazzan (Pdl) &#8220;Non andr\u00f2 a votare, seduta inutile e dannosa&#8221;\",\"datePublished\":\"2012-11-28T16:25:56+00:00\",\"dateModified\":\"2012-11-28T16:26:42+00:00\",\"mainEntityOfPage\":{\"@id\":\"https:\\\/\\\/www.bellunopress.it\\\/2012\\\/11\\\/28\\\/mozione-referendum-indipendenza-elena-donazzan-pdl-non-andro-a-votare-seduta-inutile-e-dannosa\\\/\"},\"wordCount\":437,\"publisher\":{\"@id\":\"https:\\\/\\\/www.bellunopress.it\\\/#organization\"},\"image\":{\"@id\":\"https:\\\/\\\/www.bellunopress.it\\\/2012\\\/11\\\/28\\\/mozione-referendum-indipendenza-elena-donazzan-pdl-non-andro-a-votare-seduta-inutile-e-dannosa\\\/#primaryimage\"},\"thumbnailUrl\":\"http:\\\/\\\/www.bellunopress.it\\\/wp-content\\\/uploads\\\/2010\\\/09\\\/elena-donazzan-270x190.jpg\",\"articleSection\":[\"Cronaca\\\/Politica\",\"Prima Pagina\"],\"inLanguage\":\"fr-FR\"},{\"@type\":\"WebPage\",\"@id\":\"https:\\\/\\\/www.bellunopress.it\\\/2012\\\/11\\\/28\\\/mozione-referendum-indipendenza-elena-donazzan-pdl-non-andro-a-votare-seduta-inutile-e-dannosa\\\/\",\"url\":\"https:\\\/\\\/www.bellunopress.it\\\/2012\\\/11\\\/28\\\/mozione-referendum-indipendenza-elena-donazzan-pdl-non-andro-a-votare-seduta-inutile-e-dannosa\\\/\",\"name\":\"Mozione referendum indipendenza. Elena Donazzan (Pdl) \\\"Non andr\u00f2 a votare, seduta inutile e dannosa\\\" - Bellunopress - Dolomiti\",\"isPartOf\":{\"@id\":\"https:\\\/\\\/www.bellunopress.it\\\/#website\"},\"primaryImageOfPage\":{\"@id\":\"https:\\\/\\\/www.bellunopress.it\\\/2012\\\/11\\\/28\\\/mozione-referendum-indipendenza-elena-donazzan-pdl-non-andro-a-votare-seduta-inutile-e-dannosa\\\/#primaryimage\"},\"image\":{\"@id\":\"https:\\\/\\\/www.bellunopress.it\\\/2012\\\/11\\\/28\\\/mozione-referendum-indipendenza-elena-donazzan-pdl-non-andro-a-votare-seduta-inutile-e-dannosa\\\/#primaryimage\"},\"thumbnailUrl\":\"http:\\\/\\\/www.bellunopress.it\\\/wp-content\\\/uploads\\\/2010\\\/09\\\/elena-donazzan-270x190.jpg\",\"datePublished\":\"2012-11-28T16:25:56+00:00\",\"dateModified\":\"2012-11-28T16:26:42+00:00\",\"breadcrumb\":{\"@id\":\"https:\\\/\\\/www.bellunopress.it\\\/2012\\\/11\\\/28\\\/mozione-referendum-indipendenza-elena-donazzan-pdl-non-andro-a-votare-seduta-inutile-e-dannosa\\\/#breadcrumb\"},\"inLanguage\":\"fr-FR\",\"potentialAction\":[{\"@type\":\"ReadAction\",\"target\":[\"https:\\\/\\\/www.bellunopress.it\\\/2012\\\/11\\\/28\\\/mozione-referendum-indipendenza-elena-donazzan-pdl-non-andro-a-votare-seduta-inutile-e-dannosa\\\/\"]}]},{\"@type\":\"ImageObject\",\"inLanguage\":\"fr-FR\",\"@id\":\"https:\\\/\\\/www.bellunopress.it\\\/2012\\\/11\\\/28\\\/mozione-referendum-indipendenza-elena-donazzan-pdl-non-andro-a-votare-seduta-inutile-e-dannosa\\\/#primaryimage\",\"url\":\"http:\\\/\\\/www.bellunopress.it\\\/wp-content\\\/uploads\\\/2010\\\/09\\\/elena-donazzan-270x190.jpg\",\"contentUrl\":\"http:\\\/\\\/www.bellunopress.it\\\/wp-content\\\/uploads\\\/2010\\\/09\\\/elena-donazzan-270x190.jpg\"},{\"@type\":\"BreadcrumbList\",\"@id\":\"https:\\\/\\\/www.bellunopress.it\\\/2012\\\/11\\\/28\\\/mozione-referendum-indipendenza-elena-donazzan-pdl-non-andro-a-votare-seduta-inutile-e-dannosa\\\/#breadcrumb\",\"itemListElement\":[{\"@type\":\"ListItem\",\"position\":1,\"name\":\"Home\",\"item\":\"https:\\\/\\\/www.bellunopress.it\\\/\"},{\"@type\":\"ListItem\",\"position\":2,\"name\":\"Mozione referendum indipendenza. Elena Donazzan (Pdl) &#8220;Non andr\u00f2 a votare, seduta inutile e dannosa&#8221;\"}]},{\"@type\":\"WebSite\",\"@id\":\"https:\\\/\\\/www.bellunopress.it\\\/#website\",\"url\":\"https:\\\/\\\/www.bellunopress.it\\\/\",\"name\":\"Bellunopress - Dolomiti\",\"description\":\"e-mail: redazione@bellunopress.it\",\"publisher\":{\"@id\":\"https:\\\/\\\/www.bellunopress.it\\\/#organization\"},\"potentialAction\":[{\"@type\":\"SearchAction\",\"target\":{\"@type\":\"EntryPoint\",\"urlTemplate\":\"https:\\\/\\\/www.bellunopress.it\\\/?s={search_term_string}\"},\"query-input\":{\"@type\":\"PropertyValueSpecification\",\"valueRequired\":true,\"valueName\":\"search_term_string\"}}],\"inLanguage\":\"fr-FR\"},{\"@type\":\"Organization\",\"@id\":\"https:\\\/\\\/www.bellunopress.it\\\/#organization\",\"name\":\"Bellunopress\",\"url\":\"https:\\\/\\\/www.bellunopress.it\\\/\",\"logo\":{\"@type\":\"ImageObject\",\"inLanguage\":\"fr-FR\",\"@id\":\"https:\\\/\\\/www.bellunopress.it\\\/#\\\/schema\\\/logo\\\/image\\\/\",\"url\":\"https:\\\/\\\/www.bellunopress.it\\\/wp-content\\\/uploads\\\/2011\\\/05\\\/cropped-logo-bellunopress-.jpg\",\"contentUrl\":\"https:\\\/\\\/www.bellunopress.it\\\/wp-content\\\/uploads\\\/2011\\\/05\\\/cropped-logo-bellunopress-.jpg\",\"width\":512,\"height\":512,\"caption\":\"Bellunopress\"},\"image\":{\"@id\":\"https:\\\/\\\/www.bellunopress.it\\\/#\\\/schema\\\/logo\\\/image\\\/\"},\"sameAs\":[\"https:\\\/\\\/www.facebook.com\\\/profile.php?id=100008943462799\",\"https:\\\/\\\/x.com\\\/bellunopress\",\"https:\\\/\\\/www.linkedin.com\\\/hp\\\/?dnr=JBzUWaJfMUw8vbXJJ2tVW5-I3jZKvC4wsoxE&amp;amp;amp;amp;amp;amp;trk=nav_responsive_tab_home\",\"https:\\\/\\\/www.youtube.com\\\/channel\\\/UCxL0wu1uN0_3_7hGG0306cw\"]},{\"@type\":\"Person\",\"@id\":\"https:\\\/\\\/www.bellunopress.it\\\/#\\\/schema\\\/person\\\/79bb06722b37ece1c03d3e94beb30d73\",\"name\":\"redazione\",\"image\":{\"@type\":\"ImageObject\",\"inLanguage\":\"fr-FR\",\"@id\":\"https:\\\/\\\/secure.gravatar.com\\\/avatar\\\/37d968a2e67a6fd04c169c4bdef102d0bc5d31b2546345219e348575eb80e9a0?s=96&d=mm&r=g\",\"url\":\"https:\\\/\\\/secure.gravatar.com\\\/avatar\\\/37d968a2e67a6fd04c169c4bdef102d0bc5d31b2546345219e348575eb80e9a0?s=96&d=mm&r=g\",\"contentUrl\":\"https:\\\/\\\/secure.gravatar.com\\\/avatar\\\/37d968a2e67a6fd04c169c4bdef102d0bc5d31b2546345219e348575eb80e9a0?s=96&d=mm&r=g\",\"caption\":\"redazione\"},\"sameAs\":[\"http:\\\/\\\/www.bellunopress.it\",\"https:\\\/\\\/x.com\\\/bellunopress\"],\"url\":\"https:\\\/\\\/www.bellunopress.it\\\/fr\\\/author\\\/redazione\\\/\"}]}<\/script>\n<!-- \/ Yoast SEO plugin. -->","yoast_head_json":{"title":"Mozione referendum indipendenza. Elena Donazzan (Pdl) \"Non andr\u00f2 a votare, seduta inutile e dannosa\"  - Bellunopress - Dolomiti","robots":{"index":"index","follow":"follow","max-snippet":"max-snippet:-1","max-image-preview":"max-image-preview:large","max-video-preview":"max-video-preview:-1"},"canonical":"https:\/\/www.bellunopress.it\/fr\/2012\/11\/28\/mozione-referendum-indipendenza-elena-donazzan-pdl-non-andro-a-votare-seduta-inutile-e-dannosa\/","og_locale":"fr_FR","og_type":"article","og_title":"Mozione referendum indipendenza. Elena Donazzan (Pdl) \"Non andr\u00f2 a votare, seduta inutile e dannosa\"  - Bellunopress - Dolomiti","og_description":"Elena Donazzan, assessore regionale del Veneto all\u2019Istruzione, Formazione e Lavoro, interviene in merito al consiglio regionale straordinario sull\u2019indipendenza del Veneto, che si terr\u00e0 oggi a Palazzo Ferro Fini a Venezia, nel corso del quale verr\u00e0 discussa una mozione che chiede di indire un referendum perch\u00e9 il Veneto si stacchi dall\u2019Italia. \u201cNon andr\u00f2 a votare oggi, [&hellip;]","og_url":"https:\/\/www.bellunopress.it\/fr\/2012\/11\/28\/mozione-referendum-indipendenza-elena-donazzan-pdl-non-andro-a-votare-seduta-inutile-e-dannosa\/","og_site_name":"Bellunopress - Dolomiti","article_publisher":"https:\/\/www.facebook.com\/profile.php?id=100008943462799","article_published_time":"2012-11-28T16:25:56+00:00","article_modified_time":"2012-11-28T16:26:42+00:00","og_image":[{"url":"http:\/\/www.bellunopress.it\/wp-content\/uploads\/2010\/09\/elena-donazzan-270x190.jpg","type":"","width":"","height":""}],"author":"redazione","twitter_card":"summary_large_image","twitter_creator":"@bellunopress","twitter_site":"@bellunopress","twitter_misc":{"\u00c9crit par":"redazione","Dur\u00e9e de lecture estim\u00e9e":"2 minutes"},"schema":{"@context":"https:\/\/schema.org","@graph":[{"@type":"Article","@id":"https:\/\/www.bellunopress.it\/2012\/11\/28\/mozione-referendum-indipendenza-elena-donazzan-pdl-non-andro-a-votare-seduta-inutile-e-dannosa\/#article","isPartOf":{"@id":"https:\/\/www.bellunopress.it\/2012\/11\/28\/mozione-referendum-indipendenza-elena-donazzan-pdl-non-andro-a-votare-seduta-inutile-e-dannosa\/"},"author":{"name":"redazione","@id":"https:\/\/www.bellunopress.it\/#\/schema\/person\/79bb06722b37ece1c03d3e94beb30d73"},"headline":"Mozione referendum indipendenza. Elena Donazzan (Pdl) &#8220;Non andr\u00f2 a votare, seduta inutile e dannosa&#8221;","datePublished":"2012-11-28T16:25:56+00:00","dateModified":"2012-11-28T16:26:42+00:00","mainEntityOfPage":{"@id":"https:\/\/www.bellunopress.it\/2012\/11\/28\/mozione-referendum-indipendenza-elena-donazzan-pdl-non-andro-a-votare-seduta-inutile-e-dannosa\/"},"wordCount":437,"publisher":{"@id":"https:\/\/www.bellunopress.it\/#organization"},"image":{"@id":"https:\/\/www.bellunopress.it\/2012\/11\/28\/mozione-referendum-indipendenza-elena-donazzan-pdl-non-andro-a-votare-seduta-inutile-e-dannosa\/#primaryimage"},"thumbnailUrl":"http:\/\/www.bellunopress.it\/wp-content\/uploads\/2010\/09\/elena-donazzan-270x190.jpg","articleSection":["Cronaca\/Politica","Prima Pagina"],"inLanguage":"fr-FR"},{"@type":"WebPage","@id":"https:\/\/www.bellunopress.it\/2012\/11\/28\/mozione-referendum-indipendenza-elena-donazzan-pdl-non-andro-a-votare-seduta-inutile-e-dannosa\/","url":"https:\/\/www.bellunopress.it\/2012\/11\/28\/mozione-referendum-indipendenza-elena-donazzan-pdl-non-andro-a-votare-seduta-inutile-e-dannosa\/","name":"Mozione referendum indipendenza. Elena Donazzan (Pdl) \"Non andr\u00f2 a votare, seduta inutile e dannosa\" - Bellunopress - Dolomiti","isPartOf":{"@id":"https:\/\/www.bellunopress.it\/#website"},"primaryImageOfPage":{"@id":"https:\/\/www.bellunopress.it\/2012\/11\/28\/mozione-referendum-indipendenza-elena-donazzan-pdl-non-andro-a-votare-seduta-inutile-e-dannosa\/#primaryimage"},"image":{"@id":"https:\/\/www.bellunopress.it\/2012\/11\/28\/mozione-referendum-indipendenza-elena-donazzan-pdl-non-andro-a-votare-seduta-inutile-e-dannosa\/#primaryimage"},"thumbnailUrl":"http:\/\/www.bellunopress.it\/wp-content\/uploads\/2010\/09\/elena-donazzan-270x190.jpg","datePublished":"2012-11-28T16:25:56+00:00","dateModified":"2012-11-28T16:26:42+00:00","breadcrumb":{"@id":"https:\/\/www.bellunopress.it\/2012\/11\/28\/mozione-referendum-indipendenza-elena-donazzan-pdl-non-andro-a-votare-seduta-inutile-e-dannosa\/#breadcrumb"},"inLanguage":"fr-FR","potentialAction":[{"@type":"ReadAction","target":["https:\/\/www.bellunopress.it\/2012\/11\/28\/mozione-referendum-indipendenza-elena-donazzan-pdl-non-andro-a-votare-seduta-inutile-e-dannosa\/"]}]},{"@type":"ImageObject","inLanguage":"fr-FR","@id":"https:\/\/www.bellunopress.it\/2012\/11\/28\/mozione-referendum-indipendenza-elena-donazzan-pdl-non-andro-a-votare-seduta-inutile-e-dannosa\/#primaryimage","url":"http:\/\/www.bellunopress.it\/wp-content\/uploads\/2010\/09\/elena-donazzan-270x190.jpg","contentUrl":"http:\/\/www.bellunopress.it\/wp-content\/uploads\/2010\/09\/elena-donazzan-270x190.jpg"},{"@type":"BreadcrumbList","@id":"https:\/\/www.bellunopress.it\/2012\/11\/28\/mozione-referendum-indipendenza-elena-donazzan-pdl-non-andro-a-votare-seduta-inutile-e-dannosa\/#breadcrumb","itemListElement":[{"@type":"ListItem","position":1,"name":"Home","item":"https:\/\/www.bellunopress.it\/"},{"@type":"ListItem","position":2,"name":"Mozione referendum indipendenza. Elena Donazzan (Pdl) &#8220;Non andr\u00f2 a votare, seduta inutile e dannosa&#8221;"}]},{"@type":"WebSite","@id":"https:\/\/www.bellunopress.it\/#website","url":"https:\/\/www.bellunopress.it\/","name":"Bellunopress - Dolomiti","description":"e-mail: redazione@bellunopress.it","publisher":{"@id":"https:\/\/www.bellunopress.it\/#organization"},"potentialAction":[{"@type":"SearchAction","target":{"@type":"EntryPoint","urlTemplate":"https:\/\/www.bellunopress.it\/?s={search_term_string}"},"query-input":{"@type":"PropertyValueSpecification","valueRequired":true,"valueName":"search_term_string"}}],"inLanguage":"fr-FR"},{"@type":"Organization","@id":"https:\/\/www.bellunopress.it\/#organization","name":"Bellunopress","url":"https:\/\/www.bellunopress.it\/","logo":{"@type":"ImageObject","inLanguage":"fr-FR","@id":"https:\/\/www.bellunopress.it\/#\/schema\/logo\/image\/","url":"https:\/\/www.bellunopress.it\/wp-content\/uploads\/2011\/05\/cropped-logo-bellunopress-.jpg","contentUrl":"https:\/\/www.bellunopress.it\/wp-content\/uploads\/2011\/05\/cropped-logo-bellunopress-.jpg","width":512,"height":512,"caption":"Bellunopress"},"image":{"@id":"https:\/\/www.bellunopress.it\/#\/schema\/logo\/image\/"},"sameAs":["https:\/\/www.facebook.com\/profile.php?id=100008943462799","https:\/\/x.com\/bellunopress","https:\/\/www.linkedin.com\/hp\/?dnr=JBzUWaJfMUw8vbXJJ2tVW5-I3jZKvC4wsoxE&amp;amp;amp;amp;amp;amp;trk=nav_responsive_tab_home","https:\/\/www.youtube.com\/channel\/UCxL0wu1uN0_3_7hGG0306cw"]},{"@type":"Person","@id":"https:\/\/www.bellunopress.it\/#\/schema\/person\/79bb06722b37ece1c03d3e94beb30d73","name":"r\u00e9daction","image":{"@type":"ImageObject","inLanguage":"fr-FR","@id":"https:\/\/secure.gravatar.com\/avatar\/37d968a2e67a6fd04c169c4bdef102d0bc5d31b2546345219e348575eb80e9a0?s=96&d=mm&r=g","url":"https:\/\/secure.gravatar.com\/avatar\/37d968a2e67a6fd04c169c4bdef102d0bc5d31b2546345219e348575eb80e9a0?s=96&d=mm&r=g","contentUrl":"https:\/\/secure.gravatar.com\/avatar\/37d968a2e67a6fd04c169c4bdef102d0bc5d31b2546345219e348575eb80e9a0?s=96&d=mm&r=g","caption":"redazione"},"sameAs":["http:\/\/www.bellunopress.it","https:\/\/x.com\/bellunopress"],"url":"https:\/\/www.bellunopress.it\/fr\/author\/redazione\/"}]}},"_links":{"self":[{"href":"https:\/\/www.bellunopress.it\/fr\/wp-json\/wp\/v2\/posts\/44283","targetHints":{"allow":["GET"]}}],"collection":[{"href":"https:\/\/www.bellunopress.it\/fr\/wp-json\/wp\/v2\/posts"}],"about":[{"href":"https:\/\/www.bellunopress.it\/fr\/wp-json\/wp\/v2\/types\/post"}],"author":[{"embeddable":true,"href":"https:\/\/www.bellunopress.it\/fr\/wp-json\/wp\/v2\/users\/2"}],"replies":[{"embeddable":true,"href":"https:\/\/www.bellunopress.it\/fr\/wp-json\/wp\/v2\/comments?post=44283"}],"version-history":[{"count":2,"href":"https:\/\/www.bellunopress.it\/fr\/wp-json\/wp\/v2\/posts\/44283\/revisions"}],"predecessor-version":[{"id":44285,"href":"https:\/\/www.bellunopress.it\/fr\/wp-json\/wp\/v2\/posts\/44283\/revisions\/44285"}],"wp:attachment":[{"href":"https:\/\/www.bellunopress.it\/fr\/wp-json\/wp\/v2\/media?parent=44283"}],"wp:term":[{"taxonomy":"category","embeddable":true,"href":"https:\/\/www.bellunopress.it\/fr\/wp-json\/wp\/v2\/categories?post=44283"},{"taxonomy":"post_tag","embeddable":true,"href":"https:\/\/www.bellunopress.it\/fr\/wp-json\/wp\/v2\/tags?post=44283"}],"curies":[{"name":"wp","href":"https:\/\/api.w.org\/{rel}","templated":true}]}}