{"id":44273,"date":"2012-11-27T20:52:47","date_gmt":"2012-11-27T19:52:47","guid":{"rendered":"http:\/\/www.bellunopress.it\/?p=44273"},"modified":"2012-11-27T20:53:46","modified_gmt":"2012-11-27T19:53:46","slug":"44273","status":"publish","type":"post","link":"https:\/\/www.bellunopress.it\/fr\/2012\/11\/27\/44273\/","title":{"rendered":"Cerco lavoro"},"content":{"rendered":"<p><a href=\"http:\/\/www.bellunopress.it\/wp-content\/uploads\/2010\/12\/informagiovani.gif\"><img loading=\"lazy\" decoding=\"async\" class=\"alignright size-full wp-image-22271\" title=\"informagiovani\" src=\"http:\/\/www.bellunopress.it\/wp-content\/uploads\/2010\/12\/informagiovani.gif\" alt=\"\" width=\"150\" height=\"120\" \/><\/a>In collaborazione con l&#8217;ufficio Informagiovani del comune di Belluno, pubblichiamo l&#8217;aggiornamento settimanale dei concorsi pubblici.<\/p>\n<p>COMUNIT\u00c0 MONTANA FELTRINA (PER IL COMUNE DI TRICHIANA)<\/p>\n<p>Bando di concorso pubblico per la costituzione di un rapporto di lavoro a tempo indeterminato e parziale (18 ore) PROFILO: Istruttore Direttivo Socio-Assistenziale (Assistente Sociale) categoria D, pos. D1 &#8211; presso il comune di Trichiana (Belluno).<\/p>\n<p>Requisiti specifici: Laurea di I\u00b0 livello in Servizio Sociale, ovvero Laurea in Scienze di Servizio Sociale (classe 6), ovvero Diploma Universitario di Assistente Sociale rilasciato ai sensi del D.P.R. n.14 del 15.1.87 e s.m.i. ovvero Laurea Specialistica classe 57\/S o ad essa equiparata, in quanto conseguita ai sensi del previgente ordinamento, o qualsiasi altro titolo di studio che consenta l&#8217;iscrizione all&#8217;Albo Professionale degli Assistenti Sociali; iscrizione all&#8217;Albo Professionale degli Assistenti Sociali; Patente di guida di tipo B.<\/p>\n<p>Scadenza: entro le ore 12 del 28 novembre 2012.<\/p>\n<p>&nbsp;<\/p>\n<p>&nbsp;<\/p>\n<p>&nbsp;<\/p>\n<p>&nbsp;<\/p>\n<p>FELTRINA SERVIZI<\/p>\n<p>Avviso di selezione pubblica, per titoli ed esami, per un posto a tempo pieno e determinato nel profilo di Funzionario cat D3 del Ccnl comparto regioni ed autonomie locali.<\/p>\n<p>Requisiti specifici: diploma di laurea (vecchio ordinamento) in ingegneria edile, ingegneria chimica o scienze biologiche oppure laurea specialistica o magistrale equiparate ai suddetti Diplomi di Laurea, ai sensi del Decreto Interministeriale 09\/07\/2009; esperienza di almeno 2 (due) anni nel settore o in attivit\u00e0 inerenti la gestione dei rifiuti urbani; patente di guida di tipo B.<\/p>\n<p>Scadenza: entro le ore 12 del 28 novembre 2012.<\/p>\n<p>&nbsp;<\/p>\n<p>&nbsp;<\/p>\n<p>&nbsp;<\/p>\n<p>&nbsp;<\/p>\n<p>COMUNE DI AURONZO DI CADORE (BL)<\/p>\n<p>Avviso per il conferimento del posto di Responsabile del Settore Tecnico \u2013 cat. D \u2013 pos. economica D3 con rapporto di lavoro a tempo determinato della durata di cinque anni.<\/p>\n<p>Requisiti specifici: possesso del diploma di laurea di ingegneria civile o architettura e abilitazione professionale.<\/p>\n<p>Scadenza: entro le ore 12.30 del 10 dicembre 2012.<\/p>\n<p>&nbsp;<\/p>\n<p>&nbsp;<\/p>\n<p>&nbsp;<\/p>\n<p>&nbsp;<\/p>\n<p>COMUNE DI PUOS D&#8217;ALPAGO (BL)<\/p>\n<p>Bando di concorso pubblico ad esami per la copertura a tempo pieno ed indeterminato di un posto di Agente di Polizia Locale &#8211; cat. C &#8211; posizione economica C1.<\/p>\n<p>Requisiti specifici: diploma di scuola media superiore che consenta l&#8217;accesso all&#8217;universit\u00e0; patente di guida cat. B.<\/p>\n<p>Scadenza: entro le ore 12 dell&#8217;11 dicembre 2012<\/p>\n<p>&nbsp;<\/p>\n<p>&nbsp;<\/p>\n<p>&nbsp;<\/p>\n<p>&nbsp;<\/p>\n<p>COMUNE DI FORNO DI ZOLDO<\/p>\n<p>Selezione pubblica per titoli ed esami per l&#8217;assunzione a tempo indeterminato e pieno (36 ore settimanali) presso il Comune di Forno di Zoldo (BL) di un Istruttore Amministrativo &#8211; Categoria giuridica C &#8211; posizione economica Cl &#8211; Area Amministrativa &#8211; Servizi Demografici e Polizia Locale.<\/p>\n<p>Requisiti specifici: diploma di scuola media superiore; patente di guida cat. B; conoscenza dell&#8217;uso delle apparecchiature informatiche pi\u00f9 diffuse in ambito di office automation (e programmi di scrittura, internet e posta elettronica)<\/p>\n<p>Scadenza: entro le ore 12 del 14 dicembre 2012.<\/p>\n<p>&nbsp;<\/p>\n<p>&nbsp;<\/p>\n<p>AREA SANITARIA<\/p>\n<p>&nbsp;<\/p>\n<p>ULSS N. 2 \u2013 FELTRE (BL)<\/p>\n<p>&nbsp;<\/p>\n<p>&nbsp;<\/p>\n<p>&nbsp;<\/p>\n<p>1) Avviso pubblico per titoli e prova colloquio per la formazione di una graduatoria per l&#8217;assunzione a tempo determinato di n. 1 Dirigente medico Disciplina di neurologia (ruolo: sanitario; profilo professionale: medici; area medica e delle specialit\u00e0 mediche).<\/p>\n<p>Requisiti specifici: laurea in medicina e chirurgia; abilitazione professionale all&#8217;esercizio della professione medico \u2013 chirurgica; iscrizione all&#8217;albo dell&#8217;ordine dei medici; specializzazione nella disciplina oggetto dell&#8217;avviso o in disciplina equipollente ovvero, ai sensi dell&#8217;art. 56 \u2013 c. 2 \u2013 del D.P.R. n. 483\/1997, posizione di ruolo in qualit\u00e0 di dirigente medico nella relativa disciplina, alla data di entrata in vigore del decreto medesimo, presso altra U.S.L. o Azienda Ospedaliera.<\/p>\n<p>Scadenza: entro le ore 12.00 del 10.12.2012.<\/p>\n<p>&nbsp;<\/p>\n<p>&nbsp;<\/p>\n<p>&nbsp;<\/p>\n<p>&nbsp;<\/p>\n<p>2) Avviso pubblico per titoli e prova colloquio per la formazione di una graduatoria per l&#8217;assunzione a tempo determinato di n. 1 Dirigente medico Disciplina di igiene, epidemiologia e sanit\u00e0 pubblica per il Dipartimento di Prevenzione &#8220;Servizio Igiene degli Alimenti e della Nutrizione&#8221; (ruolo: sanitario; profilo professionale: medici; area di sanit\u00e0 pubblica).<\/p>\n<p>Requisiti specifici: laurea in medicina e chirurgia; abilitazione professionale all&#8217;esercizio della professione medico \u2013 chirurgica; iscrizione all&#8217;albo dell&#8217;ordine dei medici; specializzazione in una delle discipline oggetto dell&#8217;avviso o in disciplina equipollente ovvero, ai sensi dell&#8217;art. 56 \u2013 c. 2 \u2013 del D.P.R. n. 483\/1997, posizione di ruolo in qualit\u00e0 di dirigente medico nella relativa disciplina, alla data di entrata in vigore del decreto medesimo, presso altra U.S.L. o Azienda Ospedaliera.<\/p>\n<p>Scadenza: entro le ore 12.00 del 10.12.2012.<\/p>\n<p>&nbsp;<\/p>\n<p>&nbsp;<\/p>\n<p>&nbsp;<\/p>\n<p>&nbsp;<\/p>\n<p>3) Avviso pubblico per titoli e prova colloquio per la formazione di una graduatoria per l&#8217;assunzione a tempo determinato di n. 1 dirigente medico Disciplina di cardiologia (ruolo: sanitario; profilo professionale: medici; area medica e delle specialit\u00e0 mediche).<\/p>\n<p>Requisiti specifici: laurea in medicina e chirurgia; abilitazione professionale all&#8217;esercizio della professione medico \u2013 chirurgica; iscrizione all&#8217;albo dell&#8217;ordine dei medici; specializzazione nella disciplina oggetto dell&#8217;avviso o in disciplina equipollente ovvero, ai sensi dell&#8217;art. 56 \u2013 c. 2 \u2013 del D.P.R. n. 483\/1997, posizione di ruolo in qualit\u00e0 di dirigente medico nella relativa disciplina, alla data di entrata in vigore del decreto medesimo, presso altra U.S.L. o Azienda Ospedaliera.<\/p>\n<p>Scadenza: entro le ore 12.00 del 10.12.2012.<\/p>\n<p>&nbsp;<\/p>\n<p>&nbsp;<\/p>\n<p>AVVISI DI MOBILITA&#8217;<\/p>\n<p>&nbsp;<\/p>\n<p>COMUNE DI FELTRE<\/p>\n<p>Avviso di mobilit\u00e0 esterna per la copertura di n. 1 posto di Istruttore Direttivo Amministrativo\/Contabile \u0096 cat. di accesso D1 \u0096 part-time (20 ore settimanali) &#8211; presso l&#8217;U.O. Affari Generali ed Istituzionali \u0096 da assegnare alle attivit\u00e0 culturali ed al Polo Bibliotecario, ai sensi dell&#8217;art. 30 &#8211; comma 2\/bis del D.Lgs. 165\/2001.<\/p>\n<p>Requisiti: Diploma Universitario (vecchio ordinamento) o Laurea triennale (nuovo ordinamento) o Diploma di laurea (vecchio ordinamento) o Laurea Specialistica\/Magistrale (nuovo ordinamento) attinenti l&#8217;area umanistico\/letteraria, ovvero: Lettere, Scienze della cultura, Filosofia, Storia, Archivistica e Biblioteconomia, Conservazione dei beni culturali.<\/p>\n<p>Scadenza: entro le ore 12 dell&#8217;11 dicembre 2012<\/p>","protected":false},"excerpt":{"rendered":"<p>In collaborazione con l&#8217;ufficio Informagiovani del comune di Belluno, pubblichiamo l&#8217;aggiornamento settimanale dei concorsi pubblici. COMUNIT\u00c0 MONTANA FELTRINA (PER IL COMUNE DI TRICHIANA) Bando di concorso pubblico per la costituzione di un rapporto di lavoro a tempo indeterminato e parziale (18 ore) PROFILO: Istruttore Direttivo Socio-Assistenziale (Assistente Sociale) categoria D, pos. D1 &#8211; presso il [&hellip;]<\/p>\n","protected":false},"author":2,"featured_media":0,"comment_status":"closed","ping_status":"open","sticky":false,"template":"","format":"standard","meta":{"footnotes":""},"categories":[36,26],"tags":[],"class_list":["post-44273","post","type-post","status-publish","format-standard","category-lavoro-economia","category-prima-pagina"],"yoast_head":"<!-- This site is optimized with the Yoast SEO plugin v28.4 - https:\/\/yoast.com\/product\/yoast-seo-wordpress\/ -->\n<title>Cerco lavoro - Bellunopress - Dolomiti<\/title>\n<meta name=\"robots\" content=\"index, follow, max-snippet:-1, max-image-preview:large, max-video-preview:-1\" \/>\n<link rel=\"canonical\" href=\"https:\/\/www.bellunopress.it\/fr\/2012\/11\/27\/44273\/\" \/>\n<meta property=\"og:locale\" content=\"fr_FR\" \/>\n<meta property=\"og:type\" content=\"article\" \/>\n<meta property=\"og:title\" content=\"Cerco lavoro - Bellunopress - Dolomiti\" \/>\n<meta property=\"og:description\" content=\"In collaborazione con l&#8217;ufficio Informagiovani del comune di Belluno, pubblichiamo l&#8217;aggiornamento settimanale dei concorsi pubblici. COMUNIT\u00c0 MONTANA FELTRINA (PER IL COMUNE DI TRICHIANA) Bando di concorso pubblico per la costituzione di un rapporto di lavoro a tempo indeterminato e parziale (18 ore) PROFILO: Istruttore Direttivo Socio-Assistenziale (Assistente Sociale) categoria D, pos. D1 &#8211; presso il [&hellip;]\" \/>\n<meta property=\"og:url\" content=\"https:\/\/www.bellunopress.it\/fr\/2012\/11\/27\/44273\/\" \/>\n<meta property=\"og:site_name\" content=\"Bellunopress - Dolomiti\" \/>\n<meta property=\"article:publisher\" content=\"https:\/\/www.facebook.com\/profile.php?id=100008943462799\" \/>\n<meta property=\"article:published_time\" content=\"2012-11-27T19:52:47+00:00\" \/>\n<meta property=\"article:modified_time\" content=\"2012-11-27T19:53:46+00:00\" \/>\n<meta property=\"og:image\" content=\"http:\/\/www.bellunopress.it\/wp-content\/uploads\/2010\/12\/informagiovani.gif\" \/>\n<meta name=\"author\" content=\"redazione\" \/>\n<meta name=\"twitter:card\" content=\"summary_large_image\" \/>\n<meta name=\"twitter:creator\" content=\"@bellunopress\" \/>\n<meta name=\"twitter:site\" content=\"@bellunopress\" \/>\n<meta name=\"twitter:label1\" content=\"\u00c9crit par\" \/>\n\t<meta name=\"twitter:data1\" content=\"redazione\" \/>\n\t<meta name=\"twitter:label2\" content=\"Dur\u00e9e de lecture estim\u00e9e\" \/>\n\t<meta name=\"twitter:data2\" content=\"5 minutes\" \/>\n<script type=\"application\/ld+json\" class=\"yoast-schema-graph\">{\"@context\":\"https:\\\/\\\/schema.org\",\"@graph\":[{\"@type\":\"Article\",\"@id\":\"https:\\\/\\\/www.bellunopress.it\\\/2012\\\/11\\\/27\\\/44273\\\/#article\",\"isPartOf\":{\"@id\":\"https:\\\/\\\/www.bellunopress.it\\\/2012\\\/11\\\/27\\\/44273\\\/\"},\"author\":{\"name\":\"redazione\",\"@id\":\"https:\\\/\\\/www.bellunopress.it\\\/#\\\/schema\\\/person\\\/79bb06722b37ece1c03d3e94beb30d73\"},\"headline\":\"Cerco lavoro\",\"datePublished\":\"2012-11-27T19:52:47+00:00\",\"dateModified\":\"2012-11-27T19:53:46+00:00\",\"mainEntityOfPage\":{\"@id\":\"https:\\\/\\\/www.bellunopress.it\\\/2012\\\/11\\\/27\\\/44273\\\/\"},\"wordCount\":940,\"publisher\":{\"@id\":\"https:\\\/\\\/www.bellunopress.it\\\/#organization\"},\"image\":{\"@id\":\"https:\\\/\\\/www.bellunopress.it\\\/2012\\\/11\\\/27\\\/44273\\\/#primaryimage\"},\"thumbnailUrl\":\"http:\\\/\\\/www.bellunopress.it\\\/wp-content\\\/uploads\\\/2010\\\/12\\\/informagiovani.gif\",\"articleSection\":[\"Lavoro, Economia, Turismo\",\"Prima Pagina\"],\"inLanguage\":\"fr-FR\"},{\"@type\":\"WebPage\",\"@id\":\"https:\\\/\\\/www.bellunopress.it\\\/2012\\\/11\\\/27\\\/44273\\\/\",\"url\":\"https:\\\/\\\/www.bellunopress.it\\\/2012\\\/11\\\/27\\\/44273\\\/\",\"name\":\"Cerco lavoro - Bellunopress - Dolomiti\",\"isPartOf\":{\"@id\":\"https:\\\/\\\/www.bellunopress.it\\\/#website\"},\"primaryImageOfPage\":{\"@id\":\"https:\\\/\\\/www.bellunopress.it\\\/2012\\\/11\\\/27\\\/44273\\\/#primaryimage\"},\"image\":{\"@id\":\"https:\\\/\\\/www.bellunopress.it\\\/2012\\\/11\\\/27\\\/44273\\\/#primaryimage\"},\"thumbnailUrl\":\"http:\\\/\\\/www.bellunopress.it\\\/wp-content\\\/uploads\\\/2010\\\/12\\\/informagiovani.gif\",\"datePublished\":\"2012-11-27T19:52:47+00:00\",\"dateModified\":\"2012-11-27T19:53:46+00:00\",\"breadcrumb\":{\"@id\":\"https:\\\/\\\/www.bellunopress.it\\\/2012\\\/11\\\/27\\\/44273\\\/#breadcrumb\"},\"inLanguage\":\"fr-FR\",\"potentialAction\":[{\"@type\":\"ReadAction\",\"target\":[\"https:\\\/\\\/www.bellunopress.it\\\/2012\\\/11\\\/27\\\/44273\\\/\"]}]},{\"@type\":\"ImageObject\",\"inLanguage\":\"fr-FR\",\"@id\":\"https:\\\/\\\/www.bellunopress.it\\\/2012\\\/11\\\/27\\\/44273\\\/#primaryimage\",\"url\":\"http:\\\/\\\/www.bellunopress.it\\\/wp-content\\\/uploads\\\/2010\\\/12\\\/informagiovani.gif\",\"contentUrl\":\"http:\\\/\\\/www.bellunopress.it\\\/wp-content\\\/uploads\\\/2010\\\/12\\\/informagiovani.gif\"},{\"@type\":\"BreadcrumbList\",\"@id\":\"https:\\\/\\\/www.bellunopress.it\\\/2012\\\/11\\\/27\\\/44273\\\/#breadcrumb\",\"itemListElement\":[{\"@type\":\"ListItem\",\"position\":1,\"name\":\"Home\",\"item\":\"https:\\\/\\\/www.bellunopress.it\\\/\"},{\"@type\":\"ListItem\",\"position\":2,\"name\":\"Cerco lavoro\"}]},{\"@type\":\"WebSite\",\"@id\":\"https:\\\/\\\/www.bellunopress.it\\\/#website\",\"url\":\"https:\\\/\\\/www.bellunopress.it\\\/\",\"name\":\"Bellunopress - Dolomiti\",\"description\":\"e-mail: redazione@bellunopress.it\",\"publisher\":{\"@id\":\"https:\\\/\\\/www.bellunopress.it\\\/#organization\"},\"potentialAction\":[{\"@type\":\"SearchAction\",\"target\":{\"@type\":\"EntryPoint\",\"urlTemplate\":\"https:\\\/\\\/www.bellunopress.it\\\/?s={search_term_string}\"},\"query-input\":{\"@type\":\"PropertyValueSpecification\",\"valueRequired\":true,\"valueName\":\"search_term_string\"}}],\"inLanguage\":\"fr-FR\"},{\"@type\":\"Organization\",\"@id\":\"https:\\\/\\\/www.bellunopress.it\\\/#organization\",\"name\":\"Bellunopress\",\"url\":\"https:\\\/\\\/www.bellunopress.it\\\/\",\"logo\":{\"@type\":\"ImageObject\",\"inLanguage\":\"fr-FR\",\"@id\":\"https:\\\/\\\/www.bellunopress.it\\\/#\\\/schema\\\/logo\\\/image\\\/\",\"url\":\"https:\\\/\\\/www.bellunopress.it\\\/wp-content\\\/uploads\\\/2011\\\/05\\\/cropped-logo-bellunopress-.jpg\",\"contentUrl\":\"https:\\\/\\\/www.bellunopress.it\\\/wp-content\\\/uploads\\\/2011\\\/05\\\/cropped-logo-bellunopress-.jpg\",\"width\":512,\"height\":512,\"caption\":\"Bellunopress\"},\"image\":{\"@id\":\"https:\\\/\\\/www.bellunopress.it\\\/#\\\/schema\\\/logo\\\/image\\\/\"},\"sameAs\":[\"https:\\\/\\\/www.facebook.com\\\/profile.php?id=100008943462799\",\"https:\\\/\\\/x.com\\\/bellunopress\",\"https:\\\/\\\/www.linkedin.com\\\/hp\\\/?dnr=JBzUWaJfMUw8vbXJJ2tVW5-I3jZKvC4wsoxE&amp;amp;amp;amp;amp;amp;trk=nav_responsive_tab_home\",\"https:\\\/\\\/www.youtube.com\\\/channel\\\/UCxL0wu1uN0_3_7hGG0306cw\"]},{\"@type\":\"Person\",\"@id\":\"https:\\\/\\\/www.bellunopress.it\\\/#\\\/schema\\\/person\\\/79bb06722b37ece1c03d3e94beb30d73\",\"name\":\"redazione\",\"image\":{\"@type\":\"ImageObject\",\"inLanguage\":\"fr-FR\",\"@id\":\"https:\\\/\\\/secure.gravatar.com\\\/avatar\\\/37d968a2e67a6fd04c169c4bdef102d0bc5d31b2546345219e348575eb80e9a0?s=96&d=mm&r=g\",\"url\":\"https:\\\/\\\/secure.gravatar.com\\\/avatar\\\/37d968a2e67a6fd04c169c4bdef102d0bc5d31b2546345219e348575eb80e9a0?s=96&d=mm&r=g\",\"contentUrl\":\"https:\\\/\\\/secure.gravatar.com\\\/avatar\\\/37d968a2e67a6fd04c169c4bdef102d0bc5d31b2546345219e348575eb80e9a0?s=96&d=mm&r=g\",\"caption\":\"redazione\"},\"sameAs\":[\"http:\\\/\\\/www.bellunopress.it\",\"https:\\\/\\\/x.com\\\/bellunopress\"],\"url\":\"https:\\\/\\\/www.bellunopress.it\\\/fr\\\/author\\\/redazione\\\/\"}]}<\/script>\n<!-- \/ Yoast SEO plugin. -->","yoast_head_json":{"title":"Cerco lavoro - Bellunopress - Dolomiti","robots":{"index":"index","follow":"follow","max-snippet":"max-snippet:-1","max-image-preview":"max-image-preview:large","max-video-preview":"max-video-preview:-1"},"canonical":"https:\/\/www.bellunopress.it\/fr\/2012\/11\/27\/44273\/","og_locale":"fr_FR","og_type":"article","og_title":"Cerco lavoro - Bellunopress - Dolomiti","og_description":"In collaborazione con l&#8217;ufficio Informagiovani del comune di Belluno, pubblichiamo l&#8217;aggiornamento settimanale dei concorsi pubblici. COMUNIT\u00c0 MONTANA FELTRINA (PER IL COMUNE DI TRICHIANA) Bando di concorso pubblico per la costituzione di un rapporto di lavoro a tempo indeterminato e parziale (18 ore) PROFILO: Istruttore Direttivo Socio-Assistenziale (Assistente Sociale) categoria D, pos. D1 &#8211; presso il [&hellip;]","og_url":"https:\/\/www.bellunopress.it\/fr\/2012\/11\/27\/44273\/","og_site_name":"Bellunopress - Dolomiti","article_publisher":"https:\/\/www.facebook.com\/profile.php?id=100008943462799","article_published_time":"2012-11-27T19:52:47+00:00","article_modified_time":"2012-11-27T19:53:46+00:00","og_image":[{"url":"http:\/\/www.bellunopress.it\/wp-content\/uploads\/2010\/12\/informagiovani.gif","type":"","width":"","height":""}],"author":"redazione","twitter_card":"summary_large_image","twitter_creator":"@bellunopress","twitter_site":"@bellunopress","twitter_misc":{"\u00c9crit par":"redazione","Dur\u00e9e de lecture estim\u00e9e":"5 minutes"},"schema":{"@context":"https:\/\/schema.org","@graph":[{"@type":"Article","@id":"https:\/\/www.bellunopress.it\/2012\/11\/27\/44273\/#article","isPartOf":{"@id":"https:\/\/www.bellunopress.it\/2012\/11\/27\/44273\/"},"author":{"name":"redazione","@id":"https:\/\/www.bellunopress.it\/#\/schema\/person\/79bb06722b37ece1c03d3e94beb30d73"},"headline":"Cerco lavoro","datePublished":"2012-11-27T19:52:47+00:00","dateModified":"2012-11-27T19:53:46+00:00","mainEntityOfPage":{"@id":"https:\/\/www.bellunopress.it\/2012\/11\/27\/44273\/"},"wordCount":940,"publisher":{"@id":"https:\/\/www.bellunopress.it\/#organization"},"image":{"@id":"https:\/\/www.bellunopress.it\/2012\/11\/27\/44273\/#primaryimage"},"thumbnailUrl":"http:\/\/www.bellunopress.it\/wp-content\/uploads\/2010\/12\/informagiovani.gif","articleSection":["Lavoro, Economia, Turismo","Prima Pagina"],"inLanguage":"fr-FR"},{"@type":"WebPage","@id":"https:\/\/www.bellunopress.it\/2012\/11\/27\/44273\/","url":"https:\/\/www.bellunopress.it\/2012\/11\/27\/44273\/","name":"Cerco lavoro - Bellunopress - Dolomiti","isPartOf":{"@id":"https:\/\/www.bellunopress.it\/#website"},"primaryImageOfPage":{"@id":"https:\/\/www.bellunopress.it\/2012\/11\/27\/44273\/#primaryimage"},"image":{"@id":"https:\/\/www.bellunopress.it\/2012\/11\/27\/44273\/#primaryimage"},"thumbnailUrl":"http:\/\/www.bellunopress.it\/wp-content\/uploads\/2010\/12\/informagiovani.gif","datePublished":"2012-11-27T19:52:47+00:00","dateModified":"2012-11-27T19:53:46+00:00","breadcrumb":{"@id":"https:\/\/www.bellunopress.it\/2012\/11\/27\/44273\/#breadcrumb"},"inLanguage":"fr-FR","potentialAction":[{"@type":"ReadAction","target":["https:\/\/www.bellunopress.it\/2012\/11\/27\/44273\/"]}]},{"@type":"ImageObject","inLanguage":"fr-FR","@id":"https:\/\/www.bellunopress.it\/2012\/11\/27\/44273\/#primaryimage","url":"http:\/\/www.bellunopress.it\/wp-content\/uploads\/2010\/12\/informagiovani.gif","contentUrl":"http:\/\/www.bellunopress.it\/wp-content\/uploads\/2010\/12\/informagiovani.gif"},{"@type":"BreadcrumbList","@id":"https:\/\/www.bellunopress.it\/2012\/11\/27\/44273\/#breadcrumb","itemListElement":[{"@type":"ListItem","position":1,"name":"Home","item":"https:\/\/www.bellunopress.it\/"},{"@type":"ListItem","position":2,"name":"Cerco lavoro"}]},{"@type":"WebSite","@id":"https:\/\/www.bellunopress.it\/#website","url":"https:\/\/www.bellunopress.it\/","name":"Bellunopress - Dolomiti","description":"e-mail: redazione@bellunopress.it","publisher":{"@id":"https:\/\/www.bellunopress.it\/#organization"},"potentialAction":[{"@type":"SearchAction","target":{"@type":"EntryPoint","urlTemplate":"https:\/\/www.bellunopress.it\/?s={search_term_string}"},"query-input":{"@type":"PropertyValueSpecification","valueRequired":true,"valueName":"search_term_string"}}],"inLanguage":"fr-FR"},{"@type":"Organization","@id":"https:\/\/www.bellunopress.it\/#organization","name":"Bellunopress","url":"https:\/\/www.bellunopress.it\/","logo":{"@type":"ImageObject","inLanguage":"fr-FR","@id":"https:\/\/www.bellunopress.it\/#\/schema\/logo\/image\/","url":"https:\/\/www.bellunopress.it\/wp-content\/uploads\/2011\/05\/cropped-logo-bellunopress-.jpg","contentUrl":"https:\/\/www.bellunopress.it\/wp-content\/uploads\/2011\/05\/cropped-logo-bellunopress-.jpg","width":512,"height":512,"caption":"Bellunopress"},"image":{"@id":"https:\/\/www.bellunopress.it\/#\/schema\/logo\/image\/"},"sameAs":["https:\/\/www.facebook.com\/profile.php?id=100008943462799","https:\/\/x.com\/bellunopress","https:\/\/www.linkedin.com\/hp\/?dnr=JBzUWaJfMUw8vbXJJ2tVW5-I3jZKvC4wsoxE&amp;amp;amp;amp;amp;amp;trk=nav_responsive_tab_home","https:\/\/www.youtube.com\/channel\/UCxL0wu1uN0_3_7hGG0306cw"]},{"@type":"Person","@id":"https:\/\/www.bellunopress.it\/#\/schema\/person\/79bb06722b37ece1c03d3e94beb30d73","name":"r\u00e9daction","image":{"@type":"ImageObject","inLanguage":"fr-FR","@id":"https:\/\/secure.gravatar.com\/avatar\/37d968a2e67a6fd04c169c4bdef102d0bc5d31b2546345219e348575eb80e9a0?s=96&d=mm&r=g","url":"https:\/\/secure.gravatar.com\/avatar\/37d968a2e67a6fd04c169c4bdef102d0bc5d31b2546345219e348575eb80e9a0?s=96&d=mm&r=g","contentUrl":"https:\/\/secure.gravatar.com\/avatar\/37d968a2e67a6fd04c169c4bdef102d0bc5d31b2546345219e348575eb80e9a0?s=96&d=mm&r=g","caption":"redazione"},"sameAs":["http:\/\/www.bellunopress.it","https:\/\/x.com\/bellunopress"],"url":"https:\/\/www.bellunopress.it\/fr\/author\/redazione\/"}]}},"_links":{"self":[{"href":"https:\/\/www.bellunopress.it\/fr\/wp-json\/wp\/v2\/posts\/44273","targetHints":{"allow":["GET"]}}],"collection":[{"href":"https:\/\/www.bellunopress.it\/fr\/wp-json\/wp\/v2\/posts"}],"about":[{"href":"https:\/\/www.bellunopress.it\/fr\/wp-json\/wp\/v2\/types\/post"}],"author":[{"embeddable":true,"href":"https:\/\/www.bellunopress.it\/fr\/wp-json\/wp\/v2\/users\/2"}],"replies":[{"embeddable":true,"href":"https:\/\/www.bellunopress.it\/fr\/wp-json\/wp\/v2\/comments?post=44273"}],"version-history":[{"count":2,"href":"https:\/\/www.bellunopress.it\/fr\/wp-json\/wp\/v2\/posts\/44273\/revisions"}],"predecessor-version":[{"id":44275,"href":"https:\/\/www.bellunopress.it\/fr\/wp-json\/wp\/v2\/posts\/44273\/revisions\/44275"}],"wp:attachment":[{"href":"https:\/\/www.bellunopress.it\/fr\/wp-json\/wp\/v2\/media?parent=44273"}],"wp:term":[{"taxonomy":"category","embeddable":true,"href":"https:\/\/www.bellunopress.it\/fr\/wp-json\/wp\/v2\/categories?post=44273"},{"taxonomy":"post_tag","embeddable":true,"href":"https:\/\/www.bellunopress.it\/fr\/wp-json\/wp\/v2\/tags?post=44273"}],"curies":[{"name":"wp","href":"https:\/\/api.w.org\/{rel}","templated":true}]}}