{"id":44271,"date":"2012-11-27T20:45:06","date_gmt":"2012-11-27T19:45:06","guid":{"rendered":"http:\/\/www.bellunopress.it\/?p=44271"},"modified":"2012-11-27T20:45:06","modified_gmt":"2012-11-27T19:45:06","slug":"ostacoli-al-volo-veneto-prima-regione-a-statuto-ordinario-ad-aver-legiferato-di-fabio-bristot-rufus-responsabile-del-soccorso-alpino","status":"publish","type":"post","link":"https:\/\/www.bellunopress.it\/fr\/2012\/11\/27\/ostacoli-al-volo-veneto-prima-regione-a-statuto-ordinario-ad-aver-legiferato-di-fabio-bristot-rufus-responsabile-del-soccorso-alpino\/","title":{"rendered":"Ostacoli al volo: Veneto prima regione a statuto ordinario ad aver legiferato   * di Fabio Bristot (Rufus) responsabile del Soccorso alpino"},"content":{"rendered":"<figure id=\"attachment_448\" aria-describedby=\"caption-attachment-448\" style=\"width: 256px\" class=\"wp-caption alignright\"><a href=\"http:\/\/www.bellunopress.it\/wp-content\/uploads\/2009\/02\/fabio-bristot-rufus-delegato-socc-alpino-bl.jpg\"><img loading=\"lazy\" decoding=\"async\" class=\"size-full wp-image-448\" title=\"fabio-bristot-rufus-delegato-socc-alpino-bl\" src=\"http:\/\/www.bellunopress.it\/wp-content\/uploads\/2009\/02\/fabio-bristot-rufus-delegato-socc-alpino-bl.jpg\" alt=\"\" width=\"256\" height=\"181\" \/><\/a><figcaption id=\"caption-attachment-448\" class=\"wp-caption-text\">Fabio Bristot (Rufus)<\/figcaption><\/figure>\n<p>Il Soccorso Alpino &#8220;Dolomiti Bellunesi&#8221; desidera ringraziare la Giunta della Regione Veneto nella figura del suo Presidente per aver alla fine costituito la Commissione prevista dalla Legge Regionale (n. 19\/12) sugli Ostacoli al Volo. Un passo significativo che ora permetter\u00e0 di lavorare nella concretezza delle proposte e delle determinazioni per aumentare la sicurezza di tutti quei servizi legati all&#8217;utilizzo dell&#8217;elicottero che vanno dall&#8217;elisoccorso all&#8217;antincendio boschivo, passando per il lavoro aereo.<\/p>\n<p>Come si ricorder\u00e0 i disegni di legge presentati dal Capo Gruppo del PDL Dario Bond e dal Vice Presidente del Consiglio Regionale Matteo Toscani, su un forte impulso del Cnsas, erano alla fine stati portati ad una sintesi superiore ed approvati, con un iter piuttosto complesso, nello scorso giugno.<\/p>\n<p>Ora si tratter\u00e0 da una parte di lavorare da subito con metodo estremamente rigorososo, dall&#8217;altra, con estrema velocit\u00e0 poich\u00e8 la sicurezza non \u00e8 deve essere un&#8217;enunciazione e l&#8217;incidente non aspetta nessuno.<\/p>\n<p>E&#8217; in ogni caso un passo importante quello compiuto dalla Giunta della Regione Veneto che, lo si desidera ricordare, \u00e8 la prima Regione a Statuto ordinario ad aver legiferato sul tema\/problema.<\/p>\n<p>Come sopra ricordato va ora recuperato il tempo sprecato da uno Stato in perenne confusione mentale che ad esempio legifera (Legge n. 152\/05) ma si dimentica, come spesso accade per altre problematiche di assoluto rilievo, di dare poi compiuta applicazione alle proprie leggi e principi. Non \u00e8 un caso, infatti, che l&#8217;Enac, a cui queste funzioni sono purtroppo deputate dall&#8217;ordinamento vigente, non si sia accorta delle ragnatele di fili, cavi, ecc. presenti ovunque nel territorio nazionale e che spesso anzi sia preferibile nascondersi paradossalmente dietro una serie di cavi&#8230;lli per connotare la mancata consapevolezza di quale sia in realt\u00e0 il problema degli ostacoli al volo: una pistola perennemente puntata alla tempia dell&#8217;equipaggio di un qualsiasi elicottero.<\/p>\n<p>Avanti, dunque, con l&#8217;attivit\u00e0 fondamentale che verr\u00e0 fatta con la Regione Veneto, di certo pi\u00f9 vicina nel comprendere istanze e necessit\u00e0 del territorio.<\/p>\n<p>Anche oggi, dunque, una piccola tappa conquistata con la fatica di sempre nel ricordo di chi non c&#8217;\u00e8 pi\u00f9 ed anche di chi dovr\u00e0 esserci ancora&#8230;<\/p>\n<p>Fabio Bristot &#8211; Rufus<\/p>","protected":false},"excerpt":{"rendered":"<p>Il Soccorso Alpino &#8220;Dolomiti Bellunesi&#8221; desidera ringraziare la Giunta della Regione Veneto nella figura del suo Presidente per aver alla fine costituito la Commissione prevista dalla Legge Regionale (n. 19\/12) sugli Ostacoli al Volo. Un passo significativo che ora permetter\u00e0 di lavorare nella concretezza delle proposte e delle determinazioni per aumentare la sicurezza di tutti [&hellip;]<\/p>\n","protected":false},"author":2,"featured_media":0,"comment_status":"closed","ping_status":"open","sticky":false,"template":"","format":"standard","meta":{"footnotes":""},"categories":[5,36,26],"tags":[],"class_list":["post-44271","post","type-post","status-publish","format-standard","category-cronaca","category-lavoro-economia","category-prima-pagina"],"yoast_head":"<!-- This site is optimized with the Yoast SEO plugin v28.4 - https:\/\/yoast.com\/product\/yoast-seo-wordpress\/ -->\n<title>Ostacoli al volo: Veneto prima regione a statuto ordinario ad aver legiferato  * di Fabio Bristot (Rufus) responsabile del Soccorso alpino - Bellunopress - Dolomiti<\/title>\n<meta name=\"robots\" content=\"index, follow, max-snippet:-1, max-image-preview:large, max-video-preview:-1\" \/>\n<link rel=\"canonical\" href=\"https:\/\/www.bellunopress.it\/fr\/2012\/11\/27\/ostacoli-al-volo-veneto-prima-regione-a-statuto-ordinario-ad-aver-legiferato-di-fabio-bristot-rufus-responsabile-del-soccorso-alpino\/\" \/>\n<meta property=\"og:locale\" content=\"fr_FR\" \/>\n<meta property=\"og:type\" content=\"article\" \/>\n<meta property=\"og:title\" content=\"Ostacoli al volo: Veneto prima regione a statuto ordinario ad aver legiferato  * di Fabio Bristot (Rufus) responsabile del Soccorso alpino - Bellunopress - Dolomiti\" \/>\n<meta property=\"og:description\" content=\"Il Soccorso Alpino &#8220;Dolomiti Bellunesi&#8221; desidera ringraziare la Giunta della Regione Veneto nella figura del suo Presidente per aver alla fine costituito la Commissione prevista dalla Legge Regionale (n. 19\/12) sugli Ostacoli al Volo. Un passo significativo che ora permetter\u00e0 di lavorare nella concretezza delle proposte e delle determinazioni per aumentare la sicurezza di tutti [&hellip;]\" \/>\n<meta property=\"og:url\" content=\"https:\/\/www.bellunopress.it\/fr\/2012\/11\/27\/ostacoli-al-volo-veneto-prima-regione-a-statuto-ordinario-ad-aver-legiferato-di-fabio-bristot-rufus-responsabile-del-soccorso-alpino\/\" \/>\n<meta property=\"og:site_name\" content=\"Bellunopress - Dolomiti\" \/>\n<meta property=\"article:publisher\" content=\"https:\/\/www.facebook.com\/profile.php?id=100008943462799\" \/>\n<meta property=\"article:published_time\" content=\"2012-11-27T19:45:06+00:00\" \/>\n<meta property=\"og:image\" content=\"http:\/\/www.bellunopress.it\/wp-content\/uploads\/2009\/02\/fabio-bristot-rufus-delegato-socc-alpino-bl.jpg\" \/>\n<meta name=\"author\" content=\"redazione\" \/>\n<meta name=\"twitter:card\" content=\"summary_large_image\" \/>\n<meta name=\"twitter:creator\" content=\"@bellunopress\" \/>\n<meta name=\"twitter:site\" content=\"@bellunopress\" \/>\n<meta name=\"twitter:label1\" content=\"\u00c9crit par\" \/>\n\t<meta name=\"twitter:data1\" content=\"redazione\" \/>\n\t<meta name=\"twitter:label2\" content=\"Dur\u00e9e de lecture estim\u00e9e\" \/>\n\t<meta name=\"twitter:data2\" content=\"2 minutes\" \/>\n<script type=\"application\/ld+json\" class=\"yoast-schema-graph\">{\"@context\":\"https:\\\/\\\/schema.org\",\"@graph\":[{\"@type\":\"Article\",\"@id\":\"https:\\\/\\\/www.bellunopress.it\\\/2012\\\/11\\\/27\\\/ostacoli-al-volo-veneto-prima-regione-a-statuto-ordinario-ad-aver-legiferato-di-fabio-bristot-rufus-responsabile-del-soccorso-alpino\\\/#article\",\"isPartOf\":{\"@id\":\"https:\\\/\\\/www.bellunopress.it\\\/2012\\\/11\\\/27\\\/ostacoli-al-volo-veneto-prima-regione-a-statuto-ordinario-ad-aver-legiferato-di-fabio-bristot-rufus-responsabile-del-soccorso-alpino\\\/\"},\"author\":{\"name\":\"redazione\",\"@id\":\"https:\\\/\\\/www.bellunopress.it\\\/#\\\/schema\\\/person\\\/79bb06722b37ece1c03d3e94beb30d73\"},\"headline\":\"Ostacoli al volo: Veneto prima regione a statuto ordinario ad aver legiferato * di Fabio Bristot (Rufus) responsabile del Soccorso alpino\",\"datePublished\":\"2012-11-27T19:45:06+00:00\",\"mainEntityOfPage\":{\"@id\":\"https:\\\/\\\/www.bellunopress.it\\\/2012\\\/11\\\/27\\\/ostacoli-al-volo-veneto-prima-regione-a-statuto-ordinario-ad-aver-legiferato-di-fabio-bristot-rufus-responsabile-del-soccorso-alpino\\\/\"},\"wordCount\":388,\"publisher\":{\"@id\":\"https:\\\/\\\/www.bellunopress.it\\\/#organization\"},\"image\":{\"@id\":\"https:\\\/\\\/www.bellunopress.it\\\/2012\\\/11\\\/27\\\/ostacoli-al-volo-veneto-prima-regione-a-statuto-ordinario-ad-aver-legiferato-di-fabio-bristot-rufus-responsabile-del-soccorso-alpino\\\/#primaryimage\"},\"thumbnailUrl\":\"http:\\\/\\\/www.bellunopress.it\\\/wp-content\\\/uploads\\\/2009\\\/02\\\/fabio-bristot-rufus-delegato-socc-alpino-bl.jpg\",\"articleSection\":[\"Cronaca\\\/Politica\",\"Lavoro, Economia, Turismo\",\"Prima Pagina\"],\"inLanguage\":\"fr-FR\"},{\"@type\":\"WebPage\",\"@id\":\"https:\\\/\\\/www.bellunopress.it\\\/2012\\\/11\\\/27\\\/ostacoli-al-volo-veneto-prima-regione-a-statuto-ordinario-ad-aver-legiferato-di-fabio-bristot-rufus-responsabile-del-soccorso-alpino\\\/\",\"url\":\"https:\\\/\\\/www.bellunopress.it\\\/2012\\\/11\\\/27\\\/ostacoli-al-volo-veneto-prima-regione-a-statuto-ordinario-ad-aver-legiferato-di-fabio-bristot-rufus-responsabile-del-soccorso-alpino\\\/\",\"name\":\"Ostacoli al volo: Veneto prima regione a statuto ordinario ad aver legiferato * di Fabio Bristot (Rufus) responsabile del Soccorso alpino - Bellunopress - Dolomiti\",\"isPartOf\":{\"@id\":\"https:\\\/\\\/www.bellunopress.it\\\/#website\"},\"primaryImageOfPage\":{\"@id\":\"https:\\\/\\\/www.bellunopress.it\\\/2012\\\/11\\\/27\\\/ostacoli-al-volo-veneto-prima-regione-a-statuto-ordinario-ad-aver-legiferato-di-fabio-bristot-rufus-responsabile-del-soccorso-alpino\\\/#primaryimage\"},\"image\":{\"@id\":\"https:\\\/\\\/www.bellunopress.it\\\/2012\\\/11\\\/27\\\/ostacoli-al-volo-veneto-prima-regione-a-statuto-ordinario-ad-aver-legiferato-di-fabio-bristot-rufus-responsabile-del-soccorso-alpino\\\/#primaryimage\"},\"thumbnailUrl\":\"http:\\\/\\\/www.bellunopress.it\\\/wp-content\\\/uploads\\\/2009\\\/02\\\/fabio-bristot-rufus-delegato-socc-alpino-bl.jpg\",\"datePublished\":\"2012-11-27T19:45:06+00:00\",\"breadcrumb\":{\"@id\":\"https:\\\/\\\/www.bellunopress.it\\\/2012\\\/11\\\/27\\\/ostacoli-al-volo-veneto-prima-regione-a-statuto-ordinario-ad-aver-legiferato-di-fabio-bristot-rufus-responsabile-del-soccorso-alpino\\\/#breadcrumb\"},\"inLanguage\":\"fr-FR\",\"potentialAction\":[{\"@type\":\"ReadAction\",\"target\":[\"https:\\\/\\\/www.bellunopress.it\\\/2012\\\/11\\\/27\\\/ostacoli-al-volo-veneto-prima-regione-a-statuto-ordinario-ad-aver-legiferato-di-fabio-bristot-rufus-responsabile-del-soccorso-alpino\\\/\"]}]},{\"@type\":\"ImageObject\",\"inLanguage\":\"fr-FR\",\"@id\":\"https:\\\/\\\/www.bellunopress.it\\\/2012\\\/11\\\/27\\\/ostacoli-al-volo-veneto-prima-regione-a-statuto-ordinario-ad-aver-legiferato-di-fabio-bristot-rufus-responsabile-del-soccorso-alpino\\\/#primaryimage\",\"url\":\"http:\\\/\\\/www.bellunopress.it\\\/wp-content\\\/uploads\\\/2009\\\/02\\\/fabio-bristot-rufus-delegato-socc-alpino-bl.jpg\",\"contentUrl\":\"http:\\\/\\\/www.bellunopress.it\\\/wp-content\\\/uploads\\\/2009\\\/02\\\/fabio-bristot-rufus-delegato-socc-alpino-bl.jpg\"},{\"@type\":\"BreadcrumbList\",\"@id\":\"https:\\\/\\\/www.bellunopress.it\\\/2012\\\/11\\\/27\\\/ostacoli-al-volo-veneto-prima-regione-a-statuto-ordinario-ad-aver-legiferato-di-fabio-bristot-rufus-responsabile-del-soccorso-alpino\\\/#breadcrumb\",\"itemListElement\":[{\"@type\":\"ListItem\",\"position\":1,\"name\":\"Home\",\"item\":\"https:\\\/\\\/www.bellunopress.it\\\/\"},{\"@type\":\"ListItem\",\"position\":2,\"name\":\"Ostacoli al volo: Veneto prima regione a statuto ordinario ad aver legiferato * di Fabio Bristot (Rufus) responsabile del Soccorso alpino\"}]},{\"@type\":\"WebSite\",\"@id\":\"https:\\\/\\\/www.bellunopress.it\\\/#website\",\"url\":\"https:\\\/\\\/www.bellunopress.it\\\/\",\"name\":\"Bellunopress - Dolomiti\",\"description\":\"e-mail: redazione@bellunopress.it\",\"publisher\":{\"@id\":\"https:\\\/\\\/www.bellunopress.it\\\/#organization\"},\"potentialAction\":[{\"@type\":\"SearchAction\",\"target\":{\"@type\":\"EntryPoint\",\"urlTemplate\":\"https:\\\/\\\/www.bellunopress.it\\\/?s={search_term_string}\"},\"query-input\":{\"@type\":\"PropertyValueSpecification\",\"valueRequired\":true,\"valueName\":\"search_term_string\"}}],\"inLanguage\":\"fr-FR\"},{\"@type\":\"Organization\",\"@id\":\"https:\\\/\\\/www.bellunopress.it\\\/#organization\",\"name\":\"Bellunopress\",\"url\":\"https:\\\/\\\/www.bellunopress.it\\\/\",\"logo\":{\"@type\":\"ImageObject\",\"inLanguage\":\"fr-FR\",\"@id\":\"https:\\\/\\\/www.bellunopress.it\\\/#\\\/schema\\\/logo\\\/image\\\/\",\"url\":\"https:\\\/\\\/www.bellunopress.it\\\/wp-content\\\/uploads\\\/2011\\\/05\\\/cropped-logo-bellunopress-.jpg\",\"contentUrl\":\"https:\\\/\\\/www.bellunopress.it\\\/wp-content\\\/uploads\\\/2011\\\/05\\\/cropped-logo-bellunopress-.jpg\",\"width\":512,\"height\":512,\"caption\":\"Bellunopress\"},\"image\":{\"@id\":\"https:\\\/\\\/www.bellunopress.it\\\/#\\\/schema\\\/logo\\\/image\\\/\"},\"sameAs\":[\"https:\\\/\\\/www.facebook.com\\\/profile.php?id=100008943462799\",\"https:\\\/\\\/x.com\\\/bellunopress\",\"https:\\\/\\\/www.linkedin.com\\\/hp\\\/?dnr=JBzUWaJfMUw8vbXJJ2tVW5-I3jZKvC4wsoxE&amp;amp;amp;amp;amp;amp;trk=nav_responsive_tab_home\",\"https:\\\/\\\/www.youtube.com\\\/channel\\\/UCxL0wu1uN0_3_7hGG0306cw\"]},{\"@type\":\"Person\",\"@id\":\"https:\\\/\\\/www.bellunopress.it\\\/#\\\/schema\\\/person\\\/79bb06722b37ece1c03d3e94beb30d73\",\"name\":\"redazione\",\"image\":{\"@type\":\"ImageObject\",\"inLanguage\":\"fr-FR\",\"@id\":\"https:\\\/\\\/secure.gravatar.com\\\/avatar\\\/37d968a2e67a6fd04c169c4bdef102d0bc5d31b2546345219e348575eb80e9a0?s=96&d=mm&r=g\",\"url\":\"https:\\\/\\\/secure.gravatar.com\\\/avatar\\\/37d968a2e67a6fd04c169c4bdef102d0bc5d31b2546345219e348575eb80e9a0?s=96&d=mm&r=g\",\"contentUrl\":\"https:\\\/\\\/secure.gravatar.com\\\/avatar\\\/37d968a2e67a6fd04c169c4bdef102d0bc5d31b2546345219e348575eb80e9a0?s=96&d=mm&r=g\",\"caption\":\"redazione\"},\"sameAs\":[\"http:\\\/\\\/www.bellunopress.it\",\"https:\\\/\\\/x.com\\\/bellunopress\"],\"url\":\"https:\\\/\\\/www.bellunopress.it\\\/fr\\\/author\\\/redazione\\\/\"}]}<\/script>\n<!-- \/ Yoast SEO plugin. -->","yoast_head_json":{"title":"Ostacoli al volo: Veneto prima regione a statuto ordinario ad aver legiferato  * di Fabio Bristot (Rufus) responsabile del Soccorso alpino - Bellunopress - Dolomiti","robots":{"index":"index","follow":"follow","max-snippet":"max-snippet:-1","max-image-preview":"max-image-preview:large","max-video-preview":"max-video-preview:-1"},"canonical":"https:\/\/www.bellunopress.it\/fr\/2012\/11\/27\/ostacoli-al-volo-veneto-prima-regione-a-statuto-ordinario-ad-aver-legiferato-di-fabio-bristot-rufus-responsabile-del-soccorso-alpino\/","og_locale":"fr_FR","og_type":"article","og_title":"Ostacoli al volo: Veneto prima regione a statuto ordinario ad aver legiferato  * di Fabio Bristot (Rufus) responsabile del Soccorso alpino - Bellunopress - Dolomiti","og_description":"Il Soccorso Alpino &#8220;Dolomiti Bellunesi&#8221; desidera ringraziare la Giunta della Regione Veneto nella figura del suo Presidente per aver alla fine costituito la Commissione prevista dalla Legge Regionale (n. 19\/12) sugli Ostacoli al Volo. Un passo significativo che ora permetter\u00e0 di lavorare nella concretezza delle proposte e delle determinazioni per aumentare la sicurezza di tutti [&hellip;]","og_url":"https:\/\/www.bellunopress.it\/fr\/2012\/11\/27\/ostacoli-al-volo-veneto-prima-regione-a-statuto-ordinario-ad-aver-legiferato-di-fabio-bristot-rufus-responsabile-del-soccorso-alpino\/","og_site_name":"Bellunopress - Dolomiti","article_publisher":"https:\/\/www.facebook.com\/profile.php?id=100008943462799","article_published_time":"2012-11-27T19:45:06+00:00","og_image":[{"url":"http:\/\/www.bellunopress.it\/wp-content\/uploads\/2009\/02\/fabio-bristot-rufus-delegato-socc-alpino-bl.jpg","type":"","width":"","height":""}],"author":"redazione","twitter_card":"summary_large_image","twitter_creator":"@bellunopress","twitter_site":"@bellunopress","twitter_misc":{"\u00c9crit par":"redazione","Dur\u00e9e de lecture estim\u00e9e":"2 minutes"},"schema":{"@context":"https:\/\/schema.org","@graph":[{"@type":"Article","@id":"https:\/\/www.bellunopress.it\/2012\/11\/27\/ostacoli-al-volo-veneto-prima-regione-a-statuto-ordinario-ad-aver-legiferato-di-fabio-bristot-rufus-responsabile-del-soccorso-alpino\/#article","isPartOf":{"@id":"https:\/\/www.bellunopress.it\/2012\/11\/27\/ostacoli-al-volo-veneto-prima-regione-a-statuto-ordinario-ad-aver-legiferato-di-fabio-bristot-rufus-responsabile-del-soccorso-alpino\/"},"author":{"name":"redazione","@id":"https:\/\/www.bellunopress.it\/#\/schema\/person\/79bb06722b37ece1c03d3e94beb30d73"},"headline":"Ostacoli al volo: Veneto prima regione a statuto ordinario ad aver legiferato * di Fabio Bristot (Rufus) responsabile del Soccorso alpino","datePublished":"2012-11-27T19:45:06+00:00","mainEntityOfPage":{"@id":"https:\/\/www.bellunopress.it\/2012\/11\/27\/ostacoli-al-volo-veneto-prima-regione-a-statuto-ordinario-ad-aver-legiferato-di-fabio-bristot-rufus-responsabile-del-soccorso-alpino\/"},"wordCount":388,"publisher":{"@id":"https:\/\/www.bellunopress.it\/#organization"},"image":{"@id":"https:\/\/www.bellunopress.it\/2012\/11\/27\/ostacoli-al-volo-veneto-prima-regione-a-statuto-ordinario-ad-aver-legiferato-di-fabio-bristot-rufus-responsabile-del-soccorso-alpino\/#primaryimage"},"thumbnailUrl":"http:\/\/www.bellunopress.it\/wp-content\/uploads\/2009\/02\/fabio-bristot-rufus-delegato-socc-alpino-bl.jpg","articleSection":["Cronaca\/Politica","Lavoro, Economia, Turismo","Prima Pagina"],"inLanguage":"fr-FR"},{"@type":"WebPage","@id":"https:\/\/www.bellunopress.it\/2012\/11\/27\/ostacoli-al-volo-veneto-prima-regione-a-statuto-ordinario-ad-aver-legiferato-di-fabio-bristot-rufus-responsabile-del-soccorso-alpino\/","url":"https:\/\/www.bellunopress.it\/2012\/11\/27\/ostacoli-al-volo-veneto-prima-regione-a-statuto-ordinario-ad-aver-legiferato-di-fabio-bristot-rufus-responsabile-del-soccorso-alpino\/","name":"Ostacoli al volo: Veneto prima regione a statuto ordinario ad aver legiferato * di Fabio Bristot (Rufus) responsabile del Soccorso alpino - Bellunopress - Dolomiti","isPartOf":{"@id":"https:\/\/www.bellunopress.it\/#website"},"primaryImageOfPage":{"@id":"https:\/\/www.bellunopress.it\/2012\/11\/27\/ostacoli-al-volo-veneto-prima-regione-a-statuto-ordinario-ad-aver-legiferato-di-fabio-bristot-rufus-responsabile-del-soccorso-alpino\/#primaryimage"},"image":{"@id":"https:\/\/www.bellunopress.it\/2012\/11\/27\/ostacoli-al-volo-veneto-prima-regione-a-statuto-ordinario-ad-aver-legiferato-di-fabio-bristot-rufus-responsabile-del-soccorso-alpino\/#primaryimage"},"thumbnailUrl":"http:\/\/www.bellunopress.it\/wp-content\/uploads\/2009\/02\/fabio-bristot-rufus-delegato-socc-alpino-bl.jpg","datePublished":"2012-11-27T19:45:06+00:00","breadcrumb":{"@id":"https:\/\/www.bellunopress.it\/2012\/11\/27\/ostacoli-al-volo-veneto-prima-regione-a-statuto-ordinario-ad-aver-legiferato-di-fabio-bristot-rufus-responsabile-del-soccorso-alpino\/#breadcrumb"},"inLanguage":"fr-FR","potentialAction":[{"@type":"ReadAction","target":["https:\/\/www.bellunopress.it\/2012\/11\/27\/ostacoli-al-volo-veneto-prima-regione-a-statuto-ordinario-ad-aver-legiferato-di-fabio-bristot-rufus-responsabile-del-soccorso-alpino\/"]}]},{"@type":"ImageObject","inLanguage":"fr-FR","@id":"https:\/\/www.bellunopress.it\/2012\/11\/27\/ostacoli-al-volo-veneto-prima-regione-a-statuto-ordinario-ad-aver-legiferato-di-fabio-bristot-rufus-responsabile-del-soccorso-alpino\/#primaryimage","url":"http:\/\/www.bellunopress.it\/wp-content\/uploads\/2009\/02\/fabio-bristot-rufus-delegato-socc-alpino-bl.jpg","contentUrl":"http:\/\/www.bellunopress.it\/wp-content\/uploads\/2009\/02\/fabio-bristot-rufus-delegato-socc-alpino-bl.jpg"},{"@type":"BreadcrumbList","@id":"https:\/\/www.bellunopress.it\/2012\/11\/27\/ostacoli-al-volo-veneto-prima-regione-a-statuto-ordinario-ad-aver-legiferato-di-fabio-bristot-rufus-responsabile-del-soccorso-alpino\/#breadcrumb","itemListElement":[{"@type":"ListItem","position":1,"name":"Home","item":"https:\/\/www.bellunopress.it\/"},{"@type":"ListItem","position":2,"name":"Ostacoli al volo: Veneto prima regione a statuto ordinario ad aver legiferato * di Fabio Bristot (Rufus) responsabile del Soccorso alpino"}]},{"@type":"WebSite","@id":"https:\/\/www.bellunopress.it\/#website","url":"https:\/\/www.bellunopress.it\/","name":"Bellunopress - Dolomiti","description":"e-mail: redazione@bellunopress.it","publisher":{"@id":"https:\/\/www.bellunopress.it\/#organization"},"potentialAction":[{"@type":"SearchAction","target":{"@type":"EntryPoint","urlTemplate":"https:\/\/www.bellunopress.it\/?s={search_term_string}"},"query-input":{"@type":"PropertyValueSpecification","valueRequired":true,"valueName":"search_term_string"}}],"inLanguage":"fr-FR"},{"@type":"Organization","@id":"https:\/\/www.bellunopress.it\/#organization","name":"Bellunopress","url":"https:\/\/www.bellunopress.it\/","logo":{"@type":"ImageObject","inLanguage":"fr-FR","@id":"https:\/\/www.bellunopress.it\/#\/schema\/logo\/image\/","url":"https:\/\/www.bellunopress.it\/wp-content\/uploads\/2011\/05\/cropped-logo-bellunopress-.jpg","contentUrl":"https:\/\/www.bellunopress.it\/wp-content\/uploads\/2011\/05\/cropped-logo-bellunopress-.jpg","width":512,"height":512,"caption":"Bellunopress"},"image":{"@id":"https:\/\/www.bellunopress.it\/#\/schema\/logo\/image\/"},"sameAs":["https:\/\/www.facebook.com\/profile.php?id=100008943462799","https:\/\/x.com\/bellunopress","https:\/\/www.linkedin.com\/hp\/?dnr=JBzUWaJfMUw8vbXJJ2tVW5-I3jZKvC4wsoxE&amp;amp;amp;amp;amp;amp;trk=nav_responsive_tab_home","https:\/\/www.youtube.com\/channel\/UCxL0wu1uN0_3_7hGG0306cw"]},{"@type":"Person","@id":"https:\/\/www.bellunopress.it\/#\/schema\/person\/79bb06722b37ece1c03d3e94beb30d73","name":"r\u00e9daction","image":{"@type":"ImageObject","inLanguage":"fr-FR","@id":"https:\/\/secure.gravatar.com\/avatar\/37d968a2e67a6fd04c169c4bdef102d0bc5d31b2546345219e348575eb80e9a0?s=96&d=mm&r=g","url":"https:\/\/secure.gravatar.com\/avatar\/37d968a2e67a6fd04c169c4bdef102d0bc5d31b2546345219e348575eb80e9a0?s=96&d=mm&r=g","contentUrl":"https:\/\/secure.gravatar.com\/avatar\/37d968a2e67a6fd04c169c4bdef102d0bc5d31b2546345219e348575eb80e9a0?s=96&d=mm&r=g","caption":"redazione"},"sameAs":["http:\/\/www.bellunopress.it","https:\/\/x.com\/bellunopress"],"url":"https:\/\/www.bellunopress.it\/fr\/author\/redazione\/"}]}},"_links":{"self":[{"href":"https:\/\/www.bellunopress.it\/fr\/wp-json\/wp\/v2\/posts\/44271","targetHints":{"allow":["GET"]}}],"collection":[{"href":"https:\/\/www.bellunopress.it\/fr\/wp-json\/wp\/v2\/posts"}],"about":[{"href":"https:\/\/www.bellunopress.it\/fr\/wp-json\/wp\/v2\/types\/post"}],"author":[{"embeddable":true,"href":"https:\/\/www.bellunopress.it\/fr\/wp-json\/wp\/v2\/users\/2"}],"replies":[{"embeddable":true,"href":"https:\/\/www.bellunopress.it\/fr\/wp-json\/wp\/v2\/comments?post=44271"}],"version-history":[{"count":1,"href":"https:\/\/www.bellunopress.it\/fr\/wp-json\/wp\/v2\/posts\/44271\/revisions"}],"predecessor-version":[{"id":44272,"href":"https:\/\/www.bellunopress.it\/fr\/wp-json\/wp\/v2\/posts\/44271\/revisions\/44272"}],"wp:attachment":[{"href":"https:\/\/www.bellunopress.it\/fr\/wp-json\/wp\/v2\/media?parent=44271"}],"wp:term":[{"taxonomy":"category","embeddable":true,"href":"https:\/\/www.bellunopress.it\/fr\/wp-json\/wp\/v2\/categories?post=44271"},{"taxonomy":"post_tag","embeddable":true,"href":"https:\/\/www.bellunopress.it\/fr\/wp-json\/wp\/v2\/tags?post=44271"}],"curies":[{"name":"wp","href":"https:\/\/api.w.org\/{rel}","templated":true}]}}