{"id":44257,"date":"2012-11-27T08:36:25","date_gmt":"2012-11-27T07:36:25","guid":{"rendered":"http:\/\/www.bellunopress.it\/?p=44257"},"modified":"2012-11-27T08:36:25","modified_gmt":"2012-11-27T07:36:25","slug":"diffamazione-ddl-affossato-ma-il-carcere-resta-necessaria-una-nuova-legge-degna-di-questo-nome","status":"publish","type":"post","link":"https:\/\/www.bellunopress.it\/fr\/2012\/11\/27\/diffamazione-ddl-affossato-ma-il-carcere-resta-necessaria-una-nuova-legge-degna-di-questo-nome\/","title":{"rendered":"Diffamazione, ddl affossato ma il carcere resta. Necessaria una nuova legge, degna di questo nome"},"content":{"rendered":"<p><a href=\"http:\/\/www.bellunopress.it\/wp-content\/uploads\/2012\/10\/anso-associazione-stampa-on-line.png\"><img loading=\"lazy\" decoding=\"async\" class=\"alignleft size-full wp-image-43260\" title=\"anso  associazione stampa on line\" src=\"http:\/\/www.bellunopress.it\/wp-content\/uploads\/2012\/10\/anso-associazione-stampa-on-line.png\" alt=\"\" width=\"283\" height=\"83\" \/><\/a>L\u2019articolo 1 della vergogna \u00e8 stato bocciato. Grazie allo scrupolo di coscienza di alcuni dei nostri politici che per mezzo dello scrutinio segreto non sono stati sottoposti a diktat di partito, il ddl diffamazione non sarebbe pi\u00f9 una minaccia.<\/p>\n<p>Il Senato ha respinto l\u2019articolo 1, affossando di fatto in maniera definitiva l\u2019intero provvedimento. Il disegno di legge rimarr\u00e0 lettera morta.<\/p>\n<p>Questi i risultati delle votazioni: 123 contrari, 29 favorevoli, 9 gli astenuti.<\/p>\n<p>Una considerazione giunge spontanea: tempo perso dietro a un disegno di legge inutile e dannoso, cos\u00ec some era stato concepito.<\/p>\n<p>ANSO si ritiene sollevata da quanto comunicato da Palazzo Madama, e anche orgogliosa del lavoro di contatti e di informazione svolto nelle scorse settimane, ma il problema rimane.<\/p>\n<p>Il carcere per i giornalisti \u00e8 ancora previsto dalla legge in vigore, la numero 47 del 1948.<\/p>\n<p>La libert\u00e0 di fare informazione \u00e8 comunque sempre sotto scacco di possibili querele intimidatorie.<\/p>\n<p>Ci\u00f2 che lascia sconcertati \u00e8 l\u2019ennesima perdita di un\u2019occasione: non \u00e8 stato sfruttato bene il tempo, ne le risorse in campo, per produrre un testo di legge degno di questo nome e che tenesse conto delle parti in causa. E che tenesse da conto la natura dell\u2019informazione online.<\/p>\n<p>ANSO si augura che appena possibile ci si rimetta al lavoro per una nuova legge sulla diffamazione, e in aggiunta sull\u2019editoria online, aprendo un tavolo di discussione e di confronto con tutte le rappresentanze di categoria.<\/p>\n<p>La posta in gioco \u00e8 alta ed \u00e8 bene che una nuova legge nasca nella massima condivisione.<\/p>","protected":false},"excerpt":{"rendered":"<p>L\u2019articolo 1 della vergogna \u00e8 stato bocciato. Grazie allo scrupolo di coscienza di alcuni dei nostri politici che per mezzo dello scrutinio segreto non sono stati sottoposti a diktat di partito, il ddl diffamazione non sarebbe pi\u00f9 una minaccia. Il Senato ha respinto l\u2019articolo 1, affossando di fatto in maniera definitiva l\u2019intero provvedimento. Il disegno [&hellip;]<\/p>\n","protected":false},"author":2,"featured_media":0,"comment_status":"closed","ping_status":"open","sticky":false,"template":"","format":"standard","meta":{"footnotes":""},"categories":[5,26],"tags":[],"class_list":["post-44257","post","type-post","status-publish","format-standard","category-cronaca","category-prima-pagina"],"yoast_head":"<!-- This site is optimized with the Yoast SEO plugin v28.4 - https:\/\/yoast.com\/product\/yoast-seo-wordpress\/ -->\n<title>Diffamazione, ddl affossato ma il carcere resta. Necessaria una nuova legge, degna di questo nome - Bellunopress - Dolomiti<\/title>\n<meta name=\"robots\" content=\"index, follow, max-snippet:-1, max-image-preview:large, max-video-preview:-1\" \/>\n<link rel=\"canonical\" href=\"https:\/\/www.bellunopress.it\/fr\/2012\/11\/27\/diffamazione-ddl-affossato-ma-il-carcere-resta-necessaria-una-nuova-legge-degna-di-questo-nome\/\" \/>\n<meta property=\"og:locale\" content=\"fr_FR\" \/>\n<meta property=\"og:type\" content=\"article\" \/>\n<meta property=\"og:title\" content=\"Diffamazione, ddl affossato ma il carcere resta. Necessaria una nuova legge, degna di questo nome - Bellunopress - Dolomiti\" \/>\n<meta property=\"og:description\" content=\"L\u2019articolo 1 della vergogna \u00e8 stato bocciato. Grazie allo scrupolo di coscienza di alcuni dei nostri politici che per mezzo dello scrutinio segreto non sono stati sottoposti a diktat di partito, il ddl diffamazione non sarebbe pi\u00f9 una minaccia. Il Senato ha respinto l\u2019articolo 1, affossando di fatto in maniera definitiva l\u2019intero provvedimento. Il disegno [&hellip;]\" \/>\n<meta property=\"og:url\" content=\"https:\/\/www.bellunopress.it\/fr\/2012\/11\/27\/diffamazione-ddl-affossato-ma-il-carcere-resta-necessaria-una-nuova-legge-degna-di-questo-nome\/\" \/>\n<meta property=\"og:site_name\" content=\"Bellunopress - Dolomiti\" \/>\n<meta property=\"article:publisher\" content=\"https:\/\/www.facebook.com\/profile.php?id=100008943462799\" \/>\n<meta property=\"article:published_time\" content=\"2012-11-27T07:36:25+00:00\" \/>\n<meta property=\"og:image\" content=\"http:\/\/www.bellunopress.it\/wp-content\/uploads\/2012\/10\/anso-associazione-stampa-on-line.png\" \/>\n<meta name=\"author\" content=\"redazione\" \/>\n<meta name=\"twitter:card\" content=\"summary_large_image\" \/>\n<meta name=\"twitter:creator\" content=\"@bellunopress\" \/>\n<meta name=\"twitter:site\" content=\"@bellunopress\" \/>\n<meta name=\"twitter:label1\" content=\"\u00c9crit par\" \/>\n\t<meta name=\"twitter:data1\" content=\"redazione\" \/>\n\t<meta name=\"twitter:label2\" content=\"Dur\u00e9e de lecture estim\u00e9e\" \/>\n\t<meta name=\"twitter:data2\" content=\"1 minute\" \/>\n<script type=\"application\/ld+json\" class=\"yoast-schema-graph\">{\"@context\":\"https:\\\/\\\/schema.org\",\"@graph\":[{\"@type\":\"Article\",\"@id\":\"https:\\\/\\\/www.bellunopress.it\\\/2012\\\/11\\\/27\\\/diffamazione-ddl-affossato-ma-il-carcere-resta-necessaria-una-nuova-legge-degna-di-questo-nome\\\/#article\",\"isPartOf\":{\"@id\":\"https:\\\/\\\/www.bellunopress.it\\\/2012\\\/11\\\/27\\\/diffamazione-ddl-affossato-ma-il-carcere-resta-necessaria-una-nuova-legge-degna-di-questo-nome\\\/\"},\"author\":{\"name\":\"redazione\",\"@id\":\"https:\\\/\\\/www.bellunopress.it\\\/#\\\/schema\\\/person\\\/79bb06722b37ece1c03d3e94beb30d73\"},\"headline\":\"Diffamazione, ddl affossato ma il carcere resta. Necessaria una nuova legge, degna di questo nome\",\"datePublished\":\"2012-11-27T07:36:25+00:00\",\"mainEntityOfPage\":{\"@id\":\"https:\\\/\\\/www.bellunopress.it\\\/2012\\\/11\\\/27\\\/diffamazione-ddl-affossato-ma-il-carcere-resta-necessaria-una-nuova-legge-degna-di-questo-nome\\\/\"},\"wordCount\":260,\"publisher\":{\"@id\":\"https:\\\/\\\/www.bellunopress.it\\\/#organization\"},\"image\":{\"@id\":\"https:\\\/\\\/www.bellunopress.it\\\/2012\\\/11\\\/27\\\/diffamazione-ddl-affossato-ma-il-carcere-resta-necessaria-una-nuova-legge-degna-di-questo-nome\\\/#primaryimage\"},\"thumbnailUrl\":\"http:\\\/\\\/www.bellunopress.it\\\/wp-content\\\/uploads\\\/2012\\\/10\\\/anso-associazione-stampa-on-line.png\",\"articleSection\":[\"Cronaca\\\/Politica\",\"Prima Pagina\"],\"inLanguage\":\"fr-FR\"},{\"@type\":\"WebPage\",\"@id\":\"https:\\\/\\\/www.bellunopress.it\\\/2012\\\/11\\\/27\\\/diffamazione-ddl-affossato-ma-il-carcere-resta-necessaria-una-nuova-legge-degna-di-questo-nome\\\/\",\"url\":\"https:\\\/\\\/www.bellunopress.it\\\/2012\\\/11\\\/27\\\/diffamazione-ddl-affossato-ma-il-carcere-resta-necessaria-una-nuova-legge-degna-di-questo-nome\\\/\",\"name\":\"Diffamazione, ddl affossato ma il carcere resta. Necessaria una nuova legge, degna di questo nome - Bellunopress - Dolomiti\",\"isPartOf\":{\"@id\":\"https:\\\/\\\/www.bellunopress.it\\\/#website\"},\"primaryImageOfPage\":{\"@id\":\"https:\\\/\\\/www.bellunopress.it\\\/2012\\\/11\\\/27\\\/diffamazione-ddl-affossato-ma-il-carcere-resta-necessaria-una-nuova-legge-degna-di-questo-nome\\\/#primaryimage\"},\"image\":{\"@id\":\"https:\\\/\\\/www.bellunopress.it\\\/2012\\\/11\\\/27\\\/diffamazione-ddl-affossato-ma-il-carcere-resta-necessaria-una-nuova-legge-degna-di-questo-nome\\\/#primaryimage\"},\"thumbnailUrl\":\"http:\\\/\\\/www.bellunopress.it\\\/wp-content\\\/uploads\\\/2012\\\/10\\\/anso-associazione-stampa-on-line.png\",\"datePublished\":\"2012-11-27T07:36:25+00:00\",\"breadcrumb\":{\"@id\":\"https:\\\/\\\/www.bellunopress.it\\\/2012\\\/11\\\/27\\\/diffamazione-ddl-affossato-ma-il-carcere-resta-necessaria-una-nuova-legge-degna-di-questo-nome\\\/#breadcrumb\"},\"inLanguage\":\"fr-FR\",\"potentialAction\":[{\"@type\":\"ReadAction\",\"target\":[\"https:\\\/\\\/www.bellunopress.it\\\/2012\\\/11\\\/27\\\/diffamazione-ddl-affossato-ma-il-carcere-resta-necessaria-una-nuova-legge-degna-di-questo-nome\\\/\"]}]},{\"@type\":\"ImageObject\",\"inLanguage\":\"fr-FR\",\"@id\":\"https:\\\/\\\/www.bellunopress.it\\\/2012\\\/11\\\/27\\\/diffamazione-ddl-affossato-ma-il-carcere-resta-necessaria-una-nuova-legge-degna-di-questo-nome\\\/#primaryimage\",\"url\":\"http:\\\/\\\/www.bellunopress.it\\\/wp-content\\\/uploads\\\/2012\\\/10\\\/anso-associazione-stampa-on-line.png\",\"contentUrl\":\"http:\\\/\\\/www.bellunopress.it\\\/wp-content\\\/uploads\\\/2012\\\/10\\\/anso-associazione-stampa-on-line.png\"},{\"@type\":\"BreadcrumbList\",\"@id\":\"https:\\\/\\\/www.bellunopress.it\\\/2012\\\/11\\\/27\\\/diffamazione-ddl-affossato-ma-il-carcere-resta-necessaria-una-nuova-legge-degna-di-questo-nome\\\/#breadcrumb\",\"itemListElement\":[{\"@type\":\"ListItem\",\"position\":1,\"name\":\"Home\",\"item\":\"https:\\\/\\\/www.bellunopress.it\\\/\"},{\"@type\":\"ListItem\",\"position\":2,\"name\":\"Diffamazione, ddl affossato ma il carcere resta. Necessaria una nuova legge, degna di questo nome\"}]},{\"@type\":\"WebSite\",\"@id\":\"https:\\\/\\\/www.bellunopress.it\\\/#website\",\"url\":\"https:\\\/\\\/www.bellunopress.it\\\/\",\"name\":\"Bellunopress - Dolomiti\",\"description\":\"e-mail: redazione@bellunopress.it\",\"publisher\":{\"@id\":\"https:\\\/\\\/www.bellunopress.it\\\/#organization\"},\"potentialAction\":[{\"@type\":\"SearchAction\",\"target\":{\"@type\":\"EntryPoint\",\"urlTemplate\":\"https:\\\/\\\/www.bellunopress.it\\\/?s={search_term_string}\"},\"query-input\":{\"@type\":\"PropertyValueSpecification\",\"valueRequired\":true,\"valueName\":\"search_term_string\"}}],\"inLanguage\":\"fr-FR\"},{\"@type\":\"Organization\",\"@id\":\"https:\\\/\\\/www.bellunopress.it\\\/#organization\",\"name\":\"Bellunopress\",\"url\":\"https:\\\/\\\/www.bellunopress.it\\\/\",\"logo\":{\"@type\":\"ImageObject\",\"inLanguage\":\"fr-FR\",\"@id\":\"https:\\\/\\\/www.bellunopress.it\\\/#\\\/schema\\\/logo\\\/image\\\/\",\"url\":\"https:\\\/\\\/www.bellunopress.it\\\/wp-content\\\/uploads\\\/2011\\\/05\\\/cropped-logo-bellunopress-.jpg\",\"contentUrl\":\"https:\\\/\\\/www.bellunopress.it\\\/wp-content\\\/uploads\\\/2011\\\/05\\\/cropped-logo-bellunopress-.jpg\",\"width\":512,\"height\":512,\"caption\":\"Bellunopress\"},\"image\":{\"@id\":\"https:\\\/\\\/www.bellunopress.it\\\/#\\\/schema\\\/logo\\\/image\\\/\"},\"sameAs\":[\"https:\\\/\\\/www.facebook.com\\\/profile.php?id=100008943462799\",\"https:\\\/\\\/x.com\\\/bellunopress\",\"https:\\\/\\\/www.linkedin.com\\\/hp\\\/?dnr=JBzUWaJfMUw8vbXJJ2tVW5-I3jZKvC4wsoxE&amp;amp;amp;amp;amp;amp;trk=nav_responsive_tab_home\",\"https:\\\/\\\/www.youtube.com\\\/channel\\\/UCxL0wu1uN0_3_7hGG0306cw\"]},{\"@type\":\"Person\",\"@id\":\"https:\\\/\\\/www.bellunopress.it\\\/#\\\/schema\\\/person\\\/79bb06722b37ece1c03d3e94beb30d73\",\"name\":\"redazione\",\"image\":{\"@type\":\"ImageObject\",\"inLanguage\":\"fr-FR\",\"@id\":\"https:\\\/\\\/secure.gravatar.com\\\/avatar\\\/37d968a2e67a6fd04c169c4bdef102d0bc5d31b2546345219e348575eb80e9a0?s=96&d=mm&r=g\",\"url\":\"https:\\\/\\\/secure.gravatar.com\\\/avatar\\\/37d968a2e67a6fd04c169c4bdef102d0bc5d31b2546345219e348575eb80e9a0?s=96&d=mm&r=g\",\"contentUrl\":\"https:\\\/\\\/secure.gravatar.com\\\/avatar\\\/37d968a2e67a6fd04c169c4bdef102d0bc5d31b2546345219e348575eb80e9a0?s=96&d=mm&r=g\",\"caption\":\"redazione\"},\"sameAs\":[\"http:\\\/\\\/www.bellunopress.it\",\"https:\\\/\\\/x.com\\\/bellunopress\"],\"url\":\"https:\\\/\\\/www.bellunopress.it\\\/fr\\\/author\\\/redazione\\\/\"}]}<\/script>\n<!-- \/ Yoast SEO plugin. -->","yoast_head_json":{"title":"Diffamazione, ddl affossato ma il carcere resta. Necessaria una nuova legge, degna di questo nome - Bellunopress - Dolomiti","robots":{"index":"index","follow":"follow","max-snippet":"max-snippet:-1","max-image-preview":"max-image-preview:large","max-video-preview":"max-video-preview:-1"},"canonical":"https:\/\/www.bellunopress.it\/fr\/2012\/11\/27\/diffamazione-ddl-affossato-ma-il-carcere-resta-necessaria-una-nuova-legge-degna-di-questo-nome\/","og_locale":"fr_FR","og_type":"article","og_title":"Diffamazione, ddl affossato ma il carcere resta. Necessaria una nuova legge, degna di questo nome - Bellunopress - Dolomiti","og_description":"L\u2019articolo 1 della vergogna \u00e8 stato bocciato. Grazie allo scrupolo di coscienza di alcuni dei nostri politici che per mezzo dello scrutinio segreto non sono stati sottoposti a diktat di partito, il ddl diffamazione non sarebbe pi\u00f9 una minaccia. Il Senato ha respinto l\u2019articolo 1, affossando di fatto in maniera definitiva l\u2019intero provvedimento. Il disegno [&hellip;]","og_url":"https:\/\/www.bellunopress.it\/fr\/2012\/11\/27\/diffamazione-ddl-affossato-ma-il-carcere-resta-necessaria-una-nuova-legge-degna-di-questo-nome\/","og_site_name":"Bellunopress - Dolomiti","article_publisher":"https:\/\/www.facebook.com\/profile.php?id=100008943462799","article_published_time":"2012-11-27T07:36:25+00:00","og_image":[{"url":"http:\/\/www.bellunopress.it\/wp-content\/uploads\/2012\/10\/anso-associazione-stampa-on-line.png","type":"","width":"","height":""}],"author":"redazione","twitter_card":"summary_large_image","twitter_creator":"@bellunopress","twitter_site":"@bellunopress","twitter_misc":{"\u00c9crit par":"redazione","Dur\u00e9e de lecture estim\u00e9e":"1 minute"},"schema":{"@context":"https:\/\/schema.org","@graph":[{"@type":"Article","@id":"https:\/\/www.bellunopress.it\/2012\/11\/27\/diffamazione-ddl-affossato-ma-il-carcere-resta-necessaria-una-nuova-legge-degna-di-questo-nome\/#article","isPartOf":{"@id":"https:\/\/www.bellunopress.it\/2012\/11\/27\/diffamazione-ddl-affossato-ma-il-carcere-resta-necessaria-una-nuova-legge-degna-di-questo-nome\/"},"author":{"name":"redazione","@id":"https:\/\/www.bellunopress.it\/#\/schema\/person\/79bb06722b37ece1c03d3e94beb30d73"},"headline":"Diffamazione, ddl affossato ma il carcere resta. Necessaria una nuova legge, degna di questo nome","datePublished":"2012-11-27T07:36:25+00:00","mainEntityOfPage":{"@id":"https:\/\/www.bellunopress.it\/2012\/11\/27\/diffamazione-ddl-affossato-ma-il-carcere-resta-necessaria-una-nuova-legge-degna-di-questo-nome\/"},"wordCount":260,"publisher":{"@id":"https:\/\/www.bellunopress.it\/#organization"},"image":{"@id":"https:\/\/www.bellunopress.it\/2012\/11\/27\/diffamazione-ddl-affossato-ma-il-carcere-resta-necessaria-una-nuova-legge-degna-di-questo-nome\/#primaryimage"},"thumbnailUrl":"http:\/\/www.bellunopress.it\/wp-content\/uploads\/2012\/10\/anso-associazione-stampa-on-line.png","articleSection":["Cronaca\/Politica","Prima Pagina"],"inLanguage":"fr-FR"},{"@type":"WebPage","@id":"https:\/\/www.bellunopress.it\/2012\/11\/27\/diffamazione-ddl-affossato-ma-il-carcere-resta-necessaria-una-nuova-legge-degna-di-questo-nome\/","url":"https:\/\/www.bellunopress.it\/2012\/11\/27\/diffamazione-ddl-affossato-ma-il-carcere-resta-necessaria-una-nuova-legge-degna-di-questo-nome\/","name":"Diffamazione, ddl affossato ma il carcere resta. Necessaria una nuova legge, degna di questo nome - Bellunopress - Dolomiti","isPartOf":{"@id":"https:\/\/www.bellunopress.it\/#website"},"primaryImageOfPage":{"@id":"https:\/\/www.bellunopress.it\/2012\/11\/27\/diffamazione-ddl-affossato-ma-il-carcere-resta-necessaria-una-nuova-legge-degna-di-questo-nome\/#primaryimage"},"image":{"@id":"https:\/\/www.bellunopress.it\/2012\/11\/27\/diffamazione-ddl-affossato-ma-il-carcere-resta-necessaria-una-nuova-legge-degna-di-questo-nome\/#primaryimage"},"thumbnailUrl":"http:\/\/www.bellunopress.it\/wp-content\/uploads\/2012\/10\/anso-associazione-stampa-on-line.png","datePublished":"2012-11-27T07:36:25+00:00","breadcrumb":{"@id":"https:\/\/www.bellunopress.it\/2012\/11\/27\/diffamazione-ddl-affossato-ma-il-carcere-resta-necessaria-una-nuova-legge-degna-di-questo-nome\/#breadcrumb"},"inLanguage":"fr-FR","potentialAction":[{"@type":"ReadAction","target":["https:\/\/www.bellunopress.it\/2012\/11\/27\/diffamazione-ddl-affossato-ma-il-carcere-resta-necessaria-una-nuova-legge-degna-di-questo-nome\/"]}]},{"@type":"ImageObject","inLanguage":"fr-FR","@id":"https:\/\/www.bellunopress.it\/2012\/11\/27\/diffamazione-ddl-affossato-ma-il-carcere-resta-necessaria-una-nuova-legge-degna-di-questo-nome\/#primaryimage","url":"http:\/\/www.bellunopress.it\/wp-content\/uploads\/2012\/10\/anso-associazione-stampa-on-line.png","contentUrl":"http:\/\/www.bellunopress.it\/wp-content\/uploads\/2012\/10\/anso-associazione-stampa-on-line.png"},{"@type":"BreadcrumbList","@id":"https:\/\/www.bellunopress.it\/2012\/11\/27\/diffamazione-ddl-affossato-ma-il-carcere-resta-necessaria-una-nuova-legge-degna-di-questo-nome\/#breadcrumb","itemListElement":[{"@type":"ListItem","position":1,"name":"Home","item":"https:\/\/www.bellunopress.it\/"},{"@type":"ListItem","position":2,"name":"Diffamazione, ddl affossato ma il carcere resta. Necessaria una nuova legge, degna di questo nome"}]},{"@type":"WebSite","@id":"https:\/\/www.bellunopress.it\/#website","url":"https:\/\/www.bellunopress.it\/","name":"Bellunopress - Dolomiti","description":"e-mail: redazione@bellunopress.it","publisher":{"@id":"https:\/\/www.bellunopress.it\/#organization"},"potentialAction":[{"@type":"SearchAction","target":{"@type":"EntryPoint","urlTemplate":"https:\/\/www.bellunopress.it\/?s={search_term_string}"},"query-input":{"@type":"PropertyValueSpecification","valueRequired":true,"valueName":"search_term_string"}}],"inLanguage":"fr-FR"},{"@type":"Organization","@id":"https:\/\/www.bellunopress.it\/#organization","name":"Bellunopress","url":"https:\/\/www.bellunopress.it\/","logo":{"@type":"ImageObject","inLanguage":"fr-FR","@id":"https:\/\/www.bellunopress.it\/#\/schema\/logo\/image\/","url":"https:\/\/www.bellunopress.it\/wp-content\/uploads\/2011\/05\/cropped-logo-bellunopress-.jpg","contentUrl":"https:\/\/www.bellunopress.it\/wp-content\/uploads\/2011\/05\/cropped-logo-bellunopress-.jpg","width":512,"height":512,"caption":"Bellunopress"},"image":{"@id":"https:\/\/www.bellunopress.it\/#\/schema\/logo\/image\/"},"sameAs":["https:\/\/www.facebook.com\/profile.php?id=100008943462799","https:\/\/x.com\/bellunopress","https:\/\/www.linkedin.com\/hp\/?dnr=JBzUWaJfMUw8vbXJJ2tVW5-I3jZKvC4wsoxE&amp;amp;amp;amp;amp;amp;trk=nav_responsive_tab_home","https:\/\/www.youtube.com\/channel\/UCxL0wu1uN0_3_7hGG0306cw"]},{"@type":"Person","@id":"https:\/\/www.bellunopress.it\/#\/schema\/person\/79bb06722b37ece1c03d3e94beb30d73","name":"r\u00e9daction","image":{"@type":"ImageObject","inLanguage":"fr-FR","@id":"https:\/\/secure.gravatar.com\/avatar\/37d968a2e67a6fd04c169c4bdef102d0bc5d31b2546345219e348575eb80e9a0?s=96&d=mm&r=g","url":"https:\/\/secure.gravatar.com\/avatar\/37d968a2e67a6fd04c169c4bdef102d0bc5d31b2546345219e348575eb80e9a0?s=96&d=mm&r=g","contentUrl":"https:\/\/secure.gravatar.com\/avatar\/37d968a2e67a6fd04c169c4bdef102d0bc5d31b2546345219e348575eb80e9a0?s=96&d=mm&r=g","caption":"redazione"},"sameAs":["http:\/\/www.bellunopress.it","https:\/\/x.com\/bellunopress"],"url":"https:\/\/www.bellunopress.it\/fr\/author\/redazione\/"}]}},"_links":{"self":[{"href":"https:\/\/www.bellunopress.it\/fr\/wp-json\/wp\/v2\/posts\/44257","targetHints":{"allow":["GET"]}}],"collection":[{"href":"https:\/\/www.bellunopress.it\/fr\/wp-json\/wp\/v2\/posts"}],"about":[{"href":"https:\/\/www.bellunopress.it\/fr\/wp-json\/wp\/v2\/types\/post"}],"author":[{"embeddable":true,"href":"https:\/\/www.bellunopress.it\/fr\/wp-json\/wp\/v2\/users\/2"}],"replies":[{"embeddable":true,"href":"https:\/\/www.bellunopress.it\/fr\/wp-json\/wp\/v2\/comments?post=44257"}],"version-history":[{"count":1,"href":"https:\/\/www.bellunopress.it\/fr\/wp-json\/wp\/v2\/posts\/44257\/revisions"}],"predecessor-version":[{"id":44258,"href":"https:\/\/www.bellunopress.it\/fr\/wp-json\/wp\/v2\/posts\/44257\/revisions\/44258"}],"wp:attachment":[{"href":"https:\/\/www.bellunopress.it\/fr\/wp-json\/wp\/v2\/media?parent=44257"}],"wp:term":[{"taxonomy":"category","embeddable":true,"href":"https:\/\/www.bellunopress.it\/fr\/wp-json\/wp\/v2\/categories?post=44257"},{"taxonomy":"post_tag","embeddable":true,"href":"https:\/\/www.bellunopress.it\/fr\/wp-json\/wp\/v2\/tags?post=44257"}],"curies":[{"name":"wp","href":"https:\/\/api.w.org\/{rel}","templated":true}]}}