{"id":44254,"date":"2012-11-27T11:00:54","date_gmt":"2012-11-27T10:00:54","guid":{"rendered":"http:\/\/www.bellunopress.it\/?p=44254"},"modified":"2012-11-27T08:29:52","modified_gmt":"2012-11-27T07:29:52","slug":"lappello-della-lac-di-belluno-lega-abolizione-caccia","status":"publish","type":"post","link":"https:\/\/www.bellunopress.it\/fr\/2012\/11\/27\/lappello-della-lac-di-belluno-lega-abolizione-caccia\/","title":{"rendered":"L&#8217;appello della Lac di Belluno, Lega abolizione caccia"},"content":{"rendered":"<p><a href=\"http:\/\/www.bellunopress.it\/wp-content\/uploads\/2012\/11\/Lac-no-alla-caccia-150x150.jpg\"><img loading=\"lazy\" decoding=\"async\" class=\"alignleft size-full wp-image-44255\" title=\"Lac no alla caccia 150x150\" src=\"http:\/\/www.bellunopress.it\/wp-content\/uploads\/2012\/11\/Lac-no-alla-caccia-150x150.jpg\" alt=\"\" width=\"148\" height=\"148\" \/><\/a>La presente locandina \u00e8 stata accolta con entusiasmo e sensibilit\u00e0 in oltre 50 scuole del Bellunese (unica eccezzione nel comune di Mel dove il preside ha acconsentito all&#8217;esposizione della locandina solo all&#8217;esterno della scuola dove ha avuto vita breve) e di questo voglio pubblicamente ringraziare i rispettivi presidi e direttori scolastici. Alla luce dell&#8217;ennesimo incidente di caccia che \u00e8 costato luned\u00ec scorso la morte ad un ragazzino di 13 anni gi\u00e0 appassionato di doppiette (la stagione venatoria di quest&#8217;anno ha fin&#8217;ora fatto 3 vittime fra i minori) ucciso da un ex carabiniere in pensione quindi sicuramente di grande esperienza nell&#8217;uso delle armi che pure ha sbagliato. Alla luce di simili tragedie quest&#8217; iniziativa non ha solo lo scopo di sensibilizzare i ragazzi al rispetto della vita di tutto ci\u00f2 che vive (&#8216;Io sono una vita che vuole vivere circondata da altre che vogliono vivere&#8217; Albert Schweizer premio Nobel per la Medicina), ma anche di tutelare la vita di questi ragazzi poich\u00e8 su una cosa credo possiamo essere tutti d&#8217;accordo quel ragazzino di 13 anni, evidentemente mal indirizzato dagli adulti, non ha potuto scegliere. Rivolgo quindi un appello a tutti gli insegnanti, presidi e direttori scolastici. NON FATE ENTRARE I CACCIATORI NELLE SCUOLE come \u00e8 stato fatto in alcune della sinistra Piave (il motivo per cui il preside di Mel non ha permesso l&#8217;esposizione della locandina all&#8217;interno avendo,a suo dire, iniziato una collabrazione con la riserva di caccia di Mel) sia pur sotto forma di &#8216;educazione ambientale&#8217;. Ricordo che per tenere pulito un bosco \u00e8 sufficiente un p\u00f2 di senso civico e sincero rispetto per la natura che mal si sposa con l&#8217;attivit\u00e0 venatoria visto che nell&#8217;ottobre scorso il TAR Veneto ha bloccato la caccia per motivi legati all&#8217;immissione del PIOMBO, i cui danni alla salute sono ampiamente dimostrati, nei nostri prati, orti, boschi. Mi appello infine a tutti i genitori affinch\u00e8 vigilino in tal senso sull&#8217;educazione dei propri figli, in particolare a tutte le madri affinch\u00e8 dissuadano i loro figli dall&#8217;imbracciare strumenti di morte che, nei boschi, vanno a massacrare i figli delle altre madri.<\/p>\n<p>Tamara Panciera &#8211; Lac Belluno<\/p>","protected":false},"excerpt":{"rendered":"<p>La presente locandina \u00e8 stata accolta con entusiasmo e sensibilit\u00e0 in oltre 50 scuole del Bellunese (unica eccezzione nel comune di Mel dove il preside ha acconsentito all&#8217;esposizione della locandina solo all&#8217;esterno della scuola dove ha avuto vita breve) e di questo voglio pubblicamente ringraziare i rispettivi presidi e direttori scolastici. Alla luce dell&#8217;ennesimo incidente [&hellip;]<\/p>\n","protected":false},"author":2,"featured_media":0,"comment_status":"closed","ping_status":"open","sticky":false,"template":"","format":"standard","meta":{"footnotes":""},"categories":[1,38,26],"tags":[],"class_list":["post-44254","post","type-post","status-publish","format-standard","category-leo","category-natura-ambiente","category-prima-pagina"],"yoast_head":"<!-- This site is optimized with the Yoast SEO plugin v28.4 - https:\/\/yoast.com\/product\/yoast-seo-wordpress\/ -->\n<title>L&#039;appello della Lac di Belluno, Lega abolizione caccia - Bellunopress - Dolomiti<\/title>\n<meta name=\"robots\" content=\"index, follow, max-snippet:-1, max-image-preview:large, max-video-preview:-1\" \/>\n<link rel=\"canonical\" href=\"https:\/\/www.bellunopress.it\/fr\/2012\/11\/27\/lappello-della-lac-di-belluno-lega-abolizione-caccia\/\" \/>\n<meta property=\"og:locale\" content=\"fr_FR\" \/>\n<meta property=\"og:type\" content=\"article\" \/>\n<meta property=\"og:title\" content=\"L&#039;appello della Lac di Belluno, Lega abolizione caccia - Bellunopress - Dolomiti\" \/>\n<meta property=\"og:description\" content=\"La presente locandina \u00e8 stata accolta con entusiasmo e sensibilit\u00e0 in oltre 50 scuole del Bellunese (unica eccezzione nel comune di Mel dove il preside ha acconsentito all&#8217;esposizione della locandina solo all&#8217;esterno della scuola dove ha avuto vita breve) e di questo voglio pubblicamente ringraziare i rispettivi presidi e direttori scolastici. Alla luce dell&#8217;ennesimo incidente [&hellip;]\" \/>\n<meta property=\"og:url\" content=\"https:\/\/www.bellunopress.it\/fr\/2012\/11\/27\/lappello-della-lac-di-belluno-lega-abolizione-caccia\/\" \/>\n<meta property=\"og:site_name\" content=\"Bellunopress - Dolomiti\" \/>\n<meta property=\"article:publisher\" content=\"https:\/\/www.facebook.com\/profile.php?id=100008943462799\" \/>\n<meta property=\"article:published_time\" content=\"2012-11-27T10:00:54+00:00\" \/>\n<meta property=\"og:image\" content=\"http:\/\/www.bellunopress.it\/wp-content\/uploads\/2012\/11\/Lac-no-alla-caccia-150x150.jpg\" \/>\n<meta name=\"author\" content=\"redazione\" \/>\n<meta name=\"twitter:card\" content=\"summary_large_image\" \/>\n<meta name=\"twitter:creator\" content=\"@bellunopress\" \/>\n<meta name=\"twitter:site\" content=\"@bellunopress\" \/>\n<meta name=\"twitter:label1\" content=\"\u00c9crit par\" \/>\n\t<meta name=\"twitter:data1\" content=\"redazione\" \/>\n\t<meta name=\"twitter:label2\" content=\"Dur\u00e9e de lecture estim\u00e9e\" \/>\n\t<meta name=\"twitter:data2\" content=\"2 minutes\" \/>\n<script type=\"application\/ld+json\" class=\"yoast-schema-graph\">{\"@context\":\"https:\\\/\\\/schema.org\",\"@graph\":[{\"@type\":\"Article\",\"@id\":\"https:\\\/\\\/www.bellunopress.it\\\/2012\\\/11\\\/27\\\/lappello-della-lac-di-belluno-lega-abolizione-caccia\\\/#article\",\"isPartOf\":{\"@id\":\"https:\\\/\\\/www.bellunopress.it\\\/2012\\\/11\\\/27\\\/lappello-della-lac-di-belluno-lega-abolizione-caccia\\\/\"},\"author\":{\"name\":\"redazione\",\"@id\":\"https:\\\/\\\/www.bellunopress.it\\\/#\\\/schema\\\/person\\\/79bb06722b37ece1c03d3e94beb30d73\"},\"headline\":\"L&#8217;appello della Lac di Belluno, Lega abolizione caccia\",\"datePublished\":\"2012-11-27T10:00:54+00:00\",\"mainEntityOfPage\":{\"@id\":\"https:\\\/\\\/www.bellunopress.it\\\/2012\\\/11\\\/27\\\/lappello-della-lac-di-belluno-lega-abolizione-caccia\\\/\"},\"wordCount\":366,\"publisher\":{\"@id\":\"https:\\\/\\\/www.bellunopress.it\\\/#organization\"},\"image\":{\"@id\":\"https:\\\/\\\/www.bellunopress.it\\\/2012\\\/11\\\/27\\\/lappello-della-lac-di-belluno-lega-abolizione-caccia\\\/#primaryimage\"},\"thumbnailUrl\":\"http:\\\/\\\/www.bellunopress.it\\\/wp-content\\\/uploads\\\/2012\\\/11\\\/Lac-no-alla-caccia-150x150.jpg\",\"articleSection\":[\"Lettere Opinioni\",\"Meteo, natura, ambiente, animali\",\"Prima Pagina\"],\"inLanguage\":\"fr-FR\"},{\"@type\":\"WebPage\",\"@id\":\"https:\\\/\\\/www.bellunopress.it\\\/2012\\\/11\\\/27\\\/lappello-della-lac-di-belluno-lega-abolizione-caccia\\\/\",\"url\":\"https:\\\/\\\/www.bellunopress.it\\\/2012\\\/11\\\/27\\\/lappello-della-lac-di-belluno-lega-abolizione-caccia\\\/\",\"name\":\"L'appello della Lac di Belluno, Lega abolizione caccia - Bellunopress - Dolomiti\",\"isPartOf\":{\"@id\":\"https:\\\/\\\/www.bellunopress.it\\\/#website\"},\"primaryImageOfPage\":{\"@id\":\"https:\\\/\\\/www.bellunopress.it\\\/2012\\\/11\\\/27\\\/lappello-della-lac-di-belluno-lega-abolizione-caccia\\\/#primaryimage\"},\"image\":{\"@id\":\"https:\\\/\\\/www.bellunopress.it\\\/2012\\\/11\\\/27\\\/lappello-della-lac-di-belluno-lega-abolizione-caccia\\\/#primaryimage\"},\"thumbnailUrl\":\"http:\\\/\\\/www.bellunopress.it\\\/wp-content\\\/uploads\\\/2012\\\/11\\\/Lac-no-alla-caccia-150x150.jpg\",\"datePublished\":\"2012-11-27T10:00:54+00:00\",\"breadcrumb\":{\"@id\":\"https:\\\/\\\/www.bellunopress.it\\\/2012\\\/11\\\/27\\\/lappello-della-lac-di-belluno-lega-abolizione-caccia\\\/#breadcrumb\"},\"inLanguage\":\"fr-FR\",\"potentialAction\":[{\"@type\":\"ReadAction\",\"target\":[\"https:\\\/\\\/www.bellunopress.it\\\/2012\\\/11\\\/27\\\/lappello-della-lac-di-belluno-lega-abolizione-caccia\\\/\"]}]},{\"@type\":\"ImageObject\",\"inLanguage\":\"fr-FR\",\"@id\":\"https:\\\/\\\/www.bellunopress.it\\\/2012\\\/11\\\/27\\\/lappello-della-lac-di-belluno-lega-abolizione-caccia\\\/#primaryimage\",\"url\":\"http:\\\/\\\/www.bellunopress.it\\\/wp-content\\\/uploads\\\/2012\\\/11\\\/Lac-no-alla-caccia-150x150.jpg\",\"contentUrl\":\"http:\\\/\\\/www.bellunopress.it\\\/wp-content\\\/uploads\\\/2012\\\/11\\\/Lac-no-alla-caccia-150x150.jpg\"},{\"@type\":\"BreadcrumbList\",\"@id\":\"https:\\\/\\\/www.bellunopress.it\\\/2012\\\/11\\\/27\\\/lappello-della-lac-di-belluno-lega-abolizione-caccia\\\/#breadcrumb\",\"itemListElement\":[{\"@type\":\"ListItem\",\"position\":1,\"name\":\"Home\",\"item\":\"https:\\\/\\\/www.bellunopress.it\\\/\"},{\"@type\":\"ListItem\",\"position\":2,\"name\":\"L&#8217;appello della Lac di Belluno, Lega abolizione caccia\"}]},{\"@type\":\"WebSite\",\"@id\":\"https:\\\/\\\/www.bellunopress.it\\\/#website\",\"url\":\"https:\\\/\\\/www.bellunopress.it\\\/\",\"name\":\"Bellunopress - Dolomiti\",\"description\":\"e-mail: redazione@bellunopress.it\",\"publisher\":{\"@id\":\"https:\\\/\\\/www.bellunopress.it\\\/#organization\"},\"potentialAction\":[{\"@type\":\"SearchAction\",\"target\":{\"@type\":\"EntryPoint\",\"urlTemplate\":\"https:\\\/\\\/www.bellunopress.it\\\/?s={search_term_string}\"},\"query-input\":{\"@type\":\"PropertyValueSpecification\",\"valueRequired\":true,\"valueName\":\"search_term_string\"}}],\"inLanguage\":\"fr-FR\"},{\"@type\":\"Organization\",\"@id\":\"https:\\\/\\\/www.bellunopress.it\\\/#organization\",\"name\":\"Bellunopress\",\"url\":\"https:\\\/\\\/www.bellunopress.it\\\/\",\"logo\":{\"@type\":\"ImageObject\",\"inLanguage\":\"fr-FR\",\"@id\":\"https:\\\/\\\/www.bellunopress.it\\\/#\\\/schema\\\/logo\\\/image\\\/\",\"url\":\"https:\\\/\\\/www.bellunopress.it\\\/wp-content\\\/uploads\\\/2011\\\/05\\\/cropped-logo-bellunopress-.jpg\",\"contentUrl\":\"https:\\\/\\\/www.bellunopress.it\\\/wp-content\\\/uploads\\\/2011\\\/05\\\/cropped-logo-bellunopress-.jpg\",\"width\":512,\"height\":512,\"caption\":\"Bellunopress\"},\"image\":{\"@id\":\"https:\\\/\\\/www.bellunopress.it\\\/#\\\/schema\\\/logo\\\/image\\\/\"},\"sameAs\":[\"https:\\\/\\\/www.facebook.com\\\/profile.php?id=100008943462799\",\"https:\\\/\\\/x.com\\\/bellunopress\",\"https:\\\/\\\/www.linkedin.com\\\/hp\\\/?dnr=JBzUWaJfMUw8vbXJJ2tVW5-I3jZKvC4wsoxE&amp;amp;amp;amp;amp;amp;trk=nav_responsive_tab_home\",\"https:\\\/\\\/www.youtube.com\\\/channel\\\/UCxL0wu1uN0_3_7hGG0306cw\"]},{\"@type\":\"Person\",\"@id\":\"https:\\\/\\\/www.bellunopress.it\\\/#\\\/schema\\\/person\\\/79bb06722b37ece1c03d3e94beb30d73\",\"name\":\"redazione\",\"image\":{\"@type\":\"ImageObject\",\"inLanguage\":\"fr-FR\",\"@id\":\"https:\\\/\\\/secure.gravatar.com\\\/avatar\\\/37d968a2e67a6fd04c169c4bdef102d0bc5d31b2546345219e348575eb80e9a0?s=96&d=mm&r=g\",\"url\":\"https:\\\/\\\/secure.gravatar.com\\\/avatar\\\/37d968a2e67a6fd04c169c4bdef102d0bc5d31b2546345219e348575eb80e9a0?s=96&d=mm&r=g\",\"contentUrl\":\"https:\\\/\\\/secure.gravatar.com\\\/avatar\\\/37d968a2e67a6fd04c169c4bdef102d0bc5d31b2546345219e348575eb80e9a0?s=96&d=mm&r=g\",\"caption\":\"redazione\"},\"sameAs\":[\"http:\\\/\\\/www.bellunopress.it\",\"https:\\\/\\\/x.com\\\/bellunopress\"],\"url\":\"https:\\\/\\\/www.bellunopress.it\\\/fr\\\/author\\\/redazione\\\/\"}]}<\/script>\n<!-- \/ Yoast SEO plugin. -->","yoast_head_json":{"title":"L'appello della Lac di Belluno, Lega abolizione caccia - Bellunopress - Dolomiti","robots":{"index":"index","follow":"follow","max-snippet":"max-snippet:-1","max-image-preview":"max-image-preview:large","max-video-preview":"max-video-preview:-1"},"canonical":"https:\/\/www.bellunopress.it\/fr\/2012\/11\/27\/lappello-della-lac-di-belluno-lega-abolizione-caccia\/","og_locale":"fr_FR","og_type":"article","og_title":"L'appello della Lac di Belluno, Lega abolizione caccia - Bellunopress - Dolomiti","og_description":"La presente locandina \u00e8 stata accolta con entusiasmo e sensibilit\u00e0 in oltre 50 scuole del Bellunese (unica eccezzione nel comune di Mel dove il preside ha acconsentito all&#8217;esposizione della locandina solo all&#8217;esterno della scuola dove ha avuto vita breve) e di questo voglio pubblicamente ringraziare i rispettivi presidi e direttori scolastici. Alla luce dell&#8217;ennesimo incidente [&hellip;]","og_url":"https:\/\/www.bellunopress.it\/fr\/2012\/11\/27\/lappello-della-lac-di-belluno-lega-abolizione-caccia\/","og_site_name":"Bellunopress - Dolomiti","article_publisher":"https:\/\/www.facebook.com\/profile.php?id=100008943462799","article_published_time":"2012-11-27T10:00:54+00:00","og_image":[{"url":"http:\/\/www.bellunopress.it\/wp-content\/uploads\/2012\/11\/Lac-no-alla-caccia-150x150.jpg","type":"","width":"","height":""}],"author":"redazione","twitter_card":"summary_large_image","twitter_creator":"@bellunopress","twitter_site":"@bellunopress","twitter_misc":{"\u00c9crit par":"redazione","Dur\u00e9e de lecture estim\u00e9e":"2 minutes"},"schema":{"@context":"https:\/\/schema.org","@graph":[{"@type":"Article","@id":"https:\/\/www.bellunopress.it\/2012\/11\/27\/lappello-della-lac-di-belluno-lega-abolizione-caccia\/#article","isPartOf":{"@id":"https:\/\/www.bellunopress.it\/2012\/11\/27\/lappello-della-lac-di-belluno-lega-abolizione-caccia\/"},"author":{"name":"redazione","@id":"https:\/\/www.bellunopress.it\/#\/schema\/person\/79bb06722b37ece1c03d3e94beb30d73"},"headline":"L&#8217;appello della Lac di Belluno, Lega abolizione caccia","datePublished":"2012-11-27T10:00:54+00:00","mainEntityOfPage":{"@id":"https:\/\/www.bellunopress.it\/2012\/11\/27\/lappello-della-lac-di-belluno-lega-abolizione-caccia\/"},"wordCount":366,"publisher":{"@id":"https:\/\/www.bellunopress.it\/#organization"},"image":{"@id":"https:\/\/www.bellunopress.it\/2012\/11\/27\/lappello-della-lac-di-belluno-lega-abolizione-caccia\/#primaryimage"},"thumbnailUrl":"http:\/\/www.bellunopress.it\/wp-content\/uploads\/2012\/11\/Lac-no-alla-caccia-150x150.jpg","articleSection":["Lettere Opinioni","Meteo, natura, ambiente, animali","Prima Pagina"],"inLanguage":"fr-FR"},{"@type":"WebPage","@id":"https:\/\/www.bellunopress.it\/2012\/11\/27\/lappello-della-lac-di-belluno-lega-abolizione-caccia\/","url":"https:\/\/www.bellunopress.it\/2012\/11\/27\/lappello-della-lac-di-belluno-lega-abolizione-caccia\/","name":"L'appello della Lac di Belluno, Lega abolizione caccia - Bellunopress - Dolomiti","isPartOf":{"@id":"https:\/\/www.bellunopress.it\/#website"},"primaryImageOfPage":{"@id":"https:\/\/www.bellunopress.it\/2012\/11\/27\/lappello-della-lac-di-belluno-lega-abolizione-caccia\/#primaryimage"},"image":{"@id":"https:\/\/www.bellunopress.it\/2012\/11\/27\/lappello-della-lac-di-belluno-lega-abolizione-caccia\/#primaryimage"},"thumbnailUrl":"http:\/\/www.bellunopress.it\/wp-content\/uploads\/2012\/11\/Lac-no-alla-caccia-150x150.jpg","datePublished":"2012-11-27T10:00:54+00:00","breadcrumb":{"@id":"https:\/\/www.bellunopress.it\/2012\/11\/27\/lappello-della-lac-di-belluno-lega-abolizione-caccia\/#breadcrumb"},"inLanguage":"fr-FR","potentialAction":[{"@type":"ReadAction","target":["https:\/\/www.bellunopress.it\/2012\/11\/27\/lappello-della-lac-di-belluno-lega-abolizione-caccia\/"]}]},{"@type":"ImageObject","inLanguage":"fr-FR","@id":"https:\/\/www.bellunopress.it\/2012\/11\/27\/lappello-della-lac-di-belluno-lega-abolizione-caccia\/#primaryimage","url":"http:\/\/www.bellunopress.it\/wp-content\/uploads\/2012\/11\/Lac-no-alla-caccia-150x150.jpg","contentUrl":"http:\/\/www.bellunopress.it\/wp-content\/uploads\/2012\/11\/Lac-no-alla-caccia-150x150.jpg"},{"@type":"BreadcrumbList","@id":"https:\/\/www.bellunopress.it\/2012\/11\/27\/lappello-della-lac-di-belluno-lega-abolizione-caccia\/#breadcrumb","itemListElement":[{"@type":"ListItem","position":1,"name":"Home","item":"https:\/\/www.bellunopress.it\/"},{"@type":"ListItem","position":2,"name":"L&#8217;appello della Lac di Belluno, Lega abolizione caccia"}]},{"@type":"WebSite","@id":"https:\/\/www.bellunopress.it\/#website","url":"https:\/\/www.bellunopress.it\/","name":"Bellunopress - Dolomiti","description":"e-mail: redazione@bellunopress.it","publisher":{"@id":"https:\/\/www.bellunopress.it\/#organization"},"potentialAction":[{"@type":"SearchAction","target":{"@type":"EntryPoint","urlTemplate":"https:\/\/www.bellunopress.it\/?s={search_term_string}"},"query-input":{"@type":"PropertyValueSpecification","valueRequired":true,"valueName":"search_term_string"}}],"inLanguage":"fr-FR"},{"@type":"Organization","@id":"https:\/\/www.bellunopress.it\/#organization","name":"Bellunopress","url":"https:\/\/www.bellunopress.it\/","logo":{"@type":"ImageObject","inLanguage":"fr-FR","@id":"https:\/\/www.bellunopress.it\/#\/schema\/logo\/image\/","url":"https:\/\/www.bellunopress.it\/wp-content\/uploads\/2011\/05\/cropped-logo-bellunopress-.jpg","contentUrl":"https:\/\/www.bellunopress.it\/wp-content\/uploads\/2011\/05\/cropped-logo-bellunopress-.jpg","width":512,"height":512,"caption":"Bellunopress"},"image":{"@id":"https:\/\/www.bellunopress.it\/#\/schema\/logo\/image\/"},"sameAs":["https:\/\/www.facebook.com\/profile.php?id=100008943462799","https:\/\/x.com\/bellunopress","https:\/\/www.linkedin.com\/hp\/?dnr=JBzUWaJfMUw8vbXJJ2tVW5-I3jZKvC4wsoxE&amp;amp;amp;amp;amp;amp;trk=nav_responsive_tab_home","https:\/\/www.youtube.com\/channel\/UCxL0wu1uN0_3_7hGG0306cw"]},{"@type":"Person","@id":"https:\/\/www.bellunopress.it\/#\/schema\/person\/79bb06722b37ece1c03d3e94beb30d73","name":"r\u00e9daction","image":{"@type":"ImageObject","inLanguage":"fr-FR","@id":"https:\/\/secure.gravatar.com\/avatar\/37d968a2e67a6fd04c169c4bdef102d0bc5d31b2546345219e348575eb80e9a0?s=96&d=mm&r=g","url":"https:\/\/secure.gravatar.com\/avatar\/37d968a2e67a6fd04c169c4bdef102d0bc5d31b2546345219e348575eb80e9a0?s=96&d=mm&r=g","contentUrl":"https:\/\/secure.gravatar.com\/avatar\/37d968a2e67a6fd04c169c4bdef102d0bc5d31b2546345219e348575eb80e9a0?s=96&d=mm&r=g","caption":"redazione"},"sameAs":["http:\/\/www.bellunopress.it","https:\/\/x.com\/bellunopress"],"url":"https:\/\/www.bellunopress.it\/fr\/author\/redazione\/"}]}},"_links":{"self":[{"href":"https:\/\/www.bellunopress.it\/fr\/wp-json\/wp\/v2\/posts\/44254","targetHints":{"allow":["GET"]}}],"collection":[{"href":"https:\/\/www.bellunopress.it\/fr\/wp-json\/wp\/v2\/posts"}],"about":[{"href":"https:\/\/www.bellunopress.it\/fr\/wp-json\/wp\/v2\/types\/post"}],"author":[{"embeddable":true,"href":"https:\/\/www.bellunopress.it\/fr\/wp-json\/wp\/v2\/users\/2"}],"replies":[{"embeddable":true,"href":"https:\/\/www.bellunopress.it\/fr\/wp-json\/wp\/v2\/comments?post=44254"}],"version-history":[{"count":1,"href":"https:\/\/www.bellunopress.it\/fr\/wp-json\/wp\/v2\/posts\/44254\/revisions"}],"predecessor-version":[{"id":44256,"href":"https:\/\/www.bellunopress.it\/fr\/wp-json\/wp\/v2\/posts\/44254\/revisions\/44256"}],"wp:attachment":[{"href":"https:\/\/www.bellunopress.it\/fr\/wp-json\/wp\/v2\/media?parent=44254"}],"wp:term":[{"taxonomy":"category","embeddable":true,"href":"https:\/\/www.bellunopress.it\/fr\/wp-json\/wp\/v2\/categories?post=44254"},{"taxonomy":"post_tag","embeddable":true,"href":"https:\/\/www.bellunopress.it\/fr\/wp-json\/wp\/v2\/tags?post=44254"}],"curies":[{"name":"wp","href":"https:\/\/api.w.org\/{rel}","templated":true}]}}