{"id":44252,"date":"2012-11-29T08:10:45","date_gmt":"2012-11-29T07:10:45","guid":{"rendered":"http:\/\/www.bellunopress.it\/?p=44252"},"modified":"2012-11-27T08:12:40","modified_gmt":"2012-11-27T07:12:40","slug":"sabato-a-mel-il-seminario-sulla-prevenzione-dellaggressione-aspetti-psicologici-e-giuridici","status":"publish","type":"post","link":"https:\/\/www.bellunopress.it\/fr\/2012\/11\/29\/sabato-a-mel-il-seminario-sulla-prevenzione-dellaggressione-aspetti-psicologici-e-giuridici\/","title":{"rendered":"Sabato a Mel il seminario sulla prevenzione dell\u2019aggressione. Aspetti psicologici e giuridici"},"content":{"rendered":"<p>A.S. Judo Lentiai con la collaborazione ed il patrocinio dei Comuni di Mel, Lentiai e Trichiana organizza un seminario sulla prevenzione delle aggressioni, tema pi\u00f9 che mai attuale nel periodo in cui stiamo vivendo.<\/p>\n<figure id=\"attachment_16598\" aria-describedby=\"caption-attachment-16598\" style=\"width: 270px\" class=\"wp-caption alignleft\"><a href=\"http:\/\/www.bellunopress.it\/wp-content\/uploads\/2010\/06\/palazzo-delle-contesse-mel.jpg\"><img loading=\"lazy\" decoding=\"async\" class=\"size-full wp-image-16598\" title=\"palazzo-delle-contesse-mel\" src=\"http:\/\/www.bellunopress.it\/wp-content\/uploads\/2010\/06\/palazzo-delle-contesse-mel.jpg\" alt=\"\" width=\"270\" height=\"180\" \/><\/a><figcaption id=\"caption-attachment-16598\" class=\"wp-caption-text\">Palazzo delle Contesse a Mel (Belluno)<\/figcaption><\/figure>\n<p>Sabato 1\u00b0 dicembre 2012 alle ore 16,30 presso la sala riunioni del Palazzo delle Contesse di Mel.<\/p>\n<p>Interverranno il dottor Diego Gobbo, psicologo clinico, che tratter\u00e0 gli aspetti psicologici ed alcuni Agenti della Polizia di Stato della Questura di Belluno per gli aspetti giuridici.<\/p>\n<p>\u00c8 un dato di cronaca che la societ\u00e0 moderna \u00e8 sempre pi\u00f9 caratterizzata da eventi violenti che nella maggior parte dei casi hanno origine per futili i motivi.<\/p>\n<p>L\u2019obiettivo del seminario \u00e8 quello di formare nei partecipanti una maggiore consapevolezza di quelli che possono essere i rischi della strada ed una maggiore fiducia in se stessi e nelle proprie possibilit\u00e0 di disinnescare situazioni critiche.<\/p>\n<p>E\u2019 aperto a tutti e mira a fornire i principi base utili a riconoscere una potenziale aggressione, prevenire le situazioni di pericolo e suggerisce le reazioni pi\u00f9 indicate (vale a dire cosa fare e cosa non fare durante una situazione di pericolo).<\/p>","protected":false},"excerpt":{"rendered":"<p>A.S. Judo Lentiai con la collaborazione ed il patrocinio dei Comuni di Mel, Lentiai e Trichiana organizza un seminario sulla prevenzione delle aggressioni, tema pi\u00f9 che mai attuale nel periodo in cui stiamo vivendo. Sabato 1\u00b0 dicembre 2012 alle ore 16,30 presso la sala riunioni del Palazzo delle Contesse di Mel. Interverranno il dottor Diego [&hellip;]<\/p>\n","protected":false},"author":2,"featured_media":0,"comment_status":"closed","ping_status":"open","sticky":false,"template":"","format":"standard","meta":{"footnotes":""},"categories":[27,25],"tags":[],"class_list":["post-44252","post","type-post","status-publish","format-standard","category-appuntamenti","category-pausa-caffe"],"yoast_head":"<!-- This site is optimized with the Yoast SEO plugin v28.4 - https:\/\/yoast.com\/product\/yoast-seo-wordpress\/ -->\n<title>Sabato a Mel il seminario sulla prevenzione dell\u2019aggressione. Aspetti psicologici e giuridici - Bellunopress - Dolomiti<\/title>\n<meta name=\"robots\" content=\"index, follow, max-snippet:-1, max-image-preview:large, max-video-preview:-1\" \/>\n<link rel=\"canonical\" href=\"https:\/\/www.bellunopress.it\/fr\/2012\/11\/29\/sabato-a-mel-il-seminario-sulla-prevenzione-dellaggressione-aspetti-psicologici-e-giuridici\/\" \/>\n<meta property=\"og:locale\" content=\"fr_FR\" \/>\n<meta property=\"og:type\" content=\"article\" \/>\n<meta property=\"og:title\" content=\"Sabato a Mel il seminario sulla prevenzione dell\u2019aggressione. Aspetti psicologici e giuridici - Bellunopress - Dolomiti\" \/>\n<meta property=\"og:description\" content=\"A.S. Judo Lentiai con la collaborazione ed il patrocinio dei Comuni di Mel, Lentiai e Trichiana organizza un seminario sulla prevenzione delle aggressioni, tema pi\u00f9 che mai attuale nel periodo in cui stiamo vivendo. Sabato 1\u00b0 dicembre 2012 alle ore 16,30 presso la sala riunioni del Palazzo delle Contesse di Mel. Interverranno il dottor Diego [&hellip;]\" \/>\n<meta property=\"og:url\" content=\"https:\/\/www.bellunopress.it\/fr\/2012\/11\/29\/sabato-a-mel-il-seminario-sulla-prevenzione-dellaggressione-aspetti-psicologici-e-giuridici\/\" \/>\n<meta property=\"og:site_name\" content=\"Bellunopress - Dolomiti\" \/>\n<meta property=\"article:publisher\" content=\"https:\/\/www.facebook.com\/profile.php?id=100008943462799\" \/>\n<meta property=\"article:published_time\" content=\"2012-11-29T07:10:45+00:00\" \/>\n<meta property=\"og:image\" content=\"http:\/\/www.bellunopress.it\/wp-content\/uploads\/2010\/06\/palazzo-delle-contesse-mel.jpg\" \/>\n<meta name=\"author\" content=\"redazione\" \/>\n<meta name=\"twitter:card\" content=\"summary_large_image\" \/>\n<meta name=\"twitter:creator\" content=\"@bellunopress\" \/>\n<meta name=\"twitter:site\" content=\"@bellunopress\" \/>\n<meta name=\"twitter:label1\" content=\"Written by\" \/>\n\t<meta name=\"twitter:data1\" content=\"redazione\" \/>\n\t<meta name=\"twitter:label2\" content=\"Est. reading time\" \/>\n\t<meta name=\"twitter:data2\" content=\"1 minute\" \/>\n<script type=\"application\/ld+json\" class=\"yoast-schema-graph\">{\"@context\":\"https:\\\/\\\/schema.org\",\"@graph\":[{\"@type\":\"Article\",\"@id\":\"https:\\\/\\\/www.bellunopress.it\\\/2012\\\/11\\\/29\\\/sabato-a-mel-il-seminario-sulla-prevenzione-dellaggressione-aspetti-psicologici-e-giuridici\\\/#article\",\"isPartOf\":{\"@id\":\"https:\\\/\\\/www.bellunopress.it\\\/2012\\\/11\\\/29\\\/sabato-a-mel-il-seminario-sulla-prevenzione-dellaggressione-aspetti-psicologici-e-giuridici\\\/\"},\"author\":{\"name\":\"redazione\",\"@id\":\"https:\\\/\\\/www.bellunopress.it\\\/#\\\/schema\\\/person\\\/79bb06722b37ece1c03d3e94beb30d73\"},\"headline\":\"Sabato a Mel il seminario sulla prevenzione dell\u2019aggressione. Aspetti psicologici e giuridici\",\"datePublished\":\"2012-11-29T07:10:45+00:00\",\"mainEntityOfPage\":{\"@id\":\"https:\\\/\\\/www.bellunopress.it\\\/2012\\\/11\\\/29\\\/sabato-a-mel-il-seminario-sulla-prevenzione-dellaggressione-aspetti-psicologici-e-giuridici\\\/\"},\"wordCount\":206,\"publisher\":{\"@id\":\"https:\\\/\\\/www.bellunopress.it\\\/#organization\"},\"image\":{\"@id\":\"https:\\\/\\\/www.bellunopress.it\\\/2012\\\/11\\\/29\\\/sabato-a-mel-il-seminario-sulla-prevenzione-dellaggressione-aspetti-psicologici-e-giuridici\\\/#primaryimage\"},\"thumbnailUrl\":\"http:\\\/\\\/www.bellunopress.it\\\/wp-content\\\/uploads\\\/2010\\\/06\\\/palazzo-delle-contesse-mel.jpg\",\"articleSection\":[\"Appuntamenti, Eventi\",\"Pausa Caff\u00e8\"],\"inLanguage\":\"fr-FR\"},{\"@type\":\"WebPage\",\"@id\":\"https:\\\/\\\/www.bellunopress.it\\\/2012\\\/11\\\/29\\\/sabato-a-mel-il-seminario-sulla-prevenzione-dellaggressione-aspetti-psicologici-e-giuridici\\\/\",\"url\":\"https:\\\/\\\/www.bellunopress.it\\\/2012\\\/11\\\/29\\\/sabato-a-mel-il-seminario-sulla-prevenzione-dellaggressione-aspetti-psicologici-e-giuridici\\\/\",\"name\":\"Sabato a Mel il seminario sulla prevenzione dell\u2019aggressione. Aspetti psicologici e giuridici - Bellunopress - Dolomiti\",\"isPartOf\":{\"@id\":\"https:\\\/\\\/www.bellunopress.it\\\/#website\"},\"primaryImageOfPage\":{\"@id\":\"https:\\\/\\\/www.bellunopress.it\\\/2012\\\/11\\\/29\\\/sabato-a-mel-il-seminario-sulla-prevenzione-dellaggressione-aspetti-psicologici-e-giuridici\\\/#primaryimage\"},\"image\":{\"@id\":\"https:\\\/\\\/www.bellunopress.it\\\/2012\\\/11\\\/29\\\/sabato-a-mel-il-seminario-sulla-prevenzione-dellaggressione-aspetti-psicologici-e-giuridici\\\/#primaryimage\"},\"thumbnailUrl\":\"http:\\\/\\\/www.bellunopress.it\\\/wp-content\\\/uploads\\\/2010\\\/06\\\/palazzo-delle-contesse-mel.jpg\",\"datePublished\":\"2012-11-29T07:10:45+00:00\",\"breadcrumb\":{\"@id\":\"https:\\\/\\\/www.bellunopress.it\\\/2012\\\/11\\\/29\\\/sabato-a-mel-il-seminario-sulla-prevenzione-dellaggressione-aspetti-psicologici-e-giuridici\\\/#breadcrumb\"},\"inLanguage\":\"fr-FR\",\"potentialAction\":[{\"@type\":\"ReadAction\",\"target\":[\"https:\\\/\\\/www.bellunopress.it\\\/2012\\\/11\\\/29\\\/sabato-a-mel-il-seminario-sulla-prevenzione-dellaggressione-aspetti-psicologici-e-giuridici\\\/\"]}]},{\"@type\":\"ImageObject\",\"inLanguage\":\"fr-FR\",\"@id\":\"https:\\\/\\\/www.bellunopress.it\\\/2012\\\/11\\\/29\\\/sabato-a-mel-il-seminario-sulla-prevenzione-dellaggressione-aspetti-psicologici-e-giuridici\\\/#primaryimage\",\"url\":\"http:\\\/\\\/www.bellunopress.it\\\/wp-content\\\/uploads\\\/2010\\\/06\\\/palazzo-delle-contesse-mel.jpg\",\"contentUrl\":\"http:\\\/\\\/www.bellunopress.it\\\/wp-content\\\/uploads\\\/2010\\\/06\\\/palazzo-delle-contesse-mel.jpg\"},{\"@type\":\"BreadcrumbList\",\"@id\":\"https:\\\/\\\/www.bellunopress.it\\\/2012\\\/11\\\/29\\\/sabato-a-mel-il-seminario-sulla-prevenzione-dellaggressione-aspetti-psicologici-e-giuridici\\\/#breadcrumb\",\"itemListElement\":[{\"@type\":\"ListItem\",\"position\":1,\"name\":\"Home\",\"item\":\"https:\\\/\\\/www.bellunopress.it\\\/\"},{\"@type\":\"ListItem\",\"position\":2,\"name\":\"Sabato a Mel il seminario sulla prevenzione dell\u2019aggressione. Aspetti psicologici e giuridici\"}]},{\"@type\":\"WebSite\",\"@id\":\"https:\\\/\\\/www.bellunopress.it\\\/#website\",\"url\":\"https:\\\/\\\/www.bellunopress.it\\\/\",\"name\":\"Bellunopress - Dolomiti\",\"description\":\"e-mail: redazione@bellunopress.it\",\"publisher\":{\"@id\":\"https:\\\/\\\/www.bellunopress.it\\\/#organization\"},\"potentialAction\":[{\"@type\":\"SearchAction\",\"target\":{\"@type\":\"EntryPoint\",\"urlTemplate\":\"https:\\\/\\\/www.bellunopress.it\\\/?s={search_term_string}\"},\"query-input\":{\"@type\":\"PropertyValueSpecification\",\"valueRequired\":true,\"valueName\":\"search_term_string\"}}],\"inLanguage\":\"fr-FR\"},{\"@type\":\"Organization\",\"@id\":\"https:\\\/\\\/www.bellunopress.it\\\/#organization\",\"name\":\"Bellunopress\",\"url\":\"https:\\\/\\\/www.bellunopress.it\\\/\",\"logo\":{\"@type\":\"ImageObject\",\"inLanguage\":\"fr-FR\",\"@id\":\"https:\\\/\\\/www.bellunopress.it\\\/#\\\/schema\\\/logo\\\/image\\\/\",\"url\":\"https:\\\/\\\/www.bellunopress.it\\\/wp-content\\\/uploads\\\/2011\\\/05\\\/cropped-logo-bellunopress-.jpg\",\"contentUrl\":\"https:\\\/\\\/www.bellunopress.it\\\/wp-content\\\/uploads\\\/2011\\\/05\\\/cropped-logo-bellunopress-.jpg\",\"width\":512,\"height\":512,\"caption\":\"Bellunopress\"},\"image\":{\"@id\":\"https:\\\/\\\/www.bellunopress.it\\\/#\\\/schema\\\/logo\\\/image\\\/\"},\"sameAs\":[\"https:\\\/\\\/www.facebook.com\\\/profile.php?id=100008943462799\",\"https:\\\/\\\/x.com\\\/bellunopress\",\"https:\\\/\\\/www.linkedin.com\\\/hp\\\/?dnr=JBzUWaJfMUw8vbXJJ2tVW5-I3jZKvC4wsoxE&amp;amp;amp;amp;amp;amp;trk=nav_responsive_tab_home\",\"https:\\\/\\\/www.youtube.com\\\/channel\\\/UCxL0wu1uN0_3_7hGG0306cw\"]},{\"@type\":\"Person\",\"@id\":\"https:\\\/\\\/www.bellunopress.it\\\/#\\\/schema\\\/person\\\/79bb06722b37ece1c03d3e94beb30d73\",\"name\":\"redazione\",\"image\":{\"@type\":\"ImageObject\",\"inLanguage\":\"fr-FR\",\"@id\":\"https:\\\/\\\/secure.gravatar.com\\\/avatar\\\/37d968a2e67a6fd04c169c4bdef102d0bc5d31b2546345219e348575eb80e9a0?s=96&d=mm&r=g\",\"url\":\"https:\\\/\\\/secure.gravatar.com\\\/avatar\\\/37d968a2e67a6fd04c169c4bdef102d0bc5d31b2546345219e348575eb80e9a0?s=96&d=mm&r=g\",\"contentUrl\":\"https:\\\/\\\/secure.gravatar.com\\\/avatar\\\/37d968a2e67a6fd04c169c4bdef102d0bc5d31b2546345219e348575eb80e9a0?s=96&d=mm&r=g\",\"caption\":\"redazione\"},\"sameAs\":[\"http:\\\/\\\/www.bellunopress.it\",\"https:\\\/\\\/x.com\\\/bellunopress\"],\"url\":\"https:\\\/\\\/www.bellunopress.it\\\/fr\\\/author\\\/redazione\\\/\"}]}<\/script>\n<!-- \/ Yoast SEO plugin. -->","yoast_head_json":{"title":"Sabato a Mel il seminario sulla prevenzione dell\u2019aggressione. Aspetti psicologici e giuridici - Bellunopress - Dolomiti","robots":{"index":"index","follow":"follow","max-snippet":"max-snippet:-1","max-image-preview":"max-image-preview:large","max-video-preview":"max-video-preview:-1"},"canonical":"https:\/\/www.bellunopress.it\/fr\/2012\/11\/29\/sabato-a-mel-il-seminario-sulla-prevenzione-dellaggressione-aspetti-psicologici-e-giuridici\/","og_locale":"fr_FR","og_type":"article","og_title":"Sabato a Mel il seminario sulla prevenzione dell\u2019aggressione. Aspetti psicologici e giuridici - Bellunopress - Dolomiti","og_description":"A.S. Judo Lentiai con la collaborazione ed il patrocinio dei Comuni di Mel, Lentiai e Trichiana organizza un seminario sulla prevenzione delle aggressioni, tema pi\u00f9 che mai attuale nel periodo in cui stiamo vivendo. Sabato 1\u00b0 dicembre 2012 alle ore 16,30 presso la sala riunioni del Palazzo delle Contesse di Mel. Interverranno il dottor Diego [&hellip;]","og_url":"https:\/\/www.bellunopress.it\/fr\/2012\/11\/29\/sabato-a-mel-il-seminario-sulla-prevenzione-dellaggressione-aspetti-psicologici-e-giuridici\/","og_site_name":"Bellunopress - Dolomiti","article_publisher":"https:\/\/www.facebook.com\/profile.php?id=100008943462799","article_published_time":"2012-11-29T07:10:45+00:00","og_image":[{"url":"http:\/\/www.bellunopress.it\/wp-content\/uploads\/2010\/06\/palazzo-delle-contesse-mel.jpg","type":"","width":"","height":""}],"author":"redazione","twitter_card":"summary_large_image","twitter_creator":"@bellunopress","twitter_site":"@bellunopress","twitter_misc":{"Written by":"redazione","Est. reading time":"1 minute"},"schema":{"@context":"https:\/\/schema.org","@graph":[{"@type":"Article","@id":"https:\/\/www.bellunopress.it\/2012\/11\/29\/sabato-a-mel-il-seminario-sulla-prevenzione-dellaggressione-aspetti-psicologici-e-giuridici\/#article","isPartOf":{"@id":"https:\/\/www.bellunopress.it\/2012\/11\/29\/sabato-a-mel-il-seminario-sulla-prevenzione-dellaggressione-aspetti-psicologici-e-giuridici\/"},"author":{"name":"redazione","@id":"https:\/\/www.bellunopress.it\/#\/schema\/person\/79bb06722b37ece1c03d3e94beb30d73"},"headline":"Sabato a Mel il seminario sulla prevenzione dell\u2019aggressione. Aspetti psicologici e giuridici","datePublished":"2012-11-29T07:10:45+00:00","mainEntityOfPage":{"@id":"https:\/\/www.bellunopress.it\/2012\/11\/29\/sabato-a-mel-il-seminario-sulla-prevenzione-dellaggressione-aspetti-psicologici-e-giuridici\/"},"wordCount":206,"publisher":{"@id":"https:\/\/www.bellunopress.it\/#organization"},"image":{"@id":"https:\/\/www.bellunopress.it\/2012\/11\/29\/sabato-a-mel-il-seminario-sulla-prevenzione-dellaggressione-aspetti-psicologici-e-giuridici\/#primaryimage"},"thumbnailUrl":"http:\/\/www.bellunopress.it\/wp-content\/uploads\/2010\/06\/palazzo-delle-contesse-mel.jpg","articleSection":["Appuntamenti, Eventi","Pausa Caff\u00e8"],"inLanguage":"fr-FR"},{"@type":"WebPage","@id":"https:\/\/www.bellunopress.it\/2012\/11\/29\/sabato-a-mel-il-seminario-sulla-prevenzione-dellaggressione-aspetti-psicologici-e-giuridici\/","url":"https:\/\/www.bellunopress.it\/2012\/11\/29\/sabato-a-mel-il-seminario-sulla-prevenzione-dellaggressione-aspetti-psicologici-e-giuridici\/","name":"Sabato a Mel il seminario sulla prevenzione dell\u2019aggressione. Aspetti psicologici e giuridici - Bellunopress - Dolomiti","isPartOf":{"@id":"https:\/\/www.bellunopress.it\/#website"},"primaryImageOfPage":{"@id":"https:\/\/www.bellunopress.it\/2012\/11\/29\/sabato-a-mel-il-seminario-sulla-prevenzione-dellaggressione-aspetti-psicologici-e-giuridici\/#primaryimage"},"image":{"@id":"https:\/\/www.bellunopress.it\/2012\/11\/29\/sabato-a-mel-il-seminario-sulla-prevenzione-dellaggressione-aspetti-psicologici-e-giuridici\/#primaryimage"},"thumbnailUrl":"http:\/\/www.bellunopress.it\/wp-content\/uploads\/2010\/06\/palazzo-delle-contesse-mel.jpg","datePublished":"2012-11-29T07:10:45+00:00","breadcrumb":{"@id":"https:\/\/www.bellunopress.it\/2012\/11\/29\/sabato-a-mel-il-seminario-sulla-prevenzione-dellaggressione-aspetti-psicologici-e-giuridici\/#breadcrumb"},"inLanguage":"fr-FR","potentialAction":[{"@type":"ReadAction","target":["https:\/\/www.bellunopress.it\/2012\/11\/29\/sabato-a-mel-il-seminario-sulla-prevenzione-dellaggressione-aspetti-psicologici-e-giuridici\/"]}]},{"@type":"ImageObject","inLanguage":"fr-FR","@id":"https:\/\/www.bellunopress.it\/2012\/11\/29\/sabato-a-mel-il-seminario-sulla-prevenzione-dellaggressione-aspetti-psicologici-e-giuridici\/#primaryimage","url":"http:\/\/www.bellunopress.it\/wp-content\/uploads\/2010\/06\/palazzo-delle-contesse-mel.jpg","contentUrl":"http:\/\/www.bellunopress.it\/wp-content\/uploads\/2010\/06\/palazzo-delle-contesse-mel.jpg"},{"@type":"BreadcrumbList","@id":"https:\/\/www.bellunopress.it\/2012\/11\/29\/sabato-a-mel-il-seminario-sulla-prevenzione-dellaggressione-aspetti-psicologici-e-giuridici\/#breadcrumb","itemListElement":[{"@type":"ListItem","position":1,"name":"Home","item":"https:\/\/www.bellunopress.it\/"},{"@type":"ListItem","position":2,"name":"Sabato a Mel il seminario sulla prevenzione dell\u2019aggressione. Aspetti psicologici e giuridici"}]},{"@type":"WebSite","@id":"https:\/\/www.bellunopress.it\/#website","url":"https:\/\/www.bellunopress.it\/","name":"Bellunopress - Dolomiti","description":"e-mail: redazione@bellunopress.it","publisher":{"@id":"https:\/\/www.bellunopress.it\/#organization"},"potentialAction":[{"@type":"SearchAction","target":{"@type":"EntryPoint","urlTemplate":"https:\/\/www.bellunopress.it\/?s={search_term_string}"},"query-input":{"@type":"PropertyValueSpecification","valueRequired":true,"valueName":"search_term_string"}}],"inLanguage":"fr-FR"},{"@type":"Organization","@id":"https:\/\/www.bellunopress.it\/#organization","name":"Bellunopress","url":"https:\/\/www.bellunopress.it\/","logo":{"@type":"ImageObject","inLanguage":"fr-FR","@id":"https:\/\/www.bellunopress.it\/#\/schema\/logo\/image\/","url":"https:\/\/www.bellunopress.it\/wp-content\/uploads\/2011\/05\/cropped-logo-bellunopress-.jpg","contentUrl":"https:\/\/www.bellunopress.it\/wp-content\/uploads\/2011\/05\/cropped-logo-bellunopress-.jpg","width":512,"height":512,"caption":"Bellunopress"},"image":{"@id":"https:\/\/www.bellunopress.it\/#\/schema\/logo\/image\/"},"sameAs":["https:\/\/www.facebook.com\/profile.php?id=100008943462799","https:\/\/x.com\/bellunopress","https:\/\/www.linkedin.com\/hp\/?dnr=JBzUWaJfMUw8vbXJJ2tVW5-I3jZKvC4wsoxE&amp;amp;amp;amp;amp;amp;trk=nav_responsive_tab_home","https:\/\/www.youtube.com\/channel\/UCxL0wu1uN0_3_7hGG0306cw"]},{"@type":"Person","@id":"https:\/\/www.bellunopress.it\/#\/schema\/person\/79bb06722b37ece1c03d3e94beb30d73","name":"r\u00e9daction","image":{"@type":"ImageObject","inLanguage":"fr-FR","@id":"https:\/\/secure.gravatar.com\/avatar\/37d968a2e67a6fd04c169c4bdef102d0bc5d31b2546345219e348575eb80e9a0?s=96&d=mm&r=g","url":"https:\/\/secure.gravatar.com\/avatar\/37d968a2e67a6fd04c169c4bdef102d0bc5d31b2546345219e348575eb80e9a0?s=96&d=mm&r=g","contentUrl":"https:\/\/secure.gravatar.com\/avatar\/37d968a2e67a6fd04c169c4bdef102d0bc5d31b2546345219e348575eb80e9a0?s=96&d=mm&r=g","caption":"redazione"},"sameAs":["http:\/\/www.bellunopress.it","https:\/\/x.com\/bellunopress"],"url":"https:\/\/www.bellunopress.it\/fr\/author\/redazione\/"}]}},"_links":{"self":[{"href":"https:\/\/www.bellunopress.it\/fr\/wp-json\/wp\/v2\/posts\/44252","targetHints":{"allow":["GET"]}}],"collection":[{"href":"https:\/\/www.bellunopress.it\/fr\/wp-json\/wp\/v2\/posts"}],"about":[{"href":"https:\/\/www.bellunopress.it\/fr\/wp-json\/wp\/v2\/types\/post"}],"author":[{"embeddable":true,"href":"https:\/\/www.bellunopress.it\/fr\/wp-json\/wp\/v2\/users\/2"}],"replies":[{"embeddable":true,"href":"https:\/\/www.bellunopress.it\/fr\/wp-json\/wp\/v2\/comments?post=44252"}],"version-history":[{"count":1,"href":"https:\/\/www.bellunopress.it\/fr\/wp-json\/wp\/v2\/posts\/44252\/revisions"}],"predecessor-version":[{"id":44253,"href":"https:\/\/www.bellunopress.it\/fr\/wp-json\/wp\/v2\/posts\/44252\/revisions\/44253"}],"wp:attachment":[{"href":"https:\/\/www.bellunopress.it\/fr\/wp-json\/wp\/v2\/media?parent=44252"}],"wp:term":[{"taxonomy":"category","embeddable":true,"href":"https:\/\/www.bellunopress.it\/fr\/wp-json\/wp\/v2\/categories?post=44252"},{"taxonomy":"post_tag","embeddable":true,"href":"https:\/\/www.bellunopress.it\/fr\/wp-json\/wp\/v2\/tags?post=44252"}],"curies":[{"name":"wp","href":"https:\/\/api.w.org\/{rel}","templated":true}]}}