{"id":44246,"date":"2012-11-26T18:57:46","date_gmt":"2012-11-26T17:57:46","guid":{"rendered":"http:\/\/www.bellunopress.it\/?p=44246"},"modified":"2012-11-26T22:00:56","modified_gmt":"2012-11-26T21:00:56","slug":"nati-per-leggere-dal-24-novembre-alla-biblioteca-di-trichiana-via-ai-mercoledi-di-lettura-con-bambini-da-0-a-6-anni","status":"publish","type":"post","link":"https:\/\/www.bellunopress.it\/fr\/2012\/11\/26\/nati-per-leggere-dal-24-novembre-alla-biblioteca-di-trichiana-via-ai-mercoledi-di-lettura-con-bambini-da-0-a-6-anni\/","title":{"rendered":"\u201cNati per leggere\u201d: dal 24 novembre alla Biblioteca di Trichiana via ai mercoled\u00ec di lettura con bambini da 0 a 6 anni"},"content":{"rendered":"<p><a href=\"http:\/\/www.bellunopress.it\/wp-content\/uploads\/2009\/09\/libri-leggerissima.jpg\"><img loading=\"lazy\" decoding=\"async\" class=\"alignleft size-full wp-image-7713\" title=\"libri-leggerissima\" src=\"http:\/\/www.bellunopress.it\/wp-content\/uploads\/2009\/09\/libri-leggerissima.jpg\" alt=\"\" width=\"111\" height=\"96\" \/><\/a>Anche la Biblioteca di Trichiana ha aderito a \u201cNati per Leggere\u201d, il progetto nazionale che nasce dall\u2019alleanza fra pediatri e bibliotecari per la promozione della lettura ad alta voce con i bambini da 0 ai 6 anni.<\/p>\n<p>A partire da mercoled\u00ec 28 novembre, e per ogni mercoled\u00ec, fino ad aprile 2013, dalle 17.00 alle 17.45, nella Biblioteca civica di Trichiana, si svolger\u00e0 \u201cMercoled\u00ec: libri!\u201d, con la proposta di libri, fiabe, letture e animazioni per i bambini dai 3 ai 6 anni.<\/p>\n<p>Ogni bambino ha diritto a essere protetto non solo dalla malattia e dalla violenza ma anche dalla mancanza di adeguate occasioni di sviluppo affettivo e cognitivo. Questo \u00e8 il cuore di \u201cNati per Leggere\u201d. Recenti ricerche scientifiche dimostrano come il leggere ad alta voce, con una certa continuit\u00e0, ai bambini in et\u00e0 prescolare abbia una positiva influenza sia dal punto di vista relazionale (\u00e8 una opportunit\u00e0 di relazione tra bambino e genitori), che cognitivo (si sviluppano meglio e pi\u00f9 precocemente la comprensione del linguaggio e la capacit\u00e0 di lettura). Inoltre, si consolida nel bambino l&#8217;abitudine a leggere che si protrae nelle et\u00e0 successive grazie all&#8217;approccio precoce legato alla relazione.<\/p>\n<p>\u201cIl progetto \u201cNati per leggere\u201d \u2013 commenta l\u2019assessore alla Cultura del Comune di Trichiana, Gianpaolo Tomio \u2013 ci sta molto a cuore, proprio per la valenza educativa che porta con s\u00e8. Stiamo lavorando da tempo, attraverso le iniziative culturali e della Biblioteca civica, per far s\u00ec che il libro diventi un oggetto familiare a un numero sempre maggiore di persone: in particolare, promuovere la lettura di libri da parte degli adulti a bambini piccoli \u00e8 un gesto d\u2019amore di grande importanza nei confronti dei piccoli. La lettura ad alta voce non solo piace e diverte i bambini, ma stimola la fantasia e la curiosit\u00e0, arricchisce il linguaggio, aiuta i piccoli ad affrontare le paure.<\/p>\n<p>Vedo con soddisfazione, quindi, l\u2019avvio dei mercoled\u00ec di lettura, incontri gratuiti e aperti ai bambini da 0 a 6 anni, che potranno partecipare liberamente, accompagnati dai genitori, e ascoltare un bravo adulto che legger\u00e0 per loro storie meravigliose\u201d.<\/p>\n<p>Ogni mercoled\u00ec ci sar\u00e0 un tema diverso: Che paura!, Storie di animali, Storie da mangiare, Principesse, cavalieri e draghi\u2026, mentre un mercoled\u00ec al mese sar\u00e0 dedicato alla realizzazione di laboratori creativi per creare, con i colori, con la carta, ma anche con la frutta e la verdura, i personaggi, le storie, le immagini e le forme di uno dei molti libri che i bambini avranno avuto occasione di conoscere.<\/p>\n<p>Per partecipare ai laboratori, anch\u2019essi gratuiti, \u00e8 necessaria l\u2019iscrizione in Biblioteca. Il primo laboratorio si terr\u00e0 il 19 dicembre, dalle 17 alle 18.30, in collaborazione con l\u2019Associazione La Formica Blu: dalla lettura di \u201cUn perfetto piccolo mostro\u201d alla realizzazione di un simpatico mostriciattolo.<\/p>\n<p>Il programma di Nati per Leggere proseguir\u00e0, poi, in primavera con \u201cRaccontar storie\u2026\u201d, un corso di lettura animata di fiabe e racconti, rivolto agli adulti, con la finalit\u00e0 di insegnare ai genitori, ai nonni e agli insegnanti i \u201ctrucchi\u201d per animare la lettura.<\/p>\n<p>&nbsp;<\/p>","protected":false},"excerpt":{"rendered":"<p>Anche la Biblioteca di Trichiana ha aderito a \u201cNati per Leggere\u201d, il progetto nazionale che nasce dall\u2019alleanza fra pediatri e bibliotecari per la promozione della lettura ad alta voce con i bambini da 0 ai 6 anni. A partire da mercoled\u00ec 28 novembre, e per ogni mercoled\u00ec, fino ad aprile 2013, dalle 17.00 alle 17.45, [&hellip;]<\/p>\n","protected":false},"author":2,"featured_media":0,"comment_status":"closed","ping_status":"open","sticky":false,"template":"","format":"standard","meta":{"footnotes":""},"categories":[27,3,26],"tags":[],"class_list":["post-44246","post","type-post","status-publish","format-standard","category-appuntamenti","category-arte-cultura-spettacoli-scienza-archivi","category-prima-pagina"],"yoast_head":"<!-- This site is optimized with the Yoast SEO plugin v28.4 - https:\/\/yoast.com\/product\/yoast-seo-wordpress\/ -->\n<title>\u201cNati per leggere\u201d: dal 24 novembre alla Biblioteca di Trichiana via ai mercoled\u00ec di lettura con bambini da 0 a 6 anni - Bellunopress - Dolomiti<\/title>\n<meta name=\"robots\" content=\"index, follow, max-snippet:-1, max-image-preview:large, max-video-preview:-1\" \/>\n<link rel=\"canonical\" href=\"https:\/\/www.bellunopress.it\/fr\/2012\/11\/26\/nati-per-leggere-dal-24-novembre-alla-biblioteca-di-trichiana-via-ai-mercoledi-di-lettura-con-bambini-da-0-a-6-anni\/\" \/>\n<meta property=\"og:locale\" content=\"fr_FR\" \/>\n<meta property=\"og:type\" content=\"article\" \/>\n<meta property=\"og:title\" content=\"\u201cNati per leggere\u201d: dal 24 novembre alla Biblioteca di Trichiana via ai mercoled\u00ec di lettura con bambini da 0 a 6 anni - Bellunopress - Dolomiti\" \/>\n<meta property=\"og:description\" content=\"Anche la Biblioteca di Trichiana ha aderito a \u201cNati per Leggere\u201d, il progetto nazionale che nasce dall\u2019alleanza fra pediatri e bibliotecari per la promozione della lettura ad alta voce con i bambini da 0 ai 6 anni. A partire da mercoled\u00ec 28 novembre, e per ogni mercoled\u00ec, fino ad aprile 2013, dalle 17.00 alle 17.45, [&hellip;]\" \/>\n<meta property=\"og:url\" content=\"https:\/\/www.bellunopress.it\/fr\/2012\/11\/26\/nati-per-leggere-dal-24-novembre-alla-biblioteca-di-trichiana-via-ai-mercoledi-di-lettura-con-bambini-da-0-a-6-anni\/\" \/>\n<meta property=\"og:site_name\" content=\"Bellunopress - Dolomiti\" \/>\n<meta property=\"article:publisher\" content=\"https:\/\/www.facebook.com\/profile.php?id=100008943462799\" \/>\n<meta property=\"article:published_time\" content=\"2012-11-26T17:57:46+00:00\" \/>\n<meta property=\"article:modified_time\" content=\"2012-11-26T21:00:56+00:00\" \/>\n<meta property=\"og:image\" content=\"http:\/\/www.bellunopress.it\/wp-content\/uploads\/2009\/09\/libri-leggerissima.jpg\" \/>\n<meta name=\"author\" content=\"redazione\" \/>\n<meta name=\"twitter:card\" content=\"summary_large_image\" \/>\n<meta name=\"twitter:creator\" content=\"@bellunopress\" \/>\n<meta name=\"twitter:site\" content=\"@bellunopress\" \/>\n<meta name=\"twitter:label1\" content=\"Written by\" \/>\n\t<meta name=\"twitter:data1\" content=\"redazione\" \/>\n\t<meta name=\"twitter:label2\" content=\"Est. reading time\" \/>\n\t<meta name=\"twitter:data2\" content=\"2 minutes\" \/>\n<script type=\"application\/ld+json\" class=\"yoast-schema-graph\">{\"@context\":\"https:\\\/\\\/schema.org\",\"@graph\":[{\"@type\":\"Article\",\"@id\":\"https:\\\/\\\/www.bellunopress.it\\\/2012\\\/11\\\/26\\\/nati-per-leggere-dal-24-novembre-alla-biblioteca-di-trichiana-via-ai-mercoledi-di-lettura-con-bambini-da-0-a-6-anni\\\/#article\",\"isPartOf\":{\"@id\":\"https:\\\/\\\/www.bellunopress.it\\\/2012\\\/11\\\/26\\\/nati-per-leggere-dal-24-novembre-alla-biblioteca-di-trichiana-via-ai-mercoledi-di-lettura-con-bambini-da-0-a-6-anni\\\/\"},\"author\":{\"name\":\"redazione\",\"@id\":\"https:\\\/\\\/www.bellunopress.it\\\/#\\\/schema\\\/person\\\/79bb06722b37ece1c03d3e94beb30d73\"},\"headline\":\"\u201cNati per leggere\u201d: dal 24 novembre alla Biblioteca di Trichiana via ai mercoled\u00ec di lettura con bambini da 0 a 6 anni\",\"datePublished\":\"2012-11-26T17:57:46+00:00\",\"dateModified\":\"2012-11-26T21:00:56+00:00\",\"mainEntityOfPage\":{\"@id\":\"https:\\\/\\\/www.bellunopress.it\\\/2012\\\/11\\\/26\\\/nati-per-leggere-dal-24-novembre-alla-biblioteca-di-trichiana-via-ai-mercoledi-di-lettura-con-bambini-da-0-a-6-anni\\\/\"},\"wordCount\":507,\"publisher\":{\"@id\":\"https:\\\/\\\/www.bellunopress.it\\\/#organization\"},\"image\":{\"@id\":\"https:\\\/\\\/www.bellunopress.it\\\/2012\\\/11\\\/26\\\/nati-per-leggere-dal-24-novembre-alla-biblioteca-di-trichiana-via-ai-mercoledi-di-lettura-con-bambini-da-0-a-6-anni\\\/#primaryimage\"},\"thumbnailUrl\":\"http:\\\/\\\/www.bellunopress.it\\\/wp-content\\\/uploads\\\/2009\\\/09\\\/libri-leggerissima.jpg\",\"articleSection\":[\"Appuntamenti, Eventi\",\"Arte, Cultura, Spettacoli, Scienza\",\"Prima Pagina\"],\"inLanguage\":\"fr-FR\"},{\"@type\":\"WebPage\",\"@id\":\"https:\\\/\\\/www.bellunopress.it\\\/2012\\\/11\\\/26\\\/nati-per-leggere-dal-24-novembre-alla-biblioteca-di-trichiana-via-ai-mercoledi-di-lettura-con-bambini-da-0-a-6-anni\\\/\",\"url\":\"https:\\\/\\\/www.bellunopress.it\\\/2012\\\/11\\\/26\\\/nati-per-leggere-dal-24-novembre-alla-biblioteca-di-trichiana-via-ai-mercoledi-di-lettura-con-bambini-da-0-a-6-anni\\\/\",\"name\":\"\u201cNati per leggere\u201d: dal 24 novembre alla Biblioteca di Trichiana via ai mercoled\u00ec di lettura con bambini da 0 a 6 anni - Bellunopress - Dolomiti\",\"isPartOf\":{\"@id\":\"https:\\\/\\\/www.bellunopress.it\\\/#website\"},\"primaryImageOfPage\":{\"@id\":\"https:\\\/\\\/www.bellunopress.it\\\/2012\\\/11\\\/26\\\/nati-per-leggere-dal-24-novembre-alla-biblioteca-di-trichiana-via-ai-mercoledi-di-lettura-con-bambini-da-0-a-6-anni\\\/#primaryimage\"},\"image\":{\"@id\":\"https:\\\/\\\/www.bellunopress.it\\\/2012\\\/11\\\/26\\\/nati-per-leggere-dal-24-novembre-alla-biblioteca-di-trichiana-via-ai-mercoledi-di-lettura-con-bambini-da-0-a-6-anni\\\/#primaryimage\"},\"thumbnailUrl\":\"http:\\\/\\\/www.bellunopress.it\\\/wp-content\\\/uploads\\\/2009\\\/09\\\/libri-leggerissima.jpg\",\"datePublished\":\"2012-11-26T17:57:46+00:00\",\"dateModified\":\"2012-11-26T21:00:56+00:00\",\"breadcrumb\":{\"@id\":\"https:\\\/\\\/www.bellunopress.it\\\/2012\\\/11\\\/26\\\/nati-per-leggere-dal-24-novembre-alla-biblioteca-di-trichiana-via-ai-mercoledi-di-lettura-con-bambini-da-0-a-6-anni\\\/#breadcrumb\"},\"inLanguage\":\"fr-FR\",\"potentialAction\":[{\"@type\":\"ReadAction\",\"target\":[\"https:\\\/\\\/www.bellunopress.it\\\/2012\\\/11\\\/26\\\/nati-per-leggere-dal-24-novembre-alla-biblioteca-di-trichiana-via-ai-mercoledi-di-lettura-con-bambini-da-0-a-6-anni\\\/\"]}]},{\"@type\":\"ImageObject\",\"inLanguage\":\"fr-FR\",\"@id\":\"https:\\\/\\\/www.bellunopress.it\\\/2012\\\/11\\\/26\\\/nati-per-leggere-dal-24-novembre-alla-biblioteca-di-trichiana-via-ai-mercoledi-di-lettura-con-bambini-da-0-a-6-anni\\\/#primaryimage\",\"url\":\"http:\\\/\\\/www.bellunopress.it\\\/wp-content\\\/uploads\\\/2009\\\/09\\\/libri-leggerissima.jpg\",\"contentUrl\":\"http:\\\/\\\/www.bellunopress.it\\\/wp-content\\\/uploads\\\/2009\\\/09\\\/libri-leggerissima.jpg\"},{\"@type\":\"BreadcrumbList\",\"@id\":\"https:\\\/\\\/www.bellunopress.it\\\/2012\\\/11\\\/26\\\/nati-per-leggere-dal-24-novembre-alla-biblioteca-di-trichiana-via-ai-mercoledi-di-lettura-con-bambini-da-0-a-6-anni\\\/#breadcrumb\",\"itemListElement\":[{\"@type\":\"ListItem\",\"position\":1,\"name\":\"Home\",\"item\":\"https:\\\/\\\/www.bellunopress.it\\\/\"},{\"@type\":\"ListItem\",\"position\":2,\"name\":\"\u201cNati per leggere\u201d: dal 24 novembre alla Biblioteca di Trichiana via ai mercoled\u00ec di lettura con bambini da 0 a 6 anni\"}]},{\"@type\":\"WebSite\",\"@id\":\"https:\\\/\\\/www.bellunopress.it\\\/#website\",\"url\":\"https:\\\/\\\/www.bellunopress.it\\\/\",\"name\":\"Bellunopress - Dolomiti\",\"description\":\"e-mail: redazione@bellunopress.it\",\"publisher\":{\"@id\":\"https:\\\/\\\/www.bellunopress.it\\\/#organization\"},\"potentialAction\":[{\"@type\":\"SearchAction\",\"target\":{\"@type\":\"EntryPoint\",\"urlTemplate\":\"https:\\\/\\\/www.bellunopress.it\\\/?s={search_term_string}\"},\"query-input\":{\"@type\":\"PropertyValueSpecification\",\"valueRequired\":true,\"valueName\":\"search_term_string\"}}],\"inLanguage\":\"fr-FR\"},{\"@type\":\"Organization\",\"@id\":\"https:\\\/\\\/www.bellunopress.it\\\/#organization\",\"name\":\"Bellunopress\",\"url\":\"https:\\\/\\\/www.bellunopress.it\\\/\",\"logo\":{\"@type\":\"ImageObject\",\"inLanguage\":\"fr-FR\",\"@id\":\"https:\\\/\\\/www.bellunopress.it\\\/#\\\/schema\\\/logo\\\/image\\\/\",\"url\":\"https:\\\/\\\/www.bellunopress.it\\\/wp-content\\\/uploads\\\/2011\\\/05\\\/cropped-logo-bellunopress-.jpg\",\"contentUrl\":\"https:\\\/\\\/www.bellunopress.it\\\/wp-content\\\/uploads\\\/2011\\\/05\\\/cropped-logo-bellunopress-.jpg\",\"width\":512,\"height\":512,\"caption\":\"Bellunopress\"},\"image\":{\"@id\":\"https:\\\/\\\/www.bellunopress.it\\\/#\\\/schema\\\/logo\\\/image\\\/\"},\"sameAs\":[\"https:\\\/\\\/www.facebook.com\\\/profile.php?id=100008943462799\",\"https:\\\/\\\/x.com\\\/bellunopress\",\"https:\\\/\\\/www.linkedin.com\\\/hp\\\/?dnr=JBzUWaJfMUw8vbXJJ2tVW5-I3jZKvC4wsoxE&amp;amp;amp;amp;amp;amp;trk=nav_responsive_tab_home\",\"https:\\\/\\\/www.youtube.com\\\/channel\\\/UCxL0wu1uN0_3_7hGG0306cw\"]},{\"@type\":\"Person\",\"@id\":\"https:\\\/\\\/www.bellunopress.it\\\/#\\\/schema\\\/person\\\/79bb06722b37ece1c03d3e94beb30d73\",\"name\":\"redazione\",\"image\":{\"@type\":\"ImageObject\",\"inLanguage\":\"fr-FR\",\"@id\":\"https:\\\/\\\/secure.gravatar.com\\\/avatar\\\/37d968a2e67a6fd04c169c4bdef102d0bc5d31b2546345219e348575eb80e9a0?s=96&d=mm&r=g\",\"url\":\"https:\\\/\\\/secure.gravatar.com\\\/avatar\\\/37d968a2e67a6fd04c169c4bdef102d0bc5d31b2546345219e348575eb80e9a0?s=96&d=mm&r=g\",\"contentUrl\":\"https:\\\/\\\/secure.gravatar.com\\\/avatar\\\/37d968a2e67a6fd04c169c4bdef102d0bc5d31b2546345219e348575eb80e9a0?s=96&d=mm&r=g\",\"caption\":\"redazione\"},\"sameAs\":[\"http:\\\/\\\/www.bellunopress.it\",\"https:\\\/\\\/x.com\\\/bellunopress\"],\"url\":\"https:\\\/\\\/www.bellunopress.it\\\/fr\\\/author\\\/redazione\\\/\"}]}<\/script>\n<!-- \/ Yoast SEO plugin. -->","yoast_head_json":{"title":"\u201cNati per leggere\u201d: dal 24 novembre alla Biblioteca di Trichiana via ai mercoled\u00ec di lettura con bambini da 0 a 6 anni - Bellunopress - Dolomiti","robots":{"index":"index","follow":"follow","max-snippet":"max-snippet:-1","max-image-preview":"max-image-preview:large","max-video-preview":"max-video-preview:-1"},"canonical":"https:\/\/www.bellunopress.it\/fr\/2012\/11\/26\/nati-per-leggere-dal-24-novembre-alla-biblioteca-di-trichiana-via-ai-mercoledi-di-lettura-con-bambini-da-0-a-6-anni\/","og_locale":"fr_FR","og_type":"article","og_title":"\u201cNati per leggere\u201d: dal 24 novembre alla Biblioteca di Trichiana via ai mercoled\u00ec di lettura con bambini da 0 a 6 anni - Bellunopress - Dolomiti","og_description":"Anche la Biblioteca di Trichiana ha aderito a \u201cNati per Leggere\u201d, il progetto nazionale che nasce dall\u2019alleanza fra pediatri e bibliotecari per la promozione della lettura ad alta voce con i bambini da 0 ai 6 anni. A partire da mercoled\u00ec 28 novembre, e per ogni mercoled\u00ec, fino ad aprile 2013, dalle 17.00 alle 17.45, [&hellip;]","og_url":"https:\/\/www.bellunopress.it\/fr\/2012\/11\/26\/nati-per-leggere-dal-24-novembre-alla-biblioteca-di-trichiana-via-ai-mercoledi-di-lettura-con-bambini-da-0-a-6-anni\/","og_site_name":"Bellunopress - Dolomiti","article_publisher":"https:\/\/www.facebook.com\/profile.php?id=100008943462799","article_published_time":"2012-11-26T17:57:46+00:00","article_modified_time":"2012-11-26T21:00:56+00:00","og_image":[{"url":"http:\/\/www.bellunopress.it\/wp-content\/uploads\/2009\/09\/libri-leggerissima.jpg","type":"","width":"","height":""}],"author":"redazione","twitter_card":"summary_large_image","twitter_creator":"@bellunopress","twitter_site":"@bellunopress","twitter_misc":{"Written by":"redazione","Est. reading time":"2 minutes"},"schema":{"@context":"https:\/\/schema.org","@graph":[{"@type":"Article","@id":"https:\/\/www.bellunopress.it\/2012\/11\/26\/nati-per-leggere-dal-24-novembre-alla-biblioteca-di-trichiana-via-ai-mercoledi-di-lettura-con-bambini-da-0-a-6-anni\/#article","isPartOf":{"@id":"https:\/\/www.bellunopress.it\/2012\/11\/26\/nati-per-leggere-dal-24-novembre-alla-biblioteca-di-trichiana-via-ai-mercoledi-di-lettura-con-bambini-da-0-a-6-anni\/"},"author":{"name":"redazione","@id":"https:\/\/www.bellunopress.it\/#\/schema\/person\/79bb06722b37ece1c03d3e94beb30d73"},"headline":"\u201cNati per leggere\u201d: dal 24 novembre alla Biblioteca di Trichiana via ai mercoled\u00ec di lettura con bambini da 0 a 6 anni","datePublished":"2012-11-26T17:57:46+00:00","dateModified":"2012-11-26T21:00:56+00:00","mainEntityOfPage":{"@id":"https:\/\/www.bellunopress.it\/2012\/11\/26\/nati-per-leggere-dal-24-novembre-alla-biblioteca-di-trichiana-via-ai-mercoledi-di-lettura-con-bambini-da-0-a-6-anni\/"},"wordCount":507,"publisher":{"@id":"https:\/\/www.bellunopress.it\/#organization"},"image":{"@id":"https:\/\/www.bellunopress.it\/2012\/11\/26\/nati-per-leggere-dal-24-novembre-alla-biblioteca-di-trichiana-via-ai-mercoledi-di-lettura-con-bambini-da-0-a-6-anni\/#primaryimage"},"thumbnailUrl":"http:\/\/www.bellunopress.it\/wp-content\/uploads\/2009\/09\/libri-leggerissima.jpg","articleSection":["Appuntamenti, Eventi","Arte, Cultura, Spettacoli, Scienza","Prima Pagina"],"inLanguage":"fr-FR"},{"@type":"WebPage","@id":"https:\/\/www.bellunopress.it\/2012\/11\/26\/nati-per-leggere-dal-24-novembre-alla-biblioteca-di-trichiana-via-ai-mercoledi-di-lettura-con-bambini-da-0-a-6-anni\/","url":"https:\/\/www.bellunopress.it\/2012\/11\/26\/nati-per-leggere-dal-24-novembre-alla-biblioteca-di-trichiana-via-ai-mercoledi-di-lettura-con-bambini-da-0-a-6-anni\/","name":"\u201cNati per leggere\u201d: dal 24 novembre alla Biblioteca di Trichiana via ai mercoled\u00ec di lettura con bambini da 0 a 6 anni - Bellunopress - Dolomiti","isPartOf":{"@id":"https:\/\/www.bellunopress.it\/#website"},"primaryImageOfPage":{"@id":"https:\/\/www.bellunopress.it\/2012\/11\/26\/nati-per-leggere-dal-24-novembre-alla-biblioteca-di-trichiana-via-ai-mercoledi-di-lettura-con-bambini-da-0-a-6-anni\/#primaryimage"},"image":{"@id":"https:\/\/www.bellunopress.it\/2012\/11\/26\/nati-per-leggere-dal-24-novembre-alla-biblioteca-di-trichiana-via-ai-mercoledi-di-lettura-con-bambini-da-0-a-6-anni\/#primaryimage"},"thumbnailUrl":"http:\/\/www.bellunopress.it\/wp-content\/uploads\/2009\/09\/libri-leggerissima.jpg","datePublished":"2012-11-26T17:57:46+00:00","dateModified":"2012-11-26T21:00:56+00:00","breadcrumb":{"@id":"https:\/\/www.bellunopress.it\/2012\/11\/26\/nati-per-leggere-dal-24-novembre-alla-biblioteca-di-trichiana-via-ai-mercoledi-di-lettura-con-bambini-da-0-a-6-anni\/#breadcrumb"},"inLanguage":"fr-FR","potentialAction":[{"@type":"ReadAction","target":["https:\/\/www.bellunopress.it\/2012\/11\/26\/nati-per-leggere-dal-24-novembre-alla-biblioteca-di-trichiana-via-ai-mercoledi-di-lettura-con-bambini-da-0-a-6-anni\/"]}]},{"@type":"ImageObject","inLanguage":"fr-FR","@id":"https:\/\/www.bellunopress.it\/2012\/11\/26\/nati-per-leggere-dal-24-novembre-alla-biblioteca-di-trichiana-via-ai-mercoledi-di-lettura-con-bambini-da-0-a-6-anni\/#primaryimage","url":"http:\/\/www.bellunopress.it\/wp-content\/uploads\/2009\/09\/libri-leggerissima.jpg","contentUrl":"http:\/\/www.bellunopress.it\/wp-content\/uploads\/2009\/09\/libri-leggerissima.jpg"},{"@type":"BreadcrumbList","@id":"https:\/\/www.bellunopress.it\/2012\/11\/26\/nati-per-leggere-dal-24-novembre-alla-biblioteca-di-trichiana-via-ai-mercoledi-di-lettura-con-bambini-da-0-a-6-anni\/#breadcrumb","itemListElement":[{"@type":"ListItem","position":1,"name":"Home","item":"https:\/\/www.bellunopress.it\/"},{"@type":"ListItem","position":2,"name":"\u201cNati per leggere\u201d: dal 24 novembre alla Biblioteca di Trichiana via ai mercoled\u00ec di lettura con bambini da 0 a 6 anni"}]},{"@type":"WebSite","@id":"https:\/\/www.bellunopress.it\/#website","url":"https:\/\/www.bellunopress.it\/","name":"Bellunopress - Dolomiti","description":"e-mail: redazione@bellunopress.it","publisher":{"@id":"https:\/\/www.bellunopress.it\/#organization"},"potentialAction":[{"@type":"SearchAction","target":{"@type":"EntryPoint","urlTemplate":"https:\/\/www.bellunopress.it\/?s={search_term_string}"},"query-input":{"@type":"PropertyValueSpecification","valueRequired":true,"valueName":"search_term_string"}}],"inLanguage":"fr-FR"},{"@type":"Organization","@id":"https:\/\/www.bellunopress.it\/#organization","name":"Bellunopress","url":"https:\/\/www.bellunopress.it\/","logo":{"@type":"ImageObject","inLanguage":"fr-FR","@id":"https:\/\/www.bellunopress.it\/#\/schema\/logo\/image\/","url":"https:\/\/www.bellunopress.it\/wp-content\/uploads\/2011\/05\/cropped-logo-bellunopress-.jpg","contentUrl":"https:\/\/www.bellunopress.it\/wp-content\/uploads\/2011\/05\/cropped-logo-bellunopress-.jpg","width":512,"height":512,"caption":"Bellunopress"},"image":{"@id":"https:\/\/www.bellunopress.it\/#\/schema\/logo\/image\/"},"sameAs":["https:\/\/www.facebook.com\/profile.php?id=100008943462799","https:\/\/x.com\/bellunopress","https:\/\/www.linkedin.com\/hp\/?dnr=JBzUWaJfMUw8vbXJJ2tVW5-I3jZKvC4wsoxE&amp;amp;amp;amp;amp;amp;trk=nav_responsive_tab_home","https:\/\/www.youtube.com\/channel\/UCxL0wu1uN0_3_7hGG0306cw"]},{"@type":"Person","@id":"https:\/\/www.bellunopress.it\/#\/schema\/person\/79bb06722b37ece1c03d3e94beb30d73","name":"r\u00e9daction","image":{"@type":"ImageObject","inLanguage":"fr-FR","@id":"https:\/\/secure.gravatar.com\/avatar\/37d968a2e67a6fd04c169c4bdef102d0bc5d31b2546345219e348575eb80e9a0?s=96&d=mm&r=g","url":"https:\/\/secure.gravatar.com\/avatar\/37d968a2e67a6fd04c169c4bdef102d0bc5d31b2546345219e348575eb80e9a0?s=96&d=mm&r=g","contentUrl":"https:\/\/secure.gravatar.com\/avatar\/37d968a2e67a6fd04c169c4bdef102d0bc5d31b2546345219e348575eb80e9a0?s=96&d=mm&r=g","caption":"redazione"},"sameAs":["http:\/\/www.bellunopress.it","https:\/\/x.com\/bellunopress"],"url":"https:\/\/www.bellunopress.it\/fr\/author\/redazione\/"}]}},"_links":{"self":[{"href":"https:\/\/www.bellunopress.it\/fr\/wp-json\/wp\/v2\/posts\/44246","targetHints":{"allow":["GET"]}}],"collection":[{"href":"https:\/\/www.bellunopress.it\/fr\/wp-json\/wp\/v2\/posts"}],"about":[{"href":"https:\/\/www.bellunopress.it\/fr\/wp-json\/wp\/v2\/types\/post"}],"author":[{"embeddable":true,"href":"https:\/\/www.bellunopress.it\/fr\/wp-json\/wp\/v2\/users\/2"}],"replies":[{"embeddable":true,"href":"https:\/\/www.bellunopress.it\/fr\/wp-json\/wp\/v2\/comments?post=44246"}],"version-history":[{"count":1,"href":"https:\/\/www.bellunopress.it\/fr\/wp-json\/wp\/v2\/posts\/44246\/revisions"}],"predecessor-version":[{"id":44247,"href":"https:\/\/www.bellunopress.it\/fr\/wp-json\/wp\/v2\/posts\/44246\/revisions\/44247"}],"wp:attachment":[{"href":"https:\/\/www.bellunopress.it\/fr\/wp-json\/wp\/v2\/media?parent=44246"}],"wp:term":[{"taxonomy":"category","embeddable":true,"href":"https:\/\/www.bellunopress.it\/fr\/wp-json\/wp\/v2\/categories?post=44246"},{"taxonomy":"post_tag","embeddable":true,"href":"https:\/\/www.bellunopress.it\/fr\/wp-json\/wp\/v2\/tags?post=44246"}],"curies":[{"name":"wp","href":"https:\/\/api.w.org\/{rel}","templated":true}]}}