{"id":44242,"date":"2012-11-26T21:54:02","date_gmt":"2012-11-26T20:54:02","guid":{"rendered":"http:\/\/www.bellunopress.it\/?p=44242"},"modified":"2012-11-26T21:55:34","modified_gmt":"2012-11-26T20:55:34","slug":"cortina-fashion-weekend-si-accendono-i-riflettori-sulla-seconda-edizione","status":"publish","type":"post","link":"https:\/\/www.bellunopress.it\/fr\/2012\/11\/26\/cortina-fashion-weekend-si-accendono-i-riflettori-sulla-seconda-edizione\/","title":{"rendered":"Cortina Fashion Weekend 7 &#8211; 9 dicembre: si accendono i riflettori sulla seconda edizione"},"content":{"rendered":"<p>Una grande festa all\u2019insegna della shopping experience d\u2019alta quota. La Regina delle Dolomiti apre la stagione invernale con un evento fatto di oltre 100 appuntamenti diffusi per le vie del centro durante il Ponte di Sant\u2019Ambrogio.<\/p>\n<p>Tra le novit\u00e0, un team di personal shopper che arriver\u00e0 a Cortina per l\u2019occasione, una mini collezione creata appositamente da dieci giovani designer che sar\u00e0 presentata durante speciali \u201ccreative afternoon &amp; creative breakfast\u201d negli hotel, uno shooting fotografico in galleria.<\/p>\n<p><a href=\"http:\/\/www.bellunopress.it\/wp-content\/uploads\/2012\/11\/Cortina-Fashion-WeekEnd-ph-Giacomo-Pompanin.jpg\"><img loading=\"lazy\" decoding=\"async\" class=\"alignleft size-full wp-image-44243\" title=\"Cortina Fashion WeekEnd ph Giacomo Pompanin\" src=\"http:\/\/www.bellunopress.it\/wp-content\/uploads\/2012\/11\/Cortina-Fashion-WeekEnd-ph-Giacomo-Pompanin.jpg\" alt=\"\" width=\"273\" height=\"203\" \/><\/a>Grande spettacolo per la notte bianca di sabato 8 dicembre, tra opening, cocktail a tema, happening e degustazioni. Una moltitudine di eventi nell\u2019evento, sulla scia del motto \u201cil poco di ognuno per il molto di tutti\u201d.<\/p>\n<p>Forte del successo dello scorsa edizione, tornano gli \u201calberi in vetrina\u201d per Baby nel Cuore:<\/p>\n<p>30 alberi natalizi saranno customizzati da griffe e giovani artisti, un progetto realizzato con il supporto di Cna Federmoda.<\/p>\n<p>L\u2019evento \u00e8 organizzato da Cortina Turismo, in collaborazione con White Events e con il supporto di Cna Federmoda, a conferma dello stile di Cortina votato alla moda e allo shopping di qualit\u00e0. In diretta su Twitter: #FashionWeekend.<\/p>\n<p>Oltre 100 eventi per 100 realt\u00e0 coinvolte, 30 speciali alberi griffati, una capsule collection di 10 pezzi realizzati per l\u2019occasione per un fine settimana da vivere all\u2019insegna della moda d\u2019alta quota. Da venerd\u00ec 7 a domenica 9 dicembre, appuntamento con il Cortina Fashion WeekEnd. Un invito a perdersi tra shopping, aperitivi, cene, mostre, performance e happening. Un evento diffuso per tutta la citt\u00e0 \u2013 con il momento clou della notte bianca di sabato 8 dicembre \u2013 all\u2019insegna della moda, dell\u2019arte, del turismo e dello stile \u201cMade in Cortina\u201d.<\/p>\n<p>Protagonisti saranno negozi, boutique, alberghi, ristoranti e musei del centro.<\/p>\n<p>Ogni attivit\u00e0 far\u00e0 leva sui desideri e le emozioni dei propri clienti e visitatori andando a comporre un appassionante carnet di proposte. A fare da quinta scenografica, Corso Italia addobbato per le feste e animato da luci, musica in wi-fi diffusione e allestimenti concepiti ad hoc.<\/p>\n<p>Un appuntamento che conferma lo stile di Cortina da sempre votato alla moda di qualit\u00e0, caratteristica\u00a0che trasformato nel tempo questa localit\u00e0 in un vero e proprio Shopping Resort. Fatto non comune per una cittadina di montagna, tra le vie del centro si concentrano oltre 40 boutique, per un totale di 300 tra le firme pi\u00f9 importanti di pr\u00eat-\u00e0-porter, haute couture, sportswear, senza contare le gioiellerie e le gallerie d\u2019arte. Circondata da queste vetrine si snoder\u00e0 la festa della moda d\u2019alta quota. O meglio le feste.<\/p>\n<p>Le novit\u00e0<\/p>\n<p>ICONE di STILE \u2013 New entry nel calendario dell\u2019edizione 2012, uno shooting-spettacolo in<\/p>\n<p>omaggio alla cultura, allo stile italiano e al \u201cCortina style\u201d in particolare, uno stile personale capace di\u00a0unire, in modo innovativo, classico e moderno. Grazie al supporto dei numerosi trend setter alla guida degli atelier ampezzani, saranno immortalate dal fotoreporter Stefano Zardini 10 ragazze che sapranno interpretare al meglio i valori di eccellenza e qualit\u00e0 che da sempre contraddistinguono la Regina delle Dolomiti. Make up artist a cura di Manuela Antonelli \u201cThylly\u201d.<\/p>\n<p>Lo shooting, in diretta nel pomeriggio di sabato 8 dicembre alla Ikonos Art Gallery, sar\u00e0 successivamente pubblicato all\u2019interno del servizio moda del decimo numero del CORTINA.TOPic, la rivista ufficiale di Cortina d\u2019Ampezzo, in uscita a Natale 2012.<\/p>\n<p>CCC_CORTINA CAPSULE COLLECTION \u2013 10 x 10 x 10. Sono i numeri della collezione\/evento concepita ad hoc per il Fashion WeekEnd. Dieci stilisti e designer emergenti realizzeranno una speciale collezione Cortina inspired: 10 pezzi unici e accessori moda che saranno presentati sabato 8 e domenica 9 nel contesto di \u201ccreative afternoon &amp; creative breakfast\u201d.<\/p>\n<p>PERSONAL SHOPPER \u2013 Ad accompagnare le scelte di shopping nella lunga giornata di sabato 8 dicembre uno speciale servizio a cura della stylist Masha Tagliabue e di L.UN.A, Libera Universit\u00e0 delle Arti, che sbarcher\u00e0 a Cortina con i suoi migliori studenti. Quartier generale del servizio, l\u2019Hotel Ancora.<\/p>\n<p>QUANDO UN EVENTO DIVENTA \u201cFORMATIVO\u201d \u2013 Non solo happening, ma anche momenti di studio e di crescita che si trasformano in opportunit\u00e0 per il territorio.<\/p>\n<p>Tutti i segreti e i trucchi per imparare a vestire e a vestirsi. A partire dal 6 dicembre sar\u00e0 possibile partecipare a titolo gratuito al corso di personal shopper, a cura di Cortina Turismo in collaborazione<\/p>\n<p>con Masha Tagliabue di L.UN.A e Alessandra Lepri di Modartech. Una tre giorni con due insegnanti d\u2019eccezione per scoprire l\u2019arte di abbinare i capi giusti con originalit\u00e0. Classroom, incontri a tema, tavole rotonde e formazione sul campo con tanto di attestato finale.<\/p>\n<p>Info e iscrizioni entro il 27 novembre 2012 (e.alvera@dolomiti.org &#8211; ct@dolomiti.org). 100 grandi eventi in 3 giorni Attesissimi gli eventi firmati White Milano da Franz Kraler, Le Noir, Bredo e Marinotti.<\/p>\n<p>Il luxury multibrand Franz Kraler presenta Cocktail Party &amp; Music by Smoma, un evento tra moda, arte e design. A partire dalle 18.30, presentazione della selezione dei capi pi\u00f9 esclusivi della stilista italo-caraibica Stella Jean all\u2019interno di un allestimento firmato Carla Tolomeo, artista famosa nel mondo per le sue sedie scultura.<\/p>\n<p>Il piazzale antistante il multibrand diventer\u00e0 il palcoscenico della performance musicale degli Smoma, trio di tromba, chitarra e voce che si esibir\u00e0 in un repertorio musicale non onvenzionale, un \u201cmelting pot\u201d, di successi riconosciuti internazionalmente, reinterpretati per trasformarli in atmosfere glamour e coinvolgenti.<\/p>\n<p>In collaboration with White Milano e Mumm Champagne, l\u2019evento proposto da Le Noir: dalle ore 17.00 obiettivo puntato su Gianluca Capannolo e la sua carismatica collezione, con cocktail a seguire. L\u2019espressione dello stilista, uno degli artisti e creativi pi\u00f9 brillanti nel panorama italiano, \u00e8 assolutamente unico: sperimentare e adottare i materiali e le forme pi\u00f9 innovative con il pi\u00f9 classico approccio tailor made, heritage dei grandi atelier.<\/p>\n<p>White \u2013 Htc \u2013 Missoni marchi per l\u2019evento Bredo: modelle, dj e catering, gli ingredienti per un\u00a0cocktail esplosivo.<\/p>\n<p>E ancora, \u201cMemento me in a glass\u201d il suggestivo titolo dell\u2019evento ice-cold che si terr\u00e0 ell\u2019esclusiva\u00a0cornice del concept store Marinotti 147. Per vivere l\u2019atmosfera winter-glamour, immergersi nella suggestione mountain-chic che \u00e8 parte del nuovo universo personal glassware firmato Me in a Glass.<\/p>\n<p>Uno dei party di punta del ricco programma di eventi diffusi tra le vie del centro che coinvolgerannoctutti i principali negozi e le boutique di Cortina: Altex, Ampezzan Fiori &amp; Casa, And Camice, Artigianato Artistico Ampezzano, Ballantyne, Benetton, 012 Cortina, Boarderline, Borbonese, Brunello Cucinelli, Centro Tecnico, Crazy Cortina Wool &amp; Co, Ermanno Daelli, Faliero Sarti, Farmacia San\u00a0Giorgio, Gant, George Hogg, Geox Shop Cortina, Ghedina Zuccaro, Guerresco, Guess, I Volpini Antiquariato, Il Gufo, La Bottega Di Amelie, La Ruota, Libreria Sovilla, Marinotti 126, Olympia Sport Tecnica Group, Op! Cortina, Oreficeria De Zanna, Paoletti, Peuterey, Ritz Saddler, Roba Dolze, Salmoiraghi &amp; Vigano&#8217;, Ermanno Scervino, Scuola Sci Cristallo, Sisley, Stefanel, The North Face, Top Class, Top Store.<\/p>\n<p>Durante il Cortina Fashion WeekEnd inaugurer\u00e0 anche il primo flagshipstore di Giuliana Cella: la\u00a0regina dell\u2019Ethno-Chic presenter\u00e0 nel suo antro delle meraviglie in piazza Silvestro Franceschi, 8 cappotti e mantelli a pezzo unico con tessuti d\u2019epoca, borse in rettile istoriate di giade corniole e ametiste e una selezione di capi vintage introvabili, anni\u2019 70 \u2013 80.<\/p>\n<p>Nuove aperture a dare sempre maggior variet\u00e0 e contenuto alla via dello struscio. New opening anche\u00a0per CAMPOMARZIO70 in Piazza Pittori Fratelli Ghedina 9, un luogo dove sviluppare la cultura del profumo d\u2019arte. A pochi metri di distanza aprir\u00e0 Manila Grace by Marinotti.<\/p>\n<p>La storico negozio la Ruota di Claudio Zanettin di rinnova e si trasferisce. Il nuovo punto di riferimento l\u2019antiquariato sar\u00e0 La Ruotina di Claudio Zanettin, in piazza Silvestro Franceschi 9.<\/p>\n<p>In Galleria Croce Bianca arriva L&#8217;Autre Chose.<\/p>\n<p>ALBERI IN VETRINA PER BABY NEL CUORE<\/p>\n<p>Evento promosso con il sostegno di CNA Federmoda.\u00a0Un grande appuntamento per una grande causa benefica. Anche quest\u2019anno il Cortina Fashion WeekEnd sar\u00e0 palcoscenico per stilisti affermati, giovani designer e top brand che realizzeranno \u201ca modo loro\u201d speciali alberi di Natale: interpretazioni firmate, pezzi unici il cui ricavato sar\u00e0 devoluto alla Onlus Baby nel Cuore.<\/p>\n<p>Tra i principali protagonisti: Aeronautica militare, Alberto Aspesi, And Camicie, Associazione Golf Cortina, Blauer, Campo Marzio 70, Cortina Car Club, Ermanno Daelli, Geox, Hell is for heroes + K2\u00a0Sport, Il Gufo, Je M&#8217;en Fous, La Petite Robe di Chiara Boni, Luciano Barachini, Maiden Art, Manfredi made in Italy gioielli + Verni Gioiellerie, Marinotti + Brunello Cucinelli, Mazzonetto, Moon boot + Gruppo Tecnica, Moskardin, Pellicceria Enrica Carassiti, Pin up stars + Agogoa, Rolex + Gioielleria Veronesi, Ermanno Scervino, Simone Marulli, Stefanel, Stella Jean + Carla Tolomeo per Franz Kraler,<\/p>\n<p>Vittorio Martini, Woolrich + WP Lavori in corso.<\/p>\n<p>Preview dell\u2019intera collezione degli alberi venerd\u00ec 7 dicembre, durante l\u2019esclusiva cena organizzata in<\/p>\n<p>collaborazione con Golf Cortina presso il Ristorante Birdie all\u2019interno della club house (in prevendita:<\/p>\n<p>tel. +39 0436 860952, info@cortinagolf.it).<\/p>\n<p>Mostre ed eventi culturali<\/p>\n<p>MUST HAVE<\/p>\n<p>L\u2019artista romano Marcello Reboani ripercorre iconograficamente la contemporaneit\u00e0 attraverso la<\/p>\n<p>riproduzione di alcuni oggetti cult fissati in modo indelebile nell\u2019immaginario collettivo. Le Kelly di<\/p>\n<p>Hermes, le Manolo Blahnik, gli orologi Rolex, i Levi\u2019s, le All Stars diventano quadri-scultura realizzati<\/p>\n<p>con materiali di recupero, assemblati e plasmati a simboleggiare, attraverso il concetto di riutilizzo, la<\/p>\n<p>chiave di volta per la costruzione di un futuro estetico ma anche etico. Tra i Must Have non potevano<\/p>\n<p>mancare il logo-simbolo di Cortina e la sua rivista ufficiale, CORTINA.TOPic, pronte a trasformarsi in<\/p>\n<p>opere d\u2019arte. Fino all\u20198 marzo, Comune Vecchio, Corso Italia 83.<\/p>\n<p>Cocktail firmato Tonino Lamborghini ai piedi del Campanile durante tutta la giornata di sabato 8<\/p>\n<p>dicembre.<\/p>\n<p>COME ERAVAMO. VINTAGE DELLE NEVI<\/p>\n<p>Moda invernale e abbigliamento sportivo d&#8217;inizio Novecento: al Museo Etnografico delle Regole<\/p>\n<p>d\u2019Ampezzo, in esposizione abiti femminili e maschili accanto ad attrezzature, slittini, pattini e sci<\/p>\n<p>d\u2019epoca. Fino al 2 aprile, Museo Etnografico, Alexander Girardi Hall, localit\u00e0 Pontechiesa.<\/p>\n<p>Special Event: domenica 9 dicembre, \u201cNote di tradizione\u201d, concerto in collaborazione con il Festival<\/p>\n<p>e Accademia Dino Ciani con il duo Annachiara Belli e Andrea Da Cort\u00e0. Ore 11.00.<\/p>\n<p>COLLEZIONE ALLARIA: I MAESTRI DEL NOVECENTO ITALIANO<\/p>\n<p>Dopo Filippo de Pisis, arriva nelle sale del Museo d\u2019Arte Moderna Mario Rimoldi un altro grande<\/p>\n<p>protagonista della storia dell\u2019arte italiana e internazionale. Per tutta la stagione invernale, in mostra<\/p>\n<p>l\u2019intero corpus di oltre 90 opere della collezione Antonio e Cicci Allaria, donata in comodato d\u2019uso al<\/p>\n<p>museo, con oltre 60 opere di Mario Sironi. Al secondo piano della Casa delle Regole sar\u00e0 esposta la<\/p>\n<p>collezione permanente del museo rinnovata e riallestita con nuove opere di de Pisis, Sironi e Alis Levi.<\/p>\n<p>Fino al 2 aprile, Museo d\u2019Arte Modena Mario Rimoldi, Casa delle Regole d\u2019Ampezzo, Corso Italia 69.<\/p>\n<p>Special Event: sabato 8 dicembre, in collaborazione con la Fondazione Guggenheim di Venezia, Luca<\/p>\n<p>Massimo Barbero racconta Giuseppe Capogrossi. Ore 11.00.<\/p>\n<p>NARRARE LE ARTI<\/p>\n<p>\u00c8 dedicato ai piccoli l\u2019appuntamento organizzato dal Museo Incanta presso la Libreria Sovilla.<\/p>\n<p>Un laboratorio di scrittura creativa associata alle immagini.<\/p>\n<p>Sabato 8 dicembre, ore 16.00, Corso Italia 118.<\/p>\n<p>Partner<\/p>\n<p>WHITE EVENTS \u2013 Il salone internazionale della moda contemporary si conferma partner ufficiale<\/p>\n<p>del fashion weekend delle Dolomiti. Un sodalizio nato per portare i contenuti della moda<\/p>\n<p>contemporanea a contatto con il pubblico e mostrarne l\u2019essenza pi\u00f9 autentica. Sar\u00e0 firmata White<\/p>\n<p>Events anche la speciale tombolata benefica \u2013 in palio tantissimi doni gentilmente offerti dalle boutique<\/p>\n<p>di Cortina e proposte di soggiorno imperdibili \u2013 a favore di Baby nel Cuore venerd\u00ec 7 dicembre.<\/p>\n<p>MEDIA PARTNER<\/p>\n<p>Gruppo QN \u2013 Il Resto del Carlino \u2013 Il Giorno \u2013 La Nazione<\/p>\n<p>Per diventare follower di Cortina Turismo: @cortinadolomiti.<\/p>\n<p>Evento in diretta Twitter: #FashionWeekend<\/p>\n<p>Programma<\/p>\n<p>Venerd\u00ec 7 dicembre<\/p>\n<p>17.00 \u2013 Conferenza stampa itinerante con \u201cvisita\u201d alle novit\u00e0 2012 del Fashion WeekEnd;<\/p>\n<p>a seguire taglio del nastro<\/p>\n<p>18.30 \u2013 Vernissage Must Have, Comun Vecio<\/p>\n<p>19.30 \u2013 Vernissage Come eravamo. Vintage delle nevi, Museo Etnografico<\/p>\n<p>21.00 \u2013 Cena Baby nel Cuore al Ristorante Birdie del Cortina Golf Club con preview collezione alberi;<\/p>\n<p>a seguire tombolata con il supporto di White Milano e \u201cSpecial ice moment\u201d by Babbi, esploratori di<\/p>\n<p>dolcezza<\/p>\n<p>Sabato 8 dicembre<\/p>\n<p>11.00 \u2013 Special event Museo d\u2019Arte Moderna Mario Rimoldi: in collaborazione con la Fondazione<\/p>\n<p>Guggenheim di Venezia, Luca Massimo Barbero racconta Giuseppe Capogrossi<\/p>\n<p>16.00 \u2013 Castagnata al Cortina Golf Club e \u201cSpecial ice moment\u201d Babbi, esploratori di dolcezza<\/p>\n<p>17.30 \u2013 Spettacolo di apertura in Corso Italia<\/p>\n<p>A seguire:<\/p>\n<p>notte bianca con eventi diffusi tra negozi e boutique<\/p>\n<p>apertura serale dei negozi, con prolungamento dell\u2019orario fino alle ore 22.00<\/p>\n<p>servizio personal shopper in collaborazione con L.UN.A, Libera Universit\u00e0 delle Arti<\/p>\n<p>degustazioni e aperitivi presso bar e ristoranti<\/p>\n<p>musica by Serendeepity (www.serendeepity.net) in wi-fi diffusione<\/p>\n<p>Domenica 9 dicembre<\/p>\n<p>10.00 \u2013 creative breakfast negli hotel<\/p>\n<p>11.00 \u2013 Special event Museo Etnografico delle Regole d\u2019Ampezzo: Note di tradizione, concerto in<\/p>\n<p>collaborazione con il Festival e Accademia Dino Ciani con il duo Annachiara Belli e Andrea Da Cort\u00e0.<\/p>\n<p>Evento promosso e coordinato da<\/p>\n<p>per in collaborazione con<\/p>\n<p>Partner Musica: Serendeepity &#8211; corso Porta Ticinese, 100 &#8211; 20123<\/p>\n<p>Milano &#8211; www.serendeepity.net<\/p>\n<p>Media Partner<\/p>\n<p>&nbsp;<\/p>","protected":false},"excerpt":{"rendered":"<p>Una grande festa all\u2019insegna della shopping experience d\u2019alta quota. La Regina delle Dolomiti apre la stagione invernale con un evento fatto di oltre 100 appuntamenti diffusi per le vie del centro durante il Ponte di Sant\u2019Ambrogio. Tra le novit\u00e0, un team di personal shopper che arriver\u00e0 a Cortina per l\u2019occasione, una mini collezione creata appositamente [&hellip;]<\/p>\n","protected":false},"author":2,"featured_media":0,"comment_status":"closed","ping_status":"open","sticky":false,"template":"","format":"standard","meta":{"footnotes":""},"categories":[27,25,8],"tags":[],"class_list":["post-44242","post","type-post","status-publish","format-standard","category-appuntamenti","category-pausa-caffe","category-societa-istituzioni"],"yoast_head":"<!-- This site is optimized with the Yoast SEO plugin v28.4 - https:\/\/yoast.com\/product\/yoast-seo-wordpress\/ -->\n<title>Cortina Fashion Weekend 7 - 9 dicembre: si accendono i riflettori sulla seconda edizione  - Bellunopress - Dolomiti<\/title>\n<meta name=\"robots\" content=\"index, follow, max-snippet:-1, max-image-preview:large, max-video-preview:-1\" \/>\n<link rel=\"canonical\" href=\"https:\/\/www.bellunopress.it\/fr\/2012\/11\/26\/cortina-fashion-weekend-si-accendono-i-riflettori-sulla-seconda-edizione\/\" \/>\n<meta property=\"og:locale\" content=\"fr_FR\" \/>\n<meta property=\"og:type\" content=\"article\" \/>\n<meta property=\"og:title\" content=\"Cortina Fashion Weekend 7 - 9 dicembre: si accendono i riflettori sulla seconda edizione  - Bellunopress - Dolomiti\" \/>\n<meta property=\"og:description\" content=\"Una grande festa all\u2019insegna della shopping experience d\u2019alta quota. La Regina delle Dolomiti apre la stagione invernale con un evento fatto di oltre 100 appuntamenti diffusi per le vie del centro durante il Ponte di Sant\u2019Ambrogio. Tra le novit\u00e0, un team di personal shopper che arriver\u00e0 a Cortina per l\u2019occasione, una mini collezione creata appositamente [&hellip;]\" \/>\n<meta property=\"og:url\" content=\"https:\/\/www.bellunopress.it\/fr\/2012\/11\/26\/cortina-fashion-weekend-si-accendono-i-riflettori-sulla-seconda-edizione\/\" \/>\n<meta property=\"og:site_name\" content=\"Bellunopress - Dolomiti\" \/>\n<meta property=\"article:publisher\" content=\"https:\/\/www.facebook.com\/profile.php?id=100008943462799\" \/>\n<meta property=\"article:published_time\" content=\"2012-11-26T20:54:02+00:00\" \/>\n<meta property=\"article:modified_time\" content=\"2012-11-26T20:55:34+00:00\" \/>\n<meta property=\"og:image\" content=\"http:\/\/www.bellunopress.it\/wp-content\/uploads\/2012\/11\/Cortina-Fashion-WeekEnd-ph-Giacomo-Pompanin.jpg\" \/>\n<meta name=\"author\" content=\"redazione\" \/>\n<meta name=\"twitter:card\" content=\"summary_large_image\" \/>\n<meta name=\"twitter:creator\" content=\"@bellunopress\" \/>\n<meta name=\"twitter:site\" content=\"@bellunopress\" \/>\n<meta name=\"twitter:label1\" content=\"\u00c9crit par\" \/>\n\t<meta name=\"twitter:data1\" content=\"redazione\" \/>\n\t<meta name=\"twitter:label2\" content=\"Dur\u00e9e de lecture estim\u00e9e\" \/>\n\t<meta name=\"twitter:data2\" content=\"10 minutes\" \/>\n<script type=\"application\/ld+json\" class=\"yoast-schema-graph\">{\"@context\":\"https:\\\/\\\/schema.org\",\"@graph\":[{\"@type\":\"Article\",\"@id\":\"https:\\\/\\\/www.bellunopress.it\\\/2012\\\/11\\\/26\\\/cortina-fashion-weekend-si-accendono-i-riflettori-sulla-seconda-edizione\\\/#article\",\"isPartOf\":{\"@id\":\"https:\\\/\\\/www.bellunopress.it\\\/2012\\\/11\\\/26\\\/cortina-fashion-weekend-si-accendono-i-riflettori-sulla-seconda-edizione\\\/\"},\"author\":{\"name\":\"redazione\",\"@id\":\"https:\\\/\\\/www.bellunopress.it\\\/#\\\/schema\\\/person\\\/79bb06722b37ece1c03d3e94beb30d73\"},\"headline\":\"Cortina Fashion Weekend 7 &#8211; 9 dicembre: si accendono i riflettori sulla seconda edizione\",\"datePublished\":\"2012-11-26T20:54:02+00:00\",\"dateModified\":\"2012-11-26T20:55:34+00:00\",\"mainEntityOfPage\":{\"@id\":\"https:\\\/\\\/www.bellunopress.it\\\/2012\\\/11\\\/26\\\/cortina-fashion-weekend-si-accendono-i-riflettori-sulla-seconda-edizione\\\/\"},\"wordCount\":2102,\"publisher\":{\"@id\":\"https:\\\/\\\/www.bellunopress.it\\\/#organization\"},\"image\":{\"@id\":\"https:\\\/\\\/www.bellunopress.it\\\/2012\\\/11\\\/26\\\/cortina-fashion-weekend-si-accendono-i-riflettori-sulla-seconda-edizione\\\/#primaryimage\"},\"thumbnailUrl\":\"http:\\\/\\\/www.bellunopress.it\\\/wp-content\\\/uploads\\\/2012\\\/11\\\/Cortina-Fashion-WeekEnd-ph-Giacomo-Pompanin.jpg\",\"articleSection\":[\"Appuntamenti, Eventi\",\"Pausa Caff\u00e8\",\"Societ\u00e0, Associazioni, Istituzioni\"],\"inLanguage\":\"fr-FR\"},{\"@type\":\"WebPage\",\"@id\":\"https:\\\/\\\/www.bellunopress.it\\\/2012\\\/11\\\/26\\\/cortina-fashion-weekend-si-accendono-i-riflettori-sulla-seconda-edizione\\\/\",\"url\":\"https:\\\/\\\/www.bellunopress.it\\\/2012\\\/11\\\/26\\\/cortina-fashion-weekend-si-accendono-i-riflettori-sulla-seconda-edizione\\\/\",\"name\":\"Cortina Fashion Weekend 7 - 9 dicembre: si accendono i riflettori sulla seconda edizione - Bellunopress - Dolomiti\",\"isPartOf\":{\"@id\":\"https:\\\/\\\/www.bellunopress.it\\\/#website\"},\"primaryImageOfPage\":{\"@id\":\"https:\\\/\\\/www.bellunopress.it\\\/2012\\\/11\\\/26\\\/cortina-fashion-weekend-si-accendono-i-riflettori-sulla-seconda-edizione\\\/#primaryimage\"},\"image\":{\"@id\":\"https:\\\/\\\/www.bellunopress.it\\\/2012\\\/11\\\/26\\\/cortina-fashion-weekend-si-accendono-i-riflettori-sulla-seconda-edizione\\\/#primaryimage\"},\"thumbnailUrl\":\"http:\\\/\\\/www.bellunopress.it\\\/wp-content\\\/uploads\\\/2012\\\/11\\\/Cortina-Fashion-WeekEnd-ph-Giacomo-Pompanin.jpg\",\"datePublished\":\"2012-11-26T20:54:02+00:00\",\"dateModified\":\"2012-11-26T20:55:34+00:00\",\"breadcrumb\":{\"@id\":\"https:\\\/\\\/www.bellunopress.it\\\/2012\\\/11\\\/26\\\/cortina-fashion-weekend-si-accendono-i-riflettori-sulla-seconda-edizione\\\/#breadcrumb\"},\"inLanguage\":\"fr-FR\",\"potentialAction\":[{\"@type\":\"ReadAction\",\"target\":[\"https:\\\/\\\/www.bellunopress.it\\\/2012\\\/11\\\/26\\\/cortina-fashion-weekend-si-accendono-i-riflettori-sulla-seconda-edizione\\\/\"]}]},{\"@type\":\"ImageObject\",\"inLanguage\":\"fr-FR\",\"@id\":\"https:\\\/\\\/www.bellunopress.it\\\/2012\\\/11\\\/26\\\/cortina-fashion-weekend-si-accendono-i-riflettori-sulla-seconda-edizione\\\/#primaryimage\",\"url\":\"http:\\\/\\\/www.bellunopress.it\\\/wp-content\\\/uploads\\\/2012\\\/11\\\/Cortina-Fashion-WeekEnd-ph-Giacomo-Pompanin.jpg\",\"contentUrl\":\"http:\\\/\\\/www.bellunopress.it\\\/wp-content\\\/uploads\\\/2012\\\/11\\\/Cortina-Fashion-WeekEnd-ph-Giacomo-Pompanin.jpg\"},{\"@type\":\"BreadcrumbList\",\"@id\":\"https:\\\/\\\/www.bellunopress.it\\\/2012\\\/11\\\/26\\\/cortina-fashion-weekend-si-accendono-i-riflettori-sulla-seconda-edizione\\\/#breadcrumb\",\"itemListElement\":[{\"@type\":\"ListItem\",\"position\":1,\"name\":\"Home\",\"item\":\"https:\\\/\\\/www.bellunopress.it\\\/\"},{\"@type\":\"ListItem\",\"position\":2,\"name\":\"Cortina Fashion Weekend 7 &#8211; 9 dicembre: si accendono i riflettori sulla seconda edizione\"}]},{\"@type\":\"WebSite\",\"@id\":\"https:\\\/\\\/www.bellunopress.it\\\/#website\",\"url\":\"https:\\\/\\\/www.bellunopress.it\\\/\",\"name\":\"Bellunopress - Dolomiti\",\"description\":\"e-mail: redazione@bellunopress.it\",\"publisher\":{\"@id\":\"https:\\\/\\\/www.bellunopress.it\\\/#organization\"},\"potentialAction\":[{\"@type\":\"SearchAction\",\"target\":{\"@type\":\"EntryPoint\",\"urlTemplate\":\"https:\\\/\\\/www.bellunopress.it\\\/?s={search_term_string}\"},\"query-input\":{\"@type\":\"PropertyValueSpecification\",\"valueRequired\":true,\"valueName\":\"search_term_string\"}}],\"inLanguage\":\"fr-FR\"},{\"@type\":\"Organization\",\"@id\":\"https:\\\/\\\/www.bellunopress.it\\\/#organization\",\"name\":\"Bellunopress\",\"url\":\"https:\\\/\\\/www.bellunopress.it\\\/\",\"logo\":{\"@type\":\"ImageObject\",\"inLanguage\":\"fr-FR\",\"@id\":\"https:\\\/\\\/www.bellunopress.it\\\/#\\\/schema\\\/logo\\\/image\\\/\",\"url\":\"https:\\\/\\\/www.bellunopress.it\\\/wp-content\\\/uploads\\\/2011\\\/05\\\/cropped-logo-bellunopress-.jpg\",\"contentUrl\":\"https:\\\/\\\/www.bellunopress.it\\\/wp-content\\\/uploads\\\/2011\\\/05\\\/cropped-logo-bellunopress-.jpg\",\"width\":512,\"height\":512,\"caption\":\"Bellunopress\"},\"image\":{\"@id\":\"https:\\\/\\\/www.bellunopress.it\\\/#\\\/schema\\\/logo\\\/image\\\/\"},\"sameAs\":[\"https:\\\/\\\/www.facebook.com\\\/profile.php?id=100008943462799\",\"https:\\\/\\\/x.com\\\/bellunopress\",\"https:\\\/\\\/www.linkedin.com\\\/hp\\\/?dnr=JBzUWaJfMUw8vbXJJ2tVW5-I3jZKvC4wsoxE&amp;amp;amp;amp;amp;amp;trk=nav_responsive_tab_home\",\"https:\\\/\\\/www.youtube.com\\\/channel\\\/UCxL0wu1uN0_3_7hGG0306cw\"]},{\"@type\":\"Person\",\"@id\":\"https:\\\/\\\/www.bellunopress.it\\\/#\\\/schema\\\/person\\\/79bb06722b37ece1c03d3e94beb30d73\",\"name\":\"redazione\",\"image\":{\"@type\":\"ImageObject\",\"inLanguage\":\"fr-FR\",\"@id\":\"https:\\\/\\\/secure.gravatar.com\\\/avatar\\\/37d968a2e67a6fd04c169c4bdef102d0bc5d31b2546345219e348575eb80e9a0?s=96&d=mm&r=g\",\"url\":\"https:\\\/\\\/secure.gravatar.com\\\/avatar\\\/37d968a2e67a6fd04c169c4bdef102d0bc5d31b2546345219e348575eb80e9a0?s=96&d=mm&r=g\",\"contentUrl\":\"https:\\\/\\\/secure.gravatar.com\\\/avatar\\\/37d968a2e67a6fd04c169c4bdef102d0bc5d31b2546345219e348575eb80e9a0?s=96&d=mm&r=g\",\"caption\":\"redazione\"},\"sameAs\":[\"http:\\\/\\\/www.bellunopress.it\",\"https:\\\/\\\/x.com\\\/bellunopress\"],\"url\":\"https:\\\/\\\/www.bellunopress.it\\\/fr\\\/author\\\/redazione\\\/\"}]}<\/script>\n<!-- \/ Yoast SEO plugin. -->","yoast_head_json":{"title":"Cortina Fashion Weekend 7 - 9 dicembre: si accendono i riflettori sulla seconda edizione  - Bellunopress - Dolomiti","robots":{"index":"index","follow":"follow","max-snippet":"max-snippet:-1","max-image-preview":"max-image-preview:large","max-video-preview":"max-video-preview:-1"},"canonical":"https:\/\/www.bellunopress.it\/fr\/2012\/11\/26\/cortina-fashion-weekend-si-accendono-i-riflettori-sulla-seconda-edizione\/","og_locale":"fr_FR","og_type":"article","og_title":"Cortina Fashion Weekend 7 - 9 dicembre: si accendono i riflettori sulla seconda edizione  - Bellunopress - Dolomiti","og_description":"Una grande festa all\u2019insegna della shopping experience d\u2019alta quota. La Regina delle Dolomiti apre la stagione invernale con un evento fatto di oltre 100 appuntamenti diffusi per le vie del centro durante il Ponte di Sant\u2019Ambrogio. Tra le novit\u00e0, un team di personal shopper che arriver\u00e0 a Cortina per l\u2019occasione, una mini collezione creata appositamente [&hellip;]","og_url":"https:\/\/www.bellunopress.it\/fr\/2012\/11\/26\/cortina-fashion-weekend-si-accendono-i-riflettori-sulla-seconda-edizione\/","og_site_name":"Bellunopress - Dolomiti","article_publisher":"https:\/\/www.facebook.com\/profile.php?id=100008943462799","article_published_time":"2012-11-26T20:54:02+00:00","article_modified_time":"2012-11-26T20:55:34+00:00","og_image":[{"url":"http:\/\/www.bellunopress.it\/wp-content\/uploads\/2012\/11\/Cortina-Fashion-WeekEnd-ph-Giacomo-Pompanin.jpg","type":"","width":"","height":""}],"author":"redazione","twitter_card":"summary_large_image","twitter_creator":"@bellunopress","twitter_site":"@bellunopress","twitter_misc":{"\u00c9crit par":"redazione","Dur\u00e9e de lecture estim\u00e9e":"10 minutes"},"schema":{"@context":"https:\/\/schema.org","@graph":[{"@type":"Article","@id":"https:\/\/www.bellunopress.it\/2012\/11\/26\/cortina-fashion-weekend-si-accendono-i-riflettori-sulla-seconda-edizione\/#article","isPartOf":{"@id":"https:\/\/www.bellunopress.it\/2012\/11\/26\/cortina-fashion-weekend-si-accendono-i-riflettori-sulla-seconda-edizione\/"},"author":{"name":"redazione","@id":"https:\/\/www.bellunopress.it\/#\/schema\/person\/79bb06722b37ece1c03d3e94beb30d73"},"headline":"Cortina Fashion Weekend 7 &#8211; 9 dicembre: si accendono i riflettori sulla seconda edizione","datePublished":"2012-11-26T20:54:02+00:00","dateModified":"2012-11-26T20:55:34+00:00","mainEntityOfPage":{"@id":"https:\/\/www.bellunopress.it\/2012\/11\/26\/cortina-fashion-weekend-si-accendono-i-riflettori-sulla-seconda-edizione\/"},"wordCount":2102,"publisher":{"@id":"https:\/\/www.bellunopress.it\/#organization"},"image":{"@id":"https:\/\/www.bellunopress.it\/2012\/11\/26\/cortina-fashion-weekend-si-accendono-i-riflettori-sulla-seconda-edizione\/#primaryimage"},"thumbnailUrl":"http:\/\/www.bellunopress.it\/wp-content\/uploads\/2012\/11\/Cortina-Fashion-WeekEnd-ph-Giacomo-Pompanin.jpg","articleSection":["Appuntamenti, Eventi","Pausa Caff\u00e8","Societ\u00e0, Associazioni, Istituzioni"],"inLanguage":"fr-FR"},{"@type":"WebPage","@id":"https:\/\/www.bellunopress.it\/2012\/11\/26\/cortina-fashion-weekend-si-accendono-i-riflettori-sulla-seconda-edizione\/","url":"https:\/\/www.bellunopress.it\/2012\/11\/26\/cortina-fashion-weekend-si-accendono-i-riflettori-sulla-seconda-edizione\/","name":"Cortina Fashion Weekend 7 - 9 dicembre: si accendono i riflettori sulla seconda edizione - Bellunopress - Dolomiti","isPartOf":{"@id":"https:\/\/www.bellunopress.it\/#website"},"primaryImageOfPage":{"@id":"https:\/\/www.bellunopress.it\/2012\/11\/26\/cortina-fashion-weekend-si-accendono-i-riflettori-sulla-seconda-edizione\/#primaryimage"},"image":{"@id":"https:\/\/www.bellunopress.it\/2012\/11\/26\/cortina-fashion-weekend-si-accendono-i-riflettori-sulla-seconda-edizione\/#primaryimage"},"thumbnailUrl":"http:\/\/www.bellunopress.it\/wp-content\/uploads\/2012\/11\/Cortina-Fashion-WeekEnd-ph-Giacomo-Pompanin.jpg","datePublished":"2012-11-26T20:54:02+00:00","dateModified":"2012-11-26T20:55:34+00:00","breadcrumb":{"@id":"https:\/\/www.bellunopress.it\/2012\/11\/26\/cortina-fashion-weekend-si-accendono-i-riflettori-sulla-seconda-edizione\/#breadcrumb"},"inLanguage":"fr-FR","potentialAction":[{"@type":"ReadAction","target":["https:\/\/www.bellunopress.it\/2012\/11\/26\/cortina-fashion-weekend-si-accendono-i-riflettori-sulla-seconda-edizione\/"]}]},{"@type":"ImageObject","inLanguage":"fr-FR","@id":"https:\/\/www.bellunopress.it\/2012\/11\/26\/cortina-fashion-weekend-si-accendono-i-riflettori-sulla-seconda-edizione\/#primaryimage","url":"http:\/\/www.bellunopress.it\/wp-content\/uploads\/2012\/11\/Cortina-Fashion-WeekEnd-ph-Giacomo-Pompanin.jpg","contentUrl":"http:\/\/www.bellunopress.it\/wp-content\/uploads\/2012\/11\/Cortina-Fashion-WeekEnd-ph-Giacomo-Pompanin.jpg"},{"@type":"BreadcrumbList","@id":"https:\/\/www.bellunopress.it\/2012\/11\/26\/cortina-fashion-weekend-si-accendono-i-riflettori-sulla-seconda-edizione\/#breadcrumb","itemListElement":[{"@type":"ListItem","position":1,"name":"Home","item":"https:\/\/www.bellunopress.it\/"},{"@type":"ListItem","position":2,"name":"Cortina Fashion Weekend 7 &#8211; 9 dicembre: si accendono i riflettori sulla seconda edizione"}]},{"@type":"WebSite","@id":"https:\/\/www.bellunopress.it\/#website","url":"https:\/\/www.bellunopress.it\/","name":"Bellunopress - Dolomiti","description":"e-mail: redazione@bellunopress.it","publisher":{"@id":"https:\/\/www.bellunopress.it\/#organization"},"potentialAction":[{"@type":"SearchAction","target":{"@type":"EntryPoint","urlTemplate":"https:\/\/www.bellunopress.it\/?s={search_term_string}"},"query-input":{"@type":"PropertyValueSpecification","valueRequired":true,"valueName":"search_term_string"}}],"inLanguage":"fr-FR"},{"@type":"Organization","@id":"https:\/\/www.bellunopress.it\/#organization","name":"Bellunopress","url":"https:\/\/www.bellunopress.it\/","logo":{"@type":"ImageObject","inLanguage":"fr-FR","@id":"https:\/\/www.bellunopress.it\/#\/schema\/logo\/image\/","url":"https:\/\/www.bellunopress.it\/wp-content\/uploads\/2011\/05\/cropped-logo-bellunopress-.jpg","contentUrl":"https:\/\/www.bellunopress.it\/wp-content\/uploads\/2011\/05\/cropped-logo-bellunopress-.jpg","width":512,"height":512,"caption":"Bellunopress"},"image":{"@id":"https:\/\/www.bellunopress.it\/#\/schema\/logo\/image\/"},"sameAs":["https:\/\/www.facebook.com\/profile.php?id=100008943462799","https:\/\/x.com\/bellunopress","https:\/\/www.linkedin.com\/hp\/?dnr=JBzUWaJfMUw8vbXJJ2tVW5-I3jZKvC4wsoxE&amp;amp;amp;amp;amp;amp;trk=nav_responsive_tab_home","https:\/\/www.youtube.com\/channel\/UCxL0wu1uN0_3_7hGG0306cw"]},{"@type":"Person","@id":"https:\/\/www.bellunopress.it\/#\/schema\/person\/79bb06722b37ece1c03d3e94beb30d73","name":"r\u00e9daction","image":{"@type":"ImageObject","inLanguage":"fr-FR","@id":"https:\/\/secure.gravatar.com\/avatar\/37d968a2e67a6fd04c169c4bdef102d0bc5d31b2546345219e348575eb80e9a0?s=96&d=mm&r=g","url":"https:\/\/secure.gravatar.com\/avatar\/37d968a2e67a6fd04c169c4bdef102d0bc5d31b2546345219e348575eb80e9a0?s=96&d=mm&r=g","contentUrl":"https:\/\/secure.gravatar.com\/avatar\/37d968a2e67a6fd04c169c4bdef102d0bc5d31b2546345219e348575eb80e9a0?s=96&d=mm&r=g","caption":"redazione"},"sameAs":["http:\/\/www.bellunopress.it","https:\/\/x.com\/bellunopress"],"url":"https:\/\/www.bellunopress.it\/fr\/author\/redazione\/"}]}},"_links":{"self":[{"href":"https:\/\/www.bellunopress.it\/fr\/wp-json\/wp\/v2\/posts\/44242","targetHints":{"allow":["GET"]}}],"collection":[{"href":"https:\/\/www.bellunopress.it\/fr\/wp-json\/wp\/v2\/posts"}],"about":[{"href":"https:\/\/www.bellunopress.it\/fr\/wp-json\/wp\/v2\/types\/post"}],"author":[{"embeddable":true,"href":"https:\/\/www.bellunopress.it\/fr\/wp-json\/wp\/v2\/users\/2"}],"replies":[{"embeddable":true,"href":"https:\/\/www.bellunopress.it\/fr\/wp-json\/wp\/v2\/comments?post=44242"}],"version-history":[{"count":2,"href":"https:\/\/www.bellunopress.it\/fr\/wp-json\/wp\/v2\/posts\/44242\/revisions"}],"predecessor-version":[{"id":44245,"href":"https:\/\/www.bellunopress.it\/fr\/wp-json\/wp\/v2\/posts\/44242\/revisions\/44245"}],"wp:attachment":[{"href":"https:\/\/www.bellunopress.it\/fr\/wp-json\/wp\/v2\/media?parent=44242"}],"wp:term":[{"taxonomy":"category","embeddable":true,"href":"https:\/\/www.bellunopress.it\/fr\/wp-json\/wp\/v2\/categories?post=44242"},{"taxonomy":"post_tag","embeddable":true,"href":"https:\/\/www.bellunopress.it\/fr\/wp-json\/wp\/v2\/tags?post=44242"}],"curies":[{"name":"wp","href":"https:\/\/api.w.org\/{rel}","templated":true}]}}