{"id":44240,"date":"2012-11-26T21:24:44","date_gmt":"2012-11-26T20:24:44","guid":{"rendered":"http:\/\/www.bellunopress.it\/?p=44240"},"modified":"2012-11-26T21:24:44","modified_gmt":"2012-11-26T20:24:44","slug":"gli-indipendentisti-in-catalogna-al-45-zaia-come-si-fa-a-negare-i-dati","status":"publish","type":"post","link":"https:\/\/www.bellunopress.it\/fr\/2012\/11\/26\/gli-indipendentisti-in-catalogna-al-45-zaia-come-si-fa-a-negare-i-dati\/","title":{"rendered":"Gli indipendentisti in Catalogna al 45%. Zaia: &#8220;Come si fa a negare i dati?&#8221;"},"content":{"rendered":"<p><a href=\"http:\/\/www.bellunopress.it\/wp-content\/uploads\/2010\/06\/zaia-leggeriss.jpg\"><img loading=\"lazy\" decoding=\"async\" class=\"alignleft size-full wp-image-15840\" title=\"zaia-leggeriss\" src=\"http:\/\/www.bellunopress.it\/wp-content\/uploads\/2010\/06\/zaia-leggeriss.jpg\" alt=\"\" width=\"130\" height=\"130\" \/><\/a>\u201cCerte letture giornalistiche degli eventi sono francamente incomprensibili. Come si pu\u00f2 affermare, e titolare, che il processo indipendentista catalano ha fallito? Soprattutto se, subito dopo, si sciorinano i dati: se cinque anni fa gli indipendentisti in Catalogna non arrivavano al 25%, oggi hanno superato il 45%. Una fortissima affluenza alle urne, con 71 seggi ai partiti indipendentisti. La maggioranza ha votato per l\u2019indipendenza: il resto sono alchimie numeriche. E in ogni caso, \u00e8 la prova provata che il tema dell\u2019indipendenza \u00e8 stato messo nell\u2019agenda politica della Spagna, senza timore di nascondere la volont\u00e0 di una parte consistente di cittadini di affermare la propria identit\u00e0.\u201d<\/p>\n<p>Lo ha detto il presidente della Regione Veneto Luca Zaia a proposito dei risultati delle votazioni di ieri in Catalogna.<\/p>\n<p>\u201cProprio nel giorno in cui \u2013 continua Zaia \u2013 Cameron individua nel bilancio Ue sacche di spreco enormi, con voci di spesa incredibili per i burocrati, definendo questa Europa delle banche e dei poteri forti \u2018un universo parallelo\u2019, e proprio quando milioni di catalani indicano una via alternativa, negare che l\u2019Europa dal basso, quella dei popoli e delle regioni, sia l\u2019unica strada praticabile \u00e8 un\u2019assurdit\u00e0. Come facciamo a pensare ancora che vi possa essere un\u2019Europa veramente unita \u2013 unita cio\u00e8 non soltanto dal comune terrore della scure rigorista \u2013 senza riconoscere il diritto all\u2019autonomia e all\u2019autodeterminazione dei popoli, fino all\u2019indipendenza? Bisognerebbe riflettere sulle spinte che vengono dall\u2019estero, invece di fare opera di rimozione o di manipolazione.\u201d<\/p>\n<p>&nbsp;<\/p>","protected":false},"excerpt":{"rendered":"<p>\u201cCerte letture giornalistiche degli eventi sono francamente incomprensibili. Come si pu\u00f2 affermare, e titolare, che il processo indipendentista catalano ha fallito? Soprattutto se, subito dopo, si sciorinano i dati: se cinque anni fa gli indipendentisti in Catalogna non arrivavano al 25%, oggi hanno superato il 45%. Una fortissima affluenza alle urne, con 71 seggi ai [&hellip;]<\/p>\n","protected":false},"author":2,"featured_media":0,"comment_status":"closed","ping_status":"open","sticky":false,"template":"","format":"standard","meta":{"footnotes":""},"categories":[5,26],"tags":[],"class_list":["post-44240","post","type-post","status-publish","format-standard","category-cronaca","category-prima-pagina"],"yoast_head":"<!-- This site is optimized with the Yoast SEO plugin v28.4 - https:\/\/yoast.com\/product\/yoast-seo-wordpress\/ -->\n<title>Gli indipendentisti in Catalogna al 45%. Zaia: &quot;Come si fa a negare i dati?&quot; - Bellunopress - Dolomiti<\/title>\n<meta name=\"robots\" content=\"index, follow, max-snippet:-1, max-image-preview:large, max-video-preview:-1\" \/>\n<link rel=\"canonical\" href=\"https:\/\/www.bellunopress.it\/fr\/2012\/11\/26\/gli-indipendentisti-in-catalogna-al-45-zaia-come-si-fa-a-negare-i-dati\/\" \/>\n<meta property=\"og:locale\" content=\"fr_FR\" \/>\n<meta property=\"og:type\" content=\"article\" \/>\n<meta property=\"og:title\" content=\"Gli indipendentisti in Catalogna al 45%. Zaia: &quot;Come si fa a negare i dati?&quot; - Bellunopress - Dolomiti\" \/>\n<meta property=\"og:description\" content=\"\u201cCerte letture giornalistiche degli eventi sono francamente incomprensibili. Come si pu\u00f2 affermare, e titolare, che il processo indipendentista catalano ha fallito? Soprattutto se, subito dopo, si sciorinano i dati: se cinque anni fa gli indipendentisti in Catalogna non arrivavano al 25%, oggi hanno superato il 45%. Una fortissima affluenza alle urne, con 71 seggi ai [&hellip;]\" \/>\n<meta property=\"og:url\" content=\"https:\/\/www.bellunopress.it\/fr\/2012\/11\/26\/gli-indipendentisti-in-catalogna-al-45-zaia-come-si-fa-a-negare-i-dati\/\" \/>\n<meta property=\"og:site_name\" content=\"Bellunopress - Dolomiti\" \/>\n<meta property=\"article:publisher\" content=\"https:\/\/www.facebook.com\/profile.php?id=100008943462799\" \/>\n<meta property=\"article:published_time\" content=\"2012-11-26T20:24:44+00:00\" \/>\n<meta property=\"og:image\" content=\"http:\/\/www.bellunopress.it\/wp-content\/uploads\/2010\/06\/zaia-leggeriss.jpg\" \/>\n<meta name=\"author\" content=\"redazione\" \/>\n<meta name=\"twitter:card\" content=\"summary_large_image\" \/>\n<meta name=\"twitter:creator\" content=\"@bellunopress\" \/>\n<meta name=\"twitter:site\" content=\"@bellunopress\" \/>\n<meta name=\"twitter:label1\" content=\"\u00c9crit par\" \/>\n\t<meta name=\"twitter:data1\" content=\"redazione\" \/>\n\t<meta name=\"twitter:label2\" content=\"Dur\u00e9e de lecture estim\u00e9e\" \/>\n\t<meta name=\"twitter:data2\" content=\"1 minute\" \/>\n<script type=\"application\/ld+json\" class=\"yoast-schema-graph\">{\"@context\":\"https:\\\/\\\/schema.org\",\"@graph\":[{\"@type\":\"Article\",\"@id\":\"https:\\\/\\\/www.bellunopress.it\\\/2012\\\/11\\\/26\\\/gli-indipendentisti-in-catalogna-al-45-zaia-come-si-fa-a-negare-i-dati\\\/#article\",\"isPartOf\":{\"@id\":\"https:\\\/\\\/www.bellunopress.it\\\/2012\\\/11\\\/26\\\/gli-indipendentisti-in-catalogna-al-45-zaia-come-si-fa-a-negare-i-dati\\\/\"},\"author\":{\"name\":\"redazione\",\"@id\":\"https:\\\/\\\/www.bellunopress.it\\\/#\\\/schema\\\/person\\\/79bb06722b37ece1c03d3e94beb30d73\"},\"headline\":\"Gli indipendentisti in Catalogna al 45%. Zaia: &#8220;Come si fa a negare i dati?&#8221;\",\"datePublished\":\"2012-11-26T20:24:44+00:00\",\"mainEntityOfPage\":{\"@id\":\"https:\\\/\\\/www.bellunopress.it\\\/2012\\\/11\\\/26\\\/gli-indipendentisti-in-catalogna-al-45-zaia-come-si-fa-a-negare-i-dati\\\/\"},\"wordCount\":255,\"publisher\":{\"@id\":\"https:\\\/\\\/www.bellunopress.it\\\/#organization\"},\"image\":{\"@id\":\"https:\\\/\\\/www.bellunopress.it\\\/2012\\\/11\\\/26\\\/gli-indipendentisti-in-catalogna-al-45-zaia-come-si-fa-a-negare-i-dati\\\/#primaryimage\"},\"thumbnailUrl\":\"http:\\\/\\\/www.bellunopress.it\\\/wp-content\\\/uploads\\\/2010\\\/06\\\/zaia-leggeriss.jpg\",\"articleSection\":[\"Cronaca\\\/Politica\",\"Prima Pagina\"],\"inLanguage\":\"fr-FR\"},{\"@type\":\"WebPage\",\"@id\":\"https:\\\/\\\/www.bellunopress.it\\\/2012\\\/11\\\/26\\\/gli-indipendentisti-in-catalogna-al-45-zaia-come-si-fa-a-negare-i-dati\\\/\",\"url\":\"https:\\\/\\\/www.bellunopress.it\\\/2012\\\/11\\\/26\\\/gli-indipendentisti-in-catalogna-al-45-zaia-come-si-fa-a-negare-i-dati\\\/\",\"name\":\"Gli indipendentisti in Catalogna al 45%. Zaia: \\\"Come si fa a negare i dati?\\\" - Bellunopress - Dolomiti\",\"isPartOf\":{\"@id\":\"https:\\\/\\\/www.bellunopress.it\\\/#website\"},\"primaryImageOfPage\":{\"@id\":\"https:\\\/\\\/www.bellunopress.it\\\/2012\\\/11\\\/26\\\/gli-indipendentisti-in-catalogna-al-45-zaia-come-si-fa-a-negare-i-dati\\\/#primaryimage\"},\"image\":{\"@id\":\"https:\\\/\\\/www.bellunopress.it\\\/2012\\\/11\\\/26\\\/gli-indipendentisti-in-catalogna-al-45-zaia-come-si-fa-a-negare-i-dati\\\/#primaryimage\"},\"thumbnailUrl\":\"http:\\\/\\\/www.bellunopress.it\\\/wp-content\\\/uploads\\\/2010\\\/06\\\/zaia-leggeriss.jpg\",\"datePublished\":\"2012-11-26T20:24:44+00:00\",\"breadcrumb\":{\"@id\":\"https:\\\/\\\/www.bellunopress.it\\\/2012\\\/11\\\/26\\\/gli-indipendentisti-in-catalogna-al-45-zaia-come-si-fa-a-negare-i-dati\\\/#breadcrumb\"},\"inLanguage\":\"fr-FR\",\"potentialAction\":[{\"@type\":\"ReadAction\",\"target\":[\"https:\\\/\\\/www.bellunopress.it\\\/2012\\\/11\\\/26\\\/gli-indipendentisti-in-catalogna-al-45-zaia-come-si-fa-a-negare-i-dati\\\/\"]}]},{\"@type\":\"ImageObject\",\"inLanguage\":\"fr-FR\",\"@id\":\"https:\\\/\\\/www.bellunopress.it\\\/2012\\\/11\\\/26\\\/gli-indipendentisti-in-catalogna-al-45-zaia-come-si-fa-a-negare-i-dati\\\/#primaryimage\",\"url\":\"http:\\\/\\\/www.bellunopress.it\\\/wp-content\\\/uploads\\\/2010\\\/06\\\/zaia-leggeriss.jpg\",\"contentUrl\":\"http:\\\/\\\/www.bellunopress.it\\\/wp-content\\\/uploads\\\/2010\\\/06\\\/zaia-leggeriss.jpg\"},{\"@type\":\"BreadcrumbList\",\"@id\":\"https:\\\/\\\/www.bellunopress.it\\\/2012\\\/11\\\/26\\\/gli-indipendentisti-in-catalogna-al-45-zaia-come-si-fa-a-negare-i-dati\\\/#breadcrumb\",\"itemListElement\":[{\"@type\":\"ListItem\",\"position\":1,\"name\":\"Home\",\"item\":\"https:\\\/\\\/www.bellunopress.it\\\/\"},{\"@type\":\"ListItem\",\"position\":2,\"name\":\"Gli indipendentisti in Catalogna al 45%. Zaia: &#8220;Come si fa a negare i dati?&#8221;\"}]},{\"@type\":\"WebSite\",\"@id\":\"https:\\\/\\\/www.bellunopress.it\\\/#website\",\"url\":\"https:\\\/\\\/www.bellunopress.it\\\/\",\"name\":\"Bellunopress - Dolomiti\",\"description\":\"e-mail: redazione@bellunopress.it\",\"publisher\":{\"@id\":\"https:\\\/\\\/www.bellunopress.it\\\/#organization\"},\"potentialAction\":[{\"@type\":\"SearchAction\",\"target\":{\"@type\":\"EntryPoint\",\"urlTemplate\":\"https:\\\/\\\/www.bellunopress.it\\\/?s={search_term_string}\"},\"query-input\":{\"@type\":\"PropertyValueSpecification\",\"valueRequired\":true,\"valueName\":\"search_term_string\"}}],\"inLanguage\":\"fr-FR\"},{\"@type\":\"Organization\",\"@id\":\"https:\\\/\\\/www.bellunopress.it\\\/#organization\",\"name\":\"Bellunopress\",\"url\":\"https:\\\/\\\/www.bellunopress.it\\\/\",\"logo\":{\"@type\":\"ImageObject\",\"inLanguage\":\"fr-FR\",\"@id\":\"https:\\\/\\\/www.bellunopress.it\\\/#\\\/schema\\\/logo\\\/image\\\/\",\"url\":\"https:\\\/\\\/www.bellunopress.it\\\/wp-content\\\/uploads\\\/2011\\\/05\\\/cropped-logo-bellunopress-.jpg\",\"contentUrl\":\"https:\\\/\\\/www.bellunopress.it\\\/wp-content\\\/uploads\\\/2011\\\/05\\\/cropped-logo-bellunopress-.jpg\",\"width\":512,\"height\":512,\"caption\":\"Bellunopress\"},\"image\":{\"@id\":\"https:\\\/\\\/www.bellunopress.it\\\/#\\\/schema\\\/logo\\\/image\\\/\"},\"sameAs\":[\"https:\\\/\\\/www.facebook.com\\\/profile.php?id=100008943462799\",\"https:\\\/\\\/x.com\\\/bellunopress\",\"https:\\\/\\\/www.linkedin.com\\\/hp\\\/?dnr=JBzUWaJfMUw8vbXJJ2tVW5-I3jZKvC4wsoxE&amp;amp;amp;amp;amp;amp;trk=nav_responsive_tab_home\",\"https:\\\/\\\/www.youtube.com\\\/channel\\\/UCxL0wu1uN0_3_7hGG0306cw\"]},{\"@type\":\"Person\",\"@id\":\"https:\\\/\\\/www.bellunopress.it\\\/#\\\/schema\\\/person\\\/79bb06722b37ece1c03d3e94beb30d73\",\"name\":\"redazione\",\"image\":{\"@type\":\"ImageObject\",\"inLanguage\":\"fr-FR\",\"@id\":\"https:\\\/\\\/secure.gravatar.com\\\/avatar\\\/37d968a2e67a6fd04c169c4bdef102d0bc5d31b2546345219e348575eb80e9a0?s=96&d=mm&r=g\",\"url\":\"https:\\\/\\\/secure.gravatar.com\\\/avatar\\\/37d968a2e67a6fd04c169c4bdef102d0bc5d31b2546345219e348575eb80e9a0?s=96&d=mm&r=g\",\"contentUrl\":\"https:\\\/\\\/secure.gravatar.com\\\/avatar\\\/37d968a2e67a6fd04c169c4bdef102d0bc5d31b2546345219e348575eb80e9a0?s=96&d=mm&r=g\",\"caption\":\"redazione\"},\"sameAs\":[\"http:\\\/\\\/www.bellunopress.it\",\"https:\\\/\\\/x.com\\\/bellunopress\"],\"url\":\"https:\\\/\\\/www.bellunopress.it\\\/fr\\\/author\\\/redazione\\\/\"}]}<\/script>\n<!-- \/ Yoast SEO plugin. -->","yoast_head_json":{"title":"Gli indipendentisti in Catalogna al 45%. Zaia: \"Come si fa a negare i dati?\" - Bellunopress - Dolomiti","robots":{"index":"index","follow":"follow","max-snippet":"max-snippet:-1","max-image-preview":"max-image-preview:large","max-video-preview":"max-video-preview:-1"},"canonical":"https:\/\/www.bellunopress.it\/fr\/2012\/11\/26\/gli-indipendentisti-in-catalogna-al-45-zaia-come-si-fa-a-negare-i-dati\/","og_locale":"fr_FR","og_type":"article","og_title":"Gli indipendentisti in Catalogna al 45%. Zaia: \"Come si fa a negare i dati?\" - Bellunopress - Dolomiti","og_description":"\u201cCerte letture giornalistiche degli eventi sono francamente incomprensibili. Come si pu\u00f2 affermare, e titolare, che il processo indipendentista catalano ha fallito? Soprattutto se, subito dopo, si sciorinano i dati: se cinque anni fa gli indipendentisti in Catalogna non arrivavano al 25%, oggi hanno superato il 45%. Una fortissima affluenza alle urne, con 71 seggi ai [&hellip;]","og_url":"https:\/\/www.bellunopress.it\/fr\/2012\/11\/26\/gli-indipendentisti-in-catalogna-al-45-zaia-come-si-fa-a-negare-i-dati\/","og_site_name":"Bellunopress - Dolomiti","article_publisher":"https:\/\/www.facebook.com\/profile.php?id=100008943462799","article_published_time":"2012-11-26T20:24:44+00:00","og_image":[{"url":"http:\/\/www.bellunopress.it\/wp-content\/uploads\/2010\/06\/zaia-leggeriss.jpg","type":"","width":"","height":""}],"author":"redazione","twitter_card":"summary_large_image","twitter_creator":"@bellunopress","twitter_site":"@bellunopress","twitter_misc":{"\u00c9crit par":"redazione","Dur\u00e9e de lecture estim\u00e9e":"1 minute"},"schema":{"@context":"https:\/\/schema.org","@graph":[{"@type":"Article","@id":"https:\/\/www.bellunopress.it\/2012\/11\/26\/gli-indipendentisti-in-catalogna-al-45-zaia-come-si-fa-a-negare-i-dati\/#article","isPartOf":{"@id":"https:\/\/www.bellunopress.it\/2012\/11\/26\/gli-indipendentisti-in-catalogna-al-45-zaia-come-si-fa-a-negare-i-dati\/"},"author":{"name":"redazione","@id":"https:\/\/www.bellunopress.it\/#\/schema\/person\/79bb06722b37ece1c03d3e94beb30d73"},"headline":"Gli indipendentisti in Catalogna al 45%. Zaia: &#8220;Come si fa a negare i dati?&#8221;","datePublished":"2012-11-26T20:24:44+00:00","mainEntityOfPage":{"@id":"https:\/\/www.bellunopress.it\/2012\/11\/26\/gli-indipendentisti-in-catalogna-al-45-zaia-come-si-fa-a-negare-i-dati\/"},"wordCount":255,"publisher":{"@id":"https:\/\/www.bellunopress.it\/#organization"},"image":{"@id":"https:\/\/www.bellunopress.it\/2012\/11\/26\/gli-indipendentisti-in-catalogna-al-45-zaia-come-si-fa-a-negare-i-dati\/#primaryimage"},"thumbnailUrl":"http:\/\/www.bellunopress.it\/wp-content\/uploads\/2010\/06\/zaia-leggeriss.jpg","articleSection":["Cronaca\/Politica","Prima Pagina"],"inLanguage":"fr-FR"},{"@type":"WebPage","@id":"https:\/\/www.bellunopress.it\/2012\/11\/26\/gli-indipendentisti-in-catalogna-al-45-zaia-come-si-fa-a-negare-i-dati\/","url":"https:\/\/www.bellunopress.it\/2012\/11\/26\/gli-indipendentisti-in-catalogna-al-45-zaia-come-si-fa-a-negare-i-dati\/","name":"Gli indipendentisti in Catalogna al 45%. Zaia: \"Come si fa a negare i dati?\" - Bellunopress - Dolomiti","isPartOf":{"@id":"https:\/\/www.bellunopress.it\/#website"},"primaryImageOfPage":{"@id":"https:\/\/www.bellunopress.it\/2012\/11\/26\/gli-indipendentisti-in-catalogna-al-45-zaia-come-si-fa-a-negare-i-dati\/#primaryimage"},"image":{"@id":"https:\/\/www.bellunopress.it\/2012\/11\/26\/gli-indipendentisti-in-catalogna-al-45-zaia-come-si-fa-a-negare-i-dati\/#primaryimage"},"thumbnailUrl":"http:\/\/www.bellunopress.it\/wp-content\/uploads\/2010\/06\/zaia-leggeriss.jpg","datePublished":"2012-11-26T20:24:44+00:00","breadcrumb":{"@id":"https:\/\/www.bellunopress.it\/2012\/11\/26\/gli-indipendentisti-in-catalogna-al-45-zaia-come-si-fa-a-negare-i-dati\/#breadcrumb"},"inLanguage":"fr-FR","potentialAction":[{"@type":"ReadAction","target":["https:\/\/www.bellunopress.it\/2012\/11\/26\/gli-indipendentisti-in-catalogna-al-45-zaia-come-si-fa-a-negare-i-dati\/"]}]},{"@type":"ImageObject","inLanguage":"fr-FR","@id":"https:\/\/www.bellunopress.it\/2012\/11\/26\/gli-indipendentisti-in-catalogna-al-45-zaia-come-si-fa-a-negare-i-dati\/#primaryimage","url":"http:\/\/www.bellunopress.it\/wp-content\/uploads\/2010\/06\/zaia-leggeriss.jpg","contentUrl":"http:\/\/www.bellunopress.it\/wp-content\/uploads\/2010\/06\/zaia-leggeriss.jpg"},{"@type":"BreadcrumbList","@id":"https:\/\/www.bellunopress.it\/2012\/11\/26\/gli-indipendentisti-in-catalogna-al-45-zaia-come-si-fa-a-negare-i-dati\/#breadcrumb","itemListElement":[{"@type":"ListItem","position":1,"name":"Home","item":"https:\/\/www.bellunopress.it\/"},{"@type":"ListItem","position":2,"name":"Gli indipendentisti in Catalogna al 45%. Zaia: &#8220;Come si fa a negare i dati?&#8221;"}]},{"@type":"WebSite","@id":"https:\/\/www.bellunopress.it\/#website","url":"https:\/\/www.bellunopress.it\/","name":"Bellunopress - Dolomiti","description":"e-mail: redazione@bellunopress.it","publisher":{"@id":"https:\/\/www.bellunopress.it\/#organization"},"potentialAction":[{"@type":"SearchAction","target":{"@type":"EntryPoint","urlTemplate":"https:\/\/www.bellunopress.it\/?s={search_term_string}"},"query-input":{"@type":"PropertyValueSpecification","valueRequired":true,"valueName":"search_term_string"}}],"inLanguage":"fr-FR"},{"@type":"Organization","@id":"https:\/\/www.bellunopress.it\/#organization","name":"Bellunopress","url":"https:\/\/www.bellunopress.it\/","logo":{"@type":"ImageObject","inLanguage":"fr-FR","@id":"https:\/\/www.bellunopress.it\/#\/schema\/logo\/image\/","url":"https:\/\/www.bellunopress.it\/wp-content\/uploads\/2011\/05\/cropped-logo-bellunopress-.jpg","contentUrl":"https:\/\/www.bellunopress.it\/wp-content\/uploads\/2011\/05\/cropped-logo-bellunopress-.jpg","width":512,"height":512,"caption":"Bellunopress"},"image":{"@id":"https:\/\/www.bellunopress.it\/#\/schema\/logo\/image\/"},"sameAs":["https:\/\/www.facebook.com\/profile.php?id=100008943462799","https:\/\/x.com\/bellunopress","https:\/\/www.linkedin.com\/hp\/?dnr=JBzUWaJfMUw8vbXJJ2tVW5-I3jZKvC4wsoxE&amp;amp;amp;amp;amp;amp;trk=nav_responsive_tab_home","https:\/\/www.youtube.com\/channel\/UCxL0wu1uN0_3_7hGG0306cw"]},{"@type":"Person","@id":"https:\/\/www.bellunopress.it\/#\/schema\/person\/79bb06722b37ece1c03d3e94beb30d73","name":"r\u00e9daction","image":{"@type":"ImageObject","inLanguage":"fr-FR","@id":"https:\/\/secure.gravatar.com\/avatar\/37d968a2e67a6fd04c169c4bdef102d0bc5d31b2546345219e348575eb80e9a0?s=96&d=mm&r=g","url":"https:\/\/secure.gravatar.com\/avatar\/37d968a2e67a6fd04c169c4bdef102d0bc5d31b2546345219e348575eb80e9a0?s=96&d=mm&r=g","contentUrl":"https:\/\/secure.gravatar.com\/avatar\/37d968a2e67a6fd04c169c4bdef102d0bc5d31b2546345219e348575eb80e9a0?s=96&d=mm&r=g","caption":"redazione"},"sameAs":["http:\/\/www.bellunopress.it","https:\/\/x.com\/bellunopress"],"url":"https:\/\/www.bellunopress.it\/fr\/author\/redazione\/"}]}},"_links":{"self":[{"href":"https:\/\/www.bellunopress.it\/fr\/wp-json\/wp\/v2\/posts\/44240","targetHints":{"allow":["GET"]}}],"collection":[{"href":"https:\/\/www.bellunopress.it\/fr\/wp-json\/wp\/v2\/posts"}],"about":[{"href":"https:\/\/www.bellunopress.it\/fr\/wp-json\/wp\/v2\/types\/post"}],"author":[{"embeddable":true,"href":"https:\/\/www.bellunopress.it\/fr\/wp-json\/wp\/v2\/users\/2"}],"replies":[{"embeddable":true,"href":"https:\/\/www.bellunopress.it\/fr\/wp-json\/wp\/v2\/comments?post=44240"}],"version-history":[{"count":1,"href":"https:\/\/www.bellunopress.it\/fr\/wp-json\/wp\/v2\/posts\/44240\/revisions"}],"predecessor-version":[{"id":44241,"href":"https:\/\/www.bellunopress.it\/fr\/wp-json\/wp\/v2\/posts\/44240\/revisions\/44241"}],"wp:attachment":[{"href":"https:\/\/www.bellunopress.it\/fr\/wp-json\/wp\/v2\/media?parent=44240"}],"wp:term":[{"taxonomy":"category","embeddable":true,"href":"https:\/\/www.bellunopress.it\/fr\/wp-json\/wp\/v2\/categories?post=44240"},{"taxonomy":"post_tag","embeddable":true,"href":"https:\/\/www.bellunopress.it\/fr\/wp-json\/wp\/v2\/tags?post=44240"}],"curies":[{"name":"wp","href":"https:\/\/api.w.org\/{rel}","templated":true}]}}