{"id":44233,"date":"2012-11-26T19:06:16","date_gmt":"2012-11-26T18:06:16","guid":{"rendered":"http:\/\/www.bellunopress.it\/?p=44233"},"modified":"2012-11-26T19:15:07","modified_gmt":"2012-11-26T18:15:07","slug":"lean-a-nord-est-trend-e-casi-di-successo-in-casa-clivet","status":"publish","type":"post","link":"https:\/\/www.bellunopress.it\/fr\/2012\/11\/26\/lean-a-nord-est-trend-e-casi-di-successo-in-casa-clivet\/","title":{"rendered":"Lean a Nord-Est: trend e casi di successo in casa Clivet"},"content":{"rendered":"<figure id=\"attachment_44234\" aria-describedby=\"caption-attachment-44234\" style=\"width: 100px\" class=\"wp-caption alignright\"><a href=\"http:\/\/www.bellunopress.it\/wp-content\/uploads\/2012\/11\/stefano-bell\u00f2-clivet.jpg\"><img loading=\"lazy\" decoding=\"async\" class=\"size-full wp-image-44234\" title=\"stefano bell\u00f2 clivet\" src=\"http:\/\/www.bellunopress.it\/wp-content\/uploads\/2012\/11\/stefano-bell\u00f2-clivet.jpg\" alt=\"\" width=\"100\" height=\"189\" \/><\/a><figcaption id=\"caption-attachment-44234\" class=\"wp-caption-text\">Stefano Bell\u00f2 direttore generale Clivet<\/figcaption><\/figure>\n<p>Clivet, l\u2019azienda veneta tra i leader in sistemi di climatizzazione e trattamento aria in pompa di calore a ciclo annuale ha aperto le porte al Club dei 15 per la prima tappa del Road Show Nazionale della \u201cSettimana Lean\u201d . Oltre 100 partecipanti.<\/p>\n<p>Nel pomeriggio di oggi, luned\u00ec 26 novembre, Clivet ha ospitato il convegno di apertura della \u201cSettimana Lean\u201d, il Road Show Nazionale per la diffusione della lean production organizzato dal Club dei 15, il raggruppamento delle associazioni industriali territoriali del Sistema Confindustria dove pi\u00f9 alta \u00e8 la vocazione manifatturiera dell\u2019economia locale (Ancona, Biella, Belluno, Bergamo, Brescia, Como, Lecco, Mantova, Modena, Monza-Brianza, Novara, Pordenone, Prato, Reggio Emilia, Treviso, Varese, Vicenza).<\/p>\n<p>Giunta alla sua seconda edizione, la \u201cSettimana Lean\u201d si articola in un ciclo di tre incontri itineranti, uno per il nord, uno per il centro e uno per il sud, durante i quali verranno presentati esempi concreti di aziende che hanno gi\u00e0 adottato al loro interno i principi della Lean Production (produzione snella, ovvero azzerare le inefficienze, accelerare le decisioni, \u00a0ndr) , al fine di diffonderne la pratica in particolare presso le piccole e medie imprese.<\/p>\n<p>In occasione di questa prima tappa Clivet ha presentato la propria esperienza di Lean Production, un progetto che l\u2019azienda porta avanti da oltre 10 anni, spiegando agli oltre 100 ospiti dell\u2019incontro, come si pu\u00f2 migliorare la produttivit\u00e0 di un\u2019impresa, aumentandone la competitivit\u00e0 attraverso una \u201cProduzione snella\u201d.<\/p>\n<p>Commenta Stefano Bell\u00f2, Direttore Generale di Clivet: \u201cL\u2019approccio Lean, applicato non solo alla produzione, ma progressivamente a tutte le funzioni aziendali, ci ha permesso di rafforzare i nostri processi operativi, eliminando molti sprechi e consentendoci di aumentare il valore e l\u2019affidabilit\u00e0 dei nostri prodotti. In questo modo abbiamo potuto conservare la competitivit\u00e0 e migliorare la produzione.\u201d Conclude: \u201cCon la nostra testimonianza abbiamo voluto condividere con le altre aziende criticit\u00e0 e benefici nell\u2019intraprendere questo percorso.\u201d<\/p>\n<p>Il convegno, coordinato da Gian Domenico Cappellaro, Presidente Confindustria Belluno Dolomiti e Luca Cielo, Delegato del Presidente Piccola Industria per la Lean, ha raccolto la testimonianza anche di altre 3 aziende del territorio che hanno applicato con successo i principi della Lean Production con le presentazioni dei signori Henry Lunardon di Sigma srl, Maurizio Larese di Dal Mas Sest SPA e Diego Caron di Caron A&amp;D srl.<\/p>\n<p>Le testimonianze di carattere pratico sono state affiancate dall\u2019intervento del Professor Arnaldo Camuffo, docente dell\u2019Universit\u00e0 Bocconi e membro del Board of Directors del Lean Global Network, che, con il suo intervento, ha mostrato lo stato dell\u2019arte del Lean in Italia dal punto di vista delle applicazioni, dei problemi e delle prospettive, sottolineando come la sfida sia quella di tracciare \u201cuna strada su come costruire un nuovo modello imprenditoriale e manageriale italiano, che non disconosca le proprie radici e i propri punti di forza, ma ne superi gli anacronismi, la scarsa sistematicit\u00e0, l\u2019indisciplina\u201d.<\/p>\n<p>&nbsp;<\/p>","protected":false},"excerpt":{"rendered":"<p>Clivet, l\u2019azienda veneta tra i leader in sistemi di climatizzazione e trattamento aria in pompa di calore a ciclo annuale ha aperto le porte al Club dei 15 per la prima tappa del Road Show Nazionale della \u201cSettimana Lean\u201d . Oltre 100 partecipanti. Nel pomeriggio di oggi, luned\u00ec 26 novembre, Clivet ha ospitato il convegno [&hellip;]<\/p>\n","protected":false},"author":2,"featured_media":0,"comment_status":"closed","ping_status":"open","sticky":false,"template":"","format":"standard","meta":{"footnotes":""},"categories":[36,26],"tags":[],"class_list":["post-44233","post","type-post","status-publish","format-standard","category-lavoro-economia","category-prima-pagina"],"yoast_head":"<!-- This site is optimized with the Yoast SEO plugin v28.4 - https:\/\/yoast.com\/product\/yoast-seo-wordpress\/ -->\n<title>Lean a Nord-Est: trend e casi di successo in casa Clivet - Bellunopress - Dolomiti<\/title>\n<meta name=\"robots\" content=\"index, follow, max-snippet:-1, max-image-preview:large, max-video-preview:-1\" \/>\n<link rel=\"canonical\" href=\"https:\/\/www.bellunopress.it\/fr\/2012\/11\/26\/lean-a-nord-est-trend-e-casi-di-successo-in-casa-clivet\/\" \/>\n<meta property=\"og:locale\" content=\"fr_FR\" \/>\n<meta property=\"og:type\" content=\"article\" \/>\n<meta property=\"og:title\" content=\"Lean a Nord-Est: trend e casi di successo in casa Clivet - Bellunopress - Dolomiti\" \/>\n<meta property=\"og:description\" content=\"Clivet, l\u2019azienda veneta tra i leader in sistemi di climatizzazione e trattamento aria in pompa di calore a ciclo annuale ha aperto le porte al Club dei 15 per la prima tappa del Road Show Nazionale della \u201cSettimana Lean\u201d . Oltre 100 partecipanti. Nel pomeriggio di oggi, luned\u00ec 26 novembre, Clivet ha ospitato il convegno [&hellip;]\" \/>\n<meta property=\"og:url\" content=\"https:\/\/www.bellunopress.it\/fr\/2012\/11\/26\/lean-a-nord-est-trend-e-casi-di-successo-in-casa-clivet\/\" \/>\n<meta property=\"og:site_name\" content=\"Bellunopress - Dolomiti\" \/>\n<meta property=\"article:publisher\" content=\"https:\/\/www.facebook.com\/profile.php?id=100008943462799\" \/>\n<meta property=\"article:published_time\" content=\"2012-11-26T18:06:16+00:00\" \/>\n<meta property=\"article:modified_time\" content=\"2012-11-26T18:15:07+00:00\" \/>\n<meta property=\"og:image\" content=\"http:\/\/www.bellunopress.it\/wp-content\/uploads\/2012\/11\/stefano-bell\u00f2-clivet.jpg\" \/>\n<meta name=\"author\" content=\"redazione\" \/>\n<meta name=\"twitter:card\" content=\"summary_large_image\" \/>\n<meta name=\"twitter:creator\" content=\"@bellunopress\" \/>\n<meta name=\"twitter:site\" content=\"@bellunopress\" \/>\n<meta name=\"twitter:label1\" content=\"\u00c9crit par\" \/>\n\t<meta name=\"twitter:data1\" content=\"redazione\" \/>\n\t<meta name=\"twitter:label2\" content=\"Dur\u00e9e de lecture estim\u00e9e\" \/>\n\t<meta name=\"twitter:data2\" content=\"2 minutes\" \/>\n<script type=\"application\/ld+json\" class=\"yoast-schema-graph\">{\"@context\":\"https:\\\/\\\/schema.org\",\"@graph\":[{\"@type\":\"Article\",\"@id\":\"https:\\\/\\\/www.bellunopress.it\\\/2012\\\/11\\\/26\\\/lean-a-nord-est-trend-e-casi-di-successo-in-casa-clivet\\\/#article\",\"isPartOf\":{\"@id\":\"https:\\\/\\\/www.bellunopress.it\\\/2012\\\/11\\\/26\\\/lean-a-nord-est-trend-e-casi-di-successo-in-casa-clivet\\\/\"},\"author\":{\"name\":\"redazione\",\"@id\":\"https:\\\/\\\/www.bellunopress.it\\\/#\\\/schema\\\/person\\\/79bb06722b37ece1c03d3e94beb30d73\"},\"headline\":\"Lean a Nord-Est: trend e casi di successo in casa Clivet\",\"datePublished\":\"2012-11-26T18:06:16+00:00\",\"dateModified\":\"2012-11-26T18:15:07+00:00\",\"mainEntityOfPage\":{\"@id\":\"https:\\\/\\\/www.bellunopress.it\\\/2012\\\/11\\\/26\\\/lean-a-nord-est-trend-e-casi-di-successo-in-casa-clivet\\\/\"},\"wordCount\":494,\"publisher\":{\"@id\":\"https:\\\/\\\/www.bellunopress.it\\\/#organization\"},\"articleSection\":[\"Lavoro, Economia, Turismo\",\"Prima Pagina\"],\"inLanguage\":\"fr-FR\"},{\"@type\":\"WebPage\",\"@id\":\"https:\\\/\\\/www.bellunopress.it\\\/2012\\\/11\\\/26\\\/lean-a-nord-est-trend-e-casi-di-successo-in-casa-clivet\\\/\",\"url\":\"https:\\\/\\\/www.bellunopress.it\\\/2012\\\/11\\\/26\\\/lean-a-nord-est-trend-e-casi-di-successo-in-casa-clivet\\\/\",\"name\":\"Lean a Nord-Est: trend e casi di successo in casa Clivet - Bellunopress - Dolomiti\",\"isPartOf\":{\"@id\":\"https:\\\/\\\/www.bellunopress.it\\\/#website\"},\"datePublished\":\"2012-11-26T18:06:16+00:00\",\"dateModified\":\"2012-11-26T18:15:07+00:00\",\"breadcrumb\":{\"@id\":\"https:\\\/\\\/www.bellunopress.it\\\/2012\\\/11\\\/26\\\/lean-a-nord-est-trend-e-casi-di-successo-in-casa-clivet\\\/#breadcrumb\"},\"inLanguage\":\"fr-FR\",\"potentialAction\":[{\"@type\":\"ReadAction\",\"target\":[\"https:\\\/\\\/www.bellunopress.it\\\/2012\\\/11\\\/26\\\/lean-a-nord-est-trend-e-casi-di-successo-in-casa-clivet\\\/\"]}]},{\"@type\":\"BreadcrumbList\",\"@id\":\"https:\\\/\\\/www.bellunopress.it\\\/2012\\\/11\\\/26\\\/lean-a-nord-est-trend-e-casi-di-successo-in-casa-clivet\\\/#breadcrumb\",\"itemListElement\":[{\"@type\":\"ListItem\",\"position\":1,\"name\":\"Home\",\"item\":\"https:\\\/\\\/www.bellunopress.it\\\/\"},{\"@type\":\"ListItem\",\"position\":2,\"name\":\"Lean a Nord-Est: trend e casi di successo in casa Clivet\"}]},{\"@type\":\"WebSite\",\"@id\":\"https:\\\/\\\/www.bellunopress.it\\\/#website\",\"url\":\"https:\\\/\\\/www.bellunopress.it\\\/\",\"name\":\"Bellunopress - Dolomiti\",\"description\":\"e-mail: redazione@bellunopress.it\",\"publisher\":{\"@id\":\"https:\\\/\\\/www.bellunopress.it\\\/#organization\"},\"potentialAction\":[{\"@type\":\"SearchAction\",\"target\":{\"@type\":\"EntryPoint\",\"urlTemplate\":\"https:\\\/\\\/www.bellunopress.it\\\/?s={search_term_string}\"},\"query-input\":{\"@type\":\"PropertyValueSpecification\",\"valueRequired\":true,\"valueName\":\"search_term_string\"}}],\"inLanguage\":\"fr-FR\"},{\"@type\":\"Organization\",\"@id\":\"https:\\\/\\\/www.bellunopress.it\\\/#organization\",\"name\":\"Bellunopress\",\"url\":\"https:\\\/\\\/www.bellunopress.it\\\/\",\"logo\":{\"@type\":\"ImageObject\",\"inLanguage\":\"fr-FR\",\"@id\":\"https:\\\/\\\/www.bellunopress.it\\\/#\\\/schema\\\/logo\\\/image\\\/\",\"url\":\"https:\\\/\\\/www.bellunopress.it\\\/wp-content\\\/uploads\\\/2011\\\/05\\\/cropped-logo-bellunopress-.jpg\",\"contentUrl\":\"https:\\\/\\\/www.bellunopress.it\\\/wp-content\\\/uploads\\\/2011\\\/05\\\/cropped-logo-bellunopress-.jpg\",\"width\":512,\"height\":512,\"caption\":\"Bellunopress\"},\"image\":{\"@id\":\"https:\\\/\\\/www.bellunopress.it\\\/#\\\/schema\\\/logo\\\/image\\\/\"},\"sameAs\":[\"https:\\\/\\\/www.facebook.com\\\/profile.php?id=100008943462799\",\"https:\\\/\\\/x.com\\\/bellunopress\",\"https:\\\/\\\/www.linkedin.com\\\/hp\\\/?dnr=JBzUWaJfMUw8vbXJJ2tVW5-I3jZKvC4wsoxE&amp;amp;amp;amp;amp;amp;trk=nav_responsive_tab_home\",\"https:\\\/\\\/www.youtube.com\\\/channel\\\/UCxL0wu1uN0_3_7hGG0306cw\"]},{\"@type\":\"Person\",\"@id\":\"https:\\\/\\\/www.bellunopress.it\\\/#\\\/schema\\\/person\\\/79bb06722b37ece1c03d3e94beb30d73\",\"name\":\"redazione\",\"image\":{\"@type\":\"ImageObject\",\"inLanguage\":\"fr-FR\",\"@id\":\"https:\\\/\\\/secure.gravatar.com\\\/avatar\\\/37d968a2e67a6fd04c169c4bdef102d0bc5d31b2546345219e348575eb80e9a0?s=96&d=mm&r=g\",\"url\":\"https:\\\/\\\/secure.gravatar.com\\\/avatar\\\/37d968a2e67a6fd04c169c4bdef102d0bc5d31b2546345219e348575eb80e9a0?s=96&d=mm&r=g\",\"contentUrl\":\"https:\\\/\\\/secure.gravatar.com\\\/avatar\\\/37d968a2e67a6fd04c169c4bdef102d0bc5d31b2546345219e348575eb80e9a0?s=96&d=mm&r=g\",\"caption\":\"redazione\"},\"sameAs\":[\"http:\\\/\\\/www.bellunopress.it\",\"https:\\\/\\\/x.com\\\/bellunopress\"],\"url\":\"https:\\\/\\\/www.bellunopress.it\\\/fr\\\/author\\\/redazione\\\/\"}]}<\/script>\n<!-- \/ Yoast SEO plugin. -->","yoast_head_json":{"title":"Lean a Nord-Est: trend e casi di successo in casa Clivet - Bellunopress - Dolomiti","robots":{"index":"index","follow":"follow","max-snippet":"max-snippet:-1","max-image-preview":"max-image-preview:large","max-video-preview":"max-video-preview:-1"},"canonical":"https:\/\/www.bellunopress.it\/fr\/2012\/11\/26\/lean-a-nord-est-trend-e-casi-di-successo-in-casa-clivet\/","og_locale":"fr_FR","og_type":"article","og_title":"Lean a Nord-Est: trend e casi di successo in casa Clivet - Bellunopress - Dolomiti","og_description":"Clivet, l\u2019azienda veneta tra i leader in sistemi di climatizzazione e trattamento aria in pompa di calore a ciclo annuale ha aperto le porte al Club dei 15 per la prima tappa del Road Show Nazionale della \u201cSettimana Lean\u201d . Oltre 100 partecipanti. Nel pomeriggio di oggi, luned\u00ec 26 novembre, Clivet ha ospitato il convegno [&hellip;]","og_url":"https:\/\/www.bellunopress.it\/fr\/2012\/11\/26\/lean-a-nord-est-trend-e-casi-di-successo-in-casa-clivet\/","og_site_name":"Bellunopress - Dolomiti","article_publisher":"https:\/\/www.facebook.com\/profile.php?id=100008943462799","article_published_time":"2012-11-26T18:06:16+00:00","article_modified_time":"2012-11-26T18:15:07+00:00","og_image":[{"url":"http:\/\/www.bellunopress.it\/wp-content\/uploads\/2012\/11\/stefano-bell\u00f2-clivet.jpg","type":"","width":"","height":""}],"author":"redazione","twitter_card":"summary_large_image","twitter_creator":"@bellunopress","twitter_site":"@bellunopress","twitter_misc":{"\u00c9crit par":"redazione","Dur\u00e9e de lecture estim\u00e9e":"2 minutes"},"schema":{"@context":"https:\/\/schema.org","@graph":[{"@type":"Article","@id":"https:\/\/www.bellunopress.it\/2012\/11\/26\/lean-a-nord-est-trend-e-casi-di-successo-in-casa-clivet\/#article","isPartOf":{"@id":"https:\/\/www.bellunopress.it\/2012\/11\/26\/lean-a-nord-est-trend-e-casi-di-successo-in-casa-clivet\/"},"author":{"name":"redazione","@id":"https:\/\/www.bellunopress.it\/#\/schema\/person\/79bb06722b37ece1c03d3e94beb30d73"},"headline":"Lean a Nord-Est: trend e casi di successo in casa Clivet","datePublished":"2012-11-26T18:06:16+00:00","dateModified":"2012-11-26T18:15:07+00:00","mainEntityOfPage":{"@id":"https:\/\/www.bellunopress.it\/2012\/11\/26\/lean-a-nord-est-trend-e-casi-di-successo-in-casa-clivet\/"},"wordCount":494,"publisher":{"@id":"https:\/\/www.bellunopress.it\/#organization"},"articleSection":["Lavoro, Economia, Turismo","Prima Pagina"],"inLanguage":"fr-FR"},{"@type":"WebPage","@id":"https:\/\/www.bellunopress.it\/2012\/11\/26\/lean-a-nord-est-trend-e-casi-di-successo-in-casa-clivet\/","url":"https:\/\/www.bellunopress.it\/2012\/11\/26\/lean-a-nord-est-trend-e-casi-di-successo-in-casa-clivet\/","name":"Lean a Nord-Est: trend e casi di successo in casa Clivet - Bellunopress - Dolomiti","isPartOf":{"@id":"https:\/\/www.bellunopress.it\/#website"},"datePublished":"2012-11-26T18:06:16+00:00","dateModified":"2012-11-26T18:15:07+00:00","breadcrumb":{"@id":"https:\/\/www.bellunopress.it\/2012\/11\/26\/lean-a-nord-est-trend-e-casi-di-successo-in-casa-clivet\/#breadcrumb"},"inLanguage":"fr-FR","potentialAction":[{"@type":"ReadAction","target":["https:\/\/www.bellunopress.it\/2012\/11\/26\/lean-a-nord-est-trend-e-casi-di-successo-in-casa-clivet\/"]}]},{"@type":"BreadcrumbList","@id":"https:\/\/www.bellunopress.it\/2012\/11\/26\/lean-a-nord-est-trend-e-casi-di-successo-in-casa-clivet\/#breadcrumb","itemListElement":[{"@type":"ListItem","position":1,"name":"Home","item":"https:\/\/www.bellunopress.it\/"},{"@type":"ListItem","position":2,"name":"Lean a Nord-Est: trend e casi di successo in casa Clivet"}]},{"@type":"WebSite","@id":"https:\/\/www.bellunopress.it\/#website","url":"https:\/\/www.bellunopress.it\/","name":"Bellunopress - Dolomiti","description":"e-mail: redazione@bellunopress.it","publisher":{"@id":"https:\/\/www.bellunopress.it\/#organization"},"potentialAction":[{"@type":"SearchAction","target":{"@type":"EntryPoint","urlTemplate":"https:\/\/www.bellunopress.it\/?s={search_term_string}"},"query-input":{"@type":"PropertyValueSpecification","valueRequired":true,"valueName":"search_term_string"}}],"inLanguage":"fr-FR"},{"@type":"Organization","@id":"https:\/\/www.bellunopress.it\/#organization","name":"Bellunopress","url":"https:\/\/www.bellunopress.it\/","logo":{"@type":"ImageObject","inLanguage":"fr-FR","@id":"https:\/\/www.bellunopress.it\/#\/schema\/logo\/image\/","url":"https:\/\/www.bellunopress.it\/wp-content\/uploads\/2011\/05\/cropped-logo-bellunopress-.jpg","contentUrl":"https:\/\/www.bellunopress.it\/wp-content\/uploads\/2011\/05\/cropped-logo-bellunopress-.jpg","width":512,"height":512,"caption":"Bellunopress"},"image":{"@id":"https:\/\/www.bellunopress.it\/#\/schema\/logo\/image\/"},"sameAs":["https:\/\/www.facebook.com\/profile.php?id=100008943462799","https:\/\/x.com\/bellunopress","https:\/\/www.linkedin.com\/hp\/?dnr=JBzUWaJfMUw8vbXJJ2tVW5-I3jZKvC4wsoxE&amp;amp;amp;amp;amp;amp;trk=nav_responsive_tab_home","https:\/\/www.youtube.com\/channel\/UCxL0wu1uN0_3_7hGG0306cw"]},{"@type":"Person","@id":"https:\/\/www.bellunopress.it\/#\/schema\/person\/79bb06722b37ece1c03d3e94beb30d73","name":"r\u00e9daction","image":{"@type":"ImageObject","inLanguage":"fr-FR","@id":"https:\/\/secure.gravatar.com\/avatar\/37d968a2e67a6fd04c169c4bdef102d0bc5d31b2546345219e348575eb80e9a0?s=96&d=mm&r=g","url":"https:\/\/secure.gravatar.com\/avatar\/37d968a2e67a6fd04c169c4bdef102d0bc5d31b2546345219e348575eb80e9a0?s=96&d=mm&r=g","contentUrl":"https:\/\/secure.gravatar.com\/avatar\/37d968a2e67a6fd04c169c4bdef102d0bc5d31b2546345219e348575eb80e9a0?s=96&d=mm&r=g","caption":"redazione"},"sameAs":["http:\/\/www.bellunopress.it","https:\/\/x.com\/bellunopress"],"url":"https:\/\/www.bellunopress.it\/fr\/author\/redazione\/"}]}},"_links":{"self":[{"href":"https:\/\/www.bellunopress.it\/fr\/wp-json\/wp\/v2\/posts\/44233","targetHints":{"allow":["GET"]}}],"collection":[{"href":"https:\/\/www.bellunopress.it\/fr\/wp-json\/wp\/v2\/posts"}],"about":[{"href":"https:\/\/www.bellunopress.it\/fr\/wp-json\/wp\/v2\/types\/post"}],"author":[{"embeddable":true,"href":"https:\/\/www.bellunopress.it\/fr\/wp-json\/wp\/v2\/users\/2"}],"replies":[{"embeddable":true,"href":"https:\/\/www.bellunopress.it\/fr\/wp-json\/wp\/v2\/comments?post=44233"}],"version-history":[{"count":3,"href":"https:\/\/www.bellunopress.it\/fr\/wp-json\/wp\/v2\/posts\/44233\/revisions"}],"predecessor-version":[{"id":44236,"href":"https:\/\/www.bellunopress.it\/fr\/wp-json\/wp\/v2\/posts\/44233\/revisions\/44236"}],"wp:attachment":[{"href":"https:\/\/www.bellunopress.it\/fr\/wp-json\/wp\/v2\/media?parent=44233"}],"wp:term":[{"taxonomy":"category","embeddable":true,"href":"https:\/\/www.bellunopress.it\/fr\/wp-json\/wp\/v2\/categories?post=44233"},{"taxonomy":"post_tag","embeddable":true,"href":"https:\/\/www.bellunopress.it\/fr\/wp-json\/wp\/v2\/tags?post=44233"}],"curies":[{"name":"wp","href":"https:\/\/api.w.org\/{rel}","templated":true}]}}