{"id":44231,"date":"2012-11-26T18:12:57","date_gmt":"2012-11-26T17:12:57","guid":{"rendered":"http:\/\/www.bellunopress.it\/?p=44231"},"modified":"2012-11-26T18:12:57","modified_gmt":"2012-11-26T17:12:57","slug":"previsioni-meteo-della-regione-veneto","status":"publish","type":"post","link":"https:\/\/www.bellunopress.it\/fr\/2012\/11\/26\/previsioni-meteo-della-regione-veneto\/","title":{"rendered":"Previsioni meteo della Regione Veneto"},"content":{"rendered":"<p><strong><a href=\"http:\/\/www.bellunopress.it\/wp-content\/uploads\/2010\/10\/tempo-sole-nuvola.png\"><img loading=\"lazy\" decoding=\"async\" class=\"alignright size-full wp-image-20185\" title=\"tempo-sole-nuvola\" src=\"http:\/\/www.bellunopress.it\/wp-content\/uploads\/2010\/10\/tempo-sole-nuvola.png\" alt=\"\" width=\"120\" height=\"120\" \/><\/a>Marted\u00ec 27 novembre<\/strong>: precipitazioni pi\u00f9 diffuse e abbondanti sulle zone prealpine, la fascia pedemontana e la pianura nord-orientale. Limite della neve intorno ai 1700\/1900 m, localmente un po&#8217; pi\u00f9 in basso sulle Dolomiti.<\/p>\n<p><strong>Mercoled\u00ec 28 novembre<\/strong>: precipitazioni diffuse, anche consistenti soprattutto nella seconda parte della giornata. Le precipitazioni pi\u00f9 abbondanti interesseranno le Prealpi, le Dolomiti meridionali, la fascia pedemontana e la pianura nord-orientale. Limite della neve intorno a 1600\/1900 m.<\/p>\n<p><strong>Tipologia di fenomeni<\/strong>: precipitazioni estese e persistenti anche molto abbondanti su zone montane e pedemontane, forti venti meridionali in quota e rinforzi di Scirocco sulla costa e pianura limitrofa.<\/p>\n<p>Durata: dal pomeriggio di marted\u00ec 27 alla mattina di gioved\u00ec 29, fase pi\u00f9 intensa mercoled\u00ec 28.<\/p>\n<p>Zone pi\u00f9 interessate: precipitazioni anche molto abbondanti su zone montane (specie Prealpi e Dolomiti meridionali) e pedemontane, localmente abbondanti su pianura nord-orientale.<\/p>\n<p><strong>DESCRIZIONE<\/strong><\/p>\n<p>Situazione meteo: un forte flusso di correnti umide meridionali, associato ad una saccatura di origine atlantica in approfondimento sul Mediterraneo, interesser\u00e0 il territorio regionale a partire da domani marted\u00ec 27 e fino alle prime ore di gioved\u00ec 29 provocando una fase di tempo perturbato con precipitazioni diffuse, pi\u00f9 persistenti e abbondanti su fascia montana e pedemontana e rinforzi di Scirocco sulla costa e pianura limitrofa.<\/p>\n<p>Fenomeni previsti: nel corso di marted\u00ec 27 probabilit\u00e0 di precipitazioni in aumento specie dal pomeriggio con fenomeni inizialmente sparsi, intermittenti e generalmente di modesta entit\u00e0, pi\u00f9 diffusi e in intensificazione dalle ore centrali sui settori prealpini e pedemontani con possibili rovesci. Mercoled\u00ec 28 precipitazioni in ulteriore estensione e intensificazione specie dal pomeriggio con fenomeni anche a carattere di rovescio. Le precipitazioni risulteranno particolarmente persistenti e abbondanti lungo la fascia prealpina e in alcune zone delle Dolomiti meridionali e della pedemontana. Gioved\u00ec sensibile miglioramento nel corso della giornata con precipitazioni in<\/p>\n<p>attenuazione e diradamento. Nella fase pi\u00f9 intensa dell\u2019evento venti forti in quota dai quadranti meridionali e rinforzi moderati\/sostenuti di Scirocco lungo la costa e nella pianura limitrofa. Limite della neve intorno ai 1600-1900 m in abbassamento dalla tarda serata\/nottata di mercoled\u00ec a partire<\/p>\n<p>dalle Dolomiti.<\/p>\n<p>&nbsp;<\/p>\n<p>* a cura dell&#8217;ARPAV &#8211; Dipartimento per la Sicurezza del Territorio &#8211; Centro Meteorologico di Teolo<\/p>\n<p>CENTRO FUNZIONALE DECENTRATO Sala operativa<\/p>\n<p>UNITA\u2019 DI PROGETTO PROTEZIONE CIVILE \u2013 Sala operativa CO.R.EM<\/p>","protected":false},"excerpt":{"rendered":"<p>Marted\u00ec 27 novembre: precipitazioni pi\u00f9 diffuse e abbondanti sulle zone prealpine, la fascia pedemontana e la pianura nord-orientale. Limite della neve intorno ai 1700\/1900 m, localmente un po&#8217; pi\u00f9 in basso sulle Dolomiti. Mercoled\u00ec 28 novembre: precipitazioni diffuse, anche consistenti soprattutto nella seconda parte della giornata. Le precipitazioni pi\u00f9 abbondanti interesseranno le Prealpi, le Dolomiti [&hellip;]<\/p>\n","protected":false},"author":2,"featured_media":0,"comment_status":"closed","ping_status":"open","sticky":false,"template":"","format":"standard","meta":{"footnotes":""},"categories":[26,8],"tags":[],"class_list":["post-44231","post","type-post","status-publish","format-standard","category-prima-pagina","category-societa-istituzioni"],"yoast_head":"<!-- This site is optimized with the Yoast SEO plugin v28.4 - https:\/\/yoast.com\/product\/yoast-seo-wordpress\/ -->\n<title>Previsioni meteo della Regione Veneto - Bellunopress - Dolomiti<\/title>\n<meta name=\"robots\" content=\"index, follow, max-snippet:-1, max-image-preview:large, max-video-preview:-1\" \/>\n<link rel=\"canonical\" href=\"https:\/\/www.bellunopress.it\/fr\/2012\/11\/26\/previsioni-meteo-della-regione-veneto\/\" \/>\n<meta property=\"og:locale\" content=\"fr_FR\" \/>\n<meta property=\"og:type\" content=\"article\" \/>\n<meta property=\"og:title\" content=\"Previsioni meteo della Regione Veneto - Bellunopress - Dolomiti\" \/>\n<meta property=\"og:description\" content=\"Marted\u00ec 27 novembre: precipitazioni pi\u00f9 diffuse e abbondanti sulle zone prealpine, la fascia pedemontana e la pianura nord-orientale. Limite della neve intorno ai 1700\/1900 m, localmente un po&#8217; pi\u00f9 in basso sulle Dolomiti. Mercoled\u00ec 28 novembre: precipitazioni diffuse, anche consistenti soprattutto nella seconda parte della giornata. Le precipitazioni pi\u00f9 abbondanti interesseranno le Prealpi, le Dolomiti [&hellip;]\" \/>\n<meta property=\"og:url\" content=\"https:\/\/www.bellunopress.it\/fr\/2012\/11\/26\/previsioni-meteo-della-regione-veneto\/\" \/>\n<meta property=\"og:site_name\" content=\"Bellunopress - Dolomiti\" \/>\n<meta property=\"article:publisher\" content=\"https:\/\/www.facebook.com\/profile.php?id=100008943462799\" \/>\n<meta property=\"article:published_time\" content=\"2012-11-26T17:12:57+00:00\" \/>\n<meta property=\"og:image\" content=\"http:\/\/www.bellunopress.it\/wp-content\/uploads\/2010\/10\/tempo-sole-nuvola.png\" \/>\n<meta name=\"author\" content=\"redazione\" \/>\n<meta name=\"twitter:card\" content=\"summary_large_image\" \/>\n<meta name=\"twitter:creator\" content=\"@bellunopress\" \/>\n<meta name=\"twitter:site\" content=\"@bellunopress\" \/>\n<meta name=\"twitter:label1\" content=\"\u00c9crit par\" \/>\n\t<meta name=\"twitter:data1\" content=\"redazione\" \/>\n\t<meta name=\"twitter:label2\" content=\"Dur\u00e9e de lecture estim\u00e9e\" \/>\n\t<meta name=\"twitter:data2\" content=\"2 minutes\" \/>\n<script type=\"application\/ld+json\" class=\"yoast-schema-graph\">{\"@context\":\"https:\\\/\\\/schema.org\",\"@graph\":[{\"@type\":\"Article\",\"@id\":\"https:\\\/\\\/www.bellunopress.it\\\/2012\\\/11\\\/26\\\/previsioni-meteo-della-regione-veneto\\\/#article\",\"isPartOf\":{\"@id\":\"https:\\\/\\\/www.bellunopress.it\\\/2012\\\/11\\\/26\\\/previsioni-meteo-della-regione-veneto\\\/\"},\"author\":{\"name\":\"redazione\",\"@id\":\"https:\\\/\\\/www.bellunopress.it\\\/#\\\/schema\\\/person\\\/79bb06722b37ece1c03d3e94beb30d73\"},\"headline\":\"Previsioni meteo della Regione Veneto\",\"datePublished\":\"2012-11-26T17:12:57+00:00\",\"mainEntityOfPage\":{\"@id\":\"https:\\\/\\\/www.bellunopress.it\\\/2012\\\/11\\\/26\\\/previsioni-meteo-della-regione-veneto\\\/\"},\"wordCount\":367,\"publisher\":{\"@id\":\"https:\\\/\\\/www.bellunopress.it\\\/#organization\"},\"image\":{\"@id\":\"https:\\\/\\\/www.bellunopress.it\\\/2012\\\/11\\\/26\\\/previsioni-meteo-della-regione-veneto\\\/#primaryimage\"},\"thumbnailUrl\":\"http:\\\/\\\/www.bellunopress.it\\\/wp-content\\\/uploads\\\/2010\\\/10\\\/tempo-sole-nuvola.png\",\"articleSection\":[\"Prima Pagina\",\"Societ\u00e0, Associazioni, Istituzioni\"],\"inLanguage\":\"fr-FR\"},{\"@type\":\"WebPage\",\"@id\":\"https:\\\/\\\/www.bellunopress.it\\\/2012\\\/11\\\/26\\\/previsioni-meteo-della-regione-veneto\\\/\",\"url\":\"https:\\\/\\\/www.bellunopress.it\\\/2012\\\/11\\\/26\\\/previsioni-meteo-della-regione-veneto\\\/\",\"name\":\"Previsioni meteo della Regione Veneto - Bellunopress - Dolomiti\",\"isPartOf\":{\"@id\":\"https:\\\/\\\/www.bellunopress.it\\\/#website\"},\"primaryImageOfPage\":{\"@id\":\"https:\\\/\\\/www.bellunopress.it\\\/2012\\\/11\\\/26\\\/previsioni-meteo-della-regione-veneto\\\/#primaryimage\"},\"image\":{\"@id\":\"https:\\\/\\\/www.bellunopress.it\\\/2012\\\/11\\\/26\\\/previsioni-meteo-della-regione-veneto\\\/#primaryimage\"},\"thumbnailUrl\":\"http:\\\/\\\/www.bellunopress.it\\\/wp-content\\\/uploads\\\/2010\\\/10\\\/tempo-sole-nuvola.png\",\"datePublished\":\"2012-11-26T17:12:57+00:00\",\"breadcrumb\":{\"@id\":\"https:\\\/\\\/www.bellunopress.it\\\/2012\\\/11\\\/26\\\/previsioni-meteo-della-regione-veneto\\\/#breadcrumb\"},\"inLanguage\":\"fr-FR\",\"potentialAction\":[{\"@type\":\"ReadAction\",\"target\":[\"https:\\\/\\\/www.bellunopress.it\\\/2012\\\/11\\\/26\\\/previsioni-meteo-della-regione-veneto\\\/\"]}]},{\"@type\":\"ImageObject\",\"inLanguage\":\"fr-FR\",\"@id\":\"https:\\\/\\\/www.bellunopress.it\\\/2012\\\/11\\\/26\\\/previsioni-meteo-della-regione-veneto\\\/#primaryimage\",\"url\":\"http:\\\/\\\/www.bellunopress.it\\\/wp-content\\\/uploads\\\/2010\\\/10\\\/tempo-sole-nuvola.png\",\"contentUrl\":\"http:\\\/\\\/www.bellunopress.it\\\/wp-content\\\/uploads\\\/2010\\\/10\\\/tempo-sole-nuvola.png\"},{\"@type\":\"BreadcrumbList\",\"@id\":\"https:\\\/\\\/www.bellunopress.it\\\/2012\\\/11\\\/26\\\/previsioni-meteo-della-regione-veneto\\\/#breadcrumb\",\"itemListElement\":[{\"@type\":\"ListItem\",\"position\":1,\"name\":\"Home\",\"item\":\"https:\\\/\\\/www.bellunopress.it\\\/\"},{\"@type\":\"ListItem\",\"position\":2,\"name\":\"Previsioni meteo della Regione Veneto\"}]},{\"@type\":\"WebSite\",\"@id\":\"https:\\\/\\\/www.bellunopress.it\\\/#website\",\"url\":\"https:\\\/\\\/www.bellunopress.it\\\/\",\"name\":\"Bellunopress - Dolomiti\",\"description\":\"e-mail: redazione@bellunopress.it\",\"publisher\":{\"@id\":\"https:\\\/\\\/www.bellunopress.it\\\/#organization\"},\"potentialAction\":[{\"@type\":\"SearchAction\",\"target\":{\"@type\":\"EntryPoint\",\"urlTemplate\":\"https:\\\/\\\/www.bellunopress.it\\\/?s={search_term_string}\"},\"query-input\":{\"@type\":\"PropertyValueSpecification\",\"valueRequired\":true,\"valueName\":\"search_term_string\"}}],\"inLanguage\":\"fr-FR\"},{\"@type\":\"Organization\",\"@id\":\"https:\\\/\\\/www.bellunopress.it\\\/#organization\",\"name\":\"Bellunopress\",\"url\":\"https:\\\/\\\/www.bellunopress.it\\\/\",\"logo\":{\"@type\":\"ImageObject\",\"inLanguage\":\"fr-FR\",\"@id\":\"https:\\\/\\\/www.bellunopress.it\\\/#\\\/schema\\\/logo\\\/image\\\/\",\"url\":\"https:\\\/\\\/www.bellunopress.it\\\/wp-content\\\/uploads\\\/2011\\\/05\\\/cropped-logo-bellunopress-.jpg\",\"contentUrl\":\"https:\\\/\\\/www.bellunopress.it\\\/wp-content\\\/uploads\\\/2011\\\/05\\\/cropped-logo-bellunopress-.jpg\",\"width\":512,\"height\":512,\"caption\":\"Bellunopress\"},\"image\":{\"@id\":\"https:\\\/\\\/www.bellunopress.it\\\/#\\\/schema\\\/logo\\\/image\\\/\"},\"sameAs\":[\"https:\\\/\\\/www.facebook.com\\\/profile.php?id=100008943462799\",\"https:\\\/\\\/x.com\\\/bellunopress\",\"https:\\\/\\\/www.linkedin.com\\\/hp\\\/?dnr=JBzUWaJfMUw8vbXJJ2tVW5-I3jZKvC4wsoxE&amp;amp;amp;amp;amp;amp;trk=nav_responsive_tab_home\",\"https:\\\/\\\/www.youtube.com\\\/channel\\\/UCxL0wu1uN0_3_7hGG0306cw\"]},{\"@type\":\"Person\",\"@id\":\"https:\\\/\\\/www.bellunopress.it\\\/#\\\/schema\\\/person\\\/79bb06722b37ece1c03d3e94beb30d73\",\"name\":\"redazione\",\"image\":{\"@type\":\"ImageObject\",\"inLanguage\":\"fr-FR\",\"@id\":\"https:\\\/\\\/secure.gravatar.com\\\/avatar\\\/37d968a2e67a6fd04c169c4bdef102d0bc5d31b2546345219e348575eb80e9a0?s=96&d=mm&r=g\",\"url\":\"https:\\\/\\\/secure.gravatar.com\\\/avatar\\\/37d968a2e67a6fd04c169c4bdef102d0bc5d31b2546345219e348575eb80e9a0?s=96&d=mm&r=g\",\"contentUrl\":\"https:\\\/\\\/secure.gravatar.com\\\/avatar\\\/37d968a2e67a6fd04c169c4bdef102d0bc5d31b2546345219e348575eb80e9a0?s=96&d=mm&r=g\",\"caption\":\"redazione\"},\"sameAs\":[\"http:\\\/\\\/www.bellunopress.it\",\"https:\\\/\\\/x.com\\\/bellunopress\"],\"url\":\"https:\\\/\\\/www.bellunopress.it\\\/fr\\\/author\\\/redazione\\\/\"}]}<\/script>\n<!-- \/ Yoast SEO plugin. -->","yoast_head_json":{"title":"Previsioni meteo della Regione Veneto - Bellunopress - Dolomiti","robots":{"index":"index","follow":"follow","max-snippet":"max-snippet:-1","max-image-preview":"max-image-preview:large","max-video-preview":"max-video-preview:-1"},"canonical":"https:\/\/www.bellunopress.it\/fr\/2012\/11\/26\/previsioni-meteo-della-regione-veneto\/","og_locale":"fr_FR","og_type":"article","og_title":"Previsioni meteo della Regione Veneto - Bellunopress - Dolomiti","og_description":"Marted\u00ec 27 novembre: precipitazioni pi\u00f9 diffuse e abbondanti sulle zone prealpine, la fascia pedemontana e la pianura nord-orientale. Limite della neve intorno ai 1700\/1900 m, localmente un po&#8217; pi\u00f9 in basso sulle Dolomiti. Mercoled\u00ec 28 novembre: precipitazioni diffuse, anche consistenti soprattutto nella seconda parte della giornata. Le precipitazioni pi\u00f9 abbondanti interesseranno le Prealpi, le Dolomiti [&hellip;]","og_url":"https:\/\/www.bellunopress.it\/fr\/2012\/11\/26\/previsioni-meteo-della-regione-veneto\/","og_site_name":"Bellunopress - Dolomiti","article_publisher":"https:\/\/www.facebook.com\/profile.php?id=100008943462799","article_published_time":"2012-11-26T17:12:57+00:00","og_image":[{"url":"http:\/\/www.bellunopress.it\/wp-content\/uploads\/2010\/10\/tempo-sole-nuvola.png","type":"","width":"","height":""}],"author":"redazione","twitter_card":"summary_large_image","twitter_creator":"@bellunopress","twitter_site":"@bellunopress","twitter_misc":{"\u00c9crit par":"redazione","Dur\u00e9e de lecture estim\u00e9e":"2 minutes"},"schema":{"@context":"https:\/\/schema.org","@graph":[{"@type":"Article","@id":"https:\/\/www.bellunopress.it\/2012\/11\/26\/previsioni-meteo-della-regione-veneto\/#article","isPartOf":{"@id":"https:\/\/www.bellunopress.it\/2012\/11\/26\/previsioni-meteo-della-regione-veneto\/"},"author":{"name":"redazione","@id":"https:\/\/www.bellunopress.it\/#\/schema\/person\/79bb06722b37ece1c03d3e94beb30d73"},"headline":"Previsioni meteo della Regione Veneto","datePublished":"2012-11-26T17:12:57+00:00","mainEntityOfPage":{"@id":"https:\/\/www.bellunopress.it\/2012\/11\/26\/previsioni-meteo-della-regione-veneto\/"},"wordCount":367,"publisher":{"@id":"https:\/\/www.bellunopress.it\/#organization"},"image":{"@id":"https:\/\/www.bellunopress.it\/2012\/11\/26\/previsioni-meteo-della-regione-veneto\/#primaryimage"},"thumbnailUrl":"http:\/\/www.bellunopress.it\/wp-content\/uploads\/2010\/10\/tempo-sole-nuvola.png","articleSection":["Prima Pagina","Societ\u00e0, Associazioni, Istituzioni"],"inLanguage":"fr-FR"},{"@type":"WebPage","@id":"https:\/\/www.bellunopress.it\/2012\/11\/26\/previsioni-meteo-della-regione-veneto\/","url":"https:\/\/www.bellunopress.it\/2012\/11\/26\/previsioni-meteo-della-regione-veneto\/","name":"Previsioni meteo della Regione Veneto - Bellunopress - Dolomiti","isPartOf":{"@id":"https:\/\/www.bellunopress.it\/#website"},"primaryImageOfPage":{"@id":"https:\/\/www.bellunopress.it\/2012\/11\/26\/previsioni-meteo-della-regione-veneto\/#primaryimage"},"image":{"@id":"https:\/\/www.bellunopress.it\/2012\/11\/26\/previsioni-meteo-della-regione-veneto\/#primaryimage"},"thumbnailUrl":"http:\/\/www.bellunopress.it\/wp-content\/uploads\/2010\/10\/tempo-sole-nuvola.png","datePublished":"2012-11-26T17:12:57+00:00","breadcrumb":{"@id":"https:\/\/www.bellunopress.it\/2012\/11\/26\/previsioni-meteo-della-regione-veneto\/#breadcrumb"},"inLanguage":"fr-FR","potentialAction":[{"@type":"ReadAction","target":["https:\/\/www.bellunopress.it\/2012\/11\/26\/previsioni-meteo-della-regione-veneto\/"]}]},{"@type":"ImageObject","inLanguage":"fr-FR","@id":"https:\/\/www.bellunopress.it\/2012\/11\/26\/previsioni-meteo-della-regione-veneto\/#primaryimage","url":"http:\/\/www.bellunopress.it\/wp-content\/uploads\/2010\/10\/tempo-sole-nuvola.png","contentUrl":"http:\/\/www.bellunopress.it\/wp-content\/uploads\/2010\/10\/tempo-sole-nuvola.png"},{"@type":"BreadcrumbList","@id":"https:\/\/www.bellunopress.it\/2012\/11\/26\/previsioni-meteo-della-regione-veneto\/#breadcrumb","itemListElement":[{"@type":"ListItem","position":1,"name":"Home","item":"https:\/\/www.bellunopress.it\/"},{"@type":"ListItem","position":2,"name":"Previsioni meteo della Regione Veneto"}]},{"@type":"WebSite","@id":"https:\/\/www.bellunopress.it\/#website","url":"https:\/\/www.bellunopress.it\/","name":"Bellunopress - Dolomiti","description":"e-mail: redazione@bellunopress.it","publisher":{"@id":"https:\/\/www.bellunopress.it\/#organization"},"potentialAction":[{"@type":"SearchAction","target":{"@type":"EntryPoint","urlTemplate":"https:\/\/www.bellunopress.it\/?s={search_term_string}"},"query-input":{"@type":"PropertyValueSpecification","valueRequired":true,"valueName":"search_term_string"}}],"inLanguage":"fr-FR"},{"@type":"Organization","@id":"https:\/\/www.bellunopress.it\/#organization","name":"Bellunopress","url":"https:\/\/www.bellunopress.it\/","logo":{"@type":"ImageObject","inLanguage":"fr-FR","@id":"https:\/\/www.bellunopress.it\/#\/schema\/logo\/image\/","url":"https:\/\/www.bellunopress.it\/wp-content\/uploads\/2011\/05\/cropped-logo-bellunopress-.jpg","contentUrl":"https:\/\/www.bellunopress.it\/wp-content\/uploads\/2011\/05\/cropped-logo-bellunopress-.jpg","width":512,"height":512,"caption":"Bellunopress"},"image":{"@id":"https:\/\/www.bellunopress.it\/#\/schema\/logo\/image\/"},"sameAs":["https:\/\/www.facebook.com\/profile.php?id=100008943462799","https:\/\/x.com\/bellunopress","https:\/\/www.linkedin.com\/hp\/?dnr=JBzUWaJfMUw8vbXJJ2tVW5-I3jZKvC4wsoxE&amp;amp;amp;amp;amp;amp;trk=nav_responsive_tab_home","https:\/\/www.youtube.com\/channel\/UCxL0wu1uN0_3_7hGG0306cw"]},{"@type":"Person","@id":"https:\/\/www.bellunopress.it\/#\/schema\/person\/79bb06722b37ece1c03d3e94beb30d73","name":"r\u00e9daction","image":{"@type":"ImageObject","inLanguage":"fr-FR","@id":"https:\/\/secure.gravatar.com\/avatar\/37d968a2e67a6fd04c169c4bdef102d0bc5d31b2546345219e348575eb80e9a0?s=96&d=mm&r=g","url":"https:\/\/secure.gravatar.com\/avatar\/37d968a2e67a6fd04c169c4bdef102d0bc5d31b2546345219e348575eb80e9a0?s=96&d=mm&r=g","contentUrl":"https:\/\/secure.gravatar.com\/avatar\/37d968a2e67a6fd04c169c4bdef102d0bc5d31b2546345219e348575eb80e9a0?s=96&d=mm&r=g","caption":"redazione"},"sameAs":["http:\/\/www.bellunopress.it","https:\/\/x.com\/bellunopress"],"url":"https:\/\/www.bellunopress.it\/fr\/author\/redazione\/"}]}},"_links":{"self":[{"href":"https:\/\/www.bellunopress.it\/fr\/wp-json\/wp\/v2\/posts\/44231","targetHints":{"allow":["GET"]}}],"collection":[{"href":"https:\/\/www.bellunopress.it\/fr\/wp-json\/wp\/v2\/posts"}],"about":[{"href":"https:\/\/www.bellunopress.it\/fr\/wp-json\/wp\/v2\/types\/post"}],"author":[{"embeddable":true,"href":"https:\/\/www.bellunopress.it\/fr\/wp-json\/wp\/v2\/users\/2"}],"replies":[{"embeddable":true,"href":"https:\/\/www.bellunopress.it\/fr\/wp-json\/wp\/v2\/comments?post=44231"}],"version-history":[{"count":1,"href":"https:\/\/www.bellunopress.it\/fr\/wp-json\/wp\/v2\/posts\/44231\/revisions"}],"predecessor-version":[{"id":44232,"href":"https:\/\/www.bellunopress.it\/fr\/wp-json\/wp\/v2\/posts\/44231\/revisions\/44232"}],"wp:attachment":[{"href":"https:\/\/www.bellunopress.it\/fr\/wp-json\/wp\/v2\/media?parent=44231"}],"wp:term":[{"taxonomy":"category","embeddable":true,"href":"https:\/\/www.bellunopress.it\/fr\/wp-json\/wp\/v2\/categories?post=44231"},{"taxonomy":"post_tag","embeddable":true,"href":"https:\/\/www.bellunopress.it\/fr\/wp-json\/wp\/v2\/tags?post=44231"}],"curies":[{"name":"wp","href":"https:\/\/api.w.org\/{rel}","templated":true}]}}