{"id":44229,"date":"2012-11-26T17:18:45","date_gmt":"2012-11-26T16:18:45","guid":{"rendered":"http:\/\/www.bellunopress.it\/?p=44229"},"modified":"2012-11-26T17:18:45","modified_gmt":"2012-11-26T16:18:45","slug":"qualita-della-vita-bolzano-siena-e-trento-sul-podio-belluno-scende-al-7mo-posto","status":"publish","type":"post","link":"https:\/\/www.bellunopress.it\/fr\/2012\/11\/26\/qualita-della-vita-bolzano-siena-e-trento-sul-podio-belluno-scende-al-7mo-posto\/","title":{"rendered":"Qualit\u00e0 della vita: Bolzano, Siena e Trento sul podio. Belluno scende al 7mo posto"},"content":{"rendered":"<figure id=\"attachment_765\" aria-describedby=\"caption-attachment-765\" style=\"width: 270px\" class=\"wp-caption alignright\"><a href=\"http:\/\/www.bellunopress.it\/wp-content\/uploads\/2009\/02\/piave-ponte-vittoria-270x178.jpg\"><img loading=\"lazy\" decoding=\"async\" class=\"size-full wp-image-765\" title=\"piave-ponte-vittoria-270x178\" src=\"http:\/\/www.bellunopress.it\/wp-content\/uploads\/2009\/02\/piave-ponte-vittoria-270x178.jpg\" alt=\"\" width=\"270\" height=\"180\" \/><\/a><figcaption id=\"caption-attachment-765\" class=\"wp-caption-text\">Il fiume Piave e il Ponte della Vittoria<\/figcaption><\/figure>\n<p>L&#8217;annuale classifica del quotidiano economico Il Sole 24 Ore assegna a Bolzano il titolo di miglior capoluogo di provincia per qualit\u00e0 della vita. Lo scorso anno era in vetta Bologna che ora scivola in 10ma posizione. Sul podio al secondo posto Siena e Trento in terza posizione. Seguono Rimini, Trieste, Parma, Belluno, Ravenna, Aosta.<\/p>\n<p>Belluno che nel 2011 era terza dopo Bologna e Bolzano (ma nel 2010 eravamo alla 10ma posizione), ora perde quattro posti e scende al 7mo gradino, pur rimanendo nella top ten delle 107 province italiane. Anche quest&#8217;anno gli esperti del Sole 24 Ore hanno esaminato i seguenti parametri nel redigere la classifica:<\/p>\n<p>&#8211; Tenore di vita (ovvero, benessere economico)<\/p>\n<p>&#8211; Affari e lavoro (imprenditorialit\u00e0 e disoccupazione)<\/p>\n<p>&#8211; Servizi ambiente e salute (banda larga, eco-sostenibilit\u00e0, asili)<\/p>\n<p>&#8211; Popolazione (natalit\u00e0, divorzi, giovani, stranieri)<\/p>\n<p>&#8211; Ordine pubblico (microcriminalit\u00e0, denunce, sicurezza)<\/p>\n<p>&#8211; Tempo libero (spettacoli, librerie, intrattenimento e sport).<\/p>\n<p>Bolzano riconquista cos\u00ec la prima posizione che aveva gi\u00e0 ottenuto nel 1995, 2001 e nel 2010. Le due grandi citt\u00e0 italiane Milano (17ma) e Roma (21ma) guadagnano un paio di posizioni. Migliorano anche Brescia e Torino, che si collocano nella prima met\u00e0 della classifica, e anche Catania e Palermo nella seconda met\u00e0.<\/p>\n<p>Mentre Taranto sprofonda in ultima posizione, affondata dalla questione dell&#8217;Ilva.<\/p>\n<p>&nbsp;<\/p>\n<p>&nbsp;<\/p>","protected":false},"excerpt":{"rendered":"<p>L&#8217;annuale classifica del quotidiano economico Il Sole 24 Ore assegna a Bolzano il titolo di miglior capoluogo di provincia per qualit\u00e0 della vita. Lo scorso anno era in vetta Bologna che ora scivola in 10ma posizione. Sul podio al secondo posto Siena e Trento in terza posizione. Seguono Rimini, Trieste, Parma, Belluno, Ravenna, Aosta. Belluno [&hellip;]<\/p>\n","protected":false},"author":2,"featured_media":0,"comment_status":"closed","ping_status":"open","sticky":false,"template":"","format":"standard","meta":{"footnotes":""},"categories":[1],"tags":[],"class_list":["post-44229","post","type-post","status-publish","format-standard","category-leo"],"yoast_head":"<!-- This site is optimized with the Yoast SEO plugin v28.4 - https:\/\/yoast.com\/product\/yoast-seo-wordpress\/ -->\n<title>Qualit\u00e0 della vita: Bolzano, Siena e Trento sul podio. Belluno scende al 7mo posto - Bellunopress - Dolomiti<\/title>\n<meta name=\"robots\" content=\"index, follow, max-snippet:-1, max-image-preview:large, max-video-preview:-1\" \/>\n<link rel=\"canonical\" href=\"https:\/\/www.bellunopress.it\/fr\/2012\/11\/26\/qualita-della-vita-bolzano-siena-e-trento-sul-podio-belluno-scende-al-7mo-posto\/\" \/>\n<meta property=\"og:locale\" content=\"fr_FR\" \/>\n<meta property=\"og:type\" content=\"article\" \/>\n<meta property=\"og:title\" content=\"Qualit\u00e0 della vita: Bolzano, Siena e Trento sul podio. Belluno scende al 7mo posto - Bellunopress - Dolomiti\" \/>\n<meta property=\"og:description\" content=\"L&#8217;annuale classifica del quotidiano economico Il Sole 24 Ore assegna a Bolzano il titolo di miglior capoluogo di provincia per qualit\u00e0 della vita. Lo scorso anno era in vetta Bologna che ora scivola in 10ma posizione. Sul podio al secondo posto Siena e Trento in terza posizione. Seguono Rimini, Trieste, Parma, Belluno, Ravenna, Aosta. Belluno [&hellip;]\" \/>\n<meta property=\"og:url\" content=\"https:\/\/www.bellunopress.it\/fr\/2012\/11\/26\/qualita-della-vita-bolzano-siena-e-trento-sul-podio-belluno-scende-al-7mo-posto\/\" \/>\n<meta property=\"og:site_name\" content=\"Bellunopress - Dolomiti\" \/>\n<meta property=\"article:publisher\" content=\"https:\/\/www.facebook.com\/profile.php?id=100008943462799\" \/>\n<meta property=\"article:published_time\" content=\"2012-11-26T16:18:45+00:00\" \/>\n<meta property=\"og:image\" content=\"http:\/\/www.bellunopress.it\/wp-content\/uploads\/2009\/02\/piave-ponte-vittoria-270x178.jpg\" \/>\n<meta name=\"author\" content=\"redazione\" \/>\n<meta name=\"twitter:card\" content=\"summary_large_image\" \/>\n<meta name=\"twitter:creator\" content=\"@bellunopress\" \/>\n<meta name=\"twitter:site\" content=\"@bellunopress\" \/>\n<meta name=\"twitter:label1\" content=\"\u00c9crit par\" \/>\n\t<meta name=\"twitter:data1\" content=\"redazione\" \/>\n\t<meta name=\"twitter:label2\" content=\"Dur\u00e9e de lecture estim\u00e9e\" \/>\n\t<meta name=\"twitter:data2\" content=\"1 minute\" \/>\n<script type=\"application\/ld+json\" class=\"yoast-schema-graph\">{\"@context\":\"https:\\\/\\\/schema.org\",\"@graph\":[{\"@type\":\"Article\",\"@id\":\"https:\\\/\\\/www.bellunopress.it\\\/2012\\\/11\\\/26\\\/qualita-della-vita-bolzano-siena-e-trento-sul-podio-belluno-scende-al-7mo-posto\\\/#article\",\"isPartOf\":{\"@id\":\"https:\\\/\\\/www.bellunopress.it\\\/2012\\\/11\\\/26\\\/qualita-della-vita-bolzano-siena-e-trento-sul-podio-belluno-scende-al-7mo-posto\\\/\"},\"author\":{\"name\":\"redazione\",\"@id\":\"https:\\\/\\\/www.bellunopress.it\\\/#\\\/schema\\\/person\\\/79bb06722b37ece1c03d3e94beb30d73\"},\"headline\":\"Qualit\u00e0 della vita: Bolzano, Siena e Trento sul podio. Belluno scende al 7mo posto\",\"datePublished\":\"2012-11-26T16:18:45+00:00\",\"mainEntityOfPage\":{\"@id\":\"https:\\\/\\\/www.bellunopress.it\\\/2012\\\/11\\\/26\\\/qualita-della-vita-bolzano-siena-e-trento-sul-podio-belluno-scende-al-7mo-posto\\\/\"},\"wordCount\":237,\"publisher\":{\"@id\":\"https:\\\/\\\/www.bellunopress.it\\\/#organization\"},\"image\":{\"@id\":\"https:\\\/\\\/www.bellunopress.it\\\/2012\\\/11\\\/26\\\/qualita-della-vita-bolzano-siena-e-trento-sul-podio-belluno-scende-al-7mo-posto\\\/#primaryimage\"},\"thumbnailUrl\":\"http:\\\/\\\/www.bellunopress.it\\\/wp-content\\\/uploads\\\/2009\\\/02\\\/piave-ponte-vittoria-270x178.jpg\",\"articleSection\":[\"Lettere Opinioni\"],\"inLanguage\":\"fr-FR\"},{\"@type\":\"WebPage\",\"@id\":\"https:\\\/\\\/www.bellunopress.it\\\/2012\\\/11\\\/26\\\/qualita-della-vita-bolzano-siena-e-trento-sul-podio-belluno-scende-al-7mo-posto\\\/\",\"url\":\"https:\\\/\\\/www.bellunopress.it\\\/2012\\\/11\\\/26\\\/qualita-della-vita-bolzano-siena-e-trento-sul-podio-belluno-scende-al-7mo-posto\\\/\",\"name\":\"Qualit\u00e0 della vita: Bolzano, Siena e Trento sul podio. Belluno scende al 7mo posto - Bellunopress - Dolomiti\",\"isPartOf\":{\"@id\":\"https:\\\/\\\/www.bellunopress.it\\\/#website\"},\"primaryImageOfPage\":{\"@id\":\"https:\\\/\\\/www.bellunopress.it\\\/2012\\\/11\\\/26\\\/qualita-della-vita-bolzano-siena-e-trento-sul-podio-belluno-scende-al-7mo-posto\\\/#primaryimage\"},\"image\":{\"@id\":\"https:\\\/\\\/www.bellunopress.it\\\/2012\\\/11\\\/26\\\/qualita-della-vita-bolzano-siena-e-trento-sul-podio-belluno-scende-al-7mo-posto\\\/#primaryimage\"},\"thumbnailUrl\":\"http:\\\/\\\/www.bellunopress.it\\\/wp-content\\\/uploads\\\/2009\\\/02\\\/piave-ponte-vittoria-270x178.jpg\",\"datePublished\":\"2012-11-26T16:18:45+00:00\",\"breadcrumb\":{\"@id\":\"https:\\\/\\\/www.bellunopress.it\\\/2012\\\/11\\\/26\\\/qualita-della-vita-bolzano-siena-e-trento-sul-podio-belluno-scende-al-7mo-posto\\\/#breadcrumb\"},\"inLanguage\":\"fr-FR\",\"potentialAction\":[{\"@type\":\"ReadAction\",\"target\":[\"https:\\\/\\\/www.bellunopress.it\\\/2012\\\/11\\\/26\\\/qualita-della-vita-bolzano-siena-e-trento-sul-podio-belluno-scende-al-7mo-posto\\\/\"]}]},{\"@type\":\"ImageObject\",\"inLanguage\":\"fr-FR\",\"@id\":\"https:\\\/\\\/www.bellunopress.it\\\/2012\\\/11\\\/26\\\/qualita-della-vita-bolzano-siena-e-trento-sul-podio-belluno-scende-al-7mo-posto\\\/#primaryimage\",\"url\":\"http:\\\/\\\/www.bellunopress.it\\\/wp-content\\\/uploads\\\/2009\\\/02\\\/piave-ponte-vittoria-270x178.jpg\",\"contentUrl\":\"http:\\\/\\\/www.bellunopress.it\\\/wp-content\\\/uploads\\\/2009\\\/02\\\/piave-ponte-vittoria-270x178.jpg\"},{\"@type\":\"BreadcrumbList\",\"@id\":\"https:\\\/\\\/www.bellunopress.it\\\/2012\\\/11\\\/26\\\/qualita-della-vita-bolzano-siena-e-trento-sul-podio-belluno-scende-al-7mo-posto\\\/#breadcrumb\",\"itemListElement\":[{\"@type\":\"ListItem\",\"position\":1,\"name\":\"Home\",\"item\":\"https:\\\/\\\/www.bellunopress.it\\\/\"},{\"@type\":\"ListItem\",\"position\":2,\"name\":\"Qualit\u00e0 della vita: Bolzano, Siena e Trento sul podio. Belluno scende al 7mo posto\"}]},{\"@type\":\"WebSite\",\"@id\":\"https:\\\/\\\/www.bellunopress.it\\\/#website\",\"url\":\"https:\\\/\\\/www.bellunopress.it\\\/\",\"name\":\"Bellunopress - Dolomiti\",\"description\":\"e-mail: redazione@bellunopress.it\",\"publisher\":{\"@id\":\"https:\\\/\\\/www.bellunopress.it\\\/#organization\"},\"potentialAction\":[{\"@type\":\"SearchAction\",\"target\":{\"@type\":\"EntryPoint\",\"urlTemplate\":\"https:\\\/\\\/www.bellunopress.it\\\/?s={search_term_string}\"},\"query-input\":{\"@type\":\"PropertyValueSpecification\",\"valueRequired\":true,\"valueName\":\"search_term_string\"}}],\"inLanguage\":\"fr-FR\"},{\"@type\":\"Organization\",\"@id\":\"https:\\\/\\\/www.bellunopress.it\\\/#organization\",\"name\":\"Bellunopress\",\"url\":\"https:\\\/\\\/www.bellunopress.it\\\/\",\"logo\":{\"@type\":\"ImageObject\",\"inLanguage\":\"fr-FR\",\"@id\":\"https:\\\/\\\/www.bellunopress.it\\\/#\\\/schema\\\/logo\\\/image\\\/\",\"url\":\"https:\\\/\\\/www.bellunopress.it\\\/wp-content\\\/uploads\\\/2011\\\/05\\\/cropped-logo-bellunopress-.jpg\",\"contentUrl\":\"https:\\\/\\\/www.bellunopress.it\\\/wp-content\\\/uploads\\\/2011\\\/05\\\/cropped-logo-bellunopress-.jpg\",\"width\":512,\"height\":512,\"caption\":\"Bellunopress\"},\"image\":{\"@id\":\"https:\\\/\\\/www.bellunopress.it\\\/#\\\/schema\\\/logo\\\/image\\\/\"},\"sameAs\":[\"https:\\\/\\\/www.facebook.com\\\/profile.php?id=100008943462799\",\"https:\\\/\\\/x.com\\\/bellunopress\",\"https:\\\/\\\/www.linkedin.com\\\/hp\\\/?dnr=JBzUWaJfMUw8vbXJJ2tVW5-I3jZKvC4wsoxE&amp;amp;amp;amp;amp;amp;trk=nav_responsive_tab_home\",\"https:\\\/\\\/www.youtube.com\\\/channel\\\/UCxL0wu1uN0_3_7hGG0306cw\"]},{\"@type\":\"Person\",\"@id\":\"https:\\\/\\\/www.bellunopress.it\\\/#\\\/schema\\\/person\\\/79bb06722b37ece1c03d3e94beb30d73\",\"name\":\"redazione\",\"image\":{\"@type\":\"ImageObject\",\"inLanguage\":\"fr-FR\",\"@id\":\"https:\\\/\\\/secure.gravatar.com\\\/avatar\\\/37d968a2e67a6fd04c169c4bdef102d0bc5d31b2546345219e348575eb80e9a0?s=96&d=mm&r=g\",\"url\":\"https:\\\/\\\/secure.gravatar.com\\\/avatar\\\/37d968a2e67a6fd04c169c4bdef102d0bc5d31b2546345219e348575eb80e9a0?s=96&d=mm&r=g\",\"contentUrl\":\"https:\\\/\\\/secure.gravatar.com\\\/avatar\\\/37d968a2e67a6fd04c169c4bdef102d0bc5d31b2546345219e348575eb80e9a0?s=96&d=mm&r=g\",\"caption\":\"redazione\"},\"sameAs\":[\"http:\\\/\\\/www.bellunopress.it\",\"https:\\\/\\\/x.com\\\/bellunopress\"],\"url\":\"https:\\\/\\\/www.bellunopress.it\\\/fr\\\/author\\\/redazione\\\/\"}]}<\/script>\n<!-- \/ Yoast SEO plugin. -->","yoast_head_json":{"title":"Qualit\u00e0 della vita: Bolzano, Siena e Trento sul podio. Belluno scende al 7mo posto - Bellunopress - Dolomiti","robots":{"index":"index","follow":"follow","max-snippet":"max-snippet:-1","max-image-preview":"max-image-preview:large","max-video-preview":"max-video-preview:-1"},"canonical":"https:\/\/www.bellunopress.it\/fr\/2012\/11\/26\/qualita-della-vita-bolzano-siena-e-trento-sul-podio-belluno-scende-al-7mo-posto\/","og_locale":"fr_FR","og_type":"article","og_title":"Qualit\u00e0 della vita: Bolzano, Siena e Trento sul podio. Belluno scende al 7mo posto - Bellunopress - Dolomiti","og_description":"L&#8217;annuale classifica del quotidiano economico Il Sole 24 Ore assegna a Bolzano il titolo di miglior capoluogo di provincia per qualit\u00e0 della vita. Lo scorso anno era in vetta Bologna che ora scivola in 10ma posizione. Sul podio al secondo posto Siena e Trento in terza posizione. Seguono Rimini, Trieste, Parma, Belluno, Ravenna, Aosta. Belluno [&hellip;]","og_url":"https:\/\/www.bellunopress.it\/fr\/2012\/11\/26\/qualita-della-vita-bolzano-siena-e-trento-sul-podio-belluno-scende-al-7mo-posto\/","og_site_name":"Bellunopress - Dolomiti","article_publisher":"https:\/\/www.facebook.com\/profile.php?id=100008943462799","article_published_time":"2012-11-26T16:18:45+00:00","og_image":[{"url":"http:\/\/www.bellunopress.it\/wp-content\/uploads\/2009\/02\/piave-ponte-vittoria-270x178.jpg","type":"","width":"","height":""}],"author":"redazione","twitter_card":"summary_large_image","twitter_creator":"@bellunopress","twitter_site":"@bellunopress","twitter_misc":{"\u00c9crit par":"redazione","Dur\u00e9e de lecture estim\u00e9e":"1 minute"},"schema":{"@context":"https:\/\/schema.org","@graph":[{"@type":"Article","@id":"https:\/\/www.bellunopress.it\/2012\/11\/26\/qualita-della-vita-bolzano-siena-e-trento-sul-podio-belluno-scende-al-7mo-posto\/#article","isPartOf":{"@id":"https:\/\/www.bellunopress.it\/2012\/11\/26\/qualita-della-vita-bolzano-siena-e-trento-sul-podio-belluno-scende-al-7mo-posto\/"},"author":{"name":"redazione","@id":"https:\/\/www.bellunopress.it\/#\/schema\/person\/79bb06722b37ece1c03d3e94beb30d73"},"headline":"Qualit\u00e0 della vita: Bolzano, Siena e Trento sul podio. Belluno scende al 7mo posto","datePublished":"2012-11-26T16:18:45+00:00","mainEntityOfPage":{"@id":"https:\/\/www.bellunopress.it\/2012\/11\/26\/qualita-della-vita-bolzano-siena-e-trento-sul-podio-belluno-scende-al-7mo-posto\/"},"wordCount":237,"publisher":{"@id":"https:\/\/www.bellunopress.it\/#organization"},"image":{"@id":"https:\/\/www.bellunopress.it\/2012\/11\/26\/qualita-della-vita-bolzano-siena-e-trento-sul-podio-belluno-scende-al-7mo-posto\/#primaryimage"},"thumbnailUrl":"http:\/\/www.bellunopress.it\/wp-content\/uploads\/2009\/02\/piave-ponte-vittoria-270x178.jpg","articleSection":["Lettere Opinioni"],"inLanguage":"fr-FR"},{"@type":"WebPage","@id":"https:\/\/www.bellunopress.it\/2012\/11\/26\/qualita-della-vita-bolzano-siena-e-trento-sul-podio-belluno-scende-al-7mo-posto\/","url":"https:\/\/www.bellunopress.it\/2012\/11\/26\/qualita-della-vita-bolzano-siena-e-trento-sul-podio-belluno-scende-al-7mo-posto\/","name":"Qualit\u00e0 della vita: Bolzano, Siena e Trento sul podio. Belluno scende al 7mo posto - Bellunopress - Dolomiti","isPartOf":{"@id":"https:\/\/www.bellunopress.it\/#website"},"primaryImageOfPage":{"@id":"https:\/\/www.bellunopress.it\/2012\/11\/26\/qualita-della-vita-bolzano-siena-e-trento-sul-podio-belluno-scende-al-7mo-posto\/#primaryimage"},"image":{"@id":"https:\/\/www.bellunopress.it\/2012\/11\/26\/qualita-della-vita-bolzano-siena-e-trento-sul-podio-belluno-scende-al-7mo-posto\/#primaryimage"},"thumbnailUrl":"http:\/\/www.bellunopress.it\/wp-content\/uploads\/2009\/02\/piave-ponte-vittoria-270x178.jpg","datePublished":"2012-11-26T16:18:45+00:00","breadcrumb":{"@id":"https:\/\/www.bellunopress.it\/2012\/11\/26\/qualita-della-vita-bolzano-siena-e-trento-sul-podio-belluno-scende-al-7mo-posto\/#breadcrumb"},"inLanguage":"fr-FR","potentialAction":[{"@type":"ReadAction","target":["https:\/\/www.bellunopress.it\/2012\/11\/26\/qualita-della-vita-bolzano-siena-e-trento-sul-podio-belluno-scende-al-7mo-posto\/"]}]},{"@type":"ImageObject","inLanguage":"fr-FR","@id":"https:\/\/www.bellunopress.it\/2012\/11\/26\/qualita-della-vita-bolzano-siena-e-trento-sul-podio-belluno-scende-al-7mo-posto\/#primaryimage","url":"http:\/\/www.bellunopress.it\/wp-content\/uploads\/2009\/02\/piave-ponte-vittoria-270x178.jpg","contentUrl":"http:\/\/www.bellunopress.it\/wp-content\/uploads\/2009\/02\/piave-ponte-vittoria-270x178.jpg"},{"@type":"BreadcrumbList","@id":"https:\/\/www.bellunopress.it\/2012\/11\/26\/qualita-della-vita-bolzano-siena-e-trento-sul-podio-belluno-scende-al-7mo-posto\/#breadcrumb","itemListElement":[{"@type":"ListItem","position":1,"name":"Home","item":"https:\/\/www.bellunopress.it\/"},{"@type":"ListItem","position":2,"name":"Qualit\u00e0 della vita: Bolzano, Siena e Trento sul podio. Belluno scende al 7mo posto"}]},{"@type":"WebSite","@id":"https:\/\/www.bellunopress.it\/#website","url":"https:\/\/www.bellunopress.it\/","name":"Bellunopress - Dolomiti","description":"e-mail: redazione@bellunopress.it","publisher":{"@id":"https:\/\/www.bellunopress.it\/#organization"},"potentialAction":[{"@type":"SearchAction","target":{"@type":"EntryPoint","urlTemplate":"https:\/\/www.bellunopress.it\/?s={search_term_string}"},"query-input":{"@type":"PropertyValueSpecification","valueRequired":true,"valueName":"search_term_string"}}],"inLanguage":"fr-FR"},{"@type":"Organization","@id":"https:\/\/www.bellunopress.it\/#organization","name":"Bellunopress","url":"https:\/\/www.bellunopress.it\/","logo":{"@type":"ImageObject","inLanguage":"fr-FR","@id":"https:\/\/www.bellunopress.it\/#\/schema\/logo\/image\/","url":"https:\/\/www.bellunopress.it\/wp-content\/uploads\/2011\/05\/cropped-logo-bellunopress-.jpg","contentUrl":"https:\/\/www.bellunopress.it\/wp-content\/uploads\/2011\/05\/cropped-logo-bellunopress-.jpg","width":512,"height":512,"caption":"Bellunopress"},"image":{"@id":"https:\/\/www.bellunopress.it\/#\/schema\/logo\/image\/"},"sameAs":["https:\/\/www.facebook.com\/profile.php?id=100008943462799","https:\/\/x.com\/bellunopress","https:\/\/www.linkedin.com\/hp\/?dnr=JBzUWaJfMUw8vbXJJ2tVW5-I3jZKvC4wsoxE&amp;amp;amp;amp;amp;amp;trk=nav_responsive_tab_home","https:\/\/www.youtube.com\/channel\/UCxL0wu1uN0_3_7hGG0306cw"]},{"@type":"Person","@id":"https:\/\/www.bellunopress.it\/#\/schema\/person\/79bb06722b37ece1c03d3e94beb30d73","name":"r\u00e9daction","image":{"@type":"ImageObject","inLanguage":"fr-FR","@id":"https:\/\/secure.gravatar.com\/avatar\/37d968a2e67a6fd04c169c4bdef102d0bc5d31b2546345219e348575eb80e9a0?s=96&d=mm&r=g","url":"https:\/\/secure.gravatar.com\/avatar\/37d968a2e67a6fd04c169c4bdef102d0bc5d31b2546345219e348575eb80e9a0?s=96&d=mm&r=g","contentUrl":"https:\/\/secure.gravatar.com\/avatar\/37d968a2e67a6fd04c169c4bdef102d0bc5d31b2546345219e348575eb80e9a0?s=96&d=mm&r=g","caption":"redazione"},"sameAs":["http:\/\/www.bellunopress.it","https:\/\/x.com\/bellunopress"],"url":"https:\/\/www.bellunopress.it\/fr\/author\/redazione\/"}]}},"_links":{"self":[{"href":"https:\/\/www.bellunopress.it\/fr\/wp-json\/wp\/v2\/posts\/44229","targetHints":{"allow":["GET"]}}],"collection":[{"href":"https:\/\/www.bellunopress.it\/fr\/wp-json\/wp\/v2\/posts"}],"about":[{"href":"https:\/\/www.bellunopress.it\/fr\/wp-json\/wp\/v2\/types\/post"}],"author":[{"embeddable":true,"href":"https:\/\/www.bellunopress.it\/fr\/wp-json\/wp\/v2\/users\/2"}],"replies":[{"embeddable":true,"href":"https:\/\/www.bellunopress.it\/fr\/wp-json\/wp\/v2\/comments?post=44229"}],"version-history":[{"count":1,"href":"https:\/\/www.bellunopress.it\/fr\/wp-json\/wp\/v2\/posts\/44229\/revisions"}],"predecessor-version":[{"id":44230,"href":"https:\/\/www.bellunopress.it\/fr\/wp-json\/wp\/v2\/posts\/44229\/revisions\/44230"}],"wp:attachment":[{"href":"https:\/\/www.bellunopress.it\/fr\/wp-json\/wp\/v2\/media?parent=44229"}],"wp:term":[{"taxonomy":"category","embeddable":true,"href":"https:\/\/www.bellunopress.it\/fr\/wp-json\/wp\/v2\/categories?post=44229"},{"taxonomy":"post_tag","embeddable":true,"href":"https:\/\/www.bellunopress.it\/fr\/wp-json\/wp\/v2\/tags?post=44229"}],"curies":[{"name":"wp","href":"https:\/\/api.w.org\/{rel}","templated":true}]}}