{"id":44224,"date":"2012-11-26T15:59:04","date_gmt":"2012-11-26T14:59:04","guid":{"rendered":"http:\/\/www.bellunopress.it\/?p=44224"},"modified":"2012-11-26T15:59:04","modified_gmt":"2012-11-26T14:59:04","slug":"un-referendum-per-liberare-il-veneto-da-roma-di-paolo-bampo","status":"publish","type":"post","link":"https:\/\/www.bellunopress.it\/fr\/2012\/11\/26\/un-referendum-per-liberare-il-veneto-da-roma-di-paolo-bampo\/","title":{"rendered":"Un referendum per liberare il Veneto da Roma * di Paolo Bampo"},"content":{"rendered":"<figure id=\"attachment_11353\" aria-describedby=\"caption-attachment-11353\" style=\"width: 243px\" class=\"wp-caption alignright\"><a href=\"http:\/\/www.bellunopress.it\/wp-content\/uploads\/2010\/01\/paolo-bampo.jpg\"><img loading=\"lazy\" decoding=\"async\" class=\"size-full wp-image-11353\" title=\"paolo-bampo\" src=\"http:\/\/www.bellunopress.it\/wp-content\/uploads\/2010\/01\/paolo-bampo.jpg\" alt=\"\" width=\"243\" height=\"280\" \/><\/a><figcaption id=\"caption-attachment-11353\" class=\"wp-caption-text\">Paolo Bampo<\/figcaption><\/figure>\n<p>Il ghiaccio \u00e8 rotto! E\u2019 stata molto chiara e positiva la risposta del pubblico al richiamo delle tesi presentate durante il primo incontro bellunese con i vertici dell\u2019indipendentismo veneto avv.Azzano Cantarutti, avv.Morosin e prof.Pizzati.<\/p>\n<p>I relatori, invitati dal PAB (Provincia Autonoma Belluno), hanno sottolineato i vantaggi dell\u2019indipendenza per il popolo veneto e per la sua economia, chiarendo, se ancora ce ne fosse stato bisogno, come l\u2019unica via per rendere possibile la Regione Dolomiti e della sua autonomia sia quella tracciata dalla richiesta di referendum che scioglier\u00e0 il Veneto dai legami con Roma,(capitale di uno stato che sinora si \u00e8 dimostrato incapace di ascoltare e realizzare le istanze del nostro territorio.)<\/p>\n<p>Alla presenza di cittadini, professionisti ed imprenditori, ma anche del consigliere regionale Dario Bond, del Sindaco di Castellavazzo Franco Roccon e del Vice Sindaco di Limana Giovanni Puppato, nonch\u00e9 delle ampie rappresentanze della Lega Nord provinciale (in primis il segretario Diego Vello) e della LID ed ovviamente del PAB, il prof Pizzati durante il proprio intervento, ha dato in anteprima a Belluno la notizia di aver ricevuto direttamente dal presidente della Commissione Europea J.Barroso una lettera in cui quest\u2019ultimo comunicava, dopo averne giorni fa dichiarato informalmente l\u2019ammissibilit\u00e0, il proprio sostegno ad una eventuale presentazione di referendum veneto.<\/p>\n<p>Fondamentale passo per il compimento del processo indipendentista sar\u00e0 compiuto dai consiglieri regionali mercoled\u00ec 28 p.v. durante la riunione straordinaria del consiglio medesimo, che avr\u00e0 per ordine unico del giorno, proprio la discussione sul referendum indipendentista.<\/p>\n<p>La realizzabilit\u00e0 e l\u2019indicazione del percorso indipendentista sono state lucidamente e con competenza illustrate durante il convegno ed ora, in previsione dei passaggi politici da fare, saranno attivate le forme di collaborazione necessaria per allineare la nostra provincia al livello di organizzazione degli altri territori veneti pi\u00f9 avanti di noi nella promozione della proposta.<\/p>\n<p>Paolo Bampo<\/p>","protected":false},"excerpt":{"rendered":"<p>Il ghiaccio \u00e8 rotto! E\u2019 stata molto chiara e positiva la risposta del pubblico al richiamo delle tesi presentate durante il primo incontro bellunese con i vertici dell\u2019indipendentismo veneto avv.Azzano Cantarutti, avv.Morosin e prof.Pizzati. I relatori, invitati dal PAB (Provincia Autonoma Belluno), hanno sottolineato i vantaggi dell\u2019indipendenza per il popolo veneto e per la sua [&hellip;]<\/p>\n","protected":false},"author":2,"featured_media":0,"comment_status":"closed","ping_status":"open","sticky":false,"template":"","format":"standard","meta":{"footnotes":""},"categories":[5,26],"tags":[],"class_list":["post-44224","post","type-post","status-publish","format-standard","category-cronaca","category-prima-pagina"],"yoast_head":"<!-- This site is optimized with the Yoast SEO plugin v28.4 - https:\/\/yoast.com\/product\/yoast-seo-wordpress\/ -->\n<title>Un referendum per liberare il Veneto da Roma * di Paolo Bampo - Bellunopress - Dolomiti<\/title>\n<meta name=\"robots\" content=\"index, follow, max-snippet:-1, max-image-preview:large, max-video-preview:-1\" \/>\n<link rel=\"canonical\" href=\"https:\/\/www.bellunopress.it\/fr\/2012\/11\/26\/un-referendum-per-liberare-il-veneto-da-roma-di-paolo-bampo\/\" \/>\n<meta property=\"og:locale\" content=\"fr_FR\" \/>\n<meta property=\"og:type\" content=\"article\" \/>\n<meta property=\"og:title\" content=\"Un referendum per liberare il Veneto da Roma * di Paolo Bampo - Bellunopress - Dolomiti\" \/>\n<meta property=\"og:description\" content=\"Il ghiaccio \u00e8 rotto! E\u2019 stata molto chiara e positiva la risposta del pubblico al richiamo delle tesi presentate durante il primo incontro bellunese con i vertici dell\u2019indipendentismo veneto avv.Azzano Cantarutti, avv.Morosin e prof.Pizzati. I relatori, invitati dal PAB (Provincia Autonoma Belluno), hanno sottolineato i vantaggi dell\u2019indipendenza per il popolo veneto e per la sua [&hellip;]\" \/>\n<meta property=\"og:url\" content=\"https:\/\/www.bellunopress.it\/fr\/2012\/11\/26\/un-referendum-per-liberare-il-veneto-da-roma-di-paolo-bampo\/\" \/>\n<meta property=\"og:site_name\" content=\"Bellunopress - Dolomiti\" \/>\n<meta property=\"article:publisher\" content=\"https:\/\/www.facebook.com\/profile.php?id=100008943462799\" \/>\n<meta property=\"article:published_time\" content=\"2012-11-26T14:59:04+00:00\" \/>\n<meta property=\"og:image\" content=\"http:\/\/www.bellunopress.it\/wp-content\/uploads\/2010\/01\/paolo-bampo.jpg\" \/>\n<meta name=\"author\" content=\"redazione\" \/>\n<meta name=\"twitter:card\" content=\"summary_large_image\" \/>\n<meta name=\"twitter:creator\" content=\"@bellunopress\" \/>\n<meta name=\"twitter:site\" content=\"@bellunopress\" \/>\n<meta name=\"twitter:label1\" content=\"\u00c9crit par\" \/>\n\t<meta name=\"twitter:data1\" content=\"redazione\" \/>\n\t<meta name=\"twitter:label2\" content=\"Dur\u00e9e de lecture estim\u00e9e\" \/>\n\t<meta name=\"twitter:data2\" content=\"2 minutes\" \/>\n<script type=\"application\/ld+json\" class=\"yoast-schema-graph\">{\"@context\":\"https:\\\/\\\/schema.org\",\"@graph\":[{\"@type\":\"Article\",\"@id\":\"https:\\\/\\\/www.bellunopress.it\\\/2012\\\/11\\\/26\\\/un-referendum-per-liberare-il-veneto-da-roma-di-paolo-bampo\\\/#article\",\"isPartOf\":{\"@id\":\"https:\\\/\\\/www.bellunopress.it\\\/2012\\\/11\\\/26\\\/un-referendum-per-liberare-il-veneto-da-roma-di-paolo-bampo\\\/\"},\"author\":{\"name\":\"redazione\",\"@id\":\"https:\\\/\\\/www.bellunopress.it\\\/#\\\/schema\\\/person\\\/79bb06722b37ece1c03d3e94beb30d73\"},\"headline\":\"Un referendum per liberare il Veneto da Roma * di Paolo Bampo\",\"datePublished\":\"2012-11-26T14:59:04+00:00\",\"mainEntityOfPage\":{\"@id\":\"https:\\\/\\\/www.bellunopress.it\\\/2012\\\/11\\\/26\\\/un-referendum-per-liberare-il-veneto-da-roma-di-paolo-bampo\\\/\"},\"wordCount\":328,\"publisher\":{\"@id\":\"https:\\\/\\\/www.bellunopress.it\\\/#organization\"},\"image\":{\"@id\":\"https:\\\/\\\/www.bellunopress.it\\\/2012\\\/11\\\/26\\\/un-referendum-per-liberare-il-veneto-da-roma-di-paolo-bampo\\\/#primaryimage\"},\"thumbnailUrl\":\"http:\\\/\\\/www.bellunopress.it\\\/wp-content\\\/uploads\\\/2010\\\/01\\\/paolo-bampo.jpg\",\"articleSection\":[\"Cronaca\\\/Politica\",\"Prima Pagina\"],\"inLanguage\":\"fr-FR\"},{\"@type\":\"WebPage\",\"@id\":\"https:\\\/\\\/www.bellunopress.it\\\/2012\\\/11\\\/26\\\/un-referendum-per-liberare-il-veneto-da-roma-di-paolo-bampo\\\/\",\"url\":\"https:\\\/\\\/www.bellunopress.it\\\/2012\\\/11\\\/26\\\/un-referendum-per-liberare-il-veneto-da-roma-di-paolo-bampo\\\/\",\"name\":\"Un referendum per liberare il Veneto da Roma * di Paolo Bampo - Bellunopress - Dolomiti\",\"isPartOf\":{\"@id\":\"https:\\\/\\\/www.bellunopress.it\\\/#website\"},\"primaryImageOfPage\":{\"@id\":\"https:\\\/\\\/www.bellunopress.it\\\/2012\\\/11\\\/26\\\/un-referendum-per-liberare-il-veneto-da-roma-di-paolo-bampo\\\/#primaryimage\"},\"image\":{\"@id\":\"https:\\\/\\\/www.bellunopress.it\\\/2012\\\/11\\\/26\\\/un-referendum-per-liberare-il-veneto-da-roma-di-paolo-bampo\\\/#primaryimage\"},\"thumbnailUrl\":\"http:\\\/\\\/www.bellunopress.it\\\/wp-content\\\/uploads\\\/2010\\\/01\\\/paolo-bampo.jpg\",\"datePublished\":\"2012-11-26T14:59:04+00:00\",\"breadcrumb\":{\"@id\":\"https:\\\/\\\/www.bellunopress.it\\\/2012\\\/11\\\/26\\\/un-referendum-per-liberare-il-veneto-da-roma-di-paolo-bampo\\\/#breadcrumb\"},\"inLanguage\":\"fr-FR\",\"potentialAction\":[{\"@type\":\"ReadAction\",\"target\":[\"https:\\\/\\\/www.bellunopress.it\\\/2012\\\/11\\\/26\\\/un-referendum-per-liberare-il-veneto-da-roma-di-paolo-bampo\\\/\"]}]},{\"@type\":\"ImageObject\",\"inLanguage\":\"fr-FR\",\"@id\":\"https:\\\/\\\/www.bellunopress.it\\\/2012\\\/11\\\/26\\\/un-referendum-per-liberare-il-veneto-da-roma-di-paolo-bampo\\\/#primaryimage\",\"url\":\"http:\\\/\\\/www.bellunopress.it\\\/wp-content\\\/uploads\\\/2010\\\/01\\\/paolo-bampo.jpg\",\"contentUrl\":\"http:\\\/\\\/www.bellunopress.it\\\/wp-content\\\/uploads\\\/2010\\\/01\\\/paolo-bampo.jpg\"},{\"@type\":\"BreadcrumbList\",\"@id\":\"https:\\\/\\\/www.bellunopress.it\\\/2012\\\/11\\\/26\\\/un-referendum-per-liberare-il-veneto-da-roma-di-paolo-bampo\\\/#breadcrumb\",\"itemListElement\":[{\"@type\":\"ListItem\",\"position\":1,\"name\":\"Home\",\"item\":\"https:\\\/\\\/www.bellunopress.it\\\/\"},{\"@type\":\"ListItem\",\"position\":2,\"name\":\"Un referendum per liberare il Veneto da Roma * di Paolo Bampo\"}]},{\"@type\":\"WebSite\",\"@id\":\"https:\\\/\\\/www.bellunopress.it\\\/#website\",\"url\":\"https:\\\/\\\/www.bellunopress.it\\\/\",\"name\":\"Bellunopress - Dolomiti\",\"description\":\"e-mail: redazione@bellunopress.it\",\"publisher\":{\"@id\":\"https:\\\/\\\/www.bellunopress.it\\\/#organization\"},\"potentialAction\":[{\"@type\":\"SearchAction\",\"target\":{\"@type\":\"EntryPoint\",\"urlTemplate\":\"https:\\\/\\\/www.bellunopress.it\\\/?s={search_term_string}\"},\"query-input\":{\"@type\":\"PropertyValueSpecification\",\"valueRequired\":true,\"valueName\":\"search_term_string\"}}],\"inLanguage\":\"fr-FR\"},{\"@type\":\"Organization\",\"@id\":\"https:\\\/\\\/www.bellunopress.it\\\/#organization\",\"name\":\"Bellunopress\",\"url\":\"https:\\\/\\\/www.bellunopress.it\\\/\",\"logo\":{\"@type\":\"ImageObject\",\"inLanguage\":\"fr-FR\",\"@id\":\"https:\\\/\\\/www.bellunopress.it\\\/#\\\/schema\\\/logo\\\/image\\\/\",\"url\":\"https:\\\/\\\/www.bellunopress.it\\\/wp-content\\\/uploads\\\/2011\\\/05\\\/cropped-logo-bellunopress-.jpg\",\"contentUrl\":\"https:\\\/\\\/www.bellunopress.it\\\/wp-content\\\/uploads\\\/2011\\\/05\\\/cropped-logo-bellunopress-.jpg\",\"width\":512,\"height\":512,\"caption\":\"Bellunopress\"},\"image\":{\"@id\":\"https:\\\/\\\/www.bellunopress.it\\\/#\\\/schema\\\/logo\\\/image\\\/\"},\"sameAs\":[\"https:\\\/\\\/www.facebook.com\\\/profile.php?id=100008943462799\",\"https:\\\/\\\/x.com\\\/bellunopress\",\"https:\\\/\\\/www.linkedin.com\\\/hp\\\/?dnr=JBzUWaJfMUw8vbXJJ2tVW5-I3jZKvC4wsoxE&amp;amp;amp;amp;amp;amp;trk=nav_responsive_tab_home\",\"https:\\\/\\\/www.youtube.com\\\/channel\\\/UCxL0wu1uN0_3_7hGG0306cw\"]},{\"@type\":\"Person\",\"@id\":\"https:\\\/\\\/www.bellunopress.it\\\/#\\\/schema\\\/person\\\/79bb06722b37ece1c03d3e94beb30d73\",\"name\":\"redazione\",\"image\":{\"@type\":\"ImageObject\",\"inLanguage\":\"fr-FR\",\"@id\":\"https:\\\/\\\/secure.gravatar.com\\\/avatar\\\/37d968a2e67a6fd04c169c4bdef102d0bc5d31b2546345219e348575eb80e9a0?s=96&d=mm&r=g\",\"url\":\"https:\\\/\\\/secure.gravatar.com\\\/avatar\\\/37d968a2e67a6fd04c169c4bdef102d0bc5d31b2546345219e348575eb80e9a0?s=96&d=mm&r=g\",\"contentUrl\":\"https:\\\/\\\/secure.gravatar.com\\\/avatar\\\/37d968a2e67a6fd04c169c4bdef102d0bc5d31b2546345219e348575eb80e9a0?s=96&d=mm&r=g\",\"caption\":\"redazione\"},\"sameAs\":[\"http:\\\/\\\/www.bellunopress.it\",\"https:\\\/\\\/x.com\\\/bellunopress\"],\"url\":\"https:\\\/\\\/www.bellunopress.it\\\/fr\\\/author\\\/redazione\\\/\"}]}<\/script>\n<!-- \/ Yoast SEO plugin. -->","yoast_head_json":{"title":"Un referendum per liberare il Veneto da Roma * di Paolo Bampo - Bellunopress - Dolomiti","robots":{"index":"index","follow":"follow","max-snippet":"max-snippet:-1","max-image-preview":"max-image-preview:large","max-video-preview":"max-video-preview:-1"},"canonical":"https:\/\/www.bellunopress.it\/fr\/2012\/11\/26\/un-referendum-per-liberare-il-veneto-da-roma-di-paolo-bampo\/","og_locale":"fr_FR","og_type":"article","og_title":"Un referendum per liberare il Veneto da Roma * di Paolo Bampo - Bellunopress - Dolomiti","og_description":"Il ghiaccio \u00e8 rotto! E\u2019 stata molto chiara e positiva la risposta del pubblico al richiamo delle tesi presentate durante il primo incontro bellunese con i vertici dell\u2019indipendentismo veneto avv.Azzano Cantarutti, avv.Morosin e prof.Pizzati. I relatori, invitati dal PAB (Provincia Autonoma Belluno), hanno sottolineato i vantaggi dell\u2019indipendenza per il popolo veneto e per la sua [&hellip;]","og_url":"https:\/\/www.bellunopress.it\/fr\/2012\/11\/26\/un-referendum-per-liberare-il-veneto-da-roma-di-paolo-bampo\/","og_site_name":"Bellunopress - Dolomiti","article_publisher":"https:\/\/www.facebook.com\/profile.php?id=100008943462799","article_published_time":"2012-11-26T14:59:04+00:00","og_image":[{"url":"http:\/\/www.bellunopress.it\/wp-content\/uploads\/2010\/01\/paolo-bampo.jpg","type":"","width":"","height":""}],"author":"redazione","twitter_card":"summary_large_image","twitter_creator":"@bellunopress","twitter_site":"@bellunopress","twitter_misc":{"\u00c9crit par":"redazione","Dur\u00e9e de lecture estim\u00e9e":"2 minutes"},"schema":{"@context":"https:\/\/schema.org","@graph":[{"@type":"Article","@id":"https:\/\/www.bellunopress.it\/2012\/11\/26\/un-referendum-per-liberare-il-veneto-da-roma-di-paolo-bampo\/#article","isPartOf":{"@id":"https:\/\/www.bellunopress.it\/2012\/11\/26\/un-referendum-per-liberare-il-veneto-da-roma-di-paolo-bampo\/"},"author":{"name":"redazione","@id":"https:\/\/www.bellunopress.it\/#\/schema\/person\/79bb06722b37ece1c03d3e94beb30d73"},"headline":"Un referendum per liberare il Veneto da Roma * di Paolo Bampo","datePublished":"2012-11-26T14:59:04+00:00","mainEntityOfPage":{"@id":"https:\/\/www.bellunopress.it\/2012\/11\/26\/un-referendum-per-liberare-il-veneto-da-roma-di-paolo-bampo\/"},"wordCount":328,"publisher":{"@id":"https:\/\/www.bellunopress.it\/#organization"},"image":{"@id":"https:\/\/www.bellunopress.it\/2012\/11\/26\/un-referendum-per-liberare-il-veneto-da-roma-di-paolo-bampo\/#primaryimage"},"thumbnailUrl":"http:\/\/www.bellunopress.it\/wp-content\/uploads\/2010\/01\/paolo-bampo.jpg","articleSection":["Cronaca\/Politica","Prima Pagina"],"inLanguage":"fr-FR"},{"@type":"WebPage","@id":"https:\/\/www.bellunopress.it\/2012\/11\/26\/un-referendum-per-liberare-il-veneto-da-roma-di-paolo-bampo\/","url":"https:\/\/www.bellunopress.it\/2012\/11\/26\/un-referendum-per-liberare-il-veneto-da-roma-di-paolo-bampo\/","name":"Un referendum per liberare il Veneto da Roma * di Paolo Bampo - Bellunopress - Dolomiti","isPartOf":{"@id":"https:\/\/www.bellunopress.it\/#website"},"primaryImageOfPage":{"@id":"https:\/\/www.bellunopress.it\/2012\/11\/26\/un-referendum-per-liberare-il-veneto-da-roma-di-paolo-bampo\/#primaryimage"},"image":{"@id":"https:\/\/www.bellunopress.it\/2012\/11\/26\/un-referendum-per-liberare-il-veneto-da-roma-di-paolo-bampo\/#primaryimage"},"thumbnailUrl":"http:\/\/www.bellunopress.it\/wp-content\/uploads\/2010\/01\/paolo-bampo.jpg","datePublished":"2012-11-26T14:59:04+00:00","breadcrumb":{"@id":"https:\/\/www.bellunopress.it\/2012\/11\/26\/un-referendum-per-liberare-il-veneto-da-roma-di-paolo-bampo\/#breadcrumb"},"inLanguage":"fr-FR","potentialAction":[{"@type":"ReadAction","target":["https:\/\/www.bellunopress.it\/2012\/11\/26\/un-referendum-per-liberare-il-veneto-da-roma-di-paolo-bampo\/"]}]},{"@type":"ImageObject","inLanguage":"fr-FR","@id":"https:\/\/www.bellunopress.it\/2012\/11\/26\/un-referendum-per-liberare-il-veneto-da-roma-di-paolo-bampo\/#primaryimage","url":"http:\/\/www.bellunopress.it\/wp-content\/uploads\/2010\/01\/paolo-bampo.jpg","contentUrl":"http:\/\/www.bellunopress.it\/wp-content\/uploads\/2010\/01\/paolo-bampo.jpg"},{"@type":"BreadcrumbList","@id":"https:\/\/www.bellunopress.it\/2012\/11\/26\/un-referendum-per-liberare-il-veneto-da-roma-di-paolo-bampo\/#breadcrumb","itemListElement":[{"@type":"ListItem","position":1,"name":"Home","item":"https:\/\/www.bellunopress.it\/"},{"@type":"ListItem","position":2,"name":"Un referendum per liberare il Veneto da Roma * di Paolo Bampo"}]},{"@type":"WebSite","@id":"https:\/\/www.bellunopress.it\/#website","url":"https:\/\/www.bellunopress.it\/","name":"Bellunopress - Dolomiti","description":"e-mail: redazione@bellunopress.it","publisher":{"@id":"https:\/\/www.bellunopress.it\/#organization"},"potentialAction":[{"@type":"SearchAction","target":{"@type":"EntryPoint","urlTemplate":"https:\/\/www.bellunopress.it\/?s={search_term_string}"},"query-input":{"@type":"PropertyValueSpecification","valueRequired":true,"valueName":"search_term_string"}}],"inLanguage":"fr-FR"},{"@type":"Organization","@id":"https:\/\/www.bellunopress.it\/#organization","name":"Bellunopress","url":"https:\/\/www.bellunopress.it\/","logo":{"@type":"ImageObject","inLanguage":"fr-FR","@id":"https:\/\/www.bellunopress.it\/#\/schema\/logo\/image\/","url":"https:\/\/www.bellunopress.it\/wp-content\/uploads\/2011\/05\/cropped-logo-bellunopress-.jpg","contentUrl":"https:\/\/www.bellunopress.it\/wp-content\/uploads\/2011\/05\/cropped-logo-bellunopress-.jpg","width":512,"height":512,"caption":"Bellunopress"},"image":{"@id":"https:\/\/www.bellunopress.it\/#\/schema\/logo\/image\/"},"sameAs":["https:\/\/www.facebook.com\/profile.php?id=100008943462799","https:\/\/x.com\/bellunopress","https:\/\/www.linkedin.com\/hp\/?dnr=JBzUWaJfMUw8vbXJJ2tVW5-I3jZKvC4wsoxE&amp;amp;amp;amp;amp;amp;trk=nav_responsive_tab_home","https:\/\/www.youtube.com\/channel\/UCxL0wu1uN0_3_7hGG0306cw"]},{"@type":"Person","@id":"https:\/\/www.bellunopress.it\/#\/schema\/person\/79bb06722b37ece1c03d3e94beb30d73","name":"r\u00e9daction","image":{"@type":"ImageObject","inLanguage":"fr-FR","@id":"https:\/\/secure.gravatar.com\/avatar\/37d968a2e67a6fd04c169c4bdef102d0bc5d31b2546345219e348575eb80e9a0?s=96&d=mm&r=g","url":"https:\/\/secure.gravatar.com\/avatar\/37d968a2e67a6fd04c169c4bdef102d0bc5d31b2546345219e348575eb80e9a0?s=96&d=mm&r=g","contentUrl":"https:\/\/secure.gravatar.com\/avatar\/37d968a2e67a6fd04c169c4bdef102d0bc5d31b2546345219e348575eb80e9a0?s=96&d=mm&r=g","caption":"redazione"},"sameAs":["http:\/\/www.bellunopress.it","https:\/\/x.com\/bellunopress"],"url":"https:\/\/www.bellunopress.it\/fr\/author\/redazione\/"}]}},"_links":{"self":[{"href":"https:\/\/www.bellunopress.it\/fr\/wp-json\/wp\/v2\/posts\/44224","targetHints":{"allow":["GET"]}}],"collection":[{"href":"https:\/\/www.bellunopress.it\/fr\/wp-json\/wp\/v2\/posts"}],"about":[{"href":"https:\/\/www.bellunopress.it\/fr\/wp-json\/wp\/v2\/types\/post"}],"author":[{"embeddable":true,"href":"https:\/\/www.bellunopress.it\/fr\/wp-json\/wp\/v2\/users\/2"}],"replies":[{"embeddable":true,"href":"https:\/\/www.bellunopress.it\/fr\/wp-json\/wp\/v2\/comments?post=44224"}],"version-history":[{"count":1,"href":"https:\/\/www.bellunopress.it\/fr\/wp-json\/wp\/v2\/posts\/44224\/revisions"}],"predecessor-version":[{"id":44225,"href":"https:\/\/www.bellunopress.it\/fr\/wp-json\/wp\/v2\/posts\/44224\/revisions\/44225"}],"wp:attachment":[{"href":"https:\/\/www.bellunopress.it\/fr\/wp-json\/wp\/v2\/media?parent=44224"}],"wp:term":[{"taxonomy":"category","embeddable":true,"href":"https:\/\/www.bellunopress.it\/fr\/wp-json\/wp\/v2\/categories?post=44224"},{"taxonomy":"post_tag","embeddable":true,"href":"https:\/\/www.bellunopress.it\/fr\/wp-json\/wp\/v2\/tags?post=44224"}],"curies":[{"name":"wp","href":"https:\/\/api.w.org\/{rel}","templated":true}]}}