{"id":4422,"date":"2009-06-04T15:36:41","date_gmt":"2009-06-04T14:36:41","guid":{"rendered":"http:\/\/www.bellunopress.it\/?p=4422"},"modified":"2009-06-04T15:36:41","modified_gmt":"2009-06-04T14:36:41","slug":"master-class-%e2%80%9cteoria-e-prassi-della-musica-nel-film%e2%80%9d-con-docente-il-maestro-manuel-de-sica","status":"publish","type":"post","link":"https:\/\/www.bellunopress.it\/fr\/2009\/06\/04\/master-class-%e2%80%9cteoria-e-prassi-della-musica-nel-film%e2%80%9d-con-docente-il-maestro-manuel-de-sica\/","title":{"rendered":"Master Class \u201cTeoria e prassi della Musica nel Film\u201d con docente il maestro Manuel De Sica"},"content":{"rendered":"<p>\u00a0<br \/>\nDal 23 luglio al 3 agosto 2009 a Belluno, l\u2019istituto \u201cT. Catullo\u201d sar\u00e0 la sede di uno stage sulle tecniche di composizione di colonne sonore tenuto dal M\u00b0 Manuel De Sica. Co-docenti prof. Massimo Ferigutti , dott. Nello Boccia prof.ssa Marina Penzo.\u00a0 irezione didattica del corso: prof. Massimo Ferigutti. Il corso, organizzato dal Centro Studi e Ricerche FormArte in collaborazione con il Conservatorio di Vicenza, la Regione Veneto, il Comune di Belluno e l\u2019Associazione Lidia \u00e8 finalizzato alla sperimentazione e l&#8217;elaborazione di nuove modalit\u00e0 didattiche e tecnologiche applicate alle materie dello spettacolo &#8211; \u00e8 rivolto a tutti quei musicisti che desiderino affacciarsi all&#8217;affascinante professione di compositore per il mondo delle immagini, ma anche a quei professionisti o aspiranti filmakers che vogliano guadagnare una prospettiva pi\u00f9 completa sulla realizzazione di un&#8217;opera filmica. E&#8217; un&#8217;opportunit\u00e0 unica in Italia, riconosciuta dal MIUR (Ministero dell\u2019Istruzione, Universit\u00e0 e Ricerca) dall&#8217;AFAM (Alta Formazione Artistica e Musicale) con il supporto di Steinberg &#8211;\u00a0 MidiWare Educational Italia, gli studenti avranno a disposizione, per le esercitazioni e la verifica di quanto appreso, un laboratorio di informatica musicale. A coloro che avranno la fortuna di iscriversi &#8211; gli stage sono a numero chiuso &#8211; sar\u00e0 offerta l&#8217;opportunit\u00e0 di acquisire preziose competenze, utili per le attivit\u00e0 professionali. Sono previste 5 borse di studio gratuite, per gli studenti pi\u00f9 meritevoli, degli Istituti Secondari di II grado nella provincia di Belluno, segnalati dai Dirigenti Scolastici.<\/p>\n<p>Manuel De Sica \u00e8 nato a Roma il 24 febbraio 1949. Ha frequentato i corsi di teoria al\u00a0 Conservatorio di S. Cecilia e studiato con Bruno Maderna. Le sue prime composizioni da camera sono state pubblicate dalla Casa Ricordi dietro interessamento del\u00a0 M\u00b0 Renzo Rossellini, direttore artistico dell\u2019Orchestra di Montecarlo. Le sue musiche sono state eseguite da artisti quali Vladimir Ashkenazy, Lynn Harrell, Aldo Ceccato, le sue canzoni da Ella Fitzgerald, Tony Bennett, Dee Dee Bridgewater.<br \/>\nAutore di musica sinfonica e da camera, \u00e8 pi\u00f9 conosciuto al grande pubblico per le oltre cento colonne sonore composte per il cinema e la televisione dal 1969 ad oggi.<br \/>\nDocente di musica applicata presso il Centro Studi e Ricerche FormArte, Manuel De Sica \u00e8 presidente dell\u2019Associazione Amici di Vittorio De Sica per il restauro delle opere paterne, curatore di pubblicazioni su ciascun film restaurato e fondatore dell\u2019Associazione Musica Retrovata per il recupero di opere musicali inedite o sconosciute.<br \/>\nHa ricevuto una nomination all\u2019Oscar nel 1971 per Il Giardino dei Finzi Contini di Vittorio De Sica, il Globo d\u2019Oro della Stampa Estera 1989 per Ladri di Saponette di Maurizio Nichetti, il Nastro d\u2019Argento 1992 per Al Lupo Al Lupo di Carlo Verdone e il David di Donatello 1996 per la colonna sonora di Celluloide di Carlo Lizzani.<\/p>\n<p>Per informazioni ed iscrizioni consultare il sito: <a href=\"http:\/\/www.formarte.it\/\">http:\/\/www.formarte.it\/<\/a><br \/>\nPer informazioni sulla didattica dei corsi telefonare al numero: 347-7357959<\/p>","protected":false},"excerpt":{"rendered":"<p>\u00a0 Dal 23 luglio al 3 agosto 2009 a Belluno, l\u2019istituto \u201cT. Catullo\u201d sar\u00e0 la sede di uno stage sulle tecniche di composizione di colonne sonore tenuto dal M\u00b0 Manuel De Sica. Co-docenti prof. Massimo Ferigutti , dott. Nello Boccia prof.ssa Marina Penzo.\u00a0 irezione didattica del corso: prof. Massimo Ferigutti. Il corso, organizzato dal Centro [&hellip;]<\/p>\n","protected":false},"author":2,"featured_media":0,"comment_status":"closed","ping_status":"open","sticky":false,"template":"","format":"standard","meta":{"footnotes":""},"categories":[3,25],"tags":[139],"class_list":["post-4422","post","type-post","status-publish","format-standard","category-arte-cultura-spettacoli-scienza-archivi","category-pausa-caffe","tag-belluno"],"yoast_head":"<!-- This site is optimized with the Yoast SEO plugin v28.4 - https:\/\/yoast.com\/product\/yoast-seo-wordpress\/ -->\n<title>Master Class \u201cTeoria e prassi della Musica nel Film\u201d con docente il maestro Manuel De Sica - Bellunopress - Dolomiti<\/title>\n<meta name=\"robots\" content=\"index, follow, max-snippet:-1, max-image-preview:large, max-video-preview:-1\" \/>\n<link rel=\"canonical\" href=\"https:\/\/www.bellunopress.it\/fr\/2009\/06\/04\/master-class-\u201cteoria-e-prassi-della-musica-nel-film\u201d-con-docente-il-maestro-manuel-de-sica\/\" \/>\n<meta property=\"og:locale\" content=\"fr_FR\" \/>\n<meta property=\"og:type\" content=\"article\" \/>\n<meta property=\"og:title\" content=\"Master Class \u201cTeoria e prassi della Musica nel Film\u201d con docente il maestro Manuel De Sica - Bellunopress - Dolomiti\" \/>\n<meta property=\"og:description\" content=\"\u00a0 Dal 23 luglio al 3 agosto 2009 a Belluno, l\u2019istituto \u201cT. Catullo\u201d sar\u00e0 la sede di uno stage sulle tecniche di composizione di colonne sonore tenuto dal M\u00b0 Manuel De Sica. Co-docenti prof. Massimo Ferigutti , dott. Nello Boccia prof.ssa Marina Penzo.\u00a0 irezione didattica del corso: prof. Massimo Ferigutti. Il corso, organizzato dal Centro [&hellip;]\" \/>\n<meta property=\"og:url\" content=\"https:\/\/www.bellunopress.it\/fr\/2009\/06\/04\/master-class-\u201cteoria-e-prassi-della-musica-nel-film\u201d-con-docente-il-maestro-manuel-de-sica\/\" \/>\n<meta property=\"og:site_name\" content=\"Bellunopress - Dolomiti\" \/>\n<meta property=\"article:publisher\" content=\"https:\/\/www.facebook.com\/profile.php?id=100008943462799\" \/>\n<meta property=\"article:published_time\" content=\"2009-06-04T14:36:41+00:00\" \/>\n<meta property=\"og:image\" content=\"http:\/\/www.bellunopress.it\/wp-content\/uploads\/2012\/07\/logo-bellunopress-250x250-2012.jpg\" \/>\n<meta name=\"author\" content=\"redazione\" \/>\n<meta name=\"twitter:card\" content=\"summary_large_image\" \/>\n<meta name=\"twitter:creator\" content=\"@bellunopress\" \/>\n<meta name=\"twitter:site\" content=\"@bellunopress\" \/>\n<meta name=\"twitter:label1\" content=\"\u00c9crit par\" \/>\n\t<meta name=\"twitter:data1\" content=\"redazione\" \/>\n\t<meta name=\"twitter:label2\" content=\"Dur\u00e9e de lecture estim\u00e9e\" \/>\n\t<meta name=\"twitter:data2\" content=\"2 minutes\" \/>\n<script type=\"application\/ld+json\" class=\"yoast-schema-graph\">{\"@context\":\"https:\\\/\\\/schema.org\",\"@graph\":[{\"@type\":\"Article\",\"@id\":\"https:\\\/\\\/www.bellunopress.it\\\/2009\\\/06\\\/04\\\/master-class-%e2%80%9cteoria-e-prassi-della-musica-nel-film%e2%80%9d-con-docente-il-maestro-manuel-de-sica\\\/#article\",\"isPartOf\":{\"@id\":\"https:\\\/\\\/www.bellunopress.it\\\/2009\\\/06\\\/04\\\/master-class-%e2%80%9cteoria-e-prassi-della-musica-nel-film%e2%80%9d-con-docente-il-maestro-manuel-de-sica\\\/\"},\"author\":{\"name\":\"redazione\",\"@id\":\"https:\\\/\\\/www.bellunopress.it\\\/#\\\/schema\\\/person\\\/79bb06722b37ece1c03d3e94beb30d73\"},\"headline\":\"Master Class \u201cTeoria e prassi della Musica nel Film\u201d con docente il maestro Manuel De Sica\",\"datePublished\":\"2009-06-04T14:36:41+00:00\",\"mainEntityOfPage\":{\"@id\":\"https:\\\/\\\/www.bellunopress.it\\\/2009\\\/06\\\/04\\\/master-class-%e2%80%9cteoria-e-prassi-della-musica-nel-film%e2%80%9d-con-docente-il-maestro-manuel-de-sica\\\/\"},\"wordCount\":481,\"publisher\":{\"@id\":\"https:\\\/\\\/www.bellunopress.it\\\/#organization\"},\"keywords\":[\"Belluno\"],\"articleSection\":[\"Arte, Cultura, Spettacoli, Scienza\",\"Pausa Caff\u00e8\"],\"inLanguage\":\"fr-FR\"},{\"@type\":\"WebPage\",\"@id\":\"https:\\\/\\\/www.bellunopress.it\\\/2009\\\/06\\\/04\\\/master-class-%e2%80%9cteoria-e-prassi-della-musica-nel-film%e2%80%9d-con-docente-il-maestro-manuel-de-sica\\\/\",\"url\":\"https:\\\/\\\/www.bellunopress.it\\\/2009\\\/06\\\/04\\\/master-class-%e2%80%9cteoria-e-prassi-della-musica-nel-film%e2%80%9d-con-docente-il-maestro-manuel-de-sica\\\/\",\"name\":\"Master Class \u201cTeoria e prassi della Musica nel Film\u201d con docente il maestro Manuel De Sica - Bellunopress - Dolomiti\",\"isPartOf\":{\"@id\":\"https:\\\/\\\/www.bellunopress.it\\\/#website\"},\"datePublished\":\"2009-06-04T14:36:41+00:00\",\"breadcrumb\":{\"@id\":\"https:\\\/\\\/www.bellunopress.it\\\/2009\\\/06\\\/04\\\/master-class-%e2%80%9cteoria-e-prassi-della-musica-nel-film%e2%80%9d-con-docente-il-maestro-manuel-de-sica\\\/#breadcrumb\"},\"inLanguage\":\"fr-FR\",\"potentialAction\":[{\"@type\":\"ReadAction\",\"target\":[\"https:\\\/\\\/www.bellunopress.it\\\/2009\\\/06\\\/04\\\/master-class-%e2%80%9cteoria-e-prassi-della-musica-nel-film%e2%80%9d-con-docente-il-maestro-manuel-de-sica\\\/\"]}]},{\"@type\":\"BreadcrumbList\",\"@id\":\"https:\\\/\\\/www.bellunopress.it\\\/2009\\\/06\\\/04\\\/master-class-%e2%80%9cteoria-e-prassi-della-musica-nel-film%e2%80%9d-con-docente-il-maestro-manuel-de-sica\\\/#breadcrumb\",\"itemListElement\":[{\"@type\":\"ListItem\",\"position\":1,\"name\":\"Home\",\"item\":\"https:\\\/\\\/www.bellunopress.it\\\/\"},{\"@type\":\"ListItem\",\"position\":2,\"name\":\"Master Class \u201cTeoria e prassi della Musica nel Film\u201d con docente il maestro Manuel De Sica\"}]},{\"@type\":\"WebSite\",\"@id\":\"https:\\\/\\\/www.bellunopress.it\\\/#website\",\"url\":\"https:\\\/\\\/www.bellunopress.it\\\/\",\"name\":\"Bellunopress - Dolomiti\",\"description\":\"e-mail: redazione@bellunopress.it\",\"publisher\":{\"@id\":\"https:\\\/\\\/www.bellunopress.it\\\/#organization\"},\"potentialAction\":[{\"@type\":\"SearchAction\",\"target\":{\"@type\":\"EntryPoint\",\"urlTemplate\":\"https:\\\/\\\/www.bellunopress.it\\\/?s={search_term_string}\"},\"query-input\":{\"@type\":\"PropertyValueSpecification\",\"valueRequired\":true,\"valueName\":\"search_term_string\"}}],\"inLanguage\":\"fr-FR\"},{\"@type\":\"Organization\",\"@id\":\"https:\\\/\\\/www.bellunopress.it\\\/#organization\",\"name\":\"Bellunopress\",\"url\":\"https:\\\/\\\/www.bellunopress.it\\\/\",\"logo\":{\"@type\":\"ImageObject\",\"inLanguage\":\"fr-FR\",\"@id\":\"https:\\\/\\\/www.bellunopress.it\\\/#\\\/schema\\\/logo\\\/image\\\/\",\"url\":\"https:\\\/\\\/www.bellunopress.it\\\/wp-content\\\/uploads\\\/2011\\\/05\\\/cropped-logo-bellunopress-.jpg\",\"contentUrl\":\"https:\\\/\\\/www.bellunopress.it\\\/wp-content\\\/uploads\\\/2011\\\/05\\\/cropped-logo-bellunopress-.jpg\",\"width\":512,\"height\":512,\"caption\":\"Bellunopress\"},\"image\":{\"@id\":\"https:\\\/\\\/www.bellunopress.it\\\/#\\\/schema\\\/logo\\\/image\\\/\"},\"sameAs\":[\"https:\\\/\\\/www.facebook.com\\\/profile.php?id=100008943462799\",\"https:\\\/\\\/x.com\\\/bellunopress\",\"https:\\\/\\\/www.linkedin.com\\\/hp\\\/?dnr=JBzUWaJfMUw8vbXJJ2tVW5-I3jZKvC4wsoxE&amp;amp;amp;amp;amp;amp;trk=nav_responsive_tab_home\",\"https:\\\/\\\/www.youtube.com\\\/channel\\\/UCxL0wu1uN0_3_7hGG0306cw\"]},{\"@type\":\"Person\",\"@id\":\"https:\\\/\\\/www.bellunopress.it\\\/#\\\/schema\\\/person\\\/79bb06722b37ece1c03d3e94beb30d73\",\"name\":\"redazione\",\"image\":{\"@type\":\"ImageObject\",\"inLanguage\":\"fr-FR\",\"@id\":\"https:\\\/\\\/secure.gravatar.com\\\/avatar\\\/37d968a2e67a6fd04c169c4bdef102d0bc5d31b2546345219e348575eb80e9a0?s=96&d=mm&r=g\",\"url\":\"https:\\\/\\\/secure.gravatar.com\\\/avatar\\\/37d968a2e67a6fd04c169c4bdef102d0bc5d31b2546345219e348575eb80e9a0?s=96&d=mm&r=g\",\"contentUrl\":\"https:\\\/\\\/secure.gravatar.com\\\/avatar\\\/37d968a2e67a6fd04c169c4bdef102d0bc5d31b2546345219e348575eb80e9a0?s=96&d=mm&r=g\",\"caption\":\"redazione\"},\"sameAs\":[\"http:\\\/\\\/www.bellunopress.it\",\"https:\\\/\\\/x.com\\\/bellunopress\"],\"url\":\"https:\\\/\\\/www.bellunopress.it\\\/fr\\\/author\\\/redazione\\\/\"}]}<\/script>\n<!-- \/ Yoast SEO plugin. -->","yoast_head_json":{"title":"Master Class \u201cTeoria e prassi della Musica nel Film\u201d con docente il maestro Manuel De Sica - Bellunopress - Dolomiti","robots":{"index":"index","follow":"follow","max-snippet":"max-snippet:-1","max-image-preview":"max-image-preview:large","max-video-preview":"max-video-preview:-1"},"canonical":"https:\/\/www.bellunopress.it\/fr\/2009\/06\/04\/master-class-\u201cteoria-e-prassi-della-musica-nel-film\u201d-con-docente-il-maestro-manuel-de-sica\/","og_locale":"fr_FR","og_type":"article","og_title":"Master Class \u201cTeoria e prassi della Musica nel Film\u201d con docente il maestro Manuel De Sica - Bellunopress - Dolomiti","og_description":"\u00a0 Dal 23 luglio al 3 agosto 2009 a Belluno, l\u2019istituto \u201cT. Catullo\u201d sar\u00e0 la sede di uno stage sulle tecniche di composizione di colonne sonore tenuto dal M\u00b0 Manuel De Sica. Co-docenti prof. Massimo Ferigutti , dott. Nello Boccia prof.ssa Marina Penzo.\u00a0 irezione didattica del corso: prof. Massimo Ferigutti. Il corso, organizzato dal Centro [&hellip;]","og_url":"https:\/\/www.bellunopress.it\/fr\/2009\/06\/04\/master-class-\u201cteoria-e-prassi-della-musica-nel-film\u201d-con-docente-il-maestro-manuel-de-sica\/","og_site_name":"Bellunopress - Dolomiti","article_publisher":"https:\/\/www.facebook.com\/profile.php?id=100008943462799","article_published_time":"2009-06-04T14:36:41+00:00","og_image":[{"url":"http:\/\/www.bellunopress.it\/wp-content\/uploads\/2012\/07\/logo-bellunopress-250x250-2012.jpg","type":"","width":"","height":""}],"author":"redazione","twitter_card":"summary_large_image","twitter_creator":"@bellunopress","twitter_site":"@bellunopress","twitter_misc":{"\u00c9crit par":"redazione","Dur\u00e9e de lecture estim\u00e9e":"2 minutes"},"schema":{"@context":"https:\/\/schema.org","@graph":[{"@type":"Article","@id":"https:\/\/www.bellunopress.it\/2009\/06\/04\/master-class-%e2%80%9cteoria-e-prassi-della-musica-nel-film%e2%80%9d-con-docente-il-maestro-manuel-de-sica\/#article","isPartOf":{"@id":"https:\/\/www.bellunopress.it\/2009\/06\/04\/master-class-%e2%80%9cteoria-e-prassi-della-musica-nel-film%e2%80%9d-con-docente-il-maestro-manuel-de-sica\/"},"author":{"name":"redazione","@id":"https:\/\/www.bellunopress.it\/#\/schema\/person\/79bb06722b37ece1c03d3e94beb30d73"},"headline":"Master Class \u201cTeoria e prassi della Musica nel Film\u201d con docente il maestro Manuel De Sica","datePublished":"2009-06-04T14:36:41+00:00","mainEntityOfPage":{"@id":"https:\/\/www.bellunopress.it\/2009\/06\/04\/master-class-%e2%80%9cteoria-e-prassi-della-musica-nel-film%e2%80%9d-con-docente-il-maestro-manuel-de-sica\/"},"wordCount":481,"publisher":{"@id":"https:\/\/www.bellunopress.it\/#organization"},"keywords":["Belluno"],"articleSection":["Arte, Cultura, Spettacoli, Scienza","Pausa Caff\u00e8"],"inLanguage":"fr-FR"},{"@type":"WebPage","@id":"https:\/\/www.bellunopress.it\/2009\/06\/04\/master-class-%e2%80%9cteoria-e-prassi-della-musica-nel-film%e2%80%9d-con-docente-il-maestro-manuel-de-sica\/","url":"https:\/\/www.bellunopress.it\/2009\/06\/04\/master-class-%e2%80%9cteoria-e-prassi-della-musica-nel-film%e2%80%9d-con-docente-il-maestro-manuel-de-sica\/","name":"Master Class \u201cTeoria e prassi della Musica nel Film\u201d con docente il maestro Manuel De Sica - Bellunopress - Dolomiti","isPartOf":{"@id":"https:\/\/www.bellunopress.it\/#website"},"datePublished":"2009-06-04T14:36:41+00:00","breadcrumb":{"@id":"https:\/\/www.bellunopress.it\/2009\/06\/04\/master-class-%e2%80%9cteoria-e-prassi-della-musica-nel-film%e2%80%9d-con-docente-il-maestro-manuel-de-sica\/#breadcrumb"},"inLanguage":"fr-FR","potentialAction":[{"@type":"ReadAction","target":["https:\/\/www.bellunopress.it\/2009\/06\/04\/master-class-%e2%80%9cteoria-e-prassi-della-musica-nel-film%e2%80%9d-con-docente-il-maestro-manuel-de-sica\/"]}]},{"@type":"BreadcrumbList","@id":"https:\/\/www.bellunopress.it\/2009\/06\/04\/master-class-%e2%80%9cteoria-e-prassi-della-musica-nel-film%e2%80%9d-con-docente-il-maestro-manuel-de-sica\/#breadcrumb","itemListElement":[{"@type":"ListItem","position":1,"name":"Home","item":"https:\/\/www.bellunopress.it\/"},{"@type":"ListItem","position":2,"name":"Master Class \u201cTeoria e prassi della Musica nel Film\u201d con docente il maestro Manuel De Sica"}]},{"@type":"WebSite","@id":"https:\/\/www.bellunopress.it\/#website","url":"https:\/\/www.bellunopress.it\/","name":"Bellunopress - Dolomiti","description":"e-mail: redazione@bellunopress.it","publisher":{"@id":"https:\/\/www.bellunopress.it\/#organization"},"potentialAction":[{"@type":"SearchAction","target":{"@type":"EntryPoint","urlTemplate":"https:\/\/www.bellunopress.it\/?s={search_term_string}"},"query-input":{"@type":"PropertyValueSpecification","valueRequired":true,"valueName":"search_term_string"}}],"inLanguage":"fr-FR"},{"@type":"Organization","@id":"https:\/\/www.bellunopress.it\/#organization","name":"Bellunopress","url":"https:\/\/www.bellunopress.it\/","logo":{"@type":"ImageObject","inLanguage":"fr-FR","@id":"https:\/\/www.bellunopress.it\/#\/schema\/logo\/image\/","url":"https:\/\/www.bellunopress.it\/wp-content\/uploads\/2011\/05\/cropped-logo-bellunopress-.jpg","contentUrl":"https:\/\/www.bellunopress.it\/wp-content\/uploads\/2011\/05\/cropped-logo-bellunopress-.jpg","width":512,"height":512,"caption":"Bellunopress"},"image":{"@id":"https:\/\/www.bellunopress.it\/#\/schema\/logo\/image\/"},"sameAs":["https:\/\/www.facebook.com\/profile.php?id=100008943462799","https:\/\/x.com\/bellunopress","https:\/\/www.linkedin.com\/hp\/?dnr=JBzUWaJfMUw8vbXJJ2tVW5-I3jZKvC4wsoxE&amp;amp;amp;amp;amp;amp;trk=nav_responsive_tab_home","https:\/\/www.youtube.com\/channel\/UCxL0wu1uN0_3_7hGG0306cw"]},{"@type":"Person","@id":"https:\/\/www.bellunopress.it\/#\/schema\/person\/79bb06722b37ece1c03d3e94beb30d73","name":"r\u00e9daction","image":{"@type":"ImageObject","inLanguage":"fr-FR","@id":"https:\/\/secure.gravatar.com\/avatar\/37d968a2e67a6fd04c169c4bdef102d0bc5d31b2546345219e348575eb80e9a0?s=96&d=mm&r=g","url":"https:\/\/secure.gravatar.com\/avatar\/37d968a2e67a6fd04c169c4bdef102d0bc5d31b2546345219e348575eb80e9a0?s=96&d=mm&r=g","contentUrl":"https:\/\/secure.gravatar.com\/avatar\/37d968a2e67a6fd04c169c4bdef102d0bc5d31b2546345219e348575eb80e9a0?s=96&d=mm&r=g","caption":"redazione"},"sameAs":["http:\/\/www.bellunopress.it","https:\/\/x.com\/bellunopress"],"url":"https:\/\/www.bellunopress.it\/fr\/author\/redazione\/"}]}},"_links":{"self":[{"href":"https:\/\/www.bellunopress.it\/fr\/wp-json\/wp\/v2\/posts\/4422","targetHints":{"allow":["GET"]}}],"collection":[{"href":"https:\/\/www.bellunopress.it\/fr\/wp-json\/wp\/v2\/posts"}],"about":[{"href":"https:\/\/www.bellunopress.it\/fr\/wp-json\/wp\/v2\/types\/post"}],"author":[{"embeddable":true,"href":"https:\/\/www.bellunopress.it\/fr\/wp-json\/wp\/v2\/users\/2"}],"replies":[{"embeddable":true,"href":"https:\/\/www.bellunopress.it\/fr\/wp-json\/wp\/v2\/comments?post=4422"}],"version-history":[{"count":1,"href":"https:\/\/www.bellunopress.it\/fr\/wp-json\/wp\/v2\/posts\/4422\/revisions"}],"predecessor-version":[{"id":4423,"href":"https:\/\/www.bellunopress.it\/fr\/wp-json\/wp\/v2\/posts\/4422\/revisions\/4423"}],"wp:attachment":[{"href":"https:\/\/www.bellunopress.it\/fr\/wp-json\/wp\/v2\/media?parent=4422"}],"wp:term":[{"taxonomy":"category","embeddable":true,"href":"https:\/\/www.bellunopress.it\/fr\/wp-json\/wp\/v2\/categories?post=4422"},{"taxonomy":"post_tag","embeddable":true,"href":"https:\/\/www.bellunopress.it\/fr\/wp-json\/wp\/v2\/tags?post=4422"}],"curies":[{"name":"wp","href":"https:\/\/api.w.org\/{rel}","templated":true}]}}