{"id":44217,"date":"2012-11-26T15:50:01","date_gmt":"2012-11-26T14:50:01","guid":{"rendered":"http:\/\/www.bellunopress.it\/?p=44217"},"modified":"2012-11-26T22:42:41","modified_gmt":"2012-11-26T21:42:41","slug":"antonella-lorenzetti-ed-elisa-benedetti-un-nuovo-cliche-della-modella-darte","status":"publish","type":"post","link":"https:\/\/www.bellunopress.it\/fr\/2012\/11\/26\/antonella-lorenzetti-ed-elisa-benedetti-un-nuovo-cliche-della-modella-darte\/","title":{"rendered":"Antonella Lorenzetti ed Elisa Benedetti, un nuovo clich\u00e9 della modella d&#8217;arte"},"content":{"rendered":"<p>Abito lungo nero da sera e abito lungo rosso tra le antiche stanze cinquecentesche del romantico Hotel Villa Luppis. Antonella Lorenzetti ed Elisa Benedetti, entrambe veronesi di nascita e trevigiane d&#8217;adozione, sono interpreti di quell&#8217;eterno dialogo tra fascino e vanit\u00e0. Posano dietro l&#8217;obiettivo di Franco Merlo in questo hotel quattro stelle di gran charme, al confine tra Treviso e Pordenone. E come la modella d&#8217;arte nell\u2019atelier un tempo lascia trasferire su tela all&#8217;artista i languori e tutta la sensualit\u00e0, cos\u00ec le immagini di Antonella ed Elisa creano un&#8217;atmosfera elegante e sexy. Gli scatti saranno raccolti in un libro di poesie, che fa parte di un progetto pi\u00f9 ampio di promozione.<\/p>\n<p><a href=\"http:\/\/www.bellunopress.it\/wp-content\/uploads\/2012\/11\/elisa-benedetti1.jpg\"><img loading=\"lazy\" decoding=\"async\" class=\"alignright size-full wp-image-44220\" title=\"elisa benedetti\" src=\"http:\/\/www.bellunopress.it\/wp-content\/uploads\/2012\/11\/elisa-benedetti1.jpg\" alt=\"\" width=\"242\" height=\"242\" srcset=\"https:\/\/www.bellunopress.it\/wp-content\/uploads\/2012\/11\/elisa-benedetti1.jpg 242w, https:\/\/www.bellunopress.it\/wp-content\/uploads\/2012\/11\/elisa-benedetti1-150x150.jpg 150w\" sizes=\"auto, (max-width: 242px) 100vw, 242px\" \/><\/a>&#8220;L&#8217;immagine della donna \u00e8 in rilievo &#8211; sostiene Elisa Benedetti, occhi verdi capelli nero corvino, modella ed hostess emergente per un\u2019 importante agenzia di Mestre &#8211; in un clich\u00e9 innovativo per la modella d&#8217;arte, collocata in un contesto principesco d&#8217;altri tempi&#8221;.<\/p>\n<p>Quando hai iniziato questo percorso e come sei arrivata in questo settore? \u201cE\u2019 successo per caso, posando per qualche fotografo amatoriale. Ho frequentato il liceo linguistico poi ho lavorato per anni nell&#8217; azienda di famiglia. Ed ora sto seguendo quello che mi ha sempre affascinato e incuriosito, il mondo dell&#8217; arte, riproponendo la figura della modella in maniera del tutto innovativa, come parte integrante di un contesto antico, eterno e senza tempo\u201d.<\/p>\n<p><a href=\"http:\/\/www.bellunopress.it\/wp-content\/uploads\/2012\/11\/antonella-lorenzetti-attrice.jpg\"><img loading=\"lazy\" decoding=\"async\" class=\"alignleft size-full wp-image-44222\" title=\"antonella lorenzetti attrice\" src=\"http:\/\/www.bellunopress.it\/wp-content\/uploads\/2012\/11\/antonella-lorenzetti-attrice.jpg\" alt=\"\" width=\"160\" height=\"240\" \/><\/a>Antonella Lorenzetti ha posato per vari artisti e fotografi, dal trevigiano Stefano Cusumano a Marco Leonardo Pieropan. Nell\u2019estate del \u201892 vince la fascia di Miss Bibione.<\/p>\n<p>Pi\u00f9 recentemente ha lavorato come comparsa nel film Letters to Juliet (2010) girato a Verona regia di Gary Winick e in Vacanze di Natale (2011) girato a Cortina d\u2019Ampezzo, il cinepanettone con Christian De Sica e Sabrina Ferilli, sceneggiatura firmata da Neri Parenti, Carlo ed Enrico Vanzina.<\/p>\n<p>E siamo ad oggi. \u201cOra sto iniziando un progetto artistico incentrato sulla pittura a olio con l\u2019artista trevigiano Giorgio Ongaro &#8211; racconta Antonella &#8211; e poser\u00f2 per lui nella rappresentazione di un quadro celebre\u201d.<\/p>\n<p>&nbsp;<\/p>","protected":false},"excerpt":{"rendered":"<p>Abito lungo nero da sera e abito lungo rosso tra le antiche stanze cinquecentesche del romantico Hotel Villa Luppis. Antonella Lorenzetti ed Elisa Benedetti, entrambe veronesi di nascita e trevigiane d&#8217;adozione, sono interpreti di quell&#8217;eterno dialogo tra fascino e vanit\u00e0. Posano dietro l&#8217;obiettivo di Franco Merlo in questo hotel quattro stelle di gran charme, al [&hellip;]<\/p>\n","protected":false},"author":2,"featured_media":0,"comment_status":"closed","ping_status":"open","sticky":false,"template":"","format":"standard","meta":{"footnotes":""},"categories":[3,25],"tags":[],"class_list":["post-44217","post","type-post","status-publish","format-standard","category-arte-cultura-spettacoli-scienza-archivi","category-pausa-caffe"],"yoast_head":"<!-- This site is optimized with the Yoast SEO plugin v28.4 - https:\/\/yoast.com\/product\/yoast-seo-wordpress\/ -->\n<title>Antonella Lorenzetti ed Elisa Benedetti, un nuovo clich\u00e9 della modella d&#039;arte - Bellunopress - Dolomiti<\/title>\n<meta name=\"robots\" content=\"index, follow, max-snippet:-1, max-image-preview:large, max-video-preview:-1\" \/>\n<link rel=\"canonical\" href=\"https:\/\/www.bellunopress.it\/fr\/2012\/11\/26\/antonella-lorenzetti-ed-elisa-benedetti-un-nuovo-cliche-della-modella-darte\/\" \/>\n<meta property=\"og:locale\" content=\"fr_FR\" \/>\n<meta property=\"og:type\" content=\"article\" \/>\n<meta property=\"og:title\" content=\"Antonella Lorenzetti ed Elisa Benedetti, un nuovo clich\u00e9 della modella d&#039;arte - Bellunopress - Dolomiti\" \/>\n<meta property=\"og:description\" content=\"Abito lungo nero da sera e abito lungo rosso tra le antiche stanze cinquecentesche del romantico Hotel Villa Luppis. Antonella Lorenzetti ed Elisa Benedetti, entrambe veronesi di nascita e trevigiane d&#8217;adozione, sono interpreti di quell&#8217;eterno dialogo tra fascino e vanit\u00e0. Posano dietro l&#8217;obiettivo di Franco Merlo in questo hotel quattro stelle di gran charme, al [&hellip;]\" \/>\n<meta property=\"og:url\" content=\"https:\/\/www.bellunopress.it\/fr\/2012\/11\/26\/antonella-lorenzetti-ed-elisa-benedetti-un-nuovo-cliche-della-modella-darte\/\" \/>\n<meta property=\"og:site_name\" content=\"Bellunopress - Dolomiti\" \/>\n<meta property=\"article:publisher\" content=\"https:\/\/www.facebook.com\/profile.php?id=100008943462799\" \/>\n<meta property=\"article:published_time\" content=\"2012-11-26T14:50:01+00:00\" \/>\n<meta property=\"article:modified_time\" content=\"2012-11-26T21:42:41+00:00\" \/>\n<meta property=\"og:image\" content=\"http:\/\/www.bellunopress.it\/wp-content\/uploads\/2012\/11\/elisa-benedetti1.jpg\" \/>\n<meta name=\"author\" content=\"redazione\" \/>\n<meta name=\"twitter:card\" content=\"summary_large_image\" \/>\n<meta name=\"twitter:creator\" content=\"@bellunopress\" \/>\n<meta name=\"twitter:site\" content=\"@bellunopress\" \/>\n<meta name=\"twitter:label1\" content=\"\u00c9crit par\" \/>\n\t<meta name=\"twitter:data1\" content=\"redazione\" \/>\n\t<meta name=\"twitter:label2\" content=\"Dur\u00e9e de lecture estim\u00e9e\" \/>\n\t<meta name=\"twitter:data2\" content=\"2 minutes\" \/>\n<script type=\"application\/ld+json\" class=\"yoast-schema-graph\">{\"@context\":\"https:\\\/\\\/schema.org\",\"@graph\":[{\"@type\":\"Article\",\"@id\":\"https:\\\/\\\/www.bellunopress.it\\\/2012\\\/11\\\/26\\\/antonella-lorenzetti-ed-elisa-benedetti-un-nuovo-cliche-della-modella-darte\\\/#article\",\"isPartOf\":{\"@id\":\"https:\\\/\\\/www.bellunopress.it\\\/2012\\\/11\\\/26\\\/antonella-lorenzetti-ed-elisa-benedetti-un-nuovo-cliche-della-modella-darte\\\/\"},\"author\":{\"name\":\"redazione\",\"@id\":\"https:\\\/\\\/www.bellunopress.it\\\/#\\\/schema\\\/person\\\/79bb06722b37ece1c03d3e94beb30d73\"},\"headline\":\"Antonella Lorenzetti ed Elisa Benedetti, un nuovo clich\u00e9 della modella d&#8217;arte\",\"datePublished\":\"2012-11-26T14:50:01+00:00\",\"dateModified\":\"2012-11-26T21:42:41+00:00\",\"mainEntityOfPage\":{\"@id\":\"https:\\\/\\\/www.bellunopress.it\\\/2012\\\/11\\\/26\\\/antonella-lorenzetti-ed-elisa-benedetti-un-nuovo-cliche-della-modella-darte\\\/\"},\"wordCount\":352,\"publisher\":{\"@id\":\"https:\\\/\\\/www.bellunopress.it\\\/#organization\"},\"image\":{\"@id\":\"https:\\\/\\\/www.bellunopress.it\\\/2012\\\/11\\\/26\\\/antonella-lorenzetti-ed-elisa-benedetti-un-nuovo-cliche-della-modella-darte\\\/#primaryimage\"},\"thumbnailUrl\":\"http:\\\/\\\/www.bellunopress.it\\\/wp-content\\\/uploads\\\/2012\\\/11\\\/elisa-benedetti1.jpg\",\"articleSection\":[\"Arte, Cultura, Spettacoli, Scienza\",\"Pausa Caff\u00e8\"],\"inLanguage\":\"fr-FR\"},{\"@type\":\"WebPage\",\"@id\":\"https:\\\/\\\/www.bellunopress.it\\\/2012\\\/11\\\/26\\\/antonella-lorenzetti-ed-elisa-benedetti-un-nuovo-cliche-della-modella-darte\\\/\",\"url\":\"https:\\\/\\\/www.bellunopress.it\\\/2012\\\/11\\\/26\\\/antonella-lorenzetti-ed-elisa-benedetti-un-nuovo-cliche-della-modella-darte\\\/\",\"name\":\"Antonella Lorenzetti ed Elisa Benedetti, un nuovo clich\u00e9 della modella d'arte - Bellunopress - Dolomiti\",\"isPartOf\":{\"@id\":\"https:\\\/\\\/www.bellunopress.it\\\/#website\"},\"primaryImageOfPage\":{\"@id\":\"https:\\\/\\\/www.bellunopress.it\\\/2012\\\/11\\\/26\\\/antonella-lorenzetti-ed-elisa-benedetti-un-nuovo-cliche-della-modella-darte\\\/#primaryimage\"},\"image\":{\"@id\":\"https:\\\/\\\/www.bellunopress.it\\\/2012\\\/11\\\/26\\\/antonella-lorenzetti-ed-elisa-benedetti-un-nuovo-cliche-della-modella-darte\\\/#primaryimage\"},\"thumbnailUrl\":\"http:\\\/\\\/www.bellunopress.it\\\/wp-content\\\/uploads\\\/2012\\\/11\\\/elisa-benedetti1.jpg\",\"datePublished\":\"2012-11-26T14:50:01+00:00\",\"dateModified\":\"2012-11-26T21:42:41+00:00\",\"breadcrumb\":{\"@id\":\"https:\\\/\\\/www.bellunopress.it\\\/2012\\\/11\\\/26\\\/antonella-lorenzetti-ed-elisa-benedetti-un-nuovo-cliche-della-modella-darte\\\/#breadcrumb\"},\"inLanguage\":\"fr-FR\",\"potentialAction\":[{\"@type\":\"ReadAction\",\"target\":[\"https:\\\/\\\/www.bellunopress.it\\\/2012\\\/11\\\/26\\\/antonella-lorenzetti-ed-elisa-benedetti-un-nuovo-cliche-della-modella-darte\\\/\"]}]},{\"@type\":\"ImageObject\",\"inLanguage\":\"fr-FR\",\"@id\":\"https:\\\/\\\/www.bellunopress.it\\\/2012\\\/11\\\/26\\\/antonella-lorenzetti-ed-elisa-benedetti-un-nuovo-cliche-della-modella-darte\\\/#primaryimage\",\"url\":\"http:\\\/\\\/www.bellunopress.it\\\/wp-content\\\/uploads\\\/2012\\\/11\\\/elisa-benedetti1.jpg\",\"contentUrl\":\"http:\\\/\\\/www.bellunopress.it\\\/wp-content\\\/uploads\\\/2012\\\/11\\\/elisa-benedetti1.jpg\"},{\"@type\":\"BreadcrumbList\",\"@id\":\"https:\\\/\\\/www.bellunopress.it\\\/2012\\\/11\\\/26\\\/antonella-lorenzetti-ed-elisa-benedetti-un-nuovo-cliche-della-modella-darte\\\/#breadcrumb\",\"itemListElement\":[{\"@type\":\"ListItem\",\"position\":1,\"name\":\"Home\",\"item\":\"https:\\\/\\\/www.bellunopress.it\\\/\"},{\"@type\":\"ListItem\",\"position\":2,\"name\":\"Antonella Lorenzetti ed Elisa Benedetti, un nuovo clich\u00e9 della modella d&#8217;arte\"}]},{\"@type\":\"WebSite\",\"@id\":\"https:\\\/\\\/www.bellunopress.it\\\/#website\",\"url\":\"https:\\\/\\\/www.bellunopress.it\\\/\",\"name\":\"Bellunopress - Dolomiti\",\"description\":\"e-mail: redazione@bellunopress.it\",\"publisher\":{\"@id\":\"https:\\\/\\\/www.bellunopress.it\\\/#organization\"},\"potentialAction\":[{\"@type\":\"SearchAction\",\"target\":{\"@type\":\"EntryPoint\",\"urlTemplate\":\"https:\\\/\\\/www.bellunopress.it\\\/?s={search_term_string}\"},\"query-input\":{\"@type\":\"PropertyValueSpecification\",\"valueRequired\":true,\"valueName\":\"search_term_string\"}}],\"inLanguage\":\"fr-FR\"},{\"@type\":\"Organization\",\"@id\":\"https:\\\/\\\/www.bellunopress.it\\\/#organization\",\"name\":\"Bellunopress\",\"url\":\"https:\\\/\\\/www.bellunopress.it\\\/\",\"logo\":{\"@type\":\"ImageObject\",\"inLanguage\":\"fr-FR\",\"@id\":\"https:\\\/\\\/www.bellunopress.it\\\/#\\\/schema\\\/logo\\\/image\\\/\",\"url\":\"https:\\\/\\\/www.bellunopress.it\\\/wp-content\\\/uploads\\\/2011\\\/05\\\/cropped-logo-bellunopress-.jpg\",\"contentUrl\":\"https:\\\/\\\/www.bellunopress.it\\\/wp-content\\\/uploads\\\/2011\\\/05\\\/cropped-logo-bellunopress-.jpg\",\"width\":512,\"height\":512,\"caption\":\"Bellunopress\"},\"image\":{\"@id\":\"https:\\\/\\\/www.bellunopress.it\\\/#\\\/schema\\\/logo\\\/image\\\/\"},\"sameAs\":[\"https:\\\/\\\/www.facebook.com\\\/profile.php?id=100008943462799\",\"https:\\\/\\\/x.com\\\/bellunopress\",\"https:\\\/\\\/www.linkedin.com\\\/hp\\\/?dnr=JBzUWaJfMUw8vbXJJ2tVW5-I3jZKvC4wsoxE&amp;amp;amp;amp;amp;amp;trk=nav_responsive_tab_home\",\"https:\\\/\\\/www.youtube.com\\\/channel\\\/UCxL0wu1uN0_3_7hGG0306cw\"]},{\"@type\":\"Person\",\"@id\":\"https:\\\/\\\/www.bellunopress.it\\\/#\\\/schema\\\/person\\\/79bb06722b37ece1c03d3e94beb30d73\",\"name\":\"redazione\",\"image\":{\"@type\":\"ImageObject\",\"inLanguage\":\"fr-FR\",\"@id\":\"https:\\\/\\\/secure.gravatar.com\\\/avatar\\\/37d968a2e67a6fd04c169c4bdef102d0bc5d31b2546345219e348575eb80e9a0?s=96&d=mm&r=g\",\"url\":\"https:\\\/\\\/secure.gravatar.com\\\/avatar\\\/37d968a2e67a6fd04c169c4bdef102d0bc5d31b2546345219e348575eb80e9a0?s=96&d=mm&r=g\",\"contentUrl\":\"https:\\\/\\\/secure.gravatar.com\\\/avatar\\\/37d968a2e67a6fd04c169c4bdef102d0bc5d31b2546345219e348575eb80e9a0?s=96&d=mm&r=g\",\"caption\":\"redazione\"},\"sameAs\":[\"http:\\\/\\\/www.bellunopress.it\",\"https:\\\/\\\/x.com\\\/bellunopress\"],\"url\":\"https:\\\/\\\/www.bellunopress.it\\\/fr\\\/author\\\/redazione\\\/\"}]}<\/script>\n<!-- \/ Yoast SEO plugin. -->","yoast_head_json":{"title":"Antonella Lorenzetti ed Elisa Benedetti, un nuovo clich\u00e9 della modella d'arte - Bellunopress - Dolomiti","robots":{"index":"index","follow":"follow","max-snippet":"max-snippet:-1","max-image-preview":"max-image-preview:large","max-video-preview":"max-video-preview:-1"},"canonical":"https:\/\/www.bellunopress.it\/fr\/2012\/11\/26\/antonella-lorenzetti-ed-elisa-benedetti-un-nuovo-cliche-della-modella-darte\/","og_locale":"fr_FR","og_type":"article","og_title":"Antonella Lorenzetti ed Elisa Benedetti, un nuovo clich\u00e9 della modella d'arte - Bellunopress - Dolomiti","og_description":"Abito lungo nero da sera e abito lungo rosso tra le antiche stanze cinquecentesche del romantico Hotel Villa Luppis. Antonella Lorenzetti ed Elisa Benedetti, entrambe veronesi di nascita e trevigiane d&#8217;adozione, sono interpreti di quell&#8217;eterno dialogo tra fascino e vanit\u00e0. Posano dietro l&#8217;obiettivo di Franco Merlo in questo hotel quattro stelle di gran charme, al [&hellip;]","og_url":"https:\/\/www.bellunopress.it\/fr\/2012\/11\/26\/antonella-lorenzetti-ed-elisa-benedetti-un-nuovo-cliche-della-modella-darte\/","og_site_name":"Bellunopress - Dolomiti","article_publisher":"https:\/\/www.facebook.com\/profile.php?id=100008943462799","article_published_time":"2012-11-26T14:50:01+00:00","article_modified_time":"2012-11-26T21:42:41+00:00","og_image":[{"url":"http:\/\/www.bellunopress.it\/wp-content\/uploads\/2012\/11\/elisa-benedetti1.jpg","type":"","width":"","height":""}],"author":"redazione","twitter_card":"summary_large_image","twitter_creator":"@bellunopress","twitter_site":"@bellunopress","twitter_misc":{"\u00c9crit par":"redazione","Dur\u00e9e de lecture estim\u00e9e":"2 minutes"},"schema":{"@context":"https:\/\/schema.org","@graph":[{"@type":"Article","@id":"https:\/\/www.bellunopress.it\/2012\/11\/26\/antonella-lorenzetti-ed-elisa-benedetti-un-nuovo-cliche-della-modella-darte\/#article","isPartOf":{"@id":"https:\/\/www.bellunopress.it\/2012\/11\/26\/antonella-lorenzetti-ed-elisa-benedetti-un-nuovo-cliche-della-modella-darte\/"},"author":{"name":"redazione","@id":"https:\/\/www.bellunopress.it\/#\/schema\/person\/79bb06722b37ece1c03d3e94beb30d73"},"headline":"Antonella Lorenzetti ed Elisa Benedetti, un nuovo clich\u00e9 della modella d&#8217;arte","datePublished":"2012-11-26T14:50:01+00:00","dateModified":"2012-11-26T21:42:41+00:00","mainEntityOfPage":{"@id":"https:\/\/www.bellunopress.it\/2012\/11\/26\/antonella-lorenzetti-ed-elisa-benedetti-un-nuovo-cliche-della-modella-darte\/"},"wordCount":352,"publisher":{"@id":"https:\/\/www.bellunopress.it\/#organization"},"image":{"@id":"https:\/\/www.bellunopress.it\/2012\/11\/26\/antonella-lorenzetti-ed-elisa-benedetti-un-nuovo-cliche-della-modella-darte\/#primaryimage"},"thumbnailUrl":"http:\/\/www.bellunopress.it\/wp-content\/uploads\/2012\/11\/elisa-benedetti1.jpg","articleSection":["Arte, Cultura, Spettacoli, Scienza","Pausa Caff\u00e8"],"inLanguage":"fr-FR"},{"@type":"WebPage","@id":"https:\/\/www.bellunopress.it\/2012\/11\/26\/antonella-lorenzetti-ed-elisa-benedetti-un-nuovo-cliche-della-modella-darte\/","url":"https:\/\/www.bellunopress.it\/2012\/11\/26\/antonella-lorenzetti-ed-elisa-benedetti-un-nuovo-cliche-della-modella-darte\/","name":"Antonella Lorenzetti ed Elisa Benedetti, un nuovo clich\u00e9 della modella d'arte - Bellunopress - Dolomiti","isPartOf":{"@id":"https:\/\/www.bellunopress.it\/#website"},"primaryImageOfPage":{"@id":"https:\/\/www.bellunopress.it\/2012\/11\/26\/antonella-lorenzetti-ed-elisa-benedetti-un-nuovo-cliche-della-modella-darte\/#primaryimage"},"image":{"@id":"https:\/\/www.bellunopress.it\/2012\/11\/26\/antonella-lorenzetti-ed-elisa-benedetti-un-nuovo-cliche-della-modella-darte\/#primaryimage"},"thumbnailUrl":"http:\/\/www.bellunopress.it\/wp-content\/uploads\/2012\/11\/elisa-benedetti1.jpg","datePublished":"2012-11-26T14:50:01+00:00","dateModified":"2012-11-26T21:42:41+00:00","breadcrumb":{"@id":"https:\/\/www.bellunopress.it\/2012\/11\/26\/antonella-lorenzetti-ed-elisa-benedetti-un-nuovo-cliche-della-modella-darte\/#breadcrumb"},"inLanguage":"fr-FR","potentialAction":[{"@type":"ReadAction","target":["https:\/\/www.bellunopress.it\/2012\/11\/26\/antonella-lorenzetti-ed-elisa-benedetti-un-nuovo-cliche-della-modella-darte\/"]}]},{"@type":"ImageObject","inLanguage":"fr-FR","@id":"https:\/\/www.bellunopress.it\/2012\/11\/26\/antonella-lorenzetti-ed-elisa-benedetti-un-nuovo-cliche-della-modella-darte\/#primaryimage","url":"http:\/\/www.bellunopress.it\/wp-content\/uploads\/2012\/11\/elisa-benedetti1.jpg","contentUrl":"http:\/\/www.bellunopress.it\/wp-content\/uploads\/2012\/11\/elisa-benedetti1.jpg"},{"@type":"BreadcrumbList","@id":"https:\/\/www.bellunopress.it\/2012\/11\/26\/antonella-lorenzetti-ed-elisa-benedetti-un-nuovo-cliche-della-modella-darte\/#breadcrumb","itemListElement":[{"@type":"ListItem","position":1,"name":"Home","item":"https:\/\/www.bellunopress.it\/"},{"@type":"ListItem","position":2,"name":"Antonella Lorenzetti ed Elisa Benedetti, un nuovo clich\u00e9 della modella d&#8217;arte"}]},{"@type":"WebSite","@id":"https:\/\/www.bellunopress.it\/#website","url":"https:\/\/www.bellunopress.it\/","name":"Bellunopress - Dolomiti","description":"e-mail: redazione@bellunopress.it","publisher":{"@id":"https:\/\/www.bellunopress.it\/#organization"},"potentialAction":[{"@type":"SearchAction","target":{"@type":"EntryPoint","urlTemplate":"https:\/\/www.bellunopress.it\/?s={search_term_string}"},"query-input":{"@type":"PropertyValueSpecification","valueRequired":true,"valueName":"search_term_string"}}],"inLanguage":"fr-FR"},{"@type":"Organization","@id":"https:\/\/www.bellunopress.it\/#organization","name":"Bellunopress","url":"https:\/\/www.bellunopress.it\/","logo":{"@type":"ImageObject","inLanguage":"fr-FR","@id":"https:\/\/www.bellunopress.it\/#\/schema\/logo\/image\/","url":"https:\/\/www.bellunopress.it\/wp-content\/uploads\/2011\/05\/cropped-logo-bellunopress-.jpg","contentUrl":"https:\/\/www.bellunopress.it\/wp-content\/uploads\/2011\/05\/cropped-logo-bellunopress-.jpg","width":512,"height":512,"caption":"Bellunopress"},"image":{"@id":"https:\/\/www.bellunopress.it\/#\/schema\/logo\/image\/"},"sameAs":["https:\/\/www.facebook.com\/profile.php?id=100008943462799","https:\/\/x.com\/bellunopress","https:\/\/www.linkedin.com\/hp\/?dnr=JBzUWaJfMUw8vbXJJ2tVW5-I3jZKvC4wsoxE&amp;amp;amp;amp;amp;amp;trk=nav_responsive_tab_home","https:\/\/www.youtube.com\/channel\/UCxL0wu1uN0_3_7hGG0306cw"]},{"@type":"Person","@id":"https:\/\/www.bellunopress.it\/#\/schema\/person\/79bb06722b37ece1c03d3e94beb30d73","name":"r\u00e9daction","image":{"@type":"ImageObject","inLanguage":"fr-FR","@id":"https:\/\/secure.gravatar.com\/avatar\/37d968a2e67a6fd04c169c4bdef102d0bc5d31b2546345219e348575eb80e9a0?s=96&d=mm&r=g","url":"https:\/\/secure.gravatar.com\/avatar\/37d968a2e67a6fd04c169c4bdef102d0bc5d31b2546345219e348575eb80e9a0?s=96&d=mm&r=g","contentUrl":"https:\/\/secure.gravatar.com\/avatar\/37d968a2e67a6fd04c169c4bdef102d0bc5d31b2546345219e348575eb80e9a0?s=96&d=mm&r=g","caption":"redazione"},"sameAs":["http:\/\/www.bellunopress.it","https:\/\/x.com\/bellunopress"],"url":"https:\/\/www.bellunopress.it\/fr\/author\/redazione\/"}]}},"_links":{"self":[{"href":"https:\/\/www.bellunopress.it\/fr\/wp-json\/wp\/v2\/posts\/44217","targetHints":{"allow":["GET"]}}],"collection":[{"href":"https:\/\/www.bellunopress.it\/fr\/wp-json\/wp\/v2\/posts"}],"about":[{"href":"https:\/\/www.bellunopress.it\/fr\/wp-json\/wp\/v2\/types\/post"}],"author":[{"embeddable":true,"href":"https:\/\/www.bellunopress.it\/fr\/wp-json\/wp\/v2\/users\/2"}],"replies":[{"embeddable":true,"href":"https:\/\/www.bellunopress.it\/fr\/wp-json\/wp\/v2\/comments?post=44217"}],"version-history":[{"count":2,"href":"https:\/\/www.bellunopress.it\/fr\/wp-json\/wp\/v2\/posts\/44217\/revisions"}],"predecessor-version":[{"id":44251,"href":"https:\/\/www.bellunopress.it\/fr\/wp-json\/wp\/v2\/posts\/44217\/revisions\/44251"}],"wp:attachment":[{"href":"https:\/\/www.bellunopress.it\/fr\/wp-json\/wp\/v2\/media?parent=44217"}],"wp:term":[{"taxonomy":"category","embeddable":true,"href":"https:\/\/www.bellunopress.it\/fr\/wp-json\/wp\/v2\/categories?post=44217"},{"taxonomy":"post_tag","embeddable":true,"href":"https:\/\/www.bellunopress.it\/fr\/wp-json\/wp\/v2\/tags?post=44217"}],"curies":[{"name":"wp","href":"https:\/\/api.w.org\/{rel}","templated":true}]}}