{"id":44214,"date":"2012-11-26T11:56:05","date_gmt":"2012-11-26T10:56:05","guid":{"rendered":"http:\/\/www.bellunopress.it\/?p=44214"},"modified":"2012-11-26T11:57:07","modified_gmt":"2012-11-26T10:57:07","slug":"teatri-del-sacro-tib-teatro-nuovamente-prescelto","status":"publish","type":"post","link":"https:\/\/www.bellunopress.it\/fr\/2012\/11\/26\/teatri-del-sacro-tib-teatro-nuovamente-prescelto\/","title":{"rendered":"Teatri del sacro: Tib Teatro nuovamente prescelto"},"content":{"rendered":"<figure id=\"attachment_33755\" aria-describedby=\"caption-attachment-33755\" style=\"width: 150px\" class=\"wp-caption alignleft\"><a href=\"http:\/\/www.bellunopress.it\/wp-content\/uploads\/2011\/12\/maddalena-crippa.jpg\"><img loading=\"lazy\" decoding=\"async\" class=\"size-thumbnail wp-image-33755\" title=\"maddalena crippa\" src=\"http:\/\/www.bellunopress.it\/wp-content\/uploads\/2011\/12\/maddalena-crippa-150x150.jpg\" alt=\"\" width=\"150\" height=\"150\" \/><\/a><figcaption id=\"caption-attachment-33755\" class=\"wp-caption-text\">Maddalena Crippa<\/figcaption><\/figure>\n<p>Tib Teatro, struttura di produzione teatrale bellunese, \u00e8 stata scelta per partecipare alla fase finale delle selezioni per I Teatri del Sacro, importante progetto culturale nazionale, promosso da Federgat e Fondazione Comunicazione e Cultura della CEI-Commissione Episcopale Italiana &#8211; Ufficio nazionale per le comunicazioni sociali e Servizio nazionale per il progetto culturale della CEI in collaborazione con ACEC.<\/p>\n<p>I Teatri del Sacro, progetto ideato dal Prof. Fabrizio Fiaschini, docente di Storia del Teatro presso l&#8217;Universit\u00e0 di Pavia, presidente della Federgat e direttore artistico dell&#8217;omonimo festival biennale, vuole promuovere quelle realt\u00e0 teatrali sensibili alle suggestioni del sacro e in grado di innescare processi virtuosi tra espressione artistica e condivisione comunitaria. Tra queste realt\u00e0 \u00e8 stato scelto Tib Teatro.<\/p>\n<p>Roma e Milano, due grandi metropoli, due capitali della cultura e dell&#8217;arte, due citt\u00e0 diversamente rappresentative della tradizione religiosa (la &#8220;citt\u00e0 eterna&#8221;e la &#8220;citt\u00e0 ambrosiana&#8221;) diventeranno, in occasione delle selezioni finali, un unico palcoscenico del sacro con progetti teatrali mai realizzati incentrati sui temi della spiritualit\u00e0, della tradizione religiosa, del rito, della religiosit\u00e0 popolare, del sacro nella sua accezione pi\u00f9 ampia.<\/p>\n<p>Per Tib Teatro \u00e8 una significativa riconferma, fu infatti gi\u00e0 selezionato per la precedente edizione de I Teatri del Sacro, e risult\u00f2 tra i vincitori del Festival Biennale di Lucca 2011, con lo spettacolo Io ti prendo per mano, che i bellunesi potranno vedere in aprile, nella Stagione di Prosa del Teatro Comunale.<\/p>\n<p>Per questa edizione Tib ha presentato il progetto Passione un excursus nell&#8217;opera di Giovanni Testori, attraverso il concetto originario di passione quale sofferenza, travaglio del corpo, corpo che anela alla spiritualit\u00e0 del Verbo. Lo spettacolo, per la regia di Daniela Nicosia, vedr\u00e0 in scena Maddalena Crippa incarnare i profondi interrogativi testoriani sugli echi del sacro, nella nostra realt\u00e0 cos\u00ec lacerata e lacerante. Il progetto della Nicosia nasce infatti dall&#8217; intima esigenza di confronto con il sacro, in tempi consunti, confusi, quali i nostri, in cui labili si sono fatti i confini dell&#8217;etica, del lecito e dell&#8217;illecito, tempi in cui la democrazia si \u00e8 fatta &#8220;torva e volgare compiacenza&#8221;, per dirla con Testori.<\/p>\n<p>E la parola del grandissimo autore del &#8216;900 di cui nel 2013, ricorre il ventennale della morte, sar\u00e0 sovrana in scena, una parola pensata non per la pagina ma per la voce, per il corpo, una parola,essa stessa corpo, che comprende e abbraccia il dolore, una parola che \u00e8 passio, passione, connotata da una profonda, sofferta ricerca del sacro nelle maglie dell&#8217;esistenza, delle esistenze, siano quelle dei guitti o dei borderline milanesi, siano quelle di figure emblematiche della tradizione religiosa.<\/p>","protected":false},"excerpt":{"rendered":"<p>Tib Teatro, struttura di produzione teatrale bellunese, \u00e8 stata scelta per partecipare alla fase finale delle selezioni per I Teatri del Sacro, importante progetto culturale nazionale, promosso da Federgat e Fondazione Comunicazione e Cultura della CEI-Commissione Episcopale Italiana &#8211; Ufficio nazionale per le comunicazioni sociali e Servizio nazionale per il progetto culturale della CEI in [&hellip;]<\/p>\n","protected":false},"author":2,"featured_media":0,"comment_status":"closed","ping_status":"open","sticky":false,"template":"","format":"standard","meta":{"footnotes":""},"categories":[3,26],"tags":[],"class_list":["post-44214","post","type-post","status-publish","format-standard","category-arte-cultura-spettacoli-scienza-archivi","category-prima-pagina"],"yoast_head":"<!-- This site is optimized with the Yoast SEO plugin v28.4 - https:\/\/yoast.com\/product\/yoast-seo-wordpress\/ -->\n<title>Teatri del sacro: Tib Teatro nuovamente prescelto - Bellunopress - Dolomiti<\/title>\n<meta name=\"robots\" content=\"index, follow, max-snippet:-1, max-image-preview:large, max-video-preview:-1\" \/>\n<link rel=\"canonical\" href=\"https:\/\/www.bellunopress.it\/fr\/2012\/11\/26\/teatri-del-sacro-tib-teatro-nuovamente-prescelto\/\" \/>\n<meta property=\"og:locale\" content=\"fr_FR\" \/>\n<meta property=\"og:type\" content=\"article\" \/>\n<meta property=\"og:title\" content=\"Teatri del sacro: Tib Teatro nuovamente prescelto - Bellunopress - Dolomiti\" \/>\n<meta property=\"og:description\" content=\"Tib Teatro, struttura di produzione teatrale bellunese, \u00e8 stata scelta per partecipare alla fase finale delle selezioni per I Teatri del Sacro, importante progetto culturale nazionale, promosso da Federgat e Fondazione Comunicazione e Cultura della CEI-Commissione Episcopale Italiana &#8211; Ufficio nazionale per le comunicazioni sociali e Servizio nazionale per il progetto culturale della CEI in [&hellip;]\" \/>\n<meta property=\"og:url\" content=\"https:\/\/www.bellunopress.it\/fr\/2012\/11\/26\/teatri-del-sacro-tib-teatro-nuovamente-prescelto\/\" \/>\n<meta property=\"og:site_name\" content=\"Bellunopress - Dolomiti\" \/>\n<meta property=\"article:publisher\" content=\"https:\/\/www.facebook.com\/profile.php?id=100008943462799\" \/>\n<meta property=\"article:published_time\" content=\"2012-11-26T10:56:05+00:00\" \/>\n<meta property=\"article:modified_time\" content=\"2012-11-26T10:57:07+00:00\" \/>\n<meta property=\"og:image\" content=\"http:\/\/www.bellunopress.it\/wp-content\/uploads\/2011\/12\/maddalena-crippa-150x150.jpg\" \/>\n<meta name=\"author\" content=\"redazione\" \/>\n<meta name=\"twitter:card\" content=\"summary_large_image\" \/>\n<meta name=\"twitter:creator\" content=\"@bellunopress\" \/>\n<meta name=\"twitter:site\" content=\"@bellunopress\" \/>\n<meta name=\"twitter:label1\" content=\"\u00c9crit par\" \/>\n\t<meta name=\"twitter:data1\" content=\"redazione\" \/>\n\t<meta name=\"twitter:label2\" content=\"Dur\u00e9e de lecture estim\u00e9e\" \/>\n\t<meta name=\"twitter:data2\" content=\"2 minutes\" \/>\n<script type=\"application\/ld+json\" class=\"yoast-schema-graph\">{\"@context\":\"https:\\\/\\\/schema.org\",\"@graph\":[{\"@type\":\"Article\",\"@id\":\"https:\\\/\\\/www.bellunopress.it\\\/2012\\\/11\\\/26\\\/teatri-del-sacro-tib-teatro-nuovamente-prescelto\\\/#article\",\"isPartOf\":{\"@id\":\"https:\\\/\\\/www.bellunopress.it\\\/2012\\\/11\\\/26\\\/teatri-del-sacro-tib-teatro-nuovamente-prescelto\\\/\"},\"author\":{\"name\":\"redazione\",\"@id\":\"https:\\\/\\\/www.bellunopress.it\\\/#\\\/schema\\\/person\\\/79bb06722b37ece1c03d3e94beb30d73\"},\"headline\":\"Teatri del sacro: Tib Teatro nuovamente prescelto\",\"datePublished\":\"2012-11-26T10:56:05+00:00\",\"dateModified\":\"2012-11-26T10:57:07+00:00\",\"mainEntityOfPage\":{\"@id\":\"https:\\\/\\\/www.bellunopress.it\\\/2012\\\/11\\\/26\\\/teatri-del-sacro-tib-teatro-nuovamente-prescelto\\\/\"},\"wordCount\":440,\"publisher\":{\"@id\":\"https:\\\/\\\/www.bellunopress.it\\\/#organization\"},\"image\":{\"@id\":\"https:\\\/\\\/www.bellunopress.it\\\/2012\\\/11\\\/26\\\/teatri-del-sacro-tib-teatro-nuovamente-prescelto\\\/#primaryimage\"},\"thumbnailUrl\":\"http:\\\/\\\/www.bellunopress.it\\\/wp-content\\\/uploads\\\/2011\\\/12\\\/maddalena-crippa-150x150.jpg\",\"articleSection\":[\"Arte, Cultura, Spettacoli, Scienza\",\"Prima Pagina\"],\"inLanguage\":\"fr-FR\"},{\"@type\":\"WebPage\",\"@id\":\"https:\\\/\\\/www.bellunopress.it\\\/2012\\\/11\\\/26\\\/teatri-del-sacro-tib-teatro-nuovamente-prescelto\\\/\",\"url\":\"https:\\\/\\\/www.bellunopress.it\\\/2012\\\/11\\\/26\\\/teatri-del-sacro-tib-teatro-nuovamente-prescelto\\\/\",\"name\":\"Teatri del sacro: Tib Teatro nuovamente prescelto - Bellunopress - Dolomiti\",\"isPartOf\":{\"@id\":\"https:\\\/\\\/www.bellunopress.it\\\/#website\"},\"primaryImageOfPage\":{\"@id\":\"https:\\\/\\\/www.bellunopress.it\\\/2012\\\/11\\\/26\\\/teatri-del-sacro-tib-teatro-nuovamente-prescelto\\\/#primaryimage\"},\"image\":{\"@id\":\"https:\\\/\\\/www.bellunopress.it\\\/2012\\\/11\\\/26\\\/teatri-del-sacro-tib-teatro-nuovamente-prescelto\\\/#primaryimage\"},\"thumbnailUrl\":\"http:\\\/\\\/www.bellunopress.it\\\/wp-content\\\/uploads\\\/2011\\\/12\\\/maddalena-crippa-150x150.jpg\",\"datePublished\":\"2012-11-26T10:56:05+00:00\",\"dateModified\":\"2012-11-26T10:57:07+00:00\",\"breadcrumb\":{\"@id\":\"https:\\\/\\\/www.bellunopress.it\\\/2012\\\/11\\\/26\\\/teatri-del-sacro-tib-teatro-nuovamente-prescelto\\\/#breadcrumb\"},\"inLanguage\":\"fr-FR\",\"potentialAction\":[{\"@type\":\"ReadAction\",\"target\":[\"https:\\\/\\\/www.bellunopress.it\\\/2012\\\/11\\\/26\\\/teatri-del-sacro-tib-teatro-nuovamente-prescelto\\\/\"]}]},{\"@type\":\"ImageObject\",\"inLanguage\":\"fr-FR\",\"@id\":\"https:\\\/\\\/www.bellunopress.it\\\/2012\\\/11\\\/26\\\/teatri-del-sacro-tib-teatro-nuovamente-prescelto\\\/#primaryimage\",\"url\":\"http:\\\/\\\/www.bellunopress.it\\\/wp-content\\\/uploads\\\/2011\\\/12\\\/maddalena-crippa-150x150.jpg\",\"contentUrl\":\"http:\\\/\\\/www.bellunopress.it\\\/wp-content\\\/uploads\\\/2011\\\/12\\\/maddalena-crippa-150x150.jpg\"},{\"@type\":\"BreadcrumbList\",\"@id\":\"https:\\\/\\\/www.bellunopress.it\\\/2012\\\/11\\\/26\\\/teatri-del-sacro-tib-teatro-nuovamente-prescelto\\\/#breadcrumb\",\"itemListElement\":[{\"@type\":\"ListItem\",\"position\":1,\"name\":\"Home\",\"item\":\"https:\\\/\\\/www.bellunopress.it\\\/\"},{\"@type\":\"ListItem\",\"position\":2,\"name\":\"Teatri del sacro: Tib Teatro nuovamente prescelto\"}]},{\"@type\":\"WebSite\",\"@id\":\"https:\\\/\\\/www.bellunopress.it\\\/#website\",\"url\":\"https:\\\/\\\/www.bellunopress.it\\\/\",\"name\":\"Bellunopress - Dolomiti\",\"description\":\"e-mail: redazione@bellunopress.it\",\"publisher\":{\"@id\":\"https:\\\/\\\/www.bellunopress.it\\\/#organization\"},\"potentialAction\":[{\"@type\":\"SearchAction\",\"target\":{\"@type\":\"EntryPoint\",\"urlTemplate\":\"https:\\\/\\\/www.bellunopress.it\\\/?s={search_term_string}\"},\"query-input\":{\"@type\":\"PropertyValueSpecification\",\"valueRequired\":true,\"valueName\":\"search_term_string\"}}],\"inLanguage\":\"fr-FR\"},{\"@type\":\"Organization\",\"@id\":\"https:\\\/\\\/www.bellunopress.it\\\/#organization\",\"name\":\"Bellunopress\",\"url\":\"https:\\\/\\\/www.bellunopress.it\\\/\",\"logo\":{\"@type\":\"ImageObject\",\"inLanguage\":\"fr-FR\",\"@id\":\"https:\\\/\\\/www.bellunopress.it\\\/#\\\/schema\\\/logo\\\/image\\\/\",\"url\":\"https:\\\/\\\/www.bellunopress.it\\\/wp-content\\\/uploads\\\/2011\\\/05\\\/cropped-logo-bellunopress-.jpg\",\"contentUrl\":\"https:\\\/\\\/www.bellunopress.it\\\/wp-content\\\/uploads\\\/2011\\\/05\\\/cropped-logo-bellunopress-.jpg\",\"width\":512,\"height\":512,\"caption\":\"Bellunopress\"},\"image\":{\"@id\":\"https:\\\/\\\/www.bellunopress.it\\\/#\\\/schema\\\/logo\\\/image\\\/\"},\"sameAs\":[\"https:\\\/\\\/www.facebook.com\\\/profile.php?id=100008943462799\",\"https:\\\/\\\/x.com\\\/bellunopress\",\"https:\\\/\\\/www.linkedin.com\\\/hp\\\/?dnr=JBzUWaJfMUw8vbXJJ2tVW5-I3jZKvC4wsoxE&amp;amp;amp;amp;amp;amp;trk=nav_responsive_tab_home\",\"https:\\\/\\\/www.youtube.com\\\/channel\\\/UCxL0wu1uN0_3_7hGG0306cw\"]},{\"@type\":\"Person\",\"@id\":\"https:\\\/\\\/www.bellunopress.it\\\/#\\\/schema\\\/person\\\/79bb06722b37ece1c03d3e94beb30d73\",\"name\":\"redazione\",\"image\":{\"@type\":\"ImageObject\",\"inLanguage\":\"fr-FR\",\"@id\":\"https:\\\/\\\/secure.gravatar.com\\\/avatar\\\/37d968a2e67a6fd04c169c4bdef102d0bc5d31b2546345219e348575eb80e9a0?s=96&d=mm&r=g\",\"url\":\"https:\\\/\\\/secure.gravatar.com\\\/avatar\\\/37d968a2e67a6fd04c169c4bdef102d0bc5d31b2546345219e348575eb80e9a0?s=96&d=mm&r=g\",\"contentUrl\":\"https:\\\/\\\/secure.gravatar.com\\\/avatar\\\/37d968a2e67a6fd04c169c4bdef102d0bc5d31b2546345219e348575eb80e9a0?s=96&d=mm&r=g\",\"caption\":\"redazione\"},\"sameAs\":[\"http:\\\/\\\/www.bellunopress.it\",\"https:\\\/\\\/x.com\\\/bellunopress\"],\"url\":\"https:\\\/\\\/www.bellunopress.it\\\/fr\\\/author\\\/redazione\\\/\"}]}<\/script>\n<!-- \/ Yoast SEO plugin. -->","yoast_head_json":{"title":"Teatri del sacro: Tib Teatro nuovamente prescelto - Bellunopress - Dolomiti","robots":{"index":"index","follow":"follow","max-snippet":"max-snippet:-1","max-image-preview":"max-image-preview:large","max-video-preview":"max-video-preview:-1"},"canonical":"https:\/\/www.bellunopress.it\/fr\/2012\/11\/26\/teatri-del-sacro-tib-teatro-nuovamente-prescelto\/","og_locale":"fr_FR","og_type":"article","og_title":"Teatri del sacro: Tib Teatro nuovamente prescelto - Bellunopress - Dolomiti","og_description":"Tib Teatro, struttura di produzione teatrale bellunese, \u00e8 stata scelta per partecipare alla fase finale delle selezioni per I Teatri del Sacro, importante progetto culturale nazionale, promosso da Federgat e Fondazione Comunicazione e Cultura della CEI-Commissione Episcopale Italiana &#8211; Ufficio nazionale per le comunicazioni sociali e Servizio nazionale per il progetto culturale della CEI in [&hellip;]","og_url":"https:\/\/www.bellunopress.it\/fr\/2012\/11\/26\/teatri-del-sacro-tib-teatro-nuovamente-prescelto\/","og_site_name":"Bellunopress - Dolomiti","article_publisher":"https:\/\/www.facebook.com\/profile.php?id=100008943462799","article_published_time":"2012-11-26T10:56:05+00:00","article_modified_time":"2012-11-26T10:57:07+00:00","og_image":[{"url":"http:\/\/www.bellunopress.it\/wp-content\/uploads\/2011\/12\/maddalena-crippa-150x150.jpg","type":"","width":"","height":""}],"author":"redazione","twitter_card":"summary_large_image","twitter_creator":"@bellunopress","twitter_site":"@bellunopress","twitter_misc":{"\u00c9crit par":"redazione","Dur\u00e9e de lecture estim\u00e9e":"2 minutes"},"schema":{"@context":"https:\/\/schema.org","@graph":[{"@type":"Article","@id":"https:\/\/www.bellunopress.it\/2012\/11\/26\/teatri-del-sacro-tib-teatro-nuovamente-prescelto\/#article","isPartOf":{"@id":"https:\/\/www.bellunopress.it\/2012\/11\/26\/teatri-del-sacro-tib-teatro-nuovamente-prescelto\/"},"author":{"name":"redazione","@id":"https:\/\/www.bellunopress.it\/#\/schema\/person\/79bb06722b37ece1c03d3e94beb30d73"},"headline":"Teatri del sacro: Tib Teatro nuovamente prescelto","datePublished":"2012-11-26T10:56:05+00:00","dateModified":"2012-11-26T10:57:07+00:00","mainEntityOfPage":{"@id":"https:\/\/www.bellunopress.it\/2012\/11\/26\/teatri-del-sacro-tib-teatro-nuovamente-prescelto\/"},"wordCount":440,"publisher":{"@id":"https:\/\/www.bellunopress.it\/#organization"},"image":{"@id":"https:\/\/www.bellunopress.it\/2012\/11\/26\/teatri-del-sacro-tib-teatro-nuovamente-prescelto\/#primaryimage"},"thumbnailUrl":"http:\/\/www.bellunopress.it\/wp-content\/uploads\/2011\/12\/maddalena-crippa-150x150.jpg","articleSection":["Arte, Cultura, Spettacoli, Scienza","Prima Pagina"],"inLanguage":"fr-FR"},{"@type":"WebPage","@id":"https:\/\/www.bellunopress.it\/2012\/11\/26\/teatri-del-sacro-tib-teatro-nuovamente-prescelto\/","url":"https:\/\/www.bellunopress.it\/2012\/11\/26\/teatri-del-sacro-tib-teatro-nuovamente-prescelto\/","name":"Teatri del sacro: Tib Teatro nuovamente prescelto - Bellunopress - Dolomiti","isPartOf":{"@id":"https:\/\/www.bellunopress.it\/#website"},"primaryImageOfPage":{"@id":"https:\/\/www.bellunopress.it\/2012\/11\/26\/teatri-del-sacro-tib-teatro-nuovamente-prescelto\/#primaryimage"},"image":{"@id":"https:\/\/www.bellunopress.it\/2012\/11\/26\/teatri-del-sacro-tib-teatro-nuovamente-prescelto\/#primaryimage"},"thumbnailUrl":"http:\/\/www.bellunopress.it\/wp-content\/uploads\/2011\/12\/maddalena-crippa-150x150.jpg","datePublished":"2012-11-26T10:56:05+00:00","dateModified":"2012-11-26T10:57:07+00:00","breadcrumb":{"@id":"https:\/\/www.bellunopress.it\/2012\/11\/26\/teatri-del-sacro-tib-teatro-nuovamente-prescelto\/#breadcrumb"},"inLanguage":"fr-FR","potentialAction":[{"@type":"ReadAction","target":["https:\/\/www.bellunopress.it\/2012\/11\/26\/teatri-del-sacro-tib-teatro-nuovamente-prescelto\/"]}]},{"@type":"ImageObject","inLanguage":"fr-FR","@id":"https:\/\/www.bellunopress.it\/2012\/11\/26\/teatri-del-sacro-tib-teatro-nuovamente-prescelto\/#primaryimage","url":"http:\/\/www.bellunopress.it\/wp-content\/uploads\/2011\/12\/maddalena-crippa-150x150.jpg","contentUrl":"http:\/\/www.bellunopress.it\/wp-content\/uploads\/2011\/12\/maddalena-crippa-150x150.jpg"},{"@type":"BreadcrumbList","@id":"https:\/\/www.bellunopress.it\/2012\/11\/26\/teatri-del-sacro-tib-teatro-nuovamente-prescelto\/#breadcrumb","itemListElement":[{"@type":"ListItem","position":1,"name":"Home","item":"https:\/\/www.bellunopress.it\/"},{"@type":"ListItem","position":2,"name":"Teatri del sacro: Tib Teatro nuovamente prescelto"}]},{"@type":"WebSite","@id":"https:\/\/www.bellunopress.it\/#website","url":"https:\/\/www.bellunopress.it\/","name":"Bellunopress - Dolomiti","description":"e-mail: redazione@bellunopress.it","publisher":{"@id":"https:\/\/www.bellunopress.it\/#organization"},"potentialAction":[{"@type":"SearchAction","target":{"@type":"EntryPoint","urlTemplate":"https:\/\/www.bellunopress.it\/?s={search_term_string}"},"query-input":{"@type":"PropertyValueSpecification","valueRequired":true,"valueName":"search_term_string"}}],"inLanguage":"fr-FR"},{"@type":"Organization","@id":"https:\/\/www.bellunopress.it\/#organization","name":"Bellunopress","url":"https:\/\/www.bellunopress.it\/","logo":{"@type":"ImageObject","inLanguage":"fr-FR","@id":"https:\/\/www.bellunopress.it\/#\/schema\/logo\/image\/","url":"https:\/\/www.bellunopress.it\/wp-content\/uploads\/2011\/05\/cropped-logo-bellunopress-.jpg","contentUrl":"https:\/\/www.bellunopress.it\/wp-content\/uploads\/2011\/05\/cropped-logo-bellunopress-.jpg","width":512,"height":512,"caption":"Bellunopress"},"image":{"@id":"https:\/\/www.bellunopress.it\/#\/schema\/logo\/image\/"},"sameAs":["https:\/\/www.facebook.com\/profile.php?id=100008943462799","https:\/\/x.com\/bellunopress","https:\/\/www.linkedin.com\/hp\/?dnr=JBzUWaJfMUw8vbXJJ2tVW5-I3jZKvC4wsoxE&amp;amp;amp;amp;amp;amp;trk=nav_responsive_tab_home","https:\/\/www.youtube.com\/channel\/UCxL0wu1uN0_3_7hGG0306cw"]},{"@type":"Person","@id":"https:\/\/www.bellunopress.it\/#\/schema\/person\/79bb06722b37ece1c03d3e94beb30d73","name":"r\u00e9daction","image":{"@type":"ImageObject","inLanguage":"fr-FR","@id":"https:\/\/secure.gravatar.com\/avatar\/37d968a2e67a6fd04c169c4bdef102d0bc5d31b2546345219e348575eb80e9a0?s=96&d=mm&r=g","url":"https:\/\/secure.gravatar.com\/avatar\/37d968a2e67a6fd04c169c4bdef102d0bc5d31b2546345219e348575eb80e9a0?s=96&d=mm&r=g","contentUrl":"https:\/\/secure.gravatar.com\/avatar\/37d968a2e67a6fd04c169c4bdef102d0bc5d31b2546345219e348575eb80e9a0?s=96&d=mm&r=g","caption":"redazione"},"sameAs":["http:\/\/www.bellunopress.it","https:\/\/x.com\/bellunopress"],"url":"https:\/\/www.bellunopress.it\/fr\/author\/redazione\/"}]}},"_links":{"self":[{"href":"https:\/\/www.bellunopress.it\/fr\/wp-json\/wp\/v2\/posts\/44214","targetHints":{"allow":["GET"]}}],"collection":[{"href":"https:\/\/www.bellunopress.it\/fr\/wp-json\/wp\/v2\/posts"}],"about":[{"href":"https:\/\/www.bellunopress.it\/fr\/wp-json\/wp\/v2\/types\/post"}],"author":[{"embeddable":true,"href":"https:\/\/www.bellunopress.it\/fr\/wp-json\/wp\/v2\/users\/2"}],"replies":[{"embeddable":true,"href":"https:\/\/www.bellunopress.it\/fr\/wp-json\/wp\/v2\/comments?post=44214"}],"version-history":[{"count":2,"href":"https:\/\/www.bellunopress.it\/fr\/wp-json\/wp\/v2\/posts\/44214\/revisions"}],"predecessor-version":[{"id":44216,"href":"https:\/\/www.bellunopress.it\/fr\/wp-json\/wp\/v2\/posts\/44214\/revisions\/44216"}],"wp:attachment":[{"href":"https:\/\/www.bellunopress.it\/fr\/wp-json\/wp\/v2\/media?parent=44214"}],"wp:term":[{"taxonomy":"category","embeddable":true,"href":"https:\/\/www.bellunopress.it\/fr\/wp-json\/wp\/v2\/categories?post=44214"},{"taxonomy":"post_tag","embeddable":true,"href":"https:\/\/www.bellunopress.it\/fr\/wp-json\/wp\/v2\/tags?post=44214"}],"curies":[{"name":"wp","href":"https:\/\/api.w.org\/{rel}","templated":true}]}}