{"id":44212,"date":"2012-11-26T10:13:20","date_gmt":"2012-11-26T09:13:20","guid":{"rendered":"http:\/\/www.bellunopress.it\/?p=44212"},"modified":"2012-11-26T10:13:20","modified_gmt":"2012-11-26T09:13:20","slug":"sabato-i-dicembre-a-feltre-la-manifestazione-per-il-ringraziamento-ai-volontari-del-progetto-congo","status":"publish","type":"post","link":"https:\/\/www.bellunopress.it\/fr\/2012\/11\/26\/sabato-i-dicembre-a-feltre-la-manifestazione-per-il-ringraziamento-ai-volontari-del-progetto-congo\/","title":{"rendered":"Sabato I\u00b0 dicembre a Feltre la manifestazione per il ringraziamento ai volontari del progetto Congo"},"content":{"rendered":"<p>Sabato 1 dicembre presso l\u2019Auditorium dell\u2019Istituto Canossiano di Feltre, i volontari dell\u2019Associazione VOICA (Volontariato Internazionale Canossiano) racconteranno la loro esperienza estiva nella Repubblica Democratica del Congo per ringraziare tutti coloro che hanno partecipato al progetto con il loro contributo.<\/p>\n<p>\u201cPresso l\u2019ospedale di Ariwara, gestito dalle Madri Canossiane, insieme a due medici, &#8211; racconta suor Angelina delle Canossiane di Feltre &#8211; abbiamo attivato la terapia all\u2019ozono. Terapia che \u00e8 importantissima per quelle popolazioni perch\u00e9, a basso costo, permette la cura delle infezioni, dei dolori reumatici e la sterilizzazione dei ferri chirurgici. Le nostre due infermiere, che operano presso l\u2019ospedale di Feltre, hanno fatto formazione degli infermieri e in particolare hanno trasmesso la loro esperienza nella gestione della sala operatoria. I volontari pi\u00f9 giovani hanno abbellito con disegni i due padiglioni di pediatria e rinfrescato la pittura di altri ambienti dell\u2019ospedale.<\/p>\n<p>L\u2019attivit\u00e0 concreta e ben poca cosa rispetto a tutto il resto. Cosa significa?<\/p>\n<p>Il volontario &#8211; prosegue suor Angelina &#8211; porta sempre a casa non tanto il ricordo, e tanto meno l\u2019orgoglio, di quello che ha fatto. Porta invece dentro alla sua vita gli incontri vissuti, l\u2019accoglienza semplice e aperta, che gli \u00e8 stata data, la fede che gli \u00e8 cresciuta dentro nel pregare festosamente con tanta povera gente, e\u2026.. tutti gli \u201carrivederci\u201d che gli sono stati detti al momento della partenza.<\/p>\n<p>La condivisione con i poveri apre gli occhi perch\u00e9 vedi tanta\u2026 tanta\u2026 ingiustizia.<\/p>\n<p>L\u2019incontrarli, il comunicare con loro, anche con il linguaggio non verbale a volte, il vivere nel loro ambiente, l\u2019essere attenti a rispettare il loro stile di vita comprendendolo e facendolo proprio\u2026 arricchisce il cuore e la vita di umanit\u00e0. In conclusione, \u00e8 pi\u00f9 quello che si riceve che quello che si dona!\u201d<\/p>\n<p>La manifestazione si terr\u00e0 sabato 1 dicembre alle ore 20.30 presso l\u2019Auditorium dell\u2019Istituto Canossiano di Feltre. Sar\u00e0 presente la Banda Comunale di Arsi\u00e8 diretta dal maestro Ivan Villanova. Saranno presentate le foto dell\u2019esperienza. Un grazie particolare sar\u00e0 detto alla compagnia teatrale I Sedegot e ai Giovani della Consulta ai quali sar\u00e0 consegnata la foto della costruzione realizzata con il loro contributo dello scorso anno.<\/p>\n<p>A fine serata un gruppo di ragazzi della scuola agraria \u201cA.Della Lucia\u201d, aspiranti casari dell\u2019Associazione .Amici del Casel de Melam, offriranno alcuni assaggi dei loro prodotti.<\/p>\n<p>L\u2019entrata \u00e8 libera. Aspettiamo TUTTI, in particolare chi ha gi\u00e0 fatto esperienze di volontariato e chi desidererebbe farle.<\/p>","protected":false},"excerpt":{"rendered":"<p>Sabato 1 dicembre presso l\u2019Auditorium dell\u2019Istituto Canossiano di Feltre, i volontari dell\u2019Associazione VOICA (Volontariato Internazionale Canossiano) racconteranno la loro esperienza estiva nella Repubblica Democratica del Congo per ringraziare tutti coloro che hanno partecipato al progetto con il loro contributo. \u201cPresso l\u2019ospedale di Ariwara, gestito dalle Madri Canossiane, insieme a due medici, &#8211; racconta suor Angelina [&hellip;]<\/p>\n","protected":false},"author":2,"featured_media":0,"comment_status":"closed","ping_status":"open","sticky":false,"template":"","format":"standard","meta":{"footnotes":""},"categories":[27,25,8],"tags":[],"class_list":["post-44212","post","type-post","status-publish","format-standard","category-appuntamenti","category-pausa-caffe","category-societa-istituzioni"],"yoast_head":"<!-- This site is optimized with the Yoast SEO plugin v28.4 - https:\/\/yoast.com\/product\/yoast-seo-wordpress\/ -->\n<title>Sabato I\u00b0 dicembre a Feltre la manifestazione per il ringraziamento ai volontari del progetto Congo - Bellunopress - Dolomiti<\/title>\n<meta name=\"robots\" content=\"index, follow, max-snippet:-1, max-image-preview:large, max-video-preview:-1\" \/>\n<link rel=\"canonical\" href=\"https:\/\/www.bellunopress.it\/fr\/2012\/11\/26\/sabato-i-dicembre-a-feltre-la-manifestazione-per-il-ringraziamento-ai-volontari-del-progetto-congo\/\" \/>\n<meta property=\"og:locale\" content=\"fr_FR\" \/>\n<meta property=\"og:type\" content=\"article\" \/>\n<meta property=\"og:title\" content=\"Sabato I\u00b0 dicembre a Feltre la manifestazione per il ringraziamento ai volontari del progetto Congo - Bellunopress - Dolomiti\" \/>\n<meta property=\"og:description\" content=\"Sabato 1 dicembre presso l\u2019Auditorium dell\u2019Istituto Canossiano di Feltre, i volontari dell\u2019Associazione VOICA (Volontariato Internazionale Canossiano) racconteranno la loro esperienza estiva nella Repubblica Democratica del Congo per ringraziare tutti coloro che hanno partecipato al progetto con il loro contributo. \u201cPresso l\u2019ospedale di Ariwara, gestito dalle Madri Canossiane, insieme a due medici, &#8211; racconta suor Angelina [&hellip;]\" \/>\n<meta property=\"og:url\" content=\"https:\/\/www.bellunopress.it\/fr\/2012\/11\/26\/sabato-i-dicembre-a-feltre-la-manifestazione-per-il-ringraziamento-ai-volontari-del-progetto-congo\/\" \/>\n<meta property=\"og:site_name\" content=\"Bellunopress - Dolomiti\" \/>\n<meta property=\"article:publisher\" content=\"https:\/\/www.facebook.com\/profile.php?id=100008943462799\" \/>\n<meta property=\"article:published_time\" content=\"2012-11-26T09:13:20+00:00\" \/>\n<meta property=\"og:image\" content=\"http:\/\/www.bellunopress.it\/wp-content\/uploads\/2012\/07\/logo-bellunopress-250x250-2012.jpg\" \/>\n<meta name=\"author\" content=\"redazione\" \/>\n<meta name=\"twitter:card\" content=\"summary_large_image\" \/>\n<meta name=\"twitter:creator\" content=\"@bellunopress\" \/>\n<meta name=\"twitter:site\" content=\"@bellunopress\" \/>\n<meta name=\"twitter:label1\" content=\"Written by\" \/>\n\t<meta name=\"twitter:data1\" content=\"redazione\" \/>\n\t<meta name=\"twitter:label2\" content=\"Est. reading time\" \/>\n\t<meta name=\"twitter:data2\" content=\"2 minutes\" \/>\n<script type=\"application\/ld+json\" class=\"yoast-schema-graph\">{\"@context\":\"https:\\\/\\\/schema.org\",\"@graph\":[{\"@type\":\"Article\",\"@id\":\"https:\\\/\\\/www.bellunopress.it\\\/2012\\\/11\\\/26\\\/sabato-i-dicembre-a-feltre-la-manifestazione-per-il-ringraziamento-ai-volontari-del-progetto-congo\\\/#article\",\"isPartOf\":{\"@id\":\"https:\\\/\\\/www.bellunopress.it\\\/2012\\\/11\\\/26\\\/sabato-i-dicembre-a-feltre-la-manifestazione-per-il-ringraziamento-ai-volontari-del-progetto-congo\\\/\"},\"author\":{\"name\":\"redazione\",\"@id\":\"https:\\\/\\\/www.bellunopress.it\\\/#\\\/schema\\\/person\\\/79bb06722b37ece1c03d3e94beb30d73\"},\"headline\":\"Sabato I\u00b0 dicembre a Feltre la manifestazione per il ringraziamento ai volontari del progetto Congo\",\"datePublished\":\"2012-11-26T09:13:20+00:00\",\"mainEntityOfPage\":{\"@id\":\"https:\\\/\\\/www.bellunopress.it\\\/2012\\\/11\\\/26\\\/sabato-i-dicembre-a-feltre-la-manifestazione-per-il-ringraziamento-ai-volontari-del-progetto-congo\\\/\"},\"wordCount\":419,\"publisher\":{\"@id\":\"https:\\\/\\\/www.bellunopress.it\\\/#organization\"},\"articleSection\":[\"Appuntamenti, Eventi\",\"Pausa Caff\u00e8\",\"Societ\u00e0, Associazioni, Istituzioni\"],\"inLanguage\":\"fr-FR\"},{\"@type\":\"WebPage\",\"@id\":\"https:\\\/\\\/www.bellunopress.it\\\/2012\\\/11\\\/26\\\/sabato-i-dicembre-a-feltre-la-manifestazione-per-il-ringraziamento-ai-volontari-del-progetto-congo\\\/\",\"url\":\"https:\\\/\\\/www.bellunopress.it\\\/2012\\\/11\\\/26\\\/sabato-i-dicembre-a-feltre-la-manifestazione-per-il-ringraziamento-ai-volontari-del-progetto-congo\\\/\",\"name\":\"Sabato I\u00b0 dicembre a Feltre la manifestazione per il ringraziamento ai volontari del progetto Congo - Bellunopress - Dolomiti\",\"isPartOf\":{\"@id\":\"https:\\\/\\\/www.bellunopress.it\\\/#website\"},\"datePublished\":\"2012-11-26T09:13:20+00:00\",\"breadcrumb\":{\"@id\":\"https:\\\/\\\/www.bellunopress.it\\\/2012\\\/11\\\/26\\\/sabato-i-dicembre-a-feltre-la-manifestazione-per-il-ringraziamento-ai-volontari-del-progetto-congo\\\/#breadcrumb\"},\"inLanguage\":\"fr-FR\",\"potentialAction\":[{\"@type\":\"ReadAction\",\"target\":[\"https:\\\/\\\/www.bellunopress.it\\\/2012\\\/11\\\/26\\\/sabato-i-dicembre-a-feltre-la-manifestazione-per-il-ringraziamento-ai-volontari-del-progetto-congo\\\/\"]}]},{\"@type\":\"BreadcrumbList\",\"@id\":\"https:\\\/\\\/www.bellunopress.it\\\/2012\\\/11\\\/26\\\/sabato-i-dicembre-a-feltre-la-manifestazione-per-il-ringraziamento-ai-volontari-del-progetto-congo\\\/#breadcrumb\",\"itemListElement\":[{\"@type\":\"ListItem\",\"position\":1,\"name\":\"Home\",\"item\":\"https:\\\/\\\/www.bellunopress.it\\\/\"},{\"@type\":\"ListItem\",\"position\":2,\"name\":\"Sabato I\u00b0 dicembre a Feltre la manifestazione per il ringraziamento ai volontari del progetto Congo\"}]},{\"@type\":\"WebSite\",\"@id\":\"https:\\\/\\\/www.bellunopress.it\\\/#website\",\"url\":\"https:\\\/\\\/www.bellunopress.it\\\/\",\"name\":\"Bellunopress - Dolomiti\",\"description\":\"e-mail: redazione@bellunopress.it\",\"publisher\":{\"@id\":\"https:\\\/\\\/www.bellunopress.it\\\/#organization\"},\"potentialAction\":[{\"@type\":\"SearchAction\",\"target\":{\"@type\":\"EntryPoint\",\"urlTemplate\":\"https:\\\/\\\/www.bellunopress.it\\\/?s={search_term_string}\"},\"query-input\":{\"@type\":\"PropertyValueSpecification\",\"valueRequired\":true,\"valueName\":\"search_term_string\"}}],\"inLanguage\":\"fr-FR\"},{\"@type\":\"Organization\",\"@id\":\"https:\\\/\\\/www.bellunopress.it\\\/#organization\",\"name\":\"Bellunopress\",\"url\":\"https:\\\/\\\/www.bellunopress.it\\\/\",\"logo\":{\"@type\":\"ImageObject\",\"inLanguage\":\"fr-FR\",\"@id\":\"https:\\\/\\\/www.bellunopress.it\\\/#\\\/schema\\\/logo\\\/image\\\/\",\"url\":\"https:\\\/\\\/www.bellunopress.it\\\/wp-content\\\/uploads\\\/2011\\\/05\\\/cropped-logo-bellunopress-.jpg\",\"contentUrl\":\"https:\\\/\\\/www.bellunopress.it\\\/wp-content\\\/uploads\\\/2011\\\/05\\\/cropped-logo-bellunopress-.jpg\",\"width\":512,\"height\":512,\"caption\":\"Bellunopress\"},\"image\":{\"@id\":\"https:\\\/\\\/www.bellunopress.it\\\/#\\\/schema\\\/logo\\\/image\\\/\"},\"sameAs\":[\"https:\\\/\\\/www.facebook.com\\\/profile.php?id=100008943462799\",\"https:\\\/\\\/x.com\\\/bellunopress\",\"https:\\\/\\\/www.linkedin.com\\\/hp\\\/?dnr=JBzUWaJfMUw8vbXJJ2tVW5-I3jZKvC4wsoxE&amp;amp;amp;amp;amp;amp;trk=nav_responsive_tab_home\",\"https:\\\/\\\/www.youtube.com\\\/channel\\\/UCxL0wu1uN0_3_7hGG0306cw\"]},{\"@type\":\"Person\",\"@id\":\"https:\\\/\\\/www.bellunopress.it\\\/#\\\/schema\\\/person\\\/79bb06722b37ece1c03d3e94beb30d73\",\"name\":\"redazione\",\"image\":{\"@type\":\"ImageObject\",\"inLanguage\":\"fr-FR\",\"@id\":\"https:\\\/\\\/secure.gravatar.com\\\/avatar\\\/37d968a2e67a6fd04c169c4bdef102d0bc5d31b2546345219e348575eb80e9a0?s=96&d=mm&r=g\",\"url\":\"https:\\\/\\\/secure.gravatar.com\\\/avatar\\\/37d968a2e67a6fd04c169c4bdef102d0bc5d31b2546345219e348575eb80e9a0?s=96&d=mm&r=g\",\"contentUrl\":\"https:\\\/\\\/secure.gravatar.com\\\/avatar\\\/37d968a2e67a6fd04c169c4bdef102d0bc5d31b2546345219e348575eb80e9a0?s=96&d=mm&r=g\",\"caption\":\"redazione\"},\"sameAs\":[\"http:\\\/\\\/www.bellunopress.it\",\"https:\\\/\\\/x.com\\\/bellunopress\"],\"url\":\"https:\\\/\\\/www.bellunopress.it\\\/fr\\\/author\\\/redazione\\\/\"}]}<\/script>\n<!-- \/ Yoast SEO plugin. -->","yoast_head_json":{"title":"Sabato I\u00b0 dicembre a Feltre la manifestazione per il ringraziamento ai volontari del progetto Congo - Bellunopress - Dolomiti","robots":{"index":"index","follow":"follow","max-snippet":"max-snippet:-1","max-image-preview":"max-image-preview:large","max-video-preview":"max-video-preview:-1"},"canonical":"https:\/\/www.bellunopress.it\/fr\/2012\/11\/26\/sabato-i-dicembre-a-feltre-la-manifestazione-per-il-ringraziamento-ai-volontari-del-progetto-congo\/","og_locale":"fr_FR","og_type":"article","og_title":"Sabato I\u00b0 dicembre a Feltre la manifestazione per il ringraziamento ai volontari del progetto Congo - Bellunopress - Dolomiti","og_description":"Sabato 1 dicembre presso l\u2019Auditorium dell\u2019Istituto Canossiano di Feltre, i volontari dell\u2019Associazione VOICA (Volontariato Internazionale Canossiano) racconteranno la loro esperienza estiva nella Repubblica Democratica del Congo per ringraziare tutti coloro che hanno partecipato al progetto con il loro contributo. \u201cPresso l\u2019ospedale di Ariwara, gestito dalle Madri Canossiane, insieme a due medici, &#8211; racconta suor Angelina [&hellip;]","og_url":"https:\/\/www.bellunopress.it\/fr\/2012\/11\/26\/sabato-i-dicembre-a-feltre-la-manifestazione-per-il-ringraziamento-ai-volontari-del-progetto-congo\/","og_site_name":"Bellunopress - Dolomiti","article_publisher":"https:\/\/www.facebook.com\/profile.php?id=100008943462799","article_published_time":"2012-11-26T09:13:20+00:00","og_image":[{"url":"http:\/\/www.bellunopress.it\/wp-content\/uploads\/2012\/07\/logo-bellunopress-250x250-2012.jpg","type":"","width":"","height":""}],"author":"redazione","twitter_card":"summary_large_image","twitter_creator":"@bellunopress","twitter_site":"@bellunopress","twitter_misc":{"Written by":"redazione","Est. reading time":"2 minutes"},"schema":{"@context":"https:\/\/schema.org","@graph":[{"@type":"Article","@id":"https:\/\/www.bellunopress.it\/2012\/11\/26\/sabato-i-dicembre-a-feltre-la-manifestazione-per-il-ringraziamento-ai-volontari-del-progetto-congo\/#article","isPartOf":{"@id":"https:\/\/www.bellunopress.it\/2012\/11\/26\/sabato-i-dicembre-a-feltre-la-manifestazione-per-il-ringraziamento-ai-volontari-del-progetto-congo\/"},"author":{"name":"redazione","@id":"https:\/\/www.bellunopress.it\/#\/schema\/person\/79bb06722b37ece1c03d3e94beb30d73"},"headline":"Sabato I\u00b0 dicembre a Feltre la manifestazione per il ringraziamento ai volontari del progetto Congo","datePublished":"2012-11-26T09:13:20+00:00","mainEntityOfPage":{"@id":"https:\/\/www.bellunopress.it\/2012\/11\/26\/sabato-i-dicembre-a-feltre-la-manifestazione-per-il-ringraziamento-ai-volontari-del-progetto-congo\/"},"wordCount":419,"publisher":{"@id":"https:\/\/www.bellunopress.it\/#organization"},"articleSection":["Appuntamenti, Eventi","Pausa Caff\u00e8","Societ\u00e0, Associazioni, Istituzioni"],"inLanguage":"fr-FR"},{"@type":"WebPage","@id":"https:\/\/www.bellunopress.it\/2012\/11\/26\/sabato-i-dicembre-a-feltre-la-manifestazione-per-il-ringraziamento-ai-volontari-del-progetto-congo\/","url":"https:\/\/www.bellunopress.it\/2012\/11\/26\/sabato-i-dicembre-a-feltre-la-manifestazione-per-il-ringraziamento-ai-volontari-del-progetto-congo\/","name":"Sabato I\u00b0 dicembre a Feltre la manifestazione per il ringraziamento ai volontari del progetto Congo - Bellunopress - Dolomiti","isPartOf":{"@id":"https:\/\/www.bellunopress.it\/#website"},"datePublished":"2012-11-26T09:13:20+00:00","breadcrumb":{"@id":"https:\/\/www.bellunopress.it\/2012\/11\/26\/sabato-i-dicembre-a-feltre-la-manifestazione-per-il-ringraziamento-ai-volontari-del-progetto-congo\/#breadcrumb"},"inLanguage":"fr-FR","potentialAction":[{"@type":"ReadAction","target":["https:\/\/www.bellunopress.it\/2012\/11\/26\/sabato-i-dicembre-a-feltre-la-manifestazione-per-il-ringraziamento-ai-volontari-del-progetto-congo\/"]}]},{"@type":"BreadcrumbList","@id":"https:\/\/www.bellunopress.it\/2012\/11\/26\/sabato-i-dicembre-a-feltre-la-manifestazione-per-il-ringraziamento-ai-volontari-del-progetto-congo\/#breadcrumb","itemListElement":[{"@type":"ListItem","position":1,"name":"Home","item":"https:\/\/www.bellunopress.it\/"},{"@type":"ListItem","position":2,"name":"Sabato I\u00b0 dicembre a Feltre la manifestazione per il ringraziamento ai volontari del progetto Congo"}]},{"@type":"WebSite","@id":"https:\/\/www.bellunopress.it\/#website","url":"https:\/\/www.bellunopress.it\/","name":"Bellunopress - Dolomiti","description":"e-mail: redazione@bellunopress.it","publisher":{"@id":"https:\/\/www.bellunopress.it\/#organization"},"potentialAction":[{"@type":"SearchAction","target":{"@type":"EntryPoint","urlTemplate":"https:\/\/www.bellunopress.it\/?s={search_term_string}"},"query-input":{"@type":"PropertyValueSpecification","valueRequired":true,"valueName":"search_term_string"}}],"inLanguage":"fr-FR"},{"@type":"Organization","@id":"https:\/\/www.bellunopress.it\/#organization","name":"Bellunopress","url":"https:\/\/www.bellunopress.it\/","logo":{"@type":"ImageObject","inLanguage":"fr-FR","@id":"https:\/\/www.bellunopress.it\/#\/schema\/logo\/image\/","url":"https:\/\/www.bellunopress.it\/wp-content\/uploads\/2011\/05\/cropped-logo-bellunopress-.jpg","contentUrl":"https:\/\/www.bellunopress.it\/wp-content\/uploads\/2011\/05\/cropped-logo-bellunopress-.jpg","width":512,"height":512,"caption":"Bellunopress"},"image":{"@id":"https:\/\/www.bellunopress.it\/#\/schema\/logo\/image\/"},"sameAs":["https:\/\/www.facebook.com\/profile.php?id=100008943462799","https:\/\/x.com\/bellunopress","https:\/\/www.linkedin.com\/hp\/?dnr=JBzUWaJfMUw8vbXJJ2tVW5-I3jZKvC4wsoxE&amp;amp;amp;amp;amp;amp;trk=nav_responsive_tab_home","https:\/\/www.youtube.com\/channel\/UCxL0wu1uN0_3_7hGG0306cw"]},{"@type":"Person","@id":"https:\/\/www.bellunopress.it\/#\/schema\/person\/79bb06722b37ece1c03d3e94beb30d73","name":"r\u00e9daction","image":{"@type":"ImageObject","inLanguage":"fr-FR","@id":"https:\/\/secure.gravatar.com\/avatar\/37d968a2e67a6fd04c169c4bdef102d0bc5d31b2546345219e348575eb80e9a0?s=96&d=mm&r=g","url":"https:\/\/secure.gravatar.com\/avatar\/37d968a2e67a6fd04c169c4bdef102d0bc5d31b2546345219e348575eb80e9a0?s=96&d=mm&r=g","contentUrl":"https:\/\/secure.gravatar.com\/avatar\/37d968a2e67a6fd04c169c4bdef102d0bc5d31b2546345219e348575eb80e9a0?s=96&d=mm&r=g","caption":"redazione"},"sameAs":["http:\/\/www.bellunopress.it","https:\/\/x.com\/bellunopress"],"url":"https:\/\/www.bellunopress.it\/fr\/author\/redazione\/"}]}},"_links":{"self":[{"href":"https:\/\/www.bellunopress.it\/fr\/wp-json\/wp\/v2\/posts\/44212","targetHints":{"allow":["GET"]}}],"collection":[{"href":"https:\/\/www.bellunopress.it\/fr\/wp-json\/wp\/v2\/posts"}],"about":[{"href":"https:\/\/www.bellunopress.it\/fr\/wp-json\/wp\/v2\/types\/post"}],"author":[{"embeddable":true,"href":"https:\/\/www.bellunopress.it\/fr\/wp-json\/wp\/v2\/users\/2"}],"replies":[{"embeddable":true,"href":"https:\/\/www.bellunopress.it\/fr\/wp-json\/wp\/v2\/comments?post=44212"}],"version-history":[{"count":1,"href":"https:\/\/www.bellunopress.it\/fr\/wp-json\/wp\/v2\/posts\/44212\/revisions"}],"predecessor-version":[{"id":44213,"href":"https:\/\/www.bellunopress.it\/fr\/wp-json\/wp\/v2\/posts\/44212\/revisions\/44213"}],"wp:attachment":[{"href":"https:\/\/www.bellunopress.it\/fr\/wp-json\/wp\/v2\/media?parent=44212"}],"wp:term":[{"taxonomy":"category","embeddable":true,"href":"https:\/\/www.bellunopress.it\/fr\/wp-json\/wp\/v2\/categories?post=44212"},{"taxonomy":"post_tag","embeddable":true,"href":"https:\/\/www.bellunopress.it\/fr\/wp-json\/wp\/v2\/tags?post=44212"}],"curies":[{"name":"wp","href":"https:\/\/api.w.org\/{rel}","templated":true}]}}