{"id":44207,"date":"2012-11-26T08:08:20","date_gmt":"2012-11-26T07:08:20","guid":{"rendered":"http:\/\/www.bellunopress.it\/?p=44207"},"modified":"2012-11-26T08:08:20","modified_gmt":"2012-11-26T07:08:20","slug":"continua-il-grande-momento-del-belluno-calcio","status":"publish","type":"post","link":"https:\/\/www.bellunopress.it\/fr\/2012\/11\/26\/continua-il-grande-momento-del-belluno-calcio\/","title":{"rendered":"Continua il grande momento del Belluno calcio"},"content":{"rendered":"<p><a href=\"http:\/\/www.bellunopress.it\/wp-content\/uploads\/2012\/10\/calcio-belluno.jpg\"><img loading=\"lazy\" decoding=\"async\" class=\"alignleft size-thumbnail wp-image-43253\" title=\"calcio belluno\" src=\"http:\/\/www.bellunopress.it\/wp-content\/uploads\/2012\/10\/calcio-belluno-150x150.jpg\" alt=\"\" width=\"150\" height=\"150\" \/><\/a>Grande prestazione per la squadra di Roberto Raschi che si impone per 1-0 contro l\u2019Union Quinto. Vittoria fondamentale arrivata contro l\u2019ultima in classifica, ma decisiva per continuare la striscia di risultati utili consecutivi. Partita decisa al 60\u2019 da Radrezza che trafigge il portiere trevigiano con un potente tiro dal limite dell\u2019area di rigore. La squadra gialloblu ha dominato per tutto il match, fallendo diverse occasioni da gol. Solo nel finale l\u2019Union Quinto ha provato ad impensierire la retroguardia difensiva, soprattutto con dei lanci dalla propria met\u00e0 campo, senza per\u00f2 impensierire pi\u00f9 di tanto D\u2019Antimo.<\/p>\n<p>La cronaca completa della partita \u00e8 disponibile al seguente link: http:\/\/www.acbelluno1905.it\/2012\/11\/25\/diretta-a-c-belluno-1905-union-quinto-test\/<\/p>\n<p>&nbsp;<\/p>\n<p>VOCI DAGLI SPOGLIATOI<\/p>\n<p>\u00a0Raschi: \u201cSono molto felice per la prestazione della mia squadra,\u201d spiega il mister gialloblu. \u201cAbbiamo creato tantissime occasioni ma purtroppo siamo riusciti a concretizzarne solamente una. La cosa importante comunque sono i 3 punti che abbiamo conquistato. Con il tempo impareremo a gestire meglio queste situazioni, cercando di non soffrire fino alla fine come \u00e8 successo oggi. Adesso ci aspettano quattro partite prima della fine del girone d\u2019andata e dobbiamo riuscire a conquistare pi\u00f9 punti possibile, soprattutto perch\u00e9 affronteremo delle squadre in lotta per la salvezza diretta come noi.&#8221;<\/p>\n<p>Padovan: \u201cSono contento sia per la mia prestazione che per quella della squadra,\u201d spiega Padovan. \u201cIl Quinto non si \u00e8 mai reso pericoloso e hanno giocato solamente con lanci lunghi dalla loro met\u00e0 campo. Abbiamo sbagliato troppe occasioni ma la cosa importante \u00e8 che siamo riusciti a conquistare 3 punti fondamentali.\u201d<\/p>\n<p>Radrezza: \u201cGodiamoci questa importante vittoria,\u201d spiega il match winner. \u201cHo chiuso la partita con i crampi ma \u00e8 stata tutta la squadra a sacrificarsi oggi. Peccato non aver chiuso prima la partita, avremmo sofferto tutti meno. Ci aspettano 4 partite fondamentali adesso dove cercheremo di raccogliere il massimo dei punti.\u201d<\/p>\n<p>Acka: \u201cSono felice del mio rientro in campo dopo il turno di squalifica,\u201d spiega Acka. \u201cStiamo facendo un bellissimo campionato. Oggi il risultato poteva essere pi\u00f9 ampio ma il loro portiere \u00e8 stato uno dei migliori in campo. Abbiamo totalizzato 7 punti in 3 partite ma non dobbiamo rilassarci perch\u00e9 la salvezza \u00e8 ancora lontana.\u201d<\/p>\n<p>\u00a0Marcatori: 60\u2019 Radrezza<\/p>\n<p>\u00a0A.C Belluno 1905: 1. D\u2019Antimo, 2. Gallonetto, 3. Mosca, 4. Acka, 5. Brustolon, 6. Sommacal, 7. Moretti (66\u2019st 15. Brichese), 8. Furlan, 9. Corbanese, 10. Radrezza, 11. Padovan (80\u2019st 14. De Filippo F.)<\/p>\n<p>A disposizione: 12. Rossetto, 13. Zandanel, 16. Crose, 17. De Filippo Stefano, 18. Simonetti<\/p>\n<p>Allenatore: Roberto Raschi<\/p>\n<p>\u00a0Union Quinto: 1. Sartorello, 2. Montin, 3. Vez\u00f9, 4. Coppola, 5. Pedon, 6. Deorato, 7. Salbre, 8. Vigo, 9. Volpato, 10. Cacurio, 11. Mattiazzo<\/p>\n<p>A disposizione: 12. Franceschini, 13. Sagato, 14. Tonet, 15. Bytyqi, 16. Vidotto, 17. Marchetto, 18. Franchetto<\/p>\n<p>Allenatore: Stefano Romanin<\/p>\n<p>\u00a0Arbitro: Valentina Garoffolo<\/p>\n<p>1\u00b0Assistente: Fabio Rosati<\/p>\n<p>2\u00b0Assistente: Simone Bolsieri di<\/p>\n<p>\u00a0Ammoniti: Montin, Vigo<\/p>\n<p>Recupero: 1\u2019 pt, 4\u2019 st<\/p>\n<p>&nbsp;<\/p>\n<p>&nbsp;<\/p>","protected":false},"excerpt":{"rendered":"<p>Grande prestazione per la squadra di Roberto Raschi che si impone per 1-0 contro l\u2019Union Quinto. Vittoria fondamentale arrivata contro l\u2019ultima in classifica, ma decisiva per continuare la striscia di risultati utili consecutivi. Partita decisa al 60\u2019 da Radrezza che trafigge il portiere trevigiano con un potente tiro dal limite dell\u2019area di rigore. La squadra [&hellip;]<\/p>\n","protected":false},"author":2,"featured_media":0,"comment_status":"closed","ping_status":"open","sticky":false,"template":"","format":"standard","meta":{"footnotes":""},"categories":[26,4],"tags":[],"class_list":["post-44207","post","type-post","status-publish","format-standard","category-prima-pagina","category-sport"],"yoast_head":"<!-- This site is optimized with the Yoast SEO plugin v28.4 - https:\/\/yoast.com\/product\/yoast-seo-wordpress\/ -->\n<title>Continua il grande momento del Belluno calcio - Bellunopress - Dolomiti<\/title>\n<meta name=\"robots\" content=\"index, follow, max-snippet:-1, max-image-preview:large, max-video-preview:-1\" \/>\n<link rel=\"canonical\" href=\"https:\/\/www.bellunopress.it\/fr\/2012\/11\/26\/continua-il-grande-momento-del-belluno-calcio\/\" \/>\n<meta property=\"og:locale\" content=\"fr_FR\" \/>\n<meta property=\"og:type\" content=\"article\" \/>\n<meta property=\"og:title\" content=\"Continua il grande momento del Belluno calcio - Bellunopress - Dolomiti\" \/>\n<meta property=\"og:description\" content=\"Grande prestazione per la squadra di Roberto Raschi che si impone per 1-0 contro l\u2019Union Quinto. Vittoria fondamentale arrivata contro l\u2019ultima in classifica, ma decisiva per continuare la striscia di risultati utili consecutivi. Partita decisa al 60\u2019 da Radrezza che trafigge il portiere trevigiano con un potente tiro dal limite dell\u2019area di rigore. La squadra [&hellip;]\" \/>\n<meta property=\"og:url\" content=\"https:\/\/www.bellunopress.it\/fr\/2012\/11\/26\/continua-il-grande-momento-del-belluno-calcio\/\" \/>\n<meta property=\"og:site_name\" content=\"Bellunopress - Dolomiti\" \/>\n<meta property=\"article:publisher\" content=\"https:\/\/www.facebook.com\/profile.php?id=100008943462799\" \/>\n<meta property=\"article:published_time\" content=\"2012-11-26T07:08:20+00:00\" \/>\n<meta property=\"og:image\" content=\"http:\/\/www.bellunopress.it\/wp-content\/uploads\/2012\/10\/calcio-belluno-150x150.jpg\" \/>\n<meta name=\"author\" content=\"redazione\" \/>\n<meta name=\"twitter:card\" content=\"summary_large_image\" \/>\n<meta name=\"twitter:creator\" content=\"@bellunopress\" \/>\n<meta name=\"twitter:site\" content=\"@bellunopress\" \/>\n<meta name=\"twitter:label1\" content=\"\u00c9crit par\" \/>\n\t<meta name=\"twitter:data1\" content=\"redazione\" \/>\n\t<meta name=\"twitter:label2\" content=\"Dur\u00e9e de lecture estim\u00e9e\" \/>\n\t<meta name=\"twitter:data2\" content=\"2 minutes\" \/>\n<script type=\"application\/ld+json\" class=\"yoast-schema-graph\">{\"@context\":\"https:\\\/\\\/schema.org\",\"@graph\":[{\"@type\":\"Article\",\"@id\":\"https:\\\/\\\/www.bellunopress.it\\\/2012\\\/11\\\/26\\\/continua-il-grande-momento-del-belluno-calcio\\\/#article\",\"isPartOf\":{\"@id\":\"https:\\\/\\\/www.bellunopress.it\\\/2012\\\/11\\\/26\\\/continua-il-grande-momento-del-belluno-calcio\\\/\"},\"author\":{\"name\":\"redazione\",\"@id\":\"https:\\\/\\\/www.bellunopress.it\\\/#\\\/schema\\\/person\\\/79bb06722b37ece1c03d3e94beb30d73\"},\"headline\":\"Continua il grande momento del Belluno calcio\",\"datePublished\":\"2012-11-26T07:08:20+00:00\",\"mainEntityOfPage\":{\"@id\":\"https:\\\/\\\/www.bellunopress.it\\\/2012\\\/11\\\/26\\\/continua-il-grande-momento-del-belluno-calcio\\\/\"},\"wordCount\":437,\"publisher\":{\"@id\":\"https:\\\/\\\/www.bellunopress.it\\\/#organization\"},\"image\":{\"@id\":\"https:\\\/\\\/www.bellunopress.it\\\/2012\\\/11\\\/26\\\/continua-il-grande-momento-del-belluno-calcio\\\/#primaryimage\"},\"thumbnailUrl\":\"http:\\\/\\\/www.bellunopress.it\\\/wp-content\\\/uploads\\\/2012\\\/10\\\/calcio-belluno-150x150.jpg\",\"articleSection\":[\"Prima Pagina\",\"Sport, tempo libero\"],\"inLanguage\":\"fr-FR\"},{\"@type\":\"WebPage\",\"@id\":\"https:\\\/\\\/www.bellunopress.it\\\/2012\\\/11\\\/26\\\/continua-il-grande-momento-del-belluno-calcio\\\/\",\"url\":\"https:\\\/\\\/www.bellunopress.it\\\/2012\\\/11\\\/26\\\/continua-il-grande-momento-del-belluno-calcio\\\/\",\"name\":\"Continua il grande momento del Belluno calcio - Bellunopress - Dolomiti\",\"isPartOf\":{\"@id\":\"https:\\\/\\\/www.bellunopress.it\\\/#website\"},\"primaryImageOfPage\":{\"@id\":\"https:\\\/\\\/www.bellunopress.it\\\/2012\\\/11\\\/26\\\/continua-il-grande-momento-del-belluno-calcio\\\/#primaryimage\"},\"image\":{\"@id\":\"https:\\\/\\\/www.bellunopress.it\\\/2012\\\/11\\\/26\\\/continua-il-grande-momento-del-belluno-calcio\\\/#primaryimage\"},\"thumbnailUrl\":\"http:\\\/\\\/www.bellunopress.it\\\/wp-content\\\/uploads\\\/2012\\\/10\\\/calcio-belluno-150x150.jpg\",\"datePublished\":\"2012-11-26T07:08:20+00:00\",\"breadcrumb\":{\"@id\":\"https:\\\/\\\/www.bellunopress.it\\\/2012\\\/11\\\/26\\\/continua-il-grande-momento-del-belluno-calcio\\\/#breadcrumb\"},\"inLanguage\":\"fr-FR\",\"potentialAction\":[{\"@type\":\"ReadAction\",\"target\":[\"https:\\\/\\\/www.bellunopress.it\\\/2012\\\/11\\\/26\\\/continua-il-grande-momento-del-belluno-calcio\\\/\"]}]},{\"@type\":\"ImageObject\",\"inLanguage\":\"fr-FR\",\"@id\":\"https:\\\/\\\/www.bellunopress.it\\\/2012\\\/11\\\/26\\\/continua-il-grande-momento-del-belluno-calcio\\\/#primaryimage\",\"url\":\"http:\\\/\\\/www.bellunopress.it\\\/wp-content\\\/uploads\\\/2012\\\/10\\\/calcio-belluno-150x150.jpg\",\"contentUrl\":\"http:\\\/\\\/www.bellunopress.it\\\/wp-content\\\/uploads\\\/2012\\\/10\\\/calcio-belluno-150x150.jpg\"},{\"@type\":\"BreadcrumbList\",\"@id\":\"https:\\\/\\\/www.bellunopress.it\\\/2012\\\/11\\\/26\\\/continua-il-grande-momento-del-belluno-calcio\\\/#breadcrumb\",\"itemListElement\":[{\"@type\":\"ListItem\",\"position\":1,\"name\":\"Home\",\"item\":\"https:\\\/\\\/www.bellunopress.it\\\/\"},{\"@type\":\"ListItem\",\"position\":2,\"name\":\"Continua il grande momento del Belluno calcio\"}]},{\"@type\":\"WebSite\",\"@id\":\"https:\\\/\\\/www.bellunopress.it\\\/#website\",\"url\":\"https:\\\/\\\/www.bellunopress.it\\\/\",\"name\":\"Bellunopress - Dolomiti\",\"description\":\"e-mail: redazione@bellunopress.it\",\"publisher\":{\"@id\":\"https:\\\/\\\/www.bellunopress.it\\\/#organization\"},\"potentialAction\":[{\"@type\":\"SearchAction\",\"target\":{\"@type\":\"EntryPoint\",\"urlTemplate\":\"https:\\\/\\\/www.bellunopress.it\\\/?s={search_term_string}\"},\"query-input\":{\"@type\":\"PropertyValueSpecification\",\"valueRequired\":true,\"valueName\":\"search_term_string\"}}],\"inLanguage\":\"fr-FR\"},{\"@type\":\"Organization\",\"@id\":\"https:\\\/\\\/www.bellunopress.it\\\/#organization\",\"name\":\"Bellunopress\",\"url\":\"https:\\\/\\\/www.bellunopress.it\\\/\",\"logo\":{\"@type\":\"ImageObject\",\"inLanguage\":\"fr-FR\",\"@id\":\"https:\\\/\\\/www.bellunopress.it\\\/#\\\/schema\\\/logo\\\/image\\\/\",\"url\":\"https:\\\/\\\/www.bellunopress.it\\\/wp-content\\\/uploads\\\/2011\\\/05\\\/cropped-logo-bellunopress-.jpg\",\"contentUrl\":\"https:\\\/\\\/www.bellunopress.it\\\/wp-content\\\/uploads\\\/2011\\\/05\\\/cropped-logo-bellunopress-.jpg\",\"width\":512,\"height\":512,\"caption\":\"Bellunopress\"},\"image\":{\"@id\":\"https:\\\/\\\/www.bellunopress.it\\\/#\\\/schema\\\/logo\\\/image\\\/\"},\"sameAs\":[\"https:\\\/\\\/www.facebook.com\\\/profile.php?id=100008943462799\",\"https:\\\/\\\/x.com\\\/bellunopress\",\"https:\\\/\\\/www.linkedin.com\\\/hp\\\/?dnr=JBzUWaJfMUw8vbXJJ2tVW5-I3jZKvC4wsoxE&amp;amp;amp;amp;amp;amp;trk=nav_responsive_tab_home\",\"https:\\\/\\\/www.youtube.com\\\/channel\\\/UCxL0wu1uN0_3_7hGG0306cw\"]},{\"@type\":\"Person\",\"@id\":\"https:\\\/\\\/www.bellunopress.it\\\/#\\\/schema\\\/person\\\/79bb06722b37ece1c03d3e94beb30d73\",\"name\":\"redazione\",\"image\":{\"@type\":\"ImageObject\",\"inLanguage\":\"fr-FR\",\"@id\":\"https:\\\/\\\/secure.gravatar.com\\\/avatar\\\/37d968a2e67a6fd04c169c4bdef102d0bc5d31b2546345219e348575eb80e9a0?s=96&d=mm&r=g\",\"url\":\"https:\\\/\\\/secure.gravatar.com\\\/avatar\\\/37d968a2e67a6fd04c169c4bdef102d0bc5d31b2546345219e348575eb80e9a0?s=96&d=mm&r=g\",\"contentUrl\":\"https:\\\/\\\/secure.gravatar.com\\\/avatar\\\/37d968a2e67a6fd04c169c4bdef102d0bc5d31b2546345219e348575eb80e9a0?s=96&d=mm&r=g\",\"caption\":\"redazione\"},\"sameAs\":[\"http:\\\/\\\/www.bellunopress.it\",\"https:\\\/\\\/x.com\\\/bellunopress\"],\"url\":\"https:\\\/\\\/www.bellunopress.it\\\/fr\\\/author\\\/redazione\\\/\"}]}<\/script>\n<!-- \/ Yoast SEO plugin. -->","yoast_head_json":{"title":"Continua il grande momento del Belluno calcio - Bellunopress - Dolomiti","robots":{"index":"index","follow":"follow","max-snippet":"max-snippet:-1","max-image-preview":"max-image-preview:large","max-video-preview":"max-video-preview:-1"},"canonical":"https:\/\/www.bellunopress.it\/fr\/2012\/11\/26\/continua-il-grande-momento-del-belluno-calcio\/","og_locale":"fr_FR","og_type":"article","og_title":"Continua il grande momento del Belluno calcio - Bellunopress - Dolomiti","og_description":"Grande prestazione per la squadra di Roberto Raschi che si impone per 1-0 contro l\u2019Union Quinto. Vittoria fondamentale arrivata contro l\u2019ultima in classifica, ma decisiva per continuare la striscia di risultati utili consecutivi. Partita decisa al 60\u2019 da Radrezza che trafigge il portiere trevigiano con un potente tiro dal limite dell\u2019area di rigore. La squadra [&hellip;]","og_url":"https:\/\/www.bellunopress.it\/fr\/2012\/11\/26\/continua-il-grande-momento-del-belluno-calcio\/","og_site_name":"Bellunopress - Dolomiti","article_publisher":"https:\/\/www.facebook.com\/profile.php?id=100008943462799","article_published_time":"2012-11-26T07:08:20+00:00","og_image":[{"url":"http:\/\/www.bellunopress.it\/wp-content\/uploads\/2012\/10\/calcio-belluno-150x150.jpg","type":"","width":"","height":""}],"author":"redazione","twitter_card":"summary_large_image","twitter_creator":"@bellunopress","twitter_site":"@bellunopress","twitter_misc":{"\u00c9crit par":"redazione","Dur\u00e9e de lecture estim\u00e9e":"2 minutes"},"schema":{"@context":"https:\/\/schema.org","@graph":[{"@type":"Article","@id":"https:\/\/www.bellunopress.it\/2012\/11\/26\/continua-il-grande-momento-del-belluno-calcio\/#article","isPartOf":{"@id":"https:\/\/www.bellunopress.it\/2012\/11\/26\/continua-il-grande-momento-del-belluno-calcio\/"},"author":{"name":"redazione","@id":"https:\/\/www.bellunopress.it\/#\/schema\/person\/79bb06722b37ece1c03d3e94beb30d73"},"headline":"Continua il grande momento del Belluno calcio","datePublished":"2012-11-26T07:08:20+00:00","mainEntityOfPage":{"@id":"https:\/\/www.bellunopress.it\/2012\/11\/26\/continua-il-grande-momento-del-belluno-calcio\/"},"wordCount":437,"publisher":{"@id":"https:\/\/www.bellunopress.it\/#organization"},"image":{"@id":"https:\/\/www.bellunopress.it\/2012\/11\/26\/continua-il-grande-momento-del-belluno-calcio\/#primaryimage"},"thumbnailUrl":"http:\/\/www.bellunopress.it\/wp-content\/uploads\/2012\/10\/calcio-belluno-150x150.jpg","articleSection":["Prima Pagina","Sport, tempo libero"],"inLanguage":"fr-FR"},{"@type":"WebPage","@id":"https:\/\/www.bellunopress.it\/2012\/11\/26\/continua-il-grande-momento-del-belluno-calcio\/","url":"https:\/\/www.bellunopress.it\/2012\/11\/26\/continua-il-grande-momento-del-belluno-calcio\/","name":"Continua il grande momento del Belluno calcio - Bellunopress - Dolomiti","isPartOf":{"@id":"https:\/\/www.bellunopress.it\/#website"},"primaryImageOfPage":{"@id":"https:\/\/www.bellunopress.it\/2012\/11\/26\/continua-il-grande-momento-del-belluno-calcio\/#primaryimage"},"image":{"@id":"https:\/\/www.bellunopress.it\/2012\/11\/26\/continua-il-grande-momento-del-belluno-calcio\/#primaryimage"},"thumbnailUrl":"http:\/\/www.bellunopress.it\/wp-content\/uploads\/2012\/10\/calcio-belluno-150x150.jpg","datePublished":"2012-11-26T07:08:20+00:00","breadcrumb":{"@id":"https:\/\/www.bellunopress.it\/2012\/11\/26\/continua-il-grande-momento-del-belluno-calcio\/#breadcrumb"},"inLanguage":"fr-FR","potentialAction":[{"@type":"ReadAction","target":["https:\/\/www.bellunopress.it\/2012\/11\/26\/continua-il-grande-momento-del-belluno-calcio\/"]}]},{"@type":"ImageObject","inLanguage":"fr-FR","@id":"https:\/\/www.bellunopress.it\/2012\/11\/26\/continua-il-grande-momento-del-belluno-calcio\/#primaryimage","url":"http:\/\/www.bellunopress.it\/wp-content\/uploads\/2012\/10\/calcio-belluno-150x150.jpg","contentUrl":"http:\/\/www.bellunopress.it\/wp-content\/uploads\/2012\/10\/calcio-belluno-150x150.jpg"},{"@type":"BreadcrumbList","@id":"https:\/\/www.bellunopress.it\/2012\/11\/26\/continua-il-grande-momento-del-belluno-calcio\/#breadcrumb","itemListElement":[{"@type":"ListItem","position":1,"name":"Home","item":"https:\/\/www.bellunopress.it\/"},{"@type":"ListItem","position":2,"name":"Continua il grande momento del Belluno calcio"}]},{"@type":"WebSite","@id":"https:\/\/www.bellunopress.it\/#website","url":"https:\/\/www.bellunopress.it\/","name":"Bellunopress - Dolomiti","description":"e-mail: redazione@bellunopress.it","publisher":{"@id":"https:\/\/www.bellunopress.it\/#organization"},"potentialAction":[{"@type":"SearchAction","target":{"@type":"EntryPoint","urlTemplate":"https:\/\/www.bellunopress.it\/?s={search_term_string}"},"query-input":{"@type":"PropertyValueSpecification","valueRequired":true,"valueName":"search_term_string"}}],"inLanguage":"fr-FR"},{"@type":"Organization","@id":"https:\/\/www.bellunopress.it\/#organization","name":"Bellunopress","url":"https:\/\/www.bellunopress.it\/","logo":{"@type":"ImageObject","inLanguage":"fr-FR","@id":"https:\/\/www.bellunopress.it\/#\/schema\/logo\/image\/","url":"https:\/\/www.bellunopress.it\/wp-content\/uploads\/2011\/05\/cropped-logo-bellunopress-.jpg","contentUrl":"https:\/\/www.bellunopress.it\/wp-content\/uploads\/2011\/05\/cropped-logo-bellunopress-.jpg","width":512,"height":512,"caption":"Bellunopress"},"image":{"@id":"https:\/\/www.bellunopress.it\/#\/schema\/logo\/image\/"},"sameAs":["https:\/\/www.facebook.com\/profile.php?id=100008943462799","https:\/\/x.com\/bellunopress","https:\/\/www.linkedin.com\/hp\/?dnr=JBzUWaJfMUw8vbXJJ2tVW5-I3jZKvC4wsoxE&amp;amp;amp;amp;amp;amp;trk=nav_responsive_tab_home","https:\/\/www.youtube.com\/channel\/UCxL0wu1uN0_3_7hGG0306cw"]},{"@type":"Person","@id":"https:\/\/www.bellunopress.it\/#\/schema\/person\/79bb06722b37ece1c03d3e94beb30d73","name":"r\u00e9daction","image":{"@type":"ImageObject","inLanguage":"fr-FR","@id":"https:\/\/secure.gravatar.com\/avatar\/37d968a2e67a6fd04c169c4bdef102d0bc5d31b2546345219e348575eb80e9a0?s=96&d=mm&r=g","url":"https:\/\/secure.gravatar.com\/avatar\/37d968a2e67a6fd04c169c4bdef102d0bc5d31b2546345219e348575eb80e9a0?s=96&d=mm&r=g","contentUrl":"https:\/\/secure.gravatar.com\/avatar\/37d968a2e67a6fd04c169c4bdef102d0bc5d31b2546345219e348575eb80e9a0?s=96&d=mm&r=g","caption":"redazione"},"sameAs":["http:\/\/www.bellunopress.it","https:\/\/x.com\/bellunopress"],"url":"https:\/\/www.bellunopress.it\/fr\/author\/redazione\/"}]}},"_links":{"self":[{"href":"https:\/\/www.bellunopress.it\/fr\/wp-json\/wp\/v2\/posts\/44207","targetHints":{"allow":["GET"]}}],"collection":[{"href":"https:\/\/www.bellunopress.it\/fr\/wp-json\/wp\/v2\/posts"}],"about":[{"href":"https:\/\/www.bellunopress.it\/fr\/wp-json\/wp\/v2\/types\/post"}],"author":[{"embeddable":true,"href":"https:\/\/www.bellunopress.it\/fr\/wp-json\/wp\/v2\/users\/2"}],"replies":[{"embeddable":true,"href":"https:\/\/www.bellunopress.it\/fr\/wp-json\/wp\/v2\/comments?post=44207"}],"version-history":[{"count":1,"href":"https:\/\/www.bellunopress.it\/fr\/wp-json\/wp\/v2\/posts\/44207\/revisions"}],"predecessor-version":[{"id":44208,"href":"https:\/\/www.bellunopress.it\/fr\/wp-json\/wp\/v2\/posts\/44207\/revisions\/44208"}],"wp:attachment":[{"href":"https:\/\/www.bellunopress.it\/fr\/wp-json\/wp\/v2\/media?parent=44207"}],"wp:term":[{"taxonomy":"category","embeddable":true,"href":"https:\/\/www.bellunopress.it\/fr\/wp-json\/wp\/v2\/categories?post=44207"},{"taxonomy":"post_tag","embeddable":true,"href":"https:\/\/www.bellunopress.it\/fr\/wp-json\/wp\/v2\/tags?post=44207"}],"curies":[{"name":"wp","href":"https:\/\/api.w.org\/{rel}","templated":true}]}}