{"id":44199,"date":"2012-11-25T16:26:14","date_gmt":"2012-11-25T15:26:14","guid":{"rendered":"http:\/\/www.bellunopress.it\/?p=44199"},"modified":"2012-11-25T16:26:14","modified_gmt":"2012-11-25T15:26:14","slug":"il-banco-alimentare-raccoglie-il-10-in-piu-dello-scorso-anno-linvito-alla-sobrieta-di-tomaso-pettazzi","status":"publish","type":"post","link":"https:\/\/www.bellunopress.it\/fr\/2012\/11\/25\/il-banco-alimentare-raccoglie-il-10-in-piu-dello-scorso-anno-linvito-alla-sobrieta-di-tomaso-pettazzi\/","title":{"rendered":"Il banco alimentare raccoglie il 10% in pi\u00f9 dello scorso anno. L&#8217;invito alla sobriet\u00e0 di Tomaso Pettazzi"},"content":{"rendered":"<figure id=\"attachment_37462\" aria-describedby=\"caption-attachment-37462\" style=\"width: 131px\" class=\"wp-caption alignleft\"><a href=\"http:\/\/www.bellunopress.it\/wp-content\/uploads\/2012\/04\/Tomaso-Pettazzi.jpg\"><img loading=\"lazy\" decoding=\"async\" class=\"size-full wp-image-37462\" title=\"Tomaso Pettazzi\" src=\"http:\/\/www.bellunopress.it\/wp-content\/uploads\/2012\/04\/Tomaso-Pettazzi.jpg\" alt=\"\" width=\"131\" height=\"150\" \/><\/a><figcaption id=\"caption-attachment-37462\" class=\"wp-caption-text\">Tomaso Pettazzi<\/figcaption><\/figure>\n<p>I Bellunesi hanno risposto con entusiasmo all\u2019iniziativa del banco alimentare. Sono stati donati generi di prima necessit\u00e0 per un valore superiore del 10% a quanto raccolto l\u2019anno scorso. Il popolo \u00e8 sensibile alle necessit\u00e0 dei propri fratelli che si trovano in ristrettezze economiche, nonostante tutti abbiano in questo momento difficolt\u00e0 di ogni genere. Questo \u00e8 il frutto dello spirito di solidariet\u00e0, laico e religioso, che le nostre Collettivit\u00e0 hanno costruito in secoli di duro confronto con un territorio bellissimo ma nel contempo aspro e selettivo.<\/p>\n<p>Si avvicinano le Festivit\u00e0 natalizie e a maggior ragione questi bisogni si faranno pi\u00f9 chiari e dolorosi. Siamo chiamati una volta di pi\u00f9 ad esprimere la nostra vicinanza a coloro che necessitano di tutto.<\/p>\n<p>Vorrei quindi esprimere un desiderio: tutte le Istituzioni pubbliche, come le Associazioni private di categoria, evitino di organizzare in queste occasioni incontri conviviali, generalmente con la partecipazione di personaggi politici. Valutino quanto era stato speso l\u2019anno precedente per tali iniziative e versino una pari quantit\u00e0 di danaro, o quanto quest\u2019anno messo a budget (termine tanto caro ai soliti noti), alle Associazioni che amorevolmente, quotidianamente, silenziosamente si fanno carico di aiutare vecchi e nuovi poveri. Meno sorrisi di circostanza, meno sfoggio di eleganza, meno sprechi, anche alimentari, sotto i soliti lampadari splendenti e un po\u2019 di sollievo a chi soffre in silenzio con dignit\u00e0.<\/p>\n<p>Tomaso Pettazzi<\/p>\n<p>&nbsp;<\/p>","protected":false},"excerpt":{"rendered":"<p>I Bellunesi hanno risposto con entusiasmo all\u2019iniziativa del banco alimentare. Sono stati donati generi di prima necessit\u00e0 per un valore superiore del 10% a quanto raccolto l\u2019anno scorso. Il popolo \u00e8 sensibile alle necessit\u00e0 dei propri fratelli che si trovano in ristrettezze economiche, nonostante tutti abbiano in questo momento difficolt\u00e0 di ogni genere. Questo \u00e8 [&hellip;]<\/p>\n","protected":false},"author":2,"featured_media":0,"comment_status":"closed","ping_status":"open","sticky":false,"template":"","format":"standard","meta":{"footnotes":""},"categories":[1,26,8],"tags":[],"class_list":["post-44199","post","type-post","status-publish","format-standard","category-leo","category-prima-pagina","category-societa-istituzioni"],"yoast_head":"<!-- This site is optimized with the Yoast SEO plugin v28.4 - https:\/\/yoast.com\/product\/yoast-seo-wordpress\/ -->\n<title>Il banco alimentare raccoglie il 10% in pi\u00f9 dello scorso anno. L&#039;invito alla sobriet\u00e0 di Tomaso Pettazzi - Bellunopress - Dolomiti<\/title>\n<meta name=\"robots\" content=\"index, follow, max-snippet:-1, max-image-preview:large, max-video-preview:-1\" \/>\n<link rel=\"canonical\" href=\"https:\/\/www.bellunopress.it\/fr\/2012\/11\/25\/il-banco-alimentare-raccoglie-il-10-in-piu-dello-scorso-anno-linvito-alla-sobrieta-di-tomaso-pettazzi\/\" \/>\n<meta property=\"og:locale\" content=\"fr_FR\" \/>\n<meta property=\"og:type\" content=\"article\" \/>\n<meta property=\"og:title\" content=\"Il banco alimentare raccoglie il 10% in pi\u00f9 dello scorso anno. L&#039;invito alla sobriet\u00e0 di Tomaso Pettazzi - Bellunopress - Dolomiti\" \/>\n<meta property=\"og:description\" content=\"I Bellunesi hanno risposto con entusiasmo all\u2019iniziativa del banco alimentare. Sono stati donati generi di prima necessit\u00e0 per un valore superiore del 10% a quanto raccolto l\u2019anno scorso. Il popolo \u00e8 sensibile alle necessit\u00e0 dei propri fratelli che si trovano in ristrettezze economiche, nonostante tutti abbiano in questo momento difficolt\u00e0 di ogni genere. Questo \u00e8 [&hellip;]\" \/>\n<meta property=\"og:url\" content=\"https:\/\/www.bellunopress.it\/fr\/2012\/11\/25\/il-banco-alimentare-raccoglie-il-10-in-piu-dello-scorso-anno-linvito-alla-sobrieta-di-tomaso-pettazzi\/\" \/>\n<meta property=\"og:site_name\" content=\"Bellunopress - Dolomiti\" \/>\n<meta property=\"article:publisher\" content=\"https:\/\/www.facebook.com\/profile.php?id=100008943462799\" \/>\n<meta property=\"article:published_time\" content=\"2012-11-25T15:26:14+00:00\" \/>\n<meta property=\"og:image\" content=\"http:\/\/www.bellunopress.it\/wp-content\/uploads\/2012\/04\/Tomaso-Pettazzi.jpg\" \/>\n<meta name=\"author\" content=\"redazione\" \/>\n<meta name=\"twitter:card\" content=\"summary_large_image\" \/>\n<meta name=\"twitter:creator\" content=\"@bellunopress\" \/>\n<meta name=\"twitter:site\" content=\"@bellunopress\" \/>\n<meta name=\"twitter:label1\" content=\"\u00c9crit par\" \/>\n\t<meta name=\"twitter:data1\" content=\"redazione\" \/>\n\t<meta name=\"twitter:label2\" content=\"Dur\u00e9e de lecture estim\u00e9e\" \/>\n\t<meta name=\"twitter:data2\" content=\"1 minute\" \/>\n<script type=\"application\/ld+json\" class=\"yoast-schema-graph\">{\"@context\":\"https:\\\/\\\/schema.org\",\"@graph\":[{\"@type\":\"Article\",\"@id\":\"https:\\\/\\\/www.bellunopress.it\\\/2012\\\/11\\\/25\\\/il-banco-alimentare-raccoglie-il-10-in-piu-dello-scorso-anno-linvito-alla-sobrieta-di-tomaso-pettazzi\\\/#article\",\"isPartOf\":{\"@id\":\"https:\\\/\\\/www.bellunopress.it\\\/2012\\\/11\\\/25\\\/il-banco-alimentare-raccoglie-il-10-in-piu-dello-scorso-anno-linvito-alla-sobrieta-di-tomaso-pettazzi\\\/\"},\"author\":{\"name\":\"redazione\",\"@id\":\"https:\\\/\\\/www.bellunopress.it\\\/#\\\/schema\\\/person\\\/79bb06722b37ece1c03d3e94beb30d73\"},\"headline\":\"Il banco alimentare raccoglie il 10% in pi\u00f9 dello scorso anno. L&#8217;invito alla sobriet\u00e0 di Tomaso Pettazzi\",\"datePublished\":\"2012-11-25T15:26:14+00:00\",\"mainEntityOfPage\":{\"@id\":\"https:\\\/\\\/www.bellunopress.it\\\/2012\\\/11\\\/25\\\/il-banco-alimentare-raccoglie-il-10-in-piu-dello-scorso-anno-linvito-alla-sobrieta-di-tomaso-pettazzi\\\/\"},\"wordCount\":252,\"publisher\":{\"@id\":\"https:\\\/\\\/www.bellunopress.it\\\/#organization\"},\"image\":{\"@id\":\"https:\\\/\\\/www.bellunopress.it\\\/2012\\\/11\\\/25\\\/il-banco-alimentare-raccoglie-il-10-in-piu-dello-scorso-anno-linvito-alla-sobrieta-di-tomaso-pettazzi\\\/#primaryimage\"},\"thumbnailUrl\":\"http:\\\/\\\/www.bellunopress.it\\\/wp-content\\\/uploads\\\/2012\\\/04\\\/Tomaso-Pettazzi.jpg\",\"articleSection\":[\"Lettere Opinioni\",\"Prima Pagina\",\"Societ\u00e0, Associazioni, Istituzioni\"],\"inLanguage\":\"fr-FR\"},{\"@type\":\"WebPage\",\"@id\":\"https:\\\/\\\/www.bellunopress.it\\\/2012\\\/11\\\/25\\\/il-banco-alimentare-raccoglie-il-10-in-piu-dello-scorso-anno-linvito-alla-sobrieta-di-tomaso-pettazzi\\\/\",\"url\":\"https:\\\/\\\/www.bellunopress.it\\\/2012\\\/11\\\/25\\\/il-banco-alimentare-raccoglie-il-10-in-piu-dello-scorso-anno-linvito-alla-sobrieta-di-tomaso-pettazzi\\\/\",\"name\":\"Il banco alimentare raccoglie il 10% in pi\u00f9 dello scorso anno. L'invito alla sobriet\u00e0 di Tomaso Pettazzi - Bellunopress - Dolomiti\",\"isPartOf\":{\"@id\":\"https:\\\/\\\/www.bellunopress.it\\\/#website\"},\"primaryImageOfPage\":{\"@id\":\"https:\\\/\\\/www.bellunopress.it\\\/2012\\\/11\\\/25\\\/il-banco-alimentare-raccoglie-il-10-in-piu-dello-scorso-anno-linvito-alla-sobrieta-di-tomaso-pettazzi\\\/#primaryimage\"},\"image\":{\"@id\":\"https:\\\/\\\/www.bellunopress.it\\\/2012\\\/11\\\/25\\\/il-banco-alimentare-raccoglie-il-10-in-piu-dello-scorso-anno-linvito-alla-sobrieta-di-tomaso-pettazzi\\\/#primaryimage\"},\"thumbnailUrl\":\"http:\\\/\\\/www.bellunopress.it\\\/wp-content\\\/uploads\\\/2012\\\/04\\\/Tomaso-Pettazzi.jpg\",\"datePublished\":\"2012-11-25T15:26:14+00:00\",\"breadcrumb\":{\"@id\":\"https:\\\/\\\/www.bellunopress.it\\\/2012\\\/11\\\/25\\\/il-banco-alimentare-raccoglie-il-10-in-piu-dello-scorso-anno-linvito-alla-sobrieta-di-tomaso-pettazzi\\\/#breadcrumb\"},\"inLanguage\":\"fr-FR\",\"potentialAction\":[{\"@type\":\"ReadAction\",\"target\":[\"https:\\\/\\\/www.bellunopress.it\\\/2012\\\/11\\\/25\\\/il-banco-alimentare-raccoglie-il-10-in-piu-dello-scorso-anno-linvito-alla-sobrieta-di-tomaso-pettazzi\\\/\"]}]},{\"@type\":\"ImageObject\",\"inLanguage\":\"fr-FR\",\"@id\":\"https:\\\/\\\/www.bellunopress.it\\\/2012\\\/11\\\/25\\\/il-banco-alimentare-raccoglie-il-10-in-piu-dello-scorso-anno-linvito-alla-sobrieta-di-tomaso-pettazzi\\\/#primaryimage\",\"url\":\"http:\\\/\\\/www.bellunopress.it\\\/wp-content\\\/uploads\\\/2012\\\/04\\\/Tomaso-Pettazzi.jpg\",\"contentUrl\":\"http:\\\/\\\/www.bellunopress.it\\\/wp-content\\\/uploads\\\/2012\\\/04\\\/Tomaso-Pettazzi.jpg\"},{\"@type\":\"BreadcrumbList\",\"@id\":\"https:\\\/\\\/www.bellunopress.it\\\/2012\\\/11\\\/25\\\/il-banco-alimentare-raccoglie-il-10-in-piu-dello-scorso-anno-linvito-alla-sobrieta-di-tomaso-pettazzi\\\/#breadcrumb\",\"itemListElement\":[{\"@type\":\"ListItem\",\"position\":1,\"name\":\"Home\",\"item\":\"https:\\\/\\\/www.bellunopress.it\\\/\"},{\"@type\":\"ListItem\",\"position\":2,\"name\":\"Il banco alimentare raccoglie il 10% in pi\u00f9 dello scorso anno. L&#8217;invito alla sobriet\u00e0 di Tomaso Pettazzi\"}]},{\"@type\":\"WebSite\",\"@id\":\"https:\\\/\\\/www.bellunopress.it\\\/#website\",\"url\":\"https:\\\/\\\/www.bellunopress.it\\\/\",\"name\":\"Bellunopress - Dolomiti\",\"description\":\"e-mail: redazione@bellunopress.it\",\"publisher\":{\"@id\":\"https:\\\/\\\/www.bellunopress.it\\\/#organization\"},\"potentialAction\":[{\"@type\":\"SearchAction\",\"target\":{\"@type\":\"EntryPoint\",\"urlTemplate\":\"https:\\\/\\\/www.bellunopress.it\\\/?s={search_term_string}\"},\"query-input\":{\"@type\":\"PropertyValueSpecification\",\"valueRequired\":true,\"valueName\":\"search_term_string\"}}],\"inLanguage\":\"fr-FR\"},{\"@type\":\"Organization\",\"@id\":\"https:\\\/\\\/www.bellunopress.it\\\/#organization\",\"name\":\"Bellunopress\",\"url\":\"https:\\\/\\\/www.bellunopress.it\\\/\",\"logo\":{\"@type\":\"ImageObject\",\"inLanguage\":\"fr-FR\",\"@id\":\"https:\\\/\\\/www.bellunopress.it\\\/#\\\/schema\\\/logo\\\/image\\\/\",\"url\":\"https:\\\/\\\/www.bellunopress.it\\\/wp-content\\\/uploads\\\/2011\\\/05\\\/cropped-logo-bellunopress-.jpg\",\"contentUrl\":\"https:\\\/\\\/www.bellunopress.it\\\/wp-content\\\/uploads\\\/2011\\\/05\\\/cropped-logo-bellunopress-.jpg\",\"width\":512,\"height\":512,\"caption\":\"Bellunopress\"},\"image\":{\"@id\":\"https:\\\/\\\/www.bellunopress.it\\\/#\\\/schema\\\/logo\\\/image\\\/\"},\"sameAs\":[\"https:\\\/\\\/www.facebook.com\\\/profile.php?id=100008943462799\",\"https:\\\/\\\/x.com\\\/bellunopress\",\"https:\\\/\\\/www.linkedin.com\\\/hp\\\/?dnr=JBzUWaJfMUw8vbXJJ2tVW5-I3jZKvC4wsoxE&amp;amp;amp;amp;amp;amp;trk=nav_responsive_tab_home\",\"https:\\\/\\\/www.youtube.com\\\/channel\\\/UCxL0wu1uN0_3_7hGG0306cw\"]},{\"@type\":\"Person\",\"@id\":\"https:\\\/\\\/www.bellunopress.it\\\/#\\\/schema\\\/person\\\/79bb06722b37ece1c03d3e94beb30d73\",\"name\":\"redazione\",\"image\":{\"@type\":\"ImageObject\",\"inLanguage\":\"fr-FR\",\"@id\":\"https:\\\/\\\/secure.gravatar.com\\\/avatar\\\/37d968a2e67a6fd04c169c4bdef102d0bc5d31b2546345219e348575eb80e9a0?s=96&d=mm&r=g\",\"url\":\"https:\\\/\\\/secure.gravatar.com\\\/avatar\\\/37d968a2e67a6fd04c169c4bdef102d0bc5d31b2546345219e348575eb80e9a0?s=96&d=mm&r=g\",\"contentUrl\":\"https:\\\/\\\/secure.gravatar.com\\\/avatar\\\/37d968a2e67a6fd04c169c4bdef102d0bc5d31b2546345219e348575eb80e9a0?s=96&d=mm&r=g\",\"caption\":\"redazione\"},\"sameAs\":[\"http:\\\/\\\/www.bellunopress.it\",\"https:\\\/\\\/x.com\\\/bellunopress\"],\"url\":\"https:\\\/\\\/www.bellunopress.it\\\/fr\\\/author\\\/redazione\\\/\"}]}<\/script>\n<!-- \/ Yoast SEO plugin. -->","yoast_head_json":{"title":"Il banco alimentare raccoglie il 10% in pi\u00f9 dello scorso anno. L'invito alla sobriet\u00e0 di Tomaso Pettazzi - Bellunopress - Dolomiti","robots":{"index":"index","follow":"follow","max-snippet":"max-snippet:-1","max-image-preview":"max-image-preview:large","max-video-preview":"max-video-preview:-1"},"canonical":"https:\/\/www.bellunopress.it\/fr\/2012\/11\/25\/il-banco-alimentare-raccoglie-il-10-in-piu-dello-scorso-anno-linvito-alla-sobrieta-di-tomaso-pettazzi\/","og_locale":"fr_FR","og_type":"article","og_title":"Il banco alimentare raccoglie il 10% in pi\u00f9 dello scorso anno. L'invito alla sobriet\u00e0 di Tomaso Pettazzi - Bellunopress - Dolomiti","og_description":"I Bellunesi hanno risposto con entusiasmo all\u2019iniziativa del banco alimentare. Sono stati donati generi di prima necessit\u00e0 per un valore superiore del 10% a quanto raccolto l\u2019anno scorso. Il popolo \u00e8 sensibile alle necessit\u00e0 dei propri fratelli che si trovano in ristrettezze economiche, nonostante tutti abbiano in questo momento difficolt\u00e0 di ogni genere. Questo \u00e8 [&hellip;]","og_url":"https:\/\/www.bellunopress.it\/fr\/2012\/11\/25\/il-banco-alimentare-raccoglie-il-10-in-piu-dello-scorso-anno-linvito-alla-sobrieta-di-tomaso-pettazzi\/","og_site_name":"Bellunopress - Dolomiti","article_publisher":"https:\/\/www.facebook.com\/profile.php?id=100008943462799","article_published_time":"2012-11-25T15:26:14+00:00","og_image":[{"url":"http:\/\/www.bellunopress.it\/wp-content\/uploads\/2012\/04\/Tomaso-Pettazzi.jpg","type":"","width":"","height":""}],"author":"redazione","twitter_card":"summary_large_image","twitter_creator":"@bellunopress","twitter_site":"@bellunopress","twitter_misc":{"\u00c9crit par":"redazione","Dur\u00e9e de lecture estim\u00e9e":"1 minute"},"schema":{"@context":"https:\/\/schema.org","@graph":[{"@type":"Article","@id":"https:\/\/www.bellunopress.it\/2012\/11\/25\/il-banco-alimentare-raccoglie-il-10-in-piu-dello-scorso-anno-linvito-alla-sobrieta-di-tomaso-pettazzi\/#article","isPartOf":{"@id":"https:\/\/www.bellunopress.it\/2012\/11\/25\/il-banco-alimentare-raccoglie-il-10-in-piu-dello-scorso-anno-linvito-alla-sobrieta-di-tomaso-pettazzi\/"},"author":{"name":"redazione","@id":"https:\/\/www.bellunopress.it\/#\/schema\/person\/79bb06722b37ece1c03d3e94beb30d73"},"headline":"Il banco alimentare raccoglie il 10% in pi\u00f9 dello scorso anno. L&#8217;invito alla sobriet\u00e0 di Tomaso Pettazzi","datePublished":"2012-11-25T15:26:14+00:00","mainEntityOfPage":{"@id":"https:\/\/www.bellunopress.it\/2012\/11\/25\/il-banco-alimentare-raccoglie-il-10-in-piu-dello-scorso-anno-linvito-alla-sobrieta-di-tomaso-pettazzi\/"},"wordCount":252,"publisher":{"@id":"https:\/\/www.bellunopress.it\/#organization"},"image":{"@id":"https:\/\/www.bellunopress.it\/2012\/11\/25\/il-banco-alimentare-raccoglie-il-10-in-piu-dello-scorso-anno-linvito-alla-sobrieta-di-tomaso-pettazzi\/#primaryimage"},"thumbnailUrl":"http:\/\/www.bellunopress.it\/wp-content\/uploads\/2012\/04\/Tomaso-Pettazzi.jpg","articleSection":["Lettere Opinioni","Prima Pagina","Societ\u00e0, Associazioni, Istituzioni"],"inLanguage":"fr-FR"},{"@type":"WebPage","@id":"https:\/\/www.bellunopress.it\/2012\/11\/25\/il-banco-alimentare-raccoglie-il-10-in-piu-dello-scorso-anno-linvito-alla-sobrieta-di-tomaso-pettazzi\/","url":"https:\/\/www.bellunopress.it\/2012\/11\/25\/il-banco-alimentare-raccoglie-il-10-in-piu-dello-scorso-anno-linvito-alla-sobrieta-di-tomaso-pettazzi\/","name":"Il banco alimentare raccoglie il 10% in pi\u00f9 dello scorso anno. L'invito alla sobriet\u00e0 di Tomaso Pettazzi - Bellunopress - Dolomiti","isPartOf":{"@id":"https:\/\/www.bellunopress.it\/#website"},"primaryImageOfPage":{"@id":"https:\/\/www.bellunopress.it\/2012\/11\/25\/il-banco-alimentare-raccoglie-il-10-in-piu-dello-scorso-anno-linvito-alla-sobrieta-di-tomaso-pettazzi\/#primaryimage"},"image":{"@id":"https:\/\/www.bellunopress.it\/2012\/11\/25\/il-banco-alimentare-raccoglie-il-10-in-piu-dello-scorso-anno-linvito-alla-sobrieta-di-tomaso-pettazzi\/#primaryimage"},"thumbnailUrl":"http:\/\/www.bellunopress.it\/wp-content\/uploads\/2012\/04\/Tomaso-Pettazzi.jpg","datePublished":"2012-11-25T15:26:14+00:00","breadcrumb":{"@id":"https:\/\/www.bellunopress.it\/2012\/11\/25\/il-banco-alimentare-raccoglie-il-10-in-piu-dello-scorso-anno-linvito-alla-sobrieta-di-tomaso-pettazzi\/#breadcrumb"},"inLanguage":"fr-FR","potentialAction":[{"@type":"ReadAction","target":["https:\/\/www.bellunopress.it\/2012\/11\/25\/il-banco-alimentare-raccoglie-il-10-in-piu-dello-scorso-anno-linvito-alla-sobrieta-di-tomaso-pettazzi\/"]}]},{"@type":"ImageObject","inLanguage":"fr-FR","@id":"https:\/\/www.bellunopress.it\/2012\/11\/25\/il-banco-alimentare-raccoglie-il-10-in-piu-dello-scorso-anno-linvito-alla-sobrieta-di-tomaso-pettazzi\/#primaryimage","url":"http:\/\/www.bellunopress.it\/wp-content\/uploads\/2012\/04\/Tomaso-Pettazzi.jpg","contentUrl":"http:\/\/www.bellunopress.it\/wp-content\/uploads\/2012\/04\/Tomaso-Pettazzi.jpg"},{"@type":"BreadcrumbList","@id":"https:\/\/www.bellunopress.it\/2012\/11\/25\/il-banco-alimentare-raccoglie-il-10-in-piu-dello-scorso-anno-linvito-alla-sobrieta-di-tomaso-pettazzi\/#breadcrumb","itemListElement":[{"@type":"ListItem","position":1,"name":"Home","item":"https:\/\/www.bellunopress.it\/"},{"@type":"ListItem","position":2,"name":"Il banco alimentare raccoglie il 10% in pi\u00f9 dello scorso anno. L&#8217;invito alla sobriet\u00e0 di Tomaso Pettazzi"}]},{"@type":"WebSite","@id":"https:\/\/www.bellunopress.it\/#website","url":"https:\/\/www.bellunopress.it\/","name":"Bellunopress - Dolomiti","description":"e-mail: redazione@bellunopress.it","publisher":{"@id":"https:\/\/www.bellunopress.it\/#organization"},"potentialAction":[{"@type":"SearchAction","target":{"@type":"EntryPoint","urlTemplate":"https:\/\/www.bellunopress.it\/?s={search_term_string}"},"query-input":{"@type":"PropertyValueSpecification","valueRequired":true,"valueName":"search_term_string"}}],"inLanguage":"fr-FR"},{"@type":"Organization","@id":"https:\/\/www.bellunopress.it\/#organization","name":"Bellunopress","url":"https:\/\/www.bellunopress.it\/","logo":{"@type":"ImageObject","inLanguage":"fr-FR","@id":"https:\/\/www.bellunopress.it\/#\/schema\/logo\/image\/","url":"https:\/\/www.bellunopress.it\/wp-content\/uploads\/2011\/05\/cropped-logo-bellunopress-.jpg","contentUrl":"https:\/\/www.bellunopress.it\/wp-content\/uploads\/2011\/05\/cropped-logo-bellunopress-.jpg","width":512,"height":512,"caption":"Bellunopress"},"image":{"@id":"https:\/\/www.bellunopress.it\/#\/schema\/logo\/image\/"},"sameAs":["https:\/\/www.facebook.com\/profile.php?id=100008943462799","https:\/\/x.com\/bellunopress","https:\/\/www.linkedin.com\/hp\/?dnr=JBzUWaJfMUw8vbXJJ2tVW5-I3jZKvC4wsoxE&amp;amp;amp;amp;amp;amp;trk=nav_responsive_tab_home","https:\/\/www.youtube.com\/channel\/UCxL0wu1uN0_3_7hGG0306cw"]},{"@type":"Person","@id":"https:\/\/www.bellunopress.it\/#\/schema\/person\/79bb06722b37ece1c03d3e94beb30d73","name":"r\u00e9daction","image":{"@type":"ImageObject","inLanguage":"fr-FR","@id":"https:\/\/secure.gravatar.com\/avatar\/37d968a2e67a6fd04c169c4bdef102d0bc5d31b2546345219e348575eb80e9a0?s=96&d=mm&r=g","url":"https:\/\/secure.gravatar.com\/avatar\/37d968a2e67a6fd04c169c4bdef102d0bc5d31b2546345219e348575eb80e9a0?s=96&d=mm&r=g","contentUrl":"https:\/\/secure.gravatar.com\/avatar\/37d968a2e67a6fd04c169c4bdef102d0bc5d31b2546345219e348575eb80e9a0?s=96&d=mm&r=g","caption":"redazione"},"sameAs":["http:\/\/www.bellunopress.it","https:\/\/x.com\/bellunopress"],"url":"https:\/\/www.bellunopress.it\/fr\/author\/redazione\/"}]}},"_links":{"self":[{"href":"https:\/\/www.bellunopress.it\/fr\/wp-json\/wp\/v2\/posts\/44199","targetHints":{"allow":["GET"]}}],"collection":[{"href":"https:\/\/www.bellunopress.it\/fr\/wp-json\/wp\/v2\/posts"}],"about":[{"href":"https:\/\/www.bellunopress.it\/fr\/wp-json\/wp\/v2\/types\/post"}],"author":[{"embeddable":true,"href":"https:\/\/www.bellunopress.it\/fr\/wp-json\/wp\/v2\/users\/2"}],"replies":[{"embeddable":true,"href":"https:\/\/www.bellunopress.it\/fr\/wp-json\/wp\/v2\/comments?post=44199"}],"version-history":[{"count":1,"href":"https:\/\/www.bellunopress.it\/fr\/wp-json\/wp\/v2\/posts\/44199\/revisions"}],"predecessor-version":[{"id":44200,"href":"https:\/\/www.bellunopress.it\/fr\/wp-json\/wp\/v2\/posts\/44199\/revisions\/44200"}],"wp:attachment":[{"href":"https:\/\/www.bellunopress.it\/fr\/wp-json\/wp\/v2\/media?parent=44199"}],"wp:term":[{"taxonomy":"category","embeddable":true,"href":"https:\/\/www.bellunopress.it\/fr\/wp-json\/wp\/v2\/categories?post=44199"},{"taxonomy":"post_tag","embeddable":true,"href":"https:\/\/www.bellunopress.it\/fr\/wp-json\/wp\/v2\/tags?post=44199"}],"curies":[{"name":"wp","href":"https:\/\/api.w.org\/{rel}","templated":true}]}}