{"id":44195,"date":"2012-11-25T14:50:34","date_gmt":"2012-11-25T13:50:34","guid":{"rendered":"http:\/\/www.bellunopress.it\/?p=44195"},"modified":"2012-11-25T14:50:34","modified_gmt":"2012-11-25T13:50:34","slug":"successo-di-pubblico-allincontro-del-bard-di-trichiana-con-interventi-dei-due-sindaci-cavallet-e-cesa-e-lanalisi-di-cason","status":"publish","type":"post","link":"https:\/\/www.bellunopress.it\/fr\/2012\/11\/25\/successo-di-pubblico-allincontro-del-bard-di-trichiana-con-interventi-dei-due-sindaci-cavallet-e-cesa-e-lanalisi-di-cason\/","title":{"rendered":"Successo di pubblico all&#8217;incontro del Bard di Trichiana. Con interventi dei due sindaci Cavallet e Cesa e l&#8217;analisi di Cason"},"content":{"rendered":"<p><a href=\"http:\/\/www.bellunopress.it\/wp-content\/uploads\/2010\/10\/belluno-provincia-autonoma.jpg\"><img loading=\"lazy\" decoding=\"async\" class=\"alignleft size-full wp-image-20159\" title=\"belluno-provincia-autonoma\" src=\"http:\/\/www.bellunopress.it\/wp-content\/uploads\/2010\/10\/belluno-provincia-autonoma.jpg\" alt=\"\" width=\"280\" height=\"199\" \/><\/a>Pieno successo a Trichiana per l\u2019incontro organizzato dal Bard \u201cBelluno domani\u2026noi la pensiamo cos\u00ec\u201d. In una sala gremita di cittadini provenienti da tutta la Sinistra Piave, il Sindaco Giorgio Cavallet ha ricordato che anche il suo Comune, come altri della Valbelluna, soffre per una situazione economica cui non si vedono per ora vie di sbocco e per la quale addirittura non ci sono aiuti come invece sembrano ottenere i Comuni di confine tramite i fondi Letta o Brancher.<\/p>\n<p>L\u2019intervento del sociologo Diego Cason, supportato da una serie impietosa di diapositive sulla nostra realt\u00e0 economica, demografica, abitativa, ha evidenziato una volta ancora come sia necessaria una decisa svolta a favore delle nostre Comunit\u00e0, pena la loro frammentazione e scomparsa.<\/p>\n<p>Moreno Broccon, presidente del Movimento, ha svolto la sua relazione focalizzando l\u2019attenzione sulla difficolt\u00e0 di ottenere attenzione per le nostre problematiche sia da parte della Regione Veneto che del Governo nazionale. Il doppio successo ottenuto negli ultimi mesi con l\u2019articolo 15 del nuovo Statuto veneto sulla nostra specificit\u00e0 ed il mantenimento dell\u2019ente Provincia devono essere, per Broccon, il punto di partenza per costruire una governance gestita dai Cittadini delle vallate, che meglio di altri ne conoscono le criticit\u00e0 e ne possono proporre le soluzioni pi\u00f9 adeguate.<\/p>\n<p>Interessantissimo l\u2019intervento di Luciano Dalle Grave, nostro concittadino che da anni vive in Val Badia\/Gadertal, a La Villa\/La Ila, ove s\u2019\u00e8 sposato con Martha, ladina doc, dalla quale ha avuto due figli. Entrambi operatori in campo turistico, lui nella ristorazione, lei nel Consorzio Dolomiti Superski. Dolorosamente, ma coscientemente, ha deciso di vivere definitivamente in provincia di Bolzano\/Bozen ove le politiche a favore del territorio, del turismo e della famiglia sono un forte richiamo per chi desideri una vita familiare aperta alle sfide che sempre pi\u00f9 spesso ci troviamo ad affrontare. Politiche che ha esplicitato con esempi riferiti alla propria quotidianit\u00e0 e che di riflesso dimostrano quanto siano assenti ma necessarie nella nostra Provincia.<\/p>\n<p>E\u2019 intervenuto anche il Sindaco di Mel, Stefano Cesa, che ha concordato col collega Cavallet, evidenziando ancor pi\u00f9 le disparit\u00e0 create dalla gestione dei fondi Letta e Brancher.<\/p>\n<p>A conclusione un confronto di idee con i presenti, molto interessati ai progetti esposti dai relatori.<\/p>\n<p>Il prossimo incontro si svolger\u00e0 a Sedico, con un\u2019altra testimonianza di vita dalle Province Autonome.<\/p>\n<p>&nbsp;<\/p>","protected":false},"excerpt":{"rendered":"<p>Pieno successo a Trichiana per l\u2019incontro organizzato dal Bard \u201cBelluno domani\u2026noi la pensiamo cos\u00ec\u201d. In una sala gremita di cittadini provenienti da tutta la Sinistra Piave, il Sindaco Giorgio Cavallet ha ricordato che anche il suo Comune, come altri della Valbelluna, soffre per una situazione economica cui non si vedono per ora vie di sbocco [&hellip;]<\/p>\n","protected":false},"author":2,"featured_media":0,"comment_status":"closed","ping_status":"open","sticky":false,"template":"","format":"standard","meta":{"footnotes":""},"categories":[1],"tags":[],"class_list":["post-44195","post","type-post","status-publish","format-standard","category-leo"],"yoast_head":"<!-- This site is optimized with the Yoast SEO plugin v28.4 - https:\/\/yoast.com\/product\/yoast-seo-wordpress\/ -->\n<title>Successo di pubblico all&#039;incontro del Bard di Trichiana. Con interventi dei due sindaci Cavallet e Cesa e l&#039;analisi di Cason - Bellunopress - Dolomiti<\/title>\n<meta name=\"robots\" content=\"index, follow, max-snippet:-1, max-image-preview:large, max-video-preview:-1\" \/>\n<link rel=\"canonical\" href=\"https:\/\/www.bellunopress.it\/fr\/2012\/11\/25\/successo-di-pubblico-allincontro-del-bard-di-trichiana-con-interventi-dei-due-sindaci-cavallet-e-cesa-e-lanalisi-di-cason\/\" \/>\n<meta property=\"og:locale\" content=\"fr_FR\" \/>\n<meta property=\"og:type\" content=\"article\" \/>\n<meta property=\"og:title\" content=\"Successo di pubblico all&#039;incontro del Bard di Trichiana. Con interventi dei due sindaci Cavallet e Cesa e l&#039;analisi di Cason - Bellunopress - Dolomiti\" \/>\n<meta property=\"og:description\" content=\"Pieno successo a Trichiana per l\u2019incontro organizzato dal Bard \u201cBelluno domani\u2026noi la pensiamo cos\u00ec\u201d. In una sala gremita di cittadini provenienti da tutta la Sinistra Piave, il Sindaco Giorgio Cavallet ha ricordato che anche il suo Comune, come altri della Valbelluna, soffre per una situazione economica cui non si vedono per ora vie di sbocco [&hellip;]\" \/>\n<meta property=\"og:url\" content=\"https:\/\/www.bellunopress.it\/fr\/2012\/11\/25\/successo-di-pubblico-allincontro-del-bard-di-trichiana-con-interventi-dei-due-sindaci-cavallet-e-cesa-e-lanalisi-di-cason\/\" \/>\n<meta property=\"og:site_name\" content=\"Bellunopress - Dolomiti\" \/>\n<meta property=\"article:publisher\" content=\"https:\/\/www.facebook.com\/profile.php?id=100008943462799\" \/>\n<meta property=\"article:published_time\" content=\"2012-11-25T13:50:34+00:00\" \/>\n<meta property=\"og:image\" content=\"http:\/\/www.bellunopress.it\/wp-content\/uploads\/2010\/10\/belluno-provincia-autonoma.jpg\" \/>\n<meta name=\"author\" content=\"redazione\" \/>\n<meta name=\"twitter:card\" content=\"summary_large_image\" \/>\n<meta name=\"twitter:creator\" content=\"@bellunopress\" \/>\n<meta name=\"twitter:site\" content=\"@bellunopress\" \/>\n<meta name=\"twitter:label1\" content=\"\u00c9crit par\" \/>\n\t<meta name=\"twitter:data1\" content=\"redazione\" \/>\n\t<meta name=\"twitter:label2\" content=\"Dur\u00e9e de lecture estim\u00e9e\" \/>\n\t<meta name=\"twitter:data2\" content=\"2 minutes\" \/>\n<script type=\"application\/ld+json\" class=\"yoast-schema-graph\">{\"@context\":\"https:\\\/\\\/schema.org\",\"@graph\":[{\"@type\":\"Article\",\"@id\":\"https:\\\/\\\/www.bellunopress.it\\\/2012\\\/11\\\/25\\\/successo-di-pubblico-allincontro-del-bard-di-trichiana-con-interventi-dei-due-sindaci-cavallet-e-cesa-e-lanalisi-di-cason\\\/#article\",\"isPartOf\":{\"@id\":\"https:\\\/\\\/www.bellunopress.it\\\/2012\\\/11\\\/25\\\/successo-di-pubblico-allincontro-del-bard-di-trichiana-con-interventi-dei-due-sindaci-cavallet-e-cesa-e-lanalisi-di-cason\\\/\"},\"author\":{\"name\":\"redazione\",\"@id\":\"https:\\\/\\\/www.bellunopress.it\\\/#\\\/schema\\\/person\\\/79bb06722b37ece1c03d3e94beb30d73\"},\"headline\":\"Successo di pubblico all&#8217;incontro del Bard di Trichiana. Con interventi dei due sindaci Cavallet e Cesa e l&#8217;analisi di Cason\",\"datePublished\":\"2012-11-25T13:50:34+00:00\",\"mainEntityOfPage\":{\"@id\":\"https:\\\/\\\/www.bellunopress.it\\\/2012\\\/11\\\/25\\\/successo-di-pubblico-allincontro-del-bard-di-trichiana-con-interventi-dei-due-sindaci-cavallet-e-cesa-e-lanalisi-di-cason\\\/\"},\"wordCount\":409,\"publisher\":{\"@id\":\"https:\\\/\\\/www.bellunopress.it\\\/#organization\"},\"image\":{\"@id\":\"https:\\\/\\\/www.bellunopress.it\\\/2012\\\/11\\\/25\\\/successo-di-pubblico-allincontro-del-bard-di-trichiana-con-interventi-dei-due-sindaci-cavallet-e-cesa-e-lanalisi-di-cason\\\/#primaryimage\"},\"thumbnailUrl\":\"http:\\\/\\\/www.bellunopress.it\\\/wp-content\\\/uploads\\\/2010\\\/10\\\/belluno-provincia-autonoma.jpg\",\"articleSection\":[\"Lettere Opinioni\"],\"inLanguage\":\"fr-FR\"},{\"@type\":\"WebPage\",\"@id\":\"https:\\\/\\\/www.bellunopress.it\\\/2012\\\/11\\\/25\\\/successo-di-pubblico-allincontro-del-bard-di-trichiana-con-interventi-dei-due-sindaci-cavallet-e-cesa-e-lanalisi-di-cason\\\/\",\"url\":\"https:\\\/\\\/www.bellunopress.it\\\/2012\\\/11\\\/25\\\/successo-di-pubblico-allincontro-del-bard-di-trichiana-con-interventi-dei-due-sindaci-cavallet-e-cesa-e-lanalisi-di-cason\\\/\",\"name\":\"Successo di pubblico all'incontro del Bard di Trichiana. Con interventi dei due sindaci Cavallet e Cesa e l'analisi di Cason - Bellunopress - Dolomiti\",\"isPartOf\":{\"@id\":\"https:\\\/\\\/www.bellunopress.it\\\/#website\"},\"primaryImageOfPage\":{\"@id\":\"https:\\\/\\\/www.bellunopress.it\\\/2012\\\/11\\\/25\\\/successo-di-pubblico-allincontro-del-bard-di-trichiana-con-interventi-dei-due-sindaci-cavallet-e-cesa-e-lanalisi-di-cason\\\/#primaryimage\"},\"image\":{\"@id\":\"https:\\\/\\\/www.bellunopress.it\\\/2012\\\/11\\\/25\\\/successo-di-pubblico-allincontro-del-bard-di-trichiana-con-interventi-dei-due-sindaci-cavallet-e-cesa-e-lanalisi-di-cason\\\/#primaryimage\"},\"thumbnailUrl\":\"http:\\\/\\\/www.bellunopress.it\\\/wp-content\\\/uploads\\\/2010\\\/10\\\/belluno-provincia-autonoma.jpg\",\"datePublished\":\"2012-11-25T13:50:34+00:00\",\"breadcrumb\":{\"@id\":\"https:\\\/\\\/www.bellunopress.it\\\/2012\\\/11\\\/25\\\/successo-di-pubblico-allincontro-del-bard-di-trichiana-con-interventi-dei-due-sindaci-cavallet-e-cesa-e-lanalisi-di-cason\\\/#breadcrumb\"},\"inLanguage\":\"fr-FR\",\"potentialAction\":[{\"@type\":\"ReadAction\",\"target\":[\"https:\\\/\\\/www.bellunopress.it\\\/2012\\\/11\\\/25\\\/successo-di-pubblico-allincontro-del-bard-di-trichiana-con-interventi-dei-due-sindaci-cavallet-e-cesa-e-lanalisi-di-cason\\\/\"]}]},{\"@type\":\"ImageObject\",\"inLanguage\":\"fr-FR\",\"@id\":\"https:\\\/\\\/www.bellunopress.it\\\/2012\\\/11\\\/25\\\/successo-di-pubblico-allincontro-del-bard-di-trichiana-con-interventi-dei-due-sindaci-cavallet-e-cesa-e-lanalisi-di-cason\\\/#primaryimage\",\"url\":\"http:\\\/\\\/www.bellunopress.it\\\/wp-content\\\/uploads\\\/2010\\\/10\\\/belluno-provincia-autonoma.jpg\",\"contentUrl\":\"http:\\\/\\\/www.bellunopress.it\\\/wp-content\\\/uploads\\\/2010\\\/10\\\/belluno-provincia-autonoma.jpg\"},{\"@type\":\"BreadcrumbList\",\"@id\":\"https:\\\/\\\/www.bellunopress.it\\\/2012\\\/11\\\/25\\\/successo-di-pubblico-allincontro-del-bard-di-trichiana-con-interventi-dei-due-sindaci-cavallet-e-cesa-e-lanalisi-di-cason\\\/#breadcrumb\",\"itemListElement\":[{\"@type\":\"ListItem\",\"position\":1,\"name\":\"Home\",\"item\":\"https:\\\/\\\/www.bellunopress.it\\\/\"},{\"@type\":\"ListItem\",\"position\":2,\"name\":\"Successo di pubblico all&#8217;incontro del Bard di Trichiana. Con interventi dei due sindaci Cavallet e Cesa e l&#8217;analisi di Cason\"}]},{\"@type\":\"WebSite\",\"@id\":\"https:\\\/\\\/www.bellunopress.it\\\/#website\",\"url\":\"https:\\\/\\\/www.bellunopress.it\\\/\",\"name\":\"Bellunopress - Dolomiti\",\"description\":\"e-mail: redazione@bellunopress.it\",\"publisher\":{\"@id\":\"https:\\\/\\\/www.bellunopress.it\\\/#organization\"},\"potentialAction\":[{\"@type\":\"SearchAction\",\"target\":{\"@type\":\"EntryPoint\",\"urlTemplate\":\"https:\\\/\\\/www.bellunopress.it\\\/?s={search_term_string}\"},\"query-input\":{\"@type\":\"PropertyValueSpecification\",\"valueRequired\":true,\"valueName\":\"search_term_string\"}}],\"inLanguage\":\"fr-FR\"},{\"@type\":\"Organization\",\"@id\":\"https:\\\/\\\/www.bellunopress.it\\\/#organization\",\"name\":\"Bellunopress\",\"url\":\"https:\\\/\\\/www.bellunopress.it\\\/\",\"logo\":{\"@type\":\"ImageObject\",\"inLanguage\":\"fr-FR\",\"@id\":\"https:\\\/\\\/www.bellunopress.it\\\/#\\\/schema\\\/logo\\\/image\\\/\",\"url\":\"https:\\\/\\\/www.bellunopress.it\\\/wp-content\\\/uploads\\\/2011\\\/05\\\/cropped-logo-bellunopress-.jpg\",\"contentUrl\":\"https:\\\/\\\/www.bellunopress.it\\\/wp-content\\\/uploads\\\/2011\\\/05\\\/cropped-logo-bellunopress-.jpg\",\"width\":512,\"height\":512,\"caption\":\"Bellunopress\"},\"image\":{\"@id\":\"https:\\\/\\\/www.bellunopress.it\\\/#\\\/schema\\\/logo\\\/image\\\/\"},\"sameAs\":[\"https:\\\/\\\/www.facebook.com\\\/profile.php?id=100008943462799\",\"https:\\\/\\\/x.com\\\/bellunopress\",\"https:\\\/\\\/www.linkedin.com\\\/hp\\\/?dnr=JBzUWaJfMUw8vbXJJ2tVW5-I3jZKvC4wsoxE&amp;amp;amp;amp;amp;amp;trk=nav_responsive_tab_home\",\"https:\\\/\\\/www.youtube.com\\\/channel\\\/UCxL0wu1uN0_3_7hGG0306cw\"]},{\"@type\":\"Person\",\"@id\":\"https:\\\/\\\/www.bellunopress.it\\\/#\\\/schema\\\/person\\\/79bb06722b37ece1c03d3e94beb30d73\",\"name\":\"redazione\",\"image\":{\"@type\":\"ImageObject\",\"inLanguage\":\"fr-FR\",\"@id\":\"https:\\\/\\\/secure.gravatar.com\\\/avatar\\\/37d968a2e67a6fd04c169c4bdef102d0bc5d31b2546345219e348575eb80e9a0?s=96&d=mm&r=g\",\"url\":\"https:\\\/\\\/secure.gravatar.com\\\/avatar\\\/37d968a2e67a6fd04c169c4bdef102d0bc5d31b2546345219e348575eb80e9a0?s=96&d=mm&r=g\",\"contentUrl\":\"https:\\\/\\\/secure.gravatar.com\\\/avatar\\\/37d968a2e67a6fd04c169c4bdef102d0bc5d31b2546345219e348575eb80e9a0?s=96&d=mm&r=g\",\"caption\":\"redazione\"},\"sameAs\":[\"http:\\\/\\\/www.bellunopress.it\",\"https:\\\/\\\/x.com\\\/bellunopress\"],\"url\":\"https:\\\/\\\/www.bellunopress.it\\\/fr\\\/author\\\/redazione\\\/\"}]}<\/script>\n<!-- \/ Yoast SEO plugin. -->","yoast_head_json":{"title":"Successo di pubblico all'incontro del Bard di Trichiana. Con interventi dei due sindaci Cavallet e Cesa e l'analisi di Cason - Bellunopress - Dolomiti","robots":{"index":"index","follow":"follow","max-snippet":"max-snippet:-1","max-image-preview":"max-image-preview:large","max-video-preview":"max-video-preview:-1"},"canonical":"https:\/\/www.bellunopress.it\/fr\/2012\/11\/25\/successo-di-pubblico-allincontro-del-bard-di-trichiana-con-interventi-dei-due-sindaci-cavallet-e-cesa-e-lanalisi-di-cason\/","og_locale":"fr_FR","og_type":"article","og_title":"Successo di pubblico all'incontro del Bard di Trichiana. Con interventi dei due sindaci Cavallet e Cesa e l'analisi di Cason - Bellunopress - Dolomiti","og_description":"Pieno successo a Trichiana per l\u2019incontro organizzato dal Bard \u201cBelluno domani\u2026noi la pensiamo cos\u00ec\u201d. In una sala gremita di cittadini provenienti da tutta la Sinistra Piave, il Sindaco Giorgio Cavallet ha ricordato che anche il suo Comune, come altri della Valbelluna, soffre per una situazione economica cui non si vedono per ora vie di sbocco [&hellip;]","og_url":"https:\/\/www.bellunopress.it\/fr\/2012\/11\/25\/successo-di-pubblico-allincontro-del-bard-di-trichiana-con-interventi-dei-due-sindaci-cavallet-e-cesa-e-lanalisi-di-cason\/","og_site_name":"Bellunopress - Dolomiti","article_publisher":"https:\/\/www.facebook.com\/profile.php?id=100008943462799","article_published_time":"2012-11-25T13:50:34+00:00","og_image":[{"url":"http:\/\/www.bellunopress.it\/wp-content\/uploads\/2010\/10\/belluno-provincia-autonoma.jpg","type":"","width":"","height":""}],"author":"redazione","twitter_card":"summary_large_image","twitter_creator":"@bellunopress","twitter_site":"@bellunopress","twitter_misc":{"\u00c9crit par":"redazione","Dur\u00e9e de lecture estim\u00e9e":"2 minutes"},"schema":{"@context":"https:\/\/schema.org","@graph":[{"@type":"Article","@id":"https:\/\/www.bellunopress.it\/2012\/11\/25\/successo-di-pubblico-allincontro-del-bard-di-trichiana-con-interventi-dei-due-sindaci-cavallet-e-cesa-e-lanalisi-di-cason\/#article","isPartOf":{"@id":"https:\/\/www.bellunopress.it\/2012\/11\/25\/successo-di-pubblico-allincontro-del-bard-di-trichiana-con-interventi-dei-due-sindaci-cavallet-e-cesa-e-lanalisi-di-cason\/"},"author":{"name":"redazione","@id":"https:\/\/www.bellunopress.it\/#\/schema\/person\/79bb06722b37ece1c03d3e94beb30d73"},"headline":"Successo di pubblico all&#8217;incontro del Bard di Trichiana. Con interventi dei due sindaci Cavallet e Cesa e l&#8217;analisi di Cason","datePublished":"2012-11-25T13:50:34+00:00","mainEntityOfPage":{"@id":"https:\/\/www.bellunopress.it\/2012\/11\/25\/successo-di-pubblico-allincontro-del-bard-di-trichiana-con-interventi-dei-due-sindaci-cavallet-e-cesa-e-lanalisi-di-cason\/"},"wordCount":409,"publisher":{"@id":"https:\/\/www.bellunopress.it\/#organization"},"image":{"@id":"https:\/\/www.bellunopress.it\/2012\/11\/25\/successo-di-pubblico-allincontro-del-bard-di-trichiana-con-interventi-dei-due-sindaci-cavallet-e-cesa-e-lanalisi-di-cason\/#primaryimage"},"thumbnailUrl":"http:\/\/www.bellunopress.it\/wp-content\/uploads\/2010\/10\/belluno-provincia-autonoma.jpg","articleSection":["Lettere Opinioni"],"inLanguage":"fr-FR"},{"@type":"WebPage","@id":"https:\/\/www.bellunopress.it\/2012\/11\/25\/successo-di-pubblico-allincontro-del-bard-di-trichiana-con-interventi-dei-due-sindaci-cavallet-e-cesa-e-lanalisi-di-cason\/","url":"https:\/\/www.bellunopress.it\/2012\/11\/25\/successo-di-pubblico-allincontro-del-bard-di-trichiana-con-interventi-dei-due-sindaci-cavallet-e-cesa-e-lanalisi-di-cason\/","name":"Successo di pubblico all'incontro del Bard di Trichiana. Con interventi dei due sindaci Cavallet e Cesa e l'analisi di Cason - Bellunopress - Dolomiti","isPartOf":{"@id":"https:\/\/www.bellunopress.it\/#website"},"primaryImageOfPage":{"@id":"https:\/\/www.bellunopress.it\/2012\/11\/25\/successo-di-pubblico-allincontro-del-bard-di-trichiana-con-interventi-dei-due-sindaci-cavallet-e-cesa-e-lanalisi-di-cason\/#primaryimage"},"image":{"@id":"https:\/\/www.bellunopress.it\/2012\/11\/25\/successo-di-pubblico-allincontro-del-bard-di-trichiana-con-interventi-dei-due-sindaci-cavallet-e-cesa-e-lanalisi-di-cason\/#primaryimage"},"thumbnailUrl":"http:\/\/www.bellunopress.it\/wp-content\/uploads\/2010\/10\/belluno-provincia-autonoma.jpg","datePublished":"2012-11-25T13:50:34+00:00","breadcrumb":{"@id":"https:\/\/www.bellunopress.it\/2012\/11\/25\/successo-di-pubblico-allincontro-del-bard-di-trichiana-con-interventi-dei-due-sindaci-cavallet-e-cesa-e-lanalisi-di-cason\/#breadcrumb"},"inLanguage":"fr-FR","potentialAction":[{"@type":"ReadAction","target":["https:\/\/www.bellunopress.it\/2012\/11\/25\/successo-di-pubblico-allincontro-del-bard-di-trichiana-con-interventi-dei-due-sindaci-cavallet-e-cesa-e-lanalisi-di-cason\/"]}]},{"@type":"ImageObject","inLanguage":"fr-FR","@id":"https:\/\/www.bellunopress.it\/2012\/11\/25\/successo-di-pubblico-allincontro-del-bard-di-trichiana-con-interventi-dei-due-sindaci-cavallet-e-cesa-e-lanalisi-di-cason\/#primaryimage","url":"http:\/\/www.bellunopress.it\/wp-content\/uploads\/2010\/10\/belluno-provincia-autonoma.jpg","contentUrl":"http:\/\/www.bellunopress.it\/wp-content\/uploads\/2010\/10\/belluno-provincia-autonoma.jpg"},{"@type":"BreadcrumbList","@id":"https:\/\/www.bellunopress.it\/2012\/11\/25\/successo-di-pubblico-allincontro-del-bard-di-trichiana-con-interventi-dei-due-sindaci-cavallet-e-cesa-e-lanalisi-di-cason\/#breadcrumb","itemListElement":[{"@type":"ListItem","position":1,"name":"Home","item":"https:\/\/www.bellunopress.it\/"},{"@type":"ListItem","position":2,"name":"Successo di pubblico all&#8217;incontro del Bard di Trichiana. Con interventi dei due sindaci Cavallet e Cesa e l&#8217;analisi di Cason"}]},{"@type":"WebSite","@id":"https:\/\/www.bellunopress.it\/#website","url":"https:\/\/www.bellunopress.it\/","name":"Bellunopress - Dolomiti","description":"e-mail: redazione@bellunopress.it","publisher":{"@id":"https:\/\/www.bellunopress.it\/#organization"},"potentialAction":[{"@type":"SearchAction","target":{"@type":"EntryPoint","urlTemplate":"https:\/\/www.bellunopress.it\/?s={search_term_string}"},"query-input":{"@type":"PropertyValueSpecification","valueRequired":true,"valueName":"search_term_string"}}],"inLanguage":"fr-FR"},{"@type":"Organization","@id":"https:\/\/www.bellunopress.it\/#organization","name":"Bellunopress","url":"https:\/\/www.bellunopress.it\/","logo":{"@type":"ImageObject","inLanguage":"fr-FR","@id":"https:\/\/www.bellunopress.it\/#\/schema\/logo\/image\/","url":"https:\/\/www.bellunopress.it\/wp-content\/uploads\/2011\/05\/cropped-logo-bellunopress-.jpg","contentUrl":"https:\/\/www.bellunopress.it\/wp-content\/uploads\/2011\/05\/cropped-logo-bellunopress-.jpg","width":512,"height":512,"caption":"Bellunopress"},"image":{"@id":"https:\/\/www.bellunopress.it\/#\/schema\/logo\/image\/"},"sameAs":["https:\/\/www.facebook.com\/profile.php?id=100008943462799","https:\/\/x.com\/bellunopress","https:\/\/www.linkedin.com\/hp\/?dnr=JBzUWaJfMUw8vbXJJ2tVW5-I3jZKvC4wsoxE&amp;amp;amp;amp;amp;amp;trk=nav_responsive_tab_home","https:\/\/www.youtube.com\/channel\/UCxL0wu1uN0_3_7hGG0306cw"]},{"@type":"Person","@id":"https:\/\/www.bellunopress.it\/#\/schema\/person\/79bb06722b37ece1c03d3e94beb30d73","name":"r\u00e9daction","image":{"@type":"ImageObject","inLanguage":"fr-FR","@id":"https:\/\/secure.gravatar.com\/avatar\/37d968a2e67a6fd04c169c4bdef102d0bc5d31b2546345219e348575eb80e9a0?s=96&d=mm&r=g","url":"https:\/\/secure.gravatar.com\/avatar\/37d968a2e67a6fd04c169c4bdef102d0bc5d31b2546345219e348575eb80e9a0?s=96&d=mm&r=g","contentUrl":"https:\/\/secure.gravatar.com\/avatar\/37d968a2e67a6fd04c169c4bdef102d0bc5d31b2546345219e348575eb80e9a0?s=96&d=mm&r=g","caption":"redazione"},"sameAs":["http:\/\/www.bellunopress.it","https:\/\/x.com\/bellunopress"],"url":"https:\/\/www.bellunopress.it\/fr\/author\/redazione\/"}]}},"_links":{"self":[{"href":"https:\/\/www.bellunopress.it\/fr\/wp-json\/wp\/v2\/posts\/44195","targetHints":{"allow":["GET"]}}],"collection":[{"href":"https:\/\/www.bellunopress.it\/fr\/wp-json\/wp\/v2\/posts"}],"about":[{"href":"https:\/\/www.bellunopress.it\/fr\/wp-json\/wp\/v2\/types\/post"}],"author":[{"embeddable":true,"href":"https:\/\/www.bellunopress.it\/fr\/wp-json\/wp\/v2\/users\/2"}],"replies":[{"embeddable":true,"href":"https:\/\/www.bellunopress.it\/fr\/wp-json\/wp\/v2\/comments?post=44195"}],"version-history":[{"count":1,"href":"https:\/\/www.bellunopress.it\/fr\/wp-json\/wp\/v2\/posts\/44195\/revisions"}],"predecessor-version":[{"id":44196,"href":"https:\/\/www.bellunopress.it\/fr\/wp-json\/wp\/v2\/posts\/44195\/revisions\/44196"}],"wp:attachment":[{"href":"https:\/\/www.bellunopress.it\/fr\/wp-json\/wp\/v2\/media?parent=44195"}],"wp:term":[{"taxonomy":"category","embeddable":true,"href":"https:\/\/www.bellunopress.it\/fr\/wp-json\/wp\/v2\/categories?post=44195"},{"taxonomy":"post_tag","embeddable":true,"href":"https:\/\/www.bellunopress.it\/fr\/wp-json\/wp\/v2\/tags?post=44195"}],"curies":[{"name":"wp","href":"https:\/\/api.w.org\/{rel}","templated":true}]}}